{"id":65223,"date":"2022-04-14T05:17:35","date_gmt":"2022-04-14T05:17:35","guid":{"rendered":"http:\/\/www.celttv.com.ar\/?p=65223"},"modified":"2022-04-14T05:17:35","modified_gmt":"2022-04-14T05:17:35","slug":"automoto-voley-emotivo-homenaje-a-vicky-rusconi-videos","status":"publish","type":"post","link":"https:\/\/www.celttv.com.ar\/index.php\/2022\/04\/14\/automoto-voley-emotivo-homenaje-a-vicky-rusconi-videos\/","title":{"rendered":"Automoto Voley: Emotivo homenaje a &#8220;Vicky&#8221; Rusconi (Videos)"},"content":{"rendered":"\n<p>En una noche muy especial, Automoto Voley brind\u00f3 un merecido homenaje a la j\u00f3ven Victoria Rusconi, fallecida en febrero de este a\u00f1o, poniendo su nombre a la utiler\u00eda de la disciplina y en la camiseta de las categor\u00edas competitivas.<\/p>\n\n\n<figure class=\"wp-block-image size-large\"><img loading=\"lazy\" decoding=\"async\" width=\"1024\" height=\"768\" src=\"http:\/\/www.celttv.com.ar\/wp-content\/uploads\/2022\/04\/fb2f350f-f1ca-46a3-8a71-16785b366fa7-1024x768.jpg\" alt=\"\" class=\"wp-image-65224\" srcset=\"https:\/\/www.celttv.com.ar\/wp-content\/uploads\/2022\/04\/fb2f350f-f1ca-46a3-8a71-16785b366fa7-1024x768.jpg 1024w, https:\/\/www.celttv.com.ar\/wp-content\/uploads\/2022\/04\/fb2f350f-f1ca-46a3-8a71-16785b366fa7-300x225.jpg 300w, https:\/\/www.celttv.com.ar\/wp-content\/uploads\/2022\/04\/fb2f350f-f1ca-46a3-8a71-16785b366fa7-768x576.jpg 768w, https:\/\/www.celttv.com.ar\/wp-content\/uploads\/2022\/04\/fb2f350f-f1ca-46a3-8a71-16785b366fa7-750x563.jpg 750w, https:\/\/www.celttv.com.ar\/wp-content\/uploads\/2022\/04\/fb2f350f-f1ca-46a3-8a71-16785b366fa7-1140x855.jpg 1140w, https:\/\/www.celttv.com.ar\/wp-content\/uploads\/2022\/04\/fb2f350f-f1ca-46a3-8a71-16785b366fa7.jpg 1280w\" sizes=\"auto, (max-width: 1024px) 100vw, 1024px\" \/><\/figure>\n\n\n<p> Lo que hab\u00eda comenzado con una idea de &#8220;Vicky&#8221; para recuperar un espacio del Polideportivo &#8220;Mario Gandini&#8221; que ser\u00eda destinado a voley, empez\u00f3 a tomar forma hace unos pocos a\u00f1os atr\u00e1s.<\/p>\n\n\n<p>El dolor de lo ocurrido en el mes de febrero, no fue impedimento para que familiares, amigos, simpatizantes, instituciones y vecinos, se unieran para continuar con el legado de &#8220;Vicky&#8221;.<\/p>\n\n\n<p>Con Lorena C\u00e1rdenas y Marcelo Rusconi a la cabeza (Padres de Vicky), comenz\u00f3 una tarea de asociativismo con todos aquellos que, de manera voluntaria, tomaron la iniciativa de colaborar con dinero para poder equipar (con diferentes elementos) la utiler\u00eda de voley del Club Automoto.<\/p>\n\n\n<figure class=\"wp-block-image size-large\"><img loading=\"lazy\" decoding=\"async\" width=\"1024\" height=\"768\" src=\"http:\/\/www.celttv.com.ar\/wp-content\/uploads\/2022\/04\/8e0a1c2d-9106-454e-8905-b37720ce61e7-1024x768.jpg\" alt=\"\" class=\"wp-image-65225\" srcset=\"https:\/\/www.celttv.com.ar\/wp-content\/uploads\/2022\/04\/8e0a1c2d-9106-454e-8905-b37720ce61e7-1024x768.jpg 1024w, https:\/\/www.celttv.com.ar\/wp-content\/uploads\/2022\/04\/8e0a1c2d-9106-454e-8905-b37720ce61e7-300x225.jpg 300w, https:\/\/www.celttv.com.ar\/wp-content\/uploads\/2022\/04\/8e0a1c2d-9106-454e-8905-b37720ce61e7-768x576.jpg 768w, https:\/\/www.celttv.com.ar\/wp-content\/uploads\/2022\/04\/8e0a1c2d-9106-454e-8905-b37720ce61e7-750x563.jpg 750w, https:\/\/www.celttv.com.ar\/wp-content\/uploads\/2022\/04\/8e0a1c2d-9106-454e-8905-b37720ce61e7-1140x855.jpg 1140w, https:\/\/www.celttv.com.ar\/wp-content\/uploads\/2022\/04\/8e0a1c2d-9106-454e-8905-b37720ce61e7.jpg 1280w\" sizes=\"auto, (max-width: 1024px) 100vw, 1024px\" \/><\/figure>\n\n\n<p>Durante la noche, los entrenadores de Automoto Voley le entregaron a Lorena y Marcelo un cuadro con la camiseta N\u00b0 7 que siempre utilizaba &#8220;Vicky&#8221;, mientras que otra -de similares caracter\u00edsticas- permanecer\u00e1 en la utiler\u00eda.<\/p>\n\n\n<figure class=\"wp-block-image size-large\"><img loading=\"lazy\" decoding=\"async\" width=\"1024\" height=\"768\" src=\"http:\/\/www.celttv.com.ar\/wp-content\/uploads\/2022\/04\/8df598e9-88e9-4371-ac62-3049bf361603-1-1024x768.jpg\" alt=\"\" class=\"wp-image-65235\" srcset=\"https:\/\/www.celttv.com.ar\/wp-content\/uploads\/2022\/04\/8df598e9-88e9-4371-ac62-3049bf361603-1-1024x768.jpg 1024w, https:\/\/www.celttv.com.ar\/wp-content\/uploads\/2022\/04\/8df598e9-88e9-4371-ac62-3049bf361603-1-300x225.jpg 300w, https:\/\/www.celttv.com.ar\/wp-content\/uploads\/2022\/04\/8df598e9-88e9-4371-ac62-3049bf361603-1-768x576.jpg 768w, https:\/\/www.celttv.com.ar\/wp-content\/uploads\/2022\/04\/8df598e9-88e9-4371-ac62-3049bf361603-1-750x563.jpg 750w, https:\/\/www.celttv.com.ar\/wp-content\/uploads\/2022\/04\/8df598e9-88e9-4371-ac62-3049bf361603-1-1140x855.jpg 1140w, https:\/\/www.celttv.com.ar\/wp-content\/uploads\/2022\/04\/8df598e9-88e9-4371-ac62-3049bf361603-1.jpg 1280w\" sizes=\"auto, (max-width: 1024px) 100vw, 1024px\" \/><\/figure>\n\n\n<figure class=\"wp-block-image size-large\"><img loading=\"lazy\" decoding=\"async\" width=\"1024\" height=\"768\" src=\"http:\/\/www.celttv.com.ar\/wp-content\/uploads\/2022\/04\/c253c49e-e540-4421-aac1-4c8def40a629-1024x768.jpg\" alt=\"\" class=\"wp-image-65228\" srcset=\"https:\/\/www.celttv.com.ar\/wp-content\/uploads\/2022\/04\/c253c49e-e540-4421-aac1-4c8def40a629-1024x768.jpg 1024w, https:\/\/www.celttv.com.ar\/wp-content\/uploads\/2022\/04\/c253c49e-e540-4421-aac1-4c8def40a629-300x225.jpg 300w, https:\/\/www.celttv.com.ar\/wp-content\/uploads\/2022\/04\/c253c49e-e540-4421-aac1-4c8def40a629-768x576.jpg 768w, https:\/\/www.celttv.com.ar\/wp-content\/uploads\/2022\/04\/c253c49e-e540-4421-aac1-4c8def40a629-750x563.jpg 750w, https:\/\/www.celttv.com.ar\/wp-content\/uploads\/2022\/04\/c253c49e-e540-4421-aac1-4c8def40a629-1140x855.jpg 1140w, https:\/\/www.celttv.com.ar\/wp-content\/uploads\/2022\/04\/c253c49e-e540-4421-aac1-4c8def40a629.jpg 1280w\" sizes=\"auto, (max-width: 1024px) 100vw, 1024px\" \/><\/figure>\n\n\n<p>En tanto, es importante mencionar que hubo varias alocuciones durante la noche por parte de familiares, dirigentes, entrenadores y amigas de &#8220;Vicky&#8221;, donde todos resaltaban la pasi\u00f3n, entrega, sacrificio, solidaridad, compromiso y amor que dedic\u00f3 a cada proyecto que se propuso en la vida.<\/p>\n\n\n<figure class=\"wp-block-image size-large\"><img loading=\"lazy\" decoding=\"async\" width=\"1024\" height=\"768\" src=\"http:\/\/www.celttv.com.ar\/wp-content\/uploads\/2022\/04\/4d2738ca-f47a-43f3-88eb-6f7aca4c48c8-1024x768.jpg\" alt=\"\" class=\"wp-image-65227\" srcset=\"https:\/\/www.celttv.com.ar\/wp-content\/uploads\/2022\/04\/4d2738ca-f47a-43f3-88eb-6f7aca4c48c8-1024x768.jpg 1024w, https:\/\/www.celttv.com.ar\/wp-content\/uploads\/2022\/04\/4d2738ca-f47a-43f3-88eb-6f7aca4c48c8-300x225.jpg 300w, https:\/\/www.celttv.com.ar\/wp-content\/uploads\/2022\/04\/4d2738ca-f47a-43f3-88eb-6f7aca4c48c8-768x576.jpg 768w, https:\/\/www.celttv.com.ar\/wp-content\/uploads\/2022\/04\/4d2738ca-f47a-43f3-88eb-6f7aca4c48c8-750x563.jpg 750w, https:\/\/www.celttv.com.ar\/wp-content\/uploads\/2022\/04\/4d2738ca-f47a-43f3-88eb-6f7aca4c48c8-1140x855.jpg 1140w, https:\/\/www.celttv.com.ar\/wp-content\/uploads\/2022\/04\/4d2738ca-f47a-43f3-88eb-6f7aca4c48c8.jpg 1280w\" sizes=\"auto, (max-width: 1024px) 100vw, 1024px\" \/><\/figure>\n\n\n<figure class=\"wp-block-image size-large\"><img loading=\"lazy\" decoding=\"async\" width=\"1024\" height=\"768\" src=\"http:\/\/www.celttv.com.ar\/wp-content\/uploads\/2022\/04\/4ca030a2-ff32-45c1-a22d-4b49e82a8b6b-1024x768.jpg\" alt=\"\" class=\"wp-image-65229\" srcset=\"https:\/\/www.celttv.com.ar\/wp-content\/uploads\/2022\/04\/4ca030a2-ff32-45c1-a22d-4b49e82a8b6b-1024x768.jpg 1024w, https:\/\/www.celttv.com.ar\/wp-content\/uploads\/2022\/04\/4ca030a2-ff32-45c1-a22d-4b49e82a8b6b-300x225.jpg 300w, https:\/\/www.celttv.com.ar\/wp-content\/uploads\/2022\/04\/4ca030a2-ff32-45c1-a22d-4b49e82a8b6b-768x576.jpg 768w, https:\/\/www.celttv.com.ar\/wp-content\/uploads\/2022\/04\/4ca030a2-ff32-45c1-a22d-4b49e82a8b6b-750x563.jpg 750w, https:\/\/www.celttv.com.ar\/wp-content\/uploads\/2022\/04\/4ca030a2-ff32-45c1-a22d-4b49e82a8b6b-1140x855.jpg 1140w, https:\/\/www.celttv.com.ar\/wp-content\/uploads\/2022\/04\/4ca030a2-ff32-45c1-a22d-4b49e82a8b6b.jpg 1280w\" sizes=\"auto, (max-width: 1024px) 100vw, 1024px\" \/><\/figure>\n\n\n<p>Sobre el final, Automoto Voley, a trav\u00e9s de sus jugadoras, present\u00f3 oficialmente la nueva indumentaria que utilizar\u00e1 durante el a\u00f1o, la cual cuenta con el nombre de &#8220;Vicky&#8221;.<\/p>\n\n\n<figure class=\"wp-block-image size-large\"><img loading=\"lazy\" decoding=\"async\" width=\"1024\" height=\"768\" src=\"http:\/\/www.celttv.com.ar\/wp-content\/uploads\/2022\/04\/66724fa8-ce06-4cc5-8b34-6e0e50546d91-1024x768.jpg\" alt=\"\" class=\"wp-image-65231\" srcset=\"https:\/\/www.celttv.com.ar\/wp-content\/uploads\/2022\/04\/66724fa8-ce06-4cc5-8b34-6e0e50546d91-1024x768.jpg 1024w, https:\/\/www.celttv.com.ar\/wp-content\/uploads\/2022\/04\/66724fa8-ce06-4cc5-8b34-6e0e50546d91-300x225.jpg 300w, https:\/\/www.celttv.com.ar\/wp-content\/uploads\/2022\/04\/66724fa8-ce06-4cc5-8b34-6e0e50546d91-768x576.jpg 768w, https:\/\/www.celttv.com.ar\/wp-content\/uploads\/2022\/04\/66724fa8-ce06-4cc5-8b34-6e0e50546d91-750x563.jpg 750w, https:\/\/www.celttv.com.ar\/wp-content\/uploads\/2022\/04\/66724fa8-ce06-4cc5-8b34-6e0e50546d91-1140x855.jpg 1140w, https:\/\/www.celttv.com.ar\/wp-content\/uploads\/2022\/04\/66724fa8-ce06-4cc5-8b34-6e0e50546d91.jpg 1280w\" sizes=\"auto, (max-width: 1024px) 100vw, 1024px\" \/><\/figure>\n\n\n<p><strong>ALOCUCIONES.<\/strong><\/p>\n\n\n<figure class=\"wp-block-embed is-type-video is-provider-youtube wp-block-embed-youtube wp-embed-aspect-16-9 wp-has-aspect-ratio\"><div class=\"wp-block-embed__wrapper\">\n<iframe loading=\"lazy\" title=\"2022 04 14 AUTOMOTO VOLEY -  FEDERICO MUTTI\" width=\"500\" height=\"281\" src=\"https:\/\/www.youtube.com\/embed\/jsli0OL-KIY?feature=oembed\" frameborder=\"0\" allow=\"accelerometer; autoplay; clipboard-write; encrypted-media; gyroscope; picture-in-picture; web-share\" referrerpolicy=\"strict-origin-when-cross-origin\" allowfullscreen><\/iframe>\n<\/div><\/figure>\n\n\n<figure class=\"wp-block-embed is-type-video is-provider-youtube wp-block-embed-youtube wp-embed-aspect-16-9 wp-has-aspect-ratio\"><div class=\"wp-block-embed__wrapper\">\n<iframe loading=\"lazy\" title=\"2022 04 14 AUTOMOTO VOLEY -  VERENA ZARICH\" width=\"500\" height=\"281\" src=\"https:\/\/www.youtube.com\/embed\/kFdS1V6Q98s?feature=oembed\" frameborder=\"0\" allow=\"accelerometer; autoplay; clipboard-write; encrypted-media; gyroscope; picture-in-picture; web-share\" referrerpolicy=\"strict-origin-when-cross-origin\" allowfullscreen><\/iframe>\n<\/div><\/figure>\n\n\n<p>   <strong>  ENTREVISTA<\/strong>.<\/p>\n\n\n<figure class=\"wp-block-embed is-type-video is-provider-youtube wp-block-embed-youtube wp-embed-aspect-16-9 wp-has-aspect-ratio\"><div class=\"wp-block-embed__wrapper\">\n<iframe loading=\"lazy\" title=\"2022 04 14 AUTOMOTO VOLEY -  MARCELO RUSCONI Y LORENA C\u00c1RDENAS\" width=\"500\" height=\"281\" src=\"https:\/\/www.youtube.com\/embed\/9Y1Oo129Guk?feature=oembed\" frameborder=\"0\" allow=\"accelerometer; autoplay; clipboard-write; encrypted-media; gyroscope; picture-in-picture; web-share\" referrerpolicy=\"strict-origin-when-cross-origin\" allowfullscreen><\/iframe>\n<\/div><\/figure>\n\n\n<p><\/p>\n","protected":false},"excerpt":{"rendered":"<p>En una noche muy especial, Automoto Voley brind\u00f3 un merecido homenaje a la j\u00f3ven Victoria Rusconi, fallecida en febrero de este a\u00f1o, poniendo su nombre a la utiler\u00eda de la disciplina y en la camiseta de las categor\u00edas competitivas. Lo que hab\u00eda comenzado con una idea de &#8220;Vicky&#8221; para recuperar un espacio del Polideportivo &#8220;Mario [&hellip;]<\/p>\n","protected":false},"author":1,"featured_media":65232,"comment_status":"closed","ping_status":"open","sticky":false,"template":"","format":"standard","meta":{"footnotes":""},"categories":[55,51,52,63],"tags":[],"class_list":["post-65223","post","type-post","status-publish","format-standard","has-post-thumbnail","hentry","category-celt-tv-noticias","category-comunidad","category-destacadas","category-magazine-sport"],"yoast_head":"<!-- This site is optimized with the Yoast SEO plugin v19.7.1 - https:\/\/yoast.com\/wordpress\/plugins\/seo\/ -->\n<title>Automoto Voley: Emotivo homenaje a &quot;Vicky&quot; Rusconi (Videos) - CELTTV<\/title>\n<meta name=\"description\" content=\"Sitio web de noticias de la localidad de Tornquist, provincia de Buenos Aires, Rep\u00fablica Argentina. Contenido propio originado por periodistas de CELTTV, el canal de TV local de la Cooperativa El\u00e9ctrica de Tornquist. Turismo, Pol\u00edtica, Sociedad, Deporte, Cultura y todo el contenido de inter\u00e9s general que la gente del pueblo y la regi\u00f3n debe conocer.\" \/>\n<meta name=\"robots\" content=\"index, follow, max-snippet:-1, max-image-preview:large, max-video-preview:-1\" \/>\n<link rel=\"canonical\" href=\"https:\/\/www.celttv.com.ar\/index.php\/2022\/04\/14\/automoto-voley-emotivo-homenaje-a-vicky-rusconi-videos\/\" \/>\n<meta property=\"og:locale\" content=\"es_ES\" \/>\n<meta property=\"og:type\" content=\"article\" \/>\n<meta property=\"og:title\" content=\"Automoto Voley: Emotivo homenaje a &quot;Vicky&quot; Rusconi (Videos) - CELTTV\" \/>\n<meta property=\"og:description\" content=\"Sitio web de noticias de la localidad de Tornquist, provincia de Buenos Aires, Rep\u00fablica Argentina. Contenido propio originado por periodistas de CELTTV, el canal de TV local de la Cooperativa El\u00e9ctrica de Tornquist. Turismo, Pol\u00edtica, Sociedad, Deporte, Cultura y todo el contenido de inter\u00e9s general que la gente del pueblo y la regi\u00f3n debe conocer.\" \/>\n<meta property=\"og:url\" content=\"https:\/\/www.celttv.com.ar\/index.php\/2022\/04\/14\/automoto-voley-emotivo-homenaje-a-vicky-rusconi-videos\/\" \/>\n<meta property=\"og:site_name\" content=\"CELTTV\" \/>\n<meta property=\"article:publisher\" content=\"https:\/\/www.facebook.com\/celtTV\/\" \/>\n<meta property=\"article:published_time\" content=\"2022-04-14T05:17:35+00:00\" \/>\n<meta property=\"og:image\" content=\"https:\/\/www.celttv.com.ar\/wp-content\/uploads\/2022\/04\/8df598e9-88e9-4371-ac62-3049bf361603.jpg\" \/>\n\t<meta property=\"og:image:width\" content=\"1280\" \/>\n\t<meta property=\"og:image:height\" content=\"960\" \/>\n\t<meta property=\"og:image:type\" content=\"image\/jpeg\" \/>\n<meta name=\"author\" content=\"ulises\" \/>\n<meta name=\"twitter:card\" content=\"summary_large_image\" \/>\n<meta name=\"twitter:label1\" content=\"Escrito por\" \/>\n\t<meta name=\"twitter:data1\" content=\"ulises\" \/>\n\t<meta name=\"twitter:label2\" content=\"Tiempo de lectura\" \/>\n\t<meta name=\"twitter:data2\" content=\"1 minuto\" \/>\n<script type=\"application\/ld+json\" class=\"yoast-schema-graph\">{\"@context\":\"https:\/\/schema.org\",\"@graph\":[{\"@type\":\"NewsArticle\",\"@id\":\"https:\/\/www.celttv.com.ar\/index.php\/2022\/04\/14\/automoto-voley-emotivo-homenaje-a-vicky-rusconi-videos\/#article\",\"isPartOf\":{\"@id\":\"https:\/\/www.celttv.com.ar\/index.php\/2022\/04\/14\/automoto-voley-emotivo-homenaje-a-vicky-rusconi-videos\/\"},\"author\":{\"name\":\"ulises\",\"@id\":\"https:\/\/www.celttv.com.ar\/#\/schema\/person\/6d99c072dba59953809c81446e9d0ace\"},\"headline\":\"Automoto Voley: Emotivo homenaje a &#8220;Vicky&#8221; Rusconi (Videos)\",\"datePublished\":\"2022-04-14T05:17:35+00:00\",\"dateModified\":\"2022-04-14T05:17:35+00:00\",\"mainEntityOfPage\":{\"@id\":\"https:\/\/www.celttv.com.ar\/index.php\/2022\/04\/14\/automoto-voley-emotivo-homenaje-a-vicky-rusconi-videos\/\"},\"wordCount\":293,\"publisher\":{\"@id\":\"https:\/\/www.celttv.com.ar\/#organization\"},\"articleSection\":[\"Celt TV Noticias\",\"Comunidad\",\"Destacadas\",\"Magazine Sport\"],\"inLanguage\":\"es\"},{\"@type\":\"WebPage\",\"@id\":\"https:\/\/www.celttv.com.ar\/index.php\/2022\/04\/14\/automoto-voley-emotivo-homenaje-a-vicky-rusconi-videos\/\",\"url\":\"https:\/\/www.celttv.com.ar\/index.php\/2022\/04\/14\/automoto-voley-emotivo-homenaje-a-vicky-rusconi-videos\/\",\"name\":\"Automoto Voley: Emotivo homenaje a \\\"Vicky\\\" Rusconi (Videos) - CELTTV\",\"isPartOf\":{\"@id\":\"https:\/\/www.celttv.com.ar\/#website\"},\"datePublished\":\"2022-04-14T05:17:35+00:00\",\"dateModified\":\"2022-04-14T05:17:35+00:00\",\"description\":\"Sitio web de noticias de la localidad de Tornquist, provincia de Buenos Aires, Rep\u00fablica Argentina. Contenido propio originado por periodistas de CELTTV, el canal de TV local de la Cooperativa El\u00e9ctrica de Tornquist. Turismo, Pol\u00edtica, Sociedad, Deporte, Cultura y todo el contenido de inter\u00e9s general que la gente del pueblo y la regi\u00f3n debe conocer.\",\"breadcrumb\":{\"@id\":\"https:\/\/www.celttv.com.ar\/index.php\/2022\/04\/14\/automoto-voley-emotivo-homenaje-a-vicky-rusconi-videos\/#breadcrumb\"},\"inLanguage\":\"es\",\"potentialAction\":[{\"@type\":\"ReadAction\",\"target\":[\"https:\/\/www.celttv.com.ar\/index.php\/2022\/04\/14\/automoto-voley-emotivo-homenaje-a-vicky-rusconi-videos\/\"]}]},{\"@type\":\"BreadcrumbList\",\"@id\":\"https:\/\/www.celttv.com.ar\/index.php\/2022\/04\/14\/automoto-voley-emotivo-homenaje-a-vicky-rusconi-videos\/#breadcrumb\",\"itemListElement\":[{\"@type\":\"ListItem\",\"position\":1,\"name\":\"Inicio\",\"item\":\"https:\/\/www.celttv.com.ar\/\"},{\"@type\":\"ListItem\",\"position\":2,\"name\":\"Automoto Voley: Emotivo homenaje a &#8220;Vicky&#8221; Rusconi (Videos)\"}]},{\"@type\":\"WebSite\",\"@id\":\"https:\/\/www.celttv.com.ar\/#website\",\"url\":\"https:\/\/www.celttv.com.ar\/\",\"name\":\"CELTTV\",\"description\":\"Cooperativa El\u00e9ctrica de Tornquist\",\"publisher\":{\"@id\":\"https:\/\/www.celttv.com.ar\/#organization\"},\"potentialAction\":[{\"@type\":\"SearchAction\",\"target\":{\"@type\":\"EntryPoint\",\"urlTemplate\":\"https:\/\/www.celttv.com.ar\/?s={search_term_string}\"},\"query-input\":\"required name=search_term_string\"}],\"inLanguage\":\"es\"},{\"@type\":\"Organization\",\"@id\":\"https:\/\/www.celttv.com.ar\/#organization\",\"name\":\"CELTTV\",\"url\":\"https:\/\/www.celttv.com.ar\/\",\"sameAs\":[\"https:\/\/www.youtube.com\/channel\/UCz_oIt8Hig64Ub-EmcNPIhg\",\"https:\/\/www.facebook.com\/celtTV\/\"],\"logo\":{\"@type\":\"ImageObject\",\"inLanguage\":\"es\",\"@id\":\"https:\/\/www.celttv.com.ar\/#\/schema\/logo\/image\/\",\"url\":\"http:\/\/www.celttv.com.ar\/wp-content\/uploads\/2022\/08\/logo-1.png\",\"contentUrl\":\"http:\/\/www.celttv.com.ar\/wp-content\/uploads\/2022\/08\/logo-1.png\",\"width\":461,\"height\":159,\"caption\":\"CELTTV\"},\"image\":{\"@id\":\"https:\/\/www.celttv.com.ar\/#\/schema\/logo\/image\/\"}},{\"@type\":\"Person\",\"@id\":\"https:\/\/www.celttv.com.ar\/#\/schema\/person\/6d99c072dba59953809c81446e9d0ace\",\"name\":\"ulises\",\"image\":{\"@type\":\"ImageObject\",\"inLanguage\":\"es\",\"@id\":\"https:\/\/www.celttv.com.ar\/#\/schema\/person\/image\/\",\"url\":\"https:\/\/secure.gravatar.com\/avatar\/7f2c48bdc33b30088f941fb6082e555f2874c98e20cb159d7b92b50eadfce793?s=96&d=mm&r=g\",\"contentUrl\":\"https:\/\/secure.gravatar.com\/avatar\/7f2c48bdc33b30088f941fb6082e555f2874c98e20cb159d7b92b50eadfce793?s=96&d=mm&r=g\",\"caption\":\"ulises\"},\"sameAs\":[\"http:\/\/www.celttv.com.ar\"]}]}<\/script>\n<!-- \/ Yoast SEO plugin. -->","yoast_head_json":{"title":"Automoto Voley: Emotivo homenaje a \"Vicky\" Rusconi (Videos) - CELTTV","description":"Sitio web de noticias de la localidad de Tornquist, provincia de Buenos Aires, Rep\u00fablica Argentina. Contenido propio originado por periodistas de CELTTV, el canal de TV local de la Cooperativa El\u00e9ctrica de Tornquist. Turismo, Pol\u00edtica, Sociedad, Deporte, Cultura y todo el contenido de inter\u00e9s general que la gente del pueblo y la regi\u00f3n debe conocer.","robots":{"index":"index","follow":"follow","max-snippet":"max-snippet:-1","max-image-preview":"max-image-preview:large","max-video-preview":"max-video-preview:-1"},"canonical":"https:\/\/www.celttv.com.ar\/index.php\/2022\/04\/14\/automoto-voley-emotivo-homenaje-a-vicky-rusconi-videos\/","og_locale":"es_ES","og_type":"article","og_title":"Automoto Voley: Emotivo homenaje a \"Vicky\" Rusconi (Videos) - CELTTV","og_description":"Sitio web de noticias de la localidad de Tornquist, provincia de Buenos Aires, Rep\u00fablica Argentina. Contenido propio originado por periodistas de CELTTV, el canal de TV local de la Cooperativa El\u00e9ctrica de Tornquist. Turismo, Pol\u00edtica, Sociedad, Deporte, Cultura y todo el contenido de inter\u00e9s general que la gente del pueblo y la regi\u00f3n debe conocer.","og_url":"https:\/\/www.celttv.com.ar\/index.php\/2022\/04\/14\/automoto-voley-emotivo-homenaje-a-vicky-rusconi-videos\/","og_site_name":"CELTTV","article_publisher":"https:\/\/www.facebook.com\/celtTV\/","article_published_time":"2022-04-14T05:17:35+00:00","og_image":[{"width":1280,"height":960,"url":"https:\/\/www.celttv.com.ar\/wp-content\/uploads\/2022\/04\/8df598e9-88e9-4371-ac62-3049bf361603.jpg","type":"image\/jpeg"}],"author":"ulises","twitter_card":"summary_large_image","twitter_misc":{"Escrito por":"ulises","Tiempo de lectura":"1 minuto"},"schema":{"@context":"https:\/\/schema.org","@graph":[{"@type":"NewsArticle","@id":"https:\/\/www.celttv.com.ar\/index.php\/2022\/04\/14\/automoto-voley-emotivo-homenaje-a-vicky-rusconi-videos\/#article","isPartOf":{"@id":"https:\/\/www.celttv.com.ar\/index.php\/2022\/04\/14\/automoto-voley-emotivo-homenaje-a-vicky-rusconi-videos\/"},"author":{"name":"ulises","@id":"https:\/\/www.celttv.com.ar\/#\/schema\/person\/6d99c072dba59953809c81446e9d0ace"},"headline":"Automoto Voley: Emotivo homenaje a &#8220;Vicky&#8221; Rusconi (Videos)","datePublished":"2022-04-14T05:17:35+00:00","dateModified":"2022-04-14T05:17:35+00:00","mainEntityOfPage":{"@id":"https:\/\/www.celttv.com.ar\/index.php\/2022\/04\/14\/automoto-voley-emotivo-homenaje-a-vicky-rusconi-videos\/"},"wordCount":293,"publisher":{"@id":"https:\/\/www.celttv.com.ar\/#organization"},"articleSection":["Celt TV Noticias","Comunidad","Destacadas","Magazine Sport"],"inLanguage":"es"},{"@type":"WebPage","@id":"https:\/\/www.celttv.com.ar\/index.php\/2022\/04\/14\/automoto-voley-emotivo-homenaje-a-vicky-rusconi-videos\/","url":"https:\/\/www.celttv.com.ar\/index.php\/2022\/04\/14\/automoto-voley-emotivo-homenaje-a-vicky-rusconi-videos\/","name":"Automoto Voley: Emotivo homenaje a \"Vicky\" Rusconi (Videos) - CELTTV","isPartOf":{"@id":"https:\/\/www.celttv.com.ar\/#website"},"datePublished":"2022-04-14T05:17:35+00:00","dateModified":"2022-04-14T05:17:35+00:00","description":"Sitio web de noticias de la localidad de Tornquist, provincia de Buenos Aires, Rep\u00fablica Argentina. Contenido propio originado por periodistas de CELTTV, el canal de TV local de la Cooperativa El\u00e9ctrica de Tornquist. Turismo, Pol\u00edtica, Sociedad, Deporte, Cultura y todo el contenido de inter\u00e9s general que la gente del pueblo y la regi\u00f3n debe conocer.","breadcrumb":{"@id":"https:\/\/www.celttv.com.ar\/index.php\/2022\/04\/14\/automoto-voley-emotivo-homenaje-a-vicky-rusconi-videos\/#breadcrumb"},"inLanguage":"es","potentialAction":[{"@type":"ReadAction","target":["https:\/\/www.celttv.com.ar\/index.php\/2022\/04\/14\/automoto-voley-emotivo-homenaje-a-vicky-rusconi-videos\/"]}]},{"@type":"BreadcrumbList","@id":"https:\/\/www.celttv.com.ar\/index.php\/2022\/04\/14\/automoto-voley-emotivo-homenaje-a-vicky-rusconi-videos\/#breadcrumb","itemListElement":[{"@type":"ListItem","position":1,"name":"Inicio","item":"https:\/\/www.celttv.com.ar\/"},{"@type":"ListItem","position":2,"name":"Automoto Voley: Emotivo homenaje a &#8220;Vicky&#8221; Rusconi (Videos)"}]},{"@type":"WebSite","@id":"https:\/\/www.celttv.com.ar\/#website","url":"https:\/\/www.celttv.com.ar\/","name":"CELTTV","description":"Cooperativa El\u00e9ctrica de Tornquist","publisher":{"@id":"https:\/\/www.celttv.com.ar\/#organization"},"potentialAction":[{"@type":"SearchAction","target":{"@type":"EntryPoint","urlTemplate":"https:\/\/www.celttv.com.ar\/?s={search_term_string}"},"query-input":"required name=search_term_string"}],"inLanguage":"es"},{"@type":"Organization","@id":"https:\/\/www.celttv.com.ar\/#organization","name":"CELTTV","url":"https:\/\/www.celttv.com.ar\/","sameAs":["https:\/\/www.youtube.com\/channel\/UCz_oIt8Hig64Ub-EmcNPIhg","https:\/\/www.facebook.com\/celtTV\/"],"logo":{"@type":"ImageObject","inLanguage":"es","@id":"https:\/\/www.celttv.com.ar\/#\/schema\/logo\/image\/","url":"http:\/\/www.celttv.com.ar\/wp-content\/uploads\/2022\/08\/logo-1.png","contentUrl":"http:\/\/www.celttv.com.ar\/wp-content\/uploads\/2022\/08\/logo-1.png","width":461,"height":159,"caption":"CELTTV"},"image":{"@id":"https:\/\/www.celttv.com.ar\/#\/schema\/logo\/image\/"}},{"@type":"Person","@id":"https:\/\/www.celttv.com.ar\/#\/schema\/person\/6d99c072dba59953809c81446e9d0ace","name":"ulises","image":{"@type":"ImageObject","inLanguage":"es","@id":"https:\/\/www.celttv.com.ar\/#\/schema\/person\/image\/","url":"https:\/\/secure.gravatar.com\/avatar\/7f2c48bdc33b30088f941fb6082e555f2874c98e20cb159d7b92b50eadfce793?s=96&d=mm&r=g","contentUrl":"https:\/\/secure.gravatar.com\/avatar\/7f2c48bdc33b30088f941fb6082e555f2874c98e20cb159d7b92b50eadfce793?s=96&d=mm&r=g","caption":"ulises"},"sameAs":["http:\/\/www.celttv.com.ar"]}]}},"_links":{"self":[{"href":"https:\/\/www.celttv.com.ar\/index.php\/wp-json\/wp\/v2\/posts\/65223","targetHints":{"allow":["GET"]}}],"collection":[{"href":"https:\/\/www.celttv.com.ar\/index.php\/wp-json\/wp\/v2\/posts"}],"about":[{"href":"https:\/\/www.celttv.com.ar\/index.php\/wp-json\/wp\/v2\/types\/post"}],"author":[{"embeddable":true,"href":"https:\/\/www.celttv.com.ar\/index.php\/wp-json\/wp\/v2\/users\/1"}],"replies":[{"embeddable":true,"href":"https:\/\/www.celttv.com.ar\/index.php\/wp-json\/wp\/v2\/comments?post=65223"}],"version-history":[{"count":0,"href":"https:\/\/www.celttv.com.ar\/index.php\/wp-json\/wp\/v2\/posts\/65223\/revisions"}],"wp:featuredmedia":[{"embeddable":true,"href":"https:\/\/www.celttv.com.ar\/index.php\/wp-json\/wp\/v2\/media\/65232"}],"wp:attachment":[{"href":"https:\/\/www.celttv.com.ar\/index.php\/wp-json\/wp\/v2\/media?parent=65223"}],"wp:term":[{"taxonomy":"category","embeddable":true,"href":"https:\/\/www.celttv.com.ar\/index.php\/wp-json\/wp\/v2\/categories?post=65223"},{"taxonomy":"post_tag","embeddable":true,"href":"https:\/\/www.celttv.com.ar\/index.php\/wp-json\/wp\/v2\/tags?post=65223"}],"curies":[{"name":"wp","href":"https:\/\/api.w.org\/{rel}","templated":true}]}}