{"id":65239,"date":"2022-04-14T18:23:43","date_gmt":"2022-04-14T18:23:43","guid":{"rendered":"http:\/\/www.celttv.com.ar\/?p=65239"},"modified":"2022-04-14T18:23:43","modified_gmt":"2022-04-14T18:23:43","slug":"olivares-de-las-sierras-un-emprendimiento-familiar-que-se-afianza-en-el-distrito-video-y-fotos","status":"publish","type":"post","link":"https:\/\/www.celttv.com.ar\/index.php\/2022\/04\/14\/olivares-de-las-sierras-un-emprendimiento-familiar-que-se-afianza-en-el-distrito-video-y-fotos\/","title":{"rendered":"Olivares de Las Sierras: Un emprendimiento familiar que se afianza en el distrito (Video y fotos)"},"content":{"rendered":"\n<p>El potencial productivo de la Comarca Serrana se va ampliando a otros rubros, tal es el caso del cultivo de olivares, el cual se est\u00e1 llevando adelante en un campo ubicado a la vera de la RP 76, a unos 10 km de la ciudad de  Tornquist.<\/p>\n\n\n<p>&#8220;Olivares de Las Sierras&#8221;, es el emprendimiento de la familia Torres, el cual lleva seis a\u00f1os de trayectoria productiva en el distrito.<\/p>\n\n\n<p>Yanina Torres, integrante del emprendimiento productivo, dialog\u00f3 con CELTTV NOTICIAS sobre los trabajos diarios que se realizan en el lugar, la cosecha, la elaboraci\u00f3n del aceite y la proyecci\u00f3n que buscan de Olivares de Las Sierras, entre otros temas.<\/p>\n\n\n<figure class=\"wp-block-embed is-type-video is-provider-youtube wp-block-embed-youtube wp-embed-aspect-16-9 wp-has-aspect-ratio\"><div class=\"wp-block-embed__wrapper\">\n<iframe loading=\"lazy\" title=\"2022 04 14 OLIVARES DE LAS SIERRAS   YANINA TORRES\" width=\"500\" height=\"281\" src=\"https:\/\/www.youtube.com\/embed\/arnyBejBy9c?feature=oembed\" frameborder=\"0\" allow=\"accelerometer; autoplay; clipboard-write; encrypted-media; gyroscope; picture-in-picture; web-share\" referrerpolicy=\"strict-origin-when-cross-origin\" allowfullscreen><\/iframe>\n<\/div><\/figure>\n\n\n<figure class=\"wp-block-image size-large\"><img loading=\"lazy\" decoding=\"async\" width=\"1024\" height=\"768\" src=\"http:\/\/www.celttv.com.ar\/wp-content\/uploads\/2022\/04\/6ad40585-4fe1-4b80-9065-362f5b4f2ed9-1024x768.jpg\" alt=\"\" class=\"wp-image-65240\" srcset=\"https:\/\/www.celttv.com.ar\/wp-content\/uploads\/2022\/04\/6ad40585-4fe1-4b80-9065-362f5b4f2ed9-1024x768.jpg 1024w, https:\/\/www.celttv.com.ar\/wp-content\/uploads\/2022\/04\/6ad40585-4fe1-4b80-9065-362f5b4f2ed9-300x225.jpg 300w, https:\/\/www.celttv.com.ar\/wp-content\/uploads\/2022\/04\/6ad40585-4fe1-4b80-9065-362f5b4f2ed9-768x576.jpg 768w, https:\/\/www.celttv.com.ar\/wp-content\/uploads\/2022\/04\/6ad40585-4fe1-4b80-9065-362f5b4f2ed9-750x563.jpg 750w, https:\/\/www.celttv.com.ar\/wp-content\/uploads\/2022\/04\/6ad40585-4fe1-4b80-9065-362f5b4f2ed9-1140x855.jpg 1140w, https:\/\/www.celttv.com.ar\/wp-content\/uploads\/2022\/04\/6ad40585-4fe1-4b80-9065-362f5b4f2ed9.jpg 1280w\" sizes=\"auto, (max-width: 1024px) 100vw, 1024px\" \/><\/figure>\n\n\n<figure class=\"wp-block-image size-large\"><img loading=\"lazy\" decoding=\"async\" width=\"1024\" height=\"768\" src=\"http:\/\/www.celttv.com.ar\/wp-content\/uploads\/2022\/04\/83d9a5a3-cfc8-4654-a8a1-c529201570d4-1024x768.jpg\" alt=\"\" class=\"wp-image-65241\" srcset=\"https:\/\/www.celttv.com.ar\/wp-content\/uploads\/2022\/04\/83d9a5a3-cfc8-4654-a8a1-c529201570d4-1024x768.jpg 1024w, https:\/\/www.celttv.com.ar\/wp-content\/uploads\/2022\/04\/83d9a5a3-cfc8-4654-a8a1-c529201570d4-300x225.jpg 300w, https:\/\/www.celttv.com.ar\/wp-content\/uploads\/2022\/04\/83d9a5a3-cfc8-4654-a8a1-c529201570d4-768x576.jpg 768w, https:\/\/www.celttv.com.ar\/wp-content\/uploads\/2022\/04\/83d9a5a3-cfc8-4654-a8a1-c529201570d4-750x563.jpg 750w, https:\/\/www.celttv.com.ar\/wp-content\/uploads\/2022\/04\/83d9a5a3-cfc8-4654-a8a1-c529201570d4-1140x855.jpg 1140w, https:\/\/www.celttv.com.ar\/wp-content\/uploads\/2022\/04\/83d9a5a3-cfc8-4654-a8a1-c529201570d4.jpg 1280w\" sizes=\"auto, (max-width: 1024px) 100vw, 1024px\" \/><\/figure>\n\n\n<figure class=\"wp-block-image size-large\"><img loading=\"lazy\" decoding=\"async\" width=\"1024\" height=\"768\" src=\"http:\/\/www.celttv.com.ar\/wp-content\/uploads\/2022\/04\/cdc1bb76-d460-436b-ae99-4d20509201d4-1024x768.jpg\" alt=\"\" class=\"wp-image-65242\" srcset=\"https:\/\/www.celttv.com.ar\/wp-content\/uploads\/2022\/04\/cdc1bb76-d460-436b-ae99-4d20509201d4-1024x768.jpg 1024w, https:\/\/www.celttv.com.ar\/wp-content\/uploads\/2022\/04\/cdc1bb76-d460-436b-ae99-4d20509201d4-300x225.jpg 300w, https:\/\/www.celttv.com.ar\/wp-content\/uploads\/2022\/04\/cdc1bb76-d460-436b-ae99-4d20509201d4-768x576.jpg 768w, https:\/\/www.celttv.com.ar\/wp-content\/uploads\/2022\/04\/cdc1bb76-d460-436b-ae99-4d20509201d4-750x563.jpg 750w, https:\/\/www.celttv.com.ar\/wp-content\/uploads\/2022\/04\/cdc1bb76-d460-436b-ae99-4d20509201d4-1140x855.jpg 1140w, https:\/\/www.celttv.com.ar\/wp-content\/uploads\/2022\/04\/cdc1bb76-d460-436b-ae99-4d20509201d4.jpg 1280w\" sizes=\"auto, (max-width: 1024px) 100vw, 1024px\" \/><\/figure>\n\n\n<figure class=\"wp-block-image size-large\"><img loading=\"lazy\" decoding=\"async\" width=\"1024\" height=\"768\" src=\"http:\/\/www.celttv.com.ar\/wp-content\/uploads\/2022\/04\/39df6f54-7468-41e0-928c-bd8eec7889f6-1024x768.jpg\" alt=\"\" class=\"wp-image-65243\" srcset=\"https:\/\/www.celttv.com.ar\/wp-content\/uploads\/2022\/04\/39df6f54-7468-41e0-928c-bd8eec7889f6-1024x768.jpg 1024w, https:\/\/www.celttv.com.ar\/wp-content\/uploads\/2022\/04\/39df6f54-7468-41e0-928c-bd8eec7889f6-300x225.jpg 300w, https:\/\/www.celttv.com.ar\/wp-content\/uploads\/2022\/04\/39df6f54-7468-41e0-928c-bd8eec7889f6-768x576.jpg 768w, https:\/\/www.celttv.com.ar\/wp-content\/uploads\/2022\/04\/39df6f54-7468-41e0-928c-bd8eec7889f6-750x563.jpg 750w, https:\/\/www.celttv.com.ar\/wp-content\/uploads\/2022\/04\/39df6f54-7468-41e0-928c-bd8eec7889f6-1140x855.jpg 1140w, https:\/\/www.celttv.com.ar\/wp-content\/uploads\/2022\/04\/39df6f54-7468-41e0-928c-bd8eec7889f6.jpg 1280w\" sizes=\"auto, (max-width: 1024px) 100vw, 1024px\" \/><\/figure>\n\n\n<figure class=\"wp-block-image size-large\"><img loading=\"lazy\" decoding=\"async\" width=\"1024\" height=\"768\" src=\"http:\/\/www.celttv.com.ar\/wp-content\/uploads\/2022\/04\/056d5046-9ac9-450d-8047-e2461c4d6d1e-1024x768.jpg\" alt=\"\" class=\"wp-image-65244\" srcset=\"https:\/\/www.celttv.com.ar\/wp-content\/uploads\/2022\/04\/056d5046-9ac9-450d-8047-e2461c4d6d1e-1024x768.jpg 1024w, https:\/\/www.celttv.com.ar\/wp-content\/uploads\/2022\/04\/056d5046-9ac9-450d-8047-e2461c4d6d1e-300x225.jpg 300w, https:\/\/www.celttv.com.ar\/wp-content\/uploads\/2022\/04\/056d5046-9ac9-450d-8047-e2461c4d6d1e-768x576.jpg 768w, https:\/\/www.celttv.com.ar\/wp-content\/uploads\/2022\/04\/056d5046-9ac9-450d-8047-e2461c4d6d1e-750x563.jpg 750w, https:\/\/www.celttv.com.ar\/wp-content\/uploads\/2022\/04\/056d5046-9ac9-450d-8047-e2461c4d6d1e-1140x855.jpg 1140w, https:\/\/www.celttv.com.ar\/wp-content\/uploads\/2022\/04\/056d5046-9ac9-450d-8047-e2461c4d6d1e.jpg 1280w\" sizes=\"auto, (max-width: 1024px) 100vw, 1024px\" \/><\/figure>\n\n\n<figure class=\"wp-block-image size-large\"><img loading=\"lazy\" decoding=\"async\" width=\"1024\" height=\"768\" src=\"http:\/\/www.celttv.com.ar\/wp-content\/uploads\/2022\/04\/216041fb-fd33-4e83-b8ea-51ffd11dce09-1024x768.jpg\" alt=\"\" class=\"wp-image-65245\" srcset=\"https:\/\/www.celttv.com.ar\/wp-content\/uploads\/2022\/04\/216041fb-fd33-4e83-b8ea-51ffd11dce09-1024x768.jpg 1024w, https:\/\/www.celttv.com.ar\/wp-content\/uploads\/2022\/04\/216041fb-fd33-4e83-b8ea-51ffd11dce09-300x225.jpg 300w, https:\/\/www.celttv.com.ar\/wp-content\/uploads\/2022\/04\/216041fb-fd33-4e83-b8ea-51ffd11dce09-768x576.jpg 768w, https:\/\/www.celttv.com.ar\/wp-content\/uploads\/2022\/04\/216041fb-fd33-4e83-b8ea-51ffd11dce09-750x563.jpg 750w, https:\/\/www.celttv.com.ar\/wp-content\/uploads\/2022\/04\/216041fb-fd33-4e83-b8ea-51ffd11dce09-1140x855.jpg 1140w, https:\/\/www.celttv.com.ar\/wp-content\/uploads\/2022\/04\/216041fb-fd33-4e83-b8ea-51ffd11dce09.jpg 1280w\" sizes=\"auto, (max-width: 1024px) 100vw, 1024px\" \/><\/figure>\n\n\n<figure class=\"wp-block-image size-large\"><img loading=\"lazy\" decoding=\"async\" width=\"1024\" height=\"768\" src=\"http:\/\/www.celttv.com.ar\/wp-content\/uploads\/2022\/04\/bdb7f798-8c86-4379-aab4-4ac276c9bd6d-1024x768.jpg\" alt=\"\" class=\"wp-image-65246\" srcset=\"https:\/\/www.celttv.com.ar\/wp-content\/uploads\/2022\/04\/bdb7f798-8c86-4379-aab4-4ac276c9bd6d-1024x768.jpg 1024w, https:\/\/www.celttv.com.ar\/wp-content\/uploads\/2022\/04\/bdb7f798-8c86-4379-aab4-4ac276c9bd6d-300x225.jpg 300w, https:\/\/www.celttv.com.ar\/wp-content\/uploads\/2022\/04\/bdb7f798-8c86-4379-aab4-4ac276c9bd6d-768x576.jpg 768w, https:\/\/www.celttv.com.ar\/wp-content\/uploads\/2022\/04\/bdb7f798-8c86-4379-aab4-4ac276c9bd6d-750x563.jpg 750w, https:\/\/www.celttv.com.ar\/wp-content\/uploads\/2022\/04\/bdb7f798-8c86-4379-aab4-4ac276c9bd6d-1140x855.jpg 1140w, https:\/\/www.celttv.com.ar\/wp-content\/uploads\/2022\/04\/bdb7f798-8c86-4379-aab4-4ac276c9bd6d.jpg 1280w\" sizes=\"auto, (max-width: 1024px) 100vw, 1024px\" \/><\/figure>\n\n\n<figure class=\"wp-block-image size-large\"><img loading=\"lazy\" decoding=\"async\" width=\"1024\" height=\"768\" src=\"http:\/\/www.celttv.com.ar\/wp-content\/uploads\/2022\/04\/f34523e2-a45f-4895-89e0-0f951c554507-1024x768.jpg\" alt=\"\" class=\"wp-image-65247\" srcset=\"https:\/\/www.celttv.com.ar\/wp-content\/uploads\/2022\/04\/f34523e2-a45f-4895-89e0-0f951c554507-1024x768.jpg 1024w, https:\/\/www.celttv.com.ar\/wp-content\/uploads\/2022\/04\/f34523e2-a45f-4895-89e0-0f951c554507-300x225.jpg 300w, https:\/\/www.celttv.com.ar\/wp-content\/uploads\/2022\/04\/f34523e2-a45f-4895-89e0-0f951c554507-768x576.jpg 768w, https:\/\/www.celttv.com.ar\/wp-content\/uploads\/2022\/04\/f34523e2-a45f-4895-89e0-0f951c554507-750x563.jpg 750w, https:\/\/www.celttv.com.ar\/wp-content\/uploads\/2022\/04\/f34523e2-a45f-4895-89e0-0f951c554507-1140x855.jpg 1140w, https:\/\/www.celttv.com.ar\/wp-content\/uploads\/2022\/04\/f34523e2-a45f-4895-89e0-0f951c554507.jpg 1280w\" sizes=\"auto, (max-width: 1024px) 100vw, 1024px\" \/><\/figure>\n\n\n<figure class=\"wp-block-image size-large\"><img loading=\"lazy\" decoding=\"async\" width=\"1024\" height=\"768\" src=\"http:\/\/www.celttv.com.ar\/wp-content\/uploads\/2022\/04\/ba875c24-8b2a-4273-9359-2b11fcac67ec-1024x768.jpg\" alt=\"\" class=\"wp-image-65248\" srcset=\"https:\/\/www.celttv.com.ar\/wp-content\/uploads\/2022\/04\/ba875c24-8b2a-4273-9359-2b11fcac67ec-1024x768.jpg 1024w, https:\/\/www.celttv.com.ar\/wp-content\/uploads\/2022\/04\/ba875c24-8b2a-4273-9359-2b11fcac67ec-300x225.jpg 300w, https:\/\/www.celttv.com.ar\/wp-content\/uploads\/2022\/04\/ba875c24-8b2a-4273-9359-2b11fcac67ec-768x576.jpg 768w, https:\/\/www.celttv.com.ar\/wp-content\/uploads\/2022\/04\/ba875c24-8b2a-4273-9359-2b11fcac67ec-750x563.jpg 750w, https:\/\/www.celttv.com.ar\/wp-content\/uploads\/2022\/04\/ba875c24-8b2a-4273-9359-2b11fcac67ec-1140x855.jpg 1140w, https:\/\/www.celttv.com.ar\/wp-content\/uploads\/2022\/04\/ba875c24-8b2a-4273-9359-2b11fcac67ec.jpg 1280w\" sizes=\"auto, (max-width: 1024px) 100vw, 1024px\" \/><\/figure>\n\n\n<figure class=\"wp-block-image size-large\"><img loading=\"lazy\" decoding=\"async\" width=\"768\" height=\"1024\" src=\"http:\/\/www.celttv.com.ar\/wp-content\/uploads\/2022\/04\/293d3802-e6af-405c-ae19-c4c39f48252e-768x1024.jpg\" alt=\"\" class=\"wp-image-65249\" srcset=\"https:\/\/www.celttv.com.ar\/wp-content\/uploads\/2022\/04\/293d3802-e6af-405c-ae19-c4c39f48252e-768x1024.jpg 768w, https:\/\/www.celttv.com.ar\/wp-content\/uploads\/2022\/04\/293d3802-e6af-405c-ae19-c4c39f48252e-225x300.jpg 225w, https:\/\/www.celttv.com.ar\/wp-content\/uploads\/2022\/04\/293d3802-e6af-405c-ae19-c4c39f48252e-750x1000.jpg 750w, https:\/\/www.celttv.com.ar\/wp-content\/uploads\/2022\/04\/293d3802-e6af-405c-ae19-c4c39f48252e.jpg 960w\" sizes=\"auto, (max-width: 768px) 100vw, 768px\" \/><\/figure>\n\n\n<figure class=\"wp-block-image size-large\"><img loading=\"lazy\" decoding=\"async\" width=\"1024\" height=\"768\" src=\"http:\/\/www.celttv.com.ar\/wp-content\/uploads\/2022\/04\/62342663-3b47-4099-8d73-559a87542de8-1024x768.jpg\" alt=\"\" class=\"wp-image-65250\" srcset=\"https:\/\/www.celttv.com.ar\/wp-content\/uploads\/2022\/04\/62342663-3b47-4099-8d73-559a87542de8-1024x768.jpg 1024w, https:\/\/www.celttv.com.ar\/wp-content\/uploads\/2022\/04\/62342663-3b47-4099-8d73-559a87542de8-300x225.jpg 300w, https:\/\/www.celttv.com.ar\/wp-content\/uploads\/2022\/04\/62342663-3b47-4099-8d73-559a87542de8-768x576.jpg 768w, https:\/\/www.celttv.com.ar\/wp-content\/uploads\/2022\/04\/62342663-3b47-4099-8d73-559a87542de8-750x563.jpg 750w, https:\/\/www.celttv.com.ar\/wp-content\/uploads\/2022\/04\/62342663-3b47-4099-8d73-559a87542de8-1140x855.jpg 1140w, https:\/\/www.celttv.com.ar\/wp-content\/uploads\/2022\/04\/62342663-3b47-4099-8d73-559a87542de8.jpg 1280w\" sizes=\"auto, (max-width: 1024px) 100vw, 1024px\" \/><\/figure>\n\n\n<p> <\/p>\n","protected":false},"excerpt":{"rendered":"<p>El potencial productivo de la Comarca Serrana se va ampliando a otros rubros, tal es el caso del cultivo de olivares, el cual se est\u00e1 llevando adelante en un campo ubicado a la vera de la RP 76, a unos 10 km de la ciudad de Tornquist. &#8220;Olivares de Las Sierras&#8221;, es el emprendimiento de [&hellip;]<\/p>\n","protected":false},"author":1,"featured_media":65251,"comment_status":"closed","ping_status":"open","sticky":false,"template":"","format":"standard","meta":{"footnotes":""},"categories":[55,51,52],"tags":[],"class_list":["post-65239","post","type-post","status-publish","format-standard","has-post-thumbnail","hentry","category-celt-tv-noticias","category-comunidad","category-destacadas"],"yoast_head":"<!-- This site is optimized with the Yoast SEO plugin v19.7.1 - https:\/\/yoast.com\/wordpress\/plugins\/seo\/ -->\n<title>Olivares de Las Sierras: Un emprendimiento familiar que se afianza en el distrito (Video y fotos) - CELTTV<\/title>\n<meta name=\"description\" content=\"Sitio web de noticias de la localidad de Tornquist, provincia de Buenos Aires, Rep\u00fablica Argentina. Contenido propio originado por periodistas de CELTTV, el canal de TV local de la Cooperativa El\u00e9ctrica de Tornquist. Turismo, Pol\u00edtica, Sociedad, Deporte, Cultura y todo el contenido de inter\u00e9s general que la gente del pueblo y la regi\u00f3n debe conocer.\" \/>\n<meta name=\"robots\" content=\"index, follow, max-snippet:-1, max-image-preview:large, max-video-preview:-1\" \/>\n<link rel=\"canonical\" href=\"https:\/\/www.celttv.com.ar\/index.php\/2022\/04\/14\/olivares-de-las-sierras-un-emprendimiento-familiar-que-se-afianza-en-el-distrito-video-y-fotos\/\" \/>\n<meta property=\"og:locale\" content=\"es_ES\" \/>\n<meta property=\"og:type\" content=\"article\" \/>\n<meta property=\"og:title\" content=\"Olivares de Las Sierras: Un emprendimiento familiar que se afianza en el distrito (Video y fotos) - CELTTV\" \/>\n<meta property=\"og:description\" content=\"Sitio web de noticias de la localidad de Tornquist, provincia de Buenos Aires, Rep\u00fablica Argentina. Contenido propio originado por periodistas de CELTTV, el canal de TV local de la Cooperativa El\u00e9ctrica de Tornquist. Turismo, Pol\u00edtica, Sociedad, Deporte, Cultura y todo el contenido de inter\u00e9s general que la gente del pueblo y la regi\u00f3n debe conocer.\" \/>\n<meta property=\"og:url\" content=\"https:\/\/www.celttv.com.ar\/index.php\/2022\/04\/14\/olivares-de-las-sierras-un-emprendimiento-familiar-que-se-afianza-en-el-distrito-video-y-fotos\/\" \/>\n<meta property=\"og:site_name\" content=\"CELTTV\" \/>\n<meta property=\"article:publisher\" content=\"https:\/\/www.facebook.com\/celtTV\/\" \/>\n<meta property=\"article:published_time\" content=\"2022-04-14T18:23:43+00:00\" \/>\n<meta property=\"og:image\" content=\"https:\/\/www.celttv.com.ar\/wp-content\/uploads\/2022\/04\/add9da70-3086-43f1-8dc1-88653f26b3b0.jpg\" \/>\n\t<meta property=\"og:image:width\" content=\"1280\" \/>\n\t<meta property=\"og:image:height\" content=\"960\" \/>\n\t<meta property=\"og:image:type\" content=\"image\/jpeg\" \/>\n<meta name=\"author\" content=\"ulises\" \/>\n<meta name=\"twitter:card\" content=\"summary_large_image\" \/>\n<meta name=\"twitter:label1\" content=\"Escrito por\" \/>\n\t<meta name=\"twitter:data1\" content=\"ulises\" \/>\n\t<meta name=\"twitter:label2\" content=\"Tiempo de lectura\" \/>\n\t<meta name=\"twitter:data2\" content=\"1 minuto\" \/>\n<script type=\"application\/ld+json\" class=\"yoast-schema-graph\">{\"@context\":\"https:\/\/schema.org\",\"@graph\":[{\"@type\":\"NewsArticle\",\"@id\":\"https:\/\/www.celttv.com.ar\/index.php\/2022\/04\/14\/olivares-de-las-sierras-un-emprendimiento-familiar-que-se-afianza-en-el-distrito-video-y-fotos\/#article\",\"isPartOf\":{\"@id\":\"https:\/\/www.celttv.com.ar\/index.php\/2022\/04\/14\/olivares-de-las-sierras-un-emprendimiento-familiar-que-se-afianza-en-el-distrito-video-y-fotos\/\"},\"author\":{\"name\":\"ulises\",\"@id\":\"https:\/\/www.celttv.com.ar\/#\/schema\/person\/6d99c072dba59953809c81446e9d0ace\"},\"headline\":\"Olivares de Las Sierras: Un emprendimiento familiar que se afianza en el distrito (Video y fotos)\",\"datePublished\":\"2022-04-14T18:23:43+00:00\",\"dateModified\":\"2022-04-14T18:23:43+00:00\",\"mainEntityOfPage\":{\"@id\":\"https:\/\/www.celttv.com.ar\/index.php\/2022\/04\/14\/olivares-de-las-sierras-un-emprendimiento-familiar-que-se-afianza-en-el-distrito-video-y-fotos\/\"},\"wordCount\":130,\"publisher\":{\"@id\":\"https:\/\/www.celttv.com.ar\/#organization\"},\"articleSection\":[\"Celt TV Noticias\",\"Comunidad\",\"Destacadas\"],\"inLanguage\":\"es\"},{\"@type\":\"WebPage\",\"@id\":\"https:\/\/www.celttv.com.ar\/index.php\/2022\/04\/14\/olivares-de-las-sierras-un-emprendimiento-familiar-que-se-afianza-en-el-distrito-video-y-fotos\/\",\"url\":\"https:\/\/www.celttv.com.ar\/index.php\/2022\/04\/14\/olivares-de-las-sierras-un-emprendimiento-familiar-que-se-afianza-en-el-distrito-video-y-fotos\/\",\"name\":\"Olivares de Las Sierras: Un emprendimiento familiar que se afianza en el distrito (Video y fotos) - CELTTV\",\"isPartOf\":{\"@id\":\"https:\/\/www.celttv.com.ar\/#website\"},\"datePublished\":\"2022-04-14T18:23:43+00:00\",\"dateModified\":\"2022-04-14T18:23:43+00:00\",\"description\":\"Sitio web de noticias de la localidad de Tornquist, provincia de Buenos Aires, Rep\u00fablica Argentina. Contenido propio originado por periodistas de CELTTV, el canal de TV local de la Cooperativa El\u00e9ctrica de Tornquist. Turismo, Pol\u00edtica, Sociedad, Deporte, Cultura y todo el contenido de inter\u00e9s general que la gente del pueblo y la regi\u00f3n debe conocer.\",\"breadcrumb\":{\"@id\":\"https:\/\/www.celttv.com.ar\/index.php\/2022\/04\/14\/olivares-de-las-sierras-un-emprendimiento-familiar-que-se-afianza-en-el-distrito-video-y-fotos\/#breadcrumb\"},\"inLanguage\":\"es\",\"potentialAction\":[{\"@type\":\"ReadAction\",\"target\":[\"https:\/\/www.celttv.com.ar\/index.php\/2022\/04\/14\/olivares-de-las-sierras-un-emprendimiento-familiar-que-se-afianza-en-el-distrito-video-y-fotos\/\"]}]},{\"@type\":\"BreadcrumbList\",\"@id\":\"https:\/\/www.celttv.com.ar\/index.php\/2022\/04\/14\/olivares-de-las-sierras-un-emprendimiento-familiar-que-se-afianza-en-el-distrito-video-y-fotos\/#breadcrumb\",\"itemListElement\":[{\"@type\":\"ListItem\",\"position\":1,\"name\":\"Inicio\",\"item\":\"https:\/\/www.celttv.com.ar\/\"},{\"@type\":\"ListItem\",\"position\":2,\"name\":\"Olivares de Las Sierras: Un emprendimiento familiar que se afianza en el distrito (Video y fotos)\"}]},{\"@type\":\"WebSite\",\"@id\":\"https:\/\/www.celttv.com.ar\/#website\",\"url\":\"https:\/\/www.celttv.com.ar\/\",\"name\":\"CELTTV\",\"description\":\"Cooperativa El\u00e9ctrica de Tornquist\",\"publisher\":{\"@id\":\"https:\/\/www.celttv.com.ar\/#organization\"},\"potentialAction\":[{\"@type\":\"SearchAction\",\"target\":{\"@type\":\"EntryPoint\",\"urlTemplate\":\"https:\/\/www.celttv.com.ar\/?s={search_term_string}\"},\"query-input\":\"required name=search_term_string\"}],\"inLanguage\":\"es\"},{\"@type\":\"Organization\",\"@id\":\"https:\/\/www.celttv.com.ar\/#organization\",\"name\":\"CELTTV\",\"url\":\"https:\/\/www.celttv.com.ar\/\",\"sameAs\":[\"https:\/\/www.youtube.com\/channel\/UCz_oIt8Hig64Ub-EmcNPIhg\",\"https:\/\/www.facebook.com\/celtTV\/\"],\"logo\":{\"@type\":\"ImageObject\",\"inLanguage\":\"es\",\"@id\":\"https:\/\/www.celttv.com.ar\/#\/schema\/logo\/image\/\",\"url\":\"http:\/\/www.celttv.com.ar\/wp-content\/uploads\/2022\/08\/logo-1.png\",\"contentUrl\":\"http:\/\/www.celttv.com.ar\/wp-content\/uploads\/2022\/08\/logo-1.png\",\"width\":461,\"height\":159,\"caption\":\"CELTTV\"},\"image\":{\"@id\":\"https:\/\/www.celttv.com.ar\/#\/schema\/logo\/image\/\"}},{\"@type\":\"Person\",\"@id\":\"https:\/\/www.celttv.com.ar\/#\/schema\/person\/6d99c072dba59953809c81446e9d0ace\",\"name\":\"ulises\",\"image\":{\"@type\":\"ImageObject\",\"inLanguage\":\"es\",\"@id\":\"https:\/\/www.celttv.com.ar\/#\/schema\/person\/image\/\",\"url\":\"https:\/\/secure.gravatar.com\/avatar\/7f2c48bdc33b30088f941fb6082e555f2874c98e20cb159d7b92b50eadfce793?s=96&d=mm&r=g\",\"contentUrl\":\"https:\/\/secure.gravatar.com\/avatar\/7f2c48bdc33b30088f941fb6082e555f2874c98e20cb159d7b92b50eadfce793?s=96&d=mm&r=g\",\"caption\":\"ulises\"},\"sameAs\":[\"http:\/\/www.celttv.com.ar\"]}]}<\/script>\n<!-- \/ Yoast SEO plugin. -->","yoast_head_json":{"title":"Olivares de Las Sierras: Un emprendimiento familiar que se afianza en el distrito (Video y fotos) - CELTTV","description":"Sitio web de noticias de la localidad de Tornquist, provincia de Buenos Aires, Rep\u00fablica Argentina. Contenido propio originado por periodistas de CELTTV, el canal de TV local de la Cooperativa El\u00e9ctrica de Tornquist. Turismo, Pol\u00edtica, Sociedad, Deporte, Cultura y todo el contenido de inter\u00e9s general que la gente del pueblo y la regi\u00f3n debe conocer.","robots":{"index":"index","follow":"follow","max-snippet":"max-snippet:-1","max-image-preview":"max-image-preview:large","max-video-preview":"max-video-preview:-1"},"canonical":"https:\/\/www.celttv.com.ar\/index.php\/2022\/04\/14\/olivares-de-las-sierras-un-emprendimiento-familiar-que-se-afianza-en-el-distrito-video-y-fotos\/","og_locale":"es_ES","og_type":"article","og_title":"Olivares de Las Sierras: Un emprendimiento familiar que se afianza en el distrito (Video y fotos) - CELTTV","og_description":"Sitio web de noticias de la localidad de Tornquist, provincia de Buenos Aires, Rep\u00fablica Argentina. Contenido propio originado por periodistas de CELTTV, el canal de TV local de la Cooperativa El\u00e9ctrica de Tornquist. Turismo, Pol\u00edtica, Sociedad, Deporte, Cultura y todo el contenido de inter\u00e9s general que la gente del pueblo y la regi\u00f3n debe conocer.","og_url":"https:\/\/www.celttv.com.ar\/index.php\/2022\/04\/14\/olivares-de-las-sierras-un-emprendimiento-familiar-que-se-afianza-en-el-distrito-video-y-fotos\/","og_site_name":"CELTTV","article_publisher":"https:\/\/www.facebook.com\/celtTV\/","article_published_time":"2022-04-14T18:23:43+00:00","og_image":[{"width":1280,"height":960,"url":"https:\/\/www.celttv.com.ar\/wp-content\/uploads\/2022\/04\/add9da70-3086-43f1-8dc1-88653f26b3b0.jpg","type":"image\/jpeg"}],"author":"ulises","twitter_card":"summary_large_image","twitter_misc":{"Escrito por":"ulises","Tiempo de lectura":"1 minuto"},"schema":{"@context":"https:\/\/schema.org","@graph":[{"@type":"NewsArticle","@id":"https:\/\/www.celttv.com.ar\/index.php\/2022\/04\/14\/olivares-de-las-sierras-un-emprendimiento-familiar-que-se-afianza-en-el-distrito-video-y-fotos\/#article","isPartOf":{"@id":"https:\/\/www.celttv.com.ar\/index.php\/2022\/04\/14\/olivares-de-las-sierras-un-emprendimiento-familiar-que-se-afianza-en-el-distrito-video-y-fotos\/"},"author":{"name":"ulises","@id":"https:\/\/www.celttv.com.ar\/#\/schema\/person\/6d99c072dba59953809c81446e9d0ace"},"headline":"Olivares de Las Sierras: Un emprendimiento familiar que se afianza en el distrito (Video y fotos)","datePublished":"2022-04-14T18:23:43+00:00","dateModified":"2022-04-14T18:23:43+00:00","mainEntityOfPage":{"@id":"https:\/\/www.celttv.com.ar\/index.php\/2022\/04\/14\/olivares-de-las-sierras-un-emprendimiento-familiar-que-se-afianza-en-el-distrito-video-y-fotos\/"},"wordCount":130,"publisher":{"@id":"https:\/\/www.celttv.com.ar\/#organization"},"articleSection":["Celt TV Noticias","Comunidad","Destacadas"],"inLanguage":"es"},{"@type":"WebPage","@id":"https:\/\/www.celttv.com.ar\/index.php\/2022\/04\/14\/olivares-de-las-sierras-un-emprendimiento-familiar-que-se-afianza-en-el-distrito-video-y-fotos\/","url":"https:\/\/www.celttv.com.ar\/index.php\/2022\/04\/14\/olivares-de-las-sierras-un-emprendimiento-familiar-que-se-afianza-en-el-distrito-video-y-fotos\/","name":"Olivares de Las Sierras: Un emprendimiento familiar que se afianza en el distrito (Video y fotos) - CELTTV","isPartOf":{"@id":"https:\/\/www.celttv.com.ar\/#website"},"datePublished":"2022-04-14T18:23:43+00:00","dateModified":"2022-04-14T18:23:43+00:00","description":"Sitio web de noticias de la localidad de Tornquist, provincia de Buenos Aires, Rep\u00fablica Argentina. Contenido propio originado por periodistas de CELTTV, el canal de TV local de la Cooperativa El\u00e9ctrica de Tornquist. Turismo, Pol\u00edtica, Sociedad, Deporte, Cultura y todo el contenido de inter\u00e9s general que la gente del pueblo y la regi\u00f3n debe conocer.","breadcrumb":{"@id":"https:\/\/www.celttv.com.ar\/index.php\/2022\/04\/14\/olivares-de-las-sierras-un-emprendimiento-familiar-que-se-afianza-en-el-distrito-video-y-fotos\/#breadcrumb"},"inLanguage":"es","potentialAction":[{"@type":"ReadAction","target":["https:\/\/www.celttv.com.ar\/index.php\/2022\/04\/14\/olivares-de-las-sierras-un-emprendimiento-familiar-que-se-afianza-en-el-distrito-video-y-fotos\/"]}]},{"@type":"BreadcrumbList","@id":"https:\/\/www.celttv.com.ar\/index.php\/2022\/04\/14\/olivares-de-las-sierras-un-emprendimiento-familiar-que-se-afianza-en-el-distrito-video-y-fotos\/#breadcrumb","itemListElement":[{"@type":"ListItem","position":1,"name":"Inicio","item":"https:\/\/www.celttv.com.ar\/"},{"@type":"ListItem","position":2,"name":"Olivares de Las Sierras: Un emprendimiento familiar que se afianza en el distrito (Video y fotos)"}]},{"@type":"WebSite","@id":"https:\/\/www.celttv.com.ar\/#website","url":"https:\/\/www.celttv.com.ar\/","name":"CELTTV","description":"Cooperativa El\u00e9ctrica de Tornquist","publisher":{"@id":"https:\/\/www.celttv.com.ar\/#organization"},"potentialAction":[{"@type":"SearchAction","target":{"@type":"EntryPoint","urlTemplate":"https:\/\/www.celttv.com.ar\/?s={search_term_string}"},"query-input":"required name=search_term_string"}],"inLanguage":"es"},{"@type":"Organization","@id":"https:\/\/www.celttv.com.ar\/#organization","name":"CELTTV","url":"https:\/\/www.celttv.com.ar\/","sameAs":["https:\/\/www.youtube.com\/channel\/UCz_oIt8Hig64Ub-EmcNPIhg","https:\/\/www.facebook.com\/celtTV\/"],"logo":{"@type":"ImageObject","inLanguage":"es","@id":"https:\/\/www.celttv.com.ar\/#\/schema\/logo\/image\/","url":"http:\/\/www.celttv.com.ar\/wp-content\/uploads\/2022\/08\/logo-1.png","contentUrl":"http:\/\/www.celttv.com.ar\/wp-content\/uploads\/2022\/08\/logo-1.png","width":461,"height":159,"caption":"CELTTV"},"image":{"@id":"https:\/\/www.celttv.com.ar\/#\/schema\/logo\/image\/"}},{"@type":"Person","@id":"https:\/\/www.celttv.com.ar\/#\/schema\/person\/6d99c072dba59953809c81446e9d0ace","name":"ulises","image":{"@type":"ImageObject","inLanguage":"es","@id":"https:\/\/www.celttv.com.ar\/#\/schema\/person\/image\/","url":"https:\/\/secure.gravatar.com\/avatar\/7f2c48bdc33b30088f941fb6082e555f2874c98e20cb159d7b92b50eadfce793?s=96&d=mm&r=g","contentUrl":"https:\/\/secure.gravatar.com\/avatar\/7f2c48bdc33b30088f941fb6082e555f2874c98e20cb159d7b92b50eadfce793?s=96&d=mm&r=g","caption":"ulises"},"sameAs":["http:\/\/www.celttv.com.ar"]}]}},"_links":{"self":[{"href":"https:\/\/www.celttv.com.ar\/index.php\/wp-json\/wp\/v2\/posts\/65239","targetHints":{"allow":["GET"]}}],"collection":[{"href":"https:\/\/www.celttv.com.ar\/index.php\/wp-json\/wp\/v2\/posts"}],"about":[{"href":"https:\/\/www.celttv.com.ar\/index.php\/wp-json\/wp\/v2\/types\/post"}],"author":[{"embeddable":true,"href":"https:\/\/www.celttv.com.ar\/index.php\/wp-json\/wp\/v2\/users\/1"}],"replies":[{"embeddable":true,"href":"https:\/\/www.celttv.com.ar\/index.php\/wp-json\/wp\/v2\/comments?post=65239"}],"version-history":[{"count":0,"href":"https:\/\/www.celttv.com.ar\/index.php\/wp-json\/wp\/v2\/posts\/65239\/revisions"}],"wp:featuredmedia":[{"embeddable":true,"href":"https:\/\/www.celttv.com.ar\/index.php\/wp-json\/wp\/v2\/media\/65251"}],"wp:attachment":[{"href":"https:\/\/www.celttv.com.ar\/index.php\/wp-json\/wp\/v2\/media?parent=65239"}],"wp:term":[{"taxonomy":"category","embeddable":true,"href":"https:\/\/www.celttv.com.ar\/index.php\/wp-json\/wp\/v2\/categories?post=65239"},{"taxonomy":"post_tag","embeddable":true,"href":"https:\/\/www.celttv.com.ar\/index.php\/wp-json\/wp\/v2\/tags?post=65239"}],"curies":[{"name":"wp","href":"https:\/\/api.w.org\/{rel}","templated":true}]}}