{"id":65263,"date":"2022-04-15T01:40:32","date_gmt":"2022-04-15T01:40:32","guid":{"rendered":"http:\/\/www.celttv.com.ar\/?p=65263"},"modified":"2022-04-15T01:40:32","modified_gmt":"2022-04-15T01:40:32","slug":"capacitaciones-y-viajes-de-egresados-en-el-distrito-los-temas-en-los-que-avanzo-el-ente-mixto-de-turismo","status":"publish","type":"post","link":"https:\/\/www.celttv.com.ar\/index.php\/2022\/04\/15\/capacitaciones-y-viajes-de-egresados-en-el-distrito-los-temas-en-los-que-avanzo-el-ente-mixto-de-turismo\/","title":{"rendered":"Capacitaciones y viajes de egresados en el distrito, los temas en los que avanz\u00f3 el Ente Mixto de Turismo"},"content":{"rendered":"\n<p>Este lunes en Villa Serrana La Gruta, se desarroll\u00f3 la reuni\u00f3n mensual del Ente Mixto de Turismo del Distrito de Tornquist (EMITT).<\/p>\n\n\n<p>Durante el encuentro,las autoridades presentes de la Secretar\u00eda de Turismo, Gustavo Sandobal (Secretario), y Jerem\u00edas Le\u00f3n (Director Planificaci\u00f3n y Desarrollo Tur\u00edstico), expusieron los temas abordados en la reuni\u00f3n del COPROTUR, realizada d\u00edas pasados en Costa del Este.<\/p>\n\n\n<p>Al respecto, mencionaron que entre abril y mayo arribar\u00e1n alrededor de 2500 j\u00f3venes en el marco del programa \u2018Viaje de Fin de Curso\u2019 de la Provincia de Buenos Aires, para el cual la comarca fue uno de los destinos elegidos.<\/p>\n\n\n<p>Tambi\u00e9n, adelantaron que se postular\u00e1 a una localidad del distrito para el programa Pueblos Tur\u00edsticos; y que fueron planteadas las necesidades urgentes de la comarca, como lo son la mejora de la conectividad y la instalaci\u00f3n de un cajero autom\u00e1tico en Villa Ventana.<\/p>\n\n\n<p>Asimismo, en la reuni\u00f3n se hizo referencia a las capacitaciones de Destinos Inteligentes (que inici\u00f3 la semana pasada) y de mozos y mucamas, cuyo comienzo est\u00e1 programado para fines de abril.<\/p>\n\n\n<p>El encuentro del EMITT tuvo lugar en el complejo de caba\u00f1as \u2018La Gruta\u2019, de Claudio Canoni, y, adem\u00e1s de Sandobal y Le\u00f3n, participaron el Secretario de Desarrollo, Dr. Gonzalo Iparraguirre; los concejales Elisabeth Nori y Claudio Iribarren; y representantes de las c\u00e1maras y asociaciones tur\u00edsticas, y del Colegio de Profesionales de Turismo bonaerense.<\/p>\n\n\n<figure class=\"wp-block-image size-large\"><img loading=\"lazy\" decoding=\"async\" width=\"1024\" height=\"768\" src=\"http:\/\/www.celttv.com.ar\/wp-content\/uploads\/2022\/04\/Reunion-EMITT-1024x768.jpeg\" alt=\"\" class=\"wp-image-65264\" srcset=\"https:\/\/www.celttv.com.ar\/wp-content\/uploads\/2022\/04\/Reunion-EMITT-1024x768.jpeg 1024w, https:\/\/www.celttv.com.ar\/wp-content\/uploads\/2022\/04\/Reunion-EMITT-300x225.jpeg 300w, https:\/\/www.celttv.com.ar\/wp-content\/uploads\/2022\/04\/Reunion-EMITT-768x576.jpeg 768w, https:\/\/www.celttv.com.ar\/wp-content\/uploads\/2022\/04\/Reunion-EMITT-1536x1152.jpeg 1536w, https:\/\/www.celttv.com.ar\/wp-content\/uploads\/2022\/04\/Reunion-EMITT-750x563.jpeg 750w, https:\/\/www.celttv.com.ar\/wp-content\/uploads\/2022\/04\/Reunion-EMITT-1140x855.jpeg 1140w, https:\/\/www.celttv.com.ar\/wp-content\/uploads\/2022\/04\/Reunion-EMITT.jpeg 1600w\" sizes=\"auto, (max-width: 1024px) 100vw, 1024px\" \/><\/figure>\n","protected":false},"excerpt":{"rendered":"<p>Este lunes en Villa Serrana La Gruta, se desarroll\u00f3 la reuni\u00f3n mensual del Ente Mixto de Turismo del Distrito de Tornquist (EMITT). Durante el encuentro,las autoridades presentes de la Secretar\u00eda de Turismo, Gustavo Sandobal (Secretario), y Jerem\u00edas Le\u00f3n (Director Planificaci\u00f3n y Desarrollo Tur\u00edstico), expusieron los temas abordados en la reuni\u00f3n del COPROTUR, realizada d\u00edas pasados [&hellip;]<\/p>\n","protected":false},"author":1,"featured_media":65264,"comment_status":"closed","ping_status":"open","sticky":false,"template":"","format":"standard","meta":{"footnotes":""},"categories":[51,52,59,58],"tags":[85],"class_list":["post-65263","post","type-post","status-publish","format-standard","has-post-thumbnail","hentry","category-comunidad","category-destacadas","category-municipales","category-turismo","tag-capacitaciones-y-viajes-de-egresados-en-el-distrito"],"yoast_head":"<!-- This site is optimized with the Yoast SEO plugin v19.7.1 - https:\/\/yoast.com\/wordpress\/plugins\/seo\/ -->\n<title>Capacitaciones y viajes de egresados en el distrito, los temas en los que avanz\u00f3 el Ente Mixto de Turismo - CELTTV<\/title>\n<meta name=\"description\" content=\"Sitio web de noticias de la localidad de Tornquist, provincia de Buenos Aires, Rep\u00fablica Argentina. Contenido propio originado por periodistas de CELTTV, el canal de TV local de la Cooperativa El\u00e9ctrica de Tornquist. Turismo, Pol\u00edtica, Sociedad, Deporte, Cultura y todo el contenido de inter\u00e9s general que la gente del pueblo y la regi\u00f3n debe conocer.\" \/>\n<meta name=\"robots\" content=\"index, follow, max-snippet:-1, max-image-preview:large, max-video-preview:-1\" \/>\n<link rel=\"canonical\" href=\"https:\/\/www.celttv.com.ar\/index.php\/2022\/04\/15\/capacitaciones-y-viajes-de-egresados-en-el-distrito-los-temas-en-los-que-avanzo-el-ente-mixto-de-turismo\/\" \/>\n<meta property=\"og:locale\" content=\"es_ES\" \/>\n<meta property=\"og:type\" content=\"article\" \/>\n<meta property=\"og:title\" content=\"Capacitaciones y viajes de egresados en el distrito, los temas en los que avanz\u00f3 el Ente Mixto de Turismo - CELTTV\" \/>\n<meta property=\"og:description\" content=\"Sitio web de noticias de la localidad de Tornquist, provincia de Buenos Aires, Rep\u00fablica Argentina. Contenido propio originado por periodistas de CELTTV, el canal de TV local de la Cooperativa El\u00e9ctrica de Tornquist. Turismo, Pol\u00edtica, Sociedad, Deporte, Cultura y todo el contenido de inter\u00e9s general que la gente del pueblo y la regi\u00f3n debe conocer.\" \/>\n<meta property=\"og:url\" content=\"https:\/\/www.celttv.com.ar\/index.php\/2022\/04\/15\/capacitaciones-y-viajes-de-egresados-en-el-distrito-los-temas-en-los-que-avanzo-el-ente-mixto-de-turismo\/\" \/>\n<meta property=\"og:site_name\" content=\"CELTTV\" \/>\n<meta property=\"article:publisher\" content=\"https:\/\/www.facebook.com\/celtTV\/\" \/>\n<meta property=\"article:published_time\" content=\"2022-04-15T01:40:32+00:00\" \/>\n<meta property=\"og:image\" content=\"https:\/\/www.celttv.com.ar\/wp-content\/uploads\/2022\/04\/Reunion-EMITT.jpeg\" \/>\n\t<meta property=\"og:image:width\" content=\"1600\" \/>\n\t<meta property=\"og:image:height\" content=\"1200\" \/>\n\t<meta property=\"og:image:type\" content=\"image\/jpeg\" \/>\n<meta name=\"author\" content=\"ulises\" \/>\n<meta name=\"twitter:card\" content=\"summary_large_image\" \/>\n<meta name=\"twitter:label1\" content=\"Escrito por\" \/>\n\t<meta name=\"twitter:data1\" content=\"ulises\" \/>\n\t<meta name=\"twitter:label2\" content=\"Tiempo de lectura\" \/>\n\t<meta name=\"twitter:data2\" content=\"1 minuto\" \/>\n<script type=\"application\/ld+json\" class=\"yoast-schema-graph\">{\"@context\":\"https:\/\/schema.org\",\"@graph\":[{\"@type\":\"NewsArticle\",\"@id\":\"https:\/\/www.celttv.com.ar\/index.php\/2022\/04\/15\/capacitaciones-y-viajes-de-egresados-en-el-distrito-los-temas-en-los-que-avanzo-el-ente-mixto-de-turismo\/#article\",\"isPartOf\":{\"@id\":\"https:\/\/www.celttv.com.ar\/index.php\/2022\/04\/15\/capacitaciones-y-viajes-de-egresados-en-el-distrito-los-temas-en-los-que-avanzo-el-ente-mixto-de-turismo\/\"},\"author\":{\"name\":\"ulises\",\"@id\":\"https:\/\/www.celttv.com.ar\/#\/schema\/person\/6d99c072dba59953809c81446e9d0ace\"},\"headline\":\"Capacitaciones y viajes de egresados en el distrito, los temas en los que avanz\u00f3 el Ente Mixto de Turismo\",\"datePublished\":\"2022-04-15T01:40:32+00:00\",\"dateModified\":\"2022-04-15T01:40:32+00:00\",\"mainEntityOfPage\":{\"@id\":\"https:\/\/www.celttv.com.ar\/index.php\/2022\/04\/15\/capacitaciones-y-viajes-de-egresados-en-el-distrito-los-temas-en-los-que-avanzo-el-ente-mixto-de-turismo\/\"},\"wordCount\":265,\"publisher\":{\"@id\":\"https:\/\/www.celttv.com.ar\/#organization\"},\"keywords\":[\"Capacitaciones y viajes de egresados en el distrito\"],\"articleSection\":[\"Comunidad\",\"Destacadas\",\"Municipales\",\"Turismo\"],\"inLanguage\":\"es\"},{\"@type\":\"WebPage\",\"@id\":\"https:\/\/www.celttv.com.ar\/index.php\/2022\/04\/15\/capacitaciones-y-viajes-de-egresados-en-el-distrito-los-temas-en-los-que-avanzo-el-ente-mixto-de-turismo\/\",\"url\":\"https:\/\/www.celttv.com.ar\/index.php\/2022\/04\/15\/capacitaciones-y-viajes-de-egresados-en-el-distrito-los-temas-en-los-que-avanzo-el-ente-mixto-de-turismo\/\",\"name\":\"Capacitaciones y viajes de egresados en el distrito, los temas en los que avanz\u00f3 el Ente Mixto de Turismo - CELTTV\",\"isPartOf\":{\"@id\":\"https:\/\/www.celttv.com.ar\/#website\"},\"datePublished\":\"2022-04-15T01:40:32+00:00\",\"dateModified\":\"2022-04-15T01:40:32+00:00\",\"description\":\"Sitio web de noticias de la localidad de Tornquist, provincia de Buenos Aires, Rep\u00fablica Argentina. Contenido propio originado por periodistas de CELTTV, el canal de TV local de la Cooperativa El\u00e9ctrica de Tornquist. Turismo, Pol\u00edtica, Sociedad, Deporte, Cultura y todo el contenido de inter\u00e9s general que la gente del pueblo y la regi\u00f3n debe conocer.\",\"breadcrumb\":{\"@id\":\"https:\/\/www.celttv.com.ar\/index.php\/2022\/04\/15\/capacitaciones-y-viajes-de-egresados-en-el-distrito-los-temas-en-los-que-avanzo-el-ente-mixto-de-turismo\/#breadcrumb\"},\"inLanguage\":\"es\",\"potentialAction\":[{\"@type\":\"ReadAction\",\"target\":[\"https:\/\/www.celttv.com.ar\/index.php\/2022\/04\/15\/capacitaciones-y-viajes-de-egresados-en-el-distrito-los-temas-en-los-que-avanzo-el-ente-mixto-de-turismo\/\"]}]},{\"@type\":\"BreadcrumbList\",\"@id\":\"https:\/\/www.celttv.com.ar\/index.php\/2022\/04\/15\/capacitaciones-y-viajes-de-egresados-en-el-distrito-los-temas-en-los-que-avanzo-el-ente-mixto-de-turismo\/#breadcrumb\",\"itemListElement\":[{\"@type\":\"ListItem\",\"position\":1,\"name\":\"Inicio\",\"item\":\"https:\/\/www.celttv.com.ar\/\"},{\"@type\":\"ListItem\",\"position\":2,\"name\":\"Capacitaciones y viajes de egresados en el distrito, los temas en los que avanz\u00f3 el Ente Mixto de Turismo\"}]},{\"@type\":\"WebSite\",\"@id\":\"https:\/\/www.celttv.com.ar\/#website\",\"url\":\"https:\/\/www.celttv.com.ar\/\",\"name\":\"CELTTV\",\"description\":\"Cooperativa El\u00e9ctrica de Tornquist\",\"publisher\":{\"@id\":\"https:\/\/www.celttv.com.ar\/#organization\"},\"potentialAction\":[{\"@type\":\"SearchAction\",\"target\":{\"@type\":\"EntryPoint\",\"urlTemplate\":\"https:\/\/www.celttv.com.ar\/?s={search_term_string}\"},\"query-input\":\"required name=search_term_string\"}],\"inLanguage\":\"es\"},{\"@type\":\"Organization\",\"@id\":\"https:\/\/www.celttv.com.ar\/#organization\",\"name\":\"CELTTV\",\"url\":\"https:\/\/www.celttv.com.ar\/\",\"sameAs\":[\"https:\/\/www.youtube.com\/channel\/UCz_oIt8Hig64Ub-EmcNPIhg\",\"https:\/\/www.facebook.com\/celtTV\/\"],\"logo\":{\"@type\":\"ImageObject\",\"inLanguage\":\"es\",\"@id\":\"https:\/\/www.celttv.com.ar\/#\/schema\/logo\/image\/\",\"url\":\"http:\/\/www.celttv.com.ar\/wp-content\/uploads\/2022\/08\/logo-1.png\",\"contentUrl\":\"http:\/\/www.celttv.com.ar\/wp-content\/uploads\/2022\/08\/logo-1.png\",\"width\":461,\"height\":159,\"caption\":\"CELTTV\"},\"image\":{\"@id\":\"https:\/\/www.celttv.com.ar\/#\/schema\/logo\/image\/\"}},{\"@type\":\"Person\",\"@id\":\"https:\/\/www.celttv.com.ar\/#\/schema\/person\/6d99c072dba59953809c81446e9d0ace\",\"name\":\"ulises\",\"image\":{\"@type\":\"ImageObject\",\"inLanguage\":\"es\",\"@id\":\"https:\/\/www.celttv.com.ar\/#\/schema\/person\/image\/\",\"url\":\"https:\/\/secure.gravatar.com\/avatar\/7f2c48bdc33b30088f941fb6082e555f2874c98e20cb159d7b92b50eadfce793?s=96&d=mm&r=g\",\"contentUrl\":\"https:\/\/secure.gravatar.com\/avatar\/7f2c48bdc33b30088f941fb6082e555f2874c98e20cb159d7b92b50eadfce793?s=96&d=mm&r=g\",\"caption\":\"ulises\"},\"sameAs\":[\"http:\/\/www.celttv.com.ar\"]}]}<\/script>\n<!-- \/ Yoast SEO plugin. -->","yoast_head_json":{"title":"Capacitaciones y viajes de egresados en el distrito, los temas en los que avanz\u00f3 el Ente Mixto de Turismo - CELTTV","description":"Sitio web de noticias de la localidad de Tornquist, provincia de Buenos Aires, Rep\u00fablica Argentina. Contenido propio originado por periodistas de CELTTV, el canal de TV local de la Cooperativa El\u00e9ctrica de Tornquist. Turismo, Pol\u00edtica, Sociedad, Deporte, Cultura y todo el contenido de inter\u00e9s general que la gente del pueblo y la regi\u00f3n debe conocer.","robots":{"index":"index","follow":"follow","max-snippet":"max-snippet:-1","max-image-preview":"max-image-preview:large","max-video-preview":"max-video-preview:-1"},"canonical":"https:\/\/www.celttv.com.ar\/index.php\/2022\/04\/15\/capacitaciones-y-viajes-de-egresados-en-el-distrito-los-temas-en-los-que-avanzo-el-ente-mixto-de-turismo\/","og_locale":"es_ES","og_type":"article","og_title":"Capacitaciones y viajes de egresados en el distrito, los temas en los que avanz\u00f3 el Ente Mixto de Turismo - CELTTV","og_description":"Sitio web de noticias de la localidad de Tornquist, provincia de Buenos Aires, Rep\u00fablica Argentina. Contenido propio originado por periodistas de CELTTV, el canal de TV local de la Cooperativa El\u00e9ctrica de Tornquist. Turismo, Pol\u00edtica, Sociedad, Deporte, Cultura y todo el contenido de inter\u00e9s general que la gente del pueblo y la regi\u00f3n debe conocer.","og_url":"https:\/\/www.celttv.com.ar\/index.php\/2022\/04\/15\/capacitaciones-y-viajes-de-egresados-en-el-distrito-los-temas-en-los-que-avanzo-el-ente-mixto-de-turismo\/","og_site_name":"CELTTV","article_publisher":"https:\/\/www.facebook.com\/celtTV\/","article_published_time":"2022-04-15T01:40:32+00:00","og_image":[{"width":1600,"height":1200,"url":"https:\/\/www.celttv.com.ar\/wp-content\/uploads\/2022\/04\/Reunion-EMITT.jpeg","type":"image\/jpeg"}],"author":"ulises","twitter_card":"summary_large_image","twitter_misc":{"Escrito por":"ulises","Tiempo de lectura":"1 minuto"},"schema":{"@context":"https:\/\/schema.org","@graph":[{"@type":"NewsArticle","@id":"https:\/\/www.celttv.com.ar\/index.php\/2022\/04\/15\/capacitaciones-y-viajes-de-egresados-en-el-distrito-los-temas-en-los-que-avanzo-el-ente-mixto-de-turismo\/#article","isPartOf":{"@id":"https:\/\/www.celttv.com.ar\/index.php\/2022\/04\/15\/capacitaciones-y-viajes-de-egresados-en-el-distrito-los-temas-en-los-que-avanzo-el-ente-mixto-de-turismo\/"},"author":{"name":"ulises","@id":"https:\/\/www.celttv.com.ar\/#\/schema\/person\/6d99c072dba59953809c81446e9d0ace"},"headline":"Capacitaciones y viajes de egresados en el distrito, los temas en los que avanz\u00f3 el Ente Mixto de Turismo","datePublished":"2022-04-15T01:40:32+00:00","dateModified":"2022-04-15T01:40:32+00:00","mainEntityOfPage":{"@id":"https:\/\/www.celttv.com.ar\/index.php\/2022\/04\/15\/capacitaciones-y-viajes-de-egresados-en-el-distrito-los-temas-en-los-que-avanzo-el-ente-mixto-de-turismo\/"},"wordCount":265,"publisher":{"@id":"https:\/\/www.celttv.com.ar\/#organization"},"keywords":["Capacitaciones y viajes de egresados en el distrito"],"articleSection":["Comunidad","Destacadas","Municipales","Turismo"],"inLanguage":"es"},{"@type":"WebPage","@id":"https:\/\/www.celttv.com.ar\/index.php\/2022\/04\/15\/capacitaciones-y-viajes-de-egresados-en-el-distrito-los-temas-en-los-que-avanzo-el-ente-mixto-de-turismo\/","url":"https:\/\/www.celttv.com.ar\/index.php\/2022\/04\/15\/capacitaciones-y-viajes-de-egresados-en-el-distrito-los-temas-en-los-que-avanzo-el-ente-mixto-de-turismo\/","name":"Capacitaciones y viajes de egresados en el distrito, los temas en los que avanz\u00f3 el Ente Mixto de Turismo - CELTTV","isPartOf":{"@id":"https:\/\/www.celttv.com.ar\/#website"},"datePublished":"2022-04-15T01:40:32+00:00","dateModified":"2022-04-15T01:40:32+00:00","description":"Sitio web de noticias de la localidad de Tornquist, provincia de Buenos Aires, Rep\u00fablica Argentina. Contenido propio originado por periodistas de CELTTV, el canal de TV local de la Cooperativa El\u00e9ctrica de Tornquist. Turismo, Pol\u00edtica, Sociedad, Deporte, Cultura y todo el contenido de inter\u00e9s general que la gente del pueblo y la regi\u00f3n debe conocer.","breadcrumb":{"@id":"https:\/\/www.celttv.com.ar\/index.php\/2022\/04\/15\/capacitaciones-y-viajes-de-egresados-en-el-distrito-los-temas-en-los-que-avanzo-el-ente-mixto-de-turismo\/#breadcrumb"},"inLanguage":"es","potentialAction":[{"@type":"ReadAction","target":["https:\/\/www.celttv.com.ar\/index.php\/2022\/04\/15\/capacitaciones-y-viajes-de-egresados-en-el-distrito-los-temas-en-los-que-avanzo-el-ente-mixto-de-turismo\/"]}]},{"@type":"BreadcrumbList","@id":"https:\/\/www.celttv.com.ar\/index.php\/2022\/04\/15\/capacitaciones-y-viajes-de-egresados-en-el-distrito-los-temas-en-los-que-avanzo-el-ente-mixto-de-turismo\/#breadcrumb","itemListElement":[{"@type":"ListItem","position":1,"name":"Inicio","item":"https:\/\/www.celttv.com.ar\/"},{"@type":"ListItem","position":2,"name":"Capacitaciones y viajes de egresados en el distrito, los temas en los que avanz\u00f3 el Ente Mixto de Turismo"}]},{"@type":"WebSite","@id":"https:\/\/www.celttv.com.ar\/#website","url":"https:\/\/www.celttv.com.ar\/","name":"CELTTV","description":"Cooperativa El\u00e9ctrica de Tornquist","publisher":{"@id":"https:\/\/www.celttv.com.ar\/#organization"},"potentialAction":[{"@type":"SearchAction","target":{"@type":"EntryPoint","urlTemplate":"https:\/\/www.celttv.com.ar\/?s={search_term_string}"},"query-input":"required name=search_term_string"}],"inLanguage":"es"},{"@type":"Organization","@id":"https:\/\/www.celttv.com.ar\/#organization","name":"CELTTV","url":"https:\/\/www.celttv.com.ar\/","sameAs":["https:\/\/www.youtube.com\/channel\/UCz_oIt8Hig64Ub-EmcNPIhg","https:\/\/www.facebook.com\/celtTV\/"],"logo":{"@type":"ImageObject","inLanguage":"es","@id":"https:\/\/www.celttv.com.ar\/#\/schema\/logo\/image\/","url":"http:\/\/www.celttv.com.ar\/wp-content\/uploads\/2022\/08\/logo-1.png","contentUrl":"http:\/\/www.celttv.com.ar\/wp-content\/uploads\/2022\/08\/logo-1.png","width":461,"height":159,"caption":"CELTTV"},"image":{"@id":"https:\/\/www.celttv.com.ar\/#\/schema\/logo\/image\/"}},{"@type":"Person","@id":"https:\/\/www.celttv.com.ar\/#\/schema\/person\/6d99c072dba59953809c81446e9d0ace","name":"ulises","image":{"@type":"ImageObject","inLanguage":"es","@id":"https:\/\/www.celttv.com.ar\/#\/schema\/person\/image\/","url":"https:\/\/secure.gravatar.com\/avatar\/7f2c48bdc33b30088f941fb6082e555f2874c98e20cb159d7b92b50eadfce793?s=96&d=mm&r=g","contentUrl":"https:\/\/secure.gravatar.com\/avatar\/7f2c48bdc33b30088f941fb6082e555f2874c98e20cb159d7b92b50eadfce793?s=96&d=mm&r=g","caption":"ulises"},"sameAs":["http:\/\/www.celttv.com.ar"]}]}},"_links":{"self":[{"href":"https:\/\/www.celttv.com.ar\/index.php\/wp-json\/wp\/v2\/posts\/65263","targetHints":{"allow":["GET"]}}],"collection":[{"href":"https:\/\/www.celttv.com.ar\/index.php\/wp-json\/wp\/v2\/posts"}],"about":[{"href":"https:\/\/www.celttv.com.ar\/index.php\/wp-json\/wp\/v2\/types\/post"}],"author":[{"embeddable":true,"href":"https:\/\/www.celttv.com.ar\/index.php\/wp-json\/wp\/v2\/users\/1"}],"replies":[{"embeddable":true,"href":"https:\/\/www.celttv.com.ar\/index.php\/wp-json\/wp\/v2\/comments?post=65263"}],"version-history":[{"count":0,"href":"https:\/\/www.celttv.com.ar\/index.php\/wp-json\/wp\/v2\/posts\/65263\/revisions"}],"wp:featuredmedia":[{"embeddable":true,"href":"https:\/\/www.celttv.com.ar\/index.php\/wp-json\/wp\/v2\/media\/65264"}],"wp:attachment":[{"href":"https:\/\/www.celttv.com.ar\/index.php\/wp-json\/wp\/v2\/media?parent=65263"}],"wp:term":[{"taxonomy":"category","embeddable":true,"href":"https:\/\/www.celttv.com.ar\/index.php\/wp-json\/wp\/v2\/categories?post=65263"},{"taxonomy":"post_tag","embeddable":true,"href":"https:\/\/www.celttv.com.ar\/index.php\/wp-json\/wp\/v2\/tags?post=65263"}],"curies":[{"name":"wp","href":"https:\/\/api.w.org\/{rel}","templated":true}]}}