{"id":65269,"date":"2022-04-15T17:50:01","date_gmt":"2022-04-15T17:50:01","guid":{"rendered":"http:\/\/www.celttv.com.ar\/?p=65269"},"modified":"2022-04-15T17:50:01","modified_gmt":"2022-04-15T17:50:01","slug":"turismo-en-semana-santa-comarca-al-100","status":"publish","type":"post","link":"https:\/\/www.celttv.com.ar\/index.php\/2022\/04\/15\/turismo-en-semana-santa-comarca-al-100\/","title":{"rendered":"Turismo en Semana Santa: &#8220;COMARCA AL 100%&#8221;"},"content":{"rendered":"\n<p>Este mediodia CELTTV Noticias, luego de recorrer con nuestras c\u00e1maras los puntos mas neur\u00e1lgicos de la comarca, dialogamos con el Secretario de Turismo y el Secretario de Pllanificaci\u00f3n y Desarrollo Tur\u00edstico del distrito de Tornquist.<\/p>\n\n\n<p>Gustavo Sandobal y Jerem\u00edas Le\u00f3n coincidian en que esta Semana Santa se podr\u00eda establecer un nuevo record de ocupaci\u00f3n en todas las localidades del distrito.<\/p>\n\n\n<p>Las reservas, desde muy temprano, permitian suponer que al acercarse la fecha la demanda iba a superar la oferta y eso es precisamente lo que se puede advertir.<\/p>\n\n\n<p>La diversidad que propone nuestra comarca la hace atractiva en si misma y, una vez m\u00e1s, el &#8220;distrito mas bonito de la provincia de Buenos Aires&#8221; se pone al tope en afluencia de turistas para otra Semana Santa,<\/p>\n\n\n<p><strong>NOTA DE CELTTV NOTICIAS CON GUSTAVO SANDOBAL Y JEREMIAS LEON<\/strong><\/p>\n\n\n<figure class=\"wp-block-embed is-type-video is-provider-youtube wp-block-embed-youtube wp-embed-aspect-16-9 wp-has-aspect-ratio\"><div class=\"wp-block-embed__wrapper\">\n<iframe loading=\"lazy\" title=\"2022 04 15 EN VIVO GUSTAVO SANDOBAL   TURISMO\" width=\"500\" height=\"281\" src=\"https:\/\/www.youtube.com\/embed\/YTVHB7b1Lbw?feature=oembed\" frameborder=\"0\" allow=\"accelerometer; autoplay; clipboard-write; encrypted-media; gyroscope; picture-in-picture; web-share\" referrerpolicy=\"strict-origin-when-cross-origin\" allowfullscreen><\/iframe>\n<\/div><\/figure>\n\n\n<figure class=\"wp-block-embed is-type-video is-provider-youtube wp-block-embed-youtube wp-embed-aspect-16-9 wp-has-aspect-ratio\"><div class=\"wp-block-embed__wrapper\">\n<iframe loading=\"lazy\" title=\"2022 04 15 EN VIVO GEREMIAS LEON   TURISMO\" width=\"500\" height=\"281\" src=\"https:\/\/www.youtube.com\/embed\/-joMSYHIxI8?feature=oembed\" frameborder=\"0\" allow=\"accelerometer; autoplay; clipboard-write; encrypted-media; gyroscope; picture-in-picture; web-share\" referrerpolicy=\"strict-origin-when-cross-origin\" allowfullscreen><\/iframe>\n<\/div><\/figure>\n\n\n<figure class=\"wp-block-gallery columns-3 is-cropped wp-block-gallery-1 is-layout-flex wp-block-gallery-is-layout-flex\"><ul class=\"blocks-gallery-grid\"><li class=\"blocks-gallery-item\"><figure><img loading=\"lazy\" decoding=\"async\" width=\"1024\" height=\"683\" src=\"http:\/\/www.celttv.com.ar\/wp-content\/uploads\/2022\/04\/IMG_7964-Medium-1024x683.jpg\" alt=\"\" data-id=\"65270\" data-full-url=\"http:\/\/www.celttv.com.ar\/wp-content\/uploads\/2022\/04\/IMG_7964-Medium.jpg\" data-link=\"http:\/\/www.celttv.com.ar\/?attachment_id=65270\" class=\"wp-image-65270\" srcset=\"https:\/\/www.celttv.com.ar\/wp-content\/uploads\/2022\/04\/IMG_7964-Medium-1024x683.jpg 1024w, https:\/\/www.celttv.com.ar\/wp-content\/uploads\/2022\/04\/IMG_7964-Medium-300x200.jpg 300w, https:\/\/www.celttv.com.ar\/wp-content\/uploads\/2022\/04\/IMG_7964-Medium-768x512.jpg 768w, https:\/\/www.celttv.com.ar\/wp-content\/uploads\/2022\/04\/IMG_7964-Medium-750x500.jpg 750w, https:\/\/www.celttv.com.ar\/wp-content\/uploads\/2022\/04\/IMG_7964-Medium-1140x760.jpg 1140w, https:\/\/www.celttv.com.ar\/wp-content\/uploads\/2022\/04\/IMG_7964-Medium.jpg 1152w\" sizes=\"auto, (max-width: 1024px) 100vw, 1024px\" \/><\/figure><\/li><li class=\"blocks-gallery-item\"><figure><img loading=\"lazy\" decoding=\"async\" width=\"683\" height=\"1024\" src=\"http:\/\/www.celttv.com.ar\/wp-content\/uploads\/2022\/04\/IMG_7965-Medium-683x1024.jpg\" alt=\"\" data-id=\"65271\" data-full-url=\"http:\/\/www.celttv.com.ar\/wp-content\/uploads\/2022\/04\/IMG_7965-Medium.jpg\" data-link=\"http:\/\/www.celttv.com.ar\/?attachment_id=65271\" class=\"wp-image-65271\" srcset=\"https:\/\/www.celttv.com.ar\/wp-content\/uploads\/2022\/04\/IMG_7965-Medium-683x1024.jpg 683w, https:\/\/www.celttv.com.ar\/wp-content\/uploads\/2022\/04\/IMG_7965-Medium-200x300.jpg 200w, https:\/\/www.celttv.com.ar\/wp-content\/uploads\/2022\/04\/IMG_7965-Medium-750x1125.jpg 750w, https:\/\/www.celttv.com.ar\/wp-content\/uploads\/2022\/04\/IMG_7965-Medium.jpg 768w\" sizes=\"auto, (max-width: 683px) 100vw, 683px\" \/><\/figure><\/li><li class=\"blocks-gallery-item\"><figure><img loading=\"lazy\" decoding=\"async\" width=\"1024\" height=\"683\" src=\"http:\/\/www.celttv.com.ar\/wp-content\/uploads\/2022\/04\/IMG_7966-Medium-1024x683.jpg\" alt=\"\" data-id=\"65272\" data-full-url=\"http:\/\/www.celttv.com.ar\/wp-content\/uploads\/2022\/04\/IMG_7966-Medium.jpg\" data-link=\"http:\/\/www.celttv.com.ar\/?attachment_id=65272\" class=\"wp-image-65272\" srcset=\"https:\/\/www.celttv.com.ar\/wp-content\/uploads\/2022\/04\/IMG_7966-Medium-1024x683.jpg 1024w, https:\/\/www.celttv.com.ar\/wp-content\/uploads\/2022\/04\/IMG_7966-Medium-300x200.jpg 300w, https:\/\/www.celttv.com.ar\/wp-content\/uploads\/2022\/04\/IMG_7966-Medium-768x512.jpg 768w, https:\/\/www.celttv.com.ar\/wp-content\/uploads\/2022\/04\/IMG_7966-Medium-750x500.jpg 750w, https:\/\/www.celttv.com.ar\/wp-content\/uploads\/2022\/04\/IMG_7966-Medium-1140x760.jpg 1140w, https:\/\/www.celttv.com.ar\/wp-content\/uploads\/2022\/04\/IMG_7966-Medium.jpg 1152w\" sizes=\"auto, (max-width: 1024px) 100vw, 1024px\" \/><\/figure><\/li><li class=\"blocks-gallery-item\"><figure><img loading=\"lazy\" decoding=\"async\" width=\"1024\" height=\"683\" src=\"http:\/\/www.celttv.com.ar\/wp-content\/uploads\/2022\/04\/IMG_7967-Medium-1024x683.jpg\" alt=\"\" data-id=\"65273\" data-full-url=\"http:\/\/www.celttv.com.ar\/wp-content\/uploads\/2022\/04\/IMG_7967-Medium.jpg\" data-link=\"http:\/\/www.celttv.com.ar\/?attachment_id=65273\" class=\"wp-image-65273\" srcset=\"https:\/\/www.celttv.com.ar\/wp-content\/uploads\/2022\/04\/IMG_7967-Medium-1024x683.jpg 1024w, https:\/\/www.celttv.com.ar\/wp-content\/uploads\/2022\/04\/IMG_7967-Medium-300x200.jpg 300w, https:\/\/www.celttv.com.ar\/wp-content\/uploads\/2022\/04\/IMG_7967-Medium-768x512.jpg 768w, https:\/\/www.celttv.com.ar\/wp-content\/uploads\/2022\/04\/IMG_7967-Medium-750x500.jpg 750w, https:\/\/www.celttv.com.ar\/wp-content\/uploads\/2022\/04\/IMG_7967-Medium-1140x760.jpg 1140w, https:\/\/www.celttv.com.ar\/wp-content\/uploads\/2022\/04\/IMG_7967-Medium.jpg 1152w\" sizes=\"auto, (max-width: 1024px) 100vw, 1024px\" \/><\/figure><\/li><li class=\"blocks-gallery-item\"><figure><img loading=\"lazy\" decoding=\"async\" width=\"683\" height=\"1024\" src=\"http:\/\/www.celttv.com.ar\/wp-content\/uploads\/2022\/04\/IMG_7968-Medium-683x1024.jpg\" alt=\"\" data-id=\"65274\" data-full-url=\"http:\/\/www.celttv.com.ar\/wp-content\/uploads\/2022\/04\/IMG_7968-Medium.jpg\" data-link=\"http:\/\/www.celttv.com.ar\/?attachment_id=65274\" class=\"wp-image-65274\" srcset=\"https:\/\/www.celttv.com.ar\/wp-content\/uploads\/2022\/04\/IMG_7968-Medium-683x1024.jpg 683w, https:\/\/www.celttv.com.ar\/wp-content\/uploads\/2022\/04\/IMG_7968-Medium-200x300.jpg 200w, https:\/\/www.celttv.com.ar\/wp-content\/uploads\/2022\/04\/IMG_7968-Medium-750x1125.jpg 750w, https:\/\/www.celttv.com.ar\/wp-content\/uploads\/2022\/04\/IMG_7968-Medium.jpg 768w\" sizes=\"auto, (max-width: 683px) 100vw, 683px\" \/><\/figure><\/li><\/ul><\/figure>\n","protected":false},"excerpt":{"rendered":"<p>Este mediodia CELTTV Noticias, luego de recorrer con nuestras c\u00e1maras los puntos mas neur\u00e1lgicos de la comarca, dialogamos con el Secretario de Turismo y el Secretario de Pllanificaci\u00f3n y Desarrollo Tur\u00edstico del distrito de Tornquist. Gustavo Sandobal y Jerem\u00edas Le\u00f3n coincidian en que esta Semana Santa se podr\u00eda establecer un nuevo record de ocupaci\u00f3n en [&hellip;]<\/p>\n","protected":false},"author":1,"featured_media":65274,"comment_status":"closed","ping_status":"open","sticky":false,"template":"","format":"standard","meta":{"footnotes":""},"categories":[51,52,59,58],"tags":[],"class_list":["post-65269","post","type-post","status-publish","format-standard","has-post-thumbnail","hentry","category-comunidad","category-destacadas","category-municipales","category-turismo"],"yoast_head":"<!-- This site is optimized with the Yoast SEO plugin v19.7.1 - https:\/\/yoast.com\/wordpress\/plugins\/seo\/ -->\n<title>Turismo en Semana Santa: &quot;COMARCA AL 100%&quot; - CELTTV<\/title>\n<meta name=\"description\" content=\"Sitio web de noticias de la localidad de Tornquist, provincia de Buenos Aires, Rep\u00fablica Argentina. Contenido propio originado por periodistas de CELTTV, el canal de TV local de la Cooperativa El\u00e9ctrica de Tornquist. Turismo, Pol\u00edtica, Sociedad, Deporte, Cultura y todo el contenido de inter\u00e9s general que la gente del pueblo y la regi\u00f3n debe conocer.\" \/>\n<meta name=\"robots\" content=\"index, follow, max-snippet:-1, max-image-preview:large, max-video-preview:-1\" \/>\n<link rel=\"canonical\" href=\"https:\/\/www.celttv.com.ar\/index.php\/2022\/04\/15\/turismo-en-semana-santa-comarca-al-100\/\" \/>\n<meta property=\"og:locale\" content=\"es_ES\" \/>\n<meta property=\"og:type\" content=\"article\" \/>\n<meta property=\"og:title\" content=\"Turismo en Semana Santa: &quot;COMARCA AL 100%&quot; - CELTTV\" \/>\n<meta property=\"og:description\" content=\"Sitio web de noticias de la localidad de Tornquist, provincia de Buenos Aires, Rep\u00fablica Argentina. Contenido propio originado por periodistas de CELTTV, el canal de TV local de la Cooperativa El\u00e9ctrica de Tornquist. Turismo, Pol\u00edtica, Sociedad, Deporte, Cultura y todo el contenido de inter\u00e9s general que la gente del pueblo y la regi\u00f3n debe conocer.\" \/>\n<meta property=\"og:url\" content=\"https:\/\/www.celttv.com.ar\/index.php\/2022\/04\/15\/turismo-en-semana-santa-comarca-al-100\/\" \/>\n<meta property=\"og:site_name\" content=\"CELTTV\" \/>\n<meta property=\"article:publisher\" content=\"https:\/\/www.facebook.com\/celtTV\/\" \/>\n<meta property=\"article:published_time\" content=\"2022-04-15T17:50:01+00:00\" \/>\n<meta property=\"og:image\" content=\"https:\/\/www.celttv.com.ar\/wp-content\/uploads\/2022\/04\/IMG_7968-Medium.jpg\" \/>\n\t<meta property=\"og:image:width\" content=\"768\" \/>\n\t<meta property=\"og:image:height\" content=\"1152\" \/>\n\t<meta property=\"og:image:type\" content=\"image\/jpeg\" \/>\n<meta name=\"author\" content=\"ulises\" \/>\n<meta name=\"twitter:card\" content=\"summary_large_image\" \/>\n<meta name=\"twitter:label1\" content=\"Escrito por\" \/>\n\t<meta name=\"twitter:data1\" content=\"ulises\" \/>\n\t<meta name=\"twitter:label2\" content=\"Tiempo de lectura\" \/>\n\t<meta name=\"twitter:data2\" content=\"1 minuto\" \/>\n<script type=\"application\/ld+json\" class=\"yoast-schema-graph\">{\"@context\":\"https:\/\/schema.org\",\"@graph\":[{\"@type\":\"NewsArticle\",\"@id\":\"https:\/\/www.celttv.com.ar\/index.php\/2022\/04\/15\/turismo-en-semana-santa-comarca-al-100\/#article\",\"isPartOf\":{\"@id\":\"https:\/\/www.celttv.com.ar\/index.php\/2022\/04\/15\/turismo-en-semana-santa-comarca-al-100\/\"},\"author\":{\"name\":\"ulises\",\"@id\":\"https:\/\/www.celttv.com.ar\/#\/schema\/person\/6d99c072dba59953809c81446e9d0ace\"},\"headline\":\"Turismo en Semana Santa: &#8220;COMARCA AL 100%&#8221;\",\"datePublished\":\"2022-04-15T17:50:01+00:00\",\"dateModified\":\"2022-04-15T17:50:01+00:00\",\"mainEntityOfPage\":{\"@id\":\"https:\/\/www.celttv.com.ar\/index.php\/2022\/04\/15\/turismo-en-semana-santa-comarca-al-100\/\"},\"wordCount\":161,\"publisher\":{\"@id\":\"https:\/\/www.celttv.com.ar\/#organization\"},\"articleSection\":[\"Comunidad\",\"Destacadas\",\"Municipales\",\"Turismo\"],\"inLanguage\":\"es\"},{\"@type\":\"WebPage\",\"@id\":\"https:\/\/www.celttv.com.ar\/index.php\/2022\/04\/15\/turismo-en-semana-santa-comarca-al-100\/\",\"url\":\"https:\/\/www.celttv.com.ar\/index.php\/2022\/04\/15\/turismo-en-semana-santa-comarca-al-100\/\",\"name\":\"Turismo en Semana Santa: \\\"COMARCA AL 100%\\\" - CELTTV\",\"isPartOf\":{\"@id\":\"https:\/\/www.celttv.com.ar\/#website\"},\"datePublished\":\"2022-04-15T17:50:01+00:00\",\"dateModified\":\"2022-04-15T17:50:01+00:00\",\"description\":\"Sitio web de noticias de la localidad de Tornquist, provincia de Buenos Aires, Rep\u00fablica Argentina. Contenido propio originado por periodistas de CELTTV, el canal de TV local de la Cooperativa El\u00e9ctrica de Tornquist. Turismo, Pol\u00edtica, Sociedad, Deporte, Cultura y todo el contenido de inter\u00e9s general que la gente del pueblo y la regi\u00f3n debe conocer.\",\"breadcrumb\":{\"@id\":\"https:\/\/www.celttv.com.ar\/index.php\/2022\/04\/15\/turismo-en-semana-santa-comarca-al-100\/#breadcrumb\"},\"inLanguage\":\"es\",\"potentialAction\":[{\"@type\":\"ReadAction\",\"target\":[\"https:\/\/www.celttv.com.ar\/index.php\/2022\/04\/15\/turismo-en-semana-santa-comarca-al-100\/\"]}]},{\"@type\":\"BreadcrumbList\",\"@id\":\"https:\/\/www.celttv.com.ar\/index.php\/2022\/04\/15\/turismo-en-semana-santa-comarca-al-100\/#breadcrumb\",\"itemListElement\":[{\"@type\":\"ListItem\",\"position\":1,\"name\":\"Inicio\",\"item\":\"https:\/\/www.celttv.com.ar\/\"},{\"@type\":\"ListItem\",\"position\":2,\"name\":\"Turismo en Semana Santa: &#8220;COMARCA AL 100%&#8221;\"}]},{\"@type\":\"WebSite\",\"@id\":\"https:\/\/www.celttv.com.ar\/#website\",\"url\":\"https:\/\/www.celttv.com.ar\/\",\"name\":\"CELTTV\",\"description\":\"Cooperativa El\u00e9ctrica de Tornquist\",\"publisher\":{\"@id\":\"https:\/\/www.celttv.com.ar\/#organization\"},\"potentialAction\":[{\"@type\":\"SearchAction\",\"target\":{\"@type\":\"EntryPoint\",\"urlTemplate\":\"https:\/\/www.celttv.com.ar\/?s={search_term_string}\"},\"query-input\":\"required name=search_term_string\"}],\"inLanguage\":\"es\"},{\"@type\":\"Organization\",\"@id\":\"https:\/\/www.celttv.com.ar\/#organization\",\"name\":\"CELTTV\",\"url\":\"https:\/\/www.celttv.com.ar\/\",\"sameAs\":[\"https:\/\/www.youtube.com\/channel\/UCz_oIt8Hig64Ub-EmcNPIhg\",\"https:\/\/www.facebook.com\/celtTV\/\"],\"logo\":{\"@type\":\"ImageObject\",\"inLanguage\":\"es\",\"@id\":\"https:\/\/www.celttv.com.ar\/#\/schema\/logo\/image\/\",\"url\":\"http:\/\/www.celttv.com.ar\/wp-content\/uploads\/2022\/08\/logo-1.png\",\"contentUrl\":\"http:\/\/www.celttv.com.ar\/wp-content\/uploads\/2022\/08\/logo-1.png\",\"width\":461,\"height\":159,\"caption\":\"CELTTV\"},\"image\":{\"@id\":\"https:\/\/www.celttv.com.ar\/#\/schema\/logo\/image\/\"}},{\"@type\":\"Person\",\"@id\":\"https:\/\/www.celttv.com.ar\/#\/schema\/person\/6d99c072dba59953809c81446e9d0ace\",\"name\":\"ulises\",\"image\":{\"@type\":\"ImageObject\",\"inLanguage\":\"es\",\"@id\":\"https:\/\/www.celttv.com.ar\/#\/schema\/person\/image\/\",\"url\":\"https:\/\/secure.gravatar.com\/avatar\/7f2c48bdc33b30088f941fb6082e555f2874c98e20cb159d7b92b50eadfce793?s=96&d=mm&r=g\",\"contentUrl\":\"https:\/\/secure.gravatar.com\/avatar\/7f2c48bdc33b30088f941fb6082e555f2874c98e20cb159d7b92b50eadfce793?s=96&d=mm&r=g\",\"caption\":\"ulises\"},\"sameAs\":[\"http:\/\/www.celttv.com.ar\"]}]}<\/script>\n<!-- \/ Yoast SEO plugin. -->","yoast_head_json":{"title":"Turismo en Semana Santa: \"COMARCA AL 100%\" - CELTTV","description":"Sitio web de noticias de la localidad de Tornquist, provincia de Buenos Aires, Rep\u00fablica Argentina. Contenido propio originado por periodistas de CELTTV, el canal de TV local de la Cooperativa El\u00e9ctrica de Tornquist. Turismo, Pol\u00edtica, Sociedad, Deporte, Cultura y todo el contenido de inter\u00e9s general que la gente del pueblo y la regi\u00f3n debe conocer.","robots":{"index":"index","follow":"follow","max-snippet":"max-snippet:-1","max-image-preview":"max-image-preview:large","max-video-preview":"max-video-preview:-1"},"canonical":"https:\/\/www.celttv.com.ar\/index.php\/2022\/04\/15\/turismo-en-semana-santa-comarca-al-100\/","og_locale":"es_ES","og_type":"article","og_title":"Turismo en Semana Santa: \"COMARCA AL 100%\" - CELTTV","og_description":"Sitio web de noticias de la localidad de Tornquist, provincia de Buenos Aires, Rep\u00fablica Argentina. Contenido propio originado por periodistas de CELTTV, el canal de TV local de la Cooperativa El\u00e9ctrica de Tornquist. Turismo, Pol\u00edtica, Sociedad, Deporte, Cultura y todo el contenido de inter\u00e9s general que la gente del pueblo y la regi\u00f3n debe conocer.","og_url":"https:\/\/www.celttv.com.ar\/index.php\/2022\/04\/15\/turismo-en-semana-santa-comarca-al-100\/","og_site_name":"CELTTV","article_publisher":"https:\/\/www.facebook.com\/celtTV\/","article_published_time":"2022-04-15T17:50:01+00:00","og_image":[{"width":768,"height":1152,"url":"https:\/\/www.celttv.com.ar\/wp-content\/uploads\/2022\/04\/IMG_7968-Medium.jpg","type":"image\/jpeg"}],"author":"ulises","twitter_card":"summary_large_image","twitter_misc":{"Escrito por":"ulises","Tiempo de lectura":"1 minuto"},"schema":{"@context":"https:\/\/schema.org","@graph":[{"@type":"NewsArticle","@id":"https:\/\/www.celttv.com.ar\/index.php\/2022\/04\/15\/turismo-en-semana-santa-comarca-al-100\/#article","isPartOf":{"@id":"https:\/\/www.celttv.com.ar\/index.php\/2022\/04\/15\/turismo-en-semana-santa-comarca-al-100\/"},"author":{"name":"ulises","@id":"https:\/\/www.celttv.com.ar\/#\/schema\/person\/6d99c072dba59953809c81446e9d0ace"},"headline":"Turismo en Semana Santa: &#8220;COMARCA AL 100%&#8221;","datePublished":"2022-04-15T17:50:01+00:00","dateModified":"2022-04-15T17:50:01+00:00","mainEntityOfPage":{"@id":"https:\/\/www.celttv.com.ar\/index.php\/2022\/04\/15\/turismo-en-semana-santa-comarca-al-100\/"},"wordCount":161,"publisher":{"@id":"https:\/\/www.celttv.com.ar\/#organization"},"articleSection":["Comunidad","Destacadas","Municipales","Turismo"],"inLanguage":"es"},{"@type":"WebPage","@id":"https:\/\/www.celttv.com.ar\/index.php\/2022\/04\/15\/turismo-en-semana-santa-comarca-al-100\/","url":"https:\/\/www.celttv.com.ar\/index.php\/2022\/04\/15\/turismo-en-semana-santa-comarca-al-100\/","name":"Turismo en Semana Santa: \"COMARCA AL 100%\" - CELTTV","isPartOf":{"@id":"https:\/\/www.celttv.com.ar\/#website"},"datePublished":"2022-04-15T17:50:01+00:00","dateModified":"2022-04-15T17:50:01+00:00","description":"Sitio web de noticias de la localidad de Tornquist, provincia de Buenos Aires, Rep\u00fablica Argentina. Contenido propio originado por periodistas de CELTTV, el canal de TV local de la Cooperativa El\u00e9ctrica de Tornquist. Turismo, Pol\u00edtica, Sociedad, Deporte, Cultura y todo el contenido de inter\u00e9s general que la gente del pueblo y la regi\u00f3n debe conocer.","breadcrumb":{"@id":"https:\/\/www.celttv.com.ar\/index.php\/2022\/04\/15\/turismo-en-semana-santa-comarca-al-100\/#breadcrumb"},"inLanguage":"es","potentialAction":[{"@type":"ReadAction","target":["https:\/\/www.celttv.com.ar\/index.php\/2022\/04\/15\/turismo-en-semana-santa-comarca-al-100\/"]}]},{"@type":"BreadcrumbList","@id":"https:\/\/www.celttv.com.ar\/index.php\/2022\/04\/15\/turismo-en-semana-santa-comarca-al-100\/#breadcrumb","itemListElement":[{"@type":"ListItem","position":1,"name":"Inicio","item":"https:\/\/www.celttv.com.ar\/"},{"@type":"ListItem","position":2,"name":"Turismo en Semana Santa: &#8220;COMARCA AL 100%&#8221;"}]},{"@type":"WebSite","@id":"https:\/\/www.celttv.com.ar\/#website","url":"https:\/\/www.celttv.com.ar\/","name":"CELTTV","description":"Cooperativa El\u00e9ctrica de Tornquist","publisher":{"@id":"https:\/\/www.celttv.com.ar\/#organization"},"potentialAction":[{"@type":"SearchAction","target":{"@type":"EntryPoint","urlTemplate":"https:\/\/www.celttv.com.ar\/?s={search_term_string}"},"query-input":"required name=search_term_string"}],"inLanguage":"es"},{"@type":"Organization","@id":"https:\/\/www.celttv.com.ar\/#organization","name":"CELTTV","url":"https:\/\/www.celttv.com.ar\/","sameAs":["https:\/\/www.youtube.com\/channel\/UCz_oIt8Hig64Ub-EmcNPIhg","https:\/\/www.facebook.com\/celtTV\/"],"logo":{"@type":"ImageObject","inLanguage":"es","@id":"https:\/\/www.celttv.com.ar\/#\/schema\/logo\/image\/","url":"http:\/\/www.celttv.com.ar\/wp-content\/uploads\/2022\/08\/logo-1.png","contentUrl":"http:\/\/www.celttv.com.ar\/wp-content\/uploads\/2022\/08\/logo-1.png","width":461,"height":159,"caption":"CELTTV"},"image":{"@id":"https:\/\/www.celttv.com.ar\/#\/schema\/logo\/image\/"}},{"@type":"Person","@id":"https:\/\/www.celttv.com.ar\/#\/schema\/person\/6d99c072dba59953809c81446e9d0ace","name":"ulises","image":{"@type":"ImageObject","inLanguage":"es","@id":"https:\/\/www.celttv.com.ar\/#\/schema\/person\/image\/","url":"https:\/\/secure.gravatar.com\/avatar\/7f2c48bdc33b30088f941fb6082e555f2874c98e20cb159d7b92b50eadfce793?s=96&d=mm&r=g","contentUrl":"https:\/\/secure.gravatar.com\/avatar\/7f2c48bdc33b30088f941fb6082e555f2874c98e20cb159d7b92b50eadfce793?s=96&d=mm&r=g","caption":"ulises"},"sameAs":["http:\/\/www.celttv.com.ar"]}]}},"_links":{"self":[{"href":"https:\/\/www.celttv.com.ar\/index.php\/wp-json\/wp\/v2\/posts\/65269","targetHints":{"allow":["GET"]}}],"collection":[{"href":"https:\/\/www.celttv.com.ar\/index.php\/wp-json\/wp\/v2\/posts"}],"about":[{"href":"https:\/\/www.celttv.com.ar\/index.php\/wp-json\/wp\/v2\/types\/post"}],"author":[{"embeddable":true,"href":"https:\/\/www.celttv.com.ar\/index.php\/wp-json\/wp\/v2\/users\/1"}],"replies":[{"embeddable":true,"href":"https:\/\/www.celttv.com.ar\/index.php\/wp-json\/wp\/v2\/comments?post=65269"}],"version-history":[{"count":0,"href":"https:\/\/www.celttv.com.ar\/index.php\/wp-json\/wp\/v2\/posts\/65269\/revisions"}],"wp:featuredmedia":[{"embeddable":true,"href":"https:\/\/www.celttv.com.ar\/index.php\/wp-json\/wp\/v2\/media\/65274"}],"wp:attachment":[{"href":"https:\/\/www.celttv.com.ar\/index.php\/wp-json\/wp\/v2\/media?parent=65269"}],"wp:term":[{"taxonomy":"category","embeddable":true,"href":"https:\/\/www.celttv.com.ar\/index.php\/wp-json\/wp\/v2\/categories?post=65269"},{"taxonomy":"post_tag","embeddable":true,"href":"https:\/\/www.celttv.com.ar\/index.php\/wp-json\/wp\/v2\/tags?post=65269"}],"curies":[{"name":"wp","href":"https:\/\/api.w.org\/{rel}","templated":true}]}}