{"id":6552,"date":"2012-05-14T19:57:13","date_gmt":"2012-05-14T19:57:13","guid":{"rendered":"http:\/\/www.tvcnoticias.com.ar\/?p=6552"},"modified":"2012-05-14T19:57:13","modified_gmt":"2012-05-14T19:57:13","slug":"los-concejales-se-reunieron-con-el-asesor-legal-del-municipio-y-luego-con-la-camara-de-comercio-de-tornquist","status":"publish","type":"post","link":"https:\/\/www.celttv.com.ar\/index.php\/2012\/05\/14\/los-concejales-se-reunieron-con-el-asesor-legal-del-municipio-y-luego-con-la-camara-de-comercio-de-tornquist\/","title":{"rendered":"LOS CONCEJALES SE REUNIERON CON EL ASESOR LEGAL DEL MUNICIPIO Y LUEGO CON LA CAMARA DE COMERCIO DE TORNQUIST"},"content":{"rendered":"<p>El jueves 10 de mayo los Concejales convocaron a reuni\u00f3n al Asesor Legal, quien en la actualidad se encuentra como responsable de la Secretar\u00eda de Seguridad, para plantearle inquietudes relacionadas con las medidas de seguridad que se est\u00e1n implementado en el Distrito, y consultar sobre los \u00faltimos hechos delictivos sucedidos en la ciudad. El funcionario coment\u00f3 a los presentes que algunos hechos\u00a0 se han podido esclarecer, y otros se siguen investigando, hay casos con denuncias que ya est\u00e1n en fiscal\u00eda.<br \/>\nRespecto a la consulta que le realizaron en relaci\u00f3n al nombramiento del Secretario de Seguridad, el funcionario afirm\u00f3 que eso est\u00e1 en manos del Intendente.<br \/>\nEn relaci\u00f3n a\u00a0 la patrulla rural, respondi\u00f3 que se est\u00e1 conforme con el trabajo que est\u00e1n realizando, al igual que la gente de la zona rural. Tambi\u00e9n manifest\u00f3 estar conforme con el trabajo que realiza la polic\u00eda distrital, aunque reconoci\u00f3 que falta la presencia de algunos efectivos, para optimizar la labor.<br \/>\nEn cuanto al tema de incorporar c\u00e1maras de seguridad\u00a0 en Saldungaray, y agregar en Sierra de la Ventana y Tornquist, se han solicitado, pero se est\u00e1 a la espera de alguna respuesta, dado el inconveniente presupuestario actual.<br \/>\nAnte la consulta realizada por un Edil en relaci\u00f3n a la Ayudant\u00eda Fiscal que se anunci\u00f3 para el Distrito, dijo que se calcula en 2 meses puede estar funcionando, ya est\u00e1 designado quien queda a cargo de la misma. Esta designaci\u00f3n se realiz\u00f3 por medio de registro y ex\u00e1menes a cargo de la Corte de Justicia, y quien fue designado estaba trabajando como abogado en la Unidad Penitenciaria de Saavedra.<br \/>\nInform\u00f3 a los presentes que se van a realizar controles de alcoholemia, y se llevar\u00e1 un registro donde quedar\u00e1 asentado el resultado de cada control efectuado. Tambi\u00e9n inform\u00f3 a los presentes que se va a lanzar una fuerte campa\u00f1a sobre\u00a0 Seguridad Vial y prevenci\u00f3n del\u00a0 Alcoholismo.<br \/>\nLos presentes reclamaron m\u00e1s presencia policial y controles en los\u00a0 horarios de\u00a0 boliches bailables, tema que involucra no solo al personal de seguridad, sino tambi\u00e9n a las familias de los j\u00f3venes que asisten a ellos, y reconocen como una buena medida dentro del Distrito el ingreso al boliche antes de las 2 de la ma\u00f1ana. \u00a0<br \/>\nCon la C\u00e1mara de Comercio local<br \/>\nPasada esta reuni\u00f3n, los Concejales citaron a los integrantes de la C\u00e1mara de Comercio, a ra\u00edz de una solicitud presentada por ellos a trav\u00e9s de una nota.<br \/>\nEn la misma, se present\u00f3 el equipo de trabajo de la nueva Comisi\u00f3n, y se plantearon varios puntos que\u00a0 ellos quisieran importantes para trabajar en conjunto.<br \/>\nEntre los mencionados, se destaca la urgente modificaci\u00f3n del C\u00f3digo de Planeamiento Urbano, que permita entre otros temas, regularizar la situaci\u00f3n de algunos comercios que no se pueden habilitar, delimitar bien la zona comercial de la ciudad de Tornquist, y tener una visi\u00f3n clara de hacia donde apunta el crecimiento\u00a0 y el futuro del lugar. Tener en cuenta todos los factores que afectan el crecimiento de la misma, como la futura autov\u00eda en la Ruta 33 que puede traer como consecuencia m\u00e1s afluencia de turistas, y familias que se quieran instalar en el lugar. Considerar que no hay muchos terrenos disponibles, es decir, se tiene que planificar hacia donde puede crecer la ciudad, y lograr un banco de tierra para quienes quieran hacer inversiones.<br \/>\nTambi\u00e9n se habl\u00f3 sobre la construcci\u00f3n de edificios horizontales, y la posibilidad de establecer \u00a0una zona donde se puedan realizar.<br \/>\nOtro de los temas que se trat\u00f3 es la marcha del Parque Industrial, y se convers\u00f3 tambi\u00e9n sobre la inspecci\u00f3n de los comercios clandestinos que funcionan en la actualidad, haciendo una competencia desleal con quienes tienen sus comercios habilitados y pagan todos los impuestos.<br \/>\nPrensa\u00a0 HCD<br \/>\n<\/p>\n","protected":false},"excerpt":{"rendered":"<p>El jueves 10 de mayo los Concejales convocaron a reuni\u00f3n al Asesor Legal, quien en la actualidad se encuentra como responsable de la Secretar\u00eda de Seguridad, para plantearle inquietudes relacionadas con las medidas de seguridad que se est\u00e1n implementado en el Distrito, y consultar sobre los \u00faltimos hechos delictivos sucedidos en la ciudad. El funcionario [&hellip;]<\/p>\n","protected":false},"author":1,"featured_media":0,"comment_status":"closed","ping_status":"open","sticky":false,"template":"","format":"standard","meta":{"footnotes":""},"categories":[51,52,53],"tags":[],"class_list":["post-6552","post","type-post","status-publish","format-standard","hentry","category-comunidad","category-destacadas","category-politica"],"yoast_head":"<!-- This site is optimized with the Yoast SEO plugin v19.7.1 - https:\/\/yoast.com\/wordpress\/plugins\/seo\/ -->\n<title>LOS CONCEJALES SE REUNIERON CON EL ASESOR LEGAL DEL MUNICIPIO Y LUEGO CON LA CAMARA DE COMERCIO DE TORNQUIST - CELTTV<\/title>\n<meta name=\"description\" content=\"Sitio web de noticias de la localidad de Tornquist, provincia de Buenos Aires, Rep\u00fablica Argentina. Contenido propio originado por periodistas de CELTTV, el canal de TV local de la Cooperativa El\u00e9ctrica de Tornquist. Turismo, Pol\u00edtica, Sociedad, Deporte, Cultura y todo el contenido de inter\u00e9s general que la gente del pueblo y la regi\u00f3n debe conocer.\" \/>\n<meta name=\"robots\" content=\"index, follow, max-snippet:-1, max-image-preview:large, max-video-preview:-1\" \/>\n<link rel=\"canonical\" href=\"https:\/\/www.celttv.com.ar\/index.php\/2012\/05\/14\/los-concejales-se-reunieron-con-el-asesor-legal-del-municipio-y-luego-con-la-camara-de-comercio-de-tornquist\/\" \/>\n<meta property=\"og:locale\" content=\"es_ES\" \/>\n<meta property=\"og:type\" content=\"article\" \/>\n<meta property=\"og:title\" content=\"LOS CONCEJALES SE REUNIERON CON EL ASESOR LEGAL DEL MUNICIPIO Y LUEGO CON LA CAMARA DE COMERCIO DE TORNQUIST - CELTTV\" \/>\n<meta property=\"og:description\" content=\"Sitio web de noticias de la localidad de Tornquist, provincia de Buenos Aires, Rep\u00fablica Argentina. Contenido propio originado por periodistas de CELTTV, el canal de TV local de la Cooperativa El\u00e9ctrica de Tornquist. Turismo, Pol\u00edtica, Sociedad, Deporte, Cultura y todo el contenido de inter\u00e9s general que la gente del pueblo y la regi\u00f3n debe conocer.\" \/>\n<meta property=\"og:url\" content=\"https:\/\/www.celttv.com.ar\/index.php\/2012\/05\/14\/los-concejales-se-reunieron-con-el-asesor-legal-del-municipio-y-luego-con-la-camara-de-comercio-de-tornquist\/\" \/>\n<meta property=\"og:site_name\" content=\"CELTTV\" \/>\n<meta property=\"article:publisher\" content=\"https:\/\/www.facebook.com\/celtTV\/\" \/>\n<meta property=\"article:published_time\" content=\"2012-05-14T19:57:13+00:00\" \/>\n<meta name=\"author\" content=\"ulises\" \/>\n<meta name=\"twitter:card\" content=\"summary_large_image\" \/>\n<meta name=\"twitter:label1\" content=\"Escrito por\" \/>\n\t<meta name=\"twitter:data1\" content=\"ulises\" \/>\n\t<meta name=\"twitter:label2\" content=\"Tiempo de lectura\" \/>\n\t<meta name=\"twitter:data2\" content=\"3 minutos\" \/>\n<script type=\"application\/ld+json\" class=\"yoast-schema-graph\">{\"@context\":\"https:\/\/schema.org\",\"@graph\":[{\"@type\":\"NewsArticle\",\"@id\":\"https:\/\/www.celttv.com.ar\/index.php\/2012\/05\/14\/los-concejales-se-reunieron-con-el-asesor-legal-del-municipio-y-luego-con-la-camara-de-comercio-de-tornquist\/#article\",\"isPartOf\":{\"@id\":\"https:\/\/www.celttv.com.ar\/index.php\/2012\/05\/14\/los-concejales-se-reunieron-con-el-asesor-legal-del-municipio-y-luego-con-la-camara-de-comercio-de-tornquist\/\"},\"author\":{\"name\":\"ulises\",\"@id\":\"https:\/\/www.celttv.com.ar\/#\/schema\/person\/6d99c072dba59953809c81446e9d0ace\"},\"headline\":\"LOS CONCEJALES SE REUNIERON CON EL ASESOR LEGAL DEL MUNICIPIO Y LUEGO CON LA CAMARA DE COMERCIO DE TORNQUIST\",\"datePublished\":\"2012-05-14T19:57:13+00:00\",\"dateModified\":\"2012-05-14T19:57:13+00:00\",\"mainEntityOfPage\":{\"@id\":\"https:\/\/www.celttv.com.ar\/index.php\/2012\/05\/14\/los-concejales-se-reunieron-con-el-asesor-legal-del-municipio-y-luego-con-la-camara-de-comercio-de-tornquist\/\"},\"wordCount\":670,\"publisher\":{\"@id\":\"https:\/\/www.celttv.com.ar\/#organization\"},\"articleSection\":[\"Comunidad\",\"Destacadas\",\"Pol\u00edtica\"],\"inLanguage\":\"es\"},{\"@type\":\"WebPage\",\"@id\":\"https:\/\/www.celttv.com.ar\/index.php\/2012\/05\/14\/los-concejales-se-reunieron-con-el-asesor-legal-del-municipio-y-luego-con-la-camara-de-comercio-de-tornquist\/\",\"url\":\"https:\/\/www.celttv.com.ar\/index.php\/2012\/05\/14\/los-concejales-se-reunieron-con-el-asesor-legal-del-municipio-y-luego-con-la-camara-de-comercio-de-tornquist\/\",\"name\":\"LOS CONCEJALES SE REUNIERON CON EL ASESOR LEGAL DEL MUNICIPIO Y LUEGO CON LA CAMARA DE COMERCIO DE TORNQUIST - CELTTV\",\"isPartOf\":{\"@id\":\"https:\/\/www.celttv.com.ar\/#website\"},\"datePublished\":\"2012-05-14T19:57:13+00:00\",\"dateModified\":\"2012-05-14T19:57:13+00:00\",\"description\":\"Sitio web de noticias de la localidad de Tornquist, provincia de Buenos Aires, Rep\u00fablica Argentina. Contenido propio originado por periodistas de CELTTV, el canal de TV local de la Cooperativa El\u00e9ctrica de Tornquist. Turismo, Pol\u00edtica, Sociedad, Deporte, Cultura y todo el contenido de inter\u00e9s general que la gente del pueblo y la regi\u00f3n debe conocer.\",\"breadcrumb\":{\"@id\":\"https:\/\/www.celttv.com.ar\/index.php\/2012\/05\/14\/los-concejales-se-reunieron-con-el-asesor-legal-del-municipio-y-luego-con-la-camara-de-comercio-de-tornquist\/#breadcrumb\"},\"inLanguage\":\"es\",\"potentialAction\":[{\"@type\":\"ReadAction\",\"target\":[\"https:\/\/www.celttv.com.ar\/index.php\/2012\/05\/14\/los-concejales-se-reunieron-con-el-asesor-legal-del-municipio-y-luego-con-la-camara-de-comercio-de-tornquist\/\"]}]},{\"@type\":\"BreadcrumbList\",\"@id\":\"https:\/\/www.celttv.com.ar\/index.php\/2012\/05\/14\/los-concejales-se-reunieron-con-el-asesor-legal-del-municipio-y-luego-con-la-camara-de-comercio-de-tornquist\/#breadcrumb\",\"itemListElement\":[{\"@type\":\"ListItem\",\"position\":1,\"name\":\"Inicio\",\"item\":\"https:\/\/www.celttv.com.ar\/\"},{\"@type\":\"ListItem\",\"position\":2,\"name\":\"LOS CONCEJALES SE REUNIERON CON EL ASESOR LEGAL DEL MUNICIPIO Y LUEGO CON LA CAMARA DE COMERCIO DE TORNQUIST\"}]},{\"@type\":\"WebSite\",\"@id\":\"https:\/\/www.celttv.com.ar\/#website\",\"url\":\"https:\/\/www.celttv.com.ar\/\",\"name\":\"CELTTV\",\"description\":\"Cooperativa El\u00e9ctrica de Tornquist\",\"publisher\":{\"@id\":\"https:\/\/www.celttv.com.ar\/#organization\"},\"potentialAction\":[{\"@type\":\"SearchAction\",\"target\":{\"@type\":\"EntryPoint\",\"urlTemplate\":\"https:\/\/www.celttv.com.ar\/?s={search_term_string}\"},\"query-input\":\"required name=search_term_string\"}],\"inLanguage\":\"es\"},{\"@type\":\"Organization\",\"@id\":\"https:\/\/www.celttv.com.ar\/#organization\",\"name\":\"CELTTV\",\"url\":\"https:\/\/www.celttv.com.ar\/\",\"sameAs\":[\"https:\/\/www.youtube.com\/channel\/UCz_oIt8Hig64Ub-EmcNPIhg\",\"https:\/\/www.facebook.com\/celtTV\/\"],\"logo\":{\"@type\":\"ImageObject\",\"inLanguage\":\"es\",\"@id\":\"https:\/\/www.celttv.com.ar\/#\/schema\/logo\/image\/\",\"url\":\"http:\/\/www.celttv.com.ar\/wp-content\/uploads\/2022\/08\/logo-1.png\",\"contentUrl\":\"http:\/\/www.celttv.com.ar\/wp-content\/uploads\/2022\/08\/logo-1.png\",\"width\":461,\"height\":159,\"caption\":\"CELTTV\"},\"image\":{\"@id\":\"https:\/\/www.celttv.com.ar\/#\/schema\/logo\/image\/\"}},{\"@type\":\"Person\",\"@id\":\"https:\/\/www.celttv.com.ar\/#\/schema\/person\/6d99c072dba59953809c81446e9d0ace\",\"name\":\"ulises\",\"image\":{\"@type\":\"ImageObject\",\"inLanguage\":\"es\",\"@id\":\"https:\/\/www.celttv.com.ar\/#\/schema\/person\/image\/\",\"url\":\"https:\/\/secure.gravatar.com\/avatar\/7f2c48bdc33b30088f941fb6082e555f2874c98e20cb159d7b92b50eadfce793?s=96&d=mm&r=g\",\"contentUrl\":\"https:\/\/secure.gravatar.com\/avatar\/7f2c48bdc33b30088f941fb6082e555f2874c98e20cb159d7b92b50eadfce793?s=96&d=mm&r=g\",\"caption\":\"ulises\"},\"sameAs\":[\"http:\/\/www.celttv.com.ar\"]}]}<\/script>\n<!-- \/ Yoast SEO plugin. -->","yoast_head_json":{"title":"LOS CONCEJALES SE REUNIERON CON EL ASESOR LEGAL DEL MUNICIPIO Y LUEGO CON LA CAMARA DE COMERCIO DE TORNQUIST - CELTTV","description":"Sitio web de noticias de la localidad de Tornquist, provincia de Buenos Aires, Rep\u00fablica Argentina. Contenido propio originado por periodistas de CELTTV, el canal de TV local de la Cooperativa El\u00e9ctrica de Tornquist. Turismo, Pol\u00edtica, Sociedad, Deporte, Cultura y todo el contenido de inter\u00e9s general que la gente del pueblo y la regi\u00f3n debe conocer.","robots":{"index":"index","follow":"follow","max-snippet":"max-snippet:-1","max-image-preview":"max-image-preview:large","max-video-preview":"max-video-preview:-1"},"canonical":"https:\/\/www.celttv.com.ar\/index.php\/2012\/05\/14\/los-concejales-se-reunieron-con-el-asesor-legal-del-municipio-y-luego-con-la-camara-de-comercio-de-tornquist\/","og_locale":"es_ES","og_type":"article","og_title":"LOS CONCEJALES SE REUNIERON CON EL ASESOR LEGAL DEL MUNICIPIO Y LUEGO CON LA CAMARA DE COMERCIO DE TORNQUIST - CELTTV","og_description":"Sitio web de noticias de la localidad de Tornquist, provincia de Buenos Aires, Rep\u00fablica Argentina. Contenido propio originado por periodistas de CELTTV, el canal de TV local de la Cooperativa El\u00e9ctrica de Tornquist. Turismo, Pol\u00edtica, Sociedad, Deporte, Cultura y todo el contenido de inter\u00e9s general que la gente del pueblo y la regi\u00f3n debe conocer.","og_url":"https:\/\/www.celttv.com.ar\/index.php\/2012\/05\/14\/los-concejales-se-reunieron-con-el-asesor-legal-del-municipio-y-luego-con-la-camara-de-comercio-de-tornquist\/","og_site_name":"CELTTV","article_publisher":"https:\/\/www.facebook.com\/celtTV\/","article_published_time":"2012-05-14T19:57:13+00:00","author":"ulises","twitter_card":"summary_large_image","twitter_misc":{"Escrito por":"ulises","Tiempo de lectura":"3 minutos"},"schema":{"@context":"https:\/\/schema.org","@graph":[{"@type":"NewsArticle","@id":"https:\/\/www.celttv.com.ar\/index.php\/2012\/05\/14\/los-concejales-se-reunieron-con-el-asesor-legal-del-municipio-y-luego-con-la-camara-de-comercio-de-tornquist\/#article","isPartOf":{"@id":"https:\/\/www.celttv.com.ar\/index.php\/2012\/05\/14\/los-concejales-se-reunieron-con-el-asesor-legal-del-municipio-y-luego-con-la-camara-de-comercio-de-tornquist\/"},"author":{"name":"ulises","@id":"https:\/\/www.celttv.com.ar\/#\/schema\/person\/6d99c072dba59953809c81446e9d0ace"},"headline":"LOS CONCEJALES SE REUNIERON CON EL ASESOR LEGAL DEL MUNICIPIO Y LUEGO CON LA CAMARA DE COMERCIO DE TORNQUIST","datePublished":"2012-05-14T19:57:13+00:00","dateModified":"2012-05-14T19:57:13+00:00","mainEntityOfPage":{"@id":"https:\/\/www.celttv.com.ar\/index.php\/2012\/05\/14\/los-concejales-se-reunieron-con-el-asesor-legal-del-municipio-y-luego-con-la-camara-de-comercio-de-tornquist\/"},"wordCount":670,"publisher":{"@id":"https:\/\/www.celttv.com.ar\/#organization"},"articleSection":["Comunidad","Destacadas","Pol\u00edtica"],"inLanguage":"es"},{"@type":"WebPage","@id":"https:\/\/www.celttv.com.ar\/index.php\/2012\/05\/14\/los-concejales-se-reunieron-con-el-asesor-legal-del-municipio-y-luego-con-la-camara-de-comercio-de-tornquist\/","url":"https:\/\/www.celttv.com.ar\/index.php\/2012\/05\/14\/los-concejales-se-reunieron-con-el-asesor-legal-del-municipio-y-luego-con-la-camara-de-comercio-de-tornquist\/","name":"LOS CONCEJALES SE REUNIERON CON EL ASESOR LEGAL DEL MUNICIPIO Y LUEGO CON LA CAMARA DE COMERCIO DE TORNQUIST - CELTTV","isPartOf":{"@id":"https:\/\/www.celttv.com.ar\/#website"},"datePublished":"2012-05-14T19:57:13+00:00","dateModified":"2012-05-14T19:57:13+00:00","description":"Sitio web de noticias de la localidad de Tornquist, provincia de Buenos Aires, Rep\u00fablica Argentina. Contenido propio originado por periodistas de CELTTV, el canal de TV local de la Cooperativa El\u00e9ctrica de Tornquist. Turismo, Pol\u00edtica, Sociedad, Deporte, Cultura y todo el contenido de inter\u00e9s general que la gente del pueblo y la regi\u00f3n debe conocer.","breadcrumb":{"@id":"https:\/\/www.celttv.com.ar\/index.php\/2012\/05\/14\/los-concejales-se-reunieron-con-el-asesor-legal-del-municipio-y-luego-con-la-camara-de-comercio-de-tornquist\/#breadcrumb"},"inLanguage":"es","potentialAction":[{"@type":"ReadAction","target":["https:\/\/www.celttv.com.ar\/index.php\/2012\/05\/14\/los-concejales-se-reunieron-con-el-asesor-legal-del-municipio-y-luego-con-la-camara-de-comercio-de-tornquist\/"]}]},{"@type":"BreadcrumbList","@id":"https:\/\/www.celttv.com.ar\/index.php\/2012\/05\/14\/los-concejales-se-reunieron-con-el-asesor-legal-del-municipio-y-luego-con-la-camara-de-comercio-de-tornquist\/#breadcrumb","itemListElement":[{"@type":"ListItem","position":1,"name":"Inicio","item":"https:\/\/www.celttv.com.ar\/"},{"@type":"ListItem","position":2,"name":"LOS CONCEJALES SE REUNIERON CON EL ASESOR LEGAL DEL MUNICIPIO Y LUEGO CON LA CAMARA DE COMERCIO DE TORNQUIST"}]},{"@type":"WebSite","@id":"https:\/\/www.celttv.com.ar\/#website","url":"https:\/\/www.celttv.com.ar\/","name":"CELTTV","description":"Cooperativa El\u00e9ctrica de Tornquist","publisher":{"@id":"https:\/\/www.celttv.com.ar\/#organization"},"potentialAction":[{"@type":"SearchAction","target":{"@type":"EntryPoint","urlTemplate":"https:\/\/www.celttv.com.ar\/?s={search_term_string}"},"query-input":"required name=search_term_string"}],"inLanguage":"es"},{"@type":"Organization","@id":"https:\/\/www.celttv.com.ar\/#organization","name":"CELTTV","url":"https:\/\/www.celttv.com.ar\/","sameAs":["https:\/\/www.youtube.com\/channel\/UCz_oIt8Hig64Ub-EmcNPIhg","https:\/\/www.facebook.com\/celtTV\/"],"logo":{"@type":"ImageObject","inLanguage":"es","@id":"https:\/\/www.celttv.com.ar\/#\/schema\/logo\/image\/","url":"http:\/\/www.celttv.com.ar\/wp-content\/uploads\/2022\/08\/logo-1.png","contentUrl":"http:\/\/www.celttv.com.ar\/wp-content\/uploads\/2022\/08\/logo-1.png","width":461,"height":159,"caption":"CELTTV"},"image":{"@id":"https:\/\/www.celttv.com.ar\/#\/schema\/logo\/image\/"}},{"@type":"Person","@id":"https:\/\/www.celttv.com.ar\/#\/schema\/person\/6d99c072dba59953809c81446e9d0ace","name":"ulises","image":{"@type":"ImageObject","inLanguage":"es","@id":"https:\/\/www.celttv.com.ar\/#\/schema\/person\/image\/","url":"https:\/\/secure.gravatar.com\/avatar\/7f2c48bdc33b30088f941fb6082e555f2874c98e20cb159d7b92b50eadfce793?s=96&d=mm&r=g","contentUrl":"https:\/\/secure.gravatar.com\/avatar\/7f2c48bdc33b30088f941fb6082e555f2874c98e20cb159d7b92b50eadfce793?s=96&d=mm&r=g","caption":"ulises"},"sameAs":["http:\/\/www.celttv.com.ar"]}]}},"_links":{"self":[{"href":"https:\/\/www.celttv.com.ar\/index.php\/wp-json\/wp\/v2\/posts\/6552","targetHints":{"allow":["GET"]}}],"collection":[{"href":"https:\/\/www.celttv.com.ar\/index.php\/wp-json\/wp\/v2\/posts"}],"about":[{"href":"https:\/\/www.celttv.com.ar\/index.php\/wp-json\/wp\/v2\/types\/post"}],"author":[{"embeddable":true,"href":"https:\/\/www.celttv.com.ar\/index.php\/wp-json\/wp\/v2\/users\/1"}],"replies":[{"embeddable":true,"href":"https:\/\/www.celttv.com.ar\/index.php\/wp-json\/wp\/v2\/comments?post=6552"}],"version-history":[{"count":0,"href":"https:\/\/www.celttv.com.ar\/index.php\/wp-json\/wp\/v2\/posts\/6552\/revisions"}],"wp:attachment":[{"href":"https:\/\/www.celttv.com.ar\/index.php\/wp-json\/wp\/v2\/media?parent=6552"}],"wp:term":[{"taxonomy":"category","embeddable":true,"href":"https:\/\/www.celttv.com.ar\/index.php\/wp-json\/wp\/v2\/categories?post=6552"},{"taxonomy":"post_tag","embeddable":true,"href":"https:\/\/www.celttv.com.ar\/index.php\/wp-json\/wp\/v2\/tags?post=6552"}],"curies":[{"name":"wp","href":"https:\/\/api.w.org\/{rel}","templated":true}]}}