{"id":65669,"date":"2022-05-03T16:19:48","date_gmt":"2022-05-03T16:19:48","guid":{"rendered":"http:\/\/www.celttv.com.ar\/?p=65669"},"modified":"2022-05-03T16:19:48","modified_gmt":"2022-05-03T16:19:48","slug":"la-escuela-foklorica-municipal-celebrara-su-35-aniversario-con-una-cena-show","status":"publish","type":"post","link":"https:\/\/www.celttv.com.ar\/index.php\/2022\/05\/03\/la-escuela-foklorica-municipal-celebrara-su-35-aniversario-con-una-cena-show\/","title":{"rendered":"La Escuela Fokl\u00f3rica Municipal celebrar\u00e1 su 35\u00b0 aniversario con una cena show"},"content":{"rendered":"\n<p>El lunes 9 de mayo, la Escuela Fokl\u00f3rica Municipal cumple el 35\u00b0 aniversario de su fundaci\u00f3n y lo celebrar\u00e1 el s\u00e1bado 14 con una cena show a partir de las 21 hs en el Gimnasio del Automoto Club Deportivo.<\/p>\n\n\n<p>Durante la noche, se presentar\u00e1n en vivo Fabio Gonz\u00e1lez y el grupo Alma Agreste.<\/p>\n\n\n<p>Las tarjetas ya se encuentran a la venta, tienen un valor de $1700 para mayores y de $900 para menores, y se pueden adquirir comunic\u00e1ndose al 2914147216.<\/p>\n\n\n<figure class=\"wp-block-image size-large\"><img loading=\"lazy\" decoding=\"async\" width=\"1024\" height=\"1024\" src=\"http:\/\/www.celttv.com.ar\/wp-content\/uploads\/2022\/05\/35-anos-EFM-2-1024x1024.jpeg\" alt=\"\" class=\"wp-image-65670\" srcset=\"https:\/\/www.celttv.com.ar\/wp-content\/uploads\/2022\/05\/35-anos-EFM-2-1024x1024.jpeg 1024w, https:\/\/www.celttv.com.ar\/wp-content\/uploads\/2022\/05\/35-anos-EFM-2-300x300.jpeg 300w, https:\/\/www.celttv.com.ar\/wp-content\/uploads\/2022\/05\/35-anos-EFM-2-150x150.jpeg 150w, https:\/\/www.celttv.com.ar\/wp-content\/uploads\/2022\/05\/35-anos-EFM-2-768x768.jpeg 768w, https:\/\/www.celttv.com.ar\/wp-content\/uploads\/2022\/05\/35-anos-EFM-2-75x75.jpeg 75w, https:\/\/www.celttv.com.ar\/wp-content\/uploads\/2022\/05\/35-anos-EFM-2-750x750.jpeg 750w, https:\/\/www.celttv.com.ar\/wp-content\/uploads\/2022\/05\/35-anos-EFM-2.jpeg 1080w\" sizes=\"auto, (max-width: 1024px) 100vw, 1024px\" \/><\/figure>\n\n\n<figure class=\"wp-block-image size-large\"><img loading=\"lazy\" decoding=\"async\" width=\"1024\" height=\"1024\" src=\"http:\/\/www.celttv.com.ar\/wp-content\/uploads\/2022\/05\/35-anos-EFM-1-1024x1024.jpeg\" alt=\"\" class=\"wp-image-65671\" srcset=\"https:\/\/www.celttv.com.ar\/wp-content\/uploads\/2022\/05\/35-anos-EFM-1-1024x1024.jpeg 1024w, https:\/\/www.celttv.com.ar\/wp-content\/uploads\/2022\/05\/35-anos-EFM-1-300x300.jpeg 300w, https:\/\/www.celttv.com.ar\/wp-content\/uploads\/2022\/05\/35-anos-EFM-1-150x150.jpeg 150w, https:\/\/www.celttv.com.ar\/wp-content\/uploads\/2022\/05\/35-anos-EFM-1-768x768.jpeg 768w, https:\/\/www.celttv.com.ar\/wp-content\/uploads\/2022\/05\/35-anos-EFM-1-75x75.jpeg 75w, https:\/\/www.celttv.com.ar\/wp-content\/uploads\/2022\/05\/35-anos-EFM-1-750x750.jpeg 750w, https:\/\/www.celttv.com.ar\/wp-content\/uploads\/2022\/05\/35-anos-EFM-1.jpeg 1080w\" sizes=\"auto, (max-width: 1024px) 100vw, 1024px\" \/><\/figure>\n\n\n<p><\/p>\n","protected":false},"excerpt":{"rendered":"<p>El lunes 9 de mayo, la Escuela Fokl\u00f3rica Municipal cumple el 35\u00b0 aniversario de su fundaci\u00f3n y lo celebrar\u00e1 el s\u00e1bado 14 con una cena show a partir de las 21 hs en el Gimnasio del Automoto Club Deportivo. Durante la noche, se presentar\u00e1n en vivo Fabio Gonz\u00e1lez y el grupo Alma Agreste. Las tarjetas [&hellip;]<\/p>\n","protected":false},"author":1,"featured_media":65672,"comment_status":"closed","ping_status":"open","sticky":false,"template":"","format":"standard","meta":{"footnotes":""},"categories":[55,51,52,56],"tags":[],"class_list":["post-65669","post","type-post","status-publish","format-standard","has-post-thumbnail","hentry","category-celt-tv-noticias","category-comunidad","category-destacadas","category-espectaculos"],"yoast_head":"<!-- This site is optimized with the Yoast SEO plugin v19.7.1 - https:\/\/yoast.com\/wordpress\/plugins\/seo\/ -->\n<title>La Escuela Fokl\u00f3rica Municipal celebrar\u00e1 su 35\u00b0 aniversario con una cena show - CELTTV<\/title>\n<meta name=\"description\" content=\"Sitio web de noticias de la localidad de Tornquist, provincia de Buenos Aires, Rep\u00fablica Argentina. Contenido propio originado por periodistas de CELTTV, el canal de TV local de la Cooperativa El\u00e9ctrica de Tornquist. Turismo, Pol\u00edtica, Sociedad, Deporte, Cultura y todo el contenido de inter\u00e9s general que la gente del pueblo y la regi\u00f3n debe conocer.\" \/>\n<meta name=\"robots\" content=\"index, follow, max-snippet:-1, max-image-preview:large, max-video-preview:-1\" \/>\n<link rel=\"canonical\" href=\"https:\/\/www.celttv.com.ar\/index.php\/2022\/05\/03\/la-escuela-foklorica-municipal-celebrara-su-35-aniversario-con-una-cena-show\/\" \/>\n<meta property=\"og:locale\" content=\"es_ES\" \/>\n<meta property=\"og:type\" content=\"article\" \/>\n<meta property=\"og:title\" content=\"La Escuela Fokl\u00f3rica Municipal celebrar\u00e1 su 35\u00b0 aniversario con una cena show - CELTTV\" \/>\n<meta property=\"og:description\" content=\"Sitio web de noticias de la localidad de Tornquist, provincia de Buenos Aires, Rep\u00fablica Argentina. Contenido propio originado por periodistas de CELTTV, el canal de TV local de la Cooperativa El\u00e9ctrica de Tornquist. Turismo, Pol\u00edtica, Sociedad, Deporte, Cultura y todo el contenido de inter\u00e9s general que la gente del pueblo y la regi\u00f3n debe conocer.\" \/>\n<meta property=\"og:url\" content=\"https:\/\/www.celttv.com.ar\/index.php\/2022\/05\/03\/la-escuela-foklorica-municipal-celebrara-su-35-aniversario-con-una-cena-show\/\" \/>\n<meta property=\"og:site_name\" content=\"CELTTV\" \/>\n<meta property=\"article:publisher\" content=\"https:\/\/www.facebook.com\/celtTV\/\" \/>\n<meta property=\"article:published_time\" content=\"2022-05-03T16:19:48+00:00\" \/>\n<meta property=\"og:image\" content=\"https:\/\/www.celttv.com.ar\/wp-content\/uploads\/2022\/05\/35-anos-EFM-2-1.jpeg\" \/>\n\t<meta property=\"og:image:width\" content=\"1077\" \/>\n\t<meta property=\"og:image:height\" content=\"431\" \/>\n\t<meta property=\"og:image:type\" content=\"image\/jpeg\" \/>\n<meta name=\"author\" content=\"ulises\" \/>\n<meta name=\"twitter:card\" content=\"summary_large_image\" \/>\n<meta name=\"twitter:label1\" content=\"Escrito por\" \/>\n\t<meta name=\"twitter:data1\" content=\"ulises\" \/>\n<script type=\"application\/ld+json\" class=\"yoast-schema-graph\">{\"@context\":\"https:\/\/schema.org\",\"@graph\":[{\"@type\":\"NewsArticle\",\"@id\":\"https:\/\/www.celttv.com.ar\/index.php\/2022\/05\/03\/la-escuela-foklorica-municipal-celebrara-su-35-aniversario-con-una-cena-show\/#article\",\"isPartOf\":{\"@id\":\"https:\/\/www.celttv.com.ar\/index.php\/2022\/05\/03\/la-escuela-foklorica-municipal-celebrara-su-35-aniversario-con-una-cena-show\/\"},\"author\":{\"name\":\"ulises\",\"@id\":\"https:\/\/www.celttv.com.ar\/#\/schema\/person\/6d99c072dba59953809c81446e9d0ace\"},\"headline\":\"La Escuela Fokl\u00f3rica Municipal celebrar\u00e1 su 35\u00b0 aniversario con una cena show\",\"datePublished\":\"2022-05-03T16:19:48+00:00\",\"dateModified\":\"2022-05-03T16:19:48+00:00\",\"mainEntityOfPage\":{\"@id\":\"https:\/\/www.celttv.com.ar\/index.php\/2022\/05\/03\/la-escuela-foklorica-municipal-celebrara-su-35-aniversario-con-una-cena-show\/\"},\"wordCount\":91,\"publisher\":{\"@id\":\"https:\/\/www.celttv.com.ar\/#organization\"},\"articleSection\":[\"Celt TV Noticias\",\"Comunidad\",\"Destacadas\",\"Espect\u00e1culos\"],\"inLanguage\":\"es\"},{\"@type\":\"WebPage\",\"@id\":\"https:\/\/www.celttv.com.ar\/index.php\/2022\/05\/03\/la-escuela-foklorica-municipal-celebrara-su-35-aniversario-con-una-cena-show\/\",\"url\":\"https:\/\/www.celttv.com.ar\/index.php\/2022\/05\/03\/la-escuela-foklorica-municipal-celebrara-su-35-aniversario-con-una-cena-show\/\",\"name\":\"La Escuela Fokl\u00f3rica Municipal celebrar\u00e1 su 35\u00b0 aniversario con una cena show - CELTTV\",\"isPartOf\":{\"@id\":\"https:\/\/www.celttv.com.ar\/#website\"},\"datePublished\":\"2022-05-03T16:19:48+00:00\",\"dateModified\":\"2022-05-03T16:19:48+00:00\",\"description\":\"Sitio web de noticias de la localidad de Tornquist, provincia de Buenos Aires, Rep\u00fablica Argentina. Contenido propio originado por periodistas de CELTTV, el canal de TV local de la Cooperativa El\u00e9ctrica de Tornquist. Turismo, Pol\u00edtica, Sociedad, Deporte, Cultura y todo el contenido de inter\u00e9s general que la gente del pueblo y la regi\u00f3n debe conocer.\",\"breadcrumb\":{\"@id\":\"https:\/\/www.celttv.com.ar\/index.php\/2022\/05\/03\/la-escuela-foklorica-municipal-celebrara-su-35-aniversario-con-una-cena-show\/#breadcrumb\"},\"inLanguage\":\"es\",\"potentialAction\":[{\"@type\":\"ReadAction\",\"target\":[\"https:\/\/www.celttv.com.ar\/index.php\/2022\/05\/03\/la-escuela-foklorica-municipal-celebrara-su-35-aniversario-con-una-cena-show\/\"]}]},{\"@type\":\"BreadcrumbList\",\"@id\":\"https:\/\/www.celttv.com.ar\/index.php\/2022\/05\/03\/la-escuela-foklorica-municipal-celebrara-su-35-aniversario-con-una-cena-show\/#breadcrumb\",\"itemListElement\":[{\"@type\":\"ListItem\",\"position\":1,\"name\":\"Inicio\",\"item\":\"https:\/\/www.celttv.com.ar\/\"},{\"@type\":\"ListItem\",\"position\":2,\"name\":\"La Escuela Fokl\u00f3rica Municipal celebrar\u00e1 su 35\u00b0 aniversario con una cena show\"}]},{\"@type\":\"WebSite\",\"@id\":\"https:\/\/www.celttv.com.ar\/#website\",\"url\":\"https:\/\/www.celttv.com.ar\/\",\"name\":\"CELTTV\",\"description\":\"Cooperativa El\u00e9ctrica de Tornquist\",\"publisher\":{\"@id\":\"https:\/\/www.celttv.com.ar\/#organization\"},\"potentialAction\":[{\"@type\":\"SearchAction\",\"target\":{\"@type\":\"EntryPoint\",\"urlTemplate\":\"https:\/\/www.celttv.com.ar\/?s={search_term_string}\"},\"query-input\":\"required name=search_term_string\"}],\"inLanguage\":\"es\"},{\"@type\":\"Organization\",\"@id\":\"https:\/\/www.celttv.com.ar\/#organization\",\"name\":\"CELTTV\",\"url\":\"https:\/\/www.celttv.com.ar\/\",\"sameAs\":[\"https:\/\/www.youtube.com\/channel\/UCz_oIt8Hig64Ub-EmcNPIhg\",\"https:\/\/www.facebook.com\/celtTV\/\"],\"logo\":{\"@type\":\"ImageObject\",\"inLanguage\":\"es\",\"@id\":\"https:\/\/www.celttv.com.ar\/#\/schema\/logo\/image\/\",\"url\":\"http:\/\/www.celttv.com.ar\/wp-content\/uploads\/2022\/08\/logo-1.png\",\"contentUrl\":\"http:\/\/www.celttv.com.ar\/wp-content\/uploads\/2022\/08\/logo-1.png\",\"width\":461,\"height\":159,\"caption\":\"CELTTV\"},\"image\":{\"@id\":\"https:\/\/www.celttv.com.ar\/#\/schema\/logo\/image\/\"}},{\"@type\":\"Person\",\"@id\":\"https:\/\/www.celttv.com.ar\/#\/schema\/person\/6d99c072dba59953809c81446e9d0ace\",\"name\":\"ulises\",\"image\":{\"@type\":\"ImageObject\",\"inLanguage\":\"es\",\"@id\":\"https:\/\/www.celttv.com.ar\/#\/schema\/person\/image\/\",\"url\":\"https:\/\/secure.gravatar.com\/avatar\/7f2c48bdc33b30088f941fb6082e555f2874c98e20cb159d7b92b50eadfce793?s=96&d=mm&r=g\",\"contentUrl\":\"https:\/\/secure.gravatar.com\/avatar\/7f2c48bdc33b30088f941fb6082e555f2874c98e20cb159d7b92b50eadfce793?s=96&d=mm&r=g\",\"caption\":\"ulises\"},\"sameAs\":[\"http:\/\/www.celttv.com.ar\"]}]}<\/script>\n<!-- \/ Yoast SEO plugin. -->","yoast_head_json":{"title":"La Escuela Fokl\u00f3rica Municipal celebrar\u00e1 su 35\u00b0 aniversario con una cena show - CELTTV","description":"Sitio web de noticias de la localidad de Tornquist, provincia de Buenos Aires, Rep\u00fablica Argentina. Contenido propio originado por periodistas de CELTTV, el canal de TV local de la Cooperativa El\u00e9ctrica de Tornquist. Turismo, Pol\u00edtica, Sociedad, Deporte, Cultura y todo el contenido de inter\u00e9s general que la gente del pueblo y la regi\u00f3n debe conocer.","robots":{"index":"index","follow":"follow","max-snippet":"max-snippet:-1","max-image-preview":"max-image-preview:large","max-video-preview":"max-video-preview:-1"},"canonical":"https:\/\/www.celttv.com.ar\/index.php\/2022\/05\/03\/la-escuela-foklorica-municipal-celebrara-su-35-aniversario-con-una-cena-show\/","og_locale":"es_ES","og_type":"article","og_title":"La Escuela Fokl\u00f3rica Municipal celebrar\u00e1 su 35\u00b0 aniversario con una cena show - CELTTV","og_description":"Sitio web de noticias de la localidad de Tornquist, provincia de Buenos Aires, Rep\u00fablica Argentina. Contenido propio originado por periodistas de CELTTV, el canal de TV local de la Cooperativa El\u00e9ctrica de Tornquist. Turismo, Pol\u00edtica, Sociedad, Deporte, Cultura y todo el contenido de inter\u00e9s general que la gente del pueblo y la regi\u00f3n debe conocer.","og_url":"https:\/\/www.celttv.com.ar\/index.php\/2022\/05\/03\/la-escuela-foklorica-municipal-celebrara-su-35-aniversario-con-una-cena-show\/","og_site_name":"CELTTV","article_publisher":"https:\/\/www.facebook.com\/celtTV\/","article_published_time":"2022-05-03T16:19:48+00:00","og_image":[{"width":1077,"height":431,"url":"https:\/\/www.celttv.com.ar\/wp-content\/uploads\/2022\/05\/35-anos-EFM-2-1.jpeg","type":"image\/jpeg"}],"author":"ulises","twitter_card":"summary_large_image","twitter_misc":{"Escrito por":"ulises"},"schema":{"@context":"https:\/\/schema.org","@graph":[{"@type":"NewsArticle","@id":"https:\/\/www.celttv.com.ar\/index.php\/2022\/05\/03\/la-escuela-foklorica-municipal-celebrara-su-35-aniversario-con-una-cena-show\/#article","isPartOf":{"@id":"https:\/\/www.celttv.com.ar\/index.php\/2022\/05\/03\/la-escuela-foklorica-municipal-celebrara-su-35-aniversario-con-una-cena-show\/"},"author":{"name":"ulises","@id":"https:\/\/www.celttv.com.ar\/#\/schema\/person\/6d99c072dba59953809c81446e9d0ace"},"headline":"La Escuela Fokl\u00f3rica Municipal celebrar\u00e1 su 35\u00b0 aniversario con una cena show","datePublished":"2022-05-03T16:19:48+00:00","dateModified":"2022-05-03T16:19:48+00:00","mainEntityOfPage":{"@id":"https:\/\/www.celttv.com.ar\/index.php\/2022\/05\/03\/la-escuela-foklorica-municipal-celebrara-su-35-aniversario-con-una-cena-show\/"},"wordCount":91,"publisher":{"@id":"https:\/\/www.celttv.com.ar\/#organization"},"articleSection":["Celt TV Noticias","Comunidad","Destacadas","Espect\u00e1culos"],"inLanguage":"es"},{"@type":"WebPage","@id":"https:\/\/www.celttv.com.ar\/index.php\/2022\/05\/03\/la-escuela-foklorica-municipal-celebrara-su-35-aniversario-con-una-cena-show\/","url":"https:\/\/www.celttv.com.ar\/index.php\/2022\/05\/03\/la-escuela-foklorica-municipal-celebrara-su-35-aniversario-con-una-cena-show\/","name":"La Escuela Fokl\u00f3rica Municipal celebrar\u00e1 su 35\u00b0 aniversario con una cena show - CELTTV","isPartOf":{"@id":"https:\/\/www.celttv.com.ar\/#website"},"datePublished":"2022-05-03T16:19:48+00:00","dateModified":"2022-05-03T16:19:48+00:00","description":"Sitio web de noticias de la localidad de Tornquist, provincia de Buenos Aires, Rep\u00fablica Argentina. Contenido propio originado por periodistas de CELTTV, el canal de TV local de la Cooperativa El\u00e9ctrica de Tornquist. Turismo, Pol\u00edtica, Sociedad, Deporte, Cultura y todo el contenido de inter\u00e9s general que la gente del pueblo y la regi\u00f3n debe conocer.","breadcrumb":{"@id":"https:\/\/www.celttv.com.ar\/index.php\/2022\/05\/03\/la-escuela-foklorica-municipal-celebrara-su-35-aniversario-con-una-cena-show\/#breadcrumb"},"inLanguage":"es","potentialAction":[{"@type":"ReadAction","target":["https:\/\/www.celttv.com.ar\/index.php\/2022\/05\/03\/la-escuela-foklorica-municipal-celebrara-su-35-aniversario-con-una-cena-show\/"]}]},{"@type":"BreadcrumbList","@id":"https:\/\/www.celttv.com.ar\/index.php\/2022\/05\/03\/la-escuela-foklorica-municipal-celebrara-su-35-aniversario-con-una-cena-show\/#breadcrumb","itemListElement":[{"@type":"ListItem","position":1,"name":"Inicio","item":"https:\/\/www.celttv.com.ar\/"},{"@type":"ListItem","position":2,"name":"La Escuela Fokl\u00f3rica Municipal celebrar\u00e1 su 35\u00b0 aniversario con una cena show"}]},{"@type":"WebSite","@id":"https:\/\/www.celttv.com.ar\/#website","url":"https:\/\/www.celttv.com.ar\/","name":"CELTTV","description":"Cooperativa El\u00e9ctrica de Tornquist","publisher":{"@id":"https:\/\/www.celttv.com.ar\/#organization"},"potentialAction":[{"@type":"SearchAction","target":{"@type":"EntryPoint","urlTemplate":"https:\/\/www.celttv.com.ar\/?s={search_term_string}"},"query-input":"required name=search_term_string"}],"inLanguage":"es"},{"@type":"Organization","@id":"https:\/\/www.celttv.com.ar\/#organization","name":"CELTTV","url":"https:\/\/www.celttv.com.ar\/","sameAs":["https:\/\/www.youtube.com\/channel\/UCz_oIt8Hig64Ub-EmcNPIhg","https:\/\/www.facebook.com\/celtTV\/"],"logo":{"@type":"ImageObject","inLanguage":"es","@id":"https:\/\/www.celttv.com.ar\/#\/schema\/logo\/image\/","url":"http:\/\/www.celttv.com.ar\/wp-content\/uploads\/2022\/08\/logo-1.png","contentUrl":"http:\/\/www.celttv.com.ar\/wp-content\/uploads\/2022\/08\/logo-1.png","width":461,"height":159,"caption":"CELTTV"},"image":{"@id":"https:\/\/www.celttv.com.ar\/#\/schema\/logo\/image\/"}},{"@type":"Person","@id":"https:\/\/www.celttv.com.ar\/#\/schema\/person\/6d99c072dba59953809c81446e9d0ace","name":"ulises","image":{"@type":"ImageObject","inLanguage":"es","@id":"https:\/\/www.celttv.com.ar\/#\/schema\/person\/image\/","url":"https:\/\/secure.gravatar.com\/avatar\/7f2c48bdc33b30088f941fb6082e555f2874c98e20cb159d7b92b50eadfce793?s=96&d=mm&r=g","contentUrl":"https:\/\/secure.gravatar.com\/avatar\/7f2c48bdc33b30088f941fb6082e555f2874c98e20cb159d7b92b50eadfce793?s=96&d=mm&r=g","caption":"ulises"},"sameAs":["http:\/\/www.celttv.com.ar"]}]}},"_links":{"self":[{"href":"https:\/\/www.celttv.com.ar\/index.php\/wp-json\/wp\/v2\/posts\/65669","targetHints":{"allow":["GET"]}}],"collection":[{"href":"https:\/\/www.celttv.com.ar\/index.php\/wp-json\/wp\/v2\/posts"}],"about":[{"href":"https:\/\/www.celttv.com.ar\/index.php\/wp-json\/wp\/v2\/types\/post"}],"author":[{"embeddable":true,"href":"https:\/\/www.celttv.com.ar\/index.php\/wp-json\/wp\/v2\/users\/1"}],"replies":[{"embeddable":true,"href":"https:\/\/www.celttv.com.ar\/index.php\/wp-json\/wp\/v2\/comments?post=65669"}],"version-history":[{"count":0,"href":"https:\/\/www.celttv.com.ar\/index.php\/wp-json\/wp\/v2\/posts\/65669\/revisions"}],"wp:featuredmedia":[{"embeddable":true,"href":"https:\/\/www.celttv.com.ar\/index.php\/wp-json\/wp\/v2\/media\/65672"}],"wp:attachment":[{"href":"https:\/\/www.celttv.com.ar\/index.php\/wp-json\/wp\/v2\/media?parent=65669"}],"wp:term":[{"taxonomy":"category","embeddable":true,"href":"https:\/\/www.celttv.com.ar\/index.php\/wp-json\/wp\/v2\/categories?post=65669"},{"taxonomy":"post_tag","embeddable":true,"href":"https:\/\/www.celttv.com.ar\/index.php\/wp-json\/wp\/v2\/tags?post=65669"}],"curies":[{"name":"wp","href":"https:\/\/api.w.org\/{rel}","templated":true}]}}