{"id":65681,"date":"2022-05-03T22:27:58","date_gmt":"2022-05-03T22:27:58","guid":{"rendered":"http:\/\/www.celttv.com.ar\/?p=65681"},"modified":"2022-05-03T22:27:58","modified_gmt":"2022-05-03T22:27:58","slug":"el-centro-de-dia-cumplio-15-anos-y-continua-proyectandose-en-la-comunidad-video","status":"publish","type":"post","link":"https:\/\/www.celttv.com.ar\/index.php\/2022\/05\/03\/el-centro-de-dia-cumplio-15-anos-y-continua-proyectandose-en-la-comunidad-video\/","title":{"rendered":"El Centro de D\u00eda cumpli\u00f3 15 a\u00f1os y contin\u00faa proyect\u00e1ndose en la comunidad (Video)"},"content":{"rendered":"\n<p>El Centro de D\u00eda Tornquist cumpli\u00f3 15 a\u00f1os de vida y contin\u00faa proyect\u00e1ndose dentro de la comunidad.<\/p>\n\n\n<p>El importante equipo de profesionales junto a las diferentes comisiones directivas que han pasado durante todo este tiempo, le permite al Centro de D\u00eda y el Hogar de Noche trabajar con los concurrentes para potenciar sus capacidades y seguir bregando por la integraci\u00f3n. <\/p>\n\n\n<figure class=\"wp-block-embed is-type-video is-provider-youtube wp-block-embed-youtube wp-embed-aspect-16-9 wp-has-aspect-ratio\"><div class=\"wp-block-embed__wrapper\">\n<iframe loading=\"lazy\" title=\"2022 05 03 MOVIL EN VIVO DESDE EL CENTRO DE DIA   ERNA PEREZ Y VERONICA BRUNET\" width=\"500\" height=\"281\" src=\"https:\/\/www.youtube.com\/embed\/ftfz2ku-YCA?feature=oembed\" frameborder=\"0\" allow=\"accelerometer; autoplay; clipboard-write; encrypted-media; gyroscope; picture-in-picture; web-share\" referrerpolicy=\"strict-origin-when-cross-origin\" allowfullscreen><\/iframe>\n<\/div><\/figure>\n\n\n<figure class=\"wp-block-image size-large\"><img loading=\"lazy\" decoding=\"async\" width=\"1024\" height=\"609\" src=\"http:\/\/www.celttv.com.ar\/wp-content\/uploads\/2022\/05\/b90a2986-b982-45db-8728-0ffc34ac8e41-1-1024x609.jpg\" alt=\"\" class=\"wp-image-65687\" srcset=\"https:\/\/www.celttv.com.ar\/wp-content\/uploads\/2022\/05\/b90a2986-b982-45db-8728-0ffc34ac8e41-1-1024x609.jpg 1024w, https:\/\/www.celttv.com.ar\/wp-content\/uploads\/2022\/05\/b90a2986-b982-45db-8728-0ffc34ac8e41-1-300x178.jpg 300w, https:\/\/www.celttv.com.ar\/wp-content\/uploads\/2022\/05\/b90a2986-b982-45db-8728-0ffc34ac8e41-1-768x457.jpg 768w, https:\/\/www.celttv.com.ar\/wp-content\/uploads\/2022\/05\/b90a2986-b982-45db-8728-0ffc34ac8e41-1-1536x913.jpg 1536w, https:\/\/www.celttv.com.ar\/wp-content\/uploads\/2022\/05\/b90a2986-b982-45db-8728-0ffc34ac8e41-1-750x446.jpg 750w, https:\/\/www.celttv.com.ar\/wp-content\/uploads\/2022\/05\/b90a2986-b982-45db-8728-0ffc34ac8e41-1-1140x678.jpg 1140w, https:\/\/www.celttv.com.ar\/wp-content\/uploads\/2022\/05\/b90a2986-b982-45db-8728-0ffc34ac8e41-1.jpg 1583w\" sizes=\"auto, (max-width: 1024px) 100vw, 1024px\" \/><\/figure>\n","protected":false},"excerpt":{"rendered":"<p>El Centro de D\u00eda Tornquist cumpli\u00f3 15 a\u00f1os de vida y contin\u00faa proyect\u00e1ndose dentro de la comunidad. El importante equipo de profesionales junto a las diferentes comisiones directivas que han pasado durante todo este tiempo, le permite al Centro de D\u00eda y el Hogar de Noche trabajar con los concurrentes para potenciar sus capacidades y [&hellip;]<\/p>\n","protected":false},"author":1,"featured_media":65685,"comment_status":"closed","ping_status":"open","sticky":false,"template":"","format":"standard","meta":{"footnotes":""},"categories":[55,51,52],"tags":[],"class_list":["post-65681","post","type-post","status-publish","format-standard","has-post-thumbnail","hentry","category-celt-tv-noticias","category-comunidad","category-destacadas"],"yoast_head":"<!-- This site is optimized with the Yoast SEO plugin v19.7.1 - https:\/\/yoast.com\/wordpress\/plugins\/seo\/ -->\n<title>El Centro de D\u00eda cumpli\u00f3 15 a\u00f1os y contin\u00faa proyect\u00e1ndose en la comunidad (Video) - CELTTV<\/title>\n<meta name=\"description\" content=\"Sitio web de noticias de la localidad de Tornquist, provincia de Buenos Aires, Rep\u00fablica Argentina. Contenido propio originado por periodistas de CELTTV, el canal de TV local de la Cooperativa El\u00e9ctrica de Tornquist. Turismo, Pol\u00edtica, Sociedad, Deporte, Cultura y todo el contenido de inter\u00e9s general que la gente del pueblo y la regi\u00f3n debe conocer.\" \/>\n<meta name=\"robots\" content=\"index, follow, max-snippet:-1, max-image-preview:large, max-video-preview:-1\" \/>\n<link rel=\"canonical\" href=\"https:\/\/www.celttv.com.ar\/index.php\/2022\/05\/03\/el-centro-de-dia-cumplio-15-anos-y-continua-proyectandose-en-la-comunidad-video\/\" \/>\n<meta property=\"og:locale\" content=\"es_ES\" \/>\n<meta property=\"og:type\" content=\"article\" \/>\n<meta property=\"og:title\" content=\"El Centro de D\u00eda cumpli\u00f3 15 a\u00f1os y contin\u00faa proyect\u00e1ndose en la comunidad (Video) - CELTTV\" \/>\n<meta property=\"og:description\" content=\"Sitio web de noticias de la localidad de Tornquist, provincia de Buenos Aires, Rep\u00fablica Argentina. Contenido propio originado por periodistas de CELTTV, el canal de TV local de la Cooperativa El\u00e9ctrica de Tornquist. Turismo, Pol\u00edtica, Sociedad, Deporte, Cultura y todo el contenido de inter\u00e9s general que la gente del pueblo y la regi\u00f3n debe conocer.\" \/>\n<meta property=\"og:url\" content=\"https:\/\/www.celttv.com.ar\/index.php\/2022\/05\/03\/el-centro-de-dia-cumplio-15-anos-y-continua-proyectandose-en-la-comunidad-video\/\" \/>\n<meta property=\"og:site_name\" content=\"CELTTV\" \/>\n<meta property=\"article:publisher\" content=\"https:\/\/www.facebook.com\/celtTV\/\" \/>\n<meta property=\"article:published_time\" content=\"2022-05-03T22:27:58+00:00\" \/>\n<meta property=\"og:image\" content=\"https:\/\/www.celttv.com.ar\/wp-content\/uploads\/2022\/05\/b90a2986-b982-45db-8728-0ffc34ac8e41.jpg\" \/>\n\t<meta property=\"og:image:width\" content=\"1583\" \/>\n\t<meta property=\"og:image:height\" content=\"941\" \/>\n\t<meta property=\"og:image:type\" content=\"image\/jpeg\" \/>\n<meta name=\"author\" content=\"ulises\" \/>\n<meta name=\"twitter:card\" content=\"summary_large_image\" \/>\n<meta name=\"twitter:label1\" content=\"Escrito por\" \/>\n\t<meta name=\"twitter:data1\" content=\"ulises\" \/>\n<script type=\"application\/ld+json\" class=\"yoast-schema-graph\">{\"@context\":\"https:\/\/schema.org\",\"@graph\":[{\"@type\":\"NewsArticle\",\"@id\":\"https:\/\/www.celttv.com.ar\/index.php\/2022\/05\/03\/el-centro-de-dia-cumplio-15-anos-y-continua-proyectandose-en-la-comunidad-video\/#article\",\"isPartOf\":{\"@id\":\"https:\/\/www.celttv.com.ar\/index.php\/2022\/05\/03\/el-centro-de-dia-cumplio-15-anos-y-continua-proyectandose-en-la-comunidad-video\/\"},\"author\":{\"name\":\"ulises\",\"@id\":\"https:\/\/www.celttv.com.ar\/#\/schema\/person\/6d99c072dba59953809c81446e9d0ace\"},\"headline\":\"El Centro de D\u00eda cumpli\u00f3 15 a\u00f1os y contin\u00faa proyect\u00e1ndose en la comunidad (Video)\",\"datePublished\":\"2022-05-03T22:27:58+00:00\",\"dateModified\":\"2022-05-03T22:27:58+00:00\",\"mainEntityOfPage\":{\"@id\":\"https:\/\/www.celttv.com.ar\/index.php\/2022\/05\/03\/el-centro-de-dia-cumplio-15-anos-y-continua-proyectandose-en-la-comunidad-video\/\"},\"wordCount\":87,\"publisher\":{\"@id\":\"https:\/\/www.celttv.com.ar\/#organization\"},\"articleSection\":[\"Celt TV Noticias\",\"Comunidad\",\"Destacadas\"],\"inLanguage\":\"es\"},{\"@type\":\"WebPage\",\"@id\":\"https:\/\/www.celttv.com.ar\/index.php\/2022\/05\/03\/el-centro-de-dia-cumplio-15-anos-y-continua-proyectandose-en-la-comunidad-video\/\",\"url\":\"https:\/\/www.celttv.com.ar\/index.php\/2022\/05\/03\/el-centro-de-dia-cumplio-15-anos-y-continua-proyectandose-en-la-comunidad-video\/\",\"name\":\"El Centro de D\u00eda cumpli\u00f3 15 a\u00f1os y contin\u00faa proyect\u00e1ndose en la comunidad (Video) - CELTTV\",\"isPartOf\":{\"@id\":\"https:\/\/www.celttv.com.ar\/#website\"},\"datePublished\":\"2022-05-03T22:27:58+00:00\",\"dateModified\":\"2022-05-03T22:27:58+00:00\",\"description\":\"Sitio web de noticias de la localidad de Tornquist, provincia de Buenos Aires, Rep\u00fablica Argentina. Contenido propio originado por periodistas de CELTTV, el canal de TV local de la Cooperativa El\u00e9ctrica de Tornquist. Turismo, Pol\u00edtica, Sociedad, Deporte, Cultura y todo el contenido de inter\u00e9s general que la gente del pueblo y la regi\u00f3n debe conocer.\",\"breadcrumb\":{\"@id\":\"https:\/\/www.celttv.com.ar\/index.php\/2022\/05\/03\/el-centro-de-dia-cumplio-15-anos-y-continua-proyectandose-en-la-comunidad-video\/#breadcrumb\"},\"inLanguage\":\"es\",\"potentialAction\":[{\"@type\":\"ReadAction\",\"target\":[\"https:\/\/www.celttv.com.ar\/index.php\/2022\/05\/03\/el-centro-de-dia-cumplio-15-anos-y-continua-proyectandose-en-la-comunidad-video\/\"]}]},{\"@type\":\"BreadcrumbList\",\"@id\":\"https:\/\/www.celttv.com.ar\/index.php\/2022\/05\/03\/el-centro-de-dia-cumplio-15-anos-y-continua-proyectandose-en-la-comunidad-video\/#breadcrumb\",\"itemListElement\":[{\"@type\":\"ListItem\",\"position\":1,\"name\":\"Inicio\",\"item\":\"https:\/\/www.celttv.com.ar\/\"},{\"@type\":\"ListItem\",\"position\":2,\"name\":\"El Centro de D\u00eda cumpli\u00f3 15 a\u00f1os y contin\u00faa proyect\u00e1ndose en la comunidad (Video)\"}]},{\"@type\":\"WebSite\",\"@id\":\"https:\/\/www.celttv.com.ar\/#website\",\"url\":\"https:\/\/www.celttv.com.ar\/\",\"name\":\"CELTTV\",\"description\":\"Cooperativa El\u00e9ctrica de Tornquist\",\"publisher\":{\"@id\":\"https:\/\/www.celttv.com.ar\/#organization\"},\"potentialAction\":[{\"@type\":\"SearchAction\",\"target\":{\"@type\":\"EntryPoint\",\"urlTemplate\":\"https:\/\/www.celttv.com.ar\/?s={search_term_string}\"},\"query-input\":\"required name=search_term_string\"}],\"inLanguage\":\"es\"},{\"@type\":\"Organization\",\"@id\":\"https:\/\/www.celttv.com.ar\/#organization\",\"name\":\"CELTTV\",\"url\":\"https:\/\/www.celttv.com.ar\/\",\"sameAs\":[\"https:\/\/www.youtube.com\/channel\/UCz_oIt8Hig64Ub-EmcNPIhg\",\"https:\/\/www.facebook.com\/celtTV\/\"],\"logo\":{\"@type\":\"ImageObject\",\"inLanguage\":\"es\",\"@id\":\"https:\/\/www.celttv.com.ar\/#\/schema\/logo\/image\/\",\"url\":\"http:\/\/www.celttv.com.ar\/wp-content\/uploads\/2022\/08\/logo-1.png\",\"contentUrl\":\"http:\/\/www.celttv.com.ar\/wp-content\/uploads\/2022\/08\/logo-1.png\",\"width\":461,\"height\":159,\"caption\":\"CELTTV\"},\"image\":{\"@id\":\"https:\/\/www.celttv.com.ar\/#\/schema\/logo\/image\/\"}},{\"@type\":\"Person\",\"@id\":\"https:\/\/www.celttv.com.ar\/#\/schema\/person\/6d99c072dba59953809c81446e9d0ace\",\"name\":\"ulises\",\"image\":{\"@type\":\"ImageObject\",\"inLanguage\":\"es\",\"@id\":\"https:\/\/www.celttv.com.ar\/#\/schema\/person\/image\/\",\"url\":\"https:\/\/secure.gravatar.com\/avatar\/7f2c48bdc33b30088f941fb6082e555f2874c98e20cb159d7b92b50eadfce793?s=96&d=mm&r=g\",\"contentUrl\":\"https:\/\/secure.gravatar.com\/avatar\/7f2c48bdc33b30088f941fb6082e555f2874c98e20cb159d7b92b50eadfce793?s=96&d=mm&r=g\",\"caption\":\"ulises\"},\"sameAs\":[\"http:\/\/www.celttv.com.ar\"]}]}<\/script>\n<!-- \/ Yoast SEO plugin. -->","yoast_head_json":{"title":"El Centro de D\u00eda cumpli\u00f3 15 a\u00f1os y contin\u00faa proyect\u00e1ndose en la comunidad (Video) - CELTTV","description":"Sitio web de noticias de la localidad de Tornquist, provincia de Buenos Aires, Rep\u00fablica Argentina. Contenido propio originado por periodistas de CELTTV, el canal de TV local de la Cooperativa El\u00e9ctrica de Tornquist. Turismo, Pol\u00edtica, Sociedad, Deporte, Cultura y todo el contenido de inter\u00e9s general que la gente del pueblo y la regi\u00f3n debe conocer.","robots":{"index":"index","follow":"follow","max-snippet":"max-snippet:-1","max-image-preview":"max-image-preview:large","max-video-preview":"max-video-preview:-1"},"canonical":"https:\/\/www.celttv.com.ar\/index.php\/2022\/05\/03\/el-centro-de-dia-cumplio-15-anos-y-continua-proyectandose-en-la-comunidad-video\/","og_locale":"es_ES","og_type":"article","og_title":"El Centro de D\u00eda cumpli\u00f3 15 a\u00f1os y contin\u00faa proyect\u00e1ndose en la comunidad (Video) - CELTTV","og_description":"Sitio web de noticias de la localidad de Tornquist, provincia de Buenos Aires, Rep\u00fablica Argentina. Contenido propio originado por periodistas de CELTTV, el canal de TV local de la Cooperativa El\u00e9ctrica de Tornquist. Turismo, Pol\u00edtica, Sociedad, Deporte, Cultura y todo el contenido de inter\u00e9s general que la gente del pueblo y la regi\u00f3n debe conocer.","og_url":"https:\/\/www.celttv.com.ar\/index.php\/2022\/05\/03\/el-centro-de-dia-cumplio-15-anos-y-continua-proyectandose-en-la-comunidad-video\/","og_site_name":"CELTTV","article_publisher":"https:\/\/www.facebook.com\/celtTV\/","article_published_time":"2022-05-03T22:27:58+00:00","og_image":[{"width":1583,"height":941,"url":"https:\/\/www.celttv.com.ar\/wp-content\/uploads\/2022\/05\/b90a2986-b982-45db-8728-0ffc34ac8e41.jpg","type":"image\/jpeg"}],"author":"ulises","twitter_card":"summary_large_image","twitter_misc":{"Escrito por":"ulises"},"schema":{"@context":"https:\/\/schema.org","@graph":[{"@type":"NewsArticle","@id":"https:\/\/www.celttv.com.ar\/index.php\/2022\/05\/03\/el-centro-de-dia-cumplio-15-anos-y-continua-proyectandose-en-la-comunidad-video\/#article","isPartOf":{"@id":"https:\/\/www.celttv.com.ar\/index.php\/2022\/05\/03\/el-centro-de-dia-cumplio-15-anos-y-continua-proyectandose-en-la-comunidad-video\/"},"author":{"name":"ulises","@id":"https:\/\/www.celttv.com.ar\/#\/schema\/person\/6d99c072dba59953809c81446e9d0ace"},"headline":"El Centro de D\u00eda cumpli\u00f3 15 a\u00f1os y contin\u00faa proyect\u00e1ndose en la comunidad (Video)","datePublished":"2022-05-03T22:27:58+00:00","dateModified":"2022-05-03T22:27:58+00:00","mainEntityOfPage":{"@id":"https:\/\/www.celttv.com.ar\/index.php\/2022\/05\/03\/el-centro-de-dia-cumplio-15-anos-y-continua-proyectandose-en-la-comunidad-video\/"},"wordCount":87,"publisher":{"@id":"https:\/\/www.celttv.com.ar\/#organization"},"articleSection":["Celt TV Noticias","Comunidad","Destacadas"],"inLanguage":"es"},{"@type":"WebPage","@id":"https:\/\/www.celttv.com.ar\/index.php\/2022\/05\/03\/el-centro-de-dia-cumplio-15-anos-y-continua-proyectandose-en-la-comunidad-video\/","url":"https:\/\/www.celttv.com.ar\/index.php\/2022\/05\/03\/el-centro-de-dia-cumplio-15-anos-y-continua-proyectandose-en-la-comunidad-video\/","name":"El Centro de D\u00eda cumpli\u00f3 15 a\u00f1os y contin\u00faa proyect\u00e1ndose en la comunidad (Video) - CELTTV","isPartOf":{"@id":"https:\/\/www.celttv.com.ar\/#website"},"datePublished":"2022-05-03T22:27:58+00:00","dateModified":"2022-05-03T22:27:58+00:00","description":"Sitio web de noticias de la localidad de Tornquist, provincia de Buenos Aires, Rep\u00fablica Argentina. Contenido propio originado por periodistas de CELTTV, el canal de TV local de la Cooperativa El\u00e9ctrica de Tornquist. Turismo, Pol\u00edtica, Sociedad, Deporte, Cultura y todo el contenido de inter\u00e9s general que la gente del pueblo y la regi\u00f3n debe conocer.","breadcrumb":{"@id":"https:\/\/www.celttv.com.ar\/index.php\/2022\/05\/03\/el-centro-de-dia-cumplio-15-anos-y-continua-proyectandose-en-la-comunidad-video\/#breadcrumb"},"inLanguage":"es","potentialAction":[{"@type":"ReadAction","target":["https:\/\/www.celttv.com.ar\/index.php\/2022\/05\/03\/el-centro-de-dia-cumplio-15-anos-y-continua-proyectandose-en-la-comunidad-video\/"]}]},{"@type":"BreadcrumbList","@id":"https:\/\/www.celttv.com.ar\/index.php\/2022\/05\/03\/el-centro-de-dia-cumplio-15-anos-y-continua-proyectandose-en-la-comunidad-video\/#breadcrumb","itemListElement":[{"@type":"ListItem","position":1,"name":"Inicio","item":"https:\/\/www.celttv.com.ar\/"},{"@type":"ListItem","position":2,"name":"El Centro de D\u00eda cumpli\u00f3 15 a\u00f1os y contin\u00faa proyect\u00e1ndose en la comunidad (Video)"}]},{"@type":"WebSite","@id":"https:\/\/www.celttv.com.ar\/#website","url":"https:\/\/www.celttv.com.ar\/","name":"CELTTV","description":"Cooperativa El\u00e9ctrica de Tornquist","publisher":{"@id":"https:\/\/www.celttv.com.ar\/#organization"},"potentialAction":[{"@type":"SearchAction","target":{"@type":"EntryPoint","urlTemplate":"https:\/\/www.celttv.com.ar\/?s={search_term_string}"},"query-input":"required name=search_term_string"}],"inLanguage":"es"},{"@type":"Organization","@id":"https:\/\/www.celttv.com.ar\/#organization","name":"CELTTV","url":"https:\/\/www.celttv.com.ar\/","sameAs":["https:\/\/www.youtube.com\/channel\/UCz_oIt8Hig64Ub-EmcNPIhg","https:\/\/www.facebook.com\/celtTV\/"],"logo":{"@type":"ImageObject","inLanguage":"es","@id":"https:\/\/www.celttv.com.ar\/#\/schema\/logo\/image\/","url":"http:\/\/www.celttv.com.ar\/wp-content\/uploads\/2022\/08\/logo-1.png","contentUrl":"http:\/\/www.celttv.com.ar\/wp-content\/uploads\/2022\/08\/logo-1.png","width":461,"height":159,"caption":"CELTTV"},"image":{"@id":"https:\/\/www.celttv.com.ar\/#\/schema\/logo\/image\/"}},{"@type":"Person","@id":"https:\/\/www.celttv.com.ar\/#\/schema\/person\/6d99c072dba59953809c81446e9d0ace","name":"ulises","image":{"@type":"ImageObject","inLanguage":"es","@id":"https:\/\/www.celttv.com.ar\/#\/schema\/person\/image\/","url":"https:\/\/secure.gravatar.com\/avatar\/7f2c48bdc33b30088f941fb6082e555f2874c98e20cb159d7b92b50eadfce793?s=96&d=mm&r=g","contentUrl":"https:\/\/secure.gravatar.com\/avatar\/7f2c48bdc33b30088f941fb6082e555f2874c98e20cb159d7b92b50eadfce793?s=96&d=mm&r=g","caption":"ulises"},"sameAs":["http:\/\/www.celttv.com.ar"]}]}},"_links":{"self":[{"href":"https:\/\/www.celttv.com.ar\/index.php\/wp-json\/wp\/v2\/posts\/65681","targetHints":{"allow":["GET"]}}],"collection":[{"href":"https:\/\/www.celttv.com.ar\/index.php\/wp-json\/wp\/v2\/posts"}],"about":[{"href":"https:\/\/www.celttv.com.ar\/index.php\/wp-json\/wp\/v2\/types\/post"}],"author":[{"embeddable":true,"href":"https:\/\/www.celttv.com.ar\/index.php\/wp-json\/wp\/v2\/users\/1"}],"replies":[{"embeddable":true,"href":"https:\/\/www.celttv.com.ar\/index.php\/wp-json\/wp\/v2\/comments?post=65681"}],"version-history":[{"count":0,"href":"https:\/\/www.celttv.com.ar\/index.php\/wp-json\/wp\/v2\/posts\/65681\/revisions"}],"wp:featuredmedia":[{"embeddable":true,"href":"https:\/\/www.celttv.com.ar\/index.php\/wp-json\/wp\/v2\/media\/65685"}],"wp:attachment":[{"href":"https:\/\/www.celttv.com.ar\/index.php\/wp-json\/wp\/v2\/media?parent=65681"}],"wp:term":[{"taxonomy":"category","embeddable":true,"href":"https:\/\/www.celttv.com.ar\/index.php\/wp-json\/wp\/v2\/categories?post=65681"},{"taxonomy":"post_tag","embeddable":true,"href":"https:\/\/www.celttv.com.ar\/index.php\/wp-json\/wp\/v2\/tags?post=65681"}],"curies":[{"name":"wp","href":"https:\/\/api.w.org\/{rel}","templated":true}]}}