{"id":65773,"date":"2022-05-07T19:50:53","date_gmt":"2022-05-07T19:50:53","guid":{"rendered":"http:\/\/www.celttv.com.ar\/?p=65773"},"modified":"2022-05-07T19:50:53","modified_gmt":"2022-05-07T19:50:53","slug":"exitosa-expo-criollos-en-el-predio-de-la-asociacion-rural-de-tornquist-video-y-fotos","status":"publish","type":"post","link":"https:\/\/www.celttv.com.ar\/index.php\/2022\/05\/07\/exitosa-expo-criollos-en-el-predio-de-la-asociacion-rural-de-tornquist-video-y-fotos\/","title":{"rendered":"Exitosa Expo Criollos en el predio de la Asociaci\u00f3n Rural de Tornquist (Video y fotos)"},"content":{"rendered":"\n<p>Con una jornada a pleno sol y un buen marco de p\u00fablico, se est\u00e1 desarrollando la Expo Criollos Tornquist 2022, en el predio de la Asociaci\u00f3n Rural de Tornquist.<\/p>\n\n\n<p>Stands, servicio gastron\u00f3mico y el gran espect\u00e1culo que brindaron los equipos que participan en el aparte campero, formaron el marco ideal para una tarde en familia, amigos y mateada en el amplio predio que tiene la entidad ruralista en el acceso a Tornquist por la RN 33.<\/p>\n\n\n<p>La actividad contin\u00faa el domingo (8 de mayo), a partir de las 9, con el aparte campero.<\/p>\n\n\n<p>Los resultados del Aparte Campero<\/p>\n\n\n<p><strong>Aparte Campero<br \/>Categor\u00eda A<br \/><br \/>Competencia d\u00eda s\u00e1bado 7.5.22<\/strong><\/p>\n\n\n<p><strong>1ER PUESTO:<br \/>EQUIPO &#8220;LA QUE SALGA&#8221;<\/strong>&nbsp;(6 VACAS ENCERRADAS EN 1.23)<br \/>-LETICIA DE URIBE ECHEVARRIA<br \/>-GRACIELA RODRIGUEZ<br \/>-JUAN DELGADINO<\/p>\n\n\n<p><strong>2DO PUESTO:<br \/>EQUIPO &#8220;CABALLOS CRIOLLOS EL CIERVO&#8221;<\/strong>&nbsp;(6 VACAS ENCERRADAS EN 1.38)<br \/>-KELLER JOAQUIN<br \/>-KELLER GERARDO<br \/>-KELLER MATIAS<\/p>\n\n\n<p><strong>3ER PUESTO:<br \/>EQUIPO &#8220;NI UN PELO DE ZONZO&#8221;<\/strong>&nbsp;(6 VACAS ENCERRADAS EN 1.54)<br \/>&#8211; SERGIO URRUTIA<br \/>&#8211; ALEJANDRO URRUTIA<br \/>&#8211; AMERICO &#8220;COCO&#8221; PARRA<\/p>\n\n\n<p>&#8212;&#8212;<br \/><strong>Categor\u00eda B<\/strong><\/p>\n\n\n<p><strong>1ER PUESTO:<br \/>EQUIPO &#8220;LOS FRASQUEADOS&#8221;<\/strong>&nbsp;(6 VACAS ENCERRADAS EN 1.22)<br \/>-GABRIEL STEFFEN<br \/>-MARCOS STEFFEN<br \/>-ROBERTO SARD<\/p>\n\n\n<p><strong>2DO PUESTO:<br \/>EQUIPO &#8220;TORITOS PAL SERVICIO&#8221;<\/strong>&nbsp;(6 VACAS ENCERRADAS EN 1.43)<br \/>-FACUNDO BENEDETTI<br \/>-SEGUNDO BENEDETTI<br \/>-FELICIANO BRAVO<\/p>\n\n\n<p><strong>3ER PUESTO:<br \/>EQUIPO &#8220;LOS POCO VEO&#8221;<\/strong>&nbsp;(6 VACAS ENCERRADAS EN 1.51)<br \/>-KELLER GUILLERMO<br \/>-BALBINO VICENTE<br \/>-BALBINO ALVARO<\/p>\n\n\n<p>&#8212;&#8211;<\/p>\n\n\n<p><strong>Aparte Campero<br \/>Categor\u00eda A<\/strong><\/p>\n\n\n<p><strong>Competencia d\u00eda DOMINGO 8.5.22<\/strong><\/p>\n\n\n<p><strong>1ER PUESTO<\/strong>&nbsp;(6 VACAS ENCERRADAS EN 1:10)<br \/>EQUIPO &#8220;RINCON GANADERO&#8221;<br \/>IGNACIO KELLER<br \/>IMANOL KELLER<br \/>ARANTZA KELLER<\/p>\n\n\n<p><strong>2DO PUESTO<\/strong>&nbsp;(6 VACAS ENCERRADAS EN 1:24)<br \/>EQUIPO &#8220;NI UN PELO DE ZONZO&#8221;<br \/>SERGIO URRUTIA<br \/>ALEJANDRO URRUTIA<br \/>AMERICO &#8220;COCO&#8221; PARRA<\/p>\n\n\n<p><strong>3ER PUESTO<\/strong>&nbsp;(6 VACAS ENCERRADAS EN 1:29)<br \/>EQUIPO &#8220;LA CARRINDANGA&#8221;<br \/>JORGE URIBE ECHEVARRIA<br \/>JOAQUIN URIBE ECHEVARRIA<br \/>BENJAMIN CORIZA<\/p>\n\n\n<p>&#8212;&#8211;<br \/><strong>Aparte Campero<br \/>Categor\u00eda B<\/strong><\/p>\n\n\n<p><strong>1er puesto<br \/>Equipo &#8220;SI MONA&#8221;<\/strong>&nbsp;(6 VACAS ENCERRADAS EN 1:09)<br \/>-ALEJANDRA ROVEDA<br \/>-NESTOR BENEDETTI<br \/>-GREGORIO BRAVO<\/p>\n\n\n<p><strong>2DO PUESTO<br \/>EQUIPO &#8220;LOS AMARGOS&#8221;<\/strong>&nbsp;(6 VACAS ENCERRADAS EN 1:11)<br \/>&#8211; BRUNO MANCINELLI<br \/>&#8211; WALTER MACCARI<br \/>&#8211; ALFREDO HEROLD<\/p>\n\n\n<p><strong>3DO PUESTO:<br \/>EQUIPO &#8220;EL BOMBO DE TIRAXI&#8221;&nbsp;<\/strong>(6 VACAS ENCERRADAS EN 2.44)<br \/>-WILLIAMS ADRIAN<br \/>-WILLIAMS SIMON<br \/>-WILLIAMS ANA<\/p>\n\n\n<figure class=\"wp-block-embed is-type-video is-provider-youtube wp-block-embed-youtube wp-embed-aspect-16-9 wp-has-aspect-ratio\"><div class=\"wp-block-embed__wrapper\">\n<iframe loading=\"lazy\" title=\"2022 05 07 EXPO CRIOLLOS TORNQUIST 2022\" width=\"500\" height=\"281\" src=\"https:\/\/www.youtube.com\/embed\/1amTLxU6Sqg?feature=oembed\" frameborder=\"0\" allow=\"accelerometer; autoplay; clipboard-write; encrypted-media; gyroscope; picture-in-picture; web-share\" referrerpolicy=\"strict-origin-when-cross-origin\" allowfullscreen><\/iframe>\n<\/div><\/figure>\n\n\n<figure class=\"wp-block-image size-large\"><img loading=\"lazy\" decoding=\"async\" width=\"1024\" height=\"768\" src=\"http:\/\/www.celttv.com.ar\/wp-content\/uploads\/2022\/05\/2fc74249-23c5-4b0e-8417-717cb378dd7b-1024x768.jpg\" alt=\"\" class=\"wp-image-65774\" srcset=\"https:\/\/www.celttv.com.ar\/wp-content\/uploads\/2022\/05\/2fc74249-23c5-4b0e-8417-717cb378dd7b-1024x768.jpg 1024w, https:\/\/www.celttv.com.ar\/wp-content\/uploads\/2022\/05\/2fc74249-23c5-4b0e-8417-717cb378dd7b-300x225.jpg 300w, https:\/\/www.celttv.com.ar\/wp-content\/uploads\/2022\/05\/2fc74249-23c5-4b0e-8417-717cb378dd7b-768x576.jpg 768w, https:\/\/www.celttv.com.ar\/wp-content\/uploads\/2022\/05\/2fc74249-23c5-4b0e-8417-717cb378dd7b-750x563.jpg 750w, https:\/\/www.celttv.com.ar\/wp-content\/uploads\/2022\/05\/2fc74249-23c5-4b0e-8417-717cb378dd7b-1140x855.jpg 1140w, https:\/\/www.celttv.com.ar\/wp-content\/uploads\/2022\/05\/2fc74249-23c5-4b0e-8417-717cb378dd7b.jpg 1280w\" sizes=\"auto, (max-width: 1024px) 100vw, 1024px\" \/><\/figure>\n\n\n<figure class=\"wp-block-image size-large\"><img loading=\"lazy\" decoding=\"async\" width=\"1024\" height=\"768\" src=\"http:\/\/www.celttv.com.ar\/wp-content\/uploads\/2022\/05\/3d29e427-6f3d-4025-8d0f-bba5344daf5a-1024x768.jpg\" alt=\"\" class=\"wp-image-65775\" srcset=\"https:\/\/www.celttv.com.ar\/wp-content\/uploads\/2022\/05\/3d29e427-6f3d-4025-8d0f-bba5344daf5a-1024x768.jpg 1024w, https:\/\/www.celttv.com.ar\/wp-content\/uploads\/2022\/05\/3d29e427-6f3d-4025-8d0f-bba5344daf5a-300x225.jpg 300w, https:\/\/www.celttv.com.ar\/wp-content\/uploads\/2022\/05\/3d29e427-6f3d-4025-8d0f-bba5344daf5a-768x576.jpg 768w, https:\/\/www.celttv.com.ar\/wp-content\/uploads\/2022\/05\/3d29e427-6f3d-4025-8d0f-bba5344daf5a-750x563.jpg 750w, https:\/\/www.celttv.com.ar\/wp-content\/uploads\/2022\/05\/3d29e427-6f3d-4025-8d0f-bba5344daf5a-1140x855.jpg 1140w, https:\/\/www.celttv.com.ar\/wp-content\/uploads\/2022\/05\/3d29e427-6f3d-4025-8d0f-bba5344daf5a.jpg 1280w\" sizes=\"auto, (max-width: 1024px) 100vw, 1024px\" \/><\/figure>\n\n\n<figure class=\"wp-block-image size-large\"><img loading=\"lazy\" decoding=\"async\" width=\"1024\" height=\"768\" src=\"http:\/\/www.celttv.com.ar\/wp-content\/uploads\/2022\/05\/5ea31cf0-1597-4d9d-bc7b-cc70f4654bbd-1024x768.jpg\" alt=\"\" class=\"wp-image-65776\" srcset=\"https:\/\/www.celttv.com.ar\/wp-content\/uploads\/2022\/05\/5ea31cf0-1597-4d9d-bc7b-cc70f4654bbd-1024x768.jpg 1024w, https:\/\/www.celttv.com.ar\/wp-content\/uploads\/2022\/05\/5ea31cf0-1597-4d9d-bc7b-cc70f4654bbd-300x225.jpg 300w, https:\/\/www.celttv.com.ar\/wp-content\/uploads\/2022\/05\/5ea31cf0-1597-4d9d-bc7b-cc70f4654bbd-768x576.jpg 768w, https:\/\/www.celttv.com.ar\/wp-content\/uploads\/2022\/05\/5ea31cf0-1597-4d9d-bc7b-cc70f4654bbd-750x563.jpg 750w, https:\/\/www.celttv.com.ar\/wp-content\/uploads\/2022\/05\/5ea31cf0-1597-4d9d-bc7b-cc70f4654bbd-1140x855.jpg 1140w, https:\/\/www.celttv.com.ar\/wp-content\/uploads\/2022\/05\/5ea31cf0-1597-4d9d-bc7b-cc70f4654bbd.jpg 1280w\" sizes=\"auto, (max-width: 1024px) 100vw, 1024px\" \/><\/figure>\n\n\n<figure class=\"wp-block-image size-large\"><img loading=\"lazy\" decoding=\"async\" width=\"1024\" height=\"768\" src=\"http:\/\/www.celttv.com.ar\/wp-content\/uploads\/2022\/05\/6ad8f0c2-c2aa-44d2-865b-8a0928c7b883-1024x768.jpg\" alt=\"\" class=\"wp-image-65777\" srcset=\"https:\/\/www.celttv.com.ar\/wp-content\/uploads\/2022\/05\/6ad8f0c2-c2aa-44d2-865b-8a0928c7b883-1024x768.jpg 1024w, https:\/\/www.celttv.com.ar\/wp-content\/uploads\/2022\/05\/6ad8f0c2-c2aa-44d2-865b-8a0928c7b883-300x225.jpg 300w, https:\/\/www.celttv.com.ar\/wp-content\/uploads\/2022\/05\/6ad8f0c2-c2aa-44d2-865b-8a0928c7b883-768x576.jpg 768w, https:\/\/www.celttv.com.ar\/wp-content\/uploads\/2022\/05\/6ad8f0c2-c2aa-44d2-865b-8a0928c7b883-750x563.jpg 750w, https:\/\/www.celttv.com.ar\/wp-content\/uploads\/2022\/05\/6ad8f0c2-c2aa-44d2-865b-8a0928c7b883-1140x855.jpg 1140w, https:\/\/www.celttv.com.ar\/wp-content\/uploads\/2022\/05\/6ad8f0c2-c2aa-44d2-865b-8a0928c7b883.jpg 1280w\" sizes=\"auto, (max-width: 1024px) 100vw, 1024px\" \/><\/figure>\n\n\n<figure class=\"wp-block-image size-large\"><img loading=\"lazy\" decoding=\"async\" width=\"1024\" height=\"768\" src=\"http:\/\/www.celttv.com.ar\/wp-content\/uploads\/2022\/05\/9cb86a96-356e-4763-ba67-9b4efbfb655b-1024x768.jpg\" alt=\"\" class=\"wp-image-65778\" srcset=\"https:\/\/www.celttv.com.ar\/wp-content\/uploads\/2022\/05\/9cb86a96-356e-4763-ba67-9b4efbfb655b-1024x768.jpg 1024w, https:\/\/www.celttv.com.ar\/wp-content\/uploads\/2022\/05\/9cb86a96-356e-4763-ba67-9b4efbfb655b-300x225.jpg 300w, https:\/\/www.celttv.com.ar\/wp-content\/uploads\/2022\/05\/9cb86a96-356e-4763-ba67-9b4efbfb655b-768x576.jpg 768w, https:\/\/www.celttv.com.ar\/wp-content\/uploads\/2022\/05\/9cb86a96-356e-4763-ba67-9b4efbfb655b-750x563.jpg 750w, https:\/\/www.celttv.com.ar\/wp-content\/uploads\/2022\/05\/9cb86a96-356e-4763-ba67-9b4efbfb655b-1140x855.jpg 1140w, https:\/\/www.celttv.com.ar\/wp-content\/uploads\/2022\/05\/9cb86a96-356e-4763-ba67-9b4efbfb655b.jpg 1280w\" sizes=\"auto, (max-width: 1024px) 100vw, 1024px\" \/><\/figure>\n\n\n<figure class=\"wp-block-image size-large\"><img loading=\"lazy\" decoding=\"async\" width=\"1024\" height=\"768\" src=\"http:\/\/www.celttv.com.ar\/wp-content\/uploads\/2022\/05\/19f7ec45-272f-49b5-aa14-06308f452f2e-1024x768.jpg\" alt=\"\" class=\"wp-image-65779\" srcset=\"https:\/\/www.celttv.com.ar\/wp-content\/uploads\/2022\/05\/19f7ec45-272f-49b5-aa14-06308f452f2e-1024x768.jpg 1024w, https:\/\/www.celttv.com.ar\/wp-content\/uploads\/2022\/05\/19f7ec45-272f-49b5-aa14-06308f452f2e-300x225.jpg 300w, https:\/\/www.celttv.com.ar\/wp-content\/uploads\/2022\/05\/19f7ec45-272f-49b5-aa14-06308f452f2e-768x576.jpg 768w, https:\/\/www.celttv.com.ar\/wp-content\/uploads\/2022\/05\/19f7ec45-272f-49b5-aa14-06308f452f2e-750x563.jpg 750w, https:\/\/www.celttv.com.ar\/wp-content\/uploads\/2022\/05\/19f7ec45-272f-49b5-aa14-06308f452f2e-1140x855.jpg 1140w, https:\/\/www.celttv.com.ar\/wp-content\/uploads\/2022\/05\/19f7ec45-272f-49b5-aa14-06308f452f2e.jpg 1280w\" sizes=\"auto, (max-width: 1024px) 100vw, 1024px\" \/><\/figure>\n\n\n<figure class=\"wp-block-image size-large\"><img loading=\"lazy\" decoding=\"async\" width=\"1024\" height=\"768\" src=\"http:\/\/www.celttv.com.ar\/wp-content\/uploads\/2022\/05\/028d6365-7913-4e65-9ad5-192a699bb759-1024x768.jpg\" alt=\"\" class=\"wp-image-65780\" srcset=\"https:\/\/www.celttv.com.ar\/wp-content\/uploads\/2022\/05\/028d6365-7913-4e65-9ad5-192a699bb759-1024x768.jpg 1024w, https:\/\/www.celttv.com.ar\/wp-content\/uploads\/2022\/05\/028d6365-7913-4e65-9ad5-192a699bb759-300x225.jpg 300w, https:\/\/www.celttv.com.ar\/wp-content\/uploads\/2022\/05\/028d6365-7913-4e65-9ad5-192a699bb759-768x576.jpg 768w, https:\/\/www.celttv.com.ar\/wp-content\/uploads\/2022\/05\/028d6365-7913-4e65-9ad5-192a699bb759-750x563.jpg 750w, https:\/\/www.celttv.com.ar\/wp-content\/uploads\/2022\/05\/028d6365-7913-4e65-9ad5-192a699bb759-1140x855.jpg 1140w, https:\/\/www.celttv.com.ar\/wp-content\/uploads\/2022\/05\/028d6365-7913-4e65-9ad5-192a699bb759.jpg 1280w\" sizes=\"auto, (max-width: 1024px) 100vw, 1024px\" \/><\/figure>\n\n\n<figure class=\"wp-block-image size-large\"><img loading=\"lazy\" decoding=\"async\" width=\"1024\" height=\"768\" src=\"http:\/\/www.celttv.com.ar\/wp-content\/uploads\/2022\/05\/39d493d4-6e84-432b-a8a2-aa627282a343-1024x768.jpg\" alt=\"\" class=\"wp-image-65781\" srcset=\"https:\/\/www.celttv.com.ar\/wp-content\/uploads\/2022\/05\/39d493d4-6e84-432b-a8a2-aa627282a343-1024x768.jpg 1024w, https:\/\/www.celttv.com.ar\/wp-content\/uploads\/2022\/05\/39d493d4-6e84-432b-a8a2-aa627282a343-300x225.jpg 300w, https:\/\/www.celttv.com.ar\/wp-content\/uploads\/2022\/05\/39d493d4-6e84-432b-a8a2-aa627282a343-768x576.jpg 768w, https:\/\/www.celttv.com.ar\/wp-content\/uploads\/2022\/05\/39d493d4-6e84-432b-a8a2-aa627282a343-750x563.jpg 750w, https:\/\/www.celttv.com.ar\/wp-content\/uploads\/2022\/05\/39d493d4-6e84-432b-a8a2-aa627282a343-1140x855.jpg 1140w, https:\/\/www.celttv.com.ar\/wp-content\/uploads\/2022\/05\/39d493d4-6e84-432b-a8a2-aa627282a343.jpg 1280w\" sizes=\"auto, (max-width: 1024px) 100vw, 1024px\" \/><\/figure>\n\n\n<figure class=\"wp-block-image size-large\"><img loading=\"lazy\" decoding=\"async\" width=\"1024\" height=\"768\" src=\"http:\/\/www.celttv.com.ar\/wp-content\/uploads\/2022\/05\/241ee712-de29-4f6d-848f-e6035cd38f77-1024x768.jpg\" alt=\"\" class=\"wp-image-65782\" srcset=\"https:\/\/www.celttv.com.ar\/wp-content\/uploads\/2022\/05\/241ee712-de29-4f6d-848f-e6035cd38f77-1024x768.jpg 1024w, https:\/\/www.celttv.com.ar\/wp-content\/uploads\/2022\/05\/241ee712-de29-4f6d-848f-e6035cd38f77-300x225.jpg 300w, https:\/\/www.celttv.com.ar\/wp-content\/uploads\/2022\/05\/241ee712-de29-4f6d-848f-e6035cd38f77-768x576.jpg 768w, https:\/\/www.celttv.com.ar\/wp-content\/uploads\/2022\/05\/241ee712-de29-4f6d-848f-e6035cd38f77-750x563.jpg 750w, https:\/\/www.celttv.com.ar\/wp-content\/uploads\/2022\/05\/241ee712-de29-4f6d-848f-e6035cd38f77-1140x855.jpg 1140w, https:\/\/www.celttv.com.ar\/wp-content\/uploads\/2022\/05\/241ee712-de29-4f6d-848f-e6035cd38f77.jpg 1280w\" sizes=\"auto, (max-width: 1024px) 100vw, 1024px\" \/><\/figure>\n\n\n<figure class=\"wp-block-image size-large\"><img loading=\"lazy\" decoding=\"async\" width=\"1024\" height=\"768\" src=\"http:\/\/www.celttv.com.ar\/wp-content\/uploads\/2022\/05\/435d45e7-c753-4bcf-80aa-0520a187d774-1024x768.jpg\" alt=\"\" class=\"wp-image-65783\" srcset=\"https:\/\/www.celttv.com.ar\/wp-content\/uploads\/2022\/05\/435d45e7-c753-4bcf-80aa-0520a187d774-1024x768.jpg 1024w, https:\/\/www.celttv.com.ar\/wp-content\/uploads\/2022\/05\/435d45e7-c753-4bcf-80aa-0520a187d774-300x225.jpg 300w, https:\/\/www.celttv.com.ar\/wp-content\/uploads\/2022\/05\/435d45e7-c753-4bcf-80aa-0520a187d774-768x576.jpg 768w, https:\/\/www.celttv.com.ar\/wp-content\/uploads\/2022\/05\/435d45e7-c753-4bcf-80aa-0520a187d774-750x563.jpg 750w, https:\/\/www.celttv.com.ar\/wp-content\/uploads\/2022\/05\/435d45e7-c753-4bcf-80aa-0520a187d774-1140x855.jpg 1140w, https:\/\/www.celttv.com.ar\/wp-content\/uploads\/2022\/05\/435d45e7-c753-4bcf-80aa-0520a187d774.jpg 1280w\" sizes=\"auto, (max-width: 1024px) 100vw, 1024px\" \/><\/figure>\n\n\n<figure class=\"wp-block-image size-large\"><img loading=\"lazy\" decoding=\"async\" width=\"1024\" height=\"768\" src=\"http:\/\/www.celttv.com.ar\/wp-content\/uploads\/2022\/05\/587bf424-7066-422f-9393-512b88b063ba-1024x768.jpg\" alt=\"\" class=\"wp-image-65784\" srcset=\"https:\/\/www.celttv.com.ar\/wp-content\/uploads\/2022\/05\/587bf424-7066-422f-9393-512b88b063ba-1024x768.jpg 1024w, https:\/\/www.celttv.com.ar\/wp-content\/uploads\/2022\/05\/587bf424-7066-422f-9393-512b88b063ba-300x225.jpg 300w, https:\/\/www.celttv.com.ar\/wp-content\/uploads\/2022\/05\/587bf424-7066-422f-9393-512b88b063ba-768x576.jpg 768w, https:\/\/www.celttv.com.ar\/wp-content\/uploads\/2022\/05\/587bf424-7066-422f-9393-512b88b063ba-750x563.jpg 750w, https:\/\/www.celttv.com.ar\/wp-content\/uploads\/2022\/05\/587bf424-7066-422f-9393-512b88b063ba-1140x855.jpg 1140w, https:\/\/www.celttv.com.ar\/wp-content\/uploads\/2022\/05\/587bf424-7066-422f-9393-512b88b063ba.jpg 1280w\" sizes=\"auto, (max-width: 1024px) 100vw, 1024px\" \/><\/figure>\n\n\n<figure class=\"wp-block-image size-large\"><img loading=\"lazy\" decoding=\"async\" width=\"1024\" height=\"768\" src=\"http:\/\/www.celttv.com.ar\/wp-content\/uploads\/2022\/05\/968c0dfd-ba3e-4789-95e3-66e047c9b57e-1024x768.jpg\" alt=\"\" class=\"wp-image-65785\" srcset=\"https:\/\/www.celttv.com.ar\/wp-content\/uploads\/2022\/05\/968c0dfd-ba3e-4789-95e3-66e047c9b57e-1024x768.jpg 1024w, https:\/\/www.celttv.com.ar\/wp-content\/uploads\/2022\/05\/968c0dfd-ba3e-4789-95e3-66e047c9b57e-300x225.jpg 300w, https:\/\/www.celttv.com.ar\/wp-content\/uploads\/2022\/05\/968c0dfd-ba3e-4789-95e3-66e047c9b57e-768x576.jpg 768w, https:\/\/www.celttv.com.ar\/wp-content\/uploads\/2022\/05\/968c0dfd-ba3e-4789-95e3-66e047c9b57e-750x563.jpg 750w, https:\/\/www.celttv.com.ar\/wp-content\/uploads\/2022\/05\/968c0dfd-ba3e-4789-95e3-66e047c9b57e-1140x855.jpg 1140w, https:\/\/www.celttv.com.ar\/wp-content\/uploads\/2022\/05\/968c0dfd-ba3e-4789-95e3-66e047c9b57e.jpg 1280w\" sizes=\"auto, (max-width: 1024px) 100vw, 1024px\" \/><\/figure>\n\n\n<figure class=\"wp-block-image size-large\"><img loading=\"lazy\" decoding=\"async\" width=\"1024\" height=\"768\" src=\"http:\/\/www.celttv.com.ar\/wp-content\/uploads\/2022\/05\/2081bd8d-7265-4926-8cbb-8c97560133ab-1024x768.jpg\" alt=\"\" class=\"wp-image-65786\" srcset=\"https:\/\/www.celttv.com.ar\/wp-content\/uploads\/2022\/05\/2081bd8d-7265-4926-8cbb-8c97560133ab-1024x768.jpg 1024w, https:\/\/www.celttv.com.ar\/wp-content\/uploads\/2022\/05\/2081bd8d-7265-4926-8cbb-8c97560133ab-300x225.jpg 300w, https:\/\/www.celttv.com.ar\/wp-content\/uploads\/2022\/05\/2081bd8d-7265-4926-8cbb-8c97560133ab-768x576.jpg 768w, https:\/\/www.celttv.com.ar\/wp-content\/uploads\/2022\/05\/2081bd8d-7265-4926-8cbb-8c97560133ab-750x563.jpg 750w, https:\/\/www.celttv.com.ar\/wp-content\/uploads\/2022\/05\/2081bd8d-7265-4926-8cbb-8c97560133ab-1140x855.jpg 1140w, https:\/\/www.celttv.com.ar\/wp-content\/uploads\/2022\/05\/2081bd8d-7265-4926-8cbb-8c97560133ab.jpg 1280w\" sizes=\"auto, (max-width: 1024px) 100vw, 1024px\" \/><\/figure>\n\n\n<figure class=\"wp-block-image size-large\"><img loading=\"lazy\" decoding=\"async\" width=\"1024\" height=\"768\" src=\"http:\/\/www.celttv.com.ar\/wp-content\/uploads\/2022\/05\/3680d1b7-7574-4ab2-8f5d-865c9d572c5e-1024x768.jpg\" alt=\"\" class=\"wp-image-65787\" srcset=\"https:\/\/www.celttv.com.ar\/wp-content\/uploads\/2022\/05\/3680d1b7-7574-4ab2-8f5d-865c9d572c5e-1024x768.jpg 1024w, https:\/\/www.celttv.com.ar\/wp-content\/uploads\/2022\/05\/3680d1b7-7574-4ab2-8f5d-865c9d572c5e-300x225.jpg 300w, https:\/\/www.celttv.com.ar\/wp-content\/uploads\/2022\/05\/3680d1b7-7574-4ab2-8f5d-865c9d572c5e-768x576.jpg 768w, https:\/\/www.celttv.com.ar\/wp-content\/uploads\/2022\/05\/3680d1b7-7574-4ab2-8f5d-865c9d572c5e-750x563.jpg 750w, https:\/\/www.celttv.com.ar\/wp-content\/uploads\/2022\/05\/3680d1b7-7574-4ab2-8f5d-865c9d572c5e-1140x855.jpg 1140w, https:\/\/www.celttv.com.ar\/wp-content\/uploads\/2022\/05\/3680d1b7-7574-4ab2-8f5d-865c9d572c5e.jpg 1280w\" sizes=\"auto, (max-width: 1024px) 100vw, 1024px\" \/><\/figure>\n\n\n<figure class=\"wp-block-image size-large\"><img loading=\"lazy\" decoding=\"async\" width=\"1024\" height=\"768\" src=\"http:\/\/www.celttv.com.ar\/wp-content\/uploads\/2022\/05\/38564d97-6191-4036-9990-086af573fa5a-1024x768.jpg\" alt=\"\" class=\"wp-image-65788\" srcset=\"https:\/\/www.celttv.com.ar\/wp-content\/uploads\/2022\/05\/38564d97-6191-4036-9990-086af573fa5a-1024x768.jpg 1024w, https:\/\/www.celttv.com.ar\/wp-content\/uploads\/2022\/05\/38564d97-6191-4036-9990-086af573fa5a-300x225.jpg 300w, https:\/\/www.celttv.com.ar\/wp-content\/uploads\/2022\/05\/38564d97-6191-4036-9990-086af573fa5a-768x576.jpg 768w, https:\/\/www.celttv.com.ar\/wp-content\/uploads\/2022\/05\/38564d97-6191-4036-9990-086af573fa5a-750x563.jpg 750w, https:\/\/www.celttv.com.ar\/wp-content\/uploads\/2022\/05\/38564d97-6191-4036-9990-086af573fa5a-1140x855.jpg 1140w, https:\/\/www.celttv.com.ar\/wp-content\/uploads\/2022\/05\/38564d97-6191-4036-9990-086af573fa5a.jpg 1280w\" sizes=\"auto, (max-width: 1024px) 100vw, 1024px\" \/><\/figure>\n\n\n<figure class=\"wp-block-image size-large\"><img loading=\"lazy\" decoding=\"async\" width=\"1024\" height=\"768\" src=\"http:\/\/www.celttv.com.ar\/wp-content\/uploads\/2022\/05\/a777bb3c-c838-4be3-b7fa-4a27ed915cd1-1024x768.jpg\" alt=\"\" class=\"wp-image-65789\" srcset=\"https:\/\/www.celttv.com.ar\/wp-content\/uploads\/2022\/05\/a777bb3c-c838-4be3-b7fa-4a27ed915cd1-1024x768.jpg 1024w, https:\/\/www.celttv.com.ar\/wp-content\/uploads\/2022\/05\/a777bb3c-c838-4be3-b7fa-4a27ed915cd1-300x225.jpg 300w, https:\/\/www.celttv.com.ar\/wp-content\/uploads\/2022\/05\/a777bb3c-c838-4be3-b7fa-4a27ed915cd1-768x576.jpg 768w, https:\/\/www.celttv.com.ar\/wp-content\/uploads\/2022\/05\/a777bb3c-c838-4be3-b7fa-4a27ed915cd1-750x563.jpg 750w, https:\/\/www.celttv.com.ar\/wp-content\/uploads\/2022\/05\/a777bb3c-c838-4be3-b7fa-4a27ed915cd1-1140x855.jpg 1140w, https:\/\/www.celttv.com.ar\/wp-content\/uploads\/2022\/05\/a777bb3c-c838-4be3-b7fa-4a27ed915cd1.jpg 1280w\" sizes=\"auto, (max-width: 1024px) 100vw, 1024px\" \/><\/figure>\n\n\n<figure class=\"wp-block-image size-large\"><img loading=\"lazy\" decoding=\"async\" width=\"1024\" height=\"768\" src=\"http:\/\/www.celttv.com.ar\/wp-content\/uploads\/2022\/05\/c966c212-df73-4c15-a419-87785c910123-1024x768.jpg\" alt=\"\" class=\"wp-image-65790\" srcset=\"https:\/\/www.celttv.com.ar\/wp-content\/uploads\/2022\/05\/c966c212-df73-4c15-a419-87785c910123-1024x768.jpg 1024w, https:\/\/www.celttv.com.ar\/wp-content\/uploads\/2022\/05\/c966c212-df73-4c15-a419-87785c910123-300x225.jpg 300w, https:\/\/www.celttv.com.ar\/wp-content\/uploads\/2022\/05\/c966c212-df73-4c15-a419-87785c910123-768x576.jpg 768w, https:\/\/www.celttv.com.ar\/wp-content\/uploads\/2022\/05\/c966c212-df73-4c15-a419-87785c910123-750x563.jpg 750w, https:\/\/www.celttv.com.ar\/wp-content\/uploads\/2022\/05\/c966c212-df73-4c15-a419-87785c910123-1140x855.jpg 1140w, https:\/\/www.celttv.com.ar\/wp-content\/uploads\/2022\/05\/c966c212-df73-4c15-a419-87785c910123.jpg 1280w\" sizes=\"auto, (max-width: 1024px) 100vw, 1024px\" \/><\/figure>\n\n\n<figure class=\"wp-block-image size-large\"><img loading=\"lazy\" decoding=\"async\" width=\"1024\" height=\"768\" src=\"http:\/\/www.celttv.com.ar\/wp-content\/uploads\/2022\/05\/dc6287e2-7ea1-4963-b4f7-03a5c2d6b41d-1024x768.jpg\" alt=\"\" class=\"wp-image-65792\" srcset=\"https:\/\/www.celttv.com.ar\/wp-content\/uploads\/2022\/05\/dc6287e2-7ea1-4963-b4f7-03a5c2d6b41d-1024x768.jpg 1024w, https:\/\/www.celttv.com.ar\/wp-content\/uploads\/2022\/05\/dc6287e2-7ea1-4963-b4f7-03a5c2d6b41d-300x225.jpg 300w, https:\/\/www.celttv.com.ar\/wp-content\/uploads\/2022\/05\/dc6287e2-7ea1-4963-b4f7-03a5c2d6b41d-768x576.jpg 768w, https:\/\/www.celttv.com.ar\/wp-content\/uploads\/2022\/05\/dc6287e2-7ea1-4963-b4f7-03a5c2d6b41d-750x563.jpg 750w, https:\/\/www.celttv.com.ar\/wp-content\/uploads\/2022\/05\/dc6287e2-7ea1-4963-b4f7-03a5c2d6b41d-1140x855.jpg 1140w, https:\/\/www.celttv.com.ar\/wp-content\/uploads\/2022\/05\/dc6287e2-7ea1-4963-b4f7-03a5c2d6b41d.jpg 1280w\" sizes=\"auto, (max-width: 1024px) 100vw, 1024px\" \/><\/figure>\n\n\n<figure class=\"wp-block-image size-large\"><img loading=\"lazy\" decoding=\"async\" width=\"1024\" height=\"768\" src=\"http:\/\/www.celttv.com.ar\/wp-content\/uploads\/2022\/05\/f17413a2-07c1-4a72-8657-70fefc97bbdb-1024x768.jpg\" alt=\"\" class=\"wp-image-65793\" srcset=\"https:\/\/www.celttv.com.ar\/wp-content\/uploads\/2022\/05\/f17413a2-07c1-4a72-8657-70fefc97bbdb-1024x768.jpg 1024w, https:\/\/www.celttv.com.ar\/wp-content\/uploads\/2022\/05\/f17413a2-07c1-4a72-8657-70fefc97bbdb-300x225.jpg 300w, https:\/\/www.celttv.com.ar\/wp-content\/uploads\/2022\/05\/f17413a2-07c1-4a72-8657-70fefc97bbdb-768x576.jpg 768w, https:\/\/www.celttv.com.ar\/wp-content\/uploads\/2022\/05\/f17413a2-07c1-4a72-8657-70fefc97bbdb-750x563.jpg 750w, https:\/\/www.celttv.com.ar\/wp-content\/uploads\/2022\/05\/f17413a2-07c1-4a72-8657-70fefc97bbdb-1140x855.jpg 1140w, https:\/\/www.celttv.com.ar\/wp-content\/uploads\/2022\/05\/f17413a2-07c1-4a72-8657-70fefc97bbdb.jpg 1280w\" sizes=\"auto, (max-width: 1024px) 100vw, 1024px\" \/><\/figure>\n\n\n<p> <\/p>\n","protected":false},"excerpt":{"rendered":"<p>Con una jornada a pleno sol y un buen marco de p\u00fablico, se est\u00e1 desarrollando la Expo Criollos Tornquist 2022, en el predio de la Asociaci\u00f3n Rural de Tornquist. Stands, servicio gastron\u00f3mico y el gran espect\u00e1culo que brindaron los equipos que participan en el aparte campero, formaron el marco ideal para una tarde en familia, [&hellip;]<\/p>\n","protected":false},"author":1,"featured_media":65785,"comment_status":"closed","ping_status":"open","sticky":false,"template":"","format":"standard","meta":{"footnotes":""},"categories":[55,51,52],"tags":[],"class_list":["post-65773","post","type-post","status-publish","format-standard","has-post-thumbnail","hentry","category-celt-tv-noticias","category-comunidad","category-destacadas"],"yoast_head":"<!-- This site is optimized with the Yoast SEO plugin v19.7.1 - https:\/\/yoast.com\/wordpress\/plugins\/seo\/ -->\n<title>Exitosa Expo Criollos en el predio de la Asociaci\u00f3n Rural de Tornquist (Video y fotos) - CELTTV<\/title>\n<meta name=\"description\" content=\"Sitio web de noticias de la localidad de Tornquist, provincia de Buenos Aires, Rep\u00fablica Argentina. Contenido propio originado por periodistas de CELTTV, el canal de TV local de la Cooperativa El\u00e9ctrica de Tornquist. Turismo, Pol\u00edtica, Sociedad, Deporte, Cultura y todo el contenido de inter\u00e9s general que la gente del pueblo y la regi\u00f3n debe conocer.\" \/>\n<meta name=\"robots\" content=\"index, follow, max-snippet:-1, max-image-preview:large, max-video-preview:-1\" \/>\n<link rel=\"canonical\" href=\"https:\/\/www.celttv.com.ar\/index.php\/2022\/05\/07\/exitosa-expo-criollos-en-el-predio-de-la-asociacion-rural-de-tornquist-video-y-fotos\/\" \/>\n<meta property=\"og:locale\" content=\"es_ES\" \/>\n<meta property=\"og:type\" content=\"article\" \/>\n<meta property=\"og:title\" content=\"Exitosa Expo Criollos en el predio de la Asociaci\u00f3n Rural de Tornquist (Video y fotos) - CELTTV\" \/>\n<meta property=\"og:description\" content=\"Sitio web de noticias de la localidad de Tornquist, provincia de Buenos Aires, Rep\u00fablica Argentina. Contenido propio originado por periodistas de CELTTV, el canal de TV local de la Cooperativa El\u00e9ctrica de Tornquist. Turismo, Pol\u00edtica, Sociedad, Deporte, Cultura y todo el contenido de inter\u00e9s general que la gente del pueblo y la regi\u00f3n debe conocer.\" \/>\n<meta property=\"og:url\" content=\"https:\/\/www.celttv.com.ar\/index.php\/2022\/05\/07\/exitosa-expo-criollos-en-el-predio-de-la-asociacion-rural-de-tornquist-video-y-fotos\/\" \/>\n<meta property=\"og:site_name\" content=\"CELTTV\" \/>\n<meta property=\"article:publisher\" content=\"https:\/\/www.facebook.com\/celtTV\/\" \/>\n<meta property=\"article:published_time\" content=\"2022-05-07T19:50:53+00:00\" \/>\n<meta property=\"og:image\" content=\"https:\/\/www.celttv.com.ar\/wp-content\/uploads\/2022\/05\/968c0dfd-ba3e-4789-95e3-66e047c9b57e.jpg\" \/>\n\t<meta property=\"og:image:width\" content=\"1280\" \/>\n\t<meta property=\"og:image:height\" content=\"960\" \/>\n\t<meta property=\"og:image:type\" content=\"image\/jpeg\" \/>\n<meta name=\"author\" content=\"ulises\" \/>\n<meta name=\"twitter:card\" content=\"summary_large_image\" \/>\n<meta name=\"twitter:label1\" content=\"Escrito por\" \/>\n\t<meta name=\"twitter:data1\" content=\"ulises\" \/>\n\t<meta name=\"twitter:label2\" content=\"Tiempo de lectura\" \/>\n\t<meta name=\"twitter:data2\" content=\"2 minutos\" \/>\n<script type=\"application\/ld+json\" class=\"yoast-schema-graph\">{\"@context\":\"https:\/\/schema.org\",\"@graph\":[{\"@type\":\"NewsArticle\",\"@id\":\"https:\/\/www.celttv.com.ar\/index.php\/2022\/05\/07\/exitosa-expo-criollos-en-el-predio-de-la-asociacion-rural-de-tornquist-video-y-fotos\/#article\",\"isPartOf\":{\"@id\":\"https:\/\/www.celttv.com.ar\/index.php\/2022\/05\/07\/exitosa-expo-criollos-en-el-predio-de-la-asociacion-rural-de-tornquist-video-y-fotos\/\"},\"author\":{\"name\":\"ulises\",\"@id\":\"https:\/\/www.celttv.com.ar\/#\/schema\/person\/6d99c072dba59953809c81446e9d0ace\"},\"headline\":\"Exitosa Expo Criollos en el predio de la Asociaci\u00f3n Rural de Tornquist (Video y fotos)\",\"datePublished\":\"2022-05-07T19:50:53+00:00\",\"dateModified\":\"2022-05-07T19:50:53+00:00\",\"mainEntityOfPage\":{\"@id\":\"https:\/\/www.celttv.com.ar\/index.php\/2022\/05\/07\/exitosa-expo-criollos-en-el-predio-de-la-asociacion-rural-de-tornquist-video-y-fotos\/\"},\"wordCount\":323,\"publisher\":{\"@id\":\"https:\/\/www.celttv.com.ar\/#organization\"},\"articleSection\":[\"Celt TV Noticias\",\"Comunidad\",\"Destacadas\"],\"inLanguage\":\"es\"},{\"@type\":\"WebPage\",\"@id\":\"https:\/\/www.celttv.com.ar\/index.php\/2022\/05\/07\/exitosa-expo-criollos-en-el-predio-de-la-asociacion-rural-de-tornquist-video-y-fotos\/\",\"url\":\"https:\/\/www.celttv.com.ar\/index.php\/2022\/05\/07\/exitosa-expo-criollos-en-el-predio-de-la-asociacion-rural-de-tornquist-video-y-fotos\/\",\"name\":\"Exitosa Expo Criollos en el predio de la Asociaci\u00f3n Rural de Tornquist (Video y fotos) - CELTTV\",\"isPartOf\":{\"@id\":\"https:\/\/www.celttv.com.ar\/#website\"},\"datePublished\":\"2022-05-07T19:50:53+00:00\",\"dateModified\":\"2022-05-07T19:50:53+00:00\",\"description\":\"Sitio web de noticias de la localidad de Tornquist, provincia de Buenos Aires, Rep\u00fablica Argentina. Contenido propio originado por periodistas de CELTTV, el canal de TV local de la Cooperativa El\u00e9ctrica de Tornquist. Turismo, Pol\u00edtica, Sociedad, Deporte, Cultura y todo el contenido de inter\u00e9s general que la gente del pueblo y la regi\u00f3n debe conocer.\",\"breadcrumb\":{\"@id\":\"https:\/\/www.celttv.com.ar\/index.php\/2022\/05\/07\/exitosa-expo-criollos-en-el-predio-de-la-asociacion-rural-de-tornquist-video-y-fotos\/#breadcrumb\"},\"inLanguage\":\"es\",\"potentialAction\":[{\"@type\":\"ReadAction\",\"target\":[\"https:\/\/www.celttv.com.ar\/index.php\/2022\/05\/07\/exitosa-expo-criollos-en-el-predio-de-la-asociacion-rural-de-tornquist-video-y-fotos\/\"]}]},{\"@type\":\"BreadcrumbList\",\"@id\":\"https:\/\/www.celttv.com.ar\/index.php\/2022\/05\/07\/exitosa-expo-criollos-en-el-predio-de-la-asociacion-rural-de-tornquist-video-y-fotos\/#breadcrumb\",\"itemListElement\":[{\"@type\":\"ListItem\",\"position\":1,\"name\":\"Inicio\",\"item\":\"https:\/\/www.celttv.com.ar\/\"},{\"@type\":\"ListItem\",\"position\":2,\"name\":\"Exitosa Expo Criollos en el predio de la Asociaci\u00f3n Rural de Tornquist (Video y fotos)\"}]},{\"@type\":\"WebSite\",\"@id\":\"https:\/\/www.celttv.com.ar\/#website\",\"url\":\"https:\/\/www.celttv.com.ar\/\",\"name\":\"CELTTV\",\"description\":\"Cooperativa El\u00e9ctrica de Tornquist\",\"publisher\":{\"@id\":\"https:\/\/www.celttv.com.ar\/#organization\"},\"potentialAction\":[{\"@type\":\"SearchAction\",\"target\":{\"@type\":\"EntryPoint\",\"urlTemplate\":\"https:\/\/www.celttv.com.ar\/?s={search_term_string}\"},\"query-input\":\"required name=search_term_string\"}],\"inLanguage\":\"es\"},{\"@type\":\"Organization\",\"@id\":\"https:\/\/www.celttv.com.ar\/#organization\",\"name\":\"CELTTV\",\"url\":\"https:\/\/www.celttv.com.ar\/\",\"sameAs\":[\"https:\/\/www.youtube.com\/channel\/UCz_oIt8Hig64Ub-EmcNPIhg\",\"https:\/\/www.facebook.com\/celtTV\/\"],\"logo\":{\"@type\":\"ImageObject\",\"inLanguage\":\"es\",\"@id\":\"https:\/\/www.celttv.com.ar\/#\/schema\/logo\/image\/\",\"url\":\"http:\/\/www.celttv.com.ar\/wp-content\/uploads\/2022\/08\/logo-1.png\",\"contentUrl\":\"http:\/\/www.celttv.com.ar\/wp-content\/uploads\/2022\/08\/logo-1.png\",\"width\":461,\"height\":159,\"caption\":\"CELTTV\"},\"image\":{\"@id\":\"https:\/\/www.celttv.com.ar\/#\/schema\/logo\/image\/\"}},{\"@type\":\"Person\",\"@id\":\"https:\/\/www.celttv.com.ar\/#\/schema\/person\/6d99c072dba59953809c81446e9d0ace\",\"name\":\"ulises\",\"image\":{\"@type\":\"ImageObject\",\"inLanguage\":\"es\",\"@id\":\"https:\/\/www.celttv.com.ar\/#\/schema\/person\/image\/\",\"url\":\"https:\/\/secure.gravatar.com\/avatar\/7f2c48bdc33b30088f941fb6082e555f2874c98e20cb159d7b92b50eadfce793?s=96&d=mm&r=g\",\"contentUrl\":\"https:\/\/secure.gravatar.com\/avatar\/7f2c48bdc33b30088f941fb6082e555f2874c98e20cb159d7b92b50eadfce793?s=96&d=mm&r=g\",\"caption\":\"ulises\"},\"sameAs\":[\"http:\/\/www.celttv.com.ar\"]}]}<\/script>\n<!-- \/ Yoast SEO plugin. -->","yoast_head_json":{"title":"Exitosa Expo Criollos en el predio de la Asociaci\u00f3n Rural de Tornquist (Video y fotos) - CELTTV","description":"Sitio web de noticias de la localidad de Tornquist, provincia de Buenos Aires, Rep\u00fablica Argentina. Contenido propio originado por periodistas de CELTTV, el canal de TV local de la Cooperativa El\u00e9ctrica de Tornquist. Turismo, Pol\u00edtica, Sociedad, Deporte, Cultura y todo el contenido de inter\u00e9s general que la gente del pueblo y la regi\u00f3n debe conocer.","robots":{"index":"index","follow":"follow","max-snippet":"max-snippet:-1","max-image-preview":"max-image-preview:large","max-video-preview":"max-video-preview:-1"},"canonical":"https:\/\/www.celttv.com.ar\/index.php\/2022\/05\/07\/exitosa-expo-criollos-en-el-predio-de-la-asociacion-rural-de-tornquist-video-y-fotos\/","og_locale":"es_ES","og_type":"article","og_title":"Exitosa Expo Criollos en el predio de la Asociaci\u00f3n Rural de Tornquist (Video y fotos) - CELTTV","og_description":"Sitio web de noticias de la localidad de Tornquist, provincia de Buenos Aires, Rep\u00fablica Argentina. Contenido propio originado por periodistas de CELTTV, el canal de TV local de la Cooperativa El\u00e9ctrica de Tornquist. Turismo, Pol\u00edtica, Sociedad, Deporte, Cultura y todo el contenido de inter\u00e9s general que la gente del pueblo y la regi\u00f3n debe conocer.","og_url":"https:\/\/www.celttv.com.ar\/index.php\/2022\/05\/07\/exitosa-expo-criollos-en-el-predio-de-la-asociacion-rural-de-tornquist-video-y-fotos\/","og_site_name":"CELTTV","article_publisher":"https:\/\/www.facebook.com\/celtTV\/","article_published_time":"2022-05-07T19:50:53+00:00","og_image":[{"width":1280,"height":960,"url":"https:\/\/www.celttv.com.ar\/wp-content\/uploads\/2022\/05\/968c0dfd-ba3e-4789-95e3-66e047c9b57e.jpg","type":"image\/jpeg"}],"author":"ulises","twitter_card":"summary_large_image","twitter_misc":{"Escrito por":"ulises","Tiempo de lectura":"2 minutos"},"schema":{"@context":"https:\/\/schema.org","@graph":[{"@type":"NewsArticle","@id":"https:\/\/www.celttv.com.ar\/index.php\/2022\/05\/07\/exitosa-expo-criollos-en-el-predio-de-la-asociacion-rural-de-tornquist-video-y-fotos\/#article","isPartOf":{"@id":"https:\/\/www.celttv.com.ar\/index.php\/2022\/05\/07\/exitosa-expo-criollos-en-el-predio-de-la-asociacion-rural-de-tornquist-video-y-fotos\/"},"author":{"name":"ulises","@id":"https:\/\/www.celttv.com.ar\/#\/schema\/person\/6d99c072dba59953809c81446e9d0ace"},"headline":"Exitosa Expo Criollos en el predio de la Asociaci\u00f3n Rural de Tornquist (Video y fotos)","datePublished":"2022-05-07T19:50:53+00:00","dateModified":"2022-05-07T19:50:53+00:00","mainEntityOfPage":{"@id":"https:\/\/www.celttv.com.ar\/index.php\/2022\/05\/07\/exitosa-expo-criollos-en-el-predio-de-la-asociacion-rural-de-tornquist-video-y-fotos\/"},"wordCount":323,"publisher":{"@id":"https:\/\/www.celttv.com.ar\/#organization"},"articleSection":["Celt TV Noticias","Comunidad","Destacadas"],"inLanguage":"es"},{"@type":"WebPage","@id":"https:\/\/www.celttv.com.ar\/index.php\/2022\/05\/07\/exitosa-expo-criollos-en-el-predio-de-la-asociacion-rural-de-tornquist-video-y-fotos\/","url":"https:\/\/www.celttv.com.ar\/index.php\/2022\/05\/07\/exitosa-expo-criollos-en-el-predio-de-la-asociacion-rural-de-tornquist-video-y-fotos\/","name":"Exitosa Expo Criollos en el predio de la Asociaci\u00f3n Rural de Tornquist (Video y fotos) - CELTTV","isPartOf":{"@id":"https:\/\/www.celttv.com.ar\/#website"},"datePublished":"2022-05-07T19:50:53+00:00","dateModified":"2022-05-07T19:50:53+00:00","description":"Sitio web de noticias de la localidad de Tornquist, provincia de Buenos Aires, Rep\u00fablica Argentina. Contenido propio originado por periodistas de CELTTV, el canal de TV local de la Cooperativa El\u00e9ctrica de Tornquist. Turismo, Pol\u00edtica, Sociedad, Deporte, Cultura y todo el contenido de inter\u00e9s general que la gente del pueblo y la regi\u00f3n debe conocer.","breadcrumb":{"@id":"https:\/\/www.celttv.com.ar\/index.php\/2022\/05\/07\/exitosa-expo-criollos-en-el-predio-de-la-asociacion-rural-de-tornquist-video-y-fotos\/#breadcrumb"},"inLanguage":"es","potentialAction":[{"@type":"ReadAction","target":["https:\/\/www.celttv.com.ar\/index.php\/2022\/05\/07\/exitosa-expo-criollos-en-el-predio-de-la-asociacion-rural-de-tornquist-video-y-fotos\/"]}]},{"@type":"BreadcrumbList","@id":"https:\/\/www.celttv.com.ar\/index.php\/2022\/05\/07\/exitosa-expo-criollos-en-el-predio-de-la-asociacion-rural-de-tornquist-video-y-fotos\/#breadcrumb","itemListElement":[{"@type":"ListItem","position":1,"name":"Inicio","item":"https:\/\/www.celttv.com.ar\/"},{"@type":"ListItem","position":2,"name":"Exitosa Expo Criollos en el predio de la Asociaci\u00f3n Rural de Tornquist (Video y fotos)"}]},{"@type":"WebSite","@id":"https:\/\/www.celttv.com.ar\/#website","url":"https:\/\/www.celttv.com.ar\/","name":"CELTTV","description":"Cooperativa El\u00e9ctrica de Tornquist","publisher":{"@id":"https:\/\/www.celttv.com.ar\/#organization"},"potentialAction":[{"@type":"SearchAction","target":{"@type":"EntryPoint","urlTemplate":"https:\/\/www.celttv.com.ar\/?s={search_term_string}"},"query-input":"required name=search_term_string"}],"inLanguage":"es"},{"@type":"Organization","@id":"https:\/\/www.celttv.com.ar\/#organization","name":"CELTTV","url":"https:\/\/www.celttv.com.ar\/","sameAs":["https:\/\/www.youtube.com\/channel\/UCz_oIt8Hig64Ub-EmcNPIhg","https:\/\/www.facebook.com\/celtTV\/"],"logo":{"@type":"ImageObject","inLanguage":"es","@id":"https:\/\/www.celttv.com.ar\/#\/schema\/logo\/image\/","url":"http:\/\/www.celttv.com.ar\/wp-content\/uploads\/2022\/08\/logo-1.png","contentUrl":"http:\/\/www.celttv.com.ar\/wp-content\/uploads\/2022\/08\/logo-1.png","width":461,"height":159,"caption":"CELTTV"},"image":{"@id":"https:\/\/www.celttv.com.ar\/#\/schema\/logo\/image\/"}},{"@type":"Person","@id":"https:\/\/www.celttv.com.ar\/#\/schema\/person\/6d99c072dba59953809c81446e9d0ace","name":"ulises","image":{"@type":"ImageObject","inLanguage":"es","@id":"https:\/\/www.celttv.com.ar\/#\/schema\/person\/image\/","url":"https:\/\/secure.gravatar.com\/avatar\/7f2c48bdc33b30088f941fb6082e555f2874c98e20cb159d7b92b50eadfce793?s=96&d=mm&r=g","contentUrl":"https:\/\/secure.gravatar.com\/avatar\/7f2c48bdc33b30088f941fb6082e555f2874c98e20cb159d7b92b50eadfce793?s=96&d=mm&r=g","caption":"ulises"},"sameAs":["http:\/\/www.celttv.com.ar"]}]}},"_links":{"self":[{"href":"https:\/\/www.celttv.com.ar\/index.php\/wp-json\/wp\/v2\/posts\/65773","targetHints":{"allow":["GET"]}}],"collection":[{"href":"https:\/\/www.celttv.com.ar\/index.php\/wp-json\/wp\/v2\/posts"}],"about":[{"href":"https:\/\/www.celttv.com.ar\/index.php\/wp-json\/wp\/v2\/types\/post"}],"author":[{"embeddable":true,"href":"https:\/\/www.celttv.com.ar\/index.php\/wp-json\/wp\/v2\/users\/1"}],"replies":[{"embeddable":true,"href":"https:\/\/www.celttv.com.ar\/index.php\/wp-json\/wp\/v2\/comments?post=65773"}],"version-history":[{"count":0,"href":"https:\/\/www.celttv.com.ar\/index.php\/wp-json\/wp\/v2\/posts\/65773\/revisions"}],"wp:featuredmedia":[{"embeddable":true,"href":"https:\/\/www.celttv.com.ar\/index.php\/wp-json\/wp\/v2\/media\/65785"}],"wp:attachment":[{"href":"https:\/\/www.celttv.com.ar\/index.php\/wp-json\/wp\/v2\/media?parent=65773"}],"wp:term":[{"taxonomy":"category","embeddable":true,"href":"https:\/\/www.celttv.com.ar\/index.php\/wp-json\/wp\/v2\/categories?post=65773"},{"taxonomy":"post_tag","embeddable":true,"href":"https:\/\/www.celttv.com.ar\/index.php\/wp-json\/wp\/v2\/tags?post=65773"}],"curies":[{"name":"wp","href":"https:\/\/api.w.org\/{rel}","templated":true}]}}