{"id":65794,"date":"2022-05-07T19:43:36","date_gmt":"2022-05-07T19:43:36","guid":{"rendered":"http:\/\/www.celttv.com.ar\/?p=65794"},"modified":"2022-05-07T19:43:36","modified_gmt":"2022-05-07T19:43:36","slug":"se-realizo-un-encuentro-de-escuelitas-de-futbol-en-el-club-union-video","status":"publish","type":"post","link":"https:\/\/www.celttv.com.ar\/index.php\/2022\/05\/07\/se-realizo-un-encuentro-de-escuelitas-de-futbol-en-el-club-union-video\/","title":{"rendered":"Se realiz\u00f3 un encuentro de escuelitas de f\u00fatbol en el Club Uni\u00f3n (Video)"},"content":{"rendered":"\n<p>Con la participaci\u00f3n de varios clubes de la regi\u00f3n, se realiz\u00f3 el primer encuentro de escuelitas de f\u00fatbol del a\u00f1o, organizado por el Club Uni\u00f3n (T), en el campo deportivo &#8220;Ernesto Tornquist&#8221; de la entidad verde.<\/p>\n\n\n<p>Formaron parte del evento el Club Atl\u00e9tico Ventana, Uni\u00f3n y Pe\u00f1arol de Pig\u00fc\u00e9, Automoto y el club anfitri\u00f3n con las categor\u00edas 2011, 2012, 2013, 2014, 2015, 2016, 2017 y 2018.<\/p>\n\n\n<p>Con muy buena temperatura y el hambiente familiar que caracteriza dicho encuentro, permiti\u00f3 que chicos y chicas disfrutaran de un d\u00eda a puro f\u00fatbol.<\/p>\n\n\n<figure class=\"wp-block-embed is-type-video is-provider-youtube wp-block-embed-youtube wp-embed-aspect-16-9 wp-has-aspect-ratio\"><div class=\"wp-block-embed__wrapper\">\n<iframe loading=\"lazy\" title=\"2022 05 07 ENCUENTRO DE ESCUELITAS DE F\u00daTBOL EN EL CLUB UNI\u00d3N P\" width=\"500\" height=\"281\" src=\"https:\/\/www.youtube.com\/embed\/8jyn92DnTmA?feature=oembed\" frameborder=\"0\" allow=\"accelerometer; autoplay; clipboard-write; encrypted-media; gyroscope; picture-in-picture; web-share\" referrerpolicy=\"strict-origin-when-cross-origin\" allowfullscreen><\/iframe>\n<\/div><\/figure>\n\n\n<figure class=\"wp-block-image size-large\"><img loading=\"lazy\" decoding=\"async\" width=\"1024\" height=\"768\" src=\"http:\/\/www.celttv.com.ar\/wp-content\/uploads\/2022\/05\/ef9ea70d-27f6-4cd6-a436-4c171072a142-1024x768.jpg\" alt=\"\" class=\"wp-image-65795\" srcset=\"https:\/\/www.celttv.com.ar\/wp-content\/uploads\/2022\/05\/ef9ea70d-27f6-4cd6-a436-4c171072a142-1024x768.jpg 1024w, https:\/\/www.celttv.com.ar\/wp-content\/uploads\/2022\/05\/ef9ea70d-27f6-4cd6-a436-4c171072a142-300x225.jpg 300w, https:\/\/www.celttv.com.ar\/wp-content\/uploads\/2022\/05\/ef9ea70d-27f6-4cd6-a436-4c171072a142-768x576.jpg 768w, https:\/\/www.celttv.com.ar\/wp-content\/uploads\/2022\/05\/ef9ea70d-27f6-4cd6-a436-4c171072a142-750x563.jpg 750w, https:\/\/www.celttv.com.ar\/wp-content\/uploads\/2022\/05\/ef9ea70d-27f6-4cd6-a436-4c171072a142-1140x855.jpg 1140w, https:\/\/www.celttv.com.ar\/wp-content\/uploads\/2022\/05\/ef9ea70d-27f6-4cd6-a436-4c171072a142.jpg 1280w\" sizes=\"auto, (max-width: 1024px) 100vw, 1024px\" \/><\/figure>\n\n\n<figure class=\"wp-block-image size-large\"><img loading=\"lazy\" decoding=\"async\" width=\"1024\" height=\"768\" src=\"http:\/\/www.celttv.com.ar\/wp-content\/uploads\/2022\/05\/378df7c3-3d40-4352-9878-4e6e70838e05-1024x768.jpg\" alt=\"\" class=\"wp-image-65796\" srcset=\"https:\/\/www.celttv.com.ar\/wp-content\/uploads\/2022\/05\/378df7c3-3d40-4352-9878-4e6e70838e05-1024x768.jpg 1024w, https:\/\/www.celttv.com.ar\/wp-content\/uploads\/2022\/05\/378df7c3-3d40-4352-9878-4e6e70838e05-300x225.jpg 300w, https:\/\/www.celttv.com.ar\/wp-content\/uploads\/2022\/05\/378df7c3-3d40-4352-9878-4e6e70838e05-768x576.jpg 768w, https:\/\/www.celttv.com.ar\/wp-content\/uploads\/2022\/05\/378df7c3-3d40-4352-9878-4e6e70838e05-750x563.jpg 750w, https:\/\/www.celttv.com.ar\/wp-content\/uploads\/2022\/05\/378df7c3-3d40-4352-9878-4e6e70838e05-1140x855.jpg 1140w, https:\/\/www.celttv.com.ar\/wp-content\/uploads\/2022\/05\/378df7c3-3d40-4352-9878-4e6e70838e05.jpg 1280w\" sizes=\"auto, (max-width: 1024px) 100vw, 1024px\" \/><\/figure>\n\n\n<figure class=\"wp-block-image size-large\"><img loading=\"lazy\" decoding=\"async\" width=\"1024\" height=\"768\" src=\"http:\/\/www.celttv.com.ar\/wp-content\/uploads\/2022\/05\/4c9cf71b-b80e-4108-95a6-ed514bf4a664-1024x768.jpg\" alt=\"\" class=\"wp-image-65797\" srcset=\"https:\/\/www.celttv.com.ar\/wp-content\/uploads\/2022\/05\/4c9cf71b-b80e-4108-95a6-ed514bf4a664-1024x768.jpg 1024w, https:\/\/www.celttv.com.ar\/wp-content\/uploads\/2022\/05\/4c9cf71b-b80e-4108-95a6-ed514bf4a664-300x225.jpg 300w, https:\/\/www.celttv.com.ar\/wp-content\/uploads\/2022\/05\/4c9cf71b-b80e-4108-95a6-ed514bf4a664-768x576.jpg 768w, https:\/\/www.celttv.com.ar\/wp-content\/uploads\/2022\/05\/4c9cf71b-b80e-4108-95a6-ed514bf4a664-750x563.jpg 750w, https:\/\/www.celttv.com.ar\/wp-content\/uploads\/2022\/05\/4c9cf71b-b80e-4108-95a6-ed514bf4a664-1140x855.jpg 1140w, https:\/\/www.celttv.com.ar\/wp-content\/uploads\/2022\/05\/4c9cf71b-b80e-4108-95a6-ed514bf4a664.jpg 1280w\" sizes=\"auto, (max-width: 1024px) 100vw, 1024px\" \/><\/figure>\n","protected":false},"excerpt":{"rendered":"<p>Con la participaci\u00f3n de varios clubes de la regi\u00f3n, se realiz\u00f3 el primer encuentro de escuelitas de f\u00fatbol del a\u00f1o, organizado por el Club Uni\u00f3n (T), en el campo deportivo &#8220;Ernesto Tornquist&#8221; de la entidad verde. Formaron parte del evento el Club Atl\u00e9tico Ventana, Uni\u00f3n y Pe\u00f1arol de Pig\u00fc\u00e9, Automoto y el club anfitri\u00f3n con [&hellip;]<\/p>\n","protected":false},"author":1,"featured_media":65796,"comment_status":"closed","ping_status":"open","sticky":false,"template":"","format":"standard","meta":{"footnotes":""},"categories":[55,60,62,52,63],"tags":[],"class_list":["post-65794","post","type-post","status-publish","format-standard","has-post-thumbnail","hentry","category-celt-tv-noticias","category-deporte","category-deportes","category-destacadas","category-magazine-sport"],"yoast_head":"<!-- This site is optimized with the Yoast SEO plugin v19.7.1 - https:\/\/yoast.com\/wordpress\/plugins\/seo\/ -->\n<title>Se realiz\u00f3 un encuentro de escuelitas de f\u00fatbol en el Club Uni\u00f3n (Video) - CELTTV<\/title>\n<meta name=\"description\" content=\"Sitio web de noticias de la localidad de Tornquist, provincia de Buenos Aires, Rep\u00fablica Argentina. Contenido propio originado por periodistas de CELTTV, el canal de TV local de la Cooperativa El\u00e9ctrica de Tornquist. Turismo, Pol\u00edtica, Sociedad, Deporte, Cultura y todo el contenido de inter\u00e9s general que la gente del pueblo y la regi\u00f3n debe conocer.\" \/>\n<meta name=\"robots\" content=\"index, follow, max-snippet:-1, max-image-preview:large, max-video-preview:-1\" \/>\n<link rel=\"canonical\" href=\"https:\/\/www.celttv.com.ar\/index.php\/2022\/05\/07\/se-realizo-un-encuentro-de-escuelitas-de-futbol-en-el-club-union-video\/\" \/>\n<meta property=\"og:locale\" content=\"es_ES\" \/>\n<meta property=\"og:type\" content=\"article\" \/>\n<meta property=\"og:title\" content=\"Se realiz\u00f3 un encuentro de escuelitas de f\u00fatbol en el Club Uni\u00f3n (Video) - CELTTV\" \/>\n<meta property=\"og:description\" content=\"Sitio web de noticias de la localidad de Tornquist, provincia de Buenos Aires, Rep\u00fablica Argentina. Contenido propio originado por periodistas de CELTTV, el canal de TV local de la Cooperativa El\u00e9ctrica de Tornquist. Turismo, Pol\u00edtica, Sociedad, Deporte, Cultura y todo el contenido de inter\u00e9s general que la gente del pueblo y la regi\u00f3n debe conocer.\" \/>\n<meta property=\"og:url\" content=\"https:\/\/www.celttv.com.ar\/index.php\/2022\/05\/07\/se-realizo-un-encuentro-de-escuelitas-de-futbol-en-el-club-union-video\/\" \/>\n<meta property=\"og:site_name\" content=\"CELTTV\" \/>\n<meta property=\"article:publisher\" content=\"https:\/\/www.facebook.com\/celtTV\/\" \/>\n<meta property=\"article:published_time\" content=\"2022-05-07T19:43:36+00:00\" \/>\n<meta property=\"og:image\" content=\"https:\/\/www.celttv.com.ar\/wp-content\/uploads\/2022\/05\/378df7c3-3d40-4352-9878-4e6e70838e05.jpg\" \/>\n\t<meta property=\"og:image:width\" content=\"1280\" \/>\n\t<meta property=\"og:image:height\" content=\"960\" \/>\n\t<meta property=\"og:image:type\" content=\"image\/jpeg\" \/>\n<meta name=\"author\" content=\"ulises\" \/>\n<meta name=\"twitter:card\" content=\"summary_large_image\" \/>\n<meta name=\"twitter:label1\" content=\"Escrito por\" \/>\n\t<meta name=\"twitter:data1\" content=\"ulises\" \/>\n<script type=\"application\/ld+json\" class=\"yoast-schema-graph\">{\"@context\":\"https:\/\/schema.org\",\"@graph\":[{\"@type\":\"NewsArticle\",\"@id\":\"https:\/\/www.celttv.com.ar\/index.php\/2022\/05\/07\/se-realizo-un-encuentro-de-escuelitas-de-futbol-en-el-club-union-video\/#article\",\"isPartOf\":{\"@id\":\"https:\/\/www.celttv.com.ar\/index.php\/2022\/05\/07\/se-realizo-un-encuentro-de-escuelitas-de-futbol-en-el-club-union-video\/\"},\"author\":{\"name\":\"ulises\",\"@id\":\"https:\/\/www.celttv.com.ar\/#\/schema\/person\/6d99c072dba59953809c81446e9d0ace\"},\"headline\":\"Se realiz\u00f3 un encuentro de escuelitas de f\u00fatbol en el Club Uni\u00f3n (Video)\",\"datePublished\":\"2022-05-07T19:43:36+00:00\",\"dateModified\":\"2022-05-07T19:43:36+00:00\",\"mainEntityOfPage\":{\"@id\":\"https:\/\/www.celttv.com.ar\/index.php\/2022\/05\/07\/se-realizo-un-encuentro-de-escuelitas-de-futbol-en-el-club-union-video\/\"},\"wordCount\":114,\"publisher\":{\"@id\":\"https:\/\/www.celttv.com.ar\/#organization\"},\"articleSection\":[\"Celt TV Noticias\",\"Deporte\",\"Deportes\",\"Destacadas\",\"Magazine Sport\"],\"inLanguage\":\"es\"},{\"@type\":\"WebPage\",\"@id\":\"https:\/\/www.celttv.com.ar\/index.php\/2022\/05\/07\/se-realizo-un-encuentro-de-escuelitas-de-futbol-en-el-club-union-video\/\",\"url\":\"https:\/\/www.celttv.com.ar\/index.php\/2022\/05\/07\/se-realizo-un-encuentro-de-escuelitas-de-futbol-en-el-club-union-video\/\",\"name\":\"Se realiz\u00f3 un encuentro de escuelitas de f\u00fatbol en el Club Uni\u00f3n (Video) - CELTTV\",\"isPartOf\":{\"@id\":\"https:\/\/www.celttv.com.ar\/#website\"},\"datePublished\":\"2022-05-07T19:43:36+00:00\",\"dateModified\":\"2022-05-07T19:43:36+00:00\",\"description\":\"Sitio web de noticias de la localidad de Tornquist, provincia de Buenos Aires, Rep\u00fablica Argentina. Contenido propio originado por periodistas de CELTTV, el canal de TV local de la Cooperativa El\u00e9ctrica de Tornquist. Turismo, Pol\u00edtica, Sociedad, Deporte, Cultura y todo el contenido de inter\u00e9s general que la gente del pueblo y la regi\u00f3n debe conocer.\",\"breadcrumb\":{\"@id\":\"https:\/\/www.celttv.com.ar\/index.php\/2022\/05\/07\/se-realizo-un-encuentro-de-escuelitas-de-futbol-en-el-club-union-video\/#breadcrumb\"},\"inLanguage\":\"es\",\"potentialAction\":[{\"@type\":\"ReadAction\",\"target\":[\"https:\/\/www.celttv.com.ar\/index.php\/2022\/05\/07\/se-realizo-un-encuentro-de-escuelitas-de-futbol-en-el-club-union-video\/\"]}]},{\"@type\":\"BreadcrumbList\",\"@id\":\"https:\/\/www.celttv.com.ar\/index.php\/2022\/05\/07\/se-realizo-un-encuentro-de-escuelitas-de-futbol-en-el-club-union-video\/#breadcrumb\",\"itemListElement\":[{\"@type\":\"ListItem\",\"position\":1,\"name\":\"Inicio\",\"item\":\"https:\/\/www.celttv.com.ar\/\"},{\"@type\":\"ListItem\",\"position\":2,\"name\":\"Se realiz\u00f3 un encuentro de escuelitas de f\u00fatbol en el Club Uni\u00f3n (Video)\"}]},{\"@type\":\"WebSite\",\"@id\":\"https:\/\/www.celttv.com.ar\/#website\",\"url\":\"https:\/\/www.celttv.com.ar\/\",\"name\":\"CELTTV\",\"description\":\"Cooperativa El\u00e9ctrica de Tornquist\",\"publisher\":{\"@id\":\"https:\/\/www.celttv.com.ar\/#organization\"},\"potentialAction\":[{\"@type\":\"SearchAction\",\"target\":{\"@type\":\"EntryPoint\",\"urlTemplate\":\"https:\/\/www.celttv.com.ar\/?s={search_term_string}\"},\"query-input\":\"required name=search_term_string\"}],\"inLanguage\":\"es\"},{\"@type\":\"Organization\",\"@id\":\"https:\/\/www.celttv.com.ar\/#organization\",\"name\":\"CELTTV\",\"url\":\"https:\/\/www.celttv.com.ar\/\",\"sameAs\":[\"https:\/\/www.youtube.com\/channel\/UCz_oIt8Hig64Ub-EmcNPIhg\",\"https:\/\/www.facebook.com\/celtTV\/\"],\"logo\":{\"@type\":\"ImageObject\",\"inLanguage\":\"es\",\"@id\":\"https:\/\/www.celttv.com.ar\/#\/schema\/logo\/image\/\",\"url\":\"http:\/\/www.celttv.com.ar\/wp-content\/uploads\/2022\/08\/logo-1.png\",\"contentUrl\":\"http:\/\/www.celttv.com.ar\/wp-content\/uploads\/2022\/08\/logo-1.png\",\"width\":461,\"height\":159,\"caption\":\"CELTTV\"},\"image\":{\"@id\":\"https:\/\/www.celttv.com.ar\/#\/schema\/logo\/image\/\"}},{\"@type\":\"Person\",\"@id\":\"https:\/\/www.celttv.com.ar\/#\/schema\/person\/6d99c072dba59953809c81446e9d0ace\",\"name\":\"ulises\",\"image\":{\"@type\":\"ImageObject\",\"inLanguage\":\"es\",\"@id\":\"https:\/\/www.celttv.com.ar\/#\/schema\/person\/image\/\",\"url\":\"https:\/\/secure.gravatar.com\/avatar\/7f2c48bdc33b30088f941fb6082e555f2874c98e20cb159d7b92b50eadfce793?s=96&d=mm&r=g\",\"contentUrl\":\"https:\/\/secure.gravatar.com\/avatar\/7f2c48bdc33b30088f941fb6082e555f2874c98e20cb159d7b92b50eadfce793?s=96&d=mm&r=g\",\"caption\":\"ulises\"},\"sameAs\":[\"http:\/\/www.celttv.com.ar\"]}]}<\/script>\n<!-- \/ Yoast SEO plugin. -->","yoast_head_json":{"title":"Se realiz\u00f3 un encuentro de escuelitas de f\u00fatbol en el Club Uni\u00f3n (Video) - CELTTV","description":"Sitio web de noticias de la localidad de Tornquist, provincia de Buenos Aires, Rep\u00fablica Argentina. Contenido propio originado por periodistas de CELTTV, el canal de TV local de la Cooperativa El\u00e9ctrica de Tornquist. Turismo, Pol\u00edtica, Sociedad, Deporte, Cultura y todo el contenido de inter\u00e9s general que la gente del pueblo y la regi\u00f3n debe conocer.","robots":{"index":"index","follow":"follow","max-snippet":"max-snippet:-1","max-image-preview":"max-image-preview:large","max-video-preview":"max-video-preview:-1"},"canonical":"https:\/\/www.celttv.com.ar\/index.php\/2022\/05\/07\/se-realizo-un-encuentro-de-escuelitas-de-futbol-en-el-club-union-video\/","og_locale":"es_ES","og_type":"article","og_title":"Se realiz\u00f3 un encuentro de escuelitas de f\u00fatbol en el Club Uni\u00f3n (Video) - CELTTV","og_description":"Sitio web de noticias de la localidad de Tornquist, provincia de Buenos Aires, Rep\u00fablica Argentina. Contenido propio originado por periodistas de CELTTV, el canal de TV local de la Cooperativa El\u00e9ctrica de Tornquist. Turismo, Pol\u00edtica, Sociedad, Deporte, Cultura y todo el contenido de inter\u00e9s general que la gente del pueblo y la regi\u00f3n debe conocer.","og_url":"https:\/\/www.celttv.com.ar\/index.php\/2022\/05\/07\/se-realizo-un-encuentro-de-escuelitas-de-futbol-en-el-club-union-video\/","og_site_name":"CELTTV","article_publisher":"https:\/\/www.facebook.com\/celtTV\/","article_published_time":"2022-05-07T19:43:36+00:00","og_image":[{"width":1280,"height":960,"url":"https:\/\/www.celttv.com.ar\/wp-content\/uploads\/2022\/05\/378df7c3-3d40-4352-9878-4e6e70838e05.jpg","type":"image\/jpeg"}],"author":"ulises","twitter_card":"summary_large_image","twitter_misc":{"Escrito por":"ulises"},"schema":{"@context":"https:\/\/schema.org","@graph":[{"@type":"NewsArticle","@id":"https:\/\/www.celttv.com.ar\/index.php\/2022\/05\/07\/se-realizo-un-encuentro-de-escuelitas-de-futbol-en-el-club-union-video\/#article","isPartOf":{"@id":"https:\/\/www.celttv.com.ar\/index.php\/2022\/05\/07\/se-realizo-un-encuentro-de-escuelitas-de-futbol-en-el-club-union-video\/"},"author":{"name":"ulises","@id":"https:\/\/www.celttv.com.ar\/#\/schema\/person\/6d99c072dba59953809c81446e9d0ace"},"headline":"Se realiz\u00f3 un encuentro de escuelitas de f\u00fatbol en el Club Uni\u00f3n (Video)","datePublished":"2022-05-07T19:43:36+00:00","dateModified":"2022-05-07T19:43:36+00:00","mainEntityOfPage":{"@id":"https:\/\/www.celttv.com.ar\/index.php\/2022\/05\/07\/se-realizo-un-encuentro-de-escuelitas-de-futbol-en-el-club-union-video\/"},"wordCount":114,"publisher":{"@id":"https:\/\/www.celttv.com.ar\/#organization"},"articleSection":["Celt TV Noticias","Deporte","Deportes","Destacadas","Magazine Sport"],"inLanguage":"es"},{"@type":"WebPage","@id":"https:\/\/www.celttv.com.ar\/index.php\/2022\/05\/07\/se-realizo-un-encuentro-de-escuelitas-de-futbol-en-el-club-union-video\/","url":"https:\/\/www.celttv.com.ar\/index.php\/2022\/05\/07\/se-realizo-un-encuentro-de-escuelitas-de-futbol-en-el-club-union-video\/","name":"Se realiz\u00f3 un encuentro de escuelitas de f\u00fatbol en el Club Uni\u00f3n (Video) - CELTTV","isPartOf":{"@id":"https:\/\/www.celttv.com.ar\/#website"},"datePublished":"2022-05-07T19:43:36+00:00","dateModified":"2022-05-07T19:43:36+00:00","description":"Sitio web de noticias de la localidad de Tornquist, provincia de Buenos Aires, Rep\u00fablica Argentina. Contenido propio originado por periodistas de CELTTV, el canal de TV local de la Cooperativa El\u00e9ctrica de Tornquist. Turismo, Pol\u00edtica, Sociedad, Deporte, Cultura y todo el contenido de inter\u00e9s general que la gente del pueblo y la regi\u00f3n debe conocer.","breadcrumb":{"@id":"https:\/\/www.celttv.com.ar\/index.php\/2022\/05\/07\/se-realizo-un-encuentro-de-escuelitas-de-futbol-en-el-club-union-video\/#breadcrumb"},"inLanguage":"es","potentialAction":[{"@type":"ReadAction","target":["https:\/\/www.celttv.com.ar\/index.php\/2022\/05\/07\/se-realizo-un-encuentro-de-escuelitas-de-futbol-en-el-club-union-video\/"]}]},{"@type":"BreadcrumbList","@id":"https:\/\/www.celttv.com.ar\/index.php\/2022\/05\/07\/se-realizo-un-encuentro-de-escuelitas-de-futbol-en-el-club-union-video\/#breadcrumb","itemListElement":[{"@type":"ListItem","position":1,"name":"Inicio","item":"https:\/\/www.celttv.com.ar\/"},{"@type":"ListItem","position":2,"name":"Se realiz\u00f3 un encuentro de escuelitas de f\u00fatbol en el Club Uni\u00f3n (Video)"}]},{"@type":"WebSite","@id":"https:\/\/www.celttv.com.ar\/#website","url":"https:\/\/www.celttv.com.ar\/","name":"CELTTV","description":"Cooperativa El\u00e9ctrica de Tornquist","publisher":{"@id":"https:\/\/www.celttv.com.ar\/#organization"},"potentialAction":[{"@type":"SearchAction","target":{"@type":"EntryPoint","urlTemplate":"https:\/\/www.celttv.com.ar\/?s={search_term_string}"},"query-input":"required name=search_term_string"}],"inLanguage":"es"},{"@type":"Organization","@id":"https:\/\/www.celttv.com.ar\/#organization","name":"CELTTV","url":"https:\/\/www.celttv.com.ar\/","sameAs":["https:\/\/www.youtube.com\/channel\/UCz_oIt8Hig64Ub-EmcNPIhg","https:\/\/www.facebook.com\/celtTV\/"],"logo":{"@type":"ImageObject","inLanguage":"es","@id":"https:\/\/www.celttv.com.ar\/#\/schema\/logo\/image\/","url":"http:\/\/www.celttv.com.ar\/wp-content\/uploads\/2022\/08\/logo-1.png","contentUrl":"http:\/\/www.celttv.com.ar\/wp-content\/uploads\/2022\/08\/logo-1.png","width":461,"height":159,"caption":"CELTTV"},"image":{"@id":"https:\/\/www.celttv.com.ar\/#\/schema\/logo\/image\/"}},{"@type":"Person","@id":"https:\/\/www.celttv.com.ar\/#\/schema\/person\/6d99c072dba59953809c81446e9d0ace","name":"ulises","image":{"@type":"ImageObject","inLanguage":"es","@id":"https:\/\/www.celttv.com.ar\/#\/schema\/person\/image\/","url":"https:\/\/secure.gravatar.com\/avatar\/7f2c48bdc33b30088f941fb6082e555f2874c98e20cb159d7b92b50eadfce793?s=96&d=mm&r=g","contentUrl":"https:\/\/secure.gravatar.com\/avatar\/7f2c48bdc33b30088f941fb6082e555f2874c98e20cb159d7b92b50eadfce793?s=96&d=mm&r=g","caption":"ulises"},"sameAs":["http:\/\/www.celttv.com.ar"]}]}},"_links":{"self":[{"href":"https:\/\/www.celttv.com.ar\/index.php\/wp-json\/wp\/v2\/posts\/65794","targetHints":{"allow":["GET"]}}],"collection":[{"href":"https:\/\/www.celttv.com.ar\/index.php\/wp-json\/wp\/v2\/posts"}],"about":[{"href":"https:\/\/www.celttv.com.ar\/index.php\/wp-json\/wp\/v2\/types\/post"}],"author":[{"embeddable":true,"href":"https:\/\/www.celttv.com.ar\/index.php\/wp-json\/wp\/v2\/users\/1"}],"replies":[{"embeddable":true,"href":"https:\/\/www.celttv.com.ar\/index.php\/wp-json\/wp\/v2\/comments?post=65794"}],"version-history":[{"count":0,"href":"https:\/\/www.celttv.com.ar\/index.php\/wp-json\/wp\/v2\/posts\/65794\/revisions"}],"wp:featuredmedia":[{"embeddable":true,"href":"https:\/\/www.celttv.com.ar\/index.php\/wp-json\/wp\/v2\/media\/65796"}],"wp:attachment":[{"href":"https:\/\/www.celttv.com.ar\/index.php\/wp-json\/wp\/v2\/media?parent=65794"}],"wp:term":[{"taxonomy":"category","embeddable":true,"href":"https:\/\/www.celttv.com.ar\/index.php\/wp-json\/wp\/v2\/categories?post=65794"},{"taxonomy":"post_tag","embeddable":true,"href":"https:\/\/www.celttv.com.ar\/index.php\/wp-json\/wp\/v2\/tags?post=65794"}],"curies":[{"name":"wp","href":"https:\/\/api.w.org\/{rel}","templated":true}]}}