{"id":65825,"date":"2022-05-08T21:33:36","date_gmt":"2022-05-08T21:33:36","guid":{"rendered":"http:\/\/www.celttv.com.ar\/?p=65825"},"modified":"2022-05-08T21:33:36","modified_gmt":"2022-05-08T21:33:36","slug":"perdio-automoto-y-empato-union","status":"publish","type":"post","link":"https:\/\/www.celttv.com.ar\/index.php\/2022\/05\/08\/perdio-automoto-y-empato-union\/","title":{"rendered":"PERDIO AUTOMOTO Y EMPATO UNION"},"content":{"rendered":"\n<p>Automoto perdi\u00f3 como local ante Atl. Huanguel\u00e9n por 4 a 3. Abri\u00f3 la cuenta Palacio para la visita, Peralta lo empat\u00f3 para el local al capturar el rebote que dio Van der Tuin al tapar el penal de Beilman. Garay en el final del primer tiempo y Arriaga en el inicio del segundo le dieron ventaja al aceitero. Automoto lle\u00b4g\u00f3 al empate con los goles de Peralta (de mitad de cancha) y Crisafulli. Pero finalmente Gadea le dar\u00eda el 4 a 3 al equipo de Sachetto. El elenco de Mart\u00ednez qued\u00f3 con diez por la expulsi\u00f3n de Sueiro.<\/p>\n\n\n<p>Uni\u00f3n en condici\u00f3n de visitante igual\u00f3 1 a 1 con Comercio. Fritz marc\u00f3 para los de Idoeta, Olmedo para el elenco de Guamin\u00ed.<\/p>\n\n\n<p><a href=\"https:\/\/www.facebook.com\/solofutbolcanal2\">\u00c1lbum de fotos: Solo F\u00fatbol<\/a><\/p>\n\n\n<figure class=\"wp-block-image size-large\"><img loading=\"lazy\" decoding=\"async\" width=\"1024\" height=\"576\" src=\"http:\/\/www.celttv.com.ar\/wp-content\/uploads\/2022\/05\/PRIMERA-ZONA-A-1024x576.jpg\" alt=\"\" class=\"wp-image-65826\" srcset=\"https:\/\/www.celttv.com.ar\/wp-content\/uploads\/2022\/05\/PRIMERA-ZONA-A-1024x576.jpg 1024w, https:\/\/www.celttv.com.ar\/wp-content\/uploads\/2022\/05\/PRIMERA-ZONA-A-300x169.jpg 300w, https:\/\/www.celttv.com.ar\/wp-content\/uploads\/2022\/05\/PRIMERA-ZONA-A-768x432.jpg 768w, https:\/\/www.celttv.com.ar\/wp-content\/uploads\/2022\/05\/PRIMERA-ZONA-A-750x422.jpg 750w, https:\/\/www.celttv.com.ar\/wp-content\/uploads\/2022\/05\/PRIMERA-ZONA-A-1140x641.jpg 1140w, https:\/\/www.celttv.com.ar\/wp-content\/uploads\/2022\/05\/PRIMERA-ZONA-A.jpg 1280w\" sizes=\"auto, (max-width: 1024px) 100vw, 1024px\" \/><\/figure>\n\n\n<figure class=\"wp-block-image size-large\"><img loading=\"lazy\" decoding=\"async\" width=\"1024\" height=\"576\" src=\"http:\/\/www.celttv.com.ar\/wp-content\/uploads\/2022\/05\/PRIMERA-ZONA-B-1024x576.jpg\" alt=\"\" class=\"wp-image-65827\" srcset=\"https:\/\/www.celttv.com.ar\/wp-content\/uploads\/2022\/05\/PRIMERA-ZONA-B-1024x576.jpg 1024w, https:\/\/www.celttv.com.ar\/wp-content\/uploads\/2022\/05\/PRIMERA-ZONA-B-300x169.jpg 300w, https:\/\/www.celttv.com.ar\/wp-content\/uploads\/2022\/05\/PRIMERA-ZONA-B-768x432.jpg 768w, https:\/\/www.celttv.com.ar\/wp-content\/uploads\/2022\/05\/PRIMERA-ZONA-B-750x422.jpg 750w, https:\/\/www.celttv.com.ar\/wp-content\/uploads\/2022\/05\/PRIMERA-ZONA-B-1140x641.jpg 1140w, https:\/\/www.celttv.com.ar\/wp-content\/uploads\/2022\/05\/PRIMERA-ZONA-B.jpg 1280w\" sizes=\"auto, (max-width: 1024px) 100vw, 1024px\" \/><\/figure>\n\n\n<figure class=\"wp-block-image size-large\"><img loading=\"lazy\" decoding=\"async\" width=\"1024\" height=\"576\" src=\"http:\/\/www.celttv.com.ar\/wp-content\/uploads\/2022\/05\/POSICIONES-PRIMERA-ZONA-A-1-1024x576.jpg\" alt=\"\" class=\"wp-image-65833\" srcset=\"https:\/\/www.celttv.com.ar\/wp-content\/uploads\/2022\/05\/POSICIONES-PRIMERA-ZONA-A-1-1024x576.jpg 1024w, https:\/\/www.celttv.com.ar\/wp-content\/uploads\/2022\/05\/POSICIONES-PRIMERA-ZONA-A-1-300x169.jpg 300w, https:\/\/www.celttv.com.ar\/wp-content\/uploads\/2022\/05\/POSICIONES-PRIMERA-ZONA-A-1-768x432.jpg 768w, https:\/\/www.celttv.com.ar\/wp-content\/uploads\/2022\/05\/POSICIONES-PRIMERA-ZONA-A-1-750x422.jpg 750w, https:\/\/www.celttv.com.ar\/wp-content\/uploads\/2022\/05\/POSICIONES-PRIMERA-ZONA-A-1-1140x641.jpg 1140w, https:\/\/www.celttv.com.ar\/wp-content\/uploads\/2022\/05\/POSICIONES-PRIMERA-ZONA-A-1.jpg 1280w\" sizes=\"auto, (max-width: 1024px) 100vw, 1024px\" \/><\/figure>\n\n\n<figure class=\"wp-block-image size-large\"><img loading=\"lazy\" decoding=\"async\" width=\"1024\" height=\"576\" src=\"http:\/\/www.celttv.com.ar\/wp-content\/uploads\/2022\/05\/POSICIONES-PRIMERA-ZONA-B-1024x576.jpg\" alt=\"\" class=\"wp-image-65834\" srcset=\"https:\/\/www.celttv.com.ar\/wp-content\/uploads\/2022\/05\/POSICIONES-PRIMERA-ZONA-B-1024x576.jpg 1024w, https:\/\/www.celttv.com.ar\/wp-content\/uploads\/2022\/05\/POSICIONES-PRIMERA-ZONA-B-300x169.jpg 300w, https:\/\/www.celttv.com.ar\/wp-content\/uploads\/2022\/05\/POSICIONES-PRIMERA-ZONA-B-768x432.jpg 768w, https:\/\/www.celttv.com.ar\/wp-content\/uploads\/2022\/05\/POSICIONES-PRIMERA-ZONA-B-750x422.jpg 750w, https:\/\/www.celttv.com.ar\/wp-content\/uploads\/2022\/05\/POSICIONES-PRIMERA-ZONA-B-1140x641.jpg 1140w, https:\/\/www.celttv.com.ar\/wp-content\/uploads\/2022\/05\/POSICIONES-PRIMERA-ZONA-B.jpg 1280w\" sizes=\"auto, (max-width: 1024px) 100vw, 1024px\" \/><\/figure>\n\n\n<figure class=\"wp-block-image size-large\"><img loading=\"lazy\" decoding=\"async\" width=\"1024\" height=\"576\" src=\"http:\/\/www.celttv.com.ar\/wp-content\/uploads\/2022\/05\/RESERVA-ZONA-A-1024x576.jpg\" alt=\"\" class=\"wp-image-65828\" srcset=\"https:\/\/www.celttv.com.ar\/wp-content\/uploads\/2022\/05\/RESERVA-ZONA-A-1024x576.jpg 1024w, https:\/\/www.celttv.com.ar\/wp-content\/uploads\/2022\/05\/RESERVA-ZONA-A-300x169.jpg 300w, https:\/\/www.celttv.com.ar\/wp-content\/uploads\/2022\/05\/RESERVA-ZONA-A-768x432.jpg 768w, https:\/\/www.celttv.com.ar\/wp-content\/uploads\/2022\/05\/RESERVA-ZONA-A-750x422.jpg 750w, https:\/\/www.celttv.com.ar\/wp-content\/uploads\/2022\/05\/RESERVA-ZONA-A-1140x641.jpg 1140w, https:\/\/www.celttv.com.ar\/wp-content\/uploads\/2022\/05\/RESERVA-ZONA-A.jpg 1280w\" sizes=\"auto, (max-width: 1024px) 100vw, 1024px\" \/><\/figure>\n\n\n<figure class=\"wp-block-image size-large\"><img loading=\"lazy\" decoding=\"async\" width=\"1024\" height=\"576\" src=\"http:\/\/www.celttv.com.ar\/wp-content\/uploads\/2022\/05\/RESERVA-ZONA-B-1024x576.jpg\" alt=\"\" class=\"wp-image-65829\" srcset=\"https:\/\/www.celttv.com.ar\/wp-content\/uploads\/2022\/05\/RESERVA-ZONA-B-1024x576.jpg 1024w, https:\/\/www.celttv.com.ar\/wp-content\/uploads\/2022\/05\/RESERVA-ZONA-B-300x169.jpg 300w, https:\/\/www.celttv.com.ar\/wp-content\/uploads\/2022\/05\/RESERVA-ZONA-B-768x432.jpg 768w, https:\/\/www.celttv.com.ar\/wp-content\/uploads\/2022\/05\/RESERVA-ZONA-B-750x422.jpg 750w, https:\/\/www.celttv.com.ar\/wp-content\/uploads\/2022\/05\/RESERVA-ZONA-B-1140x641.jpg 1140w, https:\/\/www.celttv.com.ar\/wp-content\/uploads\/2022\/05\/RESERVA-ZONA-B.jpg 1280w\" sizes=\"auto, (max-width: 1024px) 100vw, 1024px\" \/><\/figure>\n\n\n<figure class=\"wp-block-image size-large\"><img loading=\"lazy\" decoding=\"async\" width=\"1024\" height=\"576\" src=\"http:\/\/www.celttv.com.ar\/wp-content\/uploads\/2022\/05\/RESERVA-ZONA-A-1-1024x576.jpg\" alt=\"\" class=\"wp-image-65832\" srcset=\"https:\/\/www.celttv.com.ar\/wp-content\/uploads\/2022\/05\/RESERVA-ZONA-A-1-1024x576.jpg 1024w, https:\/\/www.celttv.com.ar\/wp-content\/uploads\/2022\/05\/RESERVA-ZONA-A-1-300x169.jpg 300w, https:\/\/www.celttv.com.ar\/wp-content\/uploads\/2022\/05\/RESERVA-ZONA-A-1-768x432.jpg 768w, https:\/\/www.celttv.com.ar\/wp-content\/uploads\/2022\/05\/RESERVA-ZONA-A-1-750x422.jpg 750w, https:\/\/www.celttv.com.ar\/wp-content\/uploads\/2022\/05\/RESERVA-ZONA-A-1-1140x641.jpg 1140w, https:\/\/www.celttv.com.ar\/wp-content\/uploads\/2022\/05\/RESERVA-ZONA-A-1.jpg 1280w\" sizes=\"auto, (max-width: 1024px) 100vw, 1024px\" \/><\/figure>\n\n\n<figure class=\"wp-block-image size-large\"><img loading=\"lazy\" decoding=\"async\" width=\"1024\" height=\"576\" src=\"http:\/\/www.celttv.com.ar\/wp-content\/uploads\/2022\/05\/POSICIONES-RESERVA-ZONA-B-1024x576.jpg\" alt=\"\" class=\"wp-image-65831\" srcset=\"https:\/\/www.celttv.com.ar\/wp-content\/uploads\/2022\/05\/POSICIONES-RESERVA-ZONA-B-1024x576.jpg 1024w, https:\/\/www.celttv.com.ar\/wp-content\/uploads\/2022\/05\/POSICIONES-RESERVA-ZONA-B-300x169.jpg 300w, https:\/\/www.celttv.com.ar\/wp-content\/uploads\/2022\/05\/POSICIONES-RESERVA-ZONA-B-768x432.jpg 768w, https:\/\/www.celttv.com.ar\/wp-content\/uploads\/2022\/05\/POSICIONES-RESERVA-ZONA-B-750x422.jpg 750w, https:\/\/www.celttv.com.ar\/wp-content\/uploads\/2022\/05\/POSICIONES-RESERVA-ZONA-B-1140x641.jpg 1140w, https:\/\/www.celttv.com.ar\/wp-content\/uploads\/2022\/05\/POSICIONES-RESERVA-ZONA-B.jpg 1280w\" sizes=\"auto, (max-width: 1024px) 100vw, 1024px\" \/><\/figure>\n\n\n<figure class=\"wp-block-image size-large\"><img loading=\"lazy\" decoding=\"async\" width=\"1024\" height=\"576\" src=\"http:\/\/www.celttv.com.ar\/wp-content\/uploads\/2022\/05\/ZONA-A-F10-1024x576.jpg\" alt=\"\" class=\"wp-image-65835\" srcset=\"https:\/\/www.celttv.com.ar\/wp-content\/uploads\/2022\/05\/ZONA-A-F10-1024x576.jpg 1024w, https:\/\/www.celttv.com.ar\/wp-content\/uploads\/2022\/05\/ZONA-A-F10-300x169.jpg 300w, https:\/\/www.celttv.com.ar\/wp-content\/uploads\/2022\/05\/ZONA-A-F10-768x432.jpg 768w, https:\/\/www.celttv.com.ar\/wp-content\/uploads\/2022\/05\/ZONA-A-F10-750x422.jpg 750w, https:\/\/www.celttv.com.ar\/wp-content\/uploads\/2022\/05\/ZONA-A-F10-1140x641.jpg 1140w, https:\/\/www.celttv.com.ar\/wp-content\/uploads\/2022\/05\/ZONA-A-F10.jpg 1280w\" sizes=\"auto, (max-width: 1024px) 100vw, 1024px\" \/><\/figure>\n\n\n<figure class=\"wp-block-image size-large\"><img loading=\"lazy\" decoding=\"async\" width=\"1024\" height=\"576\" src=\"http:\/\/www.celttv.com.ar\/wp-content\/uploads\/2022\/05\/ZONA-B-F10-1024x576.jpg\" alt=\"\" class=\"wp-image-65836\" srcset=\"https:\/\/www.celttv.com.ar\/wp-content\/uploads\/2022\/05\/ZONA-B-F10-1024x576.jpg 1024w, https:\/\/www.celttv.com.ar\/wp-content\/uploads\/2022\/05\/ZONA-B-F10-300x169.jpg 300w, https:\/\/www.celttv.com.ar\/wp-content\/uploads\/2022\/05\/ZONA-B-F10-768x432.jpg 768w, https:\/\/www.celttv.com.ar\/wp-content\/uploads\/2022\/05\/ZONA-B-F10-750x422.jpg 750w, https:\/\/www.celttv.com.ar\/wp-content\/uploads\/2022\/05\/ZONA-B-F10-1140x641.jpg 1140w, https:\/\/www.celttv.com.ar\/wp-content\/uploads\/2022\/05\/ZONA-B-F10.jpg 1280w\" sizes=\"auto, (max-width: 1024px) 100vw, 1024px\" \/><\/figure>\n","protected":false},"excerpt":{"rendered":"<p>Automoto perdi\u00f3 como local ante Atl. Huanguel\u00e9n por 4 a 3. Abri\u00f3 la cuenta Palacio para la visita, Peralta lo empat\u00f3 para el local al capturar el rebote que dio Van der Tuin al tapar el penal de Beilman. Garay en el final del primer tiempo y Arriaga en el inicio del segundo le dieron [&hellip;]<\/p>\n","protected":false},"author":1,"featured_media":65838,"comment_status":"closed","ping_status":"open","sticky":false,"template":"","format":"standard","meta":{"footnotes":""},"categories":[60,52],"tags":[],"class_list":["post-65825","post","type-post","status-publish","format-standard","has-post-thumbnail","hentry","category-deporte","category-destacadas"],"yoast_head":"<!-- This site is optimized with the Yoast SEO plugin v19.7.1 - https:\/\/yoast.com\/wordpress\/plugins\/seo\/ -->\n<title>PERDIO AUTOMOTO Y EMPATO UNION - CELTTV<\/title>\n<meta name=\"description\" content=\"Sitio web de noticias de la localidad de Tornquist, provincia de Buenos Aires, Rep\u00fablica Argentina. Contenido propio originado por periodistas de CELTTV, el canal de TV local de la Cooperativa El\u00e9ctrica de Tornquist. Turismo, Pol\u00edtica, Sociedad, Deporte, Cultura y todo el contenido de inter\u00e9s general que la gente del pueblo y la regi\u00f3n debe conocer.\" \/>\n<meta name=\"robots\" content=\"index, follow, max-snippet:-1, max-image-preview:large, max-video-preview:-1\" \/>\n<link rel=\"canonical\" href=\"https:\/\/www.celttv.com.ar\/index.php\/2022\/05\/08\/perdio-automoto-y-empato-union\/\" \/>\n<meta property=\"og:locale\" content=\"es_ES\" \/>\n<meta property=\"og:type\" content=\"article\" \/>\n<meta property=\"og:title\" content=\"PERDIO AUTOMOTO Y EMPATO UNION - CELTTV\" \/>\n<meta property=\"og:description\" content=\"Sitio web de noticias de la localidad de Tornquist, provincia de Buenos Aires, Rep\u00fablica Argentina. Contenido propio originado por periodistas de CELTTV, el canal de TV local de la Cooperativa El\u00e9ctrica de Tornquist. Turismo, Pol\u00edtica, Sociedad, Deporte, Cultura y todo el contenido de inter\u00e9s general que la gente del pueblo y la regi\u00f3n debe conocer.\" \/>\n<meta property=\"og:url\" content=\"https:\/\/www.celttv.com.ar\/index.php\/2022\/05\/08\/perdio-automoto-y-empato-union\/\" \/>\n<meta property=\"og:site_name\" content=\"CELTTV\" \/>\n<meta property=\"article:publisher\" content=\"https:\/\/www.facebook.com\/celtTV\/\" \/>\n<meta property=\"article:published_time\" content=\"2022-05-08T21:33:36+00:00\" \/>\n<meta property=\"og:image\" content=\"https:\/\/www.celttv.com.ar\/wp-content\/uploads\/2022\/05\/DSC_0072.jpg\" \/>\n\t<meta property=\"og:image:width\" content=\"1024\" \/>\n\t<meta property=\"og:image:height\" content=\"683\" \/>\n\t<meta property=\"og:image:type\" content=\"image\/jpeg\" \/>\n<meta name=\"author\" content=\"ulises\" \/>\n<meta name=\"twitter:card\" content=\"summary_large_image\" \/>\n<meta name=\"twitter:label1\" content=\"Escrito por\" \/>\n\t<meta name=\"twitter:data1\" content=\"ulises\" \/>\n\t<meta name=\"twitter:label2\" content=\"Tiempo de lectura\" \/>\n\t<meta name=\"twitter:data2\" content=\"1 minuto\" \/>\n<script type=\"application\/ld+json\" class=\"yoast-schema-graph\">{\"@context\":\"https:\/\/schema.org\",\"@graph\":[{\"@type\":\"NewsArticle\",\"@id\":\"https:\/\/www.celttv.com.ar\/index.php\/2022\/05\/08\/perdio-automoto-y-empato-union\/#article\",\"isPartOf\":{\"@id\":\"https:\/\/www.celttv.com.ar\/index.php\/2022\/05\/08\/perdio-automoto-y-empato-union\/\"},\"author\":{\"name\":\"ulises\",\"@id\":\"https:\/\/www.celttv.com.ar\/#\/schema\/person\/6d99c072dba59953809c81446e9d0ace\"},\"headline\":\"PERDIO AUTOMOTO Y EMPATO UNION\",\"datePublished\":\"2022-05-08T21:33:36+00:00\",\"dateModified\":\"2022-05-08T21:33:36+00:00\",\"mainEntityOfPage\":{\"@id\":\"https:\/\/www.celttv.com.ar\/index.php\/2022\/05\/08\/perdio-automoto-y-empato-union\/\"},\"wordCount\":133,\"publisher\":{\"@id\":\"https:\/\/www.celttv.com.ar\/#organization\"},\"articleSection\":[\"Deporte\",\"Destacadas\"],\"inLanguage\":\"es\"},{\"@type\":\"WebPage\",\"@id\":\"https:\/\/www.celttv.com.ar\/index.php\/2022\/05\/08\/perdio-automoto-y-empato-union\/\",\"url\":\"https:\/\/www.celttv.com.ar\/index.php\/2022\/05\/08\/perdio-automoto-y-empato-union\/\",\"name\":\"PERDIO AUTOMOTO Y EMPATO UNION - CELTTV\",\"isPartOf\":{\"@id\":\"https:\/\/www.celttv.com.ar\/#website\"},\"datePublished\":\"2022-05-08T21:33:36+00:00\",\"dateModified\":\"2022-05-08T21:33:36+00:00\",\"description\":\"Sitio web de noticias de la localidad de Tornquist, provincia de Buenos Aires, Rep\u00fablica Argentina. Contenido propio originado por periodistas de CELTTV, el canal de TV local de la Cooperativa El\u00e9ctrica de Tornquist. Turismo, Pol\u00edtica, Sociedad, Deporte, Cultura y todo el contenido de inter\u00e9s general que la gente del pueblo y la regi\u00f3n debe conocer.\",\"breadcrumb\":{\"@id\":\"https:\/\/www.celttv.com.ar\/index.php\/2022\/05\/08\/perdio-automoto-y-empato-union\/#breadcrumb\"},\"inLanguage\":\"es\",\"potentialAction\":[{\"@type\":\"ReadAction\",\"target\":[\"https:\/\/www.celttv.com.ar\/index.php\/2022\/05\/08\/perdio-automoto-y-empato-union\/\"]}]},{\"@type\":\"BreadcrumbList\",\"@id\":\"https:\/\/www.celttv.com.ar\/index.php\/2022\/05\/08\/perdio-automoto-y-empato-union\/#breadcrumb\",\"itemListElement\":[{\"@type\":\"ListItem\",\"position\":1,\"name\":\"Inicio\",\"item\":\"https:\/\/www.celttv.com.ar\/\"},{\"@type\":\"ListItem\",\"position\":2,\"name\":\"PERDIO AUTOMOTO Y EMPATO UNION\"}]},{\"@type\":\"WebSite\",\"@id\":\"https:\/\/www.celttv.com.ar\/#website\",\"url\":\"https:\/\/www.celttv.com.ar\/\",\"name\":\"CELTTV\",\"description\":\"Cooperativa El\u00e9ctrica de Tornquist\",\"publisher\":{\"@id\":\"https:\/\/www.celttv.com.ar\/#organization\"},\"potentialAction\":[{\"@type\":\"SearchAction\",\"target\":{\"@type\":\"EntryPoint\",\"urlTemplate\":\"https:\/\/www.celttv.com.ar\/?s={search_term_string}\"},\"query-input\":\"required name=search_term_string\"}],\"inLanguage\":\"es\"},{\"@type\":\"Organization\",\"@id\":\"https:\/\/www.celttv.com.ar\/#organization\",\"name\":\"CELTTV\",\"url\":\"https:\/\/www.celttv.com.ar\/\",\"sameAs\":[\"https:\/\/www.youtube.com\/channel\/UCz_oIt8Hig64Ub-EmcNPIhg\",\"https:\/\/www.facebook.com\/celtTV\/\"],\"logo\":{\"@type\":\"ImageObject\",\"inLanguage\":\"es\",\"@id\":\"https:\/\/www.celttv.com.ar\/#\/schema\/logo\/image\/\",\"url\":\"http:\/\/www.celttv.com.ar\/wp-content\/uploads\/2022\/08\/logo-1.png\",\"contentUrl\":\"http:\/\/www.celttv.com.ar\/wp-content\/uploads\/2022\/08\/logo-1.png\",\"width\":461,\"height\":159,\"caption\":\"CELTTV\"},\"image\":{\"@id\":\"https:\/\/www.celttv.com.ar\/#\/schema\/logo\/image\/\"}},{\"@type\":\"Person\",\"@id\":\"https:\/\/www.celttv.com.ar\/#\/schema\/person\/6d99c072dba59953809c81446e9d0ace\",\"name\":\"ulises\",\"image\":{\"@type\":\"ImageObject\",\"inLanguage\":\"es\",\"@id\":\"https:\/\/www.celttv.com.ar\/#\/schema\/person\/image\/\",\"url\":\"https:\/\/secure.gravatar.com\/avatar\/7f2c48bdc33b30088f941fb6082e555f2874c98e20cb159d7b92b50eadfce793?s=96&d=mm&r=g\",\"contentUrl\":\"https:\/\/secure.gravatar.com\/avatar\/7f2c48bdc33b30088f941fb6082e555f2874c98e20cb159d7b92b50eadfce793?s=96&d=mm&r=g\",\"caption\":\"ulises\"},\"sameAs\":[\"http:\/\/www.celttv.com.ar\"]}]}<\/script>\n<!-- \/ Yoast SEO plugin. -->","yoast_head_json":{"title":"PERDIO AUTOMOTO Y EMPATO UNION - CELTTV","description":"Sitio web de noticias de la localidad de Tornquist, provincia de Buenos Aires, Rep\u00fablica Argentina. Contenido propio originado por periodistas de CELTTV, el canal de TV local de la Cooperativa El\u00e9ctrica de Tornquist. Turismo, Pol\u00edtica, Sociedad, Deporte, Cultura y todo el contenido de inter\u00e9s general que la gente del pueblo y la regi\u00f3n debe conocer.","robots":{"index":"index","follow":"follow","max-snippet":"max-snippet:-1","max-image-preview":"max-image-preview:large","max-video-preview":"max-video-preview:-1"},"canonical":"https:\/\/www.celttv.com.ar\/index.php\/2022\/05\/08\/perdio-automoto-y-empato-union\/","og_locale":"es_ES","og_type":"article","og_title":"PERDIO AUTOMOTO Y EMPATO UNION - CELTTV","og_description":"Sitio web de noticias de la localidad de Tornquist, provincia de Buenos Aires, Rep\u00fablica Argentina. Contenido propio originado por periodistas de CELTTV, el canal de TV local de la Cooperativa El\u00e9ctrica de Tornquist. Turismo, Pol\u00edtica, Sociedad, Deporte, Cultura y todo el contenido de inter\u00e9s general que la gente del pueblo y la regi\u00f3n debe conocer.","og_url":"https:\/\/www.celttv.com.ar\/index.php\/2022\/05\/08\/perdio-automoto-y-empato-union\/","og_site_name":"CELTTV","article_publisher":"https:\/\/www.facebook.com\/celtTV\/","article_published_time":"2022-05-08T21:33:36+00:00","og_image":[{"width":1024,"height":683,"url":"https:\/\/www.celttv.com.ar\/wp-content\/uploads\/2022\/05\/DSC_0072.jpg","type":"image\/jpeg"}],"author":"ulises","twitter_card":"summary_large_image","twitter_misc":{"Escrito por":"ulises","Tiempo de lectura":"1 minuto"},"schema":{"@context":"https:\/\/schema.org","@graph":[{"@type":"NewsArticle","@id":"https:\/\/www.celttv.com.ar\/index.php\/2022\/05\/08\/perdio-automoto-y-empato-union\/#article","isPartOf":{"@id":"https:\/\/www.celttv.com.ar\/index.php\/2022\/05\/08\/perdio-automoto-y-empato-union\/"},"author":{"name":"ulises","@id":"https:\/\/www.celttv.com.ar\/#\/schema\/person\/6d99c072dba59953809c81446e9d0ace"},"headline":"PERDIO AUTOMOTO Y EMPATO UNION","datePublished":"2022-05-08T21:33:36+00:00","dateModified":"2022-05-08T21:33:36+00:00","mainEntityOfPage":{"@id":"https:\/\/www.celttv.com.ar\/index.php\/2022\/05\/08\/perdio-automoto-y-empato-union\/"},"wordCount":133,"publisher":{"@id":"https:\/\/www.celttv.com.ar\/#organization"},"articleSection":["Deporte","Destacadas"],"inLanguage":"es"},{"@type":"WebPage","@id":"https:\/\/www.celttv.com.ar\/index.php\/2022\/05\/08\/perdio-automoto-y-empato-union\/","url":"https:\/\/www.celttv.com.ar\/index.php\/2022\/05\/08\/perdio-automoto-y-empato-union\/","name":"PERDIO AUTOMOTO Y EMPATO UNION - CELTTV","isPartOf":{"@id":"https:\/\/www.celttv.com.ar\/#website"},"datePublished":"2022-05-08T21:33:36+00:00","dateModified":"2022-05-08T21:33:36+00:00","description":"Sitio web de noticias de la localidad de Tornquist, provincia de Buenos Aires, Rep\u00fablica Argentina. Contenido propio originado por periodistas de CELTTV, el canal de TV local de la Cooperativa El\u00e9ctrica de Tornquist. Turismo, Pol\u00edtica, Sociedad, Deporte, Cultura y todo el contenido de inter\u00e9s general que la gente del pueblo y la regi\u00f3n debe conocer.","breadcrumb":{"@id":"https:\/\/www.celttv.com.ar\/index.php\/2022\/05\/08\/perdio-automoto-y-empato-union\/#breadcrumb"},"inLanguage":"es","potentialAction":[{"@type":"ReadAction","target":["https:\/\/www.celttv.com.ar\/index.php\/2022\/05\/08\/perdio-automoto-y-empato-union\/"]}]},{"@type":"BreadcrumbList","@id":"https:\/\/www.celttv.com.ar\/index.php\/2022\/05\/08\/perdio-automoto-y-empato-union\/#breadcrumb","itemListElement":[{"@type":"ListItem","position":1,"name":"Inicio","item":"https:\/\/www.celttv.com.ar\/"},{"@type":"ListItem","position":2,"name":"PERDIO AUTOMOTO Y EMPATO UNION"}]},{"@type":"WebSite","@id":"https:\/\/www.celttv.com.ar\/#website","url":"https:\/\/www.celttv.com.ar\/","name":"CELTTV","description":"Cooperativa El\u00e9ctrica de Tornquist","publisher":{"@id":"https:\/\/www.celttv.com.ar\/#organization"},"potentialAction":[{"@type":"SearchAction","target":{"@type":"EntryPoint","urlTemplate":"https:\/\/www.celttv.com.ar\/?s={search_term_string}"},"query-input":"required name=search_term_string"}],"inLanguage":"es"},{"@type":"Organization","@id":"https:\/\/www.celttv.com.ar\/#organization","name":"CELTTV","url":"https:\/\/www.celttv.com.ar\/","sameAs":["https:\/\/www.youtube.com\/channel\/UCz_oIt8Hig64Ub-EmcNPIhg","https:\/\/www.facebook.com\/celtTV\/"],"logo":{"@type":"ImageObject","inLanguage":"es","@id":"https:\/\/www.celttv.com.ar\/#\/schema\/logo\/image\/","url":"http:\/\/www.celttv.com.ar\/wp-content\/uploads\/2022\/08\/logo-1.png","contentUrl":"http:\/\/www.celttv.com.ar\/wp-content\/uploads\/2022\/08\/logo-1.png","width":461,"height":159,"caption":"CELTTV"},"image":{"@id":"https:\/\/www.celttv.com.ar\/#\/schema\/logo\/image\/"}},{"@type":"Person","@id":"https:\/\/www.celttv.com.ar\/#\/schema\/person\/6d99c072dba59953809c81446e9d0ace","name":"ulises","image":{"@type":"ImageObject","inLanguage":"es","@id":"https:\/\/www.celttv.com.ar\/#\/schema\/person\/image\/","url":"https:\/\/secure.gravatar.com\/avatar\/7f2c48bdc33b30088f941fb6082e555f2874c98e20cb159d7b92b50eadfce793?s=96&d=mm&r=g","contentUrl":"https:\/\/secure.gravatar.com\/avatar\/7f2c48bdc33b30088f941fb6082e555f2874c98e20cb159d7b92b50eadfce793?s=96&d=mm&r=g","caption":"ulises"},"sameAs":["http:\/\/www.celttv.com.ar"]}]}},"_links":{"self":[{"href":"https:\/\/www.celttv.com.ar\/index.php\/wp-json\/wp\/v2\/posts\/65825","targetHints":{"allow":["GET"]}}],"collection":[{"href":"https:\/\/www.celttv.com.ar\/index.php\/wp-json\/wp\/v2\/posts"}],"about":[{"href":"https:\/\/www.celttv.com.ar\/index.php\/wp-json\/wp\/v2\/types\/post"}],"author":[{"embeddable":true,"href":"https:\/\/www.celttv.com.ar\/index.php\/wp-json\/wp\/v2\/users\/1"}],"replies":[{"embeddable":true,"href":"https:\/\/www.celttv.com.ar\/index.php\/wp-json\/wp\/v2\/comments?post=65825"}],"version-history":[{"count":0,"href":"https:\/\/www.celttv.com.ar\/index.php\/wp-json\/wp\/v2\/posts\/65825\/revisions"}],"wp:featuredmedia":[{"embeddable":true,"href":"https:\/\/www.celttv.com.ar\/index.php\/wp-json\/wp\/v2\/media\/65838"}],"wp:attachment":[{"href":"https:\/\/www.celttv.com.ar\/index.php\/wp-json\/wp\/v2\/media?parent=65825"}],"wp:term":[{"taxonomy":"category","embeddable":true,"href":"https:\/\/www.celttv.com.ar\/index.php\/wp-json\/wp\/v2\/categories?post=65825"},{"taxonomy":"post_tag","embeddable":true,"href":"https:\/\/www.celttv.com.ar\/index.php\/wp-json\/wp\/v2\/tags?post=65825"}],"curies":[{"name":"wp","href":"https:\/\/api.w.org\/{rel}","templated":true}]}}