{"id":65852,"date":"2022-05-09T01:34:26","date_gmt":"2022-05-09T01:34:26","guid":{"rendered":"http:\/\/www.celttv.com.ar\/?p=65852"},"modified":"2022-05-09T01:34:26","modified_gmt":"2022-05-09T01:34:26","slug":"un-hombre-volco-en-la-ruta-35-y-lo-trasladaron-en-grave-estado","status":"publish","type":"post","link":"https:\/\/www.celttv.com.ar\/index.php\/2022\/05\/09\/un-hombre-volco-en-la-ruta-35-y-lo-trasladaron-en-grave-estado\/","title":{"rendered":"Un hombre volc\u00f3 en la Ruta 35 y lo trasladaron en grave estado"},"content":{"rendered":"\n<p>Ocurri\u00f3 este domingo, pasadas las 19. El conductor fue derivado a un hospital en \u201cc\u00f3digo rojo\u201d .<\/p>\n\n\n<p>Un hombre tuvo que ser trasladado en \u201cc\u00f3digo rojo\u201d esta tarde, luego de protagonizar un violento vuelco sobre el kil\u00f3metro 15 de la Ruta 35, en cercan\u00edas al Aeroclub.<\/p>\n\n\n<p>El hecho ocurri\u00f3 pasadas las 19, cuando Carlos Paladini circulaba a bordo de su Honda CR-V y por causas que a\u00fan se desconocen termin\u00f3 volcando.<\/p>\n\n\n<p>Producto del impacto, el conductor sufri\u00f3 un traumatismo de cr\u00e1neo con p\u00e9rdida de conocimiento luego recuperada. Adem\u00e1s, padeci\u00f3 traumatismo cerrado de t\u00f3rax, escoriaciones, cortes y golpes menores en el resto del cuerpo.<\/p>\n\n\n<p>De inmediato una ambulancia del SAME se hizo presente en el lugar y fue derivado de urgencia a un hospital.<\/p>\n\n\n<p>Tambi\u00e9n trabaj\u00f3 en el lugar personal policial, Bomberos de Cerri y Defensa Civil.<\/p>\n\n\n<p>Fuente: LaBrujula<\/p>\n\n\n<figure class=\"wp-block-gallery columns-3 is-cropped wp-block-gallery-1 is-layout-flex wp-block-gallery-is-layout-flex\"><ul class=\"blocks-gallery-grid\"><li class=\"blocks-gallery-item\"><figure><img loading=\"lazy\" decoding=\"async\" width=\"877\" height=\"504\" src=\"http:\/\/www.celttv.com.ar\/wp-content\/uploads\/2022\/05\/1.jpg\" alt=\"\" data-id=\"65853\" data-full-url=\"http:\/\/www.celttv.com.ar\/wp-content\/uploads\/2022\/05\/1.jpg\" data-link=\"http:\/\/www.celttv.com.ar\/?attachment_id=65853\" class=\"wp-image-65853\" srcset=\"https:\/\/www.celttv.com.ar\/wp-content\/uploads\/2022\/05\/1.jpg 877w, https:\/\/www.celttv.com.ar\/wp-content\/uploads\/2022\/05\/1-300x172.jpg 300w, https:\/\/www.celttv.com.ar\/wp-content\/uploads\/2022\/05\/1-768x441.jpg 768w, https:\/\/www.celttv.com.ar\/wp-content\/uploads\/2022\/05\/1-750x431.jpg 750w\" sizes=\"auto, (max-width: 877px) 100vw, 877px\" \/><\/figure><\/li><li class=\"blocks-gallery-item\"><figure><img loading=\"lazy\" decoding=\"async\" width=\"790\" height=\"513\" src=\"http:\/\/www.celttv.com.ar\/wp-content\/uploads\/2022\/05\/2.jpg\" alt=\"\" data-id=\"65854\" data-full-url=\"http:\/\/www.celttv.com.ar\/wp-content\/uploads\/2022\/05\/2.jpg\" data-link=\"http:\/\/www.celttv.com.ar\/?attachment_id=65854\" class=\"wp-image-65854\" srcset=\"https:\/\/www.celttv.com.ar\/wp-content\/uploads\/2022\/05\/2.jpg 790w, https:\/\/www.celttv.com.ar\/wp-content\/uploads\/2022\/05\/2-300x195.jpg 300w, https:\/\/www.celttv.com.ar\/wp-content\/uploads\/2022\/05\/2-768x499.jpg 768w, https:\/\/www.celttv.com.ar\/wp-content\/uploads\/2022\/05\/2-750x487.jpg 750w\" sizes=\"auto, (max-width: 790px) 100vw, 790px\" \/><\/figure><\/li><li class=\"blocks-gallery-item\"><figure><img loading=\"lazy\" decoding=\"async\" width=\"787\" height=\"510\" src=\"http:\/\/www.celttv.com.ar\/wp-content\/uploads\/2022\/05\/3.jpg\" alt=\"\" data-id=\"65855\" data-full-url=\"http:\/\/www.celttv.com.ar\/wp-content\/uploads\/2022\/05\/3.jpg\" data-link=\"http:\/\/www.celttv.com.ar\/?attachment_id=65855\" class=\"wp-image-65855\" srcset=\"https:\/\/www.celttv.com.ar\/wp-content\/uploads\/2022\/05\/3.jpg 787w, https:\/\/www.celttv.com.ar\/wp-content\/uploads\/2022\/05\/3-300x194.jpg 300w, https:\/\/www.celttv.com.ar\/wp-content\/uploads\/2022\/05\/3-768x498.jpg 768w, https:\/\/www.celttv.com.ar\/wp-content\/uploads\/2022\/05\/3-750x486.jpg 750w\" sizes=\"auto, (max-width: 787px) 100vw, 787px\" \/><\/figure><\/li><\/ul><\/figure>\n","protected":false},"excerpt":{"rendered":"<p>Ocurri\u00f3 este domingo, pasadas las 19. El conductor fue derivado a un hospital en \u201cc\u00f3digo rojo\u201d . Un hombre tuvo que ser trasladado en \u201cc\u00f3digo rojo\u201d esta tarde, luego de protagonizar un violento vuelco sobre el kil\u00f3metro 15 de la Ruta 35, en cercan\u00edas al Aeroclub. El hecho ocurri\u00f3 pasadas las 19, cuando Carlos Paladini [&hellip;]<\/p>\n","protected":false},"author":1,"featured_media":65854,"comment_status":"closed","ping_status":"open","sticky":false,"template":"","format":"standard","meta":{"footnotes":""},"categories":[51,52,61],"tags":[],"class_list":["post-65852","post","type-post","status-publish","format-standard","has-post-thumbnail","hentry","category-comunidad","category-destacadas","category-policiales"],"yoast_head":"<!-- This site is optimized with the Yoast SEO plugin v19.7.1 - https:\/\/yoast.com\/wordpress\/plugins\/seo\/ -->\n<title>Un hombre volc\u00f3 en la Ruta 35 y lo trasladaron en grave estado - CELTTV<\/title>\n<meta name=\"description\" content=\"Sitio web de noticias de la localidad de Tornquist, provincia de Buenos Aires, Rep\u00fablica Argentina. Contenido propio originado por periodistas de CELTTV, el canal de TV local de la Cooperativa El\u00e9ctrica de Tornquist. Turismo, Pol\u00edtica, Sociedad, Deporte, Cultura y todo el contenido de inter\u00e9s general que la gente del pueblo y la regi\u00f3n debe conocer.\" \/>\n<meta name=\"robots\" content=\"index, follow, max-snippet:-1, max-image-preview:large, max-video-preview:-1\" \/>\n<link rel=\"canonical\" href=\"https:\/\/www.celttv.com.ar\/index.php\/2022\/05\/09\/un-hombre-volco-en-la-ruta-35-y-lo-trasladaron-en-grave-estado\/\" \/>\n<meta property=\"og:locale\" content=\"es_ES\" \/>\n<meta property=\"og:type\" content=\"article\" \/>\n<meta property=\"og:title\" content=\"Un hombre volc\u00f3 en la Ruta 35 y lo trasladaron en grave estado - CELTTV\" \/>\n<meta property=\"og:description\" content=\"Sitio web de noticias de la localidad de Tornquist, provincia de Buenos Aires, Rep\u00fablica Argentina. Contenido propio originado por periodistas de CELTTV, el canal de TV local de la Cooperativa El\u00e9ctrica de Tornquist. Turismo, Pol\u00edtica, Sociedad, Deporte, Cultura y todo el contenido de inter\u00e9s general que la gente del pueblo y la regi\u00f3n debe conocer.\" \/>\n<meta property=\"og:url\" content=\"https:\/\/www.celttv.com.ar\/index.php\/2022\/05\/09\/un-hombre-volco-en-la-ruta-35-y-lo-trasladaron-en-grave-estado\/\" \/>\n<meta property=\"og:site_name\" content=\"CELTTV\" \/>\n<meta property=\"article:publisher\" content=\"https:\/\/www.facebook.com\/celtTV\/\" \/>\n<meta property=\"article:published_time\" content=\"2022-05-09T01:34:26+00:00\" \/>\n<meta property=\"og:image\" content=\"https:\/\/www.celttv.com.ar\/wp-content\/uploads\/2022\/05\/2.jpg\" \/>\n\t<meta property=\"og:image:width\" content=\"790\" \/>\n\t<meta property=\"og:image:height\" content=\"513\" \/>\n\t<meta property=\"og:image:type\" content=\"image\/jpeg\" \/>\n<meta name=\"author\" content=\"ulises\" \/>\n<meta name=\"twitter:card\" content=\"summary_large_image\" \/>\n<meta name=\"twitter:label1\" content=\"Escrito por\" \/>\n\t<meta name=\"twitter:data1\" content=\"ulises\" \/>\n\t<meta name=\"twitter:label2\" content=\"Tiempo de lectura\" \/>\n\t<meta name=\"twitter:data2\" content=\"1 minuto\" \/>\n<script type=\"application\/ld+json\" class=\"yoast-schema-graph\">{\"@context\":\"https:\/\/schema.org\",\"@graph\":[{\"@type\":\"NewsArticle\",\"@id\":\"https:\/\/www.celttv.com.ar\/index.php\/2022\/05\/09\/un-hombre-volco-en-la-ruta-35-y-lo-trasladaron-en-grave-estado\/#article\",\"isPartOf\":{\"@id\":\"https:\/\/www.celttv.com.ar\/index.php\/2022\/05\/09\/un-hombre-volco-en-la-ruta-35-y-lo-trasladaron-en-grave-estado\/\"},\"author\":{\"name\":\"ulises\",\"@id\":\"https:\/\/www.celttv.com.ar\/#\/schema\/person\/6d99c072dba59953809c81446e9d0ace\"},\"headline\":\"Un hombre volc\u00f3 en la Ruta 35 y lo trasladaron en grave estado\",\"datePublished\":\"2022-05-09T01:34:26+00:00\",\"dateModified\":\"2022-05-09T01:34:26+00:00\",\"mainEntityOfPage\":{\"@id\":\"https:\/\/www.celttv.com.ar\/index.php\/2022\/05\/09\/un-hombre-volco-en-la-ruta-35-y-lo-trasladaron-en-grave-estado\/\"},\"wordCount\":155,\"publisher\":{\"@id\":\"https:\/\/www.celttv.com.ar\/#organization\"},\"articleSection\":[\"Comunidad\",\"Destacadas\",\"Policiales\"],\"inLanguage\":\"es\"},{\"@type\":\"WebPage\",\"@id\":\"https:\/\/www.celttv.com.ar\/index.php\/2022\/05\/09\/un-hombre-volco-en-la-ruta-35-y-lo-trasladaron-en-grave-estado\/\",\"url\":\"https:\/\/www.celttv.com.ar\/index.php\/2022\/05\/09\/un-hombre-volco-en-la-ruta-35-y-lo-trasladaron-en-grave-estado\/\",\"name\":\"Un hombre volc\u00f3 en la Ruta 35 y lo trasladaron en grave estado - CELTTV\",\"isPartOf\":{\"@id\":\"https:\/\/www.celttv.com.ar\/#website\"},\"datePublished\":\"2022-05-09T01:34:26+00:00\",\"dateModified\":\"2022-05-09T01:34:26+00:00\",\"description\":\"Sitio web de noticias de la localidad de Tornquist, provincia de Buenos Aires, Rep\u00fablica Argentina. Contenido propio originado por periodistas de CELTTV, el canal de TV local de la Cooperativa El\u00e9ctrica de Tornquist. Turismo, Pol\u00edtica, Sociedad, Deporte, Cultura y todo el contenido de inter\u00e9s general que la gente del pueblo y la regi\u00f3n debe conocer.\",\"breadcrumb\":{\"@id\":\"https:\/\/www.celttv.com.ar\/index.php\/2022\/05\/09\/un-hombre-volco-en-la-ruta-35-y-lo-trasladaron-en-grave-estado\/#breadcrumb\"},\"inLanguage\":\"es\",\"potentialAction\":[{\"@type\":\"ReadAction\",\"target\":[\"https:\/\/www.celttv.com.ar\/index.php\/2022\/05\/09\/un-hombre-volco-en-la-ruta-35-y-lo-trasladaron-en-grave-estado\/\"]}]},{\"@type\":\"BreadcrumbList\",\"@id\":\"https:\/\/www.celttv.com.ar\/index.php\/2022\/05\/09\/un-hombre-volco-en-la-ruta-35-y-lo-trasladaron-en-grave-estado\/#breadcrumb\",\"itemListElement\":[{\"@type\":\"ListItem\",\"position\":1,\"name\":\"Inicio\",\"item\":\"https:\/\/www.celttv.com.ar\/\"},{\"@type\":\"ListItem\",\"position\":2,\"name\":\"Un hombre volc\u00f3 en la Ruta 35 y lo trasladaron en grave estado\"}]},{\"@type\":\"WebSite\",\"@id\":\"https:\/\/www.celttv.com.ar\/#website\",\"url\":\"https:\/\/www.celttv.com.ar\/\",\"name\":\"CELTTV\",\"description\":\"Cooperativa El\u00e9ctrica de Tornquist\",\"publisher\":{\"@id\":\"https:\/\/www.celttv.com.ar\/#organization\"},\"potentialAction\":[{\"@type\":\"SearchAction\",\"target\":{\"@type\":\"EntryPoint\",\"urlTemplate\":\"https:\/\/www.celttv.com.ar\/?s={search_term_string}\"},\"query-input\":\"required name=search_term_string\"}],\"inLanguage\":\"es\"},{\"@type\":\"Organization\",\"@id\":\"https:\/\/www.celttv.com.ar\/#organization\",\"name\":\"CELTTV\",\"url\":\"https:\/\/www.celttv.com.ar\/\",\"sameAs\":[\"https:\/\/www.youtube.com\/channel\/UCz_oIt8Hig64Ub-EmcNPIhg\",\"https:\/\/www.facebook.com\/celtTV\/\"],\"logo\":{\"@type\":\"ImageObject\",\"inLanguage\":\"es\",\"@id\":\"https:\/\/www.celttv.com.ar\/#\/schema\/logo\/image\/\",\"url\":\"http:\/\/www.celttv.com.ar\/wp-content\/uploads\/2022\/08\/logo-1.png\",\"contentUrl\":\"http:\/\/www.celttv.com.ar\/wp-content\/uploads\/2022\/08\/logo-1.png\",\"width\":461,\"height\":159,\"caption\":\"CELTTV\"},\"image\":{\"@id\":\"https:\/\/www.celttv.com.ar\/#\/schema\/logo\/image\/\"}},{\"@type\":\"Person\",\"@id\":\"https:\/\/www.celttv.com.ar\/#\/schema\/person\/6d99c072dba59953809c81446e9d0ace\",\"name\":\"ulises\",\"image\":{\"@type\":\"ImageObject\",\"inLanguage\":\"es\",\"@id\":\"https:\/\/www.celttv.com.ar\/#\/schema\/person\/image\/\",\"url\":\"https:\/\/secure.gravatar.com\/avatar\/7f2c48bdc33b30088f941fb6082e555f2874c98e20cb159d7b92b50eadfce793?s=96&d=mm&r=g\",\"contentUrl\":\"https:\/\/secure.gravatar.com\/avatar\/7f2c48bdc33b30088f941fb6082e555f2874c98e20cb159d7b92b50eadfce793?s=96&d=mm&r=g\",\"caption\":\"ulises\"},\"sameAs\":[\"http:\/\/www.celttv.com.ar\"]}]}<\/script>\n<!-- \/ Yoast SEO plugin. -->","yoast_head_json":{"title":"Un hombre volc\u00f3 en la Ruta 35 y lo trasladaron en grave estado - CELTTV","description":"Sitio web de noticias de la localidad de Tornquist, provincia de Buenos Aires, Rep\u00fablica Argentina. Contenido propio originado por periodistas de CELTTV, el canal de TV local de la Cooperativa El\u00e9ctrica de Tornquist. Turismo, Pol\u00edtica, Sociedad, Deporte, Cultura y todo el contenido de inter\u00e9s general que la gente del pueblo y la regi\u00f3n debe conocer.","robots":{"index":"index","follow":"follow","max-snippet":"max-snippet:-1","max-image-preview":"max-image-preview:large","max-video-preview":"max-video-preview:-1"},"canonical":"https:\/\/www.celttv.com.ar\/index.php\/2022\/05\/09\/un-hombre-volco-en-la-ruta-35-y-lo-trasladaron-en-grave-estado\/","og_locale":"es_ES","og_type":"article","og_title":"Un hombre volc\u00f3 en la Ruta 35 y lo trasladaron en grave estado - CELTTV","og_description":"Sitio web de noticias de la localidad de Tornquist, provincia de Buenos Aires, Rep\u00fablica Argentina. Contenido propio originado por periodistas de CELTTV, el canal de TV local de la Cooperativa El\u00e9ctrica de Tornquist. Turismo, Pol\u00edtica, Sociedad, Deporte, Cultura y todo el contenido de inter\u00e9s general que la gente del pueblo y la regi\u00f3n debe conocer.","og_url":"https:\/\/www.celttv.com.ar\/index.php\/2022\/05\/09\/un-hombre-volco-en-la-ruta-35-y-lo-trasladaron-en-grave-estado\/","og_site_name":"CELTTV","article_publisher":"https:\/\/www.facebook.com\/celtTV\/","article_published_time":"2022-05-09T01:34:26+00:00","og_image":[{"width":790,"height":513,"url":"https:\/\/www.celttv.com.ar\/wp-content\/uploads\/2022\/05\/2.jpg","type":"image\/jpeg"}],"author":"ulises","twitter_card":"summary_large_image","twitter_misc":{"Escrito por":"ulises","Tiempo de lectura":"1 minuto"},"schema":{"@context":"https:\/\/schema.org","@graph":[{"@type":"NewsArticle","@id":"https:\/\/www.celttv.com.ar\/index.php\/2022\/05\/09\/un-hombre-volco-en-la-ruta-35-y-lo-trasladaron-en-grave-estado\/#article","isPartOf":{"@id":"https:\/\/www.celttv.com.ar\/index.php\/2022\/05\/09\/un-hombre-volco-en-la-ruta-35-y-lo-trasladaron-en-grave-estado\/"},"author":{"name":"ulises","@id":"https:\/\/www.celttv.com.ar\/#\/schema\/person\/6d99c072dba59953809c81446e9d0ace"},"headline":"Un hombre volc\u00f3 en la Ruta 35 y lo trasladaron en grave estado","datePublished":"2022-05-09T01:34:26+00:00","dateModified":"2022-05-09T01:34:26+00:00","mainEntityOfPage":{"@id":"https:\/\/www.celttv.com.ar\/index.php\/2022\/05\/09\/un-hombre-volco-en-la-ruta-35-y-lo-trasladaron-en-grave-estado\/"},"wordCount":155,"publisher":{"@id":"https:\/\/www.celttv.com.ar\/#organization"},"articleSection":["Comunidad","Destacadas","Policiales"],"inLanguage":"es"},{"@type":"WebPage","@id":"https:\/\/www.celttv.com.ar\/index.php\/2022\/05\/09\/un-hombre-volco-en-la-ruta-35-y-lo-trasladaron-en-grave-estado\/","url":"https:\/\/www.celttv.com.ar\/index.php\/2022\/05\/09\/un-hombre-volco-en-la-ruta-35-y-lo-trasladaron-en-grave-estado\/","name":"Un hombre volc\u00f3 en la Ruta 35 y lo trasladaron en grave estado - CELTTV","isPartOf":{"@id":"https:\/\/www.celttv.com.ar\/#website"},"datePublished":"2022-05-09T01:34:26+00:00","dateModified":"2022-05-09T01:34:26+00:00","description":"Sitio web de noticias de la localidad de Tornquist, provincia de Buenos Aires, Rep\u00fablica Argentina. Contenido propio originado por periodistas de CELTTV, el canal de TV local de la Cooperativa El\u00e9ctrica de Tornquist. Turismo, Pol\u00edtica, Sociedad, Deporte, Cultura y todo el contenido de inter\u00e9s general que la gente del pueblo y la regi\u00f3n debe conocer.","breadcrumb":{"@id":"https:\/\/www.celttv.com.ar\/index.php\/2022\/05\/09\/un-hombre-volco-en-la-ruta-35-y-lo-trasladaron-en-grave-estado\/#breadcrumb"},"inLanguage":"es","potentialAction":[{"@type":"ReadAction","target":["https:\/\/www.celttv.com.ar\/index.php\/2022\/05\/09\/un-hombre-volco-en-la-ruta-35-y-lo-trasladaron-en-grave-estado\/"]}]},{"@type":"BreadcrumbList","@id":"https:\/\/www.celttv.com.ar\/index.php\/2022\/05\/09\/un-hombre-volco-en-la-ruta-35-y-lo-trasladaron-en-grave-estado\/#breadcrumb","itemListElement":[{"@type":"ListItem","position":1,"name":"Inicio","item":"https:\/\/www.celttv.com.ar\/"},{"@type":"ListItem","position":2,"name":"Un hombre volc\u00f3 en la Ruta 35 y lo trasladaron en grave estado"}]},{"@type":"WebSite","@id":"https:\/\/www.celttv.com.ar\/#website","url":"https:\/\/www.celttv.com.ar\/","name":"CELTTV","description":"Cooperativa El\u00e9ctrica de Tornquist","publisher":{"@id":"https:\/\/www.celttv.com.ar\/#organization"},"potentialAction":[{"@type":"SearchAction","target":{"@type":"EntryPoint","urlTemplate":"https:\/\/www.celttv.com.ar\/?s={search_term_string}"},"query-input":"required name=search_term_string"}],"inLanguage":"es"},{"@type":"Organization","@id":"https:\/\/www.celttv.com.ar\/#organization","name":"CELTTV","url":"https:\/\/www.celttv.com.ar\/","sameAs":["https:\/\/www.youtube.com\/channel\/UCz_oIt8Hig64Ub-EmcNPIhg","https:\/\/www.facebook.com\/celtTV\/"],"logo":{"@type":"ImageObject","inLanguage":"es","@id":"https:\/\/www.celttv.com.ar\/#\/schema\/logo\/image\/","url":"http:\/\/www.celttv.com.ar\/wp-content\/uploads\/2022\/08\/logo-1.png","contentUrl":"http:\/\/www.celttv.com.ar\/wp-content\/uploads\/2022\/08\/logo-1.png","width":461,"height":159,"caption":"CELTTV"},"image":{"@id":"https:\/\/www.celttv.com.ar\/#\/schema\/logo\/image\/"}},{"@type":"Person","@id":"https:\/\/www.celttv.com.ar\/#\/schema\/person\/6d99c072dba59953809c81446e9d0ace","name":"ulises","image":{"@type":"ImageObject","inLanguage":"es","@id":"https:\/\/www.celttv.com.ar\/#\/schema\/person\/image\/","url":"https:\/\/secure.gravatar.com\/avatar\/7f2c48bdc33b30088f941fb6082e555f2874c98e20cb159d7b92b50eadfce793?s=96&d=mm&r=g","contentUrl":"https:\/\/secure.gravatar.com\/avatar\/7f2c48bdc33b30088f941fb6082e555f2874c98e20cb159d7b92b50eadfce793?s=96&d=mm&r=g","caption":"ulises"},"sameAs":["http:\/\/www.celttv.com.ar"]}]}},"_links":{"self":[{"href":"https:\/\/www.celttv.com.ar\/index.php\/wp-json\/wp\/v2\/posts\/65852","targetHints":{"allow":["GET"]}}],"collection":[{"href":"https:\/\/www.celttv.com.ar\/index.php\/wp-json\/wp\/v2\/posts"}],"about":[{"href":"https:\/\/www.celttv.com.ar\/index.php\/wp-json\/wp\/v2\/types\/post"}],"author":[{"embeddable":true,"href":"https:\/\/www.celttv.com.ar\/index.php\/wp-json\/wp\/v2\/users\/1"}],"replies":[{"embeddable":true,"href":"https:\/\/www.celttv.com.ar\/index.php\/wp-json\/wp\/v2\/comments?post=65852"}],"version-history":[{"count":0,"href":"https:\/\/www.celttv.com.ar\/index.php\/wp-json\/wp\/v2\/posts\/65852\/revisions"}],"wp:featuredmedia":[{"embeddable":true,"href":"https:\/\/www.celttv.com.ar\/index.php\/wp-json\/wp\/v2\/media\/65854"}],"wp:attachment":[{"href":"https:\/\/www.celttv.com.ar\/index.php\/wp-json\/wp\/v2\/media?parent=65852"}],"wp:term":[{"taxonomy":"category","embeddable":true,"href":"https:\/\/www.celttv.com.ar\/index.php\/wp-json\/wp\/v2\/categories?post=65852"},{"taxonomy":"post_tag","embeddable":true,"href":"https:\/\/www.celttv.com.ar\/index.php\/wp-json\/wp\/v2\/tags?post=65852"}],"curies":[{"name":"wp","href":"https:\/\/api.w.org\/{rel}","templated":true}]}}