{"id":65928,"date":"2022-05-10T20:50:07","date_gmt":"2022-05-10T20:50:07","guid":{"rendered":"http:\/\/www.celttv.com.ar\/?p=65928"},"modified":"2022-05-10T20:50:07","modified_gmt":"2022-05-10T20:50:07","slug":"bordoni-recibio-al-ministro-de-obras-publicas-de-la-nacion-y-firmo-el-convenio-de-ampliacion-de-la-red-de-desagues-cloacales-de-tornquist","status":"publish","type":"post","link":"https:\/\/www.celttv.com.ar\/index.php\/2022\/05\/10\/bordoni-recibio-al-ministro-de-obras-publicas-de-la-nacion-y-firmo-el-convenio-de-ampliacion-de-la-red-de-desagues-cloacales-de-tornquist\/","title":{"rendered":"Bordoni recibi\u00f3 al Ministro de Obras P\u00fablicas de la Naci\u00f3n y firm\u00f3 el convenio de ampliaci\u00f3n de la red de desag\u00fces cloacales de Tornquist"},"content":{"rendered":"\n<p>El intendente Sergio Bordoni recibi\u00f3 este martes por la tarde al Ministro de Obras P\u00fablicas de la Naci\u00f3n, Gabriel Katopodis, con quien firm\u00f3 el convenio de la obra de ampliaci\u00f3n de la red de desag\u00fces cloacales de Tornquist.<\/p>\n\n\n<p>El acto de r\u00fabrica tuvo lugar en el despacho del jefe comunal en el Palacio Municipal y cont\u00f3 tambi\u00e9n con la presencia del Subadministrador del Ente Nacional de Obras H\u00eddricas de Saneamiento&nbsp;(ENOHSA), N\u00e9stor \u00c1lvarez; el Gerente de Vialidad Nacional, Jorge Ruesga, y el Director del Distrito 19 de esa cartera, Lic. Gustavo Trankels.<\/p>\n\n\n<p>Por el municipio lo hicieron el Secretario de Gobierno y Seguridad, Ezequiel Gabella; el Secretario de Obras y Servicios P\u00fablicos, Ing. Bruno Paez; el Secretario de Producci\u00f3n, Comercio e Industria, V\u00edctor Ant\u00f3n; la Secretaria de Hacienda, Estefan\u00eda Bordoni; dem\u00e1s miembros del Departamento Ejecutivo y concejales.<\/p>\n\n\n<p>El proyecto fue elaborado por la Secretar\u00eda de Obras y Servicios P\u00fablicos de Tornquist Municipio y, con una inversi\u00f3n de $59.904.014,63, prev\u00e9 la conexi\u00f3n del servicio en 43 cuadras, llegando a 179 nuevas familias y completando la prestaci\u00f3n de la recolecci\u00f3n de desag\u00fces cloacales en toda la ciudad.<\/p>\n\n\n<p>La obra ser\u00e1 financiada por el Ente Nacional de Obras H\u00eddricas de Saneamiento&nbsp;(ENOHSA) a trav\u00e9s del programa Argentina Hace.<\/p>\n\n\n<p>Bordoni agradeci\u00f3 al ministro su llegada hasta el distrito y le elev\u00f3 dos nuevos proyectos de infraestructura, uno vinculado a obras de desag\u00fces pluviales en Tornquist y, otro, sobre recambio de ca\u00f1er\u00eda del servicio de agua potable en la localidad cabecera y en Sierra de la Ventana.<\/p>\n\n\n<figure class=\"wp-block-gallery columns-3 is-cropped wp-block-gallery-1 is-layout-flex wp-block-gallery-is-layout-flex\"><ul class=\"blocks-gallery-grid\"><li class=\"blocks-gallery-item\"><figure><img loading=\"lazy\" decoding=\"async\" width=\"768\" height=\"768\" src=\"http:\/\/www.celttv.com.ar\/wp-content\/uploads\/2022\/05\/Obra-desagues-cloacales-Tornquist-Medium.jpeg\" alt=\"\" data-id=\"65929\" data-full-url=\"http:\/\/www.celttv.com.ar\/wp-content\/uploads\/2022\/05\/Obra-desagues-cloacales-Tornquist-Medium.jpeg\" data-link=\"http:\/\/www.celttv.com.ar\/?attachment_id=65929\" class=\"wp-image-65929\" srcset=\"https:\/\/www.celttv.com.ar\/wp-content\/uploads\/2022\/05\/Obra-desagues-cloacales-Tornquist-Medium.jpeg 768w, https:\/\/www.celttv.com.ar\/wp-content\/uploads\/2022\/05\/Obra-desagues-cloacales-Tornquist-Medium-300x300.jpeg 300w, https:\/\/www.celttv.com.ar\/wp-content\/uploads\/2022\/05\/Obra-desagues-cloacales-Tornquist-Medium-150x150.jpeg 150w, https:\/\/www.celttv.com.ar\/wp-content\/uploads\/2022\/05\/Obra-desagues-cloacales-Tornquist-Medium-75x75.jpeg 75w, https:\/\/www.celttv.com.ar\/wp-content\/uploads\/2022\/05\/Obra-desagues-cloacales-Tornquist-Medium-750x750.jpeg 750w\" sizes=\"auto, (max-width: 768px) 100vw, 768px\" \/><\/figure><\/li><li class=\"blocks-gallery-item\"><figure><img loading=\"lazy\" decoding=\"async\" width=\"1024\" height=\"768\" src=\"http:\/\/www.celttv.com.ar\/wp-content\/uploads\/2022\/05\/Visita-Gabriel-Katopodis-1-Medium.jpg\" alt=\"\" data-id=\"65930\" data-full-url=\"http:\/\/www.celttv.com.ar\/wp-content\/uploads\/2022\/05\/Visita-Gabriel-Katopodis-1-Medium.jpg\" data-link=\"http:\/\/www.celttv.com.ar\/?attachment_id=65930\" class=\"wp-image-65930\" srcset=\"https:\/\/www.celttv.com.ar\/wp-content\/uploads\/2022\/05\/Visita-Gabriel-Katopodis-1-Medium.jpg 1024w, https:\/\/www.celttv.com.ar\/wp-content\/uploads\/2022\/05\/Visita-Gabriel-Katopodis-1-Medium-300x225.jpg 300w, https:\/\/www.celttv.com.ar\/wp-content\/uploads\/2022\/05\/Visita-Gabriel-Katopodis-1-Medium-768x576.jpg 768w, https:\/\/www.celttv.com.ar\/wp-content\/uploads\/2022\/05\/Visita-Gabriel-Katopodis-1-Medium-750x563.jpg 750w\" sizes=\"auto, (max-width: 1024px) 100vw, 1024px\" \/><\/figure><\/li><li class=\"blocks-gallery-item\"><figure><img loading=\"lazy\" decoding=\"async\" width=\"1024\" height=\"747\" src=\"http:\/\/www.celttv.com.ar\/wp-content\/uploads\/2022\/05\/Visita-Gabriel-Katopodis-2-Medium-1024x747.jpg\" alt=\"\" data-id=\"65931\" data-full-url=\"http:\/\/www.celttv.com.ar\/wp-content\/uploads\/2022\/05\/Visita-Gabriel-Katopodis-2-Medium.jpg\" data-link=\"http:\/\/www.celttv.com.ar\/?attachment_id=65931\" class=\"wp-image-65931\" srcset=\"https:\/\/www.celttv.com.ar\/wp-content\/uploads\/2022\/05\/Visita-Gabriel-Katopodis-2-Medium-1024x747.jpg 1024w, https:\/\/www.celttv.com.ar\/wp-content\/uploads\/2022\/05\/Visita-Gabriel-Katopodis-2-Medium-300x219.jpg 300w, https:\/\/www.celttv.com.ar\/wp-content\/uploads\/2022\/05\/Visita-Gabriel-Katopodis-2-Medium-768x560.jpg 768w, https:\/\/www.celttv.com.ar\/wp-content\/uploads\/2022\/05\/Visita-Gabriel-Katopodis-2-Medium-750x547.jpg 750w, https:\/\/www.celttv.com.ar\/wp-content\/uploads\/2022\/05\/Visita-Gabriel-Katopodis-2-Medium.jpg 1053w\" sizes=\"auto, (max-width: 1024px) 100vw, 1024px\" \/><\/figure><\/li><li class=\"blocks-gallery-item\"><figure><img loading=\"lazy\" decoding=\"async\" width=\"1024\" height=\"709\" src=\"http:\/\/www.celttv.com.ar\/wp-content\/uploads\/2022\/05\/Visita-Gabriel-Katopodis-3-Medium-1024x709.jpg\" alt=\"\" data-id=\"65932\" data-full-url=\"http:\/\/www.celttv.com.ar\/wp-content\/uploads\/2022\/05\/Visita-Gabriel-Katopodis-3-Medium.jpg\" data-link=\"http:\/\/www.celttv.com.ar\/?attachment_id=65932\" class=\"wp-image-65932\" srcset=\"https:\/\/www.celttv.com.ar\/wp-content\/uploads\/2022\/05\/Visita-Gabriel-Katopodis-3-Medium-1024x709.jpg 1024w, https:\/\/www.celttv.com.ar\/wp-content\/uploads\/2022\/05\/Visita-Gabriel-Katopodis-3-Medium-300x208.jpg 300w, https:\/\/www.celttv.com.ar\/wp-content\/uploads\/2022\/05\/Visita-Gabriel-Katopodis-3-Medium-768x532.jpg 768w, https:\/\/www.celttv.com.ar\/wp-content\/uploads\/2022\/05\/Visita-Gabriel-Katopodis-3-Medium-750x519.jpg 750w, https:\/\/www.celttv.com.ar\/wp-content\/uploads\/2022\/05\/Visita-Gabriel-Katopodis-3-Medium.jpg 1109w\" sizes=\"auto, (max-width: 1024px) 100vw, 1024px\" \/><\/figure><\/li><li class=\"blocks-gallery-item\"><figure><img loading=\"lazy\" decoding=\"async\" width=\"1024\" height=\"767\" src=\"http:\/\/www.celttv.com.ar\/wp-content\/uploads\/2022\/05\/Visita-Gabriel-Katopodis-5-Medium-1024x767.jpg\" alt=\"\" data-id=\"65933\" data-full-url=\"http:\/\/www.celttv.com.ar\/wp-content\/uploads\/2022\/05\/Visita-Gabriel-Katopodis-5-Medium.jpg\" data-link=\"http:\/\/www.celttv.com.ar\/?attachment_id=65933\" class=\"wp-image-65933\" srcset=\"https:\/\/www.celttv.com.ar\/wp-content\/uploads\/2022\/05\/Visita-Gabriel-Katopodis-5-Medium-1024x767.jpg 1024w, https:\/\/www.celttv.com.ar\/wp-content\/uploads\/2022\/05\/Visita-Gabriel-Katopodis-5-Medium-300x225.jpg 300w, https:\/\/www.celttv.com.ar\/wp-content\/uploads\/2022\/05\/Visita-Gabriel-Katopodis-5-Medium-768x575.jpg 768w, https:\/\/www.celttv.com.ar\/wp-content\/uploads\/2022\/05\/Visita-Gabriel-Katopodis-5-Medium-750x561.jpg 750w, https:\/\/www.celttv.com.ar\/wp-content\/uploads\/2022\/05\/Visita-Gabriel-Katopodis-5-Medium.jpg 1026w\" sizes=\"auto, (max-width: 1024px) 100vw, 1024px\" \/><\/figure><\/li><li class=\"blocks-gallery-item\"><figure><img loading=\"lazy\" decoding=\"async\" width=\"1024\" height=\"689\" src=\"http:\/\/www.celttv.com.ar\/wp-content\/uploads\/2022\/05\/Visita-Gabriel-Katopodis-6-Medium-Medium-1024x689.jpg\" alt=\"\" data-id=\"65934\" data-full-url=\"http:\/\/www.celttv.com.ar\/wp-content\/uploads\/2022\/05\/Visita-Gabriel-Katopodis-6-Medium-Medium.jpg\" data-link=\"http:\/\/www.celttv.com.ar\/?attachment_id=65934\" class=\"wp-image-65934\" srcset=\"https:\/\/www.celttv.com.ar\/wp-content\/uploads\/2022\/05\/Visita-Gabriel-Katopodis-6-Medium-Medium-1024x689.jpg 1024w, https:\/\/www.celttv.com.ar\/wp-content\/uploads\/2022\/05\/Visita-Gabriel-Katopodis-6-Medium-Medium-300x202.jpg 300w, https:\/\/www.celttv.com.ar\/wp-content\/uploads\/2022\/05\/Visita-Gabriel-Katopodis-6-Medium-Medium-768x516.jpg 768w, https:\/\/www.celttv.com.ar\/wp-content\/uploads\/2022\/05\/Visita-Gabriel-Katopodis-6-Medium-Medium-1140x767.jpg 1140w, https:\/\/www.celttv.com.ar\/wp-content\/uploads\/2022\/05\/Visita-Gabriel-Katopodis-6-Medium-Medium-750x504.jpg 750w, https:\/\/www.celttv.com.ar\/wp-content\/uploads\/2022\/05\/Visita-Gabriel-Katopodis-6-Medium-Medium.jpg 1142w\" sizes=\"auto, (max-width: 1024px) 100vw, 1024px\" \/><\/figure><\/li><li class=\"blocks-gallery-item\"><figure><img loading=\"lazy\" decoding=\"async\" width=\"1024\" height=\"768\" src=\"http:\/\/www.celttv.com.ar\/wp-content\/uploads\/2022\/05\/Visita-Gabriel-Katopodis-7-Medium.jpg\" alt=\"\" data-id=\"65935\" data-full-url=\"http:\/\/www.celttv.com.ar\/wp-content\/uploads\/2022\/05\/Visita-Gabriel-Katopodis-7-Medium.jpg\" data-link=\"http:\/\/www.celttv.com.ar\/?attachment_id=65935\" class=\"wp-image-65935\" srcset=\"https:\/\/www.celttv.com.ar\/wp-content\/uploads\/2022\/05\/Visita-Gabriel-Katopodis-7-Medium.jpg 1024w, https:\/\/www.celttv.com.ar\/wp-content\/uploads\/2022\/05\/Visita-Gabriel-Katopodis-7-Medium-300x225.jpg 300w, https:\/\/www.celttv.com.ar\/wp-content\/uploads\/2022\/05\/Visita-Gabriel-Katopodis-7-Medium-768x576.jpg 768w, https:\/\/www.celttv.com.ar\/wp-content\/uploads\/2022\/05\/Visita-Gabriel-Katopodis-7-Medium-750x563.jpg 750w\" sizes=\"auto, (max-width: 1024px) 100vw, 1024px\" \/><\/figure><\/li><\/ul><\/figure>\n","protected":false},"excerpt":{"rendered":"<p>El intendente Sergio Bordoni recibi\u00f3 este martes por la tarde al Ministro de Obras P\u00fablicas de la Naci\u00f3n, Gabriel Katopodis, con quien firm\u00f3 el convenio de la obra de ampliaci\u00f3n de la red de desag\u00fces cloacales de Tornquist. El acto de r\u00fabrica tuvo lugar en el despacho del jefe comunal en el Palacio Municipal y [&hellip;]<\/p>\n","protected":false},"author":1,"featured_media":65934,"comment_status":"closed","ping_status":"open","sticky":false,"template":"","format":"standard","meta":{"footnotes":""},"categories":[51,52,59,65],"tags":[],"class_list":["post-65928","post","type-post","status-publish","format-standard","has-post-thumbnail","hentry","category-comunidad","category-destacadas","category-municipales","category-produccion"],"yoast_head":"<!-- This site is optimized with the Yoast SEO plugin v19.7.1 - https:\/\/yoast.com\/wordpress\/plugins\/seo\/ -->\n<title>Bordoni recibi\u00f3 al Ministro de Obras P\u00fablicas de la Naci\u00f3n y firm\u00f3 el convenio de ampliaci\u00f3n de la red de desag\u00fces cloacales de Tornquist - CELTTV<\/title>\n<meta name=\"description\" content=\"Sitio web de noticias de la localidad de Tornquist, provincia de Buenos Aires, Rep\u00fablica Argentina. Contenido propio originado por periodistas de CELTTV, el canal de TV local de la Cooperativa El\u00e9ctrica de Tornquist. Turismo, Pol\u00edtica, Sociedad, Deporte, Cultura y todo el contenido de inter\u00e9s general que la gente del pueblo y la regi\u00f3n debe conocer.\" \/>\n<meta name=\"robots\" content=\"index, follow, max-snippet:-1, max-image-preview:large, max-video-preview:-1\" \/>\n<link rel=\"canonical\" href=\"https:\/\/www.celttv.com.ar\/index.php\/2022\/05\/10\/bordoni-recibio-al-ministro-de-obras-publicas-de-la-nacion-y-firmo-el-convenio-de-ampliacion-de-la-red-de-desagues-cloacales-de-tornquist\/\" \/>\n<meta property=\"og:locale\" content=\"es_ES\" \/>\n<meta property=\"og:type\" content=\"article\" \/>\n<meta property=\"og:title\" content=\"Bordoni recibi\u00f3 al Ministro de Obras P\u00fablicas de la Naci\u00f3n y firm\u00f3 el convenio de ampliaci\u00f3n de la red de desag\u00fces cloacales de Tornquist - CELTTV\" \/>\n<meta property=\"og:description\" content=\"Sitio web de noticias de la localidad de Tornquist, provincia de Buenos Aires, Rep\u00fablica Argentina. Contenido propio originado por periodistas de CELTTV, el canal de TV local de la Cooperativa El\u00e9ctrica de Tornquist. Turismo, Pol\u00edtica, Sociedad, Deporte, Cultura y todo el contenido de inter\u00e9s general que la gente del pueblo y la regi\u00f3n debe conocer.\" \/>\n<meta property=\"og:url\" content=\"https:\/\/www.celttv.com.ar\/index.php\/2022\/05\/10\/bordoni-recibio-al-ministro-de-obras-publicas-de-la-nacion-y-firmo-el-convenio-de-ampliacion-de-la-red-de-desagues-cloacales-de-tornquist\/\" \/>\n<meta property=\"og:site_name\" content=\"CELTTV\" \/>\n<meta property=\"article:publisher\" content=\"https:\/\/www.facebook.com\/celtTV\/\" \/>\n<meta property=\"article:published_time\" content=\"2022-05-10T20:50:07+00:00\" \/>\n<meta property=\"og:image\" content=\"https:\/\/www.celttv.com.ar\/wp-content\/uploads\/2022\/05\/Visita-Gabriel-Katopodis-6-Medium-Medium.jpg\" \/>\n\t<meta property=\"og:image:width\" content=\"1142\" \/>\n\t<meta property=\"og:image:height\" content=\"768\" \/>\n\t<meta property=\"og:image:type\" content=\"image\/jpeg\" \/>\n<meta name=\"author\" content=\"ulises\" \/>\n<meta name=\"twitter:card\" content=\"summary_large_image\" \/>\n<meta name=\"twitter:label1\" content=\"Escrito por\" \/>\n\t<meta name=\"twitter:data1\" content=\"ulises\" \/>\n\t<meta name=\"twitter:label2\" content=\"Tiempo de lectura\" \/>\n\t<meta name=\"twitter:data2\" content=\"1 minuto\" \/>\n<script type=\"application\/ld+json\" class=\"yoast-schema-graph\">{\"@context\":\"https:\/\/schema.org\",\"@graph\":[{\"@type\":\"NewsArticle\",\"@id\":\"https:\/\/www.celttv.com.ar\/index.php\/2022\/05\/10\/bordoni-recibio-al-ministro-de-obras-publicas-de-la-nacion-y-firmo-el-convenio-de-ampliacion-de-la-red-de-desagues-cloacales-de-tornquist\/#article\",\"isPartOf\":{\"@id\":\"https:\/\/www.celttv.com.ar\/index.php\/2022\/05\/10\/bordoni-recibio-al-ministro-de-obras-publicas-de-la-nacion-y-firmo-el-convenio-de-ampliacion-de-la-red-de-desagues-cloacales-de-tornquist\/\"},\"author\":{\"name\":\"ulises\",\"@id\":\"https:\/\/www.celttv.com.ar\/#\/schema\/person\/6d99c072dba59953809c81446e9d0ace\"},\"headline\":\"Bordoni recibi\u00f3 al Ministro de Obras P\u00fablicas de la Naci\u00f3n y firm\u00f3 el convenio de ampliaci\u00f3n de la red de desag\u00fces cloacales de Tornquist\",\"datePublished\":\"2022-05-10T20:50:07+00:00\",\"dateModified\":\"2022-05-10T20:50:07+00:00\",\"mainEntityOfPage\":{\"@id\":\"https:\/\/www.celttv.com.ar\/index.php\/2022\/05\/10\/bordoni-recibio-al-ministro-de-obras-publicas-de-la-nacion-y-firmo-el-convenio-de-ampliacion-de-la-red-de-desagues-cloacales-de-tornquist\/\"},\"wordCount\":304,\"publisher\":{\"@id\":\"https:\/\/www.celttv.com.ar\/#organization\"},\"articleSection\":[\"Comunidad\",\"Destacadas\",\"Municipales\",\"Producci\u00f3n y Medio Ambiente\"],\"inLanguage\":\"es\"},{\"@type\":\"WebPage\",\"@id\":\"https:\/\/www.celttv.com.ar\/index.php\/2022\/05\/10\/bordoni-recibio-al-ministro-de-obras-publicas-de-la-nacion-y-firmo-el-convenio-de-ampliacion-de-la-red-de-desagues-cloacales-de-tornquist\/\",\"url\":\"https:\/\/www.celttv.com.ar\/index.php\/2022\/05\/10\/bordoni-recibio-al-ministro-de-obras-publicas-de-la-nacion-y-firmo-el-convenio-de-ampliacion-de-la-red-de-desagues-cloacales-de-tornquist\/\",\"name\":\"Bordoni recibi\u00f3 al Ministro de Obras P\u00fablicas de la Naci\u00f3n y firm\u00f3 el convenio de ampliaci\u00f3n de la red de desag\u00fces cloacales de Tornquist - CELTTV\",\"isPartOf\":{\"@id\":\"https:\/\/www.celttv.com.ar\/#website\"},\"datePublished\":\"2022-05-10T20:50:07+00:00\",\"dateModified\":\"2022-05-10T20:50:07+00:00\",\"description\":\"Sitio web de noticias de la localidad de Tornquist, provincia de Buenos Aires, Rep\u00fablica Argentina. Contenido propio originado por periodistas de CELTTV, el canal de TV local de la Cooperativa El\u00e9ctrica de Tornquist. Turismo, Pol\u00edtica, Sociedad, Deporte, Cultura y todo el contenido de inter\u00e9s general que la gente del pueblo y la regi\u00f3n debe conocer.\",\"breadcrumb\":{\"@id\":\"https:\/\/www.celttv.com.ar\/index.php\/2022\/05\/10\/bordoni-recibio-al-ministro-de-obras-publicas-de-la-nacion-y-firmo-el-convenio-de-ampliacion-de-la-red-de-desagues-cloacales-de-tornquist\/#breadcrumb\"},\"inLanguage\":\"es\",\"potentialAction\":[{\"@type\":\"ReadAction\",\"target\":[\"https:\/\/www.celttv.com.ar\/index.php\/2022\/05\/10\/bordoni-recibio-al-ministro-de-obras-publicas-de-la-nacion-y-firmo-el-convenio-de-ampliacion-de-la-red-de-desagues-cloacales-de-tornquist\/\"]}]},{\"@type\":\"BreadcrumbList\",\"@id\":\"https:\/\/www.celttv.com.ar\/index.php\/2022\/05\/10\/bordoni-recibio-al-ministro-de-obras-publicas-de-la-nacion-y-firmo-el-convenio-de-ampliacion-de-la-red-de-desagues-cloacales-de-tornquist\/#breadcrumb\",\"itemListElement\":[{\"@type\":\"ListItem\",\"position\":1,\"name\":\"Inicio\",\"item\":\"https:\/\/www.celttv.com.ar\/\"},{\"@type\":\"ListItem\",\"position\":2,\"name\":\"Bordoni recibi\u00f3 al Ministro de Obras P\u00fablicas de la Naci\u00f3n y firm\u00f3 el convenio de ampliaci\u00f3n de la red de desag\u00fces cloacales de Tornquist\"}]},{\"@type\":\"WebSite\",\"@id\":\"https:\/\/www.celttv.com.ar\/#website\",\"url\":\"https:\/\/www.celttv.com.ar\/\",\"name\":\"CELTTV\",\"description\":\"Cooperativa El\u00e9ctrica de Tornquist\",\"publisher\":{\"@id\":\"https:\/\/www.celttv.com.ar\/#organization\"},\"potentialAction\":[{\"@type\":\"SearchAction\",\"target\":{\"@type\":\"EntryPoint\",\"urlTemplate\":\"https:\/\/www.celttv.com.ar\/?s={search_term_string}\"},\"query-input\":\"required name=search_term_string\"}],\"inLanguage\":\"es\"},{\"@type\":\"Organization\",\"@id\":\"https:\/\/www.celttv.com.ar\/#organization\",\"name\":\"CELTTV\",\"url\":\"https:\/\/www.celttv.com.ar\/\",\"sameAs\":[\"https:\/\/www.youtube.com\/channel\/UCz_oIt8Hig64Ub-EmcNPIhg\",\"https:\/\/www.facebook.com\/celtTV\/\"],\"logo\":{\"@type\":\"ImageObject\",\"inLanguage\":\"es\",\"@id\":\"https:\/\/www.celttv.com.ar\/#\/schema\/logo\/image\/\",\"url\":\"http:\/\/www.celttv.com.ar\/wp-content\/uploads\/2022\/08\/logo-1.png\",\"contentUrl\":\"http:\/\/www.celttv.com.ar\/wp-content\/uploads\/2022\/08\/logo-1.png\",\"width\":461,\"height\":159,\"caption\":\"CELTTV\"},\"image\":{\"@id\":\"https:\/\/www.celttv.com.ar\/#\/schema\/logo\/image\/\"}},{\"@type\":\"Person\",\"@id\":\"https:\/\/www.celttv.com.ar\/#\/schema\/person\/6d99c072dba59953809c81446e9d0ace\",\"name\":\"ulises\",\"image\":{\"@type\":\"ImageObject\",\"inLanguage\":\"es\",\"@id\":\"https:\/\/www.celttv.com.ar\/#\/schema\/person\/image\/\",\"url\":\"https:\/\/secure.gravatar.com\/avatar\/7f2c48bdc33b30088f941fb6082e555f2874c98e20cb159d7b92b50eadfce793?s=96&d=mm&r=g\",\"contentUrl\":\"https:\/\/secure.gravatar.com\/avatar\/7f2c48bdc33b30088f941fb6082e555f2874c98e20cb159d7b92b50eadfce793?s=96&d=mm&r=g\",\"caption\":\"ulises\"},\"sameAs\":[\"http:\/\/www.celttv.com.ar\"]}]}<\/script>\n<!-- \/ Yoast SEO plugin. -->","yoast_head_json":{"title":"Bordoni recibi\u00f3 al Ministro de Obras P\u00fablicas de la Naci\u00f3n y firm\u00f3 el convenio de ampliaci\u00f3n de la red de desag\u00fces cloacales de Tornquist - CELTTV","description":"Sitio web de noticias de la localidad de Tornquist, provincia de Buenos Aires, Rep\u00fablica Argentina. Contenido propio originado por periodistas de CELTTV, el canal de TV local de la Cooperativa El\u00e9ctrica de Tornquist. Turismo, Pol\u00edtica, Sociedad, Deporte, Cultura y todo el contenido de inter\u00e9s general que la gente del pueblo y la regi\u00f3n debe conocer.","robots":{"index":"index","follow":"follow","max-snippet":"max-snippet:-1","max-image-preview":"max-image-preview:large","max-video-preview":"max-video-preview:-1"},"canonical":"https:\/\/www.celttv.com.ar\/index.php\/2022\/05\/10\/bordoni-recibio-al-ministro-de-obras-publicas-de-la-nacion-y-firmo-el-convenio-de-ampliacion-de-la-red-de-desagues-cloacales-de-tornquist\/","og_locale":"es_ES","og_type":"article","og_title":"Bordoni recibi\u00f3 al Ministro de Obras P\u00fablicas de la Naci\u00f3n y firm\u00f3 el convenio de ampliaci\u00f3n de la red de desag\u00fces cloacales de Tornquist - CELTTV","og_description":"Sitio web de noticias de la localidad de Tornquist, provincia de Buenos Aires, Rep\u00fablica Argentina. Contenido propio originado por periodistas de CELTTV, el canal de TV local de la Cooperativa El\u00e9ctrica de Tornquist. Turismo, Pol\u00edtica, Sociedad, Deporte, Cultura y todo el contenido de inter\u00e9s general que la gente del pueblo y la regi\u00f3n debe conocer.","og_url":"https:\/\/www.celttv.com.ar\/index.php\/2022\/05\/10\/bordoni-recibio-al-ministro-de-obras-publicas-de-la-nacion-y-firmo-el-convenio-de-ampliacion-de-la-red-de-desagues-cloacales-de-tornquist\/","og_site_name":"CELTTV","article_publisher":"https:\/\/www.facebook.com\/celtTV\/","article_published_time":"2022-05-10T20:50:07+00:00","og_image":[{"width":1142,"height":768,"url":"https:\/\/www.celttv.com.ar\/wp-content\/uploads\/2022\/05\/Visita-Gabriel-Katopodis-6-Medium-Medium.jpg","type":"image\/jpeg"}],"author":"ulises","twitter_card":"summary_large_image","twitter_misc":{"Escrito por":"ulises","Tiempo de lectura":"1 minuto"},"schema":{"@context":"https:\/\/schema.org","@graph":[{"@type":"NewsArticle","@id":"https:\/\/www.celttv.com.ar\/index.php\/2022\/05\/10\/bordoni-recibio-al-ministro-de-obras-publicas-de-la-nacion-y-firmo-el-convenio-de-ampliacion-de-la-red-de-desagues-cloacales-de-tornquist\/#article","isPartOf":{"@id":"https:\/\/www.celttv.com.ar\/index.php\/2022\/05\/10\/bordoni-recibio-al-ministro-de-obras-publicas-de-la-nacion-y-firmo-el-convenio-de-ampliacion-de-la-red-de-desagues-cloacales-de-tornquist\/"},"author":{"name":"ulises","@id":"https:\/\/www.celttv.com.ar\/#\/schema\/person\/6d99c072dba59953809c81446e9d0ace"},"headline":"Bordoni recibi\u00f3 al Ministro de Obras P\u00fablicas de la Naci\u00f3n y firm\u00f3 el convenio de ampliaci\u00f3n de la red de desag\u00fces cloacales de Tornquist","datePublished":"2022-05-10T20:50:07+00:00","dateModified":"2022-05-10T20:50:07+00:00","mainEntityOfPage":{"@id":"https:\/\/www.celttv.com.ar\/index.php\/2022\/05\/10\/bordoni-recibio-al-ministro-de-obras-publicas-de-la-nacion-y-firmo-el-convenio-de-ampliacion-de-la-red-de-desagues-cloacales-de-tornquist\/"},"wordCount":304,"publisher":{"@id":"https:\/\/www.celttv.com.ar\/#organization"},"articleSection":["Comunidad","Destacadas","Municipales","Producci\u00f3n y Medio Ambiente"],"inLanguage":"es"},{"@type":"WebPage","@id":"https:\/\/www.celttv.com.ar\/index.php\/2022\/05\/10\/bordoni-recibio-al-ministro-de-obras-publicas-de-la-nacion-y-firmo-el-convenio-de-ampliacion-de-la-red-de-desagues-cloacales-de-tornquist\/","url":"https:\/\/www.celttv.com.ar\/index.php\/2022\/05\/10\/bordoni-recibio-al-ministro-de-obras-publicas-de-la-nacion-y-firmo-el-convenio-de-ampliacion-de-la-red-de-desagues-cloacales-de-tornquist\/","name":"Bordoni recibi\u00f3 al Ministro de Obras P\u00fablicas de la Naci\u00f3n y firm\u00f3 el convenio de ampliaci\u00f3n de la red de desag\u00fces cloacales de Tornquist - CELTTV","isPartOf":{"@id":"https:\/\/www.celttv.com.ar\/#website"},"datePublished":"2022-05-10T20:50:07+00:00","dateModified":"2022-05-10T20:50:07+00:00","description":"Sitio web de noticias de la localidad de Tornquist, provincia de Buenos Aires, Rep\u00fablica Argentina. Contenido propio originado por periodistas de CELTTV, el canal de TV local de la Cooperativa El\u00e9ctrica de Tornquist. Turismo, Pol\u00edtica, Sociedad, Deporte, Cultura y todo el contenido de inter\u00e9s general que la gente del pueblo y la regi\u00f3n debe conocer.","breadcrumb":{"@id":"https:\/\/www.celttv.com.ar\/index.php\/2022\/05\/10\/bordoni-recibio-al-ministro-de-obras-publicas-de-la-nacion-y-firmo-el-convenio-de-ampliacion-de-la-red-de-desagues-cloacales-de-tornquist\/#breadcrumb"},"inLanguage":"es","potentialAction":[{"@type":"ReadAction","target":["https:\/\/www.celttv.com.ar\/index.php\/2022\/05\/10\/bordoni-recibio-al-ministro-de-obras-publicas-de-la-nacion-y-firmo-el-convenio-de-ampliacion-de-la-red-de-desagues-cloacales-de-tornquist\/"]}]},{"@type":"BreadcrumbList","@id":"https:\/\/www.celttv.com.ar\/index.php\/2022\/05\/10\/bordoni-recibio-al-ministro-de-obras-publicas-de-la-nacion-y-firmo-el-convenio-de-ampliacion-de-la-red-de-desagues-cloacales-de-tornquist\/#breadcrumb","itemListElement":[{"@type":"ListItem","position":1,"name":"Inicio","item":"https:\/\/www.celttv.com.ar\/"},{"@type":"ListItem","position":2,"name":"Bordoni recibi\u00f3 al Ministro de Obras P\u00fablicas de la Naci\u00f3n y firm\u00f3 el convenio de ampliaci\u00f3n de la red de desag\u00fces cloacales de Tornquist"}]},{"@type":"WebSite","@id":"https:\/\/www.celttv.com.ar\/#website","url":"https:\/\/www.celttv.com.ar\/","name":"CELTTV","description":"Cooperativa El\u00e9ctrica de Tornquist","publisher":{"@id":"https:\/\/www.celttv.com.ar\/#organization"},"potentialAction":[{"@type":"SearchAction","target":{"@type":"EntryPoint","urlTemplate":"https:\/\/www.celttv.com.ar\/?s={search_term_string}"},"query-input":"required name=search_term_string"}],"inLanguage":"es"},{"@type":"Organization","@id":"https:\/\/www.celttv.com.ar\/#organization","name":"CELTTV","url":"https:\/\/www.celttv.com.ar\/","sameAs":["https:\/\/www.youtube.com\/channel\/UCz_oIt8Hig64Ub-EmcNPIhg","https:\/\/www.facebook.com\/celtTV\/"],"logo":{"@type":"ImageObject","inLanguage":"es","@id":"https:\/\/www.celttv.com.ar\/#\/schema\/logo\/image\/","url":"http:\/\/www.celttv.com.ar\/wp-content\/uploads\/2022\/08\/logo-1.png","contentUrl":"http:\/\/www.celttv.com.ar\/wp-content\/uploads\/2022\/08\/logo-1.png","width":461,"height":159,"caption":"CELTTV"},"image":{"@id":"https:\/\/www.celttv.com.ar\/#\/schema\/logo\/image\/"}},{"@type":"Person","@id":"https:\/\/www.celttv.com.ar\/#\/schema\/person\/6d99c072dba59953809c81446e9d0ace","name":"ulises","image":{"@type":"ImageObject","inLanguage":"es","@id":"https:\/\/www.celttv.com.ar\/#\/schema\/person\/image\/","url":"https:\/\/secure.gravatar.com\/avatar\/7f2c48bdc33b30088f941fb6082e555f2874c98e20cb159d7b92b50eadfce793?s=96&d=mm&r=g","contentUrl":"https:\/\/secure.gravatar.com\/avatar\/7f2c48bdc33b30088f941fb6082e555f2874c98e20cb159d7b92b50eadfce793?s=96&d=mm&r=g","caption":"ulises"},"sameAs":["http:\/\/www.celttv.com.ar"]}]}},"_links":{"self":[{"href":"https:\/\/www.celttv.com.ar\/index.php\/wp-json\/wp\/v2\/posts\/65928","targetHints":{"allow":["GET"]}}],"collection":[{"href":"https:\/\/www.celttv.com.ar\/index.php\/wp-json\/wp\/v2\/posts"}],"about":[{"href":"https:\/\/www.celttv.com.ar\/index.php\/wp-json\/wp\/v2\/types\/post"}],"author":[{"embeddable":true,"href":"https:\/\/www.celttv.com.ar\/index.php\/wp-json\/wp\/v2\/users\/1"}],"replies":[{"embeddable":true,"href":"https:\/\/www.celttv.com.ar\/index.php\/wp-json\/wp\/v2\/comments?post=65928"}],"version-history":[{"count":0,"href":"https:\/\/www.celttv.com.ar\/index.php\/wp-json\/wp\/v2\/posts\/65928\/revisions"}],"wp:featuredmedia":[{"embeddable":true,"href":"https:\/\/www.celttv.com.ar\/index.php\/wp-json\/wp\/v2\/media\/65934"}],"wp:attachment":[{"href":"https:\/\/www.celttv.com.ar\/index.php\/wp-json\/wp\/v2\/media?parent=65928"}],"wp:term":[{"taxonomy":"category","embeddable":true,"href":"https:\/\/www.celttv.com.ar\/index.php\/wp-json\/wp\/v2\/categories?post=65928"},{"taxonomy":"post_tag","embeddable":true,"href":"https:\/\/www.celttv.com.ar\/index.php\/wp-json\/wp\/v2\/tags?post=65928"}],"curies":[{"name":"wp","href":"https:\/\/api.w.org\/{rel}","templated":true}]}}