{"id":65939,"date":"2022-05-11T14:04:45","date_gmt":"2022-05-11T14:04:45","guid":{"rendered":"http:\/\/www.celttv.com.ar\/?p=65939"},"modified":"2022-05-11T14:04:45","modified_gmt":"2022-05-11T14:04:45","slug":"el-parque-provincial-ernesto-tornquist-cumplio-85-anos","status":"publish","type":"post","link":"https:\/\/www.celttv.com.ar\/index.php\/2022\/05\/11\/el-parque-provincial-ernesto-tornquist-cumplio-85-anos\/","title":{"rendered":"El Parque Provincial &#8220;Ernesto Tornquist&#8221; cumpli\u00f3 85 a\u00f1os"},"content":{"rendered":"\n<p>Una excelente propuesta de eco turismo en paisaje serrano de 6.700 hect\u00e1reas, con atractivos circuitos para conocer y disfrutar.<\/p>\n\n\n<p>Fue creado en 1937 y constituye uno de los pilares en los que se asienta el actual Sistema de \u00c1reas Naturales de la provincia. &nbsp;En su interior se encuentra el Monumento Natural Cerro de la Ventana.<\/p>\n\n\n<p>El Parque ofrece una alta diversidad y la mayor concentraci\u00f3n de endemismos de la provincia, siendo adem\u00e1s una zona de protecci\u00f3n de cuencas hidrogr\u00e1ficas.<\/p>\n\n\n<p>Se halla ubicado en el partido de Tornquist, al Sud Oeste de la Provincia de Buenos Aires, en la formaci\u00f3n de las Sierras Australes o Sistema de Ventania, que tienen unos 500 millones de a\u00f1os de antig\u00fcedad.&nbsp;<\/p>\n\n\n<p>Fue declarado por Ley n\u00ba 12818, &nbsp;ratificada por los Decretos 18.529 y 5.421.&nbsp; En su interior se emplaza el Monumento Natural Cerro de la Ventana, declarado por Ley N\u00ba 11.750<\/p>\n\n\n<p><strong>\u00bfPor qu\u00e9 conservar el patrimonio del Parque? Principales valores de conservaci\u00f3n<\/strong><\/p>\n\n\n<p>El Parque Provincial E. Tornquist re\u00fane importantes valores de conservaci\u00f3n. Por una parte, conserva el \u00faltimo reducto del pastizal pampeano serrano, as\u00ed como sus numerosas especies end\u00e9micas. Tambi\u00e9n preserva rasgos geol\u00f3gicos caracter\u00edsticos como sus plegamientos, cuencas hidrogr\u00e1ficas donde nacen arroyos y r\u00edos importantes. Y adem\u00e1s, &nbsp;resguarda pinturas rupestres, manifestaciones de pueblos cazadores recolectores que habitaron la regi\u00f3n.<\/p>\n\n\n<p>Su creaci\u00f3n se remonta a 1937 cuando Don Mart\u00edn Tornquist cede a la Provincia parte de sus tierras con el fin de preservar la belleza paisaj\u00edstica de la zona. As\u00ed surge el Parque Provincial Ernesto Tornquist (PPET) que, en sus inicios contaba con 32,3 km\u00b2 (3.228 ha). Con posterioridad, fueron anex\u00e1ndose &nbsp;otros predios llegando actualmente a sumar &nbsp;6700 ha &nbsp;que atesoran una parte importante de nuestra historia natural y cultural<\/p>\n\n\n<p><strong>Aspectos ecol\u00f3gicos-ambientales<\/strong><\/p>\n\n\n<p>El Parque Provincial est\u00e1 enclavado en la&nbsp;<strong>zona central del Sistema de Ventania<\/strong>&nbsp;o Sierras Australes de la Provincia de Buenos Aires. Este rinc\u00f3n serrano resguarda una muestra representativa de las serran\u00edas m\u00e1s australes y es el h\u00e1bitat de varias especies \u00fanicas (end\u00e9micas), como el llant\u00e9n (<em>Plantago bismarckii<\/em>) y la iguana de cobre (<em>Pristidactilus cashuatiensis<\/em>). &nbsp;Asimismo se realiza un permanente trabajo para preservar el ambiente del pastizal pampeano, uno de los ambientes menos conservados de la Argentina y que ha sufrido profundas transformaciones antr\u00f3picas.<\/p>\n\n\n<p><strong>Aspectos hist\u00f3ricos. Otros valores a conservar<\/strong><\/p>\n\n\n<p>En el parque se conservan pinturas rupestres de m\u00e1s de 1.500 a\u00f1os de antig\u00fcedad hechas por las poblaciones de cazadores recolectores que habitaban la regi\u00f3n.<\/p>\n\n\n<p><strong>Recomendaciones<\/strong><\/p>\n\n\n<ul class=\"wp-block-list\"><li>Registrarse al ingreso&nbsp; y transitar y permanecer en los senderos autorizados, evitando as\u00ed accidentes&nbsp;y multas<\/li><\/ul>\n\n\n<ul class=\"wp-block-list\"><li>Respetar las indicaciones de guardaparques, gu\u00edas y carteler\u00eda.<\/li><li>&nbsp;No recorrer los senderos con ni\u00f1os en brazos. Los senderos no son aptos para&nbsp;menores de 4 a\u00f1os.<\/li><li>Para los recorridos, usar calzado acordonado o con abrojo con&nbsp;suela adherente. Llevar mochila, gorro, abrigo (seg\u00fan la \u00e9poca del a\u00f1o), protector solar, agua (2 litros por persona en verano y 1 litro por persona en invierno) .<\/li><li>Descender en los horarios indicados, sin correr, bajando despacio y con firmeza<\/li><li>No encender fogatas ni cigarrillos dentro del Parque para evitar incendios,&nbsp;excepto en los&nbsp; lugares espec\u00edficos permitidos<\/li><li>No da\u00f1ar el paisaje ni la carteler\u00eda<\/li><li>No extraer ejemplares de ning\u00fan tipo (flora, fauna, rocas)<\/li><li>Respetar la fauna del lugar, no molestar ni perseguir a los animales<\/li><li>No ingresar con animales dom\u00e9sticos.<\/li><li>Evitar levantar rocas, que pueden ser refugio de animales venenosos<\/li><li>No dejar residuos<\/li><\/ul>\n\n\n<p><strong>Tener en cuenta<\/strong><\/p>\n\n\n<ul class=\"wp-block-list\"><li>El ingreso de grupos organizados a los senderos autoguiados ser\u00e1 una hora antes del horario de cierre de cada uno.&nbsp;<strong>Sin excepci\u00f3n.<\/strong><\/li><li>Las actividades pueden cancelarse en caso de presencia de nieve, lluvia, nubes bajas, agua en los senderos o por cuestiones operativas.<\/li><\/ul>\n\n\n<p><strong>\u00bfQu\u00e9 se puede hacer en el parque?&nbsp;<\/strong><\/p>\n\n\n<p>En el Parque se desarrollan diversas actividades.&nbsp;<\/p>\n\n\n<p><strong>Sector Base Cerro Bah\u00eda Blanca<\/strong><\/p>\n\n\n<p>Se ubica en el kil\u00f3metro 220 de la Ruta 76, a 22 km de la localidad de Sierra de la Ventana y a 5 km de Villa Ventana. Es un sector parquizado con fogones y ba\u00f1os y un Centro para Visitantes&nbsp; que cuenta con&nbsp; un peque\u00f1o auditorio para brindar&nbsp; charlas e informaci\u00f3n a visitantes y grupos escolares.<\/p>\n\n\n<p><strong>Senderos guiados<\/strong><\/p>\n\n\n<ul class=\"wp-block-list\"><li>Arte Rupestre: Recorrido de 4&nbsp; hs de duraci\u00f3n ida y vuelta. Caminata de moderado esfuerzo f\u00edsico. Tras recorrer 8 km en veh\u00edculo por un camino interno, se llega a pie hasta la Cueva del Toro y a un alero que alberga pinturas rupestres.<\/li><li>Huella Ancha: 3 hs ida y vuelta. Caminata de bajo esfuerzo f\u00edsico por el coraz\u00f3n de la reserva. Visita un sitio arqueol\u00f3gico con buenas panor\u00e1micas.&nbsp;<\/li><li>Cinco Desaf\u00edos: 1:30 hora en total. De m\u00ednimo esfuerzo f\u00edsico. Paseo por un bosque para descubrir, a trav\u00e9s de desaf\u00edos no convencionales c\u00f3mo relacionarnos con el ambiente natural.<\/li><li>Jard\u00edn Bot\u00e1nico Pillahuinc\u00f3: 1 hora de duraci\u00f3n. Caminata sin esfuerzo f\u00edsico para conocer nuestras plantas nativas.<\/li><\/ul>\n\n\n<p><strong>Senderos autoguiados<\/strong><\/p>\n\n\n<ul class=\"wp-block-list\"><li>Cerro Bah\u00eda Blanca: 2 hs ida y vuelta. Ascenso de moderado esfuerzo f\u00edsico. Al llegar a su cima (739 msnm) se obtiene la mejor vista panor\u00e1mica del sector.<\/li><li>Claro Oscuro: paseo de 30 minutos en total. Sendero de m\u00ednimo esfuerzo f\u00edsico que atraviesa dos ambientes bien diferenciados: el pastizal y el bosque.<\/li><\/ul>\n\n\n<p><strong>Sector Mirador del Cerro de la&nbsp; Ventana<\/strong><\/p>\n\n\n<ul class=\"wp-block-list\"><li>Mirador del Casuhati (<em>roca grande o lugar alto de avistaje<\/em>): recorrido de 40 minutos de duraci\u00f3n. Sendero de esfuerzo&nbsp; f\u00edsico moderado. Desde su cumbre se obtiene la mejor vista panor\u00e1mica del Cerro de la Ventana. Acceso libre de 9 a 17 hs. Ruta 76 Km 224.<\/li><\/ul>\n\n\n<p><strong>Los senderos requieren de buen estado f\u00edsico y de salud<\/strong><\/p>\n\n\n<p><strong>CONSULTE A GUARDAPARQUES Y GUIAS<\/strong><\/p>\n\n\n<p><strong>Servicios al visitante<\/strong>&nbsp;&nbsp;<\/p>\n\n\n<p>El Parque se encuentra sobre la Ruta 76 y tiene dos sectores principales, distantes 5 km uno de otro, con entradas y actividades diferentes.<\/p>\n\n\n<p>Est\u00e1 abierto de 8 a 17 h (Verano \/ Semana Santa) o de 9 a 17 (Resto del a\u00f1o).<br \/>&nbsp;<\/p>\n\n\n<p>Contacto<\/p>\n\n\n<p>Tel\u00e9fono: 0291 491-0039<\/p>\n\n\n<p><strong>FUENTE: www.ambiente.gba.gob.ar<\/strong><\/p>\n\n\n<figure class=\"wp-block-image size-large\"><img loading=\"lazy\" decoding=\"async\" width=\"1024\" height=\"683\" src=\"http:\/\/www.celttv.com.ar\/wp-content\/uploads\/2022\/05\/Parque-Provincial-Ernesto-Tornquist-1536x1024-1-1024x683.jpg\" alt=\"\" class=\"wp-image-65940\" srcset=\"https:\/\/www.celttv.com.ar\/wp-content\/uploads\/2022\/05\/Parque-Provincial-Ernesto-Tornquist-1536x1024-1-1024x683.jpg 1024w, https:\/\/www.celttv.com.ar\/wp-content\/uploads\/2022\/05\/Parque-Provincial-Ernesto-Tornquist-1536x1024-1-300x200.jpg 300w, https:\/\/www.celttv.com.ar\/wp-content\/uploads\/2022\/05\/Parque-Provincial-Ernesto-Tornquist-1536x1024-1-768x512.jpg 768w, https:\/\/www.celttv.com.ar\/wp-content\/uploads\/2022\/05\/Parque-Provincial-Ernesto-Tornquist-1536x1024-1-750x500.jpg 750w, https:\/\/www.celttv.com.ar\/wp-content\/uploads\/2022\/05\/Parque-Provincial-Ernesto-Tornquist-1536x1024-1-1140x760.jpg 1140w, https:\/\/www.celttv.com.ar\/wp-content\/uploads\/2022\/05\/Parque-Provincial-Ernesto-Tornquist-1536x1024-1.jpg 1536w\" sizes=\"auto, (max-width: 1024px) 100vw, 1024px\" \/><\/figure>\n","protected":false},"excerpt":{"rendered":"<p>Una excelente propuesta de eco turismo en paisaje serrano de 6.700 hect\u00e1reas, con atractivos circuitos para conocer y disfrutar. Fue creado en 1937 y constituye uno de los pilares en los que se asienta el actual Sistema de \u00c1reas Naturales de la provincia. &nbsp;En su interior se encuentra el Monumento Natural Cerro de la Ventana. [&hellip;]<\/p>\n","protected":false},"author":1,"featured_media":65940,"comment_status":"closed","ping_status":"open","sticky":false,"template":"","format":"standard","meta":{"footnotes":""},"categories":[55,51,52,58],"tags":[],"class_list":["post-65939","post","type-post","status-publish","format-standard","has-post-thumbnail","hentry","category-celt-tv-noticias","category-comunidad","category-destacadas","category-turismo"],"yoast_head":"<!-- This site is optimized with the Yoast SEO plugin v19.7.1 - https:\/\/yoast.com\/wordpress\/plugins\/seo\/ -->\n<title>El Parque Provincial &quot;Ernesto Tornquist&quot; cumpli\u00f3 85 a\u00f1os - CELTTV<\/title>\n<meta name=\"description\" content=\"Sitio web de noticias de la localidad de Tornquist, provincia de Buenos Aires, Rep\u00fablica Argentina. Contenido propio originado por periodistas de CELTTV, el canal de TV local de la Cooperativa El\u00e9ctrica de Tornquist. Turismo, Pol\u00edtica, Sociedad, Deporte, Cultura y todo el contenido de inter\u00e9s general que la gente del pueblo y la regi\u00f3n debe conocer.\" \/>\n<meta name=\"robots\" content=\"index, follow, max-snippet:-1, max-image-preview:large, max-video-preview:-1\" \/>\n<link rel=\"canonical\" href=\"https:\/\/www.celttv.com.ar\/index.php\/2022\/05\/11\/el-parque-provincial-ernesto-tornquist-cumplio-85-anos\/\" \/>\n<meta property=\"og:locale\" content=\"es_ES\" \/>\n<meta property=\"og:type\" content=\"article\" \/>\n<meta property=\"og:title\" content=\"El Parque Provincial &quot;Ernesto Tornquist&quot; cumpli\u00f3 85 a\u00f1os - CELTTV\" \/>\n<meta property=\"og:description\" content=\"Sitio web de noticias de la localidad de Tornquist, provincia de Buenos Aires, Rep\u00fablica Argentina. Contenido propio originado por periodistas de CELTTV, el canal de TV local de la Cooperativa El\u00e9ctrica de Tornquist. Turismo, Pol\u00edtica, Sociedad, Deporte, Cultura y todo el contenido de inter\u00e9s general que la gente del pueblo y la regi\u00f3n debe conocer.\" \/>\n<meta property=\"og:url\" content=\"https:\/\/www.celttv.com.ar\/index.php\/2022\/05\/11\/el-parque-provincial-ernesto-tornquist-cumplio-85-anos\/\" \/>\n<meta property=\"og:site_name\" content=\"CELTTV\" \/>\n<meta property=\"article:publisher\" content=\"https:\/\/www.facebook.com\/celtTV\/\" \/>\n<meta property=\"article:published_time\" content=\"2022-05-11T14:04:45+00:00\" \/>\n<meta property=\"og:image\" content=\"https:\/\/www.celttv.com.ar\/wp-content\/uploads\/2022\/05\/Parque-Provincial-Ernesto-Tornquist-1536x1024-1.jpg\" \/>\n\t<meta property=\"og:image:width\" content=\"1536\" \/>\n\t<meta property=\"og:image:height\" content=\"1024\" \/>\n\t<meta property=\"og:image:type\" content=\"image\/jpeg\" \/>\n<meta name=\"author\" content=\"ulises\" \/>\n<meta name=\"twitter:card\" content=\"summary_large_image\" \/>\n<meta name=\"twitter:label1\" content=\"Escrito por\" \/>\n\t<meta name=\"twitter:data1\" content=\"ulises\" \/>\n\t<meta name=\"twitter:label2\" content=\"Tiempo de lectura\" \/>\n\t<meta name=\"twitter:data2\" content=\"5 minutos\" \/>\n<script type=\"application\/ld+json\" class=\"yoast-schema-graph\">{\"@context\":\"https:\/\/schema.org\",\"@graph\":[{\"@type\":\"NewsArticle\",\"@id\":\"https:\/\/www.celttv.com.ar\/index.php\/2022\/05\/11\/el-parque-provincial-ernesto-tornquist-cumplio-85-anos\/#article\",\"isPartOf\":{\"@id\":\"https:\/\/www.celttv.com.ar\/index.php\/2022\/05\/11\/el-parque-provincial-ernesto-tornquist-cumplio-85-anos\/\"},\"author\":{\"name\":\"ulises\",\"@id\":\"https:\/\/www.celttv.com.ar\/#\/schema\/person\/6d99c072dba59953809c81446e9d0ace\"},\"headline\":\"El Parque Provincial &#8220;Ernesto Tornquist&#8221; cumpli\u00f3 85 a\u00f1os\",\"datePublished\":\"2022-05-11T14:04:45+00:00\",\"dateModified\":\"2022-05-11T14:04:45+00:00\",\"mainEntityOfPage\":{\"@id\":\"https:\/\/www.celttv.com.ar\/index.php\/2022\/05\/11\/el-parque-provincial-ernesto-tornquist-cumplio-85-anos\/\"},\"wordCount\":1045,\"publisher\":{\"@id\":\"https:\/\/www.celttv.com.ar\/#organization\"},\"articleSection\":[\"Celt TV Noticias\",\"Comunidad\",\"Destacadas\",\"Turismo\"],\"inLanguage\":\"es\"},{\"@type\":\"WebPage\",\"@id\":\"https:\/\/www.celttv.com.ar\/index.php\/2022\/05\/11\/el-parque-provincial-ernesto-tornquist-cumplio-85-anos\/\",\"url\":\"https:\/\/www.celttv.com.ar\/index.php\/2022\/05\/11\/el-parque-provincial-ernesto-tornquist-cumplio-85-anos\/\",\"name\":\"El Parque Provincial \\\"Ernesto Tornquist\\\" cumpli\u00f3 85 a\u00f1os - CELTTV\",\"isPartOf\":{\"@id\":\"https:\/\/www.celttv.com.ar\/#website\"},\"datePublished\":\"2022-05-11T14:04:45+00:00\",\"dateModified\":\"2022-05-11T14:04:45+00:00\",\"description\":\"Sitio web de noticias de la localidad de Tornquist, provincia de Buenos Aires, Rep\u00fablica Argentina. Contenido propio originado por periodistas de CELTTV, el canal de TV local de la Cooperativa El\u00e9ctrica de Tornquist. Turismo, Pol\u00edtica, Sociedad, Deporte, Cultura y todo el contenido de inter\u00e9s general que la gente del pueblo y la regi\u00f3n debe conocer.\",\"breadcrumb\":{\"@id\":\"https:\/\/www.celttv.com.ar\/index.php\/2022\/05\/11\/el-parque-provincial-ernesto-tornquist-cumplio-85-anos\/#breadcrumb\"},\"inLanguage\":\"es\",\"potentialAction\":[{\"@type\":\"ReadAction\",\"target\":[\"https:\/\/www.celttv.com.ar\/index.php\/2022\/05\/11\/el-parque-provincial-ernesto-tornquist-cumplio-85-anos\/\"]}]},{\"@type\":\"BreadcrumbList\",\"@id\":\"https:\/\/www.celttv.com.ar\/index.php\/2022\/05\/11\/el-parque-provincial-ernesto-tornquist-cumplio-85-anos\/#breadcrumb\",\"itemListElement\":[{\"@type\":\"ListItem\",\"position\":1,\"name\":\"Inicio\",\"item\":\"https:\/\/www.celttv.com.ar\/\"},{\"@type\":\"ListItem\",\"position\":2,\"name\":\"El Parque Provincial &#8220;Ernesto Tornquist&#8221; cumpli\u00f3 85 a\u00f1os\"}]},{\"@type\":\"WebSite\",\"@id\":\"https:\/\/www.celttv.com.ar\/#website\",\"url\":\"https:\/\/www.celttv.com.ar\/\",\"name\":\"CELTTV\",\"description\":\"Cooperativa El\u00e9ctrica de Tornquist\",\"publisher\":{\"@id\":\"https:\/\/www.celttv.com.ar\/#organization\"},\"potentialAction\":[{\"@type\":\"SearchAction\",\"target\":{\"@type\":\"EntryPoint\",\"urlTemplate\":\"https:\/\/www.celttv.com.ar\/?s={search_term_string}\"},\"query-input\":\"required name=search_term_string\"}],\"inLanguage\":\"es\"},{\"@type\":\"Organization\",\"@id\":\"https:\/\/www.celttv.com.ar\/#organization\",\"name\":\"CELTTV\",\"url\":\"https:\/\/www.celttv.com.ar\/\",\"sameAs\":[\"https:\/\/www.youtube.com\/channel\/UCz_oIt8Hig64Ub-EmcNPIhg\",\"https:\/\/www.facebook.com\/celtTV\/\"],\"logo\":{\"@type\":\"ImageObject\",\"inLanguage\":\"es\",\"@id\":\"https:\/\/www.celttv.com.ar\/#\/schema\/logo\/image\/\",\"url\":\"http:\/\/www.celttv.com.ar\/wp-content\/uploads\/2022\/08\/logo-1.png\",\"contentUrl\":\"http:\/\/www.celttv.com.ar\/wp-content\/uploads\/2022\/08\/logo-1.png\",\"width\":461,\"height\":159,\"caption\":\"CELTTV\"},\"image\":{\"@id\":\"https:\/\/www.celttv.com.ar\/#\/schema\/logo\/image\/\"}},{\"@type\":\"Person\",\"@id\":\"https:\/\/www.celttv.com.ar\/#\/schema\/person\/6d99c072dba59953809c81446e9d0ace\",\"name\":\"ulises\",\"image\":{\"@type\":\"ImageObject\",\"inLanguage\":\"es\",\"@id\":\"https:\/\/www.celttv.com.ar\/#\/schema\/person\/image\/\",\"url\":\"https:\/\/secure.gravatar.com\/avatar\/7f2c48bdc33b30088f941fb6082e555f2874c98e20cb159d7b92b50eadfce793?s=96&d=mm&r=g\",\"contentUrl\":\"https:\/\/secure.gravatar.com\/avatar\/7f2c48bdc33b30088f941fb6082e555f2874c98e20cb159d7b92b50eadfce793?s=96&d=mm&r=g\",\"caption\":\"ulises\"},\"sameAs\":[\"http:\/\/www.celttv.com.ar\"]}]}<\/script>\n<!-- \/ Yoast SEO plugin. -->","yoast_head_json":{"title":"El Parque Provincial \"Ernesto Tornquist\" cumpli\u00f3 85 a\u00f1os - CELTTV","description":"Sitio web de noticias de la localidad de Tornquist, provincia de Buenos Aires, Rep\u00fablica Argentina. Contenido propio originado por periodistas de CELTTV, el canal de TV local de la Cooperativa El\u00e9ctrica de Tornquist. Turismo, Pol\u00edtica, Sociedad, Deporte, Cultura y todo el contenido de inter\u00e9s general que la gente del pueblo y la regi\u00f3n debe conocer.","robots":{"index":"index","follow":"follow","max-snippet":"max-snippet:-1","max-image-preview":"max-image-preview:large","max-video-preview":"max-video-preview:-1"},"canonical":"https:\/\/www.celttv.com.ar\/index.php\/2022\/05\/11\/el-parque-provincial-ernesto-tornquist-cumplio-85-anos\/","og_locale":"es_ES","og_type":"article","og_title":"El Parque Provincial \"Ernesto Tornquist\" cumpli\u00f3 85 a\u00f1os - CELTTV","og_description":"Sitio web de noticias de la localidad de Tornquist, provincia de Buenos Aires, Rep\u00fablica Argentina. Contenido propio originado por periodistas de CELTTV, el canal de TV local de la Cooperativa El\u00e9ctrica de Tornquist. Turismo, Pol\u00edtica, Sociedad, Deporte, Cultura y todo el contenido de inter\u00e9s general que la gente del pueblo y la regi\u00f3n debe conocer.","og_url":"https:\/\/www.celttv.com.ar\/index.php\/2022\/05\/11\/el-parque-provincial-ernesto-tornquist-cumplio-85-anos\/","og_site_name":"CELTTV","article_publisher":"https:\/\/www.facebook.com\/celtTV\/","article_published_time":"2022-05-11T14:04:45+00:00","og_image":[{"width":1536,"height":1024,"url":"https:\/\/www.celttv.com.ar\/wp-content\/uploads\/2022\/05\/Parque-Provincial-Ernesto-Tornquist-1536x1024-1.jpg","type":"image\/jpeg"}],"author":"ulises","twitter_card":"summary_large_image","twitter_misc":{"Escrito por":"ulises","Tiempo de lectura":"5 minutos"},"schema":{"@context":"https:\/\/schema.org","@graph":[{"@type":"NewsArticle","@id":"https:\/\/www.celttv.com.ar\/index.php\/2022\/05\/11\/el-parque-provincial-ernesto-tornquist-cumplio-85-anos\/#article","isPartOf":{"@id":"https:\/\/www.celttv.com.ar\/index.php\/2022\/05\/11\/el-parque-provincial-ernesto-tornquist-cumplio-85-anos\/"},"author":{"name":"ulises","@id":"https:\/\/www.celttv.com.ar\/#\/schema\/person\/6d99c072dba59953809c81446e9d0ace"},"headline":"El Parque Provincial &#8220;Ernesto Tornquist&#8221; cumpli\u00f3 85 a\u00f1os","datePublished":"2022-05-11T14:04:45+00:00","dateModified":"2022-05-11T14:04:45+00:00","mainEntityOfPage":{"@id":"https:\/\/www.celttv.com.ar\/index.php\/2022\/05\/11\/el-parque-provincial-ernesto-tornquist-cumplio-85-anos\/"},"wordCount":1045,"publisher":{"@id":"https:\/\/www.celttv.com.ar\/#organization"},"articleSection":["Celt TV Noticias","Comunidad","Destacadas","Turismo"],"inLanguage":"es"},{"@type":"WebPage","@id":"https:\/\/www.celttv.com.ar\/index.php\/2022\/05\/11\/el-parque-provincial-ernesto-tornquist-cumplio-85-anos\/","url":"https:\/\/www.celttv.com.ar\/index.php\/2022\/05\/11\/el-parque-provincial-ernesto-tornquist-cumplio-85-anos\/","name":"El Parque Provincial \"Ernesto Tornquist\" cumpli\u00f3 85 a\u00f1os - CELTTV","isPartOf":{"@id":"https:\/\/www.celttv.com.ar\/#website"},"datePublished":"2022-05-11T14:04:45+00:00","dateModified":"2022-05-11T14:04:45+00:00","description":"Sitio web de noticias de la localidad de Tornquist, provincia de Buenos Aires, Rep\u00fablica Argentina. Contenido propio originado por periodistas de CELTTV, el canal de TV local de la Cooperativa El\u00e9ctrica de Tornquist. Turismo, Pol\u00edtica, Sociedad, Deporte, Cultura y todo el contenido de inter\u00e9s general que la gente del pueblo y la regi\u00f3n debe conocer.","breadcrumb":{"@id":"https:\/\/www.celttv.com.ar\/index.php\/2022\/05\/11\/el-parque-provincial-ernesto-tornquist-cumplio-85-anos\/#breadcrumb"},"inLanguage":"es","potentialAction":[{"@type":"ReadAction","target":["https:\/\/www.celttv.com.ar\/index.php\/2022\/05\/11\/el-parque-provincial-ernesto-tornquist-cumplio-85-anos\/"]}]},{"@type":"BreadcrumbList","@id":"https:\/\/www.celttv.com.ar\/index.php\/2022\/05\/11\/el-parque-provincial-ernesto-tornquist-cumplio-85-anos\/#breadcrumb","itemListElement":[{"@type":"ListItem","position":1,"name":"Inicio","item":"https:\/\/www.celttv.com.ar\/"},{"@type":"ListItem","position":2,"name":"El Parque Provincial &#8220;Ernesto Tornquist&#8221; cumpli\u00f3 85 a\u00f1os"}]},{"@type":"WebSite","@id":"https:\/\/www.celttv.com.ar\/#website","url":"https:\/\/www.celttv.com.ar\/","name":"CELTTV","description":"Cooperativa El\u00e9ctrica de Tornquist","publisher":{"@id":"https:\/\/www.celttv.com.ar\/#organization"},"potentialAction":[{"@type":"SearchAction","target":{"@type":"EntryPoint","urlTemplate":"https:\/\/www.celttv.com.ar\/?s={search_term_string}"},"query-input":"required name=search_term_string"}],"inLanguage":"es"},{"@type":"Organization","@id":"https:\/\/www.celttv.com.ar\/#organization","name":"CELTTV","url":"https:\/\/www.celttv.com.ar\/","sameAs":["https:\/\/www.youtube.com\/channel\/UCz_oIt8Hig64Ub-EmcNPIhg","https:\/\/www.facebook.com\/celtTV\/"],"logo":{"@type":"ImageObject","inLanguage":"es","@id":"https:\/\/www.celttv.com.ar\/#\/schema\/logo\/image\/","url":"http:\/\/www.celttv.com.ar\/wp-content\/uploads\/2022\/08\/logo-1.png","contentUrl":"http:\/\/www.celttv.com.ar\/wp-content\/uploads\/2022\/08\/logo-1.png","width":461,"height":159,"caption":"CELTTV"},"image":{"@id":"https:\/\/www.celttv.com.ar\/#\/schema\/logo\/image\/"}},{"@type":"Person","@id":"https:\/\/www.celttv.com.ar\/#\/schema\/person\/6d99c072dba59953809c81446e9d0ace","name":"ulises","image":{"@type":"ImageObject","inLanguage":"es","@id":"https:\/\/www.celttv.com.ar\/#\/schema\/person\/image\/","url":"https:\/\/secure.gravatar.com\/avatar\/7f2c48bdc33b30088f941fb6082e555f2874c98e20cb159d7b92b50eadfce793?s=96&d=mm&r=g","contentUrl":"https:\/\/secure.gravatar.com\/avatar\/7f2c48bdc33b30088f941fb6082e555f2874c98e20cb159d7b92b50eadfce793?s=96&d=mm&r=g","caption":"ulises"},"sameAs":["http:\/\/www.celttv.com.ar"]}]}},"_links":{"self":[{"href":"https:\/\/www.celttv.com.ar\/index.php\/wp-json\/wp\/v2\/posts\/65939","targetHints":{"allow":["GET"]}}],"collection":[{"href":"https:\/\/www.celttv.com.ar\/index.php\/wp-json\/wp\/v2\/posts"}],"about":[{"href":"https:\/\/www.celttv.com.ar\/index.php\/wp-json\/wp\/v2\/types\/post"}],"author":[{"embeddable":true,"href":"https:\/\/www.celttv.com.ar\/index.php\/wp-json\/wp\/v2\/users\/1"}],"replies":[{"embeddable":true,"href":"https:\/\/www.celttv.com.ar\/index.php\/wp-json\/wp\/v2\/comments?post=65939"}],"version-history":[{"count":0,"href":"https:\/\/www.celttv.com.ar\/index.php\/wp-json\/wp\/v2\/posts\/65939\/revisions"}],"wp:featuredmedia":[{"embeddable":true,"href":"https:\/\/www.celttv.com.ar\/index.php\/wp-json\/wp\/v2\/media\/65940"}],"wp:attachment":[{"href":"https:\/\/www.celttv.com.ar\/index.php\/wp-json\/wp\/v2\/media?parent=65939"}],"wp:term":[{"taxonomy":"category","embeddable":true,"href":"https:\/\/www.celttv.com.ar\/index.php\/wp-json\/wp\/v2\/categories?post=65939"},{"taxonomy":"post_tag","embeddable":true,"href":"https:\/\/www.celttv.com.ar\/index.php\/wp-json\/wp\/v2\/tags?post=65939"}],"curies":[{"name":"wp","href":"https:\/\/api.w.org\/{rel}","templated":true}]}}