{"id":65950,"date":"2022-05-11T21:33:57","date_gmt":"2022-05-11T21:33:57","guid":{"rendered":"http:\/\/www.celttv.com.ar\/?p=65950"},"modified":"2022-05-11T21:33:57","modified_gmt":"2022-05-11T21:33:57","slug":"el-taller-protegido-envio-fardos-de-envases-plasticos-a-la-firma-reciclar-s-a","status":"publish","type":"post","link":"https:\/\/www.celttv.com.ar\/index.php\/2022\/05\/11\/el-taller-protegido-envio-fardos-de-envases-plasticos-a-la-firma-reciclar-s-a\/","title":{"rendered":"El Taller Protegido envi\u00f3 fardos de envases pl\u00e1sticos a la firma Reciclar S.A."},"content":{"rendered":"\n<p>Desde la instituci\u00f3n agradecieron la colaboraci\u00f3n.<\/p>\n\n\n<p>Este mi\u00e9rcoles, el Taller Protegido logr\u00f3 el env\u00edo de los fardos de envases pl\u00e1sticos a la firma Reciclar S.A., gracias a Papelera del Sur que nos proporcion\u00f3 el transporte para su traslado, y a la importante colaboraci\u00f3n de la pala cargadora municipal, que fue de gran utilidad para hacer m\u00e1s simple la tarea.<\/p>\n\n\n<p>El cargamento enviando fue trabajo de nuestros trabajadores y los del Galp\u00f3n Municipal.<\/p>\n\n\n<p>Cabe destacar la amplia colaboraci\u00f3n de cada uno de nuestros vecinos que d\u00eda a d\u00eda acercan el material reciclable a nuestro taller y a los puntos limpios.<\/p>\n\n\n<p>Seguimos trabajando por una ciudad m\u00e1s limpia y ordenada concientizando a la poblaci\u00f3n que reciclando lo lograremos.<\/p>\n\n\n<p>\u00a1A todos muchas gracias!<\/p>\n\n\n<p><strong>Taller Protegido<\/strong><\/p>\n\n\n<figure class=\"wp-block-image size-large\"><img loading=\"lazy\" decoding=\"async\" width=\"1024\" height=\"576\" src=\"http:\/\/www.celttv.com.ar\/wp-content\/uploads\/2022\/05\/img20220511wa0003.jpeg_1500-1024x576.jpeg\" alt=\"\" class=\"wp-image-65951\" srcset=\"https:\/\/www.celttv.com.ar\/wp-content\/uploads\/2022\/05\/img20220511wa0003.jpeg_1500-1024x576.jpeg 1024w, https:\/\/www.celttv.com.ar\/wp-content\/uploads\/2022\/05\/img20220511wa0003.jpeg_1500-300x169.jpeg 300w, https:\/\/www.celttv.com.ar\/wp-content\/uploads\/2022\/05\/img20220511wa0003.jpeg_1500-768x432.jpeg 768w, https:\/\/www.celttv.com.ar\/wp-content\/uploads\/2022\/05\/img20220511wa0003.jpeg_1500-750x422.jpeg 750w, https:\/\/www.celttv.com.ar\/wp-content\/uploads\/2022\/05\/img20220511wa0003.jpeg_1500-1140x641.jpeg 1140w, https:\/\/www.celttv.com.ar\/wp-content\/uploads\/2022\/05\/img20220511wa0003.jpeg_1500.jpeg 1500w\" sizes=\"auto, (max-width: 1024px) 100vw, 1024px\" \/><\/figure>\n","protected":false},"excerpt":{"rendered":"<p>Desde la instituci\u00f3n agradecieron la colaboraci\u00f3n. Este mi\u00e9rcoles, el Taller Protegido logr\u00f3 el env\u00edo de los fardos de envases pl\u00e1sticos a la firma Reciclar S.A., gracias a Papelera del Sur que nos proporcion\u00f3 el transporte para su traslado, y a la importante colaboraci\u00f3n de la pala cargadora municipal, que fue de gran utilidad para hacer [&hellip;]<\/p>\n","protected":false},"author":1,"featured_media":65951,"comment_status":"closed","ping_status":"open","sticky":false,"template":"","format":"standard","meta":{"footnotes":""},"categories":[55,51,52],"tags":[],"class_list":["post-65950","post","type-post","status-publish","format-standard","has-post-thumbnail","hentry","category-celt-tv-noticias","category-comunidad","category-destacadas"],"yoast_head":"<!-- This site is optimized with the Yoast SEO plugin v19.7.1 - https:\/\/yoast.com\/wordpress\/plugins\/seo\/ -->\n<title>El Taller Protegido envi\u00f3 fardos de envases pl\u00e1sticos a la firma Reciclar S.A. - CELTTV<\/title>\n<meta name=\"description\" content=\"Sitio web de noticias de la localidad de Tornquist, provincia de Buenos Aires, Rep\u00fablica Argentina. Contenido propio originado por periodistas de CELTTV, el canal de TV local de la Cooperativa El\u00e9ctrica de Tornquist. Turismo, Pol\u00edtica, Sociedad, Deporte, Cultura y todo el contenido de inter\u00e9s general que la gente del pueblo y la regi\u00f3n debe conocer.\" \/>\n<meta name=\"robots\" content=\"index, follow, max-snippet:-1, max-image-preview:large, max-video-preview:-1\" \/>\n<link rel=\"canonical\" href=\"https:\/\/www.celttv.com.ar\/index.php\/2022\/05\/11\/el-taller-protegido-envio-fardos-de-envases-plasticos-a-la-firma-reciclar-s-a\/\" \/>\n<meta property=\"og:locale\" content=\"es_ES\" \/>\n<meta property=\"og:type\" content=\"article\" \/>\n<meta property=\"og:title\" content=\"El Taller Protegido envi\u00f3 fardos de envases pl\u00e1sticos a la firma Reciclar S.A. - CELTTV\" \/>\n<meta property=\"og:description\" content=\"Sitio web de noticias de la localidad de Tornquist, provincia de Buenos Aires, Rep\u00fablica Argentina. Contenido propio originado por periodistas de CELTTV, el canal de TV local de la Cooperativa El\u00e9ctrica de Tornquist. Turismo, Pol\u00edtica, Sociedad, Deporte, Cultura y todo el contenido de inter\u00e9s general que la gente del pueblo y la regi\u00f3n debe conocer.\" \/>\n<meta property=\"og:url\" content=\"https:\/\/www.celttv.com.ar\/index.php\/2022\/05\/11\/el-taller-protegido-envio-fardos-de-envases-plasticos-a-la-firma-reciclar-s-a\/\" \/>\n<meta property=\"og:site_name\" content=\"CELTTV\" \/>\n<meta property=\"article:publisher\" content=\"https:\/\/www.facebook.com\/celtTV\/\" \/>\n<meta property=\"article:published_time\" content=\"2022-05-11T21:33:57+00:00\" \/>\n<meta property=\"og:image\" content=\"https:\/\/www.celttv.com.ar\/wp-content\/uploads\/2022\/05\/img20220511wa0003.jpeg_1500.jpeg\" \/>\n\t<meta property=\"og:image:width\" content=\"1500\" \/>\n\t<meta property=\"og:image:height\" content=\"844\" \/>\n\t<meta property=\"og:image:type\" content=\"image\/jpeg\" \/>\n<meta name=\"author\" content=\"ulises\" \/>\n<meta name=\"twitter:card\" content=\"summary_large_image\" \/>\n<meta name=\"twitter:label1\" content=\"Escrito por\" \/>\n\t<meta name=\"twitter:data1\" content=\"ulises\" \/>\n\t<meta name=\"twitter:label2\" content=\"Tiempo de lectura\" \/>\n\t<meta name=\"twitter:data2\" content=\"1 minuto\" \/>\n<script type=\"application\/ld+json\" class=\"yoast-schema-graph\">{\"@context\":\"https:\/\/schema.org\",\"@graph\":[{\"@type\":\"NewsArticle\",\"@id\":\"https:\/\/www.celttv.com.ar\/index.php\/2022\/05\/11\/el-taller-protegido-envio-fardos-de-envases-plasticos-a-la-firma-reciclar-s-a\/#article\",\"isPartOf\":{\"@id\":\"https:\/\/www.celttv.com.ar\/index.php\/2022\/05\/11\/el-taller-protegido-envio-fardos-de-envases-plasticos-a-la-firma-reciclar-s-a\/\"},\"author\":{\"name\":\"ulises\",\"@id\":\"https:\/\/www.celttv.com.ar\/#\/schema\/person\/6d99c072dba59953809c81446e9d0ace\"},\"headline\":\"El Taller Protegido envi\u00f3 fardos de envases pl\u00e1sticos a la firma Reciclar S.A.\",\"datePublished\":\"2022-05-11T21:33:57+00:00\",\"dateModified\":\"2022-05-11T21:33:57+00:00\",\"mainEntityOfPage\":{\"@id\":\"https:\/\/www.celttv.com.ar\/index.php\/2022\/05\/11\/el-taller-protegido-envio-fardos-de-envases-plasticos-a-la-firma-reciclar-s-a\/\"},\"wordCount\":151,\"publisher\":{\"@id\":\"https:\/\/www.celttv.com.ar\/#organization\"},\"articleSection\":[\"Celt TV Noticias\",\"Comunidad\",\"Destacadas\"],\"inLanguage\":\"es\"},{\"@type\":\"WebPage\",\"@id\":\"https:\/\/www.celttv.com.ar\/index.php\/2022\/05\/11\/el-taller-protegido-envio-fardos-de-envases-plasticos-a-la-firma-reciclar-s-a\/\",\"url\":\"https:\/\/www.celttv.com.ar\/index.php\/2022\/05\/11\/el-taller-protegido-envio-fardos-de-envases-plasticos-a-la-firma-reciclar-s-a\/\",\"name\":\"El Taller Protegido envi\u00f3 fardos de envases pl\u00e1sticos a la firma Reciclar S.A. - CELTTV\",\"isPartOf\":{\"@id\":\"https:\/\/www.celttv.com.ar\/#website\"},\"datePublished\":\"2022-05-11T21:33:57+00:00\",\"dateModified\":\"2022-05-11T21:33:57+00:00\",\"description\":\"Sitio web de noticias de la localidad de Tornquist, provincia de Buenos Aires, Rep\u00fablica Argentina. Contenido propio originado por periodistas de CELTTV, el canal de TV local de la Cooperativa El\u00e9ctrica de Tornquist. Turismo, Pol\u00edtica, Sociedad, Deporte, Cultura y todo el contenido de inter\u00e9s general que la gente del pueblo y la regi\u00f3n debe conocer.\",\"breadcrumb\":{\"@id\":\"https:\/\/www.celttv.com.ar\/index.php\/2022\/05\/11\/el-taller-protegido-envio-fardos-de-envases-plasticos-a-la-firma-reciclar-s-a\/#breadcrumb\"},\"inLanguage\":\"es\",\"potentialAction\":[{\"@type\":\"ReadAction\",\"target\":[\"https:\/\/www.celttv.com.ar\/index.php\/2022\/05\/11\/el-taller-protegido-envio-fardos-de-envases-plasticos-a-la-firma-reciclar-s-a\/\"]}]},{\"@type\":\"BreadcrumbList\",\"@id\":\"https:\/\/www.celttv.com.ar\/index.php\/2022\/05\/11\/el-taller-protegido-envio-fardos-de-envases-plasticos-a-la-firma-reciclar-s-a\/#breadcrumb\",\"itemListElement\":[{\"@type\":\"ListItem\",\"position\":1,\"name\":\"Inicio\",\"item\":\"https:\/\/www.celttv.com.ar\/\"},{\"@type\":\"ListItem\",\"position\":2,\"name\":\"El Taller Protegido envi\u00f3 fardos de envases pl\u00e1sticos a la firma Reciclar S.A.\"}]},{\"@type\":\"WebSite\",\"@id\":\"https:\/\/www.celttv.com.ar\/#website\",\"url\":\"https:\/\/www.celttv.com.ar\/\",\"name\":\"CELTTV\",\"description\":\"Cooperativa El\u00e9ctrica de Tornquist\",\"publisher\":{\"@id\":\"https:\/\/www.celttv.com.ar\/#organization\"},\"potentialAction\":[{\"@type\":\"SearchAction\",\"target\":{\"@type\":\"EntryPoint\",\"urlTemplate\":\"https:\/\/www.celttv.com.ar\/?s={search_term_string}\"},\"query-input\":\"required name=search_term_string\"}],\"inLanguage\":\"es\"},{\"@type\":\"Organization\",\"@id\":\"https:\/\/www.celttv.com.ar\/#organization\",\"name\":\"CELTTV\",\"url\":\"https:\/\/www.celttv.com.ar\/\",\"sameAs\":[\"https:\/\/www.youtube.com\/channel\/UCz_oIt8Hig64Ub-EmcNPIhg\",\"https:\/\/www.facebook.com\/celtTV\/\"],\"logo\":{\"@type\":\"ImageObject\",\"inLanguage\":\"es\",\"@id\":\"https:\/\/www.celttv.com.ar\/#\/schema\/logo\/image\/\",\"url\":\"http:\/\/www.celttv.com.ar\/wp-content\/uploads\/2022\/08\/logo-1.png\",\"contentUrl\":\"http:\/\/www.celttv.com.ar\/wp-content\/uploads\/2022\/08\/logo-1.png\",\"width\":461,\"height\":159,\"caption\":\"CELTTV\"},\"image\":{\"@id\":\"https:\/\/www.celttv.com.ar\/#\/schema\/logo\/image\/\"}},{\"@type\":\"Person\",\"@id\":\"https:\/\/www.celttv.com.ar\/#\/schema\/person\/6d99c072dba59953809c81446e9d0ace\",\"name\":\"ulises\",\"image\":{\"@type\":\"ImageObject\",\"inLanguage\":\"es\",\"@id\":\"https:\/\/www.celttv.com.ar\/#\/schema\/person\/image\/\",\"url\":\"https:\/\/secure.gravatar.com\/avatar\/7f2c48bdc33b30088f941fb6082e555f2874c98e20cb159d7b92b50eadfce793?s=96&d=mm&r=g\",\"contentUrl\":\"https:\/\/secure.gravatar.com\/avatar\/7f2c48bdc33b30088f941fb6082e555f2874c98e20cb159d7b92b50eadfce793?s=96&d=mm&r=g\",\"caption\":\"ulises\"},\"sameAs\":[\"http:\/\/www.celttv.com.ar\"]}]}<\/script>\n<!-- \/ Yoast SEO plugin. -->","yoast_head_json":{"title":"El Taller Protegido envi\u00f3 fardos de envases pl\u00e1sticos a la firma Reciclar S.A. - CELTTV","description":"Sitio web de noticias de la localidad de Tornquist, provincia de Buenos Aires, Rep\u00fablica Argentina. Contenido propio originado por periodistas de CELTTV, el canal de TV local de la Cooperativa El\u00e9ctrica de Tornquist. Turismo, Pol\u00edtica, Sociedad, Deporte, Cultura y todo el contenido de inter\u00e9s general que la gente del pueblo y la regi\u00f3n debe conocer.","robots":{"index":"index","follow":"follow","max-snippet":"max-snippet:-1","max-image-preview":"max-image-preview:large","max-video-preview":"max-video-preview:-1"},"canonical":"https:\/\/www.celttv.com.ar\/index.php\/2022\/05\/11\/el-taller-protegido-envio-fardos-de-envases-plasticos-a-la-firma-reciclar-s-a\/","og_locale":"es_ES","og_type":"article","og_title":"El Taller Protegido envi\u00f3 fardos de envases pl\u00e1sticos a la firma Reciclar S.A. - CELTTV","og_description":"Sitio web de noticias de la localidad de Tornquist, provincia de Buenos Aires, Rep\u00fablica Argentina. Contenido propio originado por periodistas de CELTTV, el canal de TV local de la Cooperativa El\u00e9ctrica de Tornquist. Turismo, Pol\u00edtica, Sociedad, Deporte, Cultura y todo el contenido de inter\u00e9s general que la gente del pueblo y la regi\u00f3n debe conocer.","og_url":"https:\/\/www.celttv.com.ar\/index.php\/2022\/05\/11\/el-taller-protegido-envio-fardos-de-envases-plasticos-a-la-firma-reciclar-s-a\/","og_site_name":"CELTTV","article_publisher":"https:\/\/www.facebook.com\/celtTV\/","article_published_time":"2022-05-11T21:33:57+00:00","og_image":[{"width":1500,"height":844,"url":"https:\/\/www.celttv.com.ar\/wp-content\/uploads\/2022\/05\/img20220511wa0003.jpeg_1500.jpeg","type":"image\/jpeg"}],"author":"ulises","twitter_card":"summary_large_image","twitter_misc":{"Escrito por":"ulises","Tiempo de lectura":"1 minuto"},"schema":{"@context":"https:\/\/schema.org","@graph":[{"@type":"NewsArticle","@id":"https:\/\/www.celttv.com.ar\/index.php\/2022\/05\/11\/el-taller-protegido-envio-fardos-de-envases-plasticos-a-la-firma-reciclar-s-a\/#article","isPartOf":{"@id":"https:\/\/www.celttv.com.ar\/index.php\/2022\/05\/11\/el-taller-protegido-envio-fardos-de-envases-plasticos-a-la-firma-reciclar-s-a\/"},"author":{"name":"ulises","@id":"https:\/\/www.celttv.com.ar\/#\/schema\/person\/6d99c072dba59953809c81446e9d0ace"},"headline":"El Taller Protegido envi\u00f3 fardos de envases pl\u00e1sticos a la firma Reciclar S.A.","datePublished":"2022-05-11T21:33:57+00:00","dateModified":"2022-05-11T21:33:57+00:00","mainEntityOfPage":{"@id":"https:\/\/www.celttv.com.ar\/index.php\/2022\/05\/11\/el-taller-protegido-envio-fardos-de-envases-plasticos-a-la-firma-reciclar-s-a\/"},"wordCount":151,"publisher":{"@id":"https:\/\/www.celttv.com.ar\/#organization"},"articleSection":["Celt TV Noticias","Comunidad","Destacadas"],"inLanguage":"es"},{"@type":"WebPage","@id":"https:\/\/www.celttv.com.ar\/index.php\/2022\/05\/11\/el-taller-protegido-envio-fardos-de-envases-plasticos-a-la-firma-reciclar-s-a\/","url":"https:\/\/www.celttv.com.ar\/index.php\/2022\/05\/11\/el-taller-protegido-envio-fardos-de-envases-plasticos-a-la-firma-reciclar-s-a\/","name":"El Taller Protegido envi\u00f3 fardos de envases pl\u00e1sticos a la firma Reciclar S.A. - CELTTV","isPartOf":{"@id":"https:\/\/www.celttv.com.ar\/#website"},"datePublished":"2022-05-11T21:33:57+00:00","dateModified":"2022-05-11T21:33:57+00:00","description":"Sitio web de noticias de la localidad de Tornquist, provincia de Buenos Aires, Rep\u00fablica Argentina. Contenido propio originado por periodistas de CELTTV, el canal de TV local de la Cooperativa El\u00e9ctrica de Tornquist. Turismo, Pol\u00edtica, Sociedad, Deporte, Cultura y todo el contenido de inter\u00e9s general que la gente del pueblo y la regi\u00f3n debe conocer.","breadcrumb":{"@id":"https:\/\/www.celttv.com.ar\/index.php\/2022\/05\/11\/el-taller-protegido-envio-fardos-de-envases-plasticos-a-la-firma-reciclar-s-a\/#breadcrumb"},"inLanguage":"es","potentialAction":[{"@type":"ReadAction","target":["https:\/\/www.celttv.com.ar\/index.php\/2022\/05\/11\/el-taller-protegido-envio-fardos-de-envases-plasticos-a-la-firma-reciclar-s-a\/"]}]},{"@type":"BreadcrumbList","@id":"https:\/\/www.celttv.com.ar\/index.php\/2022\/05\/11\/el-taller-protegido-envio-fardos-de-envases-plasticos-a-la-firma-reciclar-s-a\/#breadcrumb","itemListElement":[{"@type":"ListItem","position":1,"name":"Inicio","item":"https:\/\/www.celttv.com.ar\/"},{"@type":"ListItem","position":2,"name":"El Taller Protegido envi\u00f3 fardos de envases pl\u00e1sticos a la firma Reciclar S.A."}]},{"@type":"WebSite","@id":"https:\/\/www.celttv.com.ar\/#website","url":"https:\/\/www.celttv.com.ar\/","name":"CELTTV","description":"Cooperativa El\u00e9ctrica de Tornquist","publisher":{"@id":"https:\/\/www.celttv.com.ar\/#organization"},"potentialAction":[{"@type":"SearchAction","target":{"@type":"EntryPoint","urlTemplate":"https:\/\/www.celttv.com.ar\/?s={search_term_string}"},"query-input":"required name=search_term_string"}],"inLanguage":"es"},{"@type":"Organization","@id":"https:\/\/www.celttv.com.ar\/#organization","name":"CELTTV","url":"https:\/\/www.celttv.com.ar\/","sameAs":["https:\/\/www.youtube.com\/channel\/UCz_oIt8Hig64Ub-EmcNPIhg","https:\/\/www.facebook.com\/celtTV\/"],"logo":{"@type":"ImageObject","inLanguage":"es","@id":"https:\/\/www.celttv.com.ar\/#\/schema\/logo\/image\/","url":"http:\/\/www.celttv.com.ar\/wp-content\/uploads\/2022\/08\/logo-1.png","contentUrl":"http:\/\/www.celttv.com.ar\/wp-content\/uploads\/2022\/08\/logo-1.png","width":461,"height":159,"caption":"CELTTV"},"image":{"@id":"https:\/\/www.celttv.com.ar\/#\/schema\/logo\/image\/"}},{"@type":"Person","@id":"https:\/\/www.celttv.com.ar\/#\/schema\/person\/6d99c072dba59953809c81446e9d0ace","name":"ulises","image":{"@type":"ImageObject","inLanguage":"es","@id":"https:\/\/www.celttv.com.ar\/#\/schema\/person\/image\/","url":"https:\/\/secure.gravatar.com\/avatar\/7f2c48bdc33b30088f941fb6082e555f2874c98e20cb159d7b92b50eadfce793?s=96&d=mm&r=g","contentUrl":"https:\/\/secure.gravatar.com\/avatar\/7f2c48bdc33b30088f941fb6082e555f2874c98e20cb159d7b92b50eadfce793?s=96&d=mm&r=g","caption":"ulises"},"sameAs":["http:\/\/www.celttv.com.ar"]}]}},"_links":{"self":[{"href":"https:\/\/www.celttv.com.ar\/index.php\/wp-json\/wp\/v2\/posts\/65950","targetHints":{"allow":["GET"]}}],"collection":[{"href":"https:\/\/www.celttv.com.ar\/index.php\/wp-json\/wp\/v2\/posts"}],"about":[{"href":"https:\/\/www.celttv.com.ar\/index.php\/wp-json\/wp\/v2\/types\/post"}],"author":[{"embeddable":true,"href":"https:\/\/www.celttv.com.ar\/index.php\/wp-json\/wp\/v2\/users\/1"}],"replies":[{"embeddable":true,"href":"https:\/\/www.celttv.com.ar\/index.php\/wp-json\/wp\/v2\/comments?post=65950"}],"version-history":[{"count":0,"href":"https:\/\/www.celttv.com.ar\/index.php\/wp-json\/wp\/v2\/posts\/65950\/revisions"}],"wp:featuredmedia":[{"embeddable":true,"href":"https:\/\/www.celttv.com.ar\/index.php\/wp-json\/wp\/v2\/media\/65951"}],"wp:attachment":[{"href":"https:\/\/www.celttv.com.ar\/index.php\/wp-json\/wp\/v2\/media?parent=65950"}],"wp:term":[{"taxonomy":"category","embeddable":true,"href":"https:\/\/www.celttv.com.ar\/index.php\/wp-json\/wp\/v2\/categories?post=65950"},{"taxonomy":"post_tag","embeddable":true,"href":"https:\/\/www.celttv.com.ar\/index.php\/wp-json\/wp\/v2\/tags?post=65950"}],"curies":[{"name":"wp","href":"https:\/\/api.w.org\/{rel}","templated":true}]}}