{"id":65958,"date":"2022-05-11T22:01:08","date_gmt":"2022-05-11T22:01:08","guid":{"rendered":"http:\/\/www.celttv.com.ar\/?p=65958"},"modified":"2022-05-11T22:01:08","modified_gmt":"2022-05-11T22:01:08","slug":"si-una-mujer-entra-a-la-politica-cambia-la-mujer-si-muchas-mujeres-entran-a-la-politica-lo-que-cambia-es-la-politica-invitacion-del-subcomite-de-la-ucr","status":"publish","type":"post","link":"https:\/\/www.celttv.com.ar\/index.php\/2022\/05\/11\/si-una-mujer-entra-a-la-politica-cambia-la-mujer-si-muchas-mujeres-entran-a-la-politica-lo-que-cambia-es-la-politica-invitacion-del-subcomite-de-la-ucr\/","title":{"rendered":"&#8220;Si una mujer entra a la pol\u00edtica, cambia la mujer. Si muchas mujeres entran a la pol\u00edtica, lo que cambia es la pol\u00edtica&#8221; Invitaci\u00f3n del Subcomit\u00e9 de la UCR."},"content":{"rendered":"\n<p>Viernes 13 de mayo, 18:30hs, Subcomit\u00e9 UCR Sierra de la Ventana.<br \/>Si una mujer entra a la pol\u00edtica, cambia la mujer. Si muchas mujeres entran a la pol\u00edtica, lo que cambia es la pol\u00edtica&#8221; Florentina Gomez Miranda<br \/><\/p>\n\n\n<p>Las mujeres en un espacio pol\u00edtico ha sido de que hablar durante a\u00f1os, ya desde la aparici\u00f3n de la pol\u00edtica en Grecia cuando la mujer no pod\u00eda participar en ella ya que no era considerada ciudadana. <\/p>\n\n\n<p>Con el paso del tiempo, ha logrado insertarse, un claro ejemplo de esto fueron Florentina Gomez Miranda y hasta la mism\u00edsima Marisa Kugler, primera Intendente Municipal de Tornquist y de la Sexta Secci\u00f3n en asumir un cargo pol\u00edtico en el 87 siendo mujer.<\/p>\n\n\n<p>\u00a0Marisa asumi\u00f3 en 1987 con la fuerza y el coraje que la caracteriza. Gestion\u00f3 y avanz\u00f3 como pudo en tiempos donde ser mujer era m\u00e1s dif\u00edcil que hoy, ni pensarlo en pol\u00edtica. Ella fue cuestionada y criticada solo por el hecho de ser mujer, la \u00fanica. Ella abri\u00f3 camino a otras mujeres y gener\u00f3 espacios de participaci\u00f3n que hoy seguimos fortaleciendo.\u00a0<\/p>\n\n\n<p>Marisa fue la primera mujer intendente de la Provincia de Buenos Aires y a\u00fan hoy nos sigue ense\u00f1ando que luchar no siempre es estar al frente, sino acompa\u00f1ar, apoyar y contener a quienes seguimos sus pasos como mujer en la pol\u00edtica.<\/p>\n\n\n<p>Nuestro partido se encuentra presidido por Silvia Pessolani, acompa\u00f1ada por la presidencia del Subcomit\u00e9 de Sierra de la Ventana Sandra Kifer y actual presidente del HCD y por la presidente de la Juventud Radical del distrito de Tornquist Angela Naz\u00f3n. <\/p>\n\n\n<p>Claramente, la mujer en la pol\u00edtica hoy nos deja huellas en la historia del distrito y de nuestro partido, siendo el \u00fanico en contar con 3 mujeres en la presidencia.\u00a0Esta revoluci\u00f3n no la hacemos solas, la sociedad cambia y cada vez somos m\u00e1s los que luchamos por m\u00e1s igualdad de derechos. Por eso, este 13 de mayo acercate. \u00a1Los esperamos!<\/p>\n\n\n<figure class=\"wp-block-image size-large\"><img loading=\"lazy\" decoding=\"async\" width=\"1024\" height=\"1024\" src=\"http:\/\/www.celttv.com.ar\/wp-content\/uploads\/2022\/05\/sin-mujeres-no-1024x1024.jpg\" alt=\"\" class=\"wp-image-65959\" srcset=\"https:\/\/www.celttv.com.ar\/wp-content\/uploads\/2022\/05\/sin-mujeres-no-1024x1024.jpg 1024w, https:\/\/www.celttv.com.ar\/wp-content\/uploads\/2022\/05\/sin-mujeres-no-300x300.jpg 300w, https:\/\/www.celttv.com.ar\/wp-content\/uploads\/2022\/05\/sin-mujeres-no-150x150.jpg 150w, https:\/\/www.celttv.com.ar\/wp-content\/uploads\/2022\/05\/sin-mujeres-no-768x768.jpg 768w, https:\/\/www.celttv.com.ar\/wp-content\/uploads\/2022\/05\/sin-mujeres-no-75x75.jpg 75w, https:\/\/www.celttv.com.ar\/wp-content\/uploads\/2022\/05\/sin-mujeres-no-750x750.jpg 750w, https:\/\/www.celttv.com.ar\/wp-content\/uploads\/2022\/05\/sin-mujeres-no.jpg 1081w\" sizes=\"auto, (max-width: 1024px) 100vw, 1024px\" \/><\/figure>\n","protected":false},"excerpt":{"rendered":"<p>Viernes 13 de mayo, 18:30hs, Subcomit\u00e9 UCR Sierra de la Ventana.Si una mujer entra a la pol\u00edtica, cambia la mujer. Si muchas mujeres entran a la pol\u00edtica, lo que cambia es la pol\u00edtica&#8221; Florentina Gomez Miranda Las mujeres en un espacio pol\u00edtico ha sido de que hablar durante a\u00f1os, ya desde la aparici\u00f3n de la [&hellip;]<\/p>\n","protected":false},"author":1,"featured_media":65959,"comment_status":"closed","ping_status":"open","sticky":false,"template":"","format":"standard","meta":{"footnotes":""},"categories":[51,52,53],"tags":[91,92],"class_list":["post-65958","post","type-post","status-publish","format-standard","has-post-thumbnail","hentry","category-comunidad","category-destacadas","category-politica","tag-si-una-mujer-entra-a-la-politica","tag-cambia-la-mujer-si-muchas-mujeres-entran-a-la-politica"],"yoast_head":"<!-- This site is optimized with the Yoast SEO plugin v19.7.1 - https:\/\/yoast.com\/wordpress\/plugins\/seo\/ -->\n<title>&quot;Si una mujer entra a la pol\u00edtica, cambia la mujer. Si muchas mujeres entran a la pol\u00edtica, lo que cambia es la pol\u00edtica&quot; Invitaci\u00f3n del Subcomit\u00e9 de la UCR. - CELTTV<\/title>\n<meta name=\"description\" content=\"Sitio web de noticias de la localidad de Tornquist, provincia de Buenos Aires, Rep\u00fablica Argentina. Contenido propio originado por periodistas de CELTTV, el canal de TV local de la Cooperativa El\u00e9ctrica de Tornquist. Turismo, Pol\u00edtica, Sociedad, Deporte, Cultura y todo el contenido de inter\u00e9s general que la gente del pueblo y la regi\u00f3n debe conocer.\" \/>\n<meta name=\"robots\" content=\"index, follow, max-snippet:-1, max-image-preview:large, max-video-preview:-1\" \/>\n<link rel=\"canonical\" href=\"https:\/\/www.celttv.com.ar\/index.php\/2022\/05\/11\/si-una-mujer-entra-a-la-politica-cambia-la-mujer-si-muchas-mujeres-entran-a-la-politica-lo-que-cambia-es-la-politica-invitacion-del-subcomite-de-la-ucr\/\" \/>\n<meta property=\"og:locale\" content=\"es_ES\" \/>\n<meta property=\"og:type\" content=\"article\" \/>\n<meta property=\"og:title\" content=\"&quot;Si una mujer entra a la pol\u00edtica, cambia la mujer. Si muchas mujeres entran a la pol\u00edtica, lo que cambia es la pol\u00edtica&quot; Invitaci\u00f3n del Subcomit\u00e9 de la UCR. - CELTTV\" \/>\n<meta property=\"og:description\" content=\"Sitio web de noticias de la localidad de Tornquist, provincia de Buenos Aires, Rep\u00fablica Argentina. Contenido propio originado por periodistas de CELTTV, el canal de TV local de la Cooperativa El\u00e9ctrica de Tornquist. Turismo, Pol\u00edtica, Sociedad, Deporte, Cultura y todo el contenido de inter\u00e9s general que la gente del pueblo y la regi\u00f3n debe conocer.\" \/>\n<meta property=\"og:url\" content=\"https:\/\/www.celttv.com.ar\/index.php\/2022\/05\/11\/si-una-mujer-entra-a-la-politica-cambia-la-mujer-si-muchas-mujeres-entran-a-la-politica-lo-que-cambia-es-la-politica-invitacion-del-subcomite-de-la-ucr\/\" \/>\n<meta property=\"og:site_name\" content=\"CELTTV\" \/>\n<meta property=\"article:publisher\" content=\"https:\/\/www.facebook.com\/celtTV\/\" \/>\n<meta property=\"article:published_time\" content=\"2022-05-11T22:01:08+00:00\" \/>\n<meta property=\"og:image\" content=\"https:\/\/www.celttv.com.ar\/wp-content\/uploads\/2022\/05\/sin-mujeres-no.jpg\" \/>\n\t<meta property=\"og:image:width\" content=\"1081\" \/>\n\t<meta property=\"og:image:height\" content=\"1081\" \/>\n\t<meta property=\"og:image:type\" content=\"image\/jpeg\" \/>\n<meta name=\"author\" content=\"ulises\" \/>\n<meta name=\"twitter:card\" content=\"summary_large_image\" \/>\n<meta name=\"twitter:label1\" content=\"Escrito por\" \/>\n\t<meta name=\"twitter:data1\" content=\"ulises\" \/>\n\t<meta name=\"twitter:label2\" content=\"Tiempo de lectura\" \/>\n\t<meta name=\"twitter:data2\" content=\"2 minutos\" \/>\n<script type=\"application\/ld+json\" class=\"yoast-schema-graph\">{\"@context\":\"https:\/\/schema.org\",\"@graph\":[{\"@type\":\"NewsArticle\",\"@id\":\"https:\/\/www.celttv.com.ar\/index.php\/2022\/05\/11\/si-una-mujer-entra-a-la-politica-cambia-la-mujer-si-muchas-mujeres-entran-a-la-politica-lo-que-cambia-es-la-politica-invitacion-del-subcomite-de-la-ucr\/#article\",\"isPartOf\":{\"@id\":\"https:\/\/www.celttv.com.ar\/index.php\/2022\/05\/11\/si-una-mujer-entra-a-la-politica-cambia-la-mujer-si-muchas-mujeres-entran-a-la-politica-lo-que-cambia-es-la-politica-invitacion-del-subcomite-de-la-ucr\/\"},\"author\":{\"name\":\"ulises\",\"@id\":\"https:\/\/www.celttv.com.ar\/#\/schema\/person\/6d99c072dba59953809c81446e9d0ace\"},\"headline\":\"&#8220;Si una mujer entra a la pol\u00edtica, cambia la mujer. Si muchas mujeres entran a la pol\u00edtica, lo que cambia es la pol\u00edtica&#8221; Invitaci\u00f3n del Subcomit\u00e9 de la UCR.\",\"datePublished\":\"2022-05-11T22:01:08+00:00\",\"dateModified\":\"2022-05-11T22:01:08+00:00\",\"mainEntityOfPage\":{\"@id\":\"https:\/\/www.celttv.com.ar\/index.php\/2022\/05\/11\/si-una-mujer-entra-a-la-politica-cambia-la-mujer-si-muchas-mujeres-entran-a-la-politica-lo-que-cambia-es-la-politica-invitacion-del-subcomite-de-la-ucr\/\"},\"wordCount\":372,\"publisher\":{\"@id\":\"https:\/\/www.celttv.com.ar\/#organization\"},\"keywords\":[\"&quot;Si una mujer entra a la pol\u00edtica\",\"cambia la mujer. Si muchas mujeres entran a la pol\u00edtica\"],\"articleSection\":[\"Comunidad\",\"Destacadas\",\"Pol\u00edtica\"],\"inLanguage\":\"es\"},{\"@type\":\"WebPage\",\"@id\":\"https:\/\/www.celttv.com.ar\/index.php\/2022\/05\/11\/si-una-mujer-entra-a-la-politica-cambia-la-mujer-si-muchas-mujeres-entran-a-la-politica-lo-que-cambia-es-la-politica-invitacion-del-subcomite-de-la-ucr\/\",\"url\":\"https:\/\/www.celttv.com.ar\/index.php\/2022\/05\/11\/si-una-mujer-entra-a-la-politica-cambia-la-mujer-si-muchas-mujeres-entran-a-la-politica-lo-que-cambia-es-la-politica-invitacion-del-subcomite-de-la-ucr\/\",\"name\":\"\\\"Si una mujer entra a la pol\u00edtica, cambia la mujer. Si muchas mujeres entran a la pol\u00edtica, lo que cambia es la pol\u00edtica\\\" Invitaci\u00f3n del Subcomit\u00e9 de la UCR. - CELTTV\",\"isPartOf\":{\"@id\":\"https:\/\/www.celttv.com.ar\/#website\"},\"datePublished\":\"2022-05-11T22:01:08+00:00\",\"dateModified\":\"2022-05-11T22:01:08+00:00\",\"description\":\"Sitio web de noticias de la localidad de Tornquist, provincia de Buenos Aires, Rep\u00fablica Argentina. Contenido propio originado por periodistas de CELTTV, el canal de TV local de la Cooperativa El\u00e9ctrica de Tornquist. Turismo, Pol\u00edtica, Sociedad, Deporte, Cultura y todo el contenido de inter\u00e9s general que la gente del pueblo y la regi\u00f3n debe conocer.\",\"breadcrumb\":{\"@id\":\"https:\/\/www.celttv.com.ar\/index.php\/2022\/05\/11\/si-una-mujer-entra-a-la-politica-cambia-la-mujer-si-muchas-mujeres-entran-a-la-politica-lo-que-cambia-es-la-politica-invitacion-del-subcomite-de-la-ucr\/#breadcrumb\"},\"inLanguage\":\"es\",\"potentialAction\":[{\"@type\":\"ReadAction\",\"target\":[\"https:\/\/www.celttv.com.ar\/index.php\/2022\/05\/11\/si-una-mujer-entra-a-la-politica-cambia-la-mujer-si-muchas-mujeres-entran-a-la-politica-lo-que-cambia-es-la-politica-invitacion-del-subcomite-de-la-ucr\/\"]}]},{\"@type\":\"BreadcrumbList\",\"@id\":\"https:\/\/www.celttv.com.ar\/index.php\/2022\/05\/11\/si-una-mujer-entra-a-la-politica-cambia-la-mujer-si-muchas-mujeres-entran-a-la-politica-lo-que-cambia-es-la-politica-invitacion-del-subcomite-de-la-ucr\/#breadcrumb\",\"itemListElement\":[{\"@type\":\"ListItem\",\"position\":1,\"name\":\"Inicio\",\"item\":\"https:\/\/www.celttv.com.ar\/\"},{\"@type\":\"ListItem\",\"position\":2,\"name\":\"&#8220;Si una mujer entra a la pol\u00edtica, cambia la mujer. Si muchas mujeres entran a la pol\u00edtica, lo que cambia es la pol\u00edtica&#8221; Invitaci\u00f3n del Subcomit\u00e9 de la UCR.\"}]},{\"@type\":\"WebSite\",\"@id\":\"https:\/\/www.celttv.com.ar\/#website\",\"url\":\"https:\/\/www.celttv.com.ar\/\",\"name\":\"CELTTV\",\"description\":\"Cooperativa El\u00e9ctrica de Tornquist\",\"publisher\":{\"@id\":\"https:\/\/www.celttv.com.ar\/#organization\"},\"potentialAction\":[{\"@type\":\"SearchAction\",\"target\":{\"@type\":\"EntryPoint\",\"urlTemplate\":\"https:\/\/www.celttv.com.ar\/?s={search_term_string}\"},\"query-input\":\"required name=search_term_string\"}],\"inLanguage\":\"es\"},{\"@type\":\"Organization\",\"@id\":\"https:\/\/www.celttv.com.ar\/#organization\",\"name\":\"CELTTV\",\"url\":\"https:\/\/www.celttv.com.ar\/\",\"sameAs\":[\"https:\/\/www.youtube.com\/channel\/UCz_oIt8Hig64Ub-EmcNPIhg\",\"https:\/\/www.facebook.com\/celtTV\/\"],\"logo\":{\"@type\":\"ImageObject\",\"inLanguage\":\"es\",\"@id\":\"https:\/\/www.celttv.com.ar\/#\/schema\/logo\/image\/\",\"url\":\"http:\/\/www.celttv.com.ar\/wp-content\/uploads\/2022\/08\/logo-1.png\",\"contentUrl\":\"http:\/\/www.celttv.com.ar\/wp-content\/uploads\/2022\/08\/logo-1.png\",\"width\":461,\"height\":159,\"caption\":\"CELTTV\"},\"image\":{\"@id\":\"https:\/\/www.celttv.com.ar\/#\/schema\/logo\/image\/\"}},{\"@type\":\"Person\",\"@id\":\"https:\/\/www.celttv.com.ar\/#\/schema\/person\/6d99c072dba59953809c81446e9d0ace\",\"name\":\"ulises\",\"image\":{\"@type\":\"ImageObject\",\"inLanguage\":\"es\",\"@id\":\"https:\/\/www.celttv.com.ar\/#\/schema\/person\/image\/\",\"url\":\"https:\/\/secure.gravatar.com\/avatar\/7f2c48bdc33b30088f941fb6082e555f2874c98e20cb159d7b92b50eadfce793?s=96&d=mm&r=g\",\"contentUrl\":\"https:\/\/secure.gravatar.com\/avatar\/7f2c48bdc33b30088f941fb6082e555f2874c98e20cb159d7b92b50eadfce793?s=96&d=mm&r=g\",\"caption\":\"ulises\"},\"sameAs\":[\"http:\/\/www.celttv.com.ar\"]}]}<\/script>\n<!-- \/ Yoast SEO plugin. -->","yoast_head_json":{"title":"\"Si una mujer entra a la pol\u00edtica, cambia la mujer. Si muchas mujeres entran a la pol\u00edtica, lo que cambia es la pol\u00edtica\" Invitaci\u00f3n del Subcomit\u00e9 de la UCR. - CELTTV","description":"Sitio web de noticias de la localidad de Tornquist, provincia de Buenos Aires, Rep\u00fablica Argentina. Contenido propio originado por periodistas de CELTTV, el canal de TV local de la Cooperativa El\u00e9ctrica de Tornquist. Turismo, Pol\u00edtica, Sociedad, Deporte, Cultura y todo el contenido de inter\u00e9s general que la gente del pueblo y la regi\u00f3n debe conocer.","robots":{"index":"index","follow":"follow","max-snippet":"max-snippet:-1","max-image-preview":"max-image-preview:large","max-video-preview":"max-video-preview:-1"},"canonical":"https:\/\/www.celttv.com.ar\/index.php\/2022\/05\/11\/si-una-mujer-entra-a-la-politica-cambia-la-mujer-si-muchas-mujeres-entran-a-la-politica-lo-que-cambia-es-la-politica-invitacion-del-subcomite-de-la-ucr\/","og_locale":"es_ES","og_type":"article","og_title":"\"Si una mujer entra a la pol\u00edtica, cambia la mujer. Si muchas mujeres entran a la pol\u00edtica, lo que cambia es la pol\u00edtica\" Invitaci\u00f3n del Subcomit\u00e9 de la UCR. - CELTTV","og_description":"Sitio web de noticias de la localidad de Tornquist, provincia de Buenos Aires, Rep\u00fablica Argentina. Contenido propio originado por periodistas de CELTTV, el canal de TV local de la Cooperativa El\u00e9ctrica de Tornquist. Turismo, Pol\u00edtica, Sociedad, Deporte, Cultura y todo el contenido de inter\u00e9s general que la gente del pueblo y la regi\u00f3n debe conocer.","og_url":"https:\/\/www.celttv.com.ar\/index.php\/2022\/05\/11\/si-una-mujer-entra-a-la-politica-cambia-la-mujer-si-muchas-mujeres-entran-a-la-politica-lo-que-cambia-es-la-politica-invitacion-del-subcomite-de-la-ucr\/","og_site_name":"CELTTV","article_publisher":"https:\/\/www.facebook.com\/celtTV\/","article_published_time":"2022-05-11T22:01:08+00:00","og_image":[{"width":1081,"height":1081,"url":"https:\/\/www.celttv.com.ar\/wp-content\/uploads\/2022\/05\/sin-mujeres-no.jpg","type":"image\/jpeg"}],"author":"ulises","twitter_card":"summary_large_image","twitter_misc":{"Escrito por":"ulises","Tiempo de lectura":"2 minutos"},"schema":{"@context":"https:\/\/schema.org","@graph":[{"@type":"NewsArticle","@id":"https:\/\/www.celttv.com.ar\/index.php\/2022\/05\/11\/si-una-mujer-entra-a-la-politica-cambia-la-mujer-si-muchas-mujeres-entran-a-la-politica-lo-que-cambia-es-la-politica-invitacion-del-subcomite-de-la-ucr\/#article","isPartOf":{"@id":"https:\/\/www.celttv.com.ar\/index.php\/2022\/05\/11\/si-una-mujer-entra-a-la-politica-cambia-la-mujer-si-muchas-mujeres-entran-a-la-politica-lo-que-cambia-es-la-politica-invitacion-del-subcomite-de-la-ucr\/"},"author":{"name":"ulises","@id":"https:\/\/www.celttv.com.ar\/#\/schema\/person\/6d99c072dba59953809c81446e9d0ace"},"headline":"&#8220;Si una mujer entra a la pol\u00edtica, cambia la mujer. Si muchas mujeres entran a la pol\u00edtica, lo que cambia es la pol\u00edtica&#8221; Invitaci\u00f3n del Subcomit\u00e9 de la UCR.","datePublished":"2022-05-11T22:01:08+00:00","dateModified":"2022-05-11T22:01:08+00:00","mainEntityOfPage":{"@id":"https:\/\/www.celttv.com.ar\/index.php\/2022\/05\/11\/si-una-mujer-entra-a-la-politica-cambia-la-mujer-si-muchas-mujeres-entran-a-la-politica-lo-que-cambia-es-la-politica-invitacion-del-subcomite-de-la-ucr\/"},"wordCount":372,"publisher":{"@id":"https:\/\/www.celttv.com.ar\/#organization"},"keywords":["&quot;Si una mujer entra a la pol\u00edtica","cambia la mujer. Si muchas mujeres entran a la pol\u00edtica"],"articleSection":["Comunidad","Destacadas","Pol\u00edtica"],"inLanguage":"es"},{"@type":"WebPage","@id":"https:\/\/www.celttv.com.ar\/index.php\/2022\/05\/11\/si-una-mujer-entra-a-la-politica-cambia-la-mujer-si-muchas-mujeres-entran-a-la-politica-lo-que-cambia-es-la-politica-invitacion-del-subcomite-de-la-ucr\/","url":"https:\/\/www.celttv.com.ar\/index.php\/2022\/05\/11\/si-una-mujer-entra-a-la-politica-cambia-la-mujer-si-muchas-mujeres-entran-a-la-politica-lo-que-cambia-es-la-politica-invitacion-del-subcomite-de-la-ucr\/","name":"\"Si una mujer entra a la pol\u00edtica, cambia la mujer. Si muchas mujeres entran a la pol\u00edtica, lo que cambia es la pol\u00edtica\" Invitaci\u00f3n del Subcomit\u00e9 de la UCR. - CELTTV","isPartOf":{"@id":"https:\/\/www.celttv.com.ar\/#website"},"datePublished":"2022-05-11T22:01:08+00:00","dateModified":"2022-05-11T22:01:08+00:00","description":"Sitio web de noticias de la localidad de Tornquist, provincia de Buenos Aires, Rep\u00fablica Argentina. Contenido propio originado por periodistas de CELTTV, el canal de TV local de la Cooperativa El\u00e9ctrica de Tornquist. Turismo, Pol\u00edtica, Sociedad, Deporte, Cultura y todo el contenido de inter\u00e9s general que la gente del pueblo y la regi\u00f3n debe conocer.","breadcrumb":{"@id":"https:\/\/www.celttv.com.ar\/index.php\/2022\/05\/11\/si-una-mujer-entra-a-la-politica-cambia-la-mujer-si-muchas-mujeres-entran-a-la-politica-lo-que-cambia-es-la-politica-invitacion-del-subcomite-de-la-ucr\/#breadcrumb"},"inLanguage":"es","potentialAction":[{"@type":"ReadAction","target":["https:\/\/www.celttv.com.ar\/index.php\/2022\/05\/11\/si-una-mujer-entra-a-la-politica-cambia-la-mujer-si-muchas-mujeres-entran-a-la-politica-lo-que-cambia-es-la-politica-invitacion-del-subcomite-de-la-ucr\/"]}]},{"@type":"BreadcrumbList","@id":"https:\/\/www.celttv.com.ar\/index.php\/2022\/05\/11\/si-una-mujer-entra-a-la-politica-cambia-la-mujer-si-muchas-mujeres-entran-a-la-politica-lo-que-cambia-es-la-politica-invitacion-del-subcomite-de-la-ucr\/#breadcrumb","itemListElement":[{"@type":"ListItem","position":1,"name":"Inicio","item":"https:\/\/www.celttv.com.ar\/"},{"@type":"ListItem","position":2,"name":"&#8220;Si una mujer entra a la pol\u00edtica, cambia la mujer. Si muchas mujeres entran a la pol\u00edtica, lo que cambia es la pol\u00edtica&#8221; Invitaci\u00f3n del Subcomit\u00e9 de la UCR."}]},{"@type":"WebSite","@id":"https:\/\/www.celttv.com.ar\/#website","url":"https:\/\/www.celttv.com.ar\/","name":"CELTTV","description":"Cooperativa El\u00e9ctrica de Tornquist","publisher":{"@id":"https:\/\/www.celttv.com.ar\/#organization"},"potentialAction":[{"@type":"SearchAction","target":{"@type":"EntryPoint","urlTemplate":"https:\/\/www.celttv.com.ar\/?s={search_term_string}"},"query-input":"required name=search_term_string"}],"inLanguage":"es"},{"@type":"Organization","@id":"https:\/\/www.celttv.com.ar\/#organization","name":"CELTTV","url":"https:\/\/www.celttv.com.ar\/","sameAs":["https:\/\/www.youtube.com\/channel\/UCz_oIt8Hig64Ub-EmcNPIhg","https:\/\/www.facebook.com\/celtTV\/"],"logo":{"@type":"ImageObject","inLanguage":"es","@id":"https:\/\/www.celttv.com.ar\/#\/schema\/logo\/image\/","url":"http:\/\/www.celttv.com.ar\/wp-content\/uploads\/2022\/08\/logo-1.png","contentUrl":"http:\/\/www.celttv.com.ar\/wp-content\/uploads\/2022\/08\/logo-1.png","width":461,"height":159,"caption":"CELTTV"},"image":{"@id":"https:\/\/www.celttv.com.ar\/#\/schema\/logo\/image\/"}},{"@type":"Person","@id":"https:\/\/www.celttv.com.ar\/#\/schema\/person\/6d99c072dba59953809c81446e9d0ace","name":"ulises","image":{"@type":"ImageObject","inLanguage":"es","@id":"https:\/\/www.celttv.com.ar\/#\/schema\/person\/image\/","url":"https:\/\/secure.gravatar.com\/avatar\/7f2c48bdc33b30088f941fb6082e555f2874c98e20cb159d7b92b50eadfce793?s=96&d=mm&r=g","contentUrl":"https:\/\/secure.gravatar.com\/avatar\/7f2c48bdc33b30088f941fb6082e555f2874c98e20cb159d7b92b50eadfce793?s=96&d=mm&r=g","caption":"ulises"},"sameAs":["http:\/\/www.celttv.com.ar"]}]}},"_links":{"self":[{"href":"https:\/\/www.celttv.com.ar\/index.php\/wp-json\/wp\/v2\/posts\/65958","targetHints":{"allow":["GET"]}}],"collection":[{"href":"https:\/\/www.celttv.com.ar\/index.php\/wp-json\/wp\/v2\/posts"}],"about":[{"href":"https:\/\/www.celttv.com.ar\/index.php\/wp-json\/wp\/v2\/types\/post"}],"author":[{"embeddable":true,"href":"https:\/\/www.celttv.com.ar\/index.php\/wp-json\/wp\/v2\/users\/1"}],"replies":[{"embeddable":true,"href":"https:\/\/www.celttv.com.ar\/index.php\/wp-json\/wp\/v2\/comments?post=65958"}],"version-history":[{"count":0,"href":"https:\/\/www.celttv.com.ar\/index.php\/wp-json\/wp\/v2\/posts\/65958\/revisions"}],"wp:featuredmedia":[{"embeddable":true,"href":"https:\/\/www.celttv.com.ar\/index.php\/wp-json\/wp\/v2\/media\/65959"}],"wp:attachment":[{"href":"https:\/\/www.celttv.com.ar\/index.php\/wp-json\/wp\/v2\/media?parent=65958"}],"wp:term":[{"taxonomy":"category","embeddable":true,"href":"https:\/\/www.celttv.com.ar\/index.php\/wp-json\/wp\/v2\/categories?post=65958"},{"taxonomy":"post_tag","embeddable":true,"href":"https:\/\/www.celttv.com.ar\/index.php\/wp-json\/wp\/v2\/tags?post=65958"}],"curies":[{"name":"wp","href":"https:\/\/api.w.org\/{rel}","templated":true}]}}