{"id":6618,"date":"2012-05-21T19:01:17","date_gmt":"2012-05-21T19:01:17","guid":{"rendered":"http:\/\/www.tvcnoticias.com.ar\/?p=6618"},"modified":"2012-05-21T19:01:17","modified_gmt":"2012-05-21T19:01:17","slug":"solo-dos-semanas-para-la-eliminacion-de-las-bolsas-camiseta","status":"publish","type":"post","link":"https:\/\/www.celttv.com.ar\/index.php\/2012\/05\/21\/solo-dos-semanas-para-la-eliminacion-de-las-bolsas-camiseta\/","title":{"rendered":"SOLO DOS SEMANAS PARA LA ELIMINACION DE LAS BOLSAS CAMISETA"},"content":{"rendered":"<p><img loading=\"lazy\" decoding=\"async\" class=\"aligncenter size-full wp-image-6619\" title=\"BOLSAS DE PLASTICO\" src=\"http:\/\/www.tvcnoticias.com.ar\/wp-content\/uploads\/2012\/05\/BOLSAS-DE-PLASTICO.jpg\" alt=\"\" width=\"200\" height=\"175\" \/><br \/>\nCada vez falta menos. El martes 5 de junio ser\u00e1 un d\u00eda trascendente para el futuro del distrito de Tornquist: a partir de ese d\u00eda se eliminar\u00e1 el uso de bolsas tipo camiseta biodegradables, una fuerte apuesta del gobierno municipal que lidera el intendente Gustavo Trankels en pos de la ecolog\u00eda y el cuidado del medio ambiente.<br \/>\n\u00a0\u00a0 La iniciativa convertir\u00e1 a Tornquist en el primer territorio de la provincia de Buenos Aires en adoptar la medida y significar\u00e1 un importante cambio cultural tanto para los comerciantes como para el resto de la poblaci\u00f3n.<br \/>\n\u00a0\u00a0 El proyecto, que comenzar\u00e1 en coincidencia con el D\u00eda Mundial del Medio Ambiente, fue presentado por los bloques de concejales del Frente Para la Victoria y el Frente Justicialista para la Victoria, y aprobado por unanimidad por el Concejo Deliberante.<br \/>\n\u00a0\u00a0 La cuenta regresiva ya se encuentra en marcha. En apenas 14 d\u00edas se pondr\u00e1 en marcha el plan trabajado en conjunto con la secretar\u00eda de Producci\u00f3n y Medio Ambiente, y que avalar\u00e1 el trabajo que en este sentido ven\u00edan realizando algunas entidades intermedias de nuestro distrito.<br \/>\n\u00a0\u00a0 A partir de la implementaci\u00f3n definitiva estar\u00e1 prohibido en todo el territorio del distrito la entrega de bolsas tipo camiseta no biodegradables y biodegradables para contener las mercader\u00edas adquiridas por sus clientes, por parte de todos los supermercados, autoservicios, almacenes y comercios en general.<br \/>\n\u00a0\u00a0 Esta iniciativa se suma a los programas que ya se encuentran en marcha por parte de la Municipalidad de Tornquist, todos en pos de cuidar el medio ambiente: Tu Manzana Recicla (actualmente funcionando en Saldungaray y Sierra de la Ventana) y Bio (recolecci\u00f3n de aceite vegetal usado).<br \/>\nPrensa Municipalidad de Tornquist (<a href=\"mailto:prensa@tornquist.gov.ar\">prensa@tornquist.gov.ar<\/a>)<br \/>\nTwitter: @prensatornquist<br \/>\n<a href=\"http:\/\/www.tornquist.gov.ar\/\">www.tornquist.gov.ar<\/a><\/p>\n","protected":false},"excerpt":{"rendered":"<p>Cada vez falta menos. El martes 5 de junio ser\u00e1 un d\u00eda trascendente para el futuro del distrito de Tornquist: a partir de ese d\u00eda se eliminar\u00e1 el uso de bolsas tipo camiseta biodegradables, una fuerte apuesta del gobierno municipal que lidera el intendente Gustavo Trankels en pos de la ecolog\u00eda y el cuidado del [&hellip;]<\/p>\n","protected":false},"author":1,"featured_media":0,"comment_status":"closed","ping_status":"open","sticky":false,"template":"","format":"standard","meta":{"footnotes":""},"categories":[51,52,53],"tags":[],"class_list":["post-6618","post","type-post","status-publish","format-standard","hentry","category-comunidad","category-destacadas","category-politica"],"yoast_head":"<!-- This site is optimized with the Yoast SEO plugin v19.7.1 - https:\/\/yoast.com\/wordpress\/plugins\/seo\/ -->\n<title>SOLO DOS SEMANAS PARA LA ELIMINACION DE LAS BOLSAS CAMISETA - CELTTV<\/title>\n<meta name=\"description\" content=\"Sitio web de noticias de la localidad de Tornquist, provincia de Buenos Aires, Rep\u00fablica Argentina. Contenido propio originado por periodistas de CELTTV, el canal de TV local de la Cooperativa El\u00e9ctrica de Tornquist. Turismo, Pol\u00edtica, Sociedad, Deporte, Cultura y todo el contenido de inter\u00e9s general que la gente del pueblo y la regi\u00f3n debe conocer.\" \/>\n<meta name=\"robots\" content=\"index, follow, max-snippet:-1, max-image-preview:large, max-video-preview:-1\" \/>\n<link rel=\"canonical\" href=\"https:\/\/www.celttv.com.ar\/index.php\/2012\/05\/21\/solo-dos-semanas-para-la-eliminacion-de-las-bolsas-camiseta\/\" \/>\n<meta property=\"og:locale\" content=\"es_ES\" \/>\n<meta property=\"og:type\" content=\"article\" \/>\n<meta property=\"og:title\" content=\"SOLO DOS SEMANAS PARA LA ELIMINACION DE LAS BOLSAS CAMISETA - CELTTV\" \/>\n<meta property=\"og:description\" content=\"Sitio web de noticias de la localidad de Tornquist, provincia de Buenos Aires, Rep\u00fablica Argentina. Contenido propio originado por periodistas de CELTTV, el canal de TV local de la Cooperativa El\u00e9ctrica de Tornquist. Turismo, Pol\u00edtica, Sociedad, Deporte, Cultura y todo el contenido de inter\u00e9s general que la gente del pueblo y la regi\u00f3n debe conocer.\" \/>\n<meta property=\"og:url\" content=\"https:\/\/www.celttv.com.ar\/index.php\/2012\/05\/21\/solo-dos-semanas-para-la-eliminacion-de-las-bolsas-camiseta\/\" \/>\n<meta property=\"og:site_name\" content=\"CELTTV\" \/>\n<meta property=\"article:publisher\" content=\"https:\/\/www.facebook.com\/celtTV\/\" \/>\n<meta property=\"article:published_time\" content=\"2012-05-21T19:01:17+00:00\" \/>\n<meta property=\"og:image\" content=\"http:\/\/www.tvcnoticias.com.ar\/wp-content\/uploads\/2012\/05\/BOLSAS-DE-PLASTICO.jpg\" \/>\n<meta name=\"author\" content=\"ulises\" \/>\n<meta name=\"twitter:card\" content=\"summary_large_image\" \/>\n<meta name=\"twitter:label1\" content=\"Escrito por\" \/>\n\t<meta name=\"twitter:data1\" content=\"ulises\" \/>\n\t<meta name=\"twitter:label2\" content=\"Tiempo de lectura\" \/>\n\t<meta name=\"twitter:data2\" content=\"1 minuto\" \/>\n<script type=\"application\/ld+json\" class=\"yoast-schema-graph\">{\"@context\":\"https:\/\/schema.org\",\"@graph\":[{\"@type\":\"NewsArticle\",\"@id\":\"https:\/\/www.celttv.com.ar\/index.php\/2012\/05\/21\/solo-dos-semanas-para-la-eliminacion-de-las-bolsas-camiseta\/#article\",\"isPartOf\":{\"@id\":\"https:\/\/www.celttv.com.ar\/index.php\/2012\/05\/21\/solo-dos-semanas-para-la-eliminacion-de-las-bolsas-camiseta\/\"},\"author\":{\"name\":\"ulises\",\"@id\":\"https:\/\/www.celttv.com.ar\/#\/schema\/person\/6d99c072dba59953809c81446e9d0ace\"},\"headline\":\"SOLO DOS SEMANAS PARA LA ELIMINACION DE LAS BOLSAS CAMISETA\",\"datePublished\":\"2012-05-21T19:01:17+00:00\",\"dateModified\":\"2012-05-21T19:01:17+00:00\",\"mainEntityOfPage\":{\"@id\":\"https:\/\/www.celttv.com.ar\/index.php\/2012\/05\/21\/solo-dos-semanas-para-la-eliminacion-de-las-bolsas-camiseta\/\"},\"wordCount\":304,\"publisher\":{\"@id\":\"https:\/\/www.celttv.com.ar\/#organization\"},\"articleSection\":[\"Comunidad\",\"Destacadas\",\"Pol\u00edtica\"],\"inLanguage\":\"es\"},{\"@type\":\"WebPage\",\"@id\":\"https:\/\/www.celttv.com.ar\/index.php\/2012\/05\/21\/solo-dos-semanas-para-la-eliminacion-de-las-bolsas-camiseta\/\",\"url\":\"https:\/\/www.celttv.com.ar\/index.php\/2012\/05\/21\/solo-dos-semanas-para-la-eliminacion-de-las-bolsas-camiseta\/\",\"name\":\"SOLO DOS SEMANAS PARA LA ELIMINACION DE LAS BOLSAS CAMISETA - CELTTV\",\"isPartOf\":{\"@id\":\"https:\/\/www.celttv.com.ar\/#website\"},\"datePublished\":\"2012-05-21T19:01:17+00:00\",\"dateModified\":\"2012-05-21T19:01:17+00:00\",\"description\":\"Sitio web de noticias de la localidad de Tornquist, provincia de Buenos Aires, Rep\u00fablica Argentina. Contenido propio originado por periodistas de CELTTV, el canal de TV local de la Cooperativa El\u00e9ctrica de Tornquist. Turismo, Pol\u00edtica, Sociedad, Deporte, Cultura y todo el contenido de inter\u00e9s general que la gente del pueblo y la regi\u00f3n debe conocer.\",\"breadcrumb\":{\"@id\":\"https:\/\/www.celttv.com.ar\/index.php\/2012\/05\/21\/solo-dos-semanas-para-la-eliminacion-de-las-bolsas-camiseta\/#breadcrumb\"},\"inLanguage\":\"es\",\"potentialAction\":[{\"@type\":\"ReadAction\",\"target\":[\"https:\/\/www.celttv.com.ar\/index.php\/2012\/05\/21\/solo-dos-semanas-para-la-eliminacion-de-las-bolsas-camiseta\/\"]}]},{\"@type\":\"BreadcrumbList\",\"@id\":\"https:\/\/www.celttv.com.ar\/index.php\/2012\/05\/21\/solo-dos-semanas-para-la-eliminacion-de-las-bolsas-camiseta\/#breadcrumb\",\"itemListElement\":[{\"@type\":\"ListItem\",\"position\":1,\"name\":\"Inicio\",\"item\":\"https:\/\/www.celttv.com.ar\/\"},{\"@type\":\"ListItem\",\"position\":2,\"name\":\"SOLO DOS SEMANAS PARA LA ELIMINACION DE LAS BOLSAS CAMISETA\"}]},{\"@type\":\"WebSite\",\"@id\":\"https:\/\/www.celttv.com.ar\/#website\",\"url\":\"https:\/\/www.celttv.com.ar\/\",\"name\":\"CELTTV\",\"description\":\"Cooperativa El\u00e9ctrica de Tornquist\",\"publisher\":{\"@id\":\"https:\/\/www.celttv.com.ar\/#organization\"},\"potentialAction\":[{\"@type\":\"SearchAction\",\"target\":{\"@type\":\"EntryPoint\",\"urlTemplate\":\"https:\/\/www.celttv.com.ar\/?s={search_term_string}\"},\"query-input\":\"required name=search_term_string\"}],\"inLanguage\":\"es\"},{\"@type\":\"Organization\",\"@id\":\"https:\/\/www.celttv.com.ar\/#organization\",\"name\":\"CELTTV\",\"url\":\"https:\/\/www.celttv.com.ar\/\",\"sameAs\":[\"https:\/\/www.youtube.com\/channel\/UCz_oIt8Hig64Ub-EmcNPIhg\",\"https:\/\/www.facebook.com\/celtTV\/\"],\"logo\":{\"@type\":\"ImageObject\",\"inLanguage\":\"es\",\"@id\":\"https:\/\/www.celttv.com.ar\/#\/schema\/logo\/image\/\",\"url\":\"http:\/\/www.celttv.com.ar\/wp-content\/uploads\/2022\/08\/logo-1.png\",\"contentUrl\":\"http:\/\/www.celttv.com.ar\/wp-content\/uploads\/2022\/08\/logo-1.png\",\"width\":461,\"height\":159,\"caption\":\"CELTTV\"},\"image\":{\"@id\":\"https:\/\/www.celttv.com.ar\/#\/schema\/logo\/image\/\"}},{\"@type\":\"Person\",\"@id\":\"https:\/\/www.celttv.com.ar\/#\/schema\/person\/6d99c072dba59953809c81446e9d0ace\",\"name\":\"ulises\",\"image\":{\"@type\":\"ImageObject\",\"inLanguage\":\"es\",\"@id\":\"https:\/\/www.celttv.com.ar\/#\/schema\/person\/image\/\",\"url\":\"https:\/\/secure.gravatar.com\/avatar\/7f2c48bdc33b30088f941fb6082e555f2874c98e20cb159d7b92b50eadfce793?s=96&d=mm&r=g\",\"contentUrl\":\"https:\/\/secure.gravatar.com\/avatar\/7f2c48bdc33b30088f941fb6082e555f2874c98e20cb159d7b92b50eadfce793?s=96&d=mm&r=g\",\"caption\":\"ulises\"},\"sameAs\":[\"http:\/\/www.celttv.com.ar\"]}]}<\/script>\n<!-- \/ Yoast SEO plugin. -->","yoast_head_json":{"title":"SOLO DOS SEMANAS PARA LA ELIMINACION DE LAS BOLSAS CAMISETA - CELTTV","description":"Sitio web de noticias de la localidad de Tornquist, provincia de Buenos Aires, Rep\u00fablica Argentina. Contenido propio originado por periodistas de CELTTV, el canal de TV local de la Cooperativa El\u00e9ctrica de Tornquist. Turismo, Pol\u00edtica, Sociedad, Deporte, Cultura y todo el contenido de inter\u00e9s general que la gente del pueblo y la regi\u00f3n debe conocer.","robots":{"index":"index","follow":"follow","max-snippet":"max-snippet:-1","max-image-preview":"max-image-preview:large","max-video-preview":"max-video-preview:-1"},"canonical":"https:\/\/www.celttv.com.ar\/index.php\/2012\/05\/21\/solo-dos-semanas-para-la-eliminacion-de-las-bolsas-camiseta\/","og_locale":"es_ES","og_type":"article","og_title":"SOLO DOS SEMANAS PARA LA ELIMINACION DE LAS BOLSAS CAMISETA - CELTTV","og_description":"Sitio web de noticias de la localidad de Tornquist, provincia de Buenos Aires, Rep\u00fablica Argentina. Contenido propio originado por periodistas de CELTTV, el canal de TV local de la Cooperativa El\u00e9ctrica de Tornquist. Turismo, Pol\u00edtica, Sociedad, Deporte, Cultura y todo el contenido de inter\u00e9s general que la gente del pueblo y la regi\u00f3n debe conocer.","og_url":"https:\/\/www.celttv.com.ar\/index.php\/2012\/05\/21\/solo-dos-semanas-para-la-eliminacion-de-las-bolsas-camiseta\/","og_site_name":"CELTTV","article_publisher":"https:\/\/www.facebook.com\/celtTV\/","article_published_time":"2012-05-21T19:01:17+00:00","og_image":[{"url":"http:\/\/www.tvcnoticias.com.ar\/wp-content\/uploads\/2012\/05\/BOLSAS-DE-PLASTICO.jpg"}],"author":"ulises","twitter_card":"summary_large_image","twitter_misc":{"Escrito por":"ulises","Tiempo de lectura":"1 minuto"},"schema":{"@context":"https:\/\/schema.org","@graph":[{"@type":"NewsArticle","@id":"https:\/\/www.celttv.com.ar\/index.php\/2012\/05\/21\/solo-dos-semanas-para-la-eliminacion-de-las-bolsas-camiseta\/#article","isPartOf":{"@id":"https:\/\/www.celttv.com.ar\/index.php\/2012\/05\/21\/solo-dos-semanas-para-la-eliminacion-de-las-bolsas-camiseta\/"},"author":{"name":"ulises","@id":"https:\/\/www.celttv.com.ar\/#\/schema\/person\/6d99c072dba59953809c81446e9d0ace"},"headline":"SOLO DOS SEMANAS PARA LA ELIMINACION DE LAS BOLSAS CAMISETA","datePublished":"2012-05-21T19:01:17+00:00","dateModified":"2012-05-21T19:01:17+00:00","mainEntityOfPage":{"@id":"https:\/\/www.celttv.com.ar\/index.php\/2012\/05\/21\/solo-dos-semanas-para-la-eliminacion-de-las-bolsas-camiseta\/"},"wordCount":304,"publisher":{"@id":"https:\/\/www.celttv.com.ar\/#organization"},"articleSection":["Comunidad","Destacadas","Pol\u00edtica"],"inLanguage":"es"},{"@type":"WebPage","@id":"https:\/\/www.celttv.com.ar\/index.php\/2012\/05\/21\/solo-dos-semanas-para-la-eliminacion-de-las-bolsas-camiseta\/","url":"https:\/\/www.celttv.com.ar\/index.php\/2012\/05\/21\/solo-dos-semanas-para-la-eliminacion-de-las-bolsas-camiseta\/","name":"SOLO DOS SEMANAS PARA LA ELIMINACION DE LAS BOLSAS CAMISETA - CELTTV","isPartOf":{"@id":"https:\/\/www.celttv.com.ar\/#website"},"datePublished":"2012-05-21T19:01:17+00:00","dateModified":"2012-05-21T19:01:17+00:00","description":"Sitio web de noticias de la localidad de Tornquist, provincia de Buenos Aires, Rep\u00fablica Argentina. Contenido propio originado por periodistas de CELTTV, el canal de TV local de la Cooperativa El\u00e9ctrica de Tornquist. Turismo, Pol\u00edtica, Sociedad, Deporte, Cultura y todo el contenido de inter\u00e9s general que la gente del pueblo y la regi\u00f3n debe conocer.","breadcrumb":{"@id":"https:\/\/www.celttv.com.ar\/index.php\/2012\/05\/21\/solo-dos-semanas-para-la-eliminacion-de-las-bolsas-camiseta\/#breadcrumb"},"inLanguage":"es","potentialAction":[{"@type":"ReadAction","target":["https:\/\/www.celttv.com.ar\/index.php\/2012\/05\/21\/solo-dos-semanas-para-la-eliminacion-de-las-bolsas-camiseta\/"]}]},{"@type":"BreadcrumbList","@id":"https:\/\/www.celttv.com.ar\/index.php\/2012\/05\/21\/solo-dos-semanas-para-la-eliminacion-de-las-bolsas-camiseta\/#breadcrumb","itemListElement":[{"@type":"ListItem","position":1,"name":"Inicio","item":"https:\/\/www.celttv.com.ar\/"},{"@type":"ListItem","position":2,"name":"SOLO DOS SEMANAS PARA LA ELIMINACION DE LAS BOLSAS CAMISETA"}]},{"@type":"WebSite","@id":"https:\/\/www.celttv.com.ar\/#website","url":"https:\/\/www.celttv.com.ar\/","name":"CELTTV","description":"Cooperativa El\u00e9ctrica de Tornquist","publisher":{"@id":"https:\/\/www.celttv.com.ar\/#organization"},"potentialAction":[{"@type":"SearchAction","target":{"@type":"EntryPoint","urlTemplate":"https:\/\/www.celttv.com.ar\/?s={search_term_string}"},"query-input":"required name=search_term_string"}],"inLanguage":"es"},{"@type":"Organization","@id":"https:\/\/www.celttv.com.ar\/#organization","name":"CELTTV","url":"https:\/\/www.celttv.com.ar\/","sameAs":["https:\/\/www.youtube.com\/channel\/UCz_oIt8Hig64Ub-EmcNPIhg","https:\/\/www.facebook.com\/celtTV\/"],"logo":{"@type":"ImageObject","inLanguage":"es","@id":"https:\/\/www.celttv.com.ar\/#\/schema\/logo\/image\/","url":"http:\/\/www.celttv.com.ar\/wp-content\/uploads\/2022\/08\/logo-1.png","contentUrl":"http:\/\/www.celttv.com.ar\/wp-content\/uploads\/2022\/08\/logo-1.png","width":461,"height":159,"caption":"CELTTV"},"image":{"@id":"https:\/\/www.celttv.com.ar\/#\/schema\/logo\/image\/"}},{"@type":"Person","@id":"https:\/\/www.celttv.com.ar\/#\/schema\/person\/6d99c072dba59953809c81446e9d0ace","name":"ulises","image":{"@type":"ImageObject","inLanguage":"es","@id":"https:\/\/www.celttv.com.ar\/#\/schema\/person\/image\/","url":"https:\/\/secure.gravatar.com\/avatar\/7f2c48bdc33b30088f941fb6082e555f2874c98e20cb159d7b92b50eadfce793?s=96&d=mm&r=g","contentUrl":"https:\/\/secure.gravatar.com\/avatar\/7f2c48bdc33b30088f941fb6082e555f2874c98e20cb159d7b92b50eadfce793?s=96&d=mm&r=g","caption":"ulises"},"sameAs":["http:\/\/www.celttv.com.ar"]}]}},"_links":{"self":[{"href":"https:\/\/www.celttv.com.ar\/index.php\/wp-json\/wp\/v2\/posts\/6618","targetHints":{"allow":["GET"]}}],"collection":[{"href":"https:\/\/www.celttv.com.ar\/index.php\/wp-json\/wp\/v2\/posts"}],"about":[{"href":"https:\/\/www.celttv.com.ar\/index.php\/wp-json\/wp\/v2\/types\/post"}],"author":[{"embeddable":true,"href":"https:\/\/www.celttv.com.ar\/index.php\/wp-json\/wp\/v2\/users\/1"}],"replies":[{"embeddable":true,"href":"https:\/\/www.celttv.com.ar\/index.php\/wp-json\/wp\/v2\/comments?post=6618"}],"version-history":[{"count":0,"href":"https:\/\/www.celttv.com.ar\/index.php\/wp-json\/wp\/v2\/posts\/6618\/revisions"}],"wp:attachment":[{"href":"https:\/\/www.celttv.com.ar\/index.php\/wp-json\/wp\/v2\/media?parent=6618"}],"wp:term":[{"taxonomy":"category","embeddable":true,"href":"https:\/\/www.celttv.com.ar\/index.php\/wp-json\/wp\/v2\/categories?post=6618"},{"taxonomy":"post_tag","embeddable":true,"href":"https:\/\/www.celttv.com.ar\/index.php\/wp-json\/wp\/v2\/tags?post=6618"}],"curies":[{"name":"wp","href":"https:\/\/api.w.org\/{rel}","templated":true}]}}