{"id":66316,"date":"2022-05-23T21:16:15","date_gmt":"2022-05-23T21:16:15","guid":{"rendered":"http:\/\/www.celttv.com.ar\/?p=66316"},"modified":"2022-05-23T21:16:15","modified_gmt":"2022-05-23T21:16:15","slug":"el-emotivo-encuentro-de-candela-calabresa-y-su-familia-con-el-papa-francisco","status":"publish","type":"post","link":"https:\/\/www.celttv.com.ar\/index.php\/2022\/05\/23\/el-emotivo-encuentro-de-candela-calabresa-y-su-familia-con-el-papa-francisco\/","title":{"rendered":"El emotivo encuentro de Candela Calabrese y su familia con el Papa Francisco"},"content":{"rendered":"\n<p>La j\u00f3ven Candela Calabrese y su familia est\u00e1n compartiendo momentos inolvidables en Italia, lugar al que fueron convocados para que sean testigos directos de la canonizaci\u00f3n de &#8220;Maria Domenica Mantovani&#8221;.<\/p>\n\n\n<p>La historia de la religiosa italiana y el milagro que se produjo con Candela entre el 10 y el 13 de junio de 2011, permiti\u00f3 que la familia Calebrese emprenda -a principios de Mayo- el viaje hacia Italia para ser testigos de la canonizaci\u00f3n de la denominada &#8220;Madre Mar\u00eda&#8221; (Maria Domenica Mantovani) <\/p>\n\n\n<p>Sin dudas, el 15 y 18 de Mayo de 2022 pasar\u00e1n a ocupar un lugar muy especial en el coraz\u00f3n de cada uno de los integrantes de la familia Calabrese (Cande, Mariano, Laura, Alma y Juan)<\/p>\n\n\n<p>El domingo 15, el Papa Francisco convirti\u00f3 en Santa a la &#8220;Madre Mar\u00eda&#8221;, ante la presencia de 45 mil fieles que estaban en la Plaza San Pedro del Vaticano (entre ellos Cande y su familia).<\/p>\n\n\n<p>Ese d\u00eda, Cande junto a su mam\u00e1 Laura (Salgado) tuvieron el primer contacto con su Santidad, donde lo saludaron y mantuvieron una breve charla.<\/p>\n\n\n<figure class=\"wp-block-image size-large\"><img loading=\"lazy\" decoding=\"async\" width=\"989\" height=\"981\" src=\"http:\/\/www.celttv.com.ar\/wp-content\/uploads\/2022\/05\/IMG-20220523-WA0024-1.jpg\" alt=\"\" class=\"wp-image-66318\" srcset=\"https:\/\/www.celttv.com.ar\/wp-content\/uploads\/2022\/05\/IMG-20220523-WA0024-1.jpg 989w, https:\/\/www.celttv.com.ar\/wp-content\/uploads\/2022\/05\/IMG-20220523-WA0024-1-300x298.jpg 300w, https:\/\/www.celttv.com.ar\/wp-content\/uploads\/2022\/05\/IMG-20220523-WA0024-1-150x150.jpg 150w, https:\/\/www.celttv.com.ar\/wp-content\/uploads\/2022\/05\/IMG-20220523-WA0024-1-768x762.jpg 768w, https:\/\/www.celttv.com.ar\/wp-content\/uploads\/2022\/05\/IMG-20220523-WA0024-1-75x75.jpg 75w, https:\/\/www.celttv.com.ar\/wp-content\/uploads\/2022\/05\/IMG-20220523-WA0024-1-750x744.jpg 750w\" sizes=\"auto, (max-width: 989px) 100vw, 989px\" \/><\/figure>\n\n\n<p>Tres d\u00edas despu\u00e9s, en la tradicional audiencia p\u00fablica de los mi\u00e9rcoles, se registr\u00f3 el segundo encuentro entre el Papa, Cande, Laura y Mariano.<\/p>\n\n\n<p>Durante el di\u00e1logo fraterno con su Santidad, Cande le entreg\u00f3 varios regalos como una escultura tallada en madera con el logo del distrito de Tornquist (elaborado por Cristian Hern\u00e1n), cajas de alfajores de Mamuelquen (Villa Ventana) y un poncho celeste y blanco del local \u201cMalvina, ropa de campo\u201d de Tornquist, de Claudia Piedrabuena.<\/p>\n\n\n<figure class=\"wp-block-image size-large\"><img loading=\"lazy\" decoding=\"async\" width=\"1024\" height=\"755\" src=\"http:\/\/www.celttv.com.ar\/wp-content\/uploads\/2022\/05\/IMG-20220523-WA0021-1-1024x755.jpg\" alt=\"\" class=\"wp-image-66320\" srcset=\"https:\/\/www.celttv.com.ar\/wp-content\/uploads\/2022\/05\/IMG-20220523-WA0021-1-1024x755.jpg 1024w, https:\/\/www.celttv.com.ar\/wp-content\/uploads\/2022\/05\/IMG-20220523-WA0021-1-300x221.jpg 300w, https:\/\/www.celttv.com.ar\/wp-content\/uploads\/2022\/05\/IMG-20220523-WA0021-1-768x566.jpg 768w, https:\/\/www.celttv.com.ar\/wp-content\/uploads\/2022\/05\/IMG-20220523-WA0021-1-750x553.jpg 750w, https:\/\/www.celttv.com.ar\/wp-content\/uploads\/2022\/05\/IMG-20220523-WA0021-1-1140x840.jpg 1140w, https:\/\/www.celttv.com.ar\/wp-content\/uploads\/2022\/05\/IMG-20220523-WA0021-1.jpg 1369w\" sizes=\"auto, (max-width: 1024px) 100vw, 1024px\" \/><\/figure>\n\n\n<figure class=\"wp-block-image size-large\"><img loading=\"lazy\" decoding=\"async\" width=\"1024\" height=\"792\" src=\"http:\/\/www.celttv.com.ar\/wp-content\/uploads\/2022\/05\/IMG-20220523-WA0026-1024x792.jpg\" alt=\"\" class=\"wp-image-66321\" srcset=\"https:\/\/www.celttv.com.ar\/wp-content\/uploads\/2022\/05\/IMG-20220523-WA0026-1024x792.jpg 1024w, https:\/\/www.celttv.com.ar\/wp-content\/uploads\/2022\/05\/IMG-20220523-WA0026-300x232.jpg 300w, https:\/\/www.celttv.com.ar\/wp-content\/uploads\/2022\/05\/IMG-20220523-WA0026-768x594.jpg 768w, https:\/\/www.celttv.com.ar\/wp-content\/uploads\/2022\/05\/IMG-20220523-WA0026-750x580.jpg 750w, https:\/\/www.celttv.com.ar\/wp-content\/uploads\/2022\/05\/IMG-20220523-WA0026-1140x882.jpg 1140w, https:\/\/www.celttv.com.ar\/wp-content\/uploads\/2022\/05\/IMG-20220523-WA0026.jpg 1485w\" sizes=\"auto, (max-width: 1024px) 100vw, 1024px\" \/><\/figure>\n\n\n<figure class=\"wp-block-image size-large\"><img loading=\"lazy\" decoding=\"async\" width=\"1024\" height=\"877\" src=\"http:\/\/www.celttv.com.ar\/wp-content\/uploads\/2022\/05\/IMG-20220523-WA0027-1024x877.jpg\" alt=\"\" class=\"wp-image-66322\" srcset=\"https:\/\/www.celttv.com.ar\/wp-content\/uploads\/2022\/05\/IMG-20220523-WA0027-1024x877.jpg 1024w, https:\/\/www.celttv.com.ar\/wp-content\/uploads\/2022\/05\/IMG-20220523-WA0027-300x257.jpg 300w, https:\/\/www.celttv.com.ar\/wp-content\/uploads\/2022\/05\/IMG-20220523-WA0027-768x658.jpg 768w, https:\/\/www.celttv.com.ar\/wp-content\/uploads\/2022\/05\/IMG-20220523-WA0027-750x643.jpg 750w, https:\/\/www.celttv.com.ar\/wp-content\/uploads\/2022\/05\/IMG-20220523-WA0027-1140x977.jpg 1140w, https:\/\/www.celttv.com.ar\/wp-content\/uploads\/2022\/05\/IMG-20220523-WA0027.jpg 1285w\" sizes=\"auto, (max-width: 1024px) 100vw, 1024px\" \/><\/figure>\n\n\n<figure class=\"wp-block-image size-large\"><img loading=\"lazy\" decoding=\"async\" width=\"1024\" height=\"698\" src=\"http:\/\/www.celttv.com.ar\/wp-content\/uploads\/2022\/05\/IMG-20220523-WA0025-1024x698.jpg\" alt=\"\" class=\"wp-image-66324\" srcset=\"https:\/\/www.celttv.com.ar\/wp-content\/uploads\/2022\/05\/IMG-20220523-WA0025-1024x698.jpg 1024w, https:\/\/www.celttv.com.ar\/wp-content\/uploads\/2022\/05\/IMG-20220523-WA0025-300x205.jpg 300w, https:\/\/www.celttv.com.ar\/wp-content\/uploads\/2022\/05\/IMG-20220523-WA0025-768x524.jpg 768w, https:\/\/www.celttv.com.ar\/wp-content\/uploads\/2022\/05\/IMG-20220523-WA0025-750x511.jpg 750w, https:\/\/www.celttv.com.ar\/wp-content\/uploads\/2022\/05\/IMG-20220523-WA0025-1140x777.jpg 1140w, https:\/\/www.celttv.com.ar\/wp-content\/uploads\/2022\/05\/IMG-20220523-WA0025.jpg 1333w\" sizes=\"auto, (max-width: 1024px) 100vw, 1024px\" \/><\/figure>\n","protected":false},"excerpt":{"rendered":"<p>La j\u00f3ven Candela Calabrese y su familia est\u00e1n compartiendo momentos inolvidables en Italia, lugar al que fueron convocados para que sean testigos directos de la canonizaci\u00f3n de &#8220;Maria Domenica Mantovani&#8221;. La historia de la religiosa italiana y el milagro que se produjo con Candela entre el 10 y el 13 de junio de 2011, permiti\u00f3 [&hellip;]<\/p>\n","protected":false},"author":1,"featured_media":66321,"comment_status":"closed","ping_status":"open","sticky":false,"template":"","format":"standard","meta":{"footnotes":""},"categories":[55,51,52],"tags":[],"class_list":["post-66316","post","type-post","status-publish","format-standard","has-post-thumbnail","hentry","category-celt-tv-noticias","category-comunidad","category-destacadas"],"yoast_head":"<!-- This site is optimized with the Yoast SEO plugin v19.7.1 - https:\/\/yoast.com\/wordpress\/plugins\/seo\/ -->\n<title>El emotivo encuentro de Candela Calabrese y su familia con el Papa Francisco - CELTTV<\/title>\n<meta name=\"description\" content=\"Sitio web de noticias de la localidad de Tornquist, provincia de Buenos Aires, Rep\u00fablica Argentina. Contenido propio originado por periodistas de CELTTV, el canal de TV local de la Cooperativa El\u00e9ctrica de Tornquist. Turismo, Pol\u00edtica, Sociedad, Deporte, Cultura y todo el contenido de inter\u00e9s general que la gente del pueblo y la regi\u00f3n debe conocer.\" \/>\n<meta name=\"robots\" content=\"index, follow, max-snippet:-1, max-image-preview:large, max-video-preview:-1\" \/>\n<link rel=\"canonical\" href=\"https:\/\/www.celttv.com.ar\/index.php\/2022\/05\/23\/el-emotivo-encuentro-de-candela-calabresa-y-su-familia-con-el-papa-francisco\/\" \/>\n<meta property=\"og:locale\" content=\"es_ES\" \/>\n<meta property=\"og:type\" content=\"article\" \/>\n<meta property=\"og:title\" content=\"El emotivo encuentro de Candela Calabrese y su familia con el Papa Francisco - CELTTV\" \/>\n<meta property=\"og:description\" content=\"Sitio web de noticias de la localidad de Tornquist, provincia de Buenos Aires, Rep\u00fablica Argentina. Contenido propio originado por periodistas de CELTTV, el canal de TV local de la Cooperativa El\u00e9ctrica de Tornquist. Turismo, Pol\u00edtica, Sociedad, Deporte, Cultura y todo el contenido de inter\u00e9s general que la gente del pueblo y la regi\u00f3n debe conocer.\" \/>\n<meta property=\"og:url\" content=\"https:\/\/www.celttv.com.ar\/index.php\/2022\/05\/23\/el-emotivo-encuentro-de-candela-calabresa-y-su-familia-con-el-papa-francisco\/\" \/>\n<meta property=\"og:site_name\" content=\"CELTTV\" \/>\n<meta property=\"article:publisher\" content=\"https:\/\/www.facebook.com\/celtTV\/\" \/>\n<meta property=\"article:published_time\" content=\"2022-05-23T21:16:15+00:00\" \/>\n<meta property=\"og:image\" content=\"https:\/\/www.celttv.com.ar\/wp-content\/uploads\/2022\/05\/IMG-20220523-WA0026.jpg\" \/>\n\t<meta property=\"og:image:width\" content=\"1485\" \/>\n\t<meta property=\"og:image:height\" content=\"1149\" \/>\n\t<meta property=\"og:image:type\" content=\"image\/jpeg\" \/>\n<meta name=\"author\" content=\"ulises\" \/>\n<meta name=\"twitter:card\" content=\"summary_large_image\" \/>\n<meta name=\"twitter:label1\" content=\"Escrito por\" \/>\n\t<meta name=\"twitter:data1\" content=\"ulises\" \/>\n\t<meta name=\"twitter:label2\" content=\"Tiempo de lectura\" \/>\n\t<meta name=\"twitter:data2\" content=\"1 minuto\" \/>\n<script type=\"application\/ld+json\" class=\"yoast-schema-graph\">{\"@context\":\"https:\/\/schema.org\",\"@graph\":[{\"@type\":\"NewsArticle\",\"@id\":\"https:\/\/www.celttv.com.ar\/index.php\/2022\/05\/23\/el-emotivo-encuentro-de-candela-calabresa-y-su-familia-con-el-papa-francisco\/#article\",\"isPartOf\":{\"@id\":\"https:\/\/www.celttv.com.ar\/index.php\/2022\/05\/23\/el-emotivo-encuentro-de-candela-calabresa-y-su-familia-con-el-papa-francisco\/\"},\"author\":{\"name\":\"ulises\",\"@id\":\"https:\/\/www.celttv.com.ar\/#\/schema\/person\/6d99c072dba59953809c81446e9d0ace\"},\"headline\":\"El emotivo encuentro de Candela Calabrese y su familia con el Papa Francisco\",\"datePublished\":\"2022-05-23T21:16:15+00:00\",\"dateModified\":\"2022-05-23T21:16:15+00:00\",\"mainEntityOfPage\":{\"@id\":\"https:\/\/www.celttv.com.ar\/index.php\/2022\/05\/23\/el-emotivo-encuentro-de-candela-calabresa-y-su-familia-con-el-papa-francisco\/\"},\"wordCount\":273,\"publisher\":{\"@id\":\"https:\/\/www.celttv.com.ar\/#organization\"},\"articleSection\":[\"Celt TV Noticias\",\"Comunidad\",\"Destacadas\"],\"inLanguage\":\"es\"},{\"@type\":\"WebPage\",\"@id\":\"https:\/\/www.celttv.com.ar\/index.php\/2022\/05\/23\/el-emotivo-encuentro-de-candela-calabresa-y-su-familia-con-el-papa-francisco\/\",\"url\":\"https:\/\/www.celttv.com.ar\/index.php\/2022\/05\/23\/el-emotivo-encuentro-de-candela-calabresa-y-su-familia-con-el-papa-francisco\/\",\"name\":\"El emotivo encuentro de Candela Calabrese y su familia con el Papa Francisco - CELTTV\",\"isPartOf\":{\"@id\":\"https:\/\/www.celttv.com.ar\/#website\"},\"datePublished\":\"2022-05-23T21:16:15+00:00\",\"dateModified\":\"2022-05-23T21:16:15+00:00\",\"description\":\"Sitio web de noticias de la localidad de Tornquist, provincia de Buenos Aires, Rep\u00fablica Argentina. Contenido propio originado por periodistas de CELTTV, el canal de TV local de la Cooperativa El\u00e9ctrica de Tornquist. Turismo, Pol\u00edtica, Sociedad, Deporte, Cultura y todo el contenido de inter\u00e9s general que la gente del pueblo y la regi\u00f3n debe conocer.\",\"breadcrumb\":{\"@id\":\"https:\/\/www.celttv.com.ar\/index.php\/2022\/05\/23\/el-emotivo-encuentro-de-candela-calabresa-y-su-familia-con-el-papa-francisco\/#breadcrumb\"},\"inLanguage\":\"es\",\"potentialAction\":[{\"@type\":\"ReadAction\",\"target\":[\"https:\/\/www.celttv.com.ar\/index.php\/2022\/05\/23\/el-emotivo-encuentro-de-candela-calabresa-y-su-familia-con-el-papa-francisco\/\"]}]},{\"@type\":\"BreadcrumbList\",\"@id\":\"https:\/\/www.celttv.com.ar\/index.php\/2022\/05\/23\/el-emotivo-encuentro-de-candela-calabresa-y-su-familia-con-el-papa-francisco\/#breadcrumb\",\"itemListElement\":[{\"@type\":\"ListItem\",\"position\":1,\"name\":\"Inicio\",\"item\":\"https:\/\/www.celttv.com.ar\/\"},{\"@type\":\"ListItem\",\"position\":2,\"name\":\"El emotivo encuentro de Candela Calabrese y su familia con el Papa Francisco\"}]},{\"@type\":\"WebSite\",\"@id\":\"https:\/\/www.celttv.com.ar\/#website\",\"url\":\"https:\/\/www.celttv.com.ar\/\",\"name\":\"CELTTV\",\"description\":\"Cooperativa El\u00e9ctrica de Tornquist\",\"publisher\":{\"@id\":\"https:\/\/www.celttv.com.ar\/#organization\"},\"potentialAction\":[{\"@type\":\"SearchAction\",\"target\":{\"@type\":\"EntryPoint\",\"urlTemplate\":\"https:\/\/www.celttv.com.ar\/?s={search_term_string}\"},\"query-input\":\"required name=search_term_string\"}],\"inLanguage\":\"es\"},{\"@type\":\"Organization\",\"@id\":\"https:\/\/www.celttv.com.ar\/#organization\",\"name\":\"CELTTV\",\"url\":\"https:\/\/www.celttv.com.ar\/\",\"sameAs\":[\"https:\/\/www.youtube.com\/channel\/UCz_oIt8Hig64Ub-EmcNPIhg\",\"https:\/\/www.facebook.com\/celtTV\/\"],\"logo\":{\"@type\":\"ImageObject\",\"inLanguage\":\"es\",\"@id\":\"https:\/\/www.celttv.com.ar\/#\/schema\/logo\/image\/\",\"url\":\"http:\/\/www.celttv.com.ar\/wp-content\/uploads\/2022\/08\/logo-1.png\",\"contentUrl\":\"http:\/\/www.celttv.com.ar\/wp-content\/uploads\/2022\/08\/logo-1.png\",\"width\":461,\"height\":159,\"caption\":\"CELTTV\"},\"image\":{\"@id\":\"https:\/\/www.celttv.com.ar\/#\/schema\/logo\/image\/\"}},{\"@type\":\"Person\",\"@id\":\"https:\/\/www.celttv.com.ar\/#\/schema\/person\/6d99c072dba59953809c81446e9d0ace\",\"name\":\"ulises\",\"image\":{\"@type\":\"ImageObject\",\"inLanguage\":\"es\",\"@id\":\"https:\/\/www.celttv.com.ar\/#\/schema\/person\/image\/\",\"url\":\"https:\/\/secure.gravatar.com\/avatar\/7f2c48bdc33b30088f941fb6082e555f2874c98e20cb159d7b92b50eadfce793?s=96&d=mm&r=g\",\"contentUrl\":\"https:\/\/secure.gravatar.com\/avatar\/7f2c48bdc33b30088f941fb6082e555f2874c98e20cb159d7b92b50eadfce793?s=96&d=mm&r=g\",\"caption\":\"ulises\"},\"sameAs\":[\"http:\/\/www.celttv.com.ar\"]}]}<\/script>\n<!-- \/ Yoast SEO plugin. -->","yoast_head_json":{"title":"El emotivo encuentro de Candela Calabrese y su familia con el Papa Francisco - CELTTV","description":"Sitio web de noticias de la localidad de Tornquist, provincia de Buenos Aires, Rep\u00fablica Argentina. Contenido propio originado por periodistas de CELTTV, el canal de TV local de la Cooperativa El\u00e9ctrica de Tornquist. Turismo, Pol\u00edtica, Sociedad, Deporte, Cultura y todo el contenido de inter\u00e9s general que la gente del pueblo y la regi\u00f3n debe conocer.","robots":{"index":"index","follow":"follow","max-snippet":"max-snippet:-1","max-image-preview":"max-image-preview:large","max-video-preview":"max-video-preview:-1"},"canonical":"https:\/\/www.celttv.com.ar\/index.php\/2022\/05\/23\/el-emotivo-encuentro-de-candela-calabresa-y-su-familia-con-el-papa-francisco\/","og_locale":"es_ES","og_type":"article","og_title":"El emotivo encuentro de Candela Calabrese y su familia con el Papa Francisco - CELTTV","og_description":"Sitio web de noticias de la localidad de Tornquist, provincia de Buenos Aires, Rep\u00fablica Argentina. Contenido propio originado por periodistas de CELTTV, el canal de TV local de la Cooperativa El\u00e9ctrica de Tornquist. Turismo, Pol\u00edtica, Sociedad, Deporte, Cultura y todo el contenido de inter\u00e9s general que la gente del pueblo y la regi\u00f3n debe conocer.","og_url":"https:\/\/www.celttv.com.ar\/index.php\/2022\/05\/23\/el-emotivo-encuentro-de-candela-calabresa-y-su-familia-con-el-papa-francisco\/","og_site_name":"CELTTV","article_publisher":"https:\/\/www.facebook.com\/celtTV\/","article_published_time":"2022-05-23T21:16:15+00:00","og_image":[{"width":1485,"height":1149,"url":"https:\/\/www.celttv.com.ar\/wp-content\/uploads\/2022\/05\/IMG-20220523-WA0026.jpg","type":"image\/jpeg"}],"author":"ulises","twitter_card":"summary_large_image","twitter_misc":{"Escrito por":"ulises","Tiempo de lectura":"1 minuto"},"schema":{"@context":"https:\/\/schema.org","@graph":[{"@type":"NewsArticle","@id":"https:\/\/www.celttv.com.ar\/index.php\/2022\/05\/23\/el-emotivo-encuentro-de-candela-calabresa-y-su-familia-con-el-papa-francisco\/#article","isPartOf":{"@id":"https:\/\/www.celttv.com.ar\/index.php\/2022\/05\/23\/el-emotivo-encuentro-de-candela-calabresa-y-su-familia-con-el-papa-francisco\/"},"author":{"name":"ulises","@id":"https:\/\/www.celttv.com.ar\/#\/schema\/person\/6d99c072dba59953809c81446e9d0ace"},"headline":"El emotivo encuentro de Candela Calabrese y su familia con el Papa Francisco","datePublished":"2022-05-23T21:16:15+00:00","dateModified":"2022-05-23T21:16:15+00:00","mainEntityOfPage":{"@id":"https:\/\/www.celttv.com.ar\/index.php\/2022\/05\/23\/el-emotivo-encuentro-de-candela-calabresa-y-su-familia-con-el-papa-francisco\/"},"wordCount":273,"publisher":{"@id":"https:\/\/www.celttv.com.ar\/#organization"},"articleSection":["Celt TV Noticias","Comunidad","Destacadas"],"inLanguage":"es"},{"@type":"WebPage","@id":"https:\/\/www.celttv.com.ar\/index.php\/2022\/05\/23\/el-emotivo-encuentro-de-candela-calabresa-y-su-familia-con-el-papa-francisco\/","url":"https:\/\/www.celttv.com.ar\/index.php\/2022\/05\/23\/el-emotivo-encuentro-de-candela-calabresa-y-su-familia-con-el-papa-francisco\/","name":"El emotivo encuentro de Candela Calabrese y su familia con el Papa Francisco - CELTTV","isPartOf":{"@id":"https:\/\/www.celttv.com.ar\/#website"},"datePublished":"2022-05-23T21:16:15+00:00","dateModified":"2022-05-23T21:16:15+00:00","description":"Sitio web de noticias de la localidad de Tornquist, provincia de Buenos Aires, Rep\u00fablica Argentina. Contenido propio originado por periodistas de CELTTV, el canal de TV local de la Cooperativa El\u00e9ctrica de Tornquist. Turismo, Pol\u00edtica, Sociedad, Deporte, Cultura y todo el contenido de inter\u00e9s general que la gente del pueblo y la regi\u00f3n debe conocer.","breadcrumb":{"@id":"https:\/\/www.celttv.com.ar\/index.php\/2022\/05\/23\/el-emotivo-encuentro-de-candela-calabresa-y-su-familia-con-el-papa-francisco\/#breadcrumb"},"inLanguage":"es","potentialAction":[{"@type":"ReadAction","target":["https:\/\/www.celttv.com.ar\/index.php\/2022\/05\/23\/el-emotivo-encuentro-de-candela-calabresa-y-su-familia-con-el-papa-francisco\/"]}]},{"@type":"BreadcrumbList","@id":"https:\/\/www.celttv.com.ar\/index.php\/2022\/05\/23\/el-emotivo-encuentro-de-candela-calabresa-y-su-familia-con-el-papa-francisco\/#breadcrumb","itemListElement":[{"@type":"ListItem","position":1,"name":"Inicio","item":"https:\/\/www.celttv.com.ar\/"},{"@type":"ListItem","position":2,"name":"El emotivo encuentro de Candela Calabrese y su familia con el Papa Francisco"}]},{"@type":"WebSite","@id":"https:\/\/www.celttv.com.ar\/#website","url":"https:\/\/www.celttv.com.ar\/","name":"CELTTV","description":"Cooperativa El\u00e9ctrica de Tornquist","publisher":{"@id":"https:\/\/www.celttv.com.ar\/#organization"},"potentialAction":[{"@type":"SearchAction","target":{"@type":"EntryPoint","urlTemplate":"https:\/\/www.celttv.com.ar\/?s={search_term_string}"},"query-input":"required name=search_term_string"}],"inLanguage":"es"},{"@type":"Organization","@id":"https:\/\/www.celttv.com.ar\/#organization","name":"CELTTV","url":"https:\/\/www.celttv.com.ar\/","sameAs":["https:\/\/www.youtube.com\/channel\/UCz_oIt8Hig64Ub-EmcNPIhg","https:\/\/www.facebook.com\/celtTV\/"],"logo":{"@type":"ImageObject","inLanguage":"es","@id":"https:\/\/www.celttv.com.ar\/#\/schema\/logo\/image\/","url":"http:\/\/www.celttv.com.ar\/wp-content\/uploads\/2022\/08\/logo-1.png","contentUrl":"http:\/\/www.celttv.com.ar\/wp-content\/uploads\/2022\/08\/logo-1.png","width":461,"height":159,"caption":"CELTTV"},"image":{"@id":"https:\/\/www.celttv.com.ar\/#\/schema\/logo\/image\/"}},{"@type":"Person","@id":"https:\/\/www.celttv.com.ar\/#\/schema\/person\/6d99c072dba59953809c81446e9d0ace","name":"ulises","image":{"@type":"ImageObject","inLanguage":"es","@id":"https:\/\/www.celttv.com.ar\/#\/schema\/person\/image\/","url":"https:\/\/secure.gravatar.com\/avatar\/7f2c48bdc33b30088f941fb6082e555f2874c98e20cb159d7b92b50eadfce793?s=96&d=mm&r=g","contentUrl":"https:\/\/secure.gravatar.com\/avatar\/7f2c48bdc33b30088f941fb6082e555f2874c98e20cb159d7b92b50eadfce793?s=96&d=mm&r=g","caption":"ulises"},"sameAs":["http:\/\/www.celttv.com.ar"]}]}},"_links":{"self":[{"href":"https:\/\/www.celttv.com.ar\/index.php\/wp-json\/wp\/v2\/posts\/66316","targetHints":{"allow":["GET"]}}],"collection":[{"href":"https:\/\/www.celttv.com.ar\/index.php\/wp-json\/wp\/v2\/posts"}],"about":[{"href":"https:\/\/www.celttv.com.ar\/index.php\/wp-json\/wp\/v2\/types\/post"}],"author":[{"embeddable":true,"href":"https:\/\/www.celttv.com.ar\/index.php\/wp-json\/wp\/v2\/users\/1"}],"replies":[{"embeddable":true,"href":"https:\/\/www.celttv.com.ar\/index.php\/wp-json\/wp\/v2\/comments?post=66316"}],"version-history":[{"count":0,"href":"https:\/\/www.celttv.com.ar\/index.php\/wp-json\/wp\/v2\/posts\/66316\/revisions"}],"wp:featuredmedia":[{"embeddable":true,"href":"https:\/\/www.celttv.com.ar\/index.php\/wp-json\/wp\/v2\/media\/66321"}],"wp:attachment":[{"href":"https:\/\/www.celttv.com.ar\/index.php\/wp-json\/wp\/v2\/media?parent=66316"}],"wp:term":[{"taxonomy":"category","embeddable":true,"href":"https:\/\/www.celttv.com.ar\/index.php\/wp-json\/wp\/v2\/categories?post=66316"},{"taxonomy":"post_tag","embeddable":true,"href":"https:\/\/www.celttv.com.ar\/index.php\/wp-json\/wp\/v2\/tags?post=66316"}],"curies":[{"name":"wp","href":"https:\/\/api.w.org\/{rel}","templated":true}]}}