{"id":6677,"date":"2012-05-23T20:57:36","date_gmt":"2012-05-23T20:57:36","guid":{"rendered":"http:\/\/www.tvcnoticias.com.ar\/?p=6677"},"modified":"2012-05-23T20:57:36","modified_gmt":"2012-05-23T20:57:36","slug":"una-ventana-para-mirar-mas-alla-titulo-del-diario-la-nacion-en-una-nota-sobre-nuestra-comarca","status":"publish","type":"post","link":"https:\/\/www.celttv.com.ar\/index.php\/2012\/05\/23\/una-ventana-para-mirar-mas-alla-titulo-del-diario-la-nacion-en-una-nota-sobre-nuestra-comarca\/","title":{"rendered":"&#8220;UNA VENTANA PARA MIRAR MAS ALLA&#8221; TITULO DEL DIARIO LA NACION EN UNA NOTA SOBRE NUESTRA COMARCA"},"content":{"rendered":"<p><img loading=\"lazy\" decoding=\"async\" class=\"aligncenter size-full wp-image-6678\" title=\"Copia de La_Naci\u00c3\u00b3n (Medium)\" src=\"http:\/\/www.tvcnoticias.com.ar\/wp-content\/uploads\/2012\/05\/Copia-de-La_Naci\u00c3\u00b3n-Medium.jpg\" alt=\"\" width=\"800\" height=\"582\" \/><br \/>\nLa Comarca gana espacio El crecimiento de la Comarca Tur\u00edstica Sierras de la Ventana no tiene freno. Esta aseveraci\u00f3n se advierte en el incremento de la demanda de alojamientos, excursiones y servicios gastron\u00f3micos, entre otros rubros ligados a la actividad. Pero tambi\u00e9n en el espacio que la zona fue ganando en los medios, tanto regionales como nacionales. Una muestra de ello es la nota que el diario capitalino La Naci\u00f3n, uno de los matutinos con mayor circulaci\u00f3n del pa\u00eds, public\u00f3 en la edici\u00f3n del \u00faltimo domingo. Bajo el t\u00edtulo \u201cUna ventana para mirar m\u00e1s all\u00e1\u201d, la periodista Silvina Beccar Varela describe las bondades de Villa Ventana, aunque sin dejar de lado los restantes lugares del distrito. La publicaci\u00f3n inserta al lector en diversas historias locales, entrega una detallada radiograf\u00eda de las bondades, resalta la organizaci\u00f3n de la primera edici\u00f3n de la Fiesta Provincial de la Vendimia, describe el desembarco de los vi\u00f1edos, destaca las reliquias arquitect\u00f3nicas de Saldungaray y recomienda algunos prestadores. La nota ocupa una p\u00e1gina del suplemento tur\u00edstico, con todo lo que ello significa desde el punto de vista de la promoci\u00f3n. Para leerla s\u00f3lo basta con clickear el siguiente link: http:\/\/www.lanacion.com.ar\/1474155-una-ventana-para-mirar-mas-alla Prensa Municipalidad de Tornquist (prensa@tornquist.gov.ar)<\/p>\n","protected":false},"excerpt":{"rendered":"<p>La Comarca gana espacio El crecimiento de la Comarca Tur\u00edstica Sierras de la Ventana no tiene freno. Esta aseveraci\u00f3n se advierte en el incremento de la demanda de alojamientos, excursiones y servicios gastron\u00f3micos, entre otros rubros ligados a la actividad. Pero tambi\u00e9n en el espacio que la zona fue ganando en los medios, tanto regionales [&hellip;]<\/p>\n","protected":false},"author":1,"featured_media":0,"comment_status":"closed","ping_status":"open","sticky":false,"template":"","format":"standard","meta":{"footnotes":""},"categories":[51,52,95,53],"tags":[],"class_list":["post-6677","post","type-post","status-publish","format-standard","hentry","category-comunidad","category-destacadas","category-opiniones","category-politica"],"yoast_head":"<!-- This site is optimized with the Yoast SEO plugin v19.7.1 - https:\/\/yoast.com\/wordpress\/plugins\/seo\/ -->\n<title>&quot;UNA VENTANA PARA MIRAR MAS ALLA&quot; TITULO DEL DIARIO LA NACION EN UNA NOTA SOBRE NUESTRA COMARCA - CELTTV<\/title>\n<meta name=\"description\" content=\"Sitio web de noticias de la localidad de Tornquist, provincia de Buenos Aires, Rep\u00fablica Argentina. Contenido propio originado por periodistas de CELTTV, el canal de TV local de la Cooperativa El\u00e9ctrica de Tornquist. Turismo, Pol\u00edtica, Sociedad, Deporte, Cultura y todo el contenido de inter\u00e9s general que la gente del pueblo y la regi\u00f3n debe conocer.\" \/>\n<meta name=\"robots\" content=\"index, follow, max-snippet:-1, max-image-preview:large, max-video-preview:-1\" \/>\n<link rel=\"canonical\" href=\"https:\/\/www.celttv.com.ar\/index.php\/2012\/05\/23\/una-ventana-para-mirar-mas-alla-titulo-del-diario-la-nacion-en-una-nota-sobre-nuestra-comarca\/\" \/>\n<meta property=\"og:locale\" content=\"es_ES\" \/>\n<meta property=\"og:type\" content=\"article\" \/>\n<meta property=\"og:title\" content=\"&quot;UNA VENTANA PARA MIRAR MAS ALLA&quot; TITULO DEL DIARIO LA NACION EN UNA NOTA SOBRE NUESTRA COMARCA - CELTTV\" \/>\n<meta property=\"og:description\" content=\"Sitio web de noticias de la localidad de Tornquist, provincia de Buenos Aires, Rep\u00fablica Argentina. Contenido propio originado por periodistas de CELTTV, el canal de TV local de la Cooperativa El\u00e9ctrica de Tornquist. Turismo, Pol\u00edtica, Sociedad, Deporte, Cultura y todo el contenido de inter\u00e9s general que la gente del pueblo y la regi\u00f3n debe conocer.\" \/>\n<meta property=\"og:url\" content=\"https:\/\/www.celttv.com.ar\/index.php\/2012\/05\/23\/una-ventana-para-mirar-mas-alla-titulo-del-diario-la-nacion-en-una-nota-sobre-nuestra-comarca\/\" \/>\n<meta property=\"og:site_name\" content=\"CELTTV\" \/>\n<meta property=\"article:publisher\" content=\"https:\/\/www.facebook.com\/celtTV\/\" \/>\n<meta property=\"article:published_time\" content=\"2012-05-23T20:57:36+00:00\" \/>\n<meta name=\"author\" content=\"ulises\" \/>\n<meta name=\"twitter:card\" content=\"summary_large_image\" \/>\n<meta name=\"twitter:label1\" content=\"Escrito por\" \/>\n\t<meta name=\"twitter:data1\" content=\"ulises\" \/>\n\t<meta name=\"twitter:label2\" content=\"Tiempo de lectura\" \/>\n\t<meta name=\"twitter:data2\" content=\"1 minuto\" \/>\n<script type=\"application\/ld+json\" class=\"yoast-schema-graph\">{\"@context\":\"https:\/\/schema.org\",\"@graph\":[{\"@type\":\"NewsArticle\",\"@id\":\"https:\/\/www.celttv.com.ar\/index.php\/2012\/05\/23\/una-ventana-para-mirar-mas-alla-titulo-del-diario-la-nacion-en-una-nota-sobre-nuestra-comarca\/#article\",\"isPartOf\":{\"@id\":\"https:\/\/www.celttv.com.ar\/index.php\/2012\/05\/23\/una-ventana-para-mirar-mas-alla-titulo-del-diario-la-nacion-en-una-nota-sobre-nuestra-comarca\/\"},\"author\":{\"name\":\"ulises\",\"@id\":\"https:\/\/www.celttv.com.ar\/#\/schema\/person\/6d99c072dba59953809c81446e9d0ace\"},\"headline\":\"&#8220;UNA VENTANA PARA MIRAR MAS ALLA&#8221; TITULO DEL DIARIO LA NACION EN UNA NOTA SOBRE NUESTRA COMARCA\",\"datePublished\":\"2012-05-23T20:57:36+00:00\",\"dateModified\":\"2012-05-23T20:57:36+00:00\",\"mainEntityOfPage\":{\"@id\":\"https:\/\/www.celttv.com.ar\/index.php\/2012\/05\/23\/una-ventana-para-mirar-mas-alla-titulo-del-diario-la-nacion-en-una-nota-sobre-nuestra-comarca\/\"},\"wordCount\":244,\"publisher\":{\"@id\":\"https:\/\/www.celttv.com.ar\/#organization\"},\"articleSection\":[\"Comunidad\",\"Destacadas\",\"Opiniones\",\"Pol\u00edtica\"],\"inLanguage\":\"es\"},{\"@type\":\"WebPage\",\"@id\":\"https:\/\/www.celttv.com.ar\/index.php\/2012\/05\/23\/una-ventana-para-mirar-mas-alla-titulo-del-diario-la-nacion-en-una-nota-sobre-nuestra-comarca\/\",\"url\":\"https:\/\/www.celttv.com.ar\/index.php\/2012\/05\/23\/una-ventana-para-mirar-mas-alla-titulo-del-diario-la-nacion-en-una-nota-sobre-nuestra-comarca\/\",\"name\":\"\\\"UNA VENTANA PARA MIRAR MAS ALLA\\\" TITULO DEL DIARIO LA NACION EN UNA NOTA SOBRE NUESTRA COMARCA - CELTTV\",\"isPartOf\":{\"@id\":\"https:\/\/www.celttv.com.ar\/#website\"},\"datePublished\":\"2012-05-23T20:57:36+00:00\",\"dateModified\":\"2012-05-23T20:57:36+00:00\",\"description\":\"Sitio web de noticias de la localidad de Tornquist, provincia de Buenos Aires, Rep\u00fablica Argentina. Contenido propio originado por periodistas de CELTTV, el canal de TV local de la Cooperativa El\u00e9ctrica de Tornquist. Turismo, Pol\u00edtica, Sociedad, Deporte, Cultura y todo el contenido de inter\u00e9s general que la gente del pueblo y la regi\u00f3n debe conocer.\",\"breadcrumb\":{\"@id\":\"https:\/\/www.celttv.com.ar\/index.php\/2012\/05\/23\/una-ventana-para-mirar-mas-alla-titulo-del-diario-la-nacion-en-una-nota-sobre-nuestra-comarca\/#breadcrumb\"},\"inLanguage\":\"es\",\"potentialAction\":[{\"@type\":\"ReadAction\",\"target\":[\"https:\/\/www.celttv.com.ar\/index.php\/2012\/05\/23\/una-ventana-para-mirar-mas-alla-titulo-del-diario-la-nacion-en-una-nota-sobre-nuestra-comarca\/\"]}]},{\"@type\":\"BreadcrumbList\",\"@id\":\"https:\/\/www.celttv.com.ar\/index.php\/2012\/05\/23\/una-ventana-para-mirar-mas-alla-titulo-del-diario-la-nacion-en-una-nota-sobre-nuestra-comarca\/#breadcrumb\",\"itemListElement\":[{\"@type\":\"ListItem\",\"position\":1,\"name\":\"Inicio\",\"item\":\"https:\/\/www.celttv.com.ar\/\"},{\"@type\":\"ListItem\",\"position\":2,\"name\":\"&#8220;UNA VENTANA PARA MIRAR MAS ALLA&#8221; TITULO DEL DIARIO LA NACION EN UNA NOTA SOBRE NUESTRA COMARCA\"}]},{\"@type\":\"WebSite\",\"@id\":\"https:\/\/www.celttv.com.ar\/#website\",\"url\":\"https:\/\/www.celttv.com.ar\/\",\"name\":\"CELTTV\",\"description\":\"Cooperativa El\u00e9ctrica de Tornquist\",\"publisher\":{\"@id\":\"https:\/\/www.celttv.com.ar\/#organization\"},\"potentialAction\":[{\"@type\":\"SearchAction\",\"target\":{\"@type\":\"EntryPoint\",\"urlTemplate\":\"https:\/\/www.celttv.com.ar\/?s={search_term_string}\"},\"query-input\":\"required name=search_term_string\"}],\"inLanguage\":\"es\"},{\"@type\":\"Organization\",\"@id\":\"https:\/\/www.celttv.com.ar\/#organization\",\"name\":\"CELTTV\",\"url\":\"https:\/\/www.celttv.com.ar\/\",\"sameAs\":[\"https:\/\/www.youtube.com\/channel\/UCz_oIt8Hig64Ub-EmcNPIhg\",\"https:\/\/www.facebook.com\/celtTV\/\"],\"logo\":{\"@type\":\"ImageObject\",\"inLanguage\":\"es\",\"@id\":\"https:\/\/www.celttv.com.ar\/#\/schema\/logo\/image\/\",\"url\":\"http:\/\/www.celttv.com.ar\/wp-content\/uploads\/2022\/08\/logo-1.png\",\"contentUrl\":\"http:\/\/www.celttv.com.ar\/wp-content\/uploads\/2022\/08\/logo-1.png\",\"width\":461,\"height\":159,\"caption\":\"CELTTV\"},\"image\":{\"@id\":\"https:\/\/www.celttv.com.ar\/#\/schema\/logo\/image\/\"}},{\"@type\":\"Person\",\"@id\":\"https:\/\/www.celttv.com.ar\/#\/schema\/person\/6d99c072dba59953809c81446e9d0ace\",\"name\":\"ulises\",\"image\":{\"@type\":\"ImageObject\",\"inLanguage\":\"es\",\"@id\":\"https:\/\/www.celttv.com.ar\/#\/schema\/person\/image\/\",\"url\":\"https:\/\/secure.gravatar.com\/avatar\/7f2c48bdc33b30088f941fb6082e555f2874c98e20cb159d7b92b50eadfce793?s=96&d=mm&r=g\",\"contentUrl\":\"https:\/\/secure.gravatar.com\/avatar\/7f2c48bdc33b30088f941fb6082e555f2874c98e20cb159d7b92b50eadfce793?s=96&d=mm&r=g\",\"caption\":\"ulises\"},\"sameAs\":[\"http:\/\/www.celttv.com.ar\"]}]}<\/script>\n<!-- \/ Yoast SEO plugin. -->","yoast_head_json":{"title":"\"UNA VENTANA PARA MIRAR MAS ALLA\" TITULO DEL DIARIO LA NACION EN UNA NOTA SOBRE NUESTRA COMARCA - CELTTV","description":"Sitio web de noticias de la localidad de Tornquist, provincia de Buenos Aires, Rep\u00fablica Argentina. Contenido propio originado por periodistas de CELTTV, el canal de TV local de la Cooperativa El\u00e9ctrica de Tornquist. Turismo, Pol\u00edtica, Sociedad, Deporte, Cultura y todo el contenido de inter\u00e9s general que la gente del pueblo y la regi\u00f3n debe conocer.","robots":{"index":"index","follow":"follow","max-snippet":"max-snippet:-1","max-image-preview":"max-image-preview:large","max-video-preview":"max-video-preview:-1"},"canonical":"https:\/\/www.celttv.com.ar\/index.php\/2012\/05\/23\/una-ventana-para-mirar-mas-alla-titulo-del-diario-la-nacion-en-una-nota-sobre-nuestra-comarca\/","og_locale":"es_ES","og_type":"article","og_title":"\"UNA VENTANA PARA MIRAR MAS ALLA\" TITULO DEL DIARIO LA NACION EN UNA NOTA SOBRE NUESTRA COMARCA - CELTTV","og_description":"Sitio web de noticias de la localidad de Tornquist, provincia de Buenos Aires, Rep\u00fablica Argentina. Contenido propio originado por periodistas de CELTTV, el canal de TV local de la Cooperativa El\u00e9ctrica de Tornquist. Turismo, Pol\u00edtica, Sociedad, Deporte, Cultura y todo el contenido de inter\u00e9s general que la gente del pueblo y la regi\u00f3n debe conocer.","og_url":"https:\/\/www.celttv.com.ar\/index.php\/2012\/05\/23\/una-ventana-para-mirar-mas-alla-titulo-del-diario-la-nacion-en-una-nota-sobre-nuestra-comarca\/","og_site_name":"CELTTV","article_publisher":"https:\/\/www.facebook.com\/celtTV\/","article_published_time":"2012-05-23T20:57:36+00:00","author":"ulises","twitter_card":"summary_large_image","twitter_misc":{"Escrito por":"ulises","Tiempo de lectura":"1 minuto"},"schema":{"@context":"https:\/\/schema.org","@graph":[{"@type":"NewsArticle","@id":"https:\/\/www.celttv.com.ar\/index.php\/2012\/05\/23\/una-ventana-para-mirar-mas-alla-titulo-del-diario-la-nacion-en-una-nota-sobre-nuestra-comarca\/#article","isPartOf":{"@id":"https:\/\/www.celttv.com.ar\/index.php\/2012\/05\/23\/una-ventana-para-mirar-mas-alla-titulo-del-diario-la-nacion-en-una-nota-sobre-nuestra-comarca\/"},"author":{"name":"ulises","@id":"https:\/\/www.celttv.com.ar\/#\/schema\/person\/6d99c072dba59953809c81446e9d0ace"},"headline":"&#8220;UNA VENTANA PARA MIRAR MAS ALLA&#8221; TITULO DEL DIARIO LA NACION EN UNA NOTA SOBRE NUESTRA COMARCA","datePublished":"2012-05-23T20:57:36+00:00","dateModified":"2012-05-23T20:57:36+00:00","mainEntityOfPage":{"@id":"https:\/\/www.celttv.com.ar\/index.php\/2012\/05\/23\/una-ventana-para-mirar-mas-alla-titulo-del-diario-la-nacion-en-una-nota-sobre-nuestra-comarca\/"},"wordCount":244,"publisher":{"@id":"https:\/\/www.celttv.com.ar\/#organization"},"articleSection":["Comunidad","Destacadas","Opiniones","Pol\u00edtica"],"inLanguage":"es"},{"@type":"WebPage","@id":"https:\/\/www.celttv.com.ar\/index.php\/2012\/05\/23\/una-ventana-para-mirar-mas-alla-titulo-del-diario-la-nacion-en-una-nota-sobre-nuestra-comarca\/","url":"https:\/\/www.celttv.com.ar\/index.php\/2012\/05\/23\/una-ventana-para-mirar-mas-alla-titulo-del-diario-la-nacion-en-una-nota-sobre-nuestra-comarca\/","name":"\"UNA VENTANA PARA MIRAR MAS ALLA\" TITULO DEL DIARIO LA NACION EN UNA NOTA SOBRE NUESTRA COMARCA - CELTTV","isPartOf":{"@id":"https:\/\/www.celttv.com.ar\/#website"},"datePublished":"2012-05-23T20:57:36+00:00","dateModified":"2012-05-23T20:57:36+00:00","description":"Sitio web de noticias de la localidad de Tornquist, provincia de Buenos Aires, Rep\u00fablica Argentina. Contenido propio originado por periodistas de CELTTV, el canal de TV local de la Cooperativa El\u00e9ctrica de Tornquist. Turismo, Pol\u00edtica, Sociedad, Deporte, Cultura y todo el contenido de inter\u00e9s general que la gente del pueblo y la regi\u00f3n debe conocer.","breadcrumb":{"@id":"https:\/\/www.celttv.com.ar\/index.php\/2012\/05\/23\/una-ventana-para-mirar-mas-alla-titulo-del-diario-la-nacion-en-una-nota-sobre-nuestra-comarca\/#breadcrumb"},"inLanguage":"es","potentialAction":[{"@type":"ReadAction","target":["https:\/\/www.celttv.com.ar\/index.php\/2012\/05\/23\/una-ventana-para-mirar-mas-alla-titulo-del-diario-la-nacion-en-una-nota-sobre-nuestra-comarca\/"]}]},{"@type":"BreadcrumbList","@id":"https:\/\/www.celttv.com.ar\/index.php\/2012\/05\/23\/una-ventana-para-mirar-mas-alla-titulo-del-diario-la-nacion-en-una-nota-sobre-nuestra-comarca\/#breadcrumb","itemListElement":[{"@type":"ListItem","position":1,"name":"Inicio","item":"https:\/\/www.celttv.com.ar\/"},{"@type":"ListItem","position":2,"name":"&#8220;UNA VENTANA PARA MIRAR MAS ALLA&#8221; TITULO DEL DIARIO LA NACION EN UNA NOTA SOBRE NUESTRA COMARCA"}]},{"@type":"WebSite","@id":"https:\/\/www.celttv.com.ar\/#website","url":"https:\/\/www.celttv.com.ar\/","name":"CELTTV","description":"Cooperativa El\u00e9ctrica de Tornquist","publisher":{"@id":"https:\/\/www.celttv.com.ar\/#organization"},"potentialAction":[{"@type":"SearchAction","target":{"@type":"EntryPoint","urlTemplate":"https:\/\/www.celttv.com.ar\/?s={search_term_string}"},"query-input":"required name=search_term_string"}],"inLanguage":"es"},{"@type":"Organization","@id":"https:\/\/www.celttv.com.ar\/#organization","name":"CELTTV","url":"https:\/\/www.celttv.com.ar\/","sameAs":["https:\/\/www.youtube.com\/channel\/UCz_oIt8Hig64Ub-EmcNPIhg","https:\/\/www.facebook.com\/celtTV\/"],"logo":{"@type":"ImageObject","inLanguage":"es","@id":"https:\/\/www.celttv.com.ar\/#\/schema\/logo\/image\/","url":"http:\/\/www.celttv.com.ar\/wp-content\/uploads\/2022\/08\/logo-1.png","contentUrl":"http:\/\/www.celttv.com.ar\/wp-content\/uploads\/2022\/08\/logo-1.png","width":461,"height":159,"caption":"CELTTV"},"image":{"@id":"https:\/\/www.celttv.com.ar\/#\/schema\/logo\/image\/"}},{"@type":"Person","@id":"https:\/\/www.celttv.com.ar\/#\/schema\/person\/6d99c072dba59953809c81446e9d0ace","name":"ulises","image":{"@type":"ImageObject","inLanguage":"es","@id":"https:\/\/www.celttv.com.ar\/#\/schema\/person\/image\/","url":"https:\/\/secure.gravatar.com\/avatar\/7f2c48bdc33b30088f941fb6082e555f2874c98e20cb159d7b92b50eadfce793?s=96&d=mm&r=g","contentUrl":"https:\/\/secure.gravatar.com\/avatar\/7f2c48bdc33b30088f941fb6082e555f2874c98e20cb159d7b92b50eadfce793?s=96&d=mm&r=g","caption":"ulises"},"sameAs":["http:\/\/www.celttv.com.ar"]}]}},"_links":{"self":[{"href":"https:\/\/www.celttv.com.ar\/index.php\/wp-json\/wp\/v2\/posts\/6677","targetHints":{"allow":["GET"]}}],"collection":[{"href":"https:\/\/www.celttv.com.ar\/index.php\/wp-json\/wp\/v2\/posts"}],"about":[{"href":"https:\/\/www.celttv.com.ar\/index.php\/wp-json\/wp\/v2\/types\/post"}],"author":[{"embeddable":true,"href":"https:\/\/www.celttv.com.ar\/index.php\/wp-json\/wp\/v2\/users\/1"}],"replies":[{"embeddable":true,"href":"https:\/\/www.celttv.com.ar\/index.php\/wp-json\/wp\/v2\/comments?post=6677"}],"version-history":[{"count":0,"href":"https:\/\/www.celttv.com.ar\/index.php\/wp-json\/wp\/v2\/posts\/6677\/revisions"}],"wp:attachment":[{"href":"https:\/\/www.celttv.com.ar\/index.php\/wp-json\/wp\/v2\/media?parent=6677"}],"wp:term":[{"taxonomy":"category","embeddable":true,"href":"https:\/\/www.celttv.com.ar\/index.php\/wp-json\/wp\/v2\/categories?post=6677"},{"taxonomy":"post_tag","embeddable":true,"href":"https:\/\/www.celttv.com.ar\/index.php\/wp-json\/wp\/v2\/tags?post=6677"}],"curies":[{"name":"wp","href":"https:\/\/api.w.org\/{rel}","templated":true}]}}