{"id":66772,"date":"2022-06-08T20:43:41","date_gmt":"2022-06-08T20:43:41","guid":{"rendered":"http:\/\/www.celttv.com.ar\/?p=66772"},"modified":"2022-06-08T20:43:41","modified_gmt":"2022-06-08T20:43:41","slug":"recibieron-su-diploma-los-primeros-egresados-universitarios-de-saldungaray","status":"publish","type":"post","link":"https:\/\/www.celttv.com.ar\/index.php\/2022\/06\/08\/recibieron-su-diploma-los-primeros-egresados-universitarios-de-saldungaray\/","title":{"rendered":"Recibieron su diploma los primeros egresados universitarios de Saldungaray"},"content":{"rendered":"\n<p>Un d\u00eda importante para Saldungaray, ya que 10 nuevos egresados recibieron su diploma de la carrera de Martillero y Corredor P\u00fablico de la Universidad Provincial del Sudoeste.<\/p>\n\n\n<p>En horas del mediod\u00eda, en la delegaci\u00f3n municipal se llev\u00f3 a cabo el primer acto de colaci\u00f3n de la carrera que inici\u00f3 su dictado hace cuatro a\u00f1os atr\u00e1s, gracias a la decisi\u00f3n del intendente municipal Sergio Bordoni, de implementar pol\u00edticas educativas de nivel superior, que permitieron acercar tanto a Sierra de la Ventana como a Saldungaray, oferta de nivel terciario y universitario para formar a nuestros vecinos.<\/p>\n\n\n<p>La jornada fue presidida, en nombre del jefe comunal, el Secretario de Desarrollo Gonzalo Iparraguirre, y en nombre de la UPSO la Vicerrectora de \u00c1rea Acad\u00e9mica, Lic. Mar\u00eda Claudia Dietz.<\/p>\n\n\n<p>En esta ocasi\u00f3n recibieron su t\u00edtulo: Nidia Edith Arias, Betina Soledad Blanco, Patricia Natalia Canossini, Silvia Haydee Etulain, Manuel Gonzalez Saenz, Yasm\u00edn Celeste Kees, Mar\u00eda Cristina Maldonado, Maria Luz Ramirez, Nerina Ayelen Reina, y Viviana Isabel Rojas Lopez.<\/p>\n\n\n<p>Tornquist Municipio, contin\u00faa trabajando junto a instituciones como UPSO para garantizar l\u00edneas de acci\u00f3n educativas con el objetivo de formar, educar y garantizar oportunidades a lo largo del todo el distrito.<\/p>\n\n\n<p>Estuvieron presentes el Delegado Local, Gerardo Rohlmann; el Secretario de Turismo, Gustavo Sandobal; la Decana de la Facultad de la Micro, Peque\u00f1a y Mediana Empresa, Alexia Postemsky; la Directora de Coordinaci\u00f3n Educativa, Fernanda Bigliardi;\u00a0 la Inspectora Jefe Distrital, Marcela Gim\u00e9nez e integrantes del Honorable Concejo Deliberante.<\/p>\n\n\n<figure class=\"wp-block-gallery columns-3 is-cropped wp-block-gallery-1 is-layout-flex wp-block-gallery-is-layout-flex\"><ul class=\"blocks-gallery-grid\"><li class=\"blocks-gallery-item\"><figure><img loading=\"lazy\" decoding=\"async\" width=\"1024\" height=\"683\" src=\"http:\/\/www.celttv.com.ar\/wp-content\/uploads\/2022\/06\/WhatsApp-Image-2022-06-08-at-2.48.10-PM-1024x683.jpeg\" alt=\"\" data-id=\"66773\" data-full-url=\"http:\/\/www.celttv.com.ar\/wp-content\/uploads\/2022\/06\/WhatsApp-Image-2022-06-08-at-2.48.10-PM.jpeg\" data-link=\"http:\/\/www.celttv.com.ar\/?attachment_id=66773\" class=\"wp-image-66773\" srcset=\"https:\/\/www.celttv.com.ar\/wp-content\/uploads\/2022\/06\/WhatsApp-Image-2022-06-08-at-2.48.10-PM-1024x683.jpeg 1024w, https:\/\/www.celttv.com.ar\/wp-content\/uploads\/2022\/06\/WhatsApp-Image-2022-06-08-at-2.48.10-PM-300x200.jpeg 300w, https:\/\/www.celttv.com.ar\/wp-content\/uploads\/2022\/06\/WhatsApp-Image-2022-06-08-at-2.48.10-PM-768x512.jpeg 768w, https:\/\/www.celttv.com.ar\/wp-content\/uploads\/2022\/06\/WhatsApp-Image-2022-06-08-at-2.48.10-PM-750x500.jpeg 750w, https:\/\/www.celttv.com.ar\/wp-content\/uploads\/2022\/06\/WhatsApp-Image-2022-06-08-at-2.48.10-PM-1140x761.jpeg 1140w, https:\/\/www.celttv.com.ar\/wp-content\/uploads\/2022\/06\/WhatsApp-Image-2022-06-08-at-2.48.10-PM.jpeg 1280w\" sizes=\"auto, (max-width: 1024px) 100vw, 1024px\" \/><\/figure><\/li><li class=\"blocks-gallery-item\"><figure><img loading=\"lazy\" decoding=\"async\" width=\"1024\" height=\"683\" src=\"http:\/\/www.celttv.com.ar\/wp-content\/uploads\/2022\/06\/WhatsApp-Image-2022-06-08-at-2.48.11-PM-1024x683.jpeg\" alt=\"\" data-id=\"66774\" data-full-url=\"http:\/\/www.celttv.com.ar\/wp-content\/uploads\/2022\/06\/WhatsApp-Image-2022-06-08-at-2.48.11-PM.jpeg\" data-link=\"http:\/\/www.celttv.com.ar\/?attachment_id=66774\" class=\"wp-image-66774\" srcset=\"https:\/\/www.celttv.com.ar\/wp-content\/uploads\/2022\/06\/WhatsApp-Image-2022-06-08-at-2.48.11-PM-1024x683.jpeg 1024w, https:\/\/www.celttv.com.ar\/wp-content\/uploads\/2022\/06\/WhatsApp-Image-2022-06-08-at-2.48.11-PM-300x200.jpeg 300w, https:\/\/www.celttv.com.ar\/wp-content\/uploads\/2022\/06\/WhatsApp-Image-2022-06-08-at-2.48.11-PM-768x512.jpeg 768w, https:\/\/www.celttv.com.ar\/wp-content\/uploads\/2022\/06\/WhatsApp-Image-2022-06-08-at-2.48.11-PM-750x500.jpeg 750w, https:\/\/www.celttv.com.ar\/wp-content\/uploads\/2022\/06\/WhatsApp-Image-2022-06-08-at-2.48.11-PM-1140x761.jpeg 1140w, https:\/\/www.celttv.com.ar\/wp-content\/uploads\/2022\/06\/WhatsApp-Image-2022-06-08-at-2.48.11-PM.jpeg 1280w\" sizes=\"auto, (max-width: 1024px) 100vw, 1024px\" \/><\/figure><\/li><li class=\"blocks-gallery-item\"><figure><img loading=\"lazy\" decoding=\"async\" width=\"1024\" height=\"683\" src=\"http:\/\/www.celttv.com.ar\/wp-content\/uploads\/2022\/06\/WhatsApp-Image-2022-06-08-at-2.48.12-PM-1024x683.jpeg\" alt=\"\" data-id=\"66775\" data-full-url=\"http:\/\/www.celttv.com.ar\/wp-content\/uploads\/2022\/06\/WhatsApp-Image-2022-06-08-at-2.48.12-PM.jpeg\" data-link=\"http:\/\/www.celttv.com.ar\/?attachment_id=66775\" class=\"wp-image-66775\" srcset=\"https:\/\/www.celttv.com.ar\/wp-content\/uploads\/2022\/06\/WhatsApp-Image-2022-06-08-at-2.48.12-PM-1024x683.jpeg 1024w, https:\/\/www.celttv.com.ar\/wp-content\/uploads\/2022\/06\/WhatsApp-Image-2022-06-08-at-2.48.12-PM-300x200.jpeg 300w, https:\/\/www.celttv.com.ar\/wp-content\/uploads\/2022\/06\/WhatsApp-Image-2022-06-08-at-2.48.12-PM-768x512.jpeg 768w, https:\/\/www.celttv.com.ar\/wp-content\/uploads\/2022\/06\/WhatsApp-Image-2022-06-08-at-2.48.12-PM-750x500.jpeg 750w, https:\/\/www.celttv.com.ar\/wp-content\/uploads\/2022\/06\/WhatsApp-Image-2022-06-08-at-2.48.12-PM-1140x761.jpeg 1140w, https:\/\/www.celttv.com.ar\/wp-content\/uploads\/2022\/06\/WhatsApp-Image-2022-06-08-at-2.48.12-PM.jpeg 1280w\" sizes=\"auto, (max-width: 1024px) 100vw, 1024px\" \/><\/figure><\/li><li class=\"blocks-gallery-item\"><figure><img loading=\"lazy\" decoding=\"async\" width=\"1024\" height=\"683\" src=\"http:\/\/www.celttv.com.ar\/wp-content\/uploads\/2022\/06\/WhatsApp-Image-2022-06-08-at-2.48.14-PM-1024x683.jpeg\" alt=\"\" data-id=\"66776\" data-full-url=\"http:\/\/www.celttv.com.ar\/wp-content\/uploads\/2022\/06\/WhatsApp-Image-2022-06-08-at-2.48.14-PM.jpeg\" data-link=\"http:\/\/www.celttv.com.ar\/?attachment_id=66776\" class=\"wp-image-66776\" srcset=\"https:\/\/www.celttv.com.ar\/wp-content\/uploads\/2022\/06\/WhatsApp-Image-2022-06-08-at-2.48.14-PM-1024x683.jpeg 1024w, https:\/\/www.celttv.com.ar\/wp-content\/uploads\/2022\/06\/WhatsApp-Image-2022-06-08-at-2.48.14-PM-300x200.jpeg 300w, https:\/\/www.celttv.com.ar\/wp-content\/uploads\/2022\/06\/WhatsApp-Image-2022-06-08-at-2.48.14-PM-768x512.jpeg 768w, https:\/\/www.celttv.com.ar\/wp-content\/uploads\/2022\/06\/WhatsApp-Image-2022-06-08-at-2.48.14-PM-750x500.jpeg 750w, https:\/\/www.celttv.com.ar\/wp-content\/uploads\/2022\/06\/WhatsApp-Image-2022-06-08-at-2.48.14-PM-1140x761.jpeg 1140w, https:\/\/www.celttv.com.ar\/wp-content\/uploads\/2022\/06\/WhatsApp-Image-2022-06-08-at-2.48.14-PM.jpeg 1280w\" sizes=\"auto, (max-width: 1024px) 100vw, 1024px\" \/><\/figure><\/li><li class=\"blocks-gallery-item\"><figure><img loading=\"lazy\" decoding=\"async\" width=\"1024\" height=\"683\" src=\"http:\/\/www.celttv.com.ar\/wp-content\/uploads\/2022\/06\/WhatsApp-Image-2022-06-08-at-2.48.36-PM-1024x683.jpeg\" alt=\"\" data-id=\"66777\" data-full-url=\"http:\/\/www.celttv.com.ar\/wp-content\/uploads\/2022\/06\/WhatsApp-Image-2022-06-08-at-2.48.36-PM.jpeg\" data-link=\"http:\/\/www.celttv.com.ar\/?attachment_id=66777\" class=\"wp-image-66777\" srcset=\"https:\/\/www.celttv.com.ar\/wp-content\/uploads\/2022\/06\/WhatsApp-Image-2022-06-08-at-2.48.36-PM-1024x683.jpeg 1024w, https:\/\/www.celttv.com.ar\/wp-content\/uploads\/2022\/06\/WhatsApp-Image-2022-06-08-at-2.48.36-PM-300x200.jpeg 300w, https:\/\/www.celttv.com.ar\/wp-content\/uploads\/2022\/06\/WhatsApp-Image-2022-06-08-at-2.48.36-PM-768x512.jpeg 768w, https:\/\/www.celttv.com.ar\/wp-content\/uploads\/2022\/06\/WhatsApp-Image-2022-06-08-at-2.48.36-PM-750x500.jpeg 750w, https:\/\/www.celttv.com.ar\/wp-content\/uploads\/2022\/06\/WhatsApp-Image-2022-06-08-at-2.48.36-PM-1140x761.jpeg 1140w, https:\/\/www.celttv.com.ar\/wp-content\/uploads\/2022\/06\/WhatsApp-Image-2022-06-08-at-2.48.36-PM.jpeg 1280w\" sizes=\"auto, (max-width: 1024px) 100vw, 1024px\" \/><\/figure><\/li><\/ul><\/figure>\n","protected":false},"excerpt":{"rendered":"<p>Un d\u00eda importante para Saldungaray, ya que 10 nuevos egresados recibieron su diploma de la carrera de Martillero y Corredor P\u00fablico de la Universidad Provincial del Sudoeste. En horas del mediod\u00eda, en la delegaci\u00f3n municipal se llev\u00f3 a cabo el primer acto de colaci\u00f3n de la carrera que inici\u00f3 su dictado hace cuatro a\u00f1os atr\u00e1s, [&hellip;]<\/p>\n","protected":false},"author":1,"featured_media":66776,"comment_status":"closed","ping_status":"open","sticky":false,"template":"","format":"standard","meta":{"footnotes":""},"categories":[51,52,59],"tags":[],"class_list":["post-66772","post","type-post","status-publish","format-standard","has-post-thumbnail","hentry","category-comunidad","category-destacadas","category-municipales"],"yoast_head":"<!-- This site is optimized with the Yoast SEO plugin v19.7.1 - https:\/\/yoast.com\/wordpress\/plugins\/seo\/ -->\n<title>Recibieron su diploma los primeros egresados universitarios de Saldungaray - CELTTV<\/title>\n<meta name=\"description\" content=\"Sitio web de noticias de la localidad de Tornquist, provincia de Buenos Aires, Rep\u00fablica Argentina. Contenido propio originado por periodistas de CELTTV, el canal de TV local de la Cooperativa El\u00e9ctrica de Tornquist. Turismo, Pol\u00edtica, Sociedad, Deporte, Cultura y todo el contenido de inter\u00e9s general que la gente del pueblo y la regi\u00f3n debe conocer.\" \/>\n<meta name=\"robots\" content=\"index, follow, max-snippet:-1, max-image-preview:large, max-video-preview:-1\" \/>\n<link rel=\"canonical\" href=\"https:\/\/www.celttv.com.ar\/index.php\/2022\/06\/08\/recibieron-su-diploma-los-primeros-egresados-universitarios-de-saldungaray\/\" \/>\n<meta property=\"og:locale\" content=\"es_ES\" \/>\n<meta property=\"og:type\" content=\"article\" \/>\n<meta property=\"og:title\" content=\"Recibieron su diploma los primeros egresados universitarios de Saldungaray - CELTTV\" \/>\n<meta property=\"og:description\" content=\"Sitio web de noticias de la localidad de Tornquist, provincia de Buenos Aires, Rep\u00fablica Argentina. Contenido propio originado por periodistas de CELTTV, el canal de TV local de la Cooperativa El\u00e9ctrica de Tornquist. Turismo, Pol\u00edtica, Sociedad, Deporte, Cultura y todo el contenido de inter\u00e9s general que la gente del pueblo y la regi\u00f3n debe conocer.\" \/>\n<meta property=\"og:url\" content=\"https:\/\/www.celttv.com.ar\/index.php\/2022\/06\/08\/recibieron-su-diploma-los-primeros-egresados-universitarios-de-saldungaray\/\" \/>\n<meta property=\"og:site_name\" content=\"CELTTV\" \/>\n<meta property=\"article:publisher\" content=\"https:\/\/www.facebook.com\/celtTV\/\" \/>\n<meta property=\"article:published_time\" content=\"2022-06-08T20:43:41+00:00\" \/>\n<meta property=\"og:image\" content=\"https:\/\/www.celttv.com.ar\/wp-content\/uploads\/2022\/06\/WhatsApp-Image-2022-06-08-at-2.48.14-PM.jpeg\" \/>\n\t<meta property=\"og:image:width\" content=\"1280\" \/>\n\t<meta property=\"og:image:height\" content=\"854\" \/>\n\t<meta property=\"og:image:type\" content=\"image\/jpeg\" \/>\n<meta name=\"author\" content=\"ulises\" \/>\n<meta name=\"twitter:card\" content=\"summary_large_image\" \/>\n<meta name=\"twitter:label1\" content=\"Escrito por\" \/>\n\t<meta name=\"twitter:data1\" content=\"ulises\" \/>\n\t<meta name=\"twitter:label2\" content=\"Tiempo de lectura\" \/>\n\t<meta name=\"twitter:data2\" content=\"1 minuto\" \/>\n<script type=\"application\/ld+json\" class=\"yoast-schema-graph\">{\"@context\":\"https:\/\/schema.org\",\"@graph\":[{\"@type\":\"NewsArticle\",\"@id\":\"https:\/\/www.celttv.com.ar\/index.php\/2022\/06\/08\/recibieron-su-diploma-los-primeros-egresados-universitarios-de-saldungaray\/#article\",\"isPartOf\":{\"@id\":\"https:\/\/www.celttv.com.ar\/index.php\/2022\/06\/08\/recibieron-su-diploma-los-primeros-egresados-universitarios-de-saldungaray\/\"},\"author\":{\"name\":\"ulises\",\"@id\":\"https:\/\/www.celttv.com.ar\/#\/schema\/person\/6d99c072dba59953809c81446e9d0ace\"},\"headline\":\"Recibieron su diploma los primeros egresados universitarios de Saldungaray\",\"datePublished\":\"2022-06-08T20:43:41+00:00\",\"dateModified\":\"2022-06-08T20:43:41+00:00\",\"mainEntityOfPage\":{\"@id\":\"https:\/\/www.celttv.com.ar\/index.php\/2022\/06\/08\/recibieron-su-diploma-los-primeros-egresados-universitarios-de-saldungaray\/\"},\"wordCount\":268,\"publisher\":{\"@id\":\"https:\/\/www.celttv.com.ar\/#organization\"},\"articleSection\":[\"Comunidad\",\"Destacadas\",\"Municipales\"],\"inLanguage\":\"es\"},{\"@type\":\"WebPage\",\"@id\":\"https:\/\/www.celttv.com.ar\/index.php\/2022\/06\/08\/recibieron-su-diploma-los-primeros-egresados-universitarios-de-saldungaray\/\",\"url\":\"https:\/\/www.celttv.com.ar\/index.php\/2022\/06\/08\/recibieron-su-diploma-los-primeros-egresados-universitarios-de-saldungaray\/\",\"name\":\"Recibieron su diploma los primeros egresados universitarios de Saldungaray - CELTTV\",\"isPartOf\":{\"@id\":\"https:\/\/www.celttv.com.ar\/#website\"},\"datePublished\":\"2022-06-08T20:43:41+00:00\",\"dateModified\":\"2022-06-08T20:43:41+00:00\",\"description\":\"Sitio web de noticias de la localidad de Tornquist, provincia de Buenos Aires, Rep\u00fablica Argentina. Contenido propio originado por periodistas de CELTTV, el canal de TV local de la Cooperativa El\u00e9ctrica de Tornquist. Turismo, Pol\u00edtica, Sociedad, Deporte, Cultura y todo el contenido de inter\u00e9s general que la gente del pueblo y la regi\u00f3n debe conocer.\",\"breadcrumb\":{\"@id\":\"https:\/\/www.celttv.com.ar\/index.php\/2022\/06\/08\/recibieron-su-diploma-los-primeros-egresados-universitarios-de-saldungaray\/#breadcrumb\"},\"inLanguage\":\"es\",\"potentialAction\":[{\"@type\":\"ReadAction\",\"target\":[\"https:\/\/www.celttv.com.ar\/index.php\/2022\/06\/08\/recibieron-su-diploma-los-primeros-egresados-universitarios-de-saldungaray\/\"]}]},{\"@type\":\"BreadcrumbList\",\"@id\":\"https:\/\/www.celttv.com.ar\/index.php\/2022\/06\/08\/recibieron-su-diploma-los-primeros-egresados-universitarios-de-saldungaray\/#breadcrumb\",\"itemListElement\":[{\"@type\":\"ListItem\",\"position\":1,\"name\":\"Inicio\",\"item\":\"https:\/\/www.celttv.com.ar\/\"},{\"@type\":\"ListItem\",\"position\":2,\"name\":\"Recibieron su diploma los primeros egresados universitarios de Saldungaray\"}]},{\"@type\":\"WebSite\",\"@id\":\"https:\/\/www.celttv.com.ar\/#website\",\"url\":\"https:\/\/www.celttv.com.ar\/\",\"name\":\"CELTTV\",\"description\":\"Cooperativa El\u00e9ctrica de Tornquist\",\"publisher\":{\"@id\":\"https:\/\/www.celttv.com.ar\/#organization\"},\"potentialAction\":[{\"@type\":\"SearchAction\",\"target\":{\"@type\":\"EntryPoint\",\"urlTemplate\":\"https:\/\/www.celttv.com.ar\/?s={search_term_string}\"},\"query-input\":\"required name=search_term_string\"}],\"inLanguage\":\"es\"},{\"@type\":\"Organization\",\"@id\":\"https:\/\/www.celttv.com.ar\/#organization\",\"name\":\"CELTTV\",\"url\":\"https:\/\/www.celttv.com.ar\/\",\"sameAs\":[\"https:\/\/www.youtube.com\/channel\/UCz_oIt8Hig64Ub-EmcNPIhg\",\"https:\/\/www.facebook.com\/celtTV\/\"],\"logo\":{\"@type\":\"ImageObject\",\"inLanguage\":\"es\",\"@id\":\"https:\/\/www.celttv.com.ar\/#\/schema\/logo\/image\/\",\"url\":\"http:\/\/www.celttv.com.ar\/wp-content\/uploads\/2022\/08\/logo-1.png\",\"contentUrl\":\"http:\/\/www.celttv.com.ar\/wp-content\/uploads\/2022\/08\/logo-1.png\",\"width\":461,\"height\":159,\"caption\":\"CELTTV\"},\"image\":{\"@id\":\"https:\/\/www.celttv.com.ar\/#\/schema\/logo\/image\/\"}},{\"@type\":\"Person\",\"@id\":\"https:\/\/www.celttv.com.ar\/#\/schema\/person\/6d99c072dba59953809c81446e9d0ace\",\"name\":\"ulises\",\"image\":{\"@type\":\"ImageObject\",\"inLanguage\":\"es\",\"@id\":\"https:\/\/www.celttv.com.ar\/#\/schema\/person\/image\/\",\"url\":\"https:\/\/secure.gravatar.com\/avatar\/7f2c48bdc33b30088f941fb6082e555f2874c98e20cb159d7b92b50eadfce793?s=96&d=mm&r=g\",\"contentUrl\":\"https:\/\/secure.gravatar.com\/avatar\/7f2c48bdc33b30088f941fb6082e555f2874c98e20cb159d7b92b50eadfce793?s=96&d=mm&r=g\",\"caption\":\"ulises\"},\"sameAs\":[\"http:\/\/www.celttv.com.ar\"]}]}<\/script>\n<!-- \/ Yoast SEO plugin. -->","yoast_head_json":{"title":"Recibieron su diploma los primeros egresados universitarios de Saldungaray - CELTTV","description":"Sitio web de noticias de la localidad de Tornquist, provincia de Buenos Aires, Rep\u00fablica Argentina. Contenido propio originado por periodistas de CELTTV, el canal de TV local de la Cooperativa El\u00e9ctrica de Tornquist. Turismo, Pol\u00edtica, Sociedad, Deporte, Cultura y todo el contenido de inter\u00e9s general que la gente del pueblo y la regi\u00f3n debe conocer.","robots":{"index":"index","follow":"follow","max-snippet":"max-snippet:-1","max-image-preview":"max-image-preview:large","max-video-preview":"max-video-preview:-1"},"canonical":"https:\/\/www.celttv.com.ar\/index.php\/2022\/06\/08\/recibieron-su-diploma-los-primeros-egresados-universitarios-de-saldungaray\/","og_locale":"es_ES","og_type":"article","og_title":"Recibieron su diploma los primeros egresados universitarios de Saldungaray - CELTTV","og_description":"Sitio web de noticias de la localidad de Tornquist, provincia de Buenos Aires, Rep\u00fablica Argentina. Contenido propio originado por periodistas de CELTTV, el canal de TV local de la Cooperativa El\u00e9ctrica de Tornquist. Turismo, Pol\u00edtica, Sociedad, Deporte, Cultura y todo el contenido de inter\u00e9s general que la gente del pueblo y la regi\u00f3n debe conocer.","og_url":"https:\/\/www.celttv.com.ar\/index.php\/2022\/06\/08\/recibieron-su-diploma-los-primeros-egresados-universitarios-de-saldungaray\/","og_site_name":"CELTTV","article_publisher":"https:\/\/www.facebook.com\/celtTV\/","article_published_time":"2022-06-08T20:43:41+00:00","og_image":[{"width":1280,"height":854,"url":"https:\/\/www.celttv.com.ar\/wp-content\/uploads\/2022\/06\/WhatsApp-Image-2022-06-08-at-2.48.14-PM.jpeg","type":"image\/jpeg"}],"author":"ulises","twitter_card":"summary_large_image","twitter_misc":{"Escrito por":"ulises","Tiempo de lectura":"1 minuto"},"schema":{"@context":"https:\/\/schema.org","@graph":[{"@type":"NewsArticle","@id":"https:\/\/www.celttv.com.ar\/index.php\/2022\/06\/08\/recibieron-su-diploma-los-primeros-egresados-universitarios-de-saldungaray\/#article","isPartOf":{"@id":"https:\/\/www.celttv.com.ar\/index.php\/2022\/06\/08\/recibieron-su-diploma-los-primeros-egresados-universitarios-de-saldungaray\/"},"author":{"name":"ulises","@id":"https:\/\/www.celttv.com.ar\/#\/schema\/person\/6d99c072dba59953809c81446e9d0ace"},"headline":"Recibieron su diploma los primeros egresados universitarios de Saldungaray","datePublished":"2022-06-08T20:43:41+00:00","dateModified":"2022-06-08T20:43:41+00:00","mainEntityOfPage":{"@id":"https:\/\/www.celttv.com.ar\/index.php\/2022\/06\/08\/recibieron-su-diploma-los-primeros-egresados-universitarios-de-saldungaray\/"},"wordCount":268,"publisher":{"@id":"https:\/\/www.celttv.com.ar\/#organization"},"articleSection":["Comunidad","Destacadas","Municipales"],"inLanguage":"es"},{"@type":"WebPage","@id":"https:\/\/www.celttv.com.ar\/index.php\/2022\/06\/08\/recibieron-su-diploma-los-primeros-egresados-universitarios-de-saldungaray\/","url":"https:\/\/www.celttv.com.ar\/index.php\/2022\/06\/08\/recibieron-su-diploma-los-primeros-egresados-universitarios-de-saldungaray\/","name":"Recibieron su diploma los primeros egresados universitarios de Saldungaray - CELTTV","isPartOf":{"@id":"https:\/\/www.celttv.com.ar\/#website"},"datePublished":"2022-06-08T20:43:41+00:00","dateModified":"2022-06-08T20:43:41+00:00","description":"Sitio web de noticias de la localidad de Tornquist, provincia de Buenos Aires, Rep\u00fablica Argentina. Contenido propio originado por periodistas de CELTTV, el canal de TV local de la Cooperativa El\u00e9ctrica de Tornquist. Turismo, Pol\u00edtica, Sociedad, Deporte, Cultura y todo el contenido de inter\u00e9s general que la gente del pueblo y la regi\u00f3n debe conocer.","breadcrumb":{"@id":"https:\/\/www.celttv.com.ar\/index.php\/2022\/06\/08\/recibieron-su-diploma-los-primeros-egresados-universitarios-de-saldungaray\/#breadcrumb"},"inLanguage":"es","potentialAction":[{"@type":"ReadAction","target":["https:\/\/www.celttv.com.ar\/index.php\/2022\/06\/08\/recibieron-su-diploma-los-primeros-egresados-universitarios-de-saldungaray\/"]}]},{"@type":"BreadcrumbList","@id":"https:\/\/www.celttv.com.ar\/index.php\/2022\/06\/08\/recibieron-su-diploma-los-primeros-egresados-universitarios-de-saldungaray\/#breadcrumb","itemListElement":[{"@type":"ListItem","position":1,"name":"Inicio","item":"https:\/\/www.celttv.com.ar\/"},{"@type":"ListItem","position":2,"name":"Recibieron su diploma los primeros egresados universitarios de Saldungaray"}]},{"@type":"WebSite","@id":"https:\/\/www.celttv.com.ar\/#website","url":"https:\/\/www.celttv.com.ar\/","name":"CELTTV","description":"Cooperativa El\u00e9ctrica de Tornquist","publisher":{"@id":"https:\/\/www.celttv.com.ar\/#organization"},"potentialAction":[{"@type":"SearchAction","target":{"@type":"EntryPoint","urlTemplate":"https:\/\/www.celttv.com.ar\/?s={search_term_string}"},"query-input":"required name=search_term_string"}],"inLanguage":"es"},{"@type":"Organization","@id":"https:\/\/www.celttv.com.ar\/#organization","name":"CELTTV","url":"https:\/\/www.celttv.com.ar\/","sameAs":["https:\/\/www.youtube.com\/channel\/UCz_oIt8Hig64Ub-EmcNPIhg","https:\/\/www.facebook.com\/celtTV\/"],"logo":{"@type":"ImageObject","inLanguage":"es","@id":"https:\/\/www.celttv.com.ar\/#\/schema\/logo\/image\/","url":"http:\/\/www.celttv.com.ar\/wp-content\/uploads\/2022\/08\/logo-1.png","contentUrl":"http:\/\/www.celttv.com.ar\/wp-content\/uploads\/2022\/08\/logo-1.png","width":461,"height":159,"caption":"CELTTV"},"image":{"@id":"https:\/\/www.celttv.com.ar\/#\/schema\/logo\/image\/"}},{"@type":"Person","@id":"https:\/\/www.celttv.com.ar\/#\/schema\/person\/6d99c072dba59953809c81446e9d0ace","name":"ulises","image":{"@type":"ImageObject","inLanguage":"es","@id":"https:\/\/www.celttv.com.ar\/#\/schema\/person\/image\/","url":"https:\/\/secure.gravatar.com\/avatar\/7f2c48bdc33b30088f941fb6082e555f2874c98e20cb159d7b92b50eadfce793?s=96&d=mm&r=g","contentUrl":"https:\/\/secure.gravatar.com\/avatar\/7f2c48bdc33b30088f941fb6082e555f2874c98e20cb159d7b92b50eadfce793?s=96&d=mm&r=g","caption":"ulises"},"sameAs":["http:\/\/www.celttv.com.ar"]}]}},"_links":{"self":[{"href":"https:\/\/www.celttv.com.ar\/index.php\/wp-json\/wp\/v2\/posts\/66772","targetHints":{"allow":["GET"]}}],"collection":[{"href":"https:\/\/www.celttv.com.ar\/index.php\/wp-json\/wp\/v2\/posts"}],"about":[{"href":"https:\/\/www.celttv.com.ar\/index.php\/wp-json\/wp\/v2\/types\/post"}],"author":[{"embeddable":true,"href":"https:\/\/www.celttv.com.ar\/index.php\/wp-json\/wp\/v2\/users\/1"}],"replies":[{"embeddable":true,"href":"https:\/\/www.celttv.com.ar\/index.php\/wp-json\/wp\/v2\/comments?post=66772"}],"version-history":[{"count":0,"href":"https:\/\/www.celttv.com.ar\/index.php\/wp-json\/wp\/v2\/posts\/66772\/revisions"}],"wp:featuredmedia":[{"embeddable":true,"href":"https:\/\/www.celttv.com.ar\/index.php\/wp-json\/wp\/v2\/media\/66776"}],"wp:attachment":[{"href":"https:\/\/www.celttv.com.ar\/index.php\/wp-json\/wp\/v2\/media?parent=66772"}],"wp:term":[{"taxonomy":"category","embeddable":true,"href":"https:\/\/www.celttv.com.ar\/index.php\/wp-json\/wp\/v2\/categories?post=66772"},{"taxonomy":"post_tag","embeddable":true,"href":"https:\/\/www.celttv.com.ar\/index.php\/wp-json\/wp\/v2\/tags?post=66772"}],"curies":[{"name":"wp","href":"https:\/\/api.w.org\/{rel}","templated":true}]}}