{"id":66779,"date":"2022-06-09T16:42:07","date_gmt":"2022-06-09T16:42:07","guid":{"rendered":"http:\/\/www.celttv.com.ar\/?p=66779"},"modified":"2022-06-09T16:42:07","modified_gmt":"2022-06-09T16:42:07","slug":"se-encuentra-abierta-la-inscripcion-al-curso-de-socorristas-en-ambientes-rurales-naturales-y-agrestes","status":"publish","type":"post","link":"https:\/\/www.celttv.com.ar\/index.php\/2022\/06\/09\/se-encuentra-abierta-la-inscripcion-al-curso-de-socorristas-en-ambientes-rurales-naturales-y-agrestes\/","title":{"rendered":"Se encuentra abierta la inscripci\u00f3n al curso de \u201cSocorristas en Ambientes Rurales, Naturales y Agrestes\u201d"},"content":{"rendered":"\n<p>La Secretar\u00eda de Turismo informa que el Ministerio de Turismo y Deportes de la Naci\u00f3n, en convenio con la Asociaci\u00f3n Argentina de Ecoturismo y Turismo Aventura (AAETAV), y la Subsecretar\u00eda de Turismo &#8211; PBA &#8211; abrieron la inscripci\u00f3n al curso de \u201cSocorrista en ambientes Rurales, Naturales y Agrestes\u201d a realizarse en el distrito de Tornquist desde el 21 al 28 de junio.<\/p>\n\n\n<p>El WFR (Wilderness First Responder) incorpora 55hs de formaci\u00f3n te\u00f3rico-pr\u00e1ctica y 30hs de evaluaci\u00f3n en terreno destinados a fortalecer las capacidades de prestadores y gu\u00edas tur\u00edsticos en ambientes naturales, rurales y agrestes, que les permitir\u00e1n acceder a est\u00e1ndares de calidad internacional requeridos por los viajeros y operadores receptivos.<\/p>\n\n\n<p>Podr\u00e1n inscribirse, de forma gratuita, aquellos prestadores debidamente acreditados y que tengan disponibilidad completa para realizar la totalidad de horas de curso y evaluaci\u00f3n bajo modalidad presencial.<\/p>\n\n\n<p>Lugar: Tornquist<\/p>\n\n\n<p>Modalidad: Intensiva &#8211; Presencial<\/p>\n\n\n<p>Fechas: 21 al 28 de junio<\/p>\n\n\n<p><strong>Inscripci\u00f3n abierta hasta el 10 de junio. <\/strong>Link:https:\/\/www.yvera.tur.ar\/capacitate\/turismoaventura\/inscripcion\/7<\/p>\n\n\n<p><strong>Cupo limitado: 30 prestadores<\/strong><\/p>\n\n\n<figure class=\"wp-block-image size-large\"><img loading=\"lazy\" decoding=\"async\" width=\"1024\" height=\"1024\" src=\"http:\/\/www.celttv.com.ar\/wp-content\/uploads\/2022\/06\/WhatsApp-Image-2022-06-09-at-11.21.45-AM-1-1024x1024.jpeg\" alt=\"\" class=\"wp-image-66781\" srcset=\"https:\/\/www.celttv.com.ar\/wp-content\/uploads\/2022\/06\/WhatsApp-Image-2022-06-09-at-11.21.45-AM-1-1024x1024.jpeg 1024w, https:\/\/www.celttv.com.ar\/wp-content\/uploads\/2022\/06\/WhatsApp-Image-2022-06-09-at-11.21.45-AM-1-300x300.jpeg 300w, https:\/\/www.celttv.com.ar\/wp-content\/uploads\/2022\/06\/WhatsApp-Image-2022-06-09-at-11.21.45-AM-1-150x150.jpeg 150w, https:\/\/www.celttv.com.ar\/wp-content\/uploads\/2022\/06\/WhatsApp-Image-2022-06-09-at-11.21.45-AM-1-768x768.jpeg 768w, https:\/\/www.celttv.com.ar\/wp-content\/uploads\/2022\/06\/WhatsApp-Image-2022-06-09-at-11.21.45-AM-1-75x75.jpeg 75w, https:\/\/www.celttv.com.ar\/wp-content\/uploads\/2022\/06\/WhatsApp-Image-2022-06-09-at-11.21.45-AM-1-750x750.jpeg 750w, https:\/\/www.celttv.com.ar\/wp-content\/uploads\/2022\/06\/WhatsApp-Image-2022-06-09-at-11.21.45-AM-1-1140x1140.jpeg 1140w, https:\/\/www.celttv.com.ar\/wp-content\/uploads\/2022\/06\/WhatsApp-Image-2022-06-09-at-11.21.45-AM-1.jpeg 1280w\" sizes=\"auto, (max-width: 1024px) 100vw, 1024px\" \/><\/figure>\n","protected":false},"excerpt":{"rendered":"<p>La Secretar\u00eda de Turismo informa que el Ministerio de Turismo y Deportes de la Naci\u00f3n, en convenio con la Asociaci\u00f3n Argentina de Ecoturismo y Turismo Aventura (AAETAV), y la Subsecretar\u00eda de Turismo &#8211; PBA &#8211; abrieron la inscripci\u00f3n al curso de \u201cSocorrista en ambientes Rurales, Naturales y Agrestes\u201d a realizarse en el distrito de Tornquist [&hellip;]<\/p>\n","protected":false},"author":1,"featured_media":66780,"comment_status":"closed","ping_status":"open","sticky":false,"template":"","format":"standard","meta":{"footnotes":""},"categories":[55,51,52],"tags":[],"class_list":["post-66779","post","type-post","status-publish","format-standard","has-post-thumbnail","hentry","category-celt-tv-noticias","category-comunidad","category-destacadas"],"yoast_head":"<!-- This site is optimized with the Yoast SEO plugin v19.7.1 - https:\/\/yoast.com\/wordpress\/plugins\/seo\/ -->\n<title>Se encuentra abierta la inscripci\u00f3n al curso de \u201cSocorristas en Ambientes Rurales, Naturales y Agrestes\u201d - CELTTV<\/title>\n<meta name=\"description\" content=\"Sitio web de noticias de la localidad de Tornquist, provincia de Buenos Aires, Rep\u00fablica Argentina. Contenido propio originado por periodistas de CELTTV, el canal de TV local de la Cooperativa El\u00e9ctrica de Tornquist. Turismo, Pol\u00edtica, Sociedad, Deporte, Cultura y todo el contenido de inter\u00e9s general que la gente del pueblo y la regi\u00f3n debe conocer.\" \/>\n<meta name=\"robots\" content=\"index, follow, max-snippet:-1, max-image-preview:large, max-video-preview:-1\" \/>\n<link rel=\"canonical\" href=\"https:\/\/www.celttv.com.ar\/index.php\/2022\/06\/09\/se-encuentra-abierta-la-inscripcion-al-curso-de-socorristas-en-ambientes-rurales-naturales-y-agrestes\/\" \/>\n<meta property=\"og:locale\" content=\"es_ES\" \/>\n<meta property=\"og:type\" content=\"article\" \/>\n<meta property=\"og:title\" content=\"Se encuentra abierta la inscripci\u00f3n al curso de \u201cSocorristas en Ambientes Rurales, Naturales y Agrestes\u201d - CELTTV\" \/>\n<meta property=\"og:description\" content=\"Sitio web de noticias de la localidad de Tornquist, provincia de Buenos Aires, Rep\u00fablica Argentina. Contenido propio originado por periodistas de CELTTV, el canal de TV local de la Cooperativa El\u00e9ctrica de Tornquist. Turismo, Pol\u00edtica, Sociedad, Deporte, Cultura y todo el contenido de inter\u00e9s general que la gente del pueblo y la regi\u00f3n debe conocer.\" \/>\n<meta property=\"og:url\" content=\"https:\/\/www.celttv.com.ar\/index.php\/2022\/06\/09\/se-encuentra-abierta-la-inscripcion-al-curso-de-socorristas-en-ambientes-rurales-naturales-y-agrestes\/\" \/>\n<meta property=\"og:site_name\" content=\"CELTTV\" \/>\n<meta property=\"article:publisher\" content=\"https:\/\/www.facebook.com\/celtTV\/\" \/>\n<meta property=\"article:published_time\" content=\"2022-06-09T16:42:07+00:00\" \/>\n<meta property=\"og:image\" content=\"https:\/\/www.celttv.com.ar\/wp-content\/uploads\/2022\/06\/WhatsApp-Image-2022-06-09-at-11.21.45-AM.jpeg\" \/>\n\t<meta property=\"og:image:width\" content=\"1273\" \/>\n\t<meta property=\"og:image:height\" content=\"567\" \/>\n\t<meta property=\"og:image:type\" content=\"image\/jpeg\" \/>\n<meta name=\"author\" content=\"ulises\" \/>\n<meta name=\"twitter:card\" content=\"summary_large_image\" \/>\n<meta name=\"twitter:label1\" content=\"Escrito por\" \/>\n\t<meta name=\"twitter:data1\" content=\"ulises\" \/>\n\t<meta name=\"twitter:label2\" content=\"Tiempo de lectura\" \/>\n\t<meta name=\"twitter:data2\" content=\"1 minuto\" \/>\n<script type=\"application\/ld+json\" class=\"yoast-schema-graph\">{\"@context\":\"https:\/\/schema.org\",\"@graph\":[{\"@type\":\"NewsArticle\",\"@id\":\"https:\/\/www.celttv.com.ar\/index.php\/2022\/06\/09\/se-encuentra-abierta-la-inscripcion-al-curso-de-socorristas-en-ambientes-rurales-naturales-y-agrestes\/#article\",\"isPartOf\":{\"@id\":\"https:\/\/www.celttv.com.ar\/index.php\/2022\/06\/09\/se-encuentra-abierta-la-inscripcion-al-curso-de-socorristas-en-ambientes-rurales-naturales-y-agrestes\/\"},\"author\":{\"name\":\"ulises\",\"@id\":\"https:\/\/www.celttv.com.ar\/#\/schema\/person\/6d99c072dba59953809c81446e9d0ace\"},\"headline\":\"Se encuentra abierta la inscripci\u00f3n al curso de \u201cSocorristas en Ambientes Rurales, Naturales y Agrestes\u201d\",\"datePublished\":\"2022-06-09T16:42:07+00:00\",\"dateModified\":\"2022-06-09T16:42:07+00:00\",\"mainEntityOfPage\":{\"@id\":\"https:\/\/www.celttv.com.ar\/index.php\/2022\/06\/09\/se-encuentra-abierta-la-inscripcion-al-curso-de-socorristas-en-ambientes-rurales-naturales-y-agrestes\/\"},\"wordCount\":195,\"publisher\":{\"@id\":\"https:\/\/www.celttv.com.ar\/#organization\"},\"articleSection\":[\"Celt TV Noticias\",\"Comunidad\",\"Destacadas\"],\"inLanguage\":\"es\"},{\"@type\":\"WebPage\",\"@id\":\"https:\/\/www.celttv.com.ar\/index.php\/2022\/06\/09\/se-encuentra-abierta-la-inscripcion-al-curso-de-socorristas-en-ambientes-rurales-naturales-y-agrestes\/\",\"url\":\"https:\/\/www.celttv.com.ar\/index.php\/2022\/06\/09\/se-encuentra-abierta-la-inscripcion-al-curso-de-socorristas-en-ambientes-rurales-naturales-y-agrestes\/\",\"name\":\"Se encuentra abierta la inscripci\u00f3n al curso de \u201cSocorristas en Ambientes Rurales, Naturales y Agrestes\u201d - CELTTV\",\"isPartOf\":{\"@id\":\"https:\/\/www.celttv.com.ar\/#website\"},\"datePublished\":\"2022-06-09T16:42:07+00:00\",\"dateModified\":\"2022-06-09T16:42:07+00:00\",\"description\":\"Sitio web de noticias de la localidad de Tornquist, provincia de Buenos Aires, Rep\u00fablica Argentina. Contenido propio originado por periodistas de CELTTV, el canal de TV local de la Cooperativa El\u00e9ctrica de Tornquist. Turismo, Pol\u00edtica, Sociedad, Deporte, Cultura y todo el contenido de inter\u00e9s general que la gente del pueblo y la regi\u00f3n debe conocer.\",\"breadcrumb\":{\"@id\":\"https:\/\/www.celttv.com.ar\/index.php\/2022\/06\/09\/se-encuentra-abierta-la-inscripcion-al-curso-de-socorristas-en-ambientes-rurales-naturales-y-agrestes\/#breadcrumb\"},\"inLanguage\":\"es\",\"potentialAction\":[{\"@type\":\"ReadAction\",\"target\":[\"https:\/\/www.celttv.com.ar\/index.php\/2022\/06\/09\/se-encuentra-abierta-la-inscripcion-al-curso-de-socorristas-en-ambientes-rurales-naturales-y-agrestes\/\"]}]},{\"@type\":\"BreadcrumbList\",\"@id\":\"https:\/\/www.celttv.com.ar\/index.php\/2022\/06\/09\/se-encuentra-abierta-la-inscripcion-al-curso-de-socorristas-en-ambientes-rurales-naturales-y-agrestes\/#breadcrumb\",\"itemListElement\":[{\"@type\":\"ListItem\",\"position\":1,\"name\":\"Inicio\",\"item\":\"https:\/\/www.celttv.com.ar\/\"},{\"@type\":\"ListItem\",\"position\":2,\"name\":\"Se encuentra abierta la inscripci\u00f3n al curso de \u201cSocorristas en Ambientes Rurales, Naturales y Agrestes\u201d\"}]},{\"@type\":\"WebSite\",\"@id\":\"https:\/\/www.celttv.com.ar\/#website\",\"url\":\"https:\/\/www.celttv.com.ar\/\",\"name\":\"CELTTV\",\"description\":\"Cooperativa El\u00e9ctrica de Tornquist\",\"publisher\":{\"@id\":\"https:\/\/www.celttv.com.ar\/#organization\"},\"potentialAction\":[{\"@type\":\"SearchAction\",\"target\":{\"@type\":\"EntryPoint\",\"urlTemplate\":\"https:\/\/www.celttv.com.ar\/?s={search_term_string}\"},\"query-input\":\"required name=search_term_string\"}],\"inLanguage\":\"es\"},{\"@type\":\"Organization\",\"@id\":\"https:\/\/www.celttv.com.ar\/#organization\",\"name\":\"CELTTV\",\"url\":\"https:\/\/www.celttv.com.ar\/\",\"sameAs\":[\"https:\/\/www.youtube.com\/channel\/UCz_oIt8Hig64Ub-EmcNPIhg\",\"https:\/\/www.facebook.com\/celtTV\/\"],\"logo\":{\"@type\":\"ImageObject\",\"inLanguage\":\"es\",\"@id\":\"https:\/\/www.celttv.com.ar\/#\/schema\/logo\/image\/\",\"url\":\"http:\/\/www.celttv.com.ar\/wp-content\/uploads\/2022\/08\/logo-1.png\",\"contentUrl\":\"http:\/\/www.celttv.com.ar\/wp-content\/uploads\/2022\/08\/logo-1.png\",\"width\":461,\"height\":159,\"caption\":\"CELTTV\"},\"image\":{\"@id\":\"https:\/\/www.celttv.com.ar\/#\/schema\/logo\/image\/\"}},{\"@type\":\"Person\",\"@id\":\"https:\/\/www.celttv.com.ar\/#\/schema\/person\/6d99c072dba59953809c81446e9d0ace\",\"name\":\"ulises\",\"image\":{\"@type\":\"ImageObject\",\"inLanguage\":\"es\",\"@id\":\"https:\/\/www.celttv.com.ar\/#\/schema\/person\/image\/\",\"url\":\"https:\/\/secure.gravatar.com\/avatar\/7f2c48bdc33b30088f941fb6082e555f2874c98e20cb159d7b92b50eadfce793?s=96&d=mm&r=g\",\"contentUrl\":\"https:\/\/secure.gravatar.com\/avatar\/7f2c48bdc33b30088f941fb6082e555f2874c98e20cb159d7b92b50eadfce793?s=96&d=mm&r=g\",\"caption\":\"ulises\"},\"sameAs\":[\"http:\/\/www.celttv.com.ar\"]}]}<\/script>\n<!-- \/ Yoast SEO plugin. -->","yoast_head_json":{"title":"Se encuentra abierta la inscripci\u00f3n al curso de \u201cSocorristas en Ambientes Rurales, Naturales y Agrestes\u201d - CELTTV","description":"Sitio web de noticias de la localidad de Tornquist, provincia de Buenos Aires, Rep\u00fablica Argentina. Contenido propio originado por periodistas de CELTTV, el canal de TV local de la Cooperativa El\u00e9ctrica de Tornquist. Turismo, Pol\u00edtica, Sociedad, Deporte, Cultura y todo el contenido de inter\u00e9s general que la gente del pueblo y la regi\u00f3n debe conocer.","robots":{"index":"index","follow":"follow","max-snippet":"max-snippet:-1","max-image-preview":"max-image-preview:large","max-video-preview":"max-video-preview:-1"},"canonical":"https:\/\/www.celttv.com.ar\/index.php\/2022\/06\/09\/se-encuentra-abierta-la-inscripcion-al-curso-de-socorristas-en-ambientes-rurales-naturales-y-agrestes\/","og_locale":"es_ES","og_type":"article","og_title":"Se encuentra abierta la inscripci\u00f3n al curso de \u201cSocorristas en Ambientes Rurales, Naturales y Agrestes\u201d - CELTTV","og_description":"Sitio web de noticias de la localidad de Tornquist, provincia de Buenos Aires, Rep\u00fablica Argentina. Contenido propio originado por periodistas de CELTTV, el canal de TV local de la Cooperativa El\u00e9ctrica de Tornquist. Turismo, Pol\u00edtica, Sociedad, Deporte, Cultura y todo el contenido de inter\u00e9s general que la gente del pueblo y la regi\u00f3n debe conocer.","og_url":"https:\/\/www.celttv.com.ar\/index.php\/2022\/06\/09\/se-encuentra-abierta-la-inscripcion-al-curso-de-socorristas-en-ambientes-rurales-naturales-y-agrestes\/","og_site_name":"CELTTV","article_publisher":"https:\/\/www.facebook.com\/celtTV\/","article_published_time":"2022-06-09T16:42:07+00:00","og_image":[{"width":1273,"height":567,"url":"https:\/\/www.celttv.com.ar\/wp-content\/uploads\/2022\/06\/WhatsApp-Image-2022-06-09-at-11.21.45-AM.jpeg","type":"image\/jpeg"}],"author":"ulises","twitter_card":"summary_large_image","twitter_misc":{"Escrito por":"ulises","Tiempo de lectura":"1 minuto"},"schema":{"@context":"https:\/\/schema.org","@graph":[{"@type":"NewsArticle","@id":"https:\/\/www.celttv.com.ar\/index.php\/2022\/06\/09\/se-encuentra-abierta-la-inscripcion-al-curso-de-socorristas-en-ambientes-rurales-naturales-y-agrestes\/#article","isPartOf":{"@id":"https:\/\/www.celttv.com.ar\/index.php\/2022\/06\/09\/se-encuentra-abierta-la-inscripcion-al-curso-de-socorristas-en-ambientes-rurales-naturales-y-agrestes\/"},"author":{"name":"ulises","@id":"https:\/\/www.celttv.com.ar\/#\/schema\/person\/6d99c072dba59953809c81446e9d0ace"},"headline":"Se encuentra abierta la inscripci\u00f3n al curso de \u201cSocorristas en Ambientes Rurales, Naturales y Agrestes\u201d","datePublished":"2022-06-09T16:42:07+00:00","dateModified":"2022-06-09T16:42:07+00:00","mainEntityOfPage":{"@id":"https:\/\/www.celttv.com.ar\/index.php\/2022\/06\/09\/se-encuentra-abierta-la-inscripcion-al-curso-de-socorristas-en-ambientes-rurales-naturales-y-agrestes\/"},"wordCount":195,"publisher":{"@id":"https:\/\/www.celttv.com.ar\/#organization"},"articleSection":["Celt TV Noticias","Comunidad","Destacadas"],"inLanguage":"es"},{"@type":"WebPage","@id":"https:\/\/www.celttv.com.ar\/index.php\/2022\/06\/09\/se-encuentra-abierta-la-inscripcion-al-curso-de-socorristas-en-ambientes-rurales-naturales-y-agrestes\/","url":"https:\/\/www.celttv.com.ar\/index.php\/2022\/06\/09\/se-encuentra-abierta-la-inscripcion-al-curso-de-socorristas-en-ambientes-rurales-naturales-y-agrestes\/","name":"Se encuentra abierta la inscripci\u00f3n al curso de \u201cSocorristas en Ambientes Rurales, Naturales y Agrestes\u201d - CELTTV","isPartOf":{"@id":"https:\/\/www.celttv.com.ar\/#website"},"datePublished":"2022-06-09T16:42:07+00:00","dateModified":"2022-06-09T16:42:07+00:00","description":"Sitio web de noticias de la localidad de Tornquist, provincia de Buenos Aires, Rep\u00fablica Argentina. Contenido propio originado por periodistas de CELTTV, el canal de TV local de la Cooperativa El\u00e9ctrica de Tornquist. Turismo, Pol\u00edtica, Sociedad, Deporte, Cultura y todo el contenido de inter\u00e9s general que la gente del pueblo y la regi\u00f3n debe conocer.","breadcrumb":{"@id":"https:\/\/www.celttv.com.ar\/index.php\/2022\/06\/09\/se-encuentra-abierta-la-inscripcion-al-curso-de-socorristas-en-ambientes-rurales-naturales-y-agrestes\/#breadcrumb"},"inLanguage":"es","potentialAction":[{"@type":"ReadAction","target":["https:\/\/www.celttv.com.ar\/index.php\/2022\/06\/09\/se-encuentra-abierta-la-inscripcion-al-curso-de-socorristas-en-ambientes-rurales-naturales-y-agrestes\/"]}]},{"@type":"BreadcrumbList","@id":"https:\/\/www.celttv.com.ar\/index.php\/2022\/06\/09\/se-encuentra-abierta-la-inscripcion-al-curso-de-socorristas-en-ambientes-rurales-naturales-y-agrestes\/#breadcrumb","itemListElement":[{"@type":"ListItem","position":1,"name":"Inicio","item":"https:\/\/www.celttv.com.ar\/"},{"@type":"ListItem","position":2,"name":"Se encuentra abierta la inscripci\u00f3n al curso de \u201cSocorristas en Ambientes Rurales, Naturales y Agrestes\u201d"}]},{"@type":"WebSite","@id":"https:\/\/www.celttv.com.ar\/#website","url":"https:\/\/www.celttv.com.ar\/","name":"CELTTV","description":"Cooperativa El\u00e9ctrica de Tornquist","publisher":{"@id":"https:\/\/www.celttv.com.ar\/#organization"},"potentialAction":[{"@type":"SearchAction","target":{"@type":"EntryPoint","urlTemplate":"https:\/\/www.celttv.com.ar\/?s={search_term_string}"},"query-input":"required name=search_term_string"}],"inLanguage":"es"},{"@type":"Organization","@id":"https:\/\/www.celttv.com.ar\/#organization","name":"CELTTV","url":"https:\/\/www.celttv.com.ar\/","sameAs":["https:\/\/www.youtube.com\/channel\/UCz_oIt8Hig64Ub-EmcNPIhg","https:\/\/www.facebook.com\/celtTV\/"],"logo":{"@type":"ImageObject","inLanguage":"es","@id":"https:\/\/www.celttv.com.ar\/#\/schema\/logo\/image\/","url":"http:\/\/www.celttv.com.ar\/wp-content\/uploads\/2022\/08\/logo-1.png","contentUrl":"http:\/\/www.celttv.com.ar\/wp-content\/uploads\/2022\/08\/logo-1.png","width":461,"height":159,"caption":"CELTTV"},"image":{"@id":"https:\/\/www.celttv.com.ar\/#\/schema\/logo\/image\/"}},{"@type":"Person","@id":"https:\/\/www.celttv.com.ar\/#\/schema\/person\/6d99c072dba59953809c81446e9d0ace","name":"ulises","image":{"@type":"ImageObject","inLanguage":"es","@id":"https:\/\/www.celttv.com.ar\/#\/schema\/person\/image\/","url":"https:\/\/secure.gravatar.com\/avatar\/7f2c48bdc33b30088f941fb6082e555f2874c98e20cb159d7b92b50eadfce793?s=96&d=mm&r=g","contentUrl":"https:\/\/secure.gravatar.com\/avatar\/7f2c48bdc33b30088f941fb6082e555f2874c98e20cb159d7b92b50eadfce793?s=96&d=mm&r=g","caption":"ulises"},"sameAs":["http:\/\/www.celttv.com.ar"]}]}},"_links":{"self":[{"href":"https:\/\/www.celttv.com.ar\/index.php\/wp-json\/wp\/v2\/posts\/66779","targetHints":{"allow":["GET"]}}],"collection":[{"href":"https:\/\/www.celttv.com.ar\/index.php\/wp-json\/wp\/v2\/posts"}],"about":[{"href":"https:\/\/www.celttv.com.ar\/index.php\/wp-json\/wp\/v2\/types\/post"}],"author":[{"embeddable":true,"href":"https:\/\/www.celttv.com.ar\/index.php\/wp-json\/wp\/v2\/users\/1"}],"replies":[{"embeddable":true,"href":"https:\/\/www.celttv.com.ar\/index.php\/wp-json\/wp\/v2\/comments?post=66779"}],"version-history":[{"count":0,"href":"https:\/\/www.celttv.com.ar\/index.php\/wp-json\/wp\/v2\/posts\/66779\/revisions"}],"wp:featuredmedia":[{"embeddable":true,"href":"https:\/\/www.celttv.com.ar\/index.php\/wp-json\/wp\/v2\/media\/66780"}],"wp:attachment":[{"href":"https:\/\/www.celttv.com.ar\/index.php\/wp-json\/wp\/v2\/media?parent=66779"}],"wp:term":[{"taxonomy":"category","embeddable":true,"href":"https:\/\/www.celttv.com.ar\/index.php\/wp-json\/wp\/v2\/categories?post=66779"},{"taxonomy":"post_tag","embeddable":true,"href":"https:\/\/www.celttv.com.ar\/index.php\/wp-json\/wp\/v2\/tags?post=66779"}],"curies":[{"name":"wp","href":"https:\/\/api.w.org\/{rel}","templated":true}]}}