{"id":66783,"date":"2022-06-09T16:45:43","date_gmt":"2022-06-09T16:45:43","guid":{"rendered":"http:\/\/www.celttv.com.ar\/?p=66783"},"modified":"2022-06-09T16:45:43","modified_gmt":"2022-06-09T16:45:43","slug":"medio-ambiente-y-servicios-urbanos-solicitan-la-correcta-disposicion-de-los-residuos","status":"publish","type":"post","link":"https:\/\/www.celttv.com.ar\/index.php\/2022\/06\/09\/medio-ambiente-y-servicios-urbanos-solicitan-la-correcta-disposicion-de-los-residuos\/","title":{"rendered":"Medio Ambiente y Servicios Urbanos solicitan la correcta disposici\u00f3n de los residuos"},"content":{"rendered":"\n<p>Tornquist Municipio, a trav\u00e9s de la Subsecretar\u00eda de Medio Ambiente y la Subsecretar\u00eda de Servicios Urbanos, solicita a los vecinos la correcta disposici\u00f3n de los residuos, tanto en los basuriles domiciliarios como as\u00ed tambi\u00e9n en los diferentes puntos limpios y eco puntos distribuidos en las localidades.<\/p>\n\n\n<figure class=\"wp-block-image size-large\"><img loading=\"lazy\" decoding=\"async\" width=\"1024\" height=\"768\" src=\"http:\/\/www.celttv.com.ar\/wp-content\/uploads\/2022\/06\/residuos3-1024x768.jpeg\" alt=\"\" class=\"wp-image-66784\" srcset=\"https:\/\/www.celttv.com.ar\/wp-content\/uploads\/2022\/06\/residuos3-1024x768.jpeg 1024w, https:\/\/www.celttv.com.ar\/wp-content\/uploads\/2022\/06\/residuos3-300x225.jpeg 300w, https:\/\/www.celttv.com.ar\/wp-content\/uploads\/2022\/06\/residuos3-768x576.jpeg 768w, https:\/\/www.celttv.com.ar\/wp-content\/uploads\/2022\/06\/residuos3-1536x1152.jpeg 1536w, https:\/\/www.celttv.com.ar\/wp-content\/uploads\/2022\/06\/residuos3-750x563.jpeg 750w, https:\/\/www.celttv.com.ar\/wp-content\/uploads\/2022\/06\/residuos3-1140x855.jpeg 1140w, https:\/\/www.celttv.com.ar\/wp-content\/uploads\/2022\/06\/residuos3.jpeg 1600w\" sizes=\"auto, (max-width: 1024px) 100vw, 1024px\" \/><\/figure>\n\n\n<p>Se han encontrado reiteradas veces residuos en lugares inadecuados. Por tal motivo, se recuerda que la bolsa negra debe ser colocada dentro de los basuriles que deben contener tapa; y no debajo de los cestos.<\/p>\n\n\n<figure class=\"wp-block-image size-large\"><img loading=\"lazy\" decoding=\"async\" width=\"768\" height=\"1024\" src=\"http:\/\/www.celttv.com.ar\/wp-content\/uploads\/2022\/06\/residuos-768x1024.jpeg\" alt=\"\" class=\"wp-image-66785\" srcset=\"https:\/\/www.celttv.com.ar\/wp-content\/uploads\/2022\/06\/residuos-768x1024.jpeg 768w, https:\/\/www.celttv.com.ar\/wp-content\/uploads\/2022\/06\/residuos-225x300.jpeg 225w, https:\/\/www.celttv.com.ar\/wp-content\/uploads\/2022\/06\/residuos-1152x1536.jpeg 1152w, https:\/\/www.celttv.com.ar\/wp-content\/uploads\/2022\/06\/residuos-750x1000.jpeg 750w, https:\/\/www.celttv.com.ar\/wp-content\/uploads\/2022\/06\/residuos-1140x1520.jpeg 1140w, https:\/\/www.celttv.com.ar\/wp-content\/uploads\/2022\/06\/residuos.jpeg 1200w\" sizes=\"auto, (max-width: 768px) 100vw, 768px\" \/><\/figure>\n\n\n<p>Asimismo se reitera que en los Puntos Limpios, solo podr\u00e1n depositarse materiales reciclados, limpios y secos; y deben ser colocados dentro de los mismos. En caso de encontrarse llenos, se deber\u00e1n trasladar a otro punto cercano.<\/p>\n\n\n<p>Apelamos nuevamente a la responsabilidad de cada uno de los habitantes, para mantener nuestras ciudades limpias, y as\u00ed evitar la formaci\u00f3n de peque\u00f1os basurales en lugares inadecuados.<\/p>\n\n\n<figure class=\"wp-block-image size-large\"><img loading=\"lazy\" decoding=\"async\" width=\"768\" height=\"1024\" src=\"http:\/\/www.celttv.com.ar\/wp-content\/uploads\/2022\/06\/residuos-1-768x1024.jpeg\" alt=\"\" class=\"wp-image-66786\" srcset=\"https:\/\/www.celttv.com.ar\/wp-content\/uploads\/2022\/06\/residuos-1-768x1024.jpeg 768w, https:\/\/www.celttv.com.ar\/wp-content\/uploads\/2022\/06\/residuos-1-225x300.jpeg 225w, https:\/\/www.celttv.com.ar\/wp-content\/uploads\/2022\/06\/residuos-1-1152x1536.jpeg 1152w, https:\/\/www.celttv.com.ar\/wp-content\/uploads\/2022\/06\/residuos-1-750x1000.jpeg 750w, https:\/\/www.celttv.com.ar\/wp-content\/uploads\/2022\/06\/residuos-1-1140x1520.jpeg 1140w, https:\/\/www.celttv.com.ar\/wp-content\/uploads\/2022\/06\/residuos-1.jpeg 1200w\" sizes=\"auto, (max-width: 768px) 100vw, 768px\" \/><\/figure>\n","protected":false},"excerpt":{"rendered":"<p>Tornquist Municipio, a trav\u00e9s de la Subsecretar\u00eda de Medio Ambiente y la Subsecretar\u00eda de Servicios Urbanos, solicita a los vecinos la correcta disposici\u00f3n de los residuos, tanto en los basuriles domiciliarios como as\u00ed tambi\u00e9n en los diferentes puntos limpios y eco puntos distribuidos en las localidades. Se han encontrado reiteradas veces residuos en lugares inadecuados. [&hellip;]<\/p>\n","protected":false},"author":1,"featured_media":66786,"comment_status":"closed","ping_status":"open","sticky":false,"template":"","format":"standard","meta":{"footnotes":""},"categories":[55,51,52,65],"tags":[],"class_list":["post-66783","post","type-post","status-publish","format-standard","has-post-thumbnail","hentry","category-celt-tv-noticias","category-comunidad","category-destacadas","category-produccion"],"yoast_head":"<!-- This site is optimized with the Yoast SEO plugin v19.7.1 - https:\/\/yoast.com\/wordpress\/plugins\/seo\/ -->\n<title>Medio Ambiente y Servicios Urbanos solicitan la correcta disposici\u00f3n de los residuos - CELTTV<\/title>\n<meta name=\"description\" content=\"Sitio web de noticias de la localidad de Tornquist, provincia de Buenos Aires, Rep\u00fablica Argentina. Contenido propio originado por periodistas de CELTTV, el canal de TV local de la Cooperativa El\u00e9ctrica de Tornquist. Turismo, Pol\u00edtica, Sociedad, Deporte, Cultura y todo el contenido de inter\u00e9s general que la gente del pueblo y la regi\u00f3n debe conocer.\" \/>\n<meta name=\"robots\" content=\"index, follow, max-snippet:-1, max-image-preview:large, max-video-preview:-1\" \/>\n<link rel=\"canonical\" href=\"https:\/\/www.celttv.com.ar\/index.php\/2022\/06\/09\/medio-ambiente-y-servicios-urbanos-solicitan-la-correcta-disposicion-de-los-residuos\/\" \/>\n<meta property=\"og:locale\" content=\"es_ES\" \/>\n<meta property=\"og:type\" content=\"article\" \/>\n<meta property=\"og:title\" content=\"Medio Ambiente y Servicios Urbanos solicitan la correcta disposici\u00f3n de los residuos - CELTTV\" \/>\n<meta property=\"og:description\" content=\"Sitio web de noticias de la localidad de Tornquist, provincia de Buenos Aires, Rep\u00fablica Argentina. Contenido propio originado por periodistas de CELTTV, el canal de TV local de la Cooperativa El\u00e9ctrica de Tornquist. Turismo, Pol\u00edtica, Sociedad, Deporte, Cultura y todo el contenido de inter\u00e9s general que la gente del pueblo y la regi\u00f3n debe conocer.\" \/>\n<meta property=\"og:url\" content=\"https:\/\/www.celttv.com.ar\/index.php\/2022\/06\/09\/medio-ambiente-y-servicios-urbanos-solicitan-la-correcta-disposicion-de-los-residuos\/\" \/>\n<meta property=\"og:site_name\" content=\"CELTTV\" \/>\n<meta property=\"article:publisher\" content=\"https:\/\/www.facebook.com\/celtTV\/\" \/>\n<meta property=\"article:published_time\" content=\"2022-06-09T16:45:43+00:00\" \/>\n<meta property=\"og:image\" content=\"https:\/\/www.celttv.com.ar\/wp-content\/uploads\/2022\/06\/residuos-1.jpeg\" \/>\n\t<meta property=\"og:image:width\" content=\"1200\" \/>\n\t<meta property=\"og:image:height\" content=\"1600\" \/>\n\t<meta property=\"og:image:type\" content=\"image\/jpeg\" \/>\n<meta name=\"author\" content=\"ulises\" \/>\n<meta name=\"twitter:card\" content=\"summary_large_image\" \/>\n<meta name=\"twitter:label1\" content=\"Escrito por\" \/>\n\t<meta name=\"twitter:data1\" content=\"ulises\" \/>\n\t<meta name=\"twitter:label2\" content=\"Tiempo de lectura\" \/>\n\t<meta name=\"twitter:data2\" content=\"1 minuto\" \/>\n<script type=\"application\/ld+json\" class=\"yoast-schema-graph\">{\"@context\":\"https:\/\/schema.org\",\"@graph\":[{\"@type\":\"NewsArticle\",\"@id\":\"https:\/\/www.celttv.com.ar\/index.php\/2022\/06\/09\/medio-ambiente-y-servicios-urbanos-solicitan-la-correcta-disposicion-de-los-residuos\/#article\",\"isPartOf\":{\"@id\":\"https:\/\/www.celttv.com.ar\/index.php\/2022\/06\/09\/medio-ambiente-y-servicios-urbanos-solicitan-la-correcta-disposicion-de-los-residuos\/\"},\"author\":{\"name\":\"ulises\",\"@id\":\"https:\/\/www.celttv.com.ar\/#\/schema\/person\/6d99c072dba59953809c81446e9d0ace\"},\"headline\":\"Medio Ambiente y Servicios Urbanos solicitan la correcta disposici\u00f3n de los residuos\",\"datePublished\":\"2022-06-09T16:45:43+00:00\",\"dateModified\":\"2022-06-09T16:45:43+00:00\",\"mainEntityOfPage\":{\"@id\":\"https:\/\/www.celttv.com.ar\/index.php\/2022\/06\/09\/medio-ambiente-y-servicios-urbanos-solicitan-la-correcta-disposicion-de-los-residuos\/\"},\"wordCount\":166,\"publisher\":{\"@id\":\"https:\/\/www.celttv.com.ar\/#organization\"},\"articleSection\":[\"Celt TV Noticias\",\"Comunidad\",\"Destacadas\",\"Producci\u00f3n y Medio Ambiente\"],\"inLanguage\":\"es\"},{\"@type\":\"WebPage\",\"@id\":\"https:\/\/www.celttv.com.ar\/index.php\/2022\/06\/09\/medio-ambiente-y-servicios-urbanos-solicitan-la-correcta-disposicion-de-los-residuos\/\",\"url\":\"https:\/\/www.celttv.com.ar\/index.php\/2022\/06\/09\/medio-ambiente-y-servicios-urbanos-solicitan-la-correcta-disposicion-de-los-residuos\/\",\"name\":\"Medio Ambiente y Servicios Urbanos solicitan la correcta disposici\u00f3n de los residuos - CELTTV\",\"isPartOf\":{\"@id\":\"https:\/\/www.celttv.com.ar\/#website\"},\"datePublished\":\"2022-06-09T16:45:43+00:00\",\"dateModified\":\"2022-06-09T16:45:43+00:00\",\"description\":\"Sitio web de noticias de la localidad de Tornquist, provincia de Buenos Aires, Rep\u00fablica Argentina. Contenido propio originado por periodistas de CELTTV, el canal de TV local de la Cooperativa El\u00e9ctrica de Tornquist. Turismo, Pol\u00edtica, Sociedad, Deporte, Cultura y todo el contenido de inter\u00e9s general que la gente del pueblo y la regi\u00f3n debe conocer.\",\"breadcrumb\":{\"@id\":\"https:\/\/www.celttv.com.ar\/index.php\/2022\/06\/09\/medio-ambiente-y-servicios-urbanos-solicitan-la-correcta-disposicion-de-los-residuos\/#breadcrumb\"},\"inLanguage\":\"es\",\"potentialAction\":[{\"@type\":\"ReadAction\",\"target\":[\"https:\/\/www.celttv.com.ar\/index.php\/2022\/06\/09\/medio-ambiente-y-servicios-urbanos-solicitan-la-correcta-disposicion-de-los-residuos\/\"]}]},{\"@type\":\"BreadcrumbList\",\"@id\":\"https:\/\/www.celttv.com.ar\/index.php\/2022\/06\/09\/medio-ambiente-y-servicios-urbanos-solicitan-la-correcta-disposicion-de-los-residuos\/#breadcrumb\",\"itemListElement\":[{\"@type\":\"ListItem\",\"position\":1,\"name\":\"Inicio\",\"item\":\"https:\/\/www.celttv.com.ar\/\"},{\"@type\":\"ListItem\",\"position\":2,\"name\":\"Medio Ambiente y Servicios Urbanos solicitan la correcta disposici\u00f3n de los residuos\"}]},{\"@type\":\"WebSite\",\"@id\":\"https:\/\/www.celttv.com.ar\/#website\",\"url\":\"https:\/\/www.celttv.com.ar\/\",\"name\":\"CELTTV\",\"description\":\"Cooperativa El\u00e9ctrica de Tornquist\",\"publisher\":{\"@id\":\"https:\/\/www.celttv.com.ar\/#organization\"},\"potentialAction\":[{\"@type\":\"SearchAction\",\"target\":{\"@type\":\"EntryPoint\",\"urlTemplate\":\"https:\/\/www.celttv.com.ar\/?s={search_term_string}\"},\"query-input\":\"required name=search_term_string\"}],\"inLanguage\":\"es\"},{\"@type\":\"Organization\",\"@id\":\"https:\/\/www.celttv.com.ar\/#organization\",\"name\":\"CELTTV\",\"url\":\"https:\/\/www.celttv.com.ar\/\",\"sameAs\":[\"https:\/\/www.youtube.com\/channel\/UCz_oIt8Hig64Ub-EmcNPIhg\",\"https:\/\/www.facebook.com\/celtTV\/\"],\"logo\":{\"@type\":\"ImageObject\",\"inLanguage\":\"es\",\"@id\":\"https:\/\/www.celttv.com.ar\/#\/schema\/logo\/image\/\",\"url\":\"http:\/\/www.celttv.com.ar\/wp-content\/uploads\/2022\/08\/logo-1.png\",\"contentUrl\":\"http:\/\/www.celttv.com.ar\/wp-content\/uploads\/2022\/08\/logo-1.png\",\"width\":461,\"height\":159,\"caption\":\"CELTTV\"},\"image\":{\"@id\":\"https:\/\/www.celttv.com.ar\/#\/schema\/logo\/image\/\"}},{\"@type\":\"Person\",\"@id\":\"https:\/\/www.celttv.com.ar\/#\/schema\/person\/6d99c072dba59953809c81446e9d0ace\",\"name\":\"ulises\",\"image\":{\"@type\":\"ImageObject\",\"inLanguage\":\"es\",\"@id\":\"https:\/\/www.celttv.com.ar\/#\/schema\/person\/image\/\",\"url\":\"https:\/\/secure.gravatar.com\/avatar\/7f2c48bdc33b30088f941fb6082e555f2874c98e20cb159d7b92b50eadfce793?s=96&d=mm&r=g\",\"contentUrl\":\"https:\/\/secure.gravatar.com\/avatar\/7f2c48bdc33b30088f941fb6082e555f2874c98e20cb159d7b92b50eadfce793?s=96&d=mm&r=g\",\"caption\":\"ulises\"},\"sameAs\":[\"http:\/\/www.celttv.com.ar\"]}]}<\/script>\n<!-- \/ Yoast SEO plugin. -->","yoast_head_json":{"title":"Medio Ambiente y Servicios Urbanos solicitan la correcta disposici\u00f3n de los residuos - CELTTV","description":"Sitio web de noticias de la localidad de Tornquist, provincia de Buenos Aires, Rep\u00fablica Argentina. Contenido propio originado por periodistas de CELTTV, el canal de TV local de la Cooperativa El\u00e9ctrica de Tornquist. Turismo, Pol\u00edtica, Sociedad, Deporte, Cultura y todo el contenido de inter\u00e9s general que la gente del pueblo y la regi\u00f3n debe conocer.","robots":{"index":"index","follow":"follow","max-snippet":"max-snippet:-1","max-image-preview":"max-image-preview:large","max-video-preview":"max-video-preview:-1"},"canonical":"https:\/\/www.celttv.com.ar\/index.php\/2022\/06\/09\/medio-ambiente-y-servicios-urbanos-solicitan-la-correcta-disposicion-de-los-residuos\/","og_locale":"es_ES","og_type":"article","og_title":"Medio Ambiente y Servicios Urbanos solicitan la correcta disposici\u00f3n de los residuos - CELTTV","og_description":"Sitio web de noticias de la localidad de Tornquist, provincia de Buenos Aires, Rep\u00fablica Argentina. Contenido propio originado por periodistas de CELTTV, el canal de TV local de la Cooperativa El\u00e9ctrica de Tornquist. Turismo, Pol\u00edtica, Sociedad, Deporte, Cultura y todo el contenido de inter\u00e9s general que la gente del pueblo y la regi\u00f3n debe conocer.","og_url":"https:\/\/www.celttv.com.ar\/index.php\/2022\/06\/09\/medio-ambiente-y-servicios-urbanos-solicitan-la-correcta-disposicion-de-los-residuos\/","og_site_name":"CELTTV","article_publisher":"https:\/\/www.facebook.com\/celtTV\/","article_published_time":"2022-06-09T16:45:43+00:00","og_image":[{"width":1200,"height":1600,"url":"https:\/\/www.celttv.com.ar\/wp-content\/uploads\/2022\/06\/residuos-1.jpeg","type":"image\/jpeg"}],"author":"ulises","twitter_card":"summary_large_image","twitter_misc":{"Escrito por":"ulises","Tiempo de lectura":"1 minuto"},"schema":{"@context":"https:\/\/schema.org","@graph":[{"@type":"NewsArticle","@id":"https:\/\/www.celttv.com.ar\/index.php\/2022\/06\/09\/medio-ambiente-y-servicios-urbanos-solicitan-la-correcta-disposicion-de-los-residuos\/#article","isPartOf":{"@id":"https:\/\/www.celttv.com.ar\/index.php\/2022\/06\/09\/medio-ambiente-y-servicios-urbanos-solicitan-la-correcta-disposicion-de-los-residuos\/"},"author":{"name":"ulises","@id":"https:\/\/www.celttv.com.ar\/#\/schema\/person\/6d99c072dba59953809c81446e9d0ace"},"headline":"Medio Ambiente y Servicios Urbanos solicitan la correcta disposici\u00f3n de los residuos","datePublished":"2022-06-09T16:45:43+00:00","dateModified":"2022-06-09T16:45:43+00:00","mainEntityOfPage":{"@id":"https:\/\/www.celttv.com.ar\/index.php\/2022\/06\/09\/medio-ambiente-y-servicios-urbanos-solicitan-la-correcta-disposicion-de-los-residuos\/"},"wordCount":166,"publisher":{"@id":"https:\/\/www.celttv.com.ar\/#organization"},"articleSection":["Celt TV Noticias","Comunidad","Destacadas","Producci\u00f3n y Medio Ambiente"],"inLanguage":"es"},{"@type":"WebPage","@id":"https:\/\/www.celttv.com.ar\/index.php\/2022\/06\/09\/medio-ambiente-y-servicios-urbanos-solicitan-la-correcta-disposicion-de-los-residuos\/","url":"https:\/\/www.celttv.com.ar\/index.php\/2022\/06\/09\/medio-ambiente-y-servicios-urbanos-solicitan-la-correcta-disposicion-de-los-residuos\/","name":"Medio Ambiente y Servicios Urbanos solicitan la correcta disposici\u00f3n de los residuos - CELTTV","isPartOf":{"@id":"https:\/\/www.celttv.com.ar\/#website"},"datePublished":"2022-06-09T16:45:43+00:00","dateModified":"2022-06-09T16:45:43+00:00","description":"Sitio web de noticias de la localidad de Tornquist, provincia de Buenos Aires, Rep\u00fablica Argentina. Contenido propio originado por periodistas de CELTTV, el canal de TV local de la Cooperativa El\u00e9ctrica de Tornquist. Turismo, Pol\u00edtica, Sociedad, Deporte, Cultura y todo el contenido de inter\u00e9s general que la gente del pueblo y la regi\u00f3n debe conocer.","breadcrumb":{"@id":"https:\/\/www.celttv.com.ar\/index.php\/2022\/06\/09\/medio-ambiente-y-servicios-urbanos-solicitan-la-correcta-disposicion-de-los-residuos\/#breadcrumb"},"inLanguage":"es","potentialAction":[{"@type":"ReadAction","target":["https:\/\/www.celttv.com.ar\/index.php\/2022\/06\/09\/medio-ambiente-y-servicios-urbanos-solicitan-la-correcta-disposicion-de-los-residuos\/"]}]},{"@type":"BreadcrumbList","@id":"https:\/\/www.celttv.com.ar\/index.php\/2022\/06\/09\/medio-ambiente-y-servicios-urbanos-solicitan-la-correcta-disposicion-de-los-residuos\/#breadcrumb","itemListElement":[{"@type":"ListItem","position":1,"name":"Inicio","item":"https:\/\/www.celttv.com.ar\/"},{"@type":"ListItem","position":2,"name":"Medio Ambiente y Servicios Urbanos solicitan la correcta disposici\u00f3n de los residuos"}]},{"@type":"WebSite","@id":"https:\/\/www.celttv.com.ar\/#website","url":"https:\/\/www.celttv.com.ar\/","name":"CELTTV","description":"Cooperativa El\u00e9ctrica de Tornquist","publisher":{"@id":"https:\/\/www.celttv.com.ar\/#organization"},"potentialAction":[{"@type":"SearchAction","target":{"@type":"EntryPoint","urlTemplate":"https:\/\/www.celttv.com.ar\/?s={search_term_string}"},"query-input":"required name=search_term_string"}],"inLanguage":"es"},{"@type":"Organization","@id":"https:\/\/www.celttv.com.ar\/#organization","name":"CELTTV","url":"https:\/\/www.celttv.com.ar\/","sameAs":["https:\/\/www.youtube.com\/channel\/UCz_oIt8Hig64Ub-EmcNPIhg","https:\/\/www.facebook.com\/celtTV\/"],"logo":{"@type":"ImageObject","inLanguage":"es","@id":"https:\/\/www.celttv.com.ar\/#\/schema\/logo\/image\/","url":"http:\/\/www.celttv.com.ar\/wp-content\/uploads\/2022\/08\/logo-1.png","contentUrl":"http:\/\/www.celttv.com.ar\/wp-content\/uploads\/2022\/08\/logo-1.png","width":461,"height":159,"caption":"CELTTV"},"image":{"@id":"https:\/\/www.celttv.com.ar\/#\/schema\/logo\/image\/"}},{"@type":"Person","@id":"https:\/\/www.celttv.com.ar\/#\/schema\/person\/6d99c072dba59953809c81446e9d0ace","name":"ulises","image":{"@type":"ImageObject","inLanguage":"es","@id":"https:\/\/www.celttv.com.ar\/#\/schema\/person\/image\/","url":"https:\/\/secure.gravatar.com\/avatar\/7f2c48bdc33b30088f941fb6082e555f2874c98e20cb159d7b92b50eadfce793?s=96&d=mm&r=g","contentUrl":"https:\/\/secure.gravatar.com\/avatar\/7f2c48bdc33b30088f941fb6082e555f2874c98e20cb159d7b92b50eadfce793?s=96&d=mm&r=g","caption":"ulises"},"sameAs":["http:\/\/www.celttv.com.ar"]}]}},"_links":{"self":[{"href":"https:\/\/www.celttv.com.ar\/index.php\/wp-json\/wp\/v2\/posts\/66783","targetHints":{"allow":["GET"]}}],"collection":[{"href":"https:\/\/www.celttv.com.ar\/index.php\/wp-json\/wp\/v2\/posts"}],"about":[{"href":"https:\/\/www.celttv.com.ar\/index.php\/wp-json\/wp\/v2\/types\/post"}],"author":[{"embeddable":true,"href":"https:\/\/www.celttv.com.ar\/index.php\/wp-json\/wp\/v2\/users\/1"}],"replies":[{"embeddable":true,"href":"https:\/\/www.celttv.com.ar\/index.php\/wp-json\/wp\/v2\/comments?post=66783"}],"version-history":[{"count":0,"href":"https:\/\/www.celttv.com.ar\/index.php\/wp-json\/wp\/v2\/posts\/66783\/revisions"}],"wp:featuredmedia":[{"embeddable":true,"href":"https:\/\/www.celttv.com.ar\/index.php\/wp-json\/wp\/v2\/media\/66786"}],"wp:attachment":[{"href":"https:\/\/www.celttv.com.ar\/index.php\/wp-json\/wp\/v2\/media?parent=66783"}],"wp:term":[{"taxonomy":"category","embeddable":true,"href":"https:\/\/www.celttv.com.ar\/index.php\/wp-json\/wp\/v2\/categories?post=66783"},{"taxonomy":"post_tag","embeddable":true,"href":"https:\/\/www.celttv.com.ar\/index.php\/wp-json\/wp\/v2\/tags?post=66783"}],"curies":[{"name":"wp","href":"https:\/\/api.w.org\/{rel}","templated":true}]}}