{"id":66788,"date":"2022-06-09T16:49:06","date_gmt":"2022-06-09T16:49:06","guid":{"rendered":"http:\/\/www.celttv.com.ar\/?p=66788"},"modified":"2022-06-09T16:49:06","modified_gmt":"2022-06-09T16:49:06","slug":"energia-sergio-bordoni-se-reunio-con-el-oceba-para-evaluar-la-situacion-del-distrito","status":"publish","type":"post","link":"https:\/\/www.celttv.com.ar\/index.php\/2022\/06\/09\/energia-sergio-bordoni-se-reunio-con-el-oceba-para-evaluar-la-situacion-del-distrito\/","title":{"rendered":"Energ\u00eda: Sergio Bordoni se reuni\u00f3 con el OCEBA para evaluar la situaci\u00f3n del distrito"},"content":{"rendered":"\n<p>Como se anunci\u00f3 d\u00edas atr\u00e1s, el intendente municipal Sergio Bordoni viaj\u00f3 a la ciudad de La Plata, con el objetivo de mantener una serie de reuniones de trabajo, y en primera instancia se di\u00f3 cita en el Organismo de Control de Energ\u00eda El\u00e9ctrica de la Provincia de Buenos Aires (OCEBA) .<\/p>\n\n\n<p>Fue recibido por el presidente del organismo Roberto Daoud, con qui\u00e9n convers\u00f3 y analiz\u00f3 la situaci\u00f3n energ\u00e9tica del distrito, haciendo principal hincapi\u00e9 en la baja del servicio sufridos durante la temporada estival. En tal sentido, solicit\u00f3 contar con un generador para el pr\u00f3ximo verano, de manera tal que los vecinos y prestadores tur\u00edsticos no vean afectada su actividad durante la temporada alta. Desde el ente provincial se comprometieron a la asignaci\u00f3n temprana del mismo, a fin de evitar cortes de energ\u00eda.<\/p>\n\n\n<p>Durante el encuentro, el jefe comunal expres\u00f3 su preocupaci\u00f3n por los cortes de suministro que propone la empresa EDES, a fin de aliviar la carga energ\u00e9tica del distrito, a lo que solicit\u00f3 una soluci\u00f3n inmediata y una posible inversi\u00f3n que permita ampliar la planta local. El funcionario provincial se comprometi\u00f3 a buscar una alternativa para garantizar el servicio a todos los vecinos del distrito.<\/p>\n\n\n<p>Acompa\u00f1aron al intendente, el Secretario de Gobierno y Seguridad, Ezequiel Gabella; y el Secretario de Obras y Servicios P\u00fablicos, Bruno Paez.<\/p>\n\n\n<figure class=\"wp-block-image size-large\"><img loading=\"lazy\" decoding=\"async\" width=\"1024\" height=\"462\" src=\"http:\/\/www.celttv.com.ar\/wp-content\/uploads\/2022\/06\/oceba-1024x462.jpeg\" alt=\"\" class=\"wp-image-66789\" srcset=\"https:\/\/www.celttv.com.ar\/wp-content\/uploads\/2022\/06\/oceba-1024x462.jpeg 1024w, https:\/\/www.celttv.com.ar\/wp-content\/uploads\/2022\/06\/oceba-300x135.jpeg 300w, https:\/\/www.celttv.com.ar\/wp-content\/uploads\/2022\/06\/oceba-768x346.jpeg 768w, https:\/\/www.celttv.com.ar\/wp-content\/uploads\/2022\/06\/oceba-750x338.jpeg 750w, https:\/\/www.celttv.com.ar\/wp-content\/uploads\/2022\/06\/oceba-1140x514.jpeg 1140w, https:\/\/www.celttv.com.ar\/wp-content\/uploads\/2022\/06\/oceba.jpeg 1156w\" sizes=\"auto, (max-width: 1024px) 100vw, 1024px\" \/><\/figure>\n","protected":false},"excerpt":{"rendered":"<p>Como se anunci\u00f3 d\u00edas atr\u00e1s, el intendente municipal Sergio Bordoni viaj\u00f3 a la ciudad de La Plata, con el objetivo de mantener una serie de reuniones de trabajo, y en primera instancia se di\u00f3 cita en el Organismo de Control de Energ\u00eda El\u00e9ctrica de la Provincia de Buenos Aires (OCEBA) . Fue recibido por el [&hellip;]<\/p>\n","protected":false},"author":1,"featured_media":66789,"comment_status":"closed","ping_status":"open","sticky":false,"template":"","format":"standard","meta":{"footnotes":""},"categories":[55,51,52],"tags":[],"class_list":["post-66788","post","type-post","status-publish","format-standard","has-post-thumbnail","hentry","category-celt-tv-noticias","category-comunidad","category-destacadas"],"yoast_head":"<!-- This site is optimized with the Yoast SEO plugin v19.7.1 - https:\/\/yoast.com\/wordpress\/plugins\/seo\/ -->\n<title>Energ\u00eda: Sergio Bordoni se reuni\u00f3 con el OCEBA para evaluar la situaci\u00f3n del distrito - CELTTV<\/title>\n<meta name=\"description\" content=\"Sitio web de noticias de la localidad de Tornquist, provincia de Buenos Aires, Rep\u00fablica Argentina. Contenido propio originado por periodistas de CELTTV, el canal de TV local de la Cooperativa El\u00e9ctrica de Tornquist. Turismo, Pol\u00edtica, Sociedad, Deporte, Cultura y todo el contenido de inter\u00e9s general que la gente del pueblo y la regi\u00f3n debe conocer.\" \/>\n<meta name=\"robots\" content=\"index, follow, max-snippet:-1, max-image-preview:large, max-video-preview:-1\" \/>\n<link rel=\"canonical\" href=\"https:\/\/www.celttv.com.ar\/index.php\/2022\/06\/09\/energia-sergio-bordoni-se-reunio-con-el-oceba-para-evaluar-la-situacion-del-distrito\/\" \/>\n<meta property=\"og:locale\" content=\"es_ES\" \/>\n<meta property=\"og:type\" content=\"article\" \/>\n<meta property=\"og:title\" content=\"Energ\u00eda: Sergio Bordoni se reuni\u00f3 con el OCEBA para evaluar la situaci\u00f3n del distrito - CELTTV\" \/>\n<meta property=\"og:description\" content=\"Sitio web de noticias de la localidad de Tornquist, provincia de Buenos Aires, Rep\u00fablica Argentina. Contenido propio originado por periodistas de CELTTV, el canal de TV local de la Cooperativa El\u00e9ctrica de Tornquist. Turismo, Pol\u00edtica, Sociedad, Deporte, Cultura y todo el contenido de inter\u00e9s general que la gente del pueblo y la regi\u00f3n debe conocer.\" \/>\n<meta property=\"og:url\" content=\"https:\/\/www.celttv.com.ar\/index.php\/2022\/06\/09\/energia-sergio-bordoni-se-reunio-con-el-oceba-para-evaluar-la-situacion-del-distrito\/\" \/>\n<meta property=\"og:site_name\" content=\"CELTTV\" \/>\n<meta property=\"article:publisher\" content=\"https:\/\/www.facebook.com\/celtTV\/\" \/>\n<meta property=\"article:published_time\" content=\"2022-06-09T16:49:06+00:00\" \/>\n<meta property=\"og:image\" content=\"https:\/\/www.celttv.com.ar\/wp-content\/uploads\/2022\/06\/oceba.jpeg\" \/>\n\t<meta property=\"og:image:width\" content=\"1156\" \/>\n\t<meta property=\"og:image:height\" content=\"521\" \/>\n\t<meta property=\"og:image:type\" content=\"image\/jpeg\" \/>\n<meta name=\"author\" content=\"ulises\" \/>\n<meta name=\"twitter:card\" content=\"summary_large_image\" \/>\n<meta name=\"twitter:label1\" content=\"Escrito por\" \/>\n\t<meta name=\"twitter:data1\" content=\"ulises\" \/>\n\t<meta name=\"twitter:label2\" content=\"Tiempo de lectura\" \/>\n\t<meta name=\"twitter:data2\" content=\"1 minuto\" \/>\n<script type=\"application\/ld+json\" class=\"yoast-schema-graph\">{\"@context\":\"https:\/\/schema.org\",\"@graph\":[{\"@type\":\"NewsArticle\",\"@id\":\"https:\/\/www.celttv.com.ar\/index.php\/2022\/06\/09\/energia-sergio-bordoni-se-reunio-con-el-oceba-para-evaluar-la-situacion-del-distrito\/#article\",\"isPartOf\":{\"@id\":\"https:\/\/www.celttv.com.ar\/index.php\/2022\/06\/09\/energia-sergio-bordoni-se-reunio-con-el-oceba-para-evaluar-la-situacion-del-distrito\/\"},\"author\":{\"name\":\"ulises\",\"@id\":\"https:\/\/www.celttv.com.ar\/#\/schema\/person\/6d99c072dba59953809c81446e9d0ace\"},\"headline\":\"Energ\u00eda: Sergio Bordoni se reuni\u00f3 con el OCEBA para evaluar la situaci\u00f3n del distrito\",\"datePublished\":\"2022-06-09T16:49:06+00:00\",\"dateModified\":\"2022-06-09T16:49:06+00:00\",\"mainEntityOfPage\":{\"@id\":\"https:\/\/www.celttv.com.ar\/index.php\/2022\/06\/09\/energia-sergio-bordoni-se-reunio-con-el-oceba-para-evaluar-la-situacion-del-distrito\/\"},\"wordCount\":249,\"publisher\":{\"@id\":\"https:\/\/www.celttv.com.ar\/#organization\"},\"articleSection\":[\"Celt TV Noticias\",\"Comunidad\",\"Destacadas\"],\"inLanguage\":\"es\"},{\"@type\":\"WebPage\",\"@id\":\"https:\/\/www.celttv.com.ar\/index.php\/2022\/06\/09\/energia-sergio-bordoni-se-reunio-con-el-oceba-para-evaluar-la-situacion-del-distrito\/\",\"url\":\"https:\/\/www.celttv.com.ar\/index.php\/2022\/06\/09\/energia-sergio-bordoni-se-reunio-con-el-oceba-para-evaluar-la-situacion-del-distrito\/\",\"name\":\"Energ\u00eda: Sergio Bordoni se reuni\u00f3 con el OCEBA para evaluar la situaci\u00f3n del distrito - CELTTV\",\"isPartOf\":{\"@id\":\"https:\/\/www.celttv.com.ar\/#website\"},\"datePublished\":\"2022-06-09T16:49:06+00:00\",\"dateModified\":\"2022-06-09T16:49:06+00:00\",\"description\":\"Sitio web de noticias de la localidad de Tornquist, provincia de Buenos Aires, Rep\u00fablica Argentina. Contenido propio originado por periodistas de CELTTV, el canal de TV local de la Cooperativa El\u00e9ctrica de Tornquist. Turismo, Pol\u00edtica, Sociedad, Deporte, Cultura y todo el contenido de inter\u00e9s general que la gente del pueblo y la regi\u00f3n debe conocer.\",\"breadcrumb\":{\"@id\":\"https:\/\/www.celttv.com.ar\/index.php\/2022\/06\/09\/energia-sergio-bordoni-se-reunio-con-el-oceba-para-evaluar-la-situacion-del-distrito\/#breadcrumb\"},\"inLanguage\":\"es\",\"potentialAction\":[{\"@type\":\"ReadAction\",\"target\":[\"https:\/\/www.celttv.com.ar\/index.php\/2022\/06\/09\/energia-sergio-bordoni-se-reunio-con-el-oceba-para-evaluar-la-situacion-del-distrito\/\"]}]},{\"@type\":\"BreadcrumbList\",\"@id\":\"https:\/\/www.celttv.com.ar\/index.php\/2022\/06\/09\/energia-sergio-bordoni-se-reunio-con-el-oceba-para-evaluar-la-situacion-del-distrito\/#breadcrumb\",\"itemListElement\":[{\"@type\":\"ListItem\",\"position\":1,\"name\":\"Inicio\",\"item\":\"https:\/\/www.celttv.com.ar\/\"},{\"@type\":\"ListItem\",\"position\":2,\"name\":\"Energ\u00eda: Sergio Bordoni se reuni\u00f3 con el OCEBA para evaluar la situaci\u00f3n del distrito\"}]},{\"@type\":\"WebSite\",\"@id\":\"https:\/\/www.celttv.com.ar\/#website\",\"url\":\"https:\/\/www.celttv.com.ar\/\",\"name\":\"CELTTV\",\"description\":\"Cooperativa El\u00e9ctrica de Tornquist\",\"publisher\":{\"@id\":\"https:\/\/www.celttv.com.ar\/#organization\"},\"potentialAction\":[{\"@type\":\"SearchAction\",\"target\":{\"@type\":\"EntryPoint\",\"urlTemplate\":\"https:\/\/www.celttv.com.ar\/?s={search_term_string}\"},\"query-input\":\"required name=search_term_string\"}],\"inLanguage\":\"es\"},{\"@type\":\"Organization\",\"@id\":\"https:\/\/www.celttv.com.ar\/#organization\",\"name\":\"CELTTV\",\"url\":\"https:\/\/www.celttv.com.ar\/\",\"sameAs\":[\"https:\/\/www.youtube.com\/channel\/UCz_oIt8Hig64Ub-EmcNPIhg\",\"https:\/\/www.facebook.com\/celtTV\/\"],\"logo\":{\"@type\":\"ImageObject\",\"inLanguage\":\"es\",\"@id\":\"https:\/\/www.celttv.com.ar\/#\/schema\/logo\/image\/\",\"url\":\"http:\/\/www.celttv.com.ar\/wp-content\/uploads\/2022\/08\/logo-1.png\",\"contentUrl\":\"http:\/\/www.celttv.com.ar\/wp-content\/uploads\/2022\/08\/logo-1.png\",\"width\":461,\"height\":159,\"caption\":\"CELTTV\"},\"image\":{\"@id\":\"https:\/\/www.celttv.com.ar\/#\/schema\/logo\/image\/\"}},{\"@type\":\"Person\",\"@id\":\"https:\/\/www.celttv.com.ar\/#\/schema\/person\/6d99c072dba59953809c81446e9d0ace\",\"name\":\"ulises\",\"image\":{\"@type\":\"ImageObject\",\"inLanguage\":\"es\",\"@id\":\"https:\/\/www.celttv.com.ar\/#\/schema\/person\/image\/\",\"url\":\"https:\/\/secure.gravatar.com\/avatar\/7f2c48bdc33b30088f941fb6082e555f2874c98e20cb159d7b92b50eadfce793?s=96&d=mm&r=g\",\"contentUrl\":\"https:\/\/secure.gravatar.com\/avatar\/7f2c48bdc33b30088f941fb6082e555f2874c98e20cb159d7b92b50eadfce793?s=96&d=mm&r=g\",\"caption\":\"ulises\"},\"sameAs\":[\"http:\/\/www.celttv.com.ar\"]}]}<\/script>\n<!-- \/ Yoast SEO plugin. -->","yoast_head_json":{"title":"Energ\u00eda: Sergio Bordoni se reuni\u00f3 con el OCEBA para evaluar la situaci\u00f3n del distrito - CELTTV","description":"Sitio web de noticias de la localidad de Tornquist, provincia de Buenos Aires, Rep\u00fablica Argentina. Contenido propio originado por periodistas de CELTTV, el canal de TV local de la Cooperativa El\u00e9ctrica de Tornquist. Turismo, Pol\u00edtica, Sociedad, Deporte, Cultura y todo el contenido de inter\u00e9s general que la gente del pueblo y la regi\u00f3n debe conocer.","robots":{"index":"index","follow":"follow","max-snippet":"max-snippet:-1","max-image-preview":"max-image-preview:large","max-video-preview":"max-video-preview:-1"},"canonical":"https:\/\/www.celttv.com.ar\/index.php\/2022\/06\/09\/energia-sergio-bordoni-se-reunio-con-el-oceba-para-evaluar-la-situacion-del-distrito\/","og_locale":"es_ES","og_type":"article","og_title":"Energ\u00eda: Sergio Bordoni se reuni\u00f3 con el OCEBA para evaluar la situaci\u00f3n del distrito - CELTTV","og_description":"Sitio web de noticias de la localidad de Tornquist, provincia de Buenos Aires, Rep\u00fablica Argentina. Contenido propio originado por periodistas de CELTTV, el canal de TV local de la Cooperativa El\u00e9ctrica de Tornquist. Turismo, Pol\u00edtica, Sociedad, Deporte, Cultura y todo el contenido de inter\u00e9s general que la gente del pueblo y la regi\u00f3n debe conocer.","og_url":"https:\/\/www.celttv.com.ar\/index.php\/2022\/06\/09\/energia-sergio-bordoni-se-reunio-con-el-oceba-para-evaluar-la-situacion-del-distrito\/","og_site_name":"CELTTV","article_publisher":"https:\/\/www.facebook.com\/celtTV\/","article_published_time":"2022-06-09T16:49:06+00:00","og_image":[{"width":1156,"height":521,"url":"https:\/\/www.celttv.com.ar\/wp-content\/uploads\/2022\/06\/oceba.jpeg","type":"image\/jpeg"}],"author":"ulises","twitter_card":"summary_large_image","twitter_misc":{"Escrito por":"ulises","Tiempo de lectura":"1 minuto"},"schema":{"@context":"https:\/\/schema.org","@graph":[{"@type":"NewsArticle","@id":"https:\/\/www.celttv.com.ar\/index.php\/2022\/06\/09\/energia-sergio-bordoni-se-reunio-con-el-oceba-para-evaluar-la-situacion-del-distrito\/#article","isPartOf":{"@id":"https:\/\/www.celttv.com.ar\/index.php\/2022\/06\/09\/energia-sergio-bordoni-se-reunio-con-el-oceba-para-evaluar-la-situacion-del-distrito\/"},"author":{"name":"ulises","@id":"https:\/\/www.celttv.com.ar\/#\/schema\/person\/6d99c072dba59953809c81446e9d0ace"},"headline":"Energ\u00eda: Sergio Bordoni se reuni\u00f3 con el OCEBA para evaluar la situaci\u00f3n del distrito","datePublished":"2022-06-09T16:49:06+00:00","dateModified":"2022-06-09T16:49:06+00:00","mainEntityOfPage":{"@id":"https:\/\/www.celttv.com.ar\/index.php\/2022\/06\/09\/energia-sergio-bordoni-se-reunio-con-el-oceba-para-evaluar-la-situacion-del-distrito\/"},"wordCount":249,"publisher":{"@id":"https:\/\/www.celttv.com.ar\/#organization"},"articleSection":["Celt TV Noticias","Comunidad","Destacadas"],"inLanguage":"es"},{"@type":"WebPage","@id":"https:\/\/www.celttv.com.ar\/index.php\/2022\/06\/09\/energia-sergio-bordoni-se-reunio-con-el-oceba-para-evaluar-la-situacion-del-distrito\/","url":"https:\/\/www.celttv.com.ar\/index.php\/2022\/06\/09\/energia-sergio-bordoni-se-reunio-con-el-oceba-para-evaluar-la-situacion-del-distrito\/","name":"Energ\u00eda: Sergio Bordoni se reuni\u00f3 con el OCEBA para evaluar la situaci\u00f3n del distrito - CELTTV","isPartOf":{"@id":"https:\/\/www.celttv.com.ar\/#website"},"datePublished":"2022-06-09T16:49:06+00:00","dateModified":"2022-06-09T16:49:06+00:00","description":"Sitio web de noticias de la localidad de Tornquist, provincia de Buenos Aires, Rep\u00fablica Argentina. Contenido propio originado por periodistas de CELTTV, el canal de TV local de la Cooperativa El\u00e9ctrica de Tornquist. Turismo, Pol\u00edtica, Sociedad, Deporte, Cultura y todo el contenido de inter\u00e9s general que la gente del pueblo y la regi\u00f3n debe conocer.","breadcrumb":{"@id":"https:\/\/www.celttv.com.ar\/index.php\/2022\/06\/09\/energia-sergio-bordoni-se-reunio-con-el-oceba-para-evaluar-la-situacion-del-distrito\/#breadcrumb"},"inLanguage":"es","potentialAction":[{"@type":"ReadAction","target":["https:\/\/www.celttv.com.ar\/index.php\/2022\/06\/09\/energia-sergio-bordoni-se-reunio-con-el-oceba-para-evaluar-la-situacion-del-distrito\/"]}]},{"@type":"BreadcrumbList","@id":"https:\/\/www.celttv.com.ar\/index.php\/2022\/06\/09\/energia-sergio-bordoni-se-reunio-con-el-oceba-para-evaluar-la-situacion-del-distrito\/#breadcrumb","itemListElement":[{"@type":"ListItem","position":1,"name":"Inicio","item":"https:\/\/www.celttv.com.ar\/"},{"@type":"ListItem","position":2,"name":"Energ\u00eda: Sergio Bordoni se reuni\u00f3 con el OCEBA para evaluar la situaci\u00f3n del distrito"}]},{"@type":"WebSite","@id":"https:\/\/www.celttv.com.ar\/#website","url":"https:\/\/www.celttv.com.ar\/","name":"CELTTV","description":"Cooperativa El\u00e9ctrica de Tornquist","publisher":{"@id":"https:\/\/www.celttv.com.ar\/#organization"},"potentialAction":[{"@type":"SearchAction","target":{"@type":"EntryPoint","urlTemplate":"https:\/\/www.celttv.com.ar\/?s={search_term_string}"},"query-input":"required name=search_term_string"}],"inLanguage":"es"},{"@type":"Organization","@id":"https:\/\/www.celttv.com.ar\/#organization","name":"CELTTV","url":"https:\/\/www.celttv.com.ar\/","sameAs":["https:\/\/www.youtube.com\/channel\/UCz_oIt8Hig64Ub-EmcNPIhg","https:\/\/www.facebook.com\/celtTV\/"],"logo":{"@type":"ImageObject","inLanguage":"es","@id":"https:\/\/www.celttv.com.ar\/#\/schema\/logo\/image\/","url":"http:\/\/www.celttv.com.ar\/wp-content\/uploads\/2022\/08\/logo-1.png","contentUrl":"http:\/\/www.celttv.com.ar\/wp-content\/uploads\/2022\/08\/logo-1.png","width":461,"height":159,"caption":"CELTTV"},"image":{"@id":"https:\/\/www.celttv.com.ar\/#\/schema\/logo\/image\/"}},{"@type":"Person","@id":"https:\/\/www.celttv.com.ar\/#\/schema\/person\/6d99c072dba59953809c81446e9d0ace","name":"ulises","image":{"@type":"ImageObject","inLanguage":"es","@id":"https:\/\/www.celttv.com.ar\/#\/schema\/person\/image\/","url":"https:\/\/secure.gravatar.com\/avatar\/7f2c48bdc33b30088f941fb6082e555f2874c98e20cb159d7b92b50eadfce793?s=96&d=mm&r=g","contentUrl":"https:\/\/secure.gravatar.com\/avatar\/7f2c48bdc33b30088f941fb6082e555f2874c98e20cb159d7b92b50eadfce793?s=96&d=mm&r=g","caption":"ulises"},"sameAs":["http:\/\/www.celttv.com.ar"]}]}},"_links":{"self":[{"href":"https:\/\/www.celttv.com.ar\/index.php\/wp-json\/wp\/v2\/posts\/66788","targetHints":{"allow":["GET"]}}],"collection":[{"href":"https:\/\/www.celttv.com.ar\/index.php\/wp-json\/wp\/v2\/posts"}],"about":[{"href":"https:\/\/www.celttv.com.ar\/index.php\/wp-json\/wp\/v2\/types\/post"}],"author":[{"embeddable":true,"href":"https:\/\/www.celttv.com.ar\/index.php\/wp-json\/wp\/v2\/users\/1"}],"replies":[{"embeddable":true,"href":"https:\/\/www.celttv.com.ar\/index.php\/wp-json\/wp\/v2\/comments?post=66788"}],"version-history":[{"count":0,"href":"https:\/\/www.celttv.com.ar\/index.php\/wp-json\/wp\/v2\/posts\/66788\/revisions"}],"wp:featuredmedia":[{"embeddable":true,"href":"https:\/\/www.celttv.com.ar\/index.php\/wp-json\/wp\/v2\/media\/66789"}],"wp:attachment":[{"href":"https:\/\/www.celttv.com.ar\/index.php\/wp-json\/wp\/v2\/media?parent=66788"}],"wp:term":[{"taxonomy":"category","embeddable":true,"href":"https:\/\/www.celttv.com.ar\/index.php\/wp-json\/wp\/v2\/categories?post=66788"},{"taxonomy":"post_tag","embeddable":true,"href":"https:\/\/www.celttv.com.ar\/index.php\/wp-json\/wp\/v2\/tags?post=66788"}],"curies":[{"name":"wp","href":"https:\/\/api.w.org\/{rel}","templated":true}]}}