{"id":66791,"date":"2022-06-09T17:13:24","date_gmt":"2022-06-09T17:13:24","guid":{"rendered":"http:\/\/www.celttv.com.ar\/?p=66791"},"modified":"2022-06-09T17:13:24","modified_gmt":"2022-06-09T17:13:24","slug":"integrantes-de-la-escuela-ricardo-egoburo-participaron-del-1-torneo-internacional-de-la-alianza-federal-de-taekwon-do-itf-video","status":"publish","type":"post","link":"https:\/\/www.celttv.com.ar\/index.php\/2022\/06\/09\/integrantes-de-la-escuela-ricardo-egoburo-participaron-del-1-torneo-internacional-de-la-alianza-federal-de-taekwon-do-itf-video\/","title":{"rendered":"Integrantes de la Escuela &#8220;Ricardo Egoburo&#8221; participaron del 1\u00b0 Torneo Internacional de la Alianza Federal de Taekwon-do ITF (Video)"},"content":{"rendered":"\n<p>Los instructores de la Escuela de Taekwon-do \u201cRicardo Egoburo\u201d de Tornquist, Tom\u00e1s Steinbach y Andrea Garc\u00eda M\u00fcller junto a las alumnas Lara Elizalde e Indiana Palavecino participaron del 1\u00b0 Torneo Internacional de la Alianza Federal de Taekwon-do ITF.<\/p>\n\n\n<figure class=\"wp-block-image size-large\"><img loading=\"lazy\" decoding=\"async\" width=\"1024\" height=\"460\" src=\"http:\/\/www.celttv.com.ar\/wp-content\/uploads\/2022\/06\/8d418b55-7fa5-4fc7-ae0a-f86aeebb05bf-1024x460.jpg\" alt=\"\" class=\"wp-image-66792\" srcset=\"https:\/\/www.celttv.com.ar\/wp-content\/uploads\/2022\/06\/8d418b55-7fa5-4fc7-ae0a-f86aeebb05bf-1024x460.jpg 1024w, https:\/\/www.celttv.com.ar\/wp-content\/uploads\/2022\/06\/8d418b55-7fa5-4fc7-ae0a-f86aeebb05bf-300x135.jpg 300w, https:\/\/www.celttv.com.ar\/wp-content\/uploads\/2022\/06\/8d418b55-7fa5-4fc7-ae0a-f86aeebb05bf-768x345.jpg 768w, https:\/\/www.celttv.com.ar\/wp-content\/uploads\/2022\/06\/8d418b55-7fa5-4fc7-ae0a-f86aeebb05bf-1536x691.jpg 1536w, https:\/\/www.celttv.com.ar\/wp-content\/uploads\/2022\/06\/8d418b55-7fa5-4fc7-ae0a-f86aeebb05bf-750x337.jpg 750w, https:\/\/www.celttv.com.ar\/wp-content\/uploads\/2022\/06\/8d418b55-7fa5-4fc7-ae0a-f86aeebb05bf-1140x513.jpg 1140w, https:\/\/www.celttv.com.ar\/wp-content\/uploads\/2022\/06\/8d418b55-7fa5-4fc7-ae0a-f86aeebb05bf.jpg 1599w\" sizes=\"auto, (max-width: 1024px) 100vw, 1024px\" \/><\/figure>\n\n\n<p>El evento, en el que participaron representantes de Brasil, Paraguay, Uruguay y Argentina, se realiz\u00f3 el 3, 4 y 5 de Junio, en el Polideportivo Municipal Ernesto \u201cFinito\u201d Gehrmann, de la ciudad de Posadas, Misiones.<\/p>\n\n\n<p>Tom\u00e1s Steinbach obtuvo un subcampeonato en lucha y una medalla por haber participado como juez en el torneo; mientras que Andrea Garc\u00eda tambi\u00e9n logr\u00f3 subcampeonatos en lucha y formas.<\/p>\n\n\n<figure class=\"wp-block-image size-large\"><img loading=\"lazy\" decoding=\"async\" width=\"1024\" height=\"617\" src=\"http:\/\/www.celttv.com.ar\/wp-content\/uploads\/2022\/06\/ad398807-b72c-489b-9abf-40236db2d8a4-1024x617.jpg\" alt=\"\" class=\"wp-image-66793\" srcset=\"https:\/\/www.celttv.com.ar\/wp-content\/uploads\/2022\/06\/ad398807-b72c-489b-9abf-40236db2d8a4-1024x617.jpg 1024w, https:\/\/www.celttv.com.ar\/wp-content\/uploads\/2022\/06\/ad398807-b72c-489b-9abf-40236db2d8a4-300x181.jpg 300w, https:\/\/www.celttv.com.ar\/wp-content\/uploads\/2022\/06\/ad398807-b72c-489b-9abf-40236db2d8a4-768x463.jpg 768w, https:\/\/www.celttv.com.ar\/wp-content\/uploads\/2022\/06\/ad398807-b72c-489b-9abf-40236db2d8a4-1536x925.jpg 1536w, https:\/\/www.celttv.com.ar\/wp-content\/uploads\/2022\/06\/ad398807-b72c-489b-9abf-40236db2d8a4-750x452.jpg 750w, https:\/\/www.celttv.com.ar\/wp-content\/uploads\/2022\/06\/ad398807-b72c-489b-9abf-40236db2d8a4-1140x687.jpg 1140w, https:\/\/www.celttv.com.ar\/wp-content\/uploads\/2022\/06\/ad398807-b72c-489b-9abf-40236db2d8a4.jpg 1599w\" sizes=\"auto, (max-width: 1024px) 100vw, 1024px\" \/><\/figure>\n\n\n<p>Por su parte, Lara e Indiana lograron una buena participaci\u00f3n y sumaron mucha experiencia a lo largo del torneo.<\/p>\n\n\n<figure class=\"wp-block-embed is-type-video is-provider-youtube wp-block-embed-youtube wp-embed-aspect-16-9 wp-has-aspect-ratio\"><div class=\"wp-block-embed__wrapper\">\n<iframe loading=\"lazy\" title=\"2022 06 07 MAGAZINE SPORT: TOM\u00c1S STEINBACH, ANDREA GARC\u00cdA, LARA ELIZALDE E INDIANA PALAVECINO\" width=\"500\" height=\"281\" src=\"https:\/\/www.youtube.com\/embed\/gl0SEXamowU?feature=oembed\" frameborder=\"0\" allow=\"accelerometer; autoplay; clipboard-write; encrypted-media; gyroscope; picture-in-picture; web-share\" referrerpolicy=\"strict-origin-when-cross-origin\" allowfullscreen><\/iframe>\n<\/div><\/figure>\n","protected":false},"excerpt":{"rendered":"<p>Los instructores de la Escuela de Taekwon-do \u201cRicardo Egoburo\u201d de Tornquist, Tom\u00e1s Steinbach y Andrea Garc\u00eda M\u00fcller junto a las alumnas Lara Elizalde e Indiana Palavecino participaron del 1\u00b0 Torneo Internacional de la Alianza Federal de Taekwon-do ITF. El evento, en el que participaron representantes de Brasil, Paraguay, Uruguay y Argentina, se realiz\u00f3 el 3, [&hellip;]<\/p>\n","protected":false},"author":1,"featured_media":66793,"comment_status":"closed","ping_status":"open","sticky":false,"template":"","format":"standard","meta":{"footnotes":""},"categories":[55,60,62,52,63],"tags":[],"class_list":["post-66791","post","type-post","status-publish","format-standard","has-post-thumbnail","hentry","category-celt-tv-noticias","category-deporte","category-deportes","category-destacadas","category-magazine-sport"],"yoast_head":"<!-- This site is optimized with the Yoast SEO plugin v19.7.1 - https:\/\/yoast.com\/wordpress\/plugins\/seo\/ -->\n<title>Integrantes de la Escuela &quot;Ricardo Egoburo&quot; participaron del 1\u00b0 Torneo Internacional de la Alianza Federal de Taekwon-do ITF (Video) - CELTTV<\/title>\n<meta name=\"description\" content=\"Sitio web de noticias de la localidad de Tornquist, provincia de Buenos Aires, Rep\u00fablica Argentina. Contenido propio originado por periodistas de CELTTV, el canal de TV local de la Cooperativa El\u00e9ctrica de Tornquist. Turismo, Pol\u00edtica, Sociedad, Deporte, Cultura y todo el contenido de inter\u00e9s general que la gente del pueblo y la regi\u00f3n debe conocer.\" \/>\n<meta name=\"robots\" content=\"index, follow, max-snippet:-1, max-image-preview:large, max-video-preview:-1\" \/>\n<link rel=\"canonical\" href=\"https:\/\/www.celttv.com.ar\/index.php\/2022\/06\/09\/integrantes-de-la-escuela-ricardo-egoburo-participaron-del-1-torneo-internacional-de-la-alianza-federal-de-taekwon-do-itf-video\/\" \/>\n<meta property=\"og:locale\" content=\"es_ES\" \/>\n<meta property=\"og:type\" content=\"article\" \/>\n<meta property=\"og:title\" content=\"Integrantes de la Escuela &quot;Ricardo Egoburo&quot; participaron del 1\u00b0 Torneo Internacional de la Alianza Federal de Taekwon-do ITF (Video) - CELTTV\" \/>\n<meta property=\"og:description\" content=\"Sitio web de noticias de la localidad de Tornquist, provincia de Buenos Aires, Rep\u00fablica Argentina. Contenido propio originado por periodistas de CELTTV, el canal de TV local de la Cooperativa El\u00e9ctrica de Tornquist. Turismo, Pol\u00edtica, Sociedad, Deporte, Cultura y todo el contenido de inter\u00e9s general que la gente del pueblo y la regi\u00f3n debe conocer.\" \/>\n<meta property=\"og:url\" content=\"https:\/\/www.celttv.com.ar\/index.php\/2022\/06\/09\/integrantes-de-la-escuela-ricardo-egoburo-participaron-del-1-torneo-internacional-de-la-alianza-federal-de-taekwon-do-itf-video\/\" \/>\n<meta property=\"og:site_name\" content=\"CELTTV\" \/>\n<meta property=\"article:publisher\" content=\"https:\/\/www.facebook.com\/celtTV\/\" \/>\n<meta property=\"article:published_time\" content=\"2022-06-09T17:13:24+00:00\" \/>\n<meta property=\"og:image\" content=\"https:\/\/www.celttv.com.ar\/wp-content\/uploads\/2022\/06\/ad398807-b72c-489b-9abf-40236db2d8a4.jpg\" \/>\n\t<meta property=\"og:image:width\" content=\"1599\" \/>\n\t<meta property=\"og:image:height\" content=\"963\" \/>\n\t<meta property=\"og:image:type\" content=\"image\/jpeg\" \/>\n<meta name=\"author\" content=\"ulises\" \/>\n<meta name=\"twitter:card\" content=\"summary_large_image\" \/>\n<meta name=\"twitter:label1\" content=\"Escrito por\" \/>\n\t<meta name=\"twitter:data1\" content=\"ulises\" \/>\n\t<meta name=\"twitter:label2\" content=\"Tiempo de lectura\" \/>\n\t<meta name=\"twitter:data2\" content=\"1 minuto\" \/>\n<script type=\"application\/ld+json\" class=\"yoast-schema-graph\">{\"@context\":\"https:\/\/schema.org\",\"@graph\":[{\"@type\":\"NewsArticle\",\"@id\":\"https:\/\/www.celttv.com.ar\/index.php\/2022\/06\/09\/integrantes-de-la-escuela-ricardo-egoburo-participaron-del-1-torneo-internacional-de-la-alianza-federal-de-taekwon-do-itf-video\/#article\",\"isPartOf\":{\"@id\":\"https:\/\/www.celttv.com.ar\/index.php\/2022\/06\/09\/integrantes-de-la-escuela-ricardo-egoburo-participaron-del-1-torneo-internacional-de-la-alianza-federal-de-taekwon-do-itf-video\/\"},\"author\":{\"name\":\"ulises\",\"@id\":\"https:\/\/www.celttv.com.ar\/#\/schema\/person\/6d99c072dba59953809c81446e9d0ace\"},\"headline\":\"Integrantes de la Escuela &#8220;Ricardo Egoburo&#8221; participaron del 1\u00b0 Torneo Internacional de la Alianza Federal de Taekwon-do ITF (Video)\",\"datePublished\":\"2022-06-09T17:13:24+00:00\",\"dateModified\":\"2022-06-09T17:13:24+00:00\",\"mainEntityOfPage\":{\"@id\":\"https:\/\/www.celttv.com.ar\/index.php\/2022\/06\/09\/integrantes-de-la-escuela-ricardo-egoburo-participaron-del-1-torneo-internacional-de-la-alianza-federal-de-taekwon-do-itf-video\/\"},\"wordCount\":147,\"publisher\":{\"@id\":\"https:\/\/www.celttv.com.ar\/#organization\"},\"articleSection\":[\"Celt TV Noticias\",\"Deporte\",\"Deportes\",\"Destacadas\",\"Magazine Sport\"],\"inLanguage\":\"es\"},{\"@type\":\"WebPage\",\"@id\":\"https:\/\/www.celttv.com.ar\/index.php\/2022\/06\/09\/integrantes-de-la-escuela-ricardo-egoburo-participaron-del-1-torneo-internacional-de-la-alianza-federal-de-taekwon-do-itf-video\/\",\"url\":\"https:\/\/www.celttv.com.ar\/index.php\/2022\/06\/09\/integrantes-de-la-escuela-ricardo-egoburo-participaron-del-1-torneo-internacional-de-la-alianza-federal-de-taekwon-do-itf-video\/\",\"name\":\"Integrantes de la Escuela \\\"Ricardo Egoburo\\\" participaron del 1\u00b0 Torneo Internacional de la Alianza Federal de Taekwon-do ITF (Video) - CELTTV\",\"isPartOf\":{\"@id\":\"https:\/\/www.celttv.com.ar\/#website\"},\"datePublished\":\"2022-06-09T17:13:24+00:00\",\"dateModified\":\"2022-06-09T17:13:24+00:00\",\"description\":\"Sitio web de noticias de la localidad de Tornquist, provincia de Buenos Aires, Rep\u00fablica Argentina. Contenido propio originado por periodistas de CELTTV, el canal de TV local de la Cooperativa El\u00e9ctrica de Tornquist. Turismo, Pol\u00edtica, Sociedad, Deporte, Cultura y todo el contenido de inter\u00e9s general que la gente del pueblo y la regi\u00f3n debe conocer.\",\"breadcrumb\":{\"@id\":\"https:\/\/www.celttv.com.ar\/index.php\/2022\/06\/09\/integrantes-de-la-escuela-ricardo-egoburo-participaron-del-1-torneo-internacional-de-la-alianza-federal-de-taekwon-do-itf-video\/#breadcrumb\"},\"inLanguage\":\"es\",\"potentialAction\":[{\"@type\":\"ReadAction\",\"target\":[\"https:\/\/www.celttv.com.ar\/index.php\/2022\/06\/09\/integrantes-de-la-escuela-ricardo-egoburo-participaron-del-1-torneo-internacional-de-la-alianza-federal-de-taekwon-do-itf-video\/\"]}]},{\"@type\":\"BreadcrumbList\",\"@id\":\"https:\/\/www.celttv.com.ar\/index.php\/2022\/06\/09\/integrantes-de-la-escuela-ricardo-egoburo-participaron-del-1-torneo-internacional-de-la-alianza-federal-de-taekwon-do-itf-video\/#breadcrumb\",\"itemListElement\":[{\"@type\":\"ListItem\",\"position\":1,\"name\":\"Inicio\",\"item\":\"https:\/\/www.celttv.com.ar\/\"},{\"@type\":\"ListItem\",\"position\":2,\"name\":\"Integrantes de la Escuela &#8220;Ricardo Egoburo&#8221; participaron del 1\u00b0 Torneo Internacional de la Alianza Federal de Taekwon-do ITF (Video)\"}]},{\"@type\":\"WebSite\",\"@id\":\"https:\/\/www.celttv.com.ar\/#website\",\"url\":\"https:\/\/www.celttv.com.ar\/\",\"name\":\"CELTTV\",\"description\":\"Cooperativa El\u00e9ctrica de Tornquist\",\"publisher\":{\"@id\":\"https:\/\/www.celttv.com.ar\/#organization\"},\"potentialAction\":[{\"@type\":\"SearchAction\",\"target\":{\"@type\":\"EntryPoint\",\"urlTemplate\":\"https:\/\/www.celttv.com.ar\/?s={search_term_string}\"},\"query-input\":\"required name=search_term_string\"}],\"inLanguage\":\"es\"},{\"@type\":\"Organization\",\"@id\":\"https:\/\/www.celttv.com.ar\/#organization\",\"name\":\"CELTTV\",\"url\":\"https:\/\/www.celttv.com.ar\/\",\"sameAs\":[\"https:\/\/www.youtube.com\/channel\/UCz_oIt8Hig64Ub-EmcNPIhg\",\"https:\/\/www.facebook.com\/celtTV\/\"],\"logo\":{\"@type\":\"ImageObject\",\"inLanguage\":\"es\",\"@id\":\"https:\/\/www.celttv.com.ar\/#\/schema\/logo\/image\/\",\"url\":\"http:\/\/www.celttv.com.ar\/wp-content\/uploads\/2022\/08\/logo-1.png\",\"contentUrl\":\"http:\/\/www.celttv.com.ar\/wp-content\/uploads\/2022\/08\/logo-1.png\",\"width\":461,\"height\":159,\"caption\":\"CELTTV\"},\"image\":{\"@id\":\"https:\/\/www.celttv.com.ar\/#\/schema\/logo\/image\/\"}},{\"@type\":\"Person\",\"@id\":\"https:\/\/www.celttv.com.ar\/#\/schema\/person\/6d99c072dba59953809c81446e9d0ace\",\"name\":\"ulises\",\"image\":{\"@type\":\"ImageObject\",\"inLanguage\":\"es\",\"@id\":\"https:\/\/www.celttv.com.ar\/#\/schema\/person\/image\/\",\"url\":\"https:\/\/secure.gravatar.com\/avatar\/7f2c48bdc33b30088f941fb6082e555f2874c98e20cb159d7b92b50eadfce793?s=96&d=mm&r=g\",\"contentUrl\":\"https:\/\/secure.gravatar.com\/avatar\/7f2c48bdc33b30088f941fb6082e555f2874c98e20cb159d7b92b50eadfce793?s=96&d=mm&r=g\",\"caption\":\"ulises\"},\"sameAs\":[\"http:\/\/www.celttv.com.ar\"]}]}<\/script>\n<!-- \/ Yoast SEO plugin. -->","yoast_head_json":{"title":"Integrantes de la Escuela \"Ricardo Egoburo\" participaron del 1\u00b0 Torneo Internacional de la Alianza Federal de Taekwon-do ITF (Video) - CELTTV","description":"Sitio web de noticias de la localidad de Tornquist, provincia de Buenos Aires, Rep\u00fablica Argentina. Contenido propio originado por periodistas de CELTTV, el canal de TV local de la Cooperativa El\u00e9ctrica de Tornquist. Turismo, Pol\u00edtica, Sociedad, Deporte, Cultura y todo el contenido de inter\u00e9s general que la gente del pueblo y la regi\u00f3n debe conocer.","robots":{"index":"index","follow":"follow","max-snippet":"max-snippet:-1","max-image-preview":"max-image-preview:large","max-video-preview":"max-video-preview:-1"},"canonical":"https:\/\/www.celttv.com.ar\/index.php\/2022\/06\/09\/integrantes-de-la-escuela-ricardo-egoburo-participaron-del-1-torneo-internacional-de-la-alianza-federal-de-taekwon-do-itf-video\/","og_locale":"es_ES","og_type":"article","og_title":"Integrantes de la Escuela \"Ricardo Egoburo\" participaron del 1\u00b0 Torneo Internacional de la Alianza Federal de Taekwon-do ITF (Video) - CELTTV","og_description":"Sitio web de noticias de la localidad de Tornquist, provincia de Buenos Aires, Rep\u00fablica Argentina. Contenido propio originado por periodistas de CELTTV, el canal de TV local de la Cooperativa El\u00e9ctrica de Tornquist. Turismo, Pol\u00edtica, Sociedad, Deporte, Cultura y todo el contenido de inter\u00e9s general que la gente del pueblo y la regi\u00f3n debe conocer.","og_url":"https:\/\/www.celttv.com.ar\/index.php\/2022\/06\/09\/integrantes-de-la-escuela-ricardo-egoburo-participaron-del-1-torneo-internacional-de-la-alianza-federal-de-taekwon-do-itf-video\/","og_site_name":"CELTTV","article_publisher":"https:\/\/www.facebook.com\/celtTV\/","article_published_time":"2022-06-09T17:13:24+00:00","og_image":[{"width":1599,"height":963,"url":"https:\/\/www.celttv.com.ar\/wp-content\/uploads\/2022\/06\/ad398807-b72c-489b-9abf-40236db2d8a4.jpg","type":"image\/jpeg"}],"author":"ulises","twitter_card":"summary_large_image","twitter_misc":{"Escrito por":"ulises","Tiempo de lectura":"1 minuto"},"schema":{"@context":"https:\/\/schema.org","@graph":[{"@type":"NewsArticle","@id":"https:\/\/www.celttv.com.ar\/index.php\/2022\/06\/09\/integrantes-de-la-escuela-ricardo-egoburo-participaron-del-1-torneo-internacional-de-la-alianza-federal-de-taekwon-do-itf-video\/#article","isPartOf":{"@id":"https:\/\/www.celttv.com.ar\/index.php\/2022\/06\/09\/integrantes-de-la-escuela-ricardo-egoburo-participaron-del-1-torneo-internacional-de-la-alianza-federal-de-taekwon-do-itf-video\/"},"author":{"name":"ulises","@id":"https:\/\/www.celttv.com.ar\/#\/schema\/person\/6d99c072dba59953809c81446e9d0ace"},"headline":"Integrantes de la Escuela &#8220;Ricardo Egoburo&#8221; participaron del 1\u00b0 Torneo Internacional de la Alianza Federal de Taekwon-do ITF (Video)","datePublished":"2022-06-09T17:13:24+00:00","dateModified":"2022-06-09T17:13:24+00:00","mainEntityOfPage":{"@id":"https:\/\/www.celttv.com.ar\/index.php\/2022\/06\/09\/integrantes-de-la-escuela-ricardo-egoburo-participaron-del-1-torneo-internacional-de-la-alianza-federal-de-taekwon-do-itf-video\/"},"wordCount":147,"publisher":{"@id":"https:\/\/www.celttv.com.ar\/#organization"},"articleSection":["Celt TV Noticias","Deporte","Deportes","Destacadas","Magazine Sport"],"inLanguage":"es"},{"@type":"WebPage","@id":"https:\/\/www.celttv.com.ar\/index.php\/2022\/06\/09\/integrantes-de-la-escuela-ricardo-egoburo-participaron-del-1-torneo-internacional-de-la-alianza-federal-de-taekwon-do-itf-video\/","url":"https:\/\/www.celttv.com.ar\/index.php\/2022\/06\/09\/integrantes-de-la-escuela-ricardo-egoburo-participaron-del-1-torneo-internacional-de-la-alianza-federal-de-taekwon-do-itf-video\/","name":"Integrantes de la Escuela \"Ricardo Egoburo\" participaron del 1\u00b0 Torneo Internacional de la Alianza Federal de Taekwon-do ITF (Video) - CELTTV","isPartOf":{"@id":"https:\/\/www.celttv.com.ar\/#website"},"datePublished":"2022-06-09T17:13:24+00:00","dateModified":"2022-06-09T17:13:24+00:00","description":"Sitio web de noticias de la localidad de Tornquist, provincia de Buenos Aires, Rep\u00fablica Argentina. Contenido propio originado por periodistas de CELTTV, el canal de TV local de la Cooperativa El\u00e9ctrica de Tornquist. Turismo, Pol\u00edtica, Sociedad, Deporte, Cultura y todo el contenido de inter\u00e9s general que la gente del pueblo y la regi\u00f3n debe conocer.","breadcrumb":{"@id":"https:\/\/www.celttv.com.ar\/index.php\/2022\/06\/09\/integrantes-de-la-escuela-ricardo-egoburo-participaron-del-1-torneo-internacional-de-la-alianza-federal-de-taekwon-do-itf-video\/#breadcrumb"},"inLanguage":"es","potentialAction":[{"@type":"ReadAction","target":["https:\/\/www.celttv.com.ar\/index.php\/2022\/06\/09\/integrantes-de-la-escuela-ricardo-egoburo-participaron-del-1-torneo-internacional-de-la-alianza-federal-de-taekwon-do-itf-video\/"]}]},{"@type":"BreadcrumbList","@id":"https:\/\/www.celttv.com.ar\/index.php\/2022\/06\/09\/integrantes-de-la-escuela-ricardo-egoburo-participaron-del-1-torneo-internacional-de-la-alianza-federal-de-taekwon-do-itf-video\/#breadcrumb","itemListElement":[{"@type":"ListItem","position":1,"name":"Inicio","item":"https:\/\/www.celttv.com.ar\/"},{"@type":"ListItem","position":2,"name":"Integrantes de la Escuela &#8220;Ricardo Egoburo&#8221; participaron del 1\u00b0 Torneo Internacional de la Alianza Federal de Taekwon-do ITF (Video)"}]},{"@type":"WebSite","@id":"https:\/\/www.celttv.com.ar\/#website","url":"https:\/\/www.celttv.com.ar\/","name":"CELTTV","description":"Cooperativa El\u00e9ctrica de Tornquist","publisher":{"@id":"https:\/\/www.celttv.com.ar\/#organization"},"potentialAction":[{"@type":"SearchAction","target":{"@type":"EntryPoint","urlTemplate":"https:\/\/www.celttv.com.ar\/?s={search_term_string}"},"query-input":"required name=search_term_string"}],"inLanguage":"es"},{"@type":"Organization","@id":"https:\/\/www.celttv.com.ar\/#organization","name":"CELTTV","url":"https:\/\/www.celttv.com.ar\/","sameAs":["https:\/\/www.youtube.com\/channel\/UCz_oIt8Hig64Ub-EmcNPIhg","https:\/\/www.facebook.com\/celtTV\/"],"logo":{"@type":"ImageObject","inLanguage":"es","@id":"https:\/\/www.celttv.com.ar\/#\/schema\/logo\/image\/","url":"http:\/\/www.celttv.com.ar\/wp-content\/uploads\/2022\/08\/logo-1.png","contentUrl":"http:\/\/www.celttv.com.ar\/wp-content\/uploads\/2022\/08\/logo-1.png","width":461,"height":159,"caption":"CELTTV"},"image":{"@id":"https:\/\/www.celttv.com.ar\/#\/schema\/logo\/image\/"}},{"@type":"Person","@id":"https:\/\/www.celttv.com.ar\/#\/schema\/person\/6d99c072dba59953809c81446e9d0ace","name":"ulises","image":{"@type":"ImageObject","inLanguage":"es","@id":"https:\/\/www.celttv.com.ar\/#\/schema\/person\/image\/","url":"https:\/\/secure.gravatar.com\/avatar\/7f2c48bdc33b30088f941fb6082e555f2874c98e20cb159d7b92b50eadfce793?s=96&d=mm&r=g","contentUrl":"https:\/\/secure.gravatar.com\/avatar\/7f2c48bdc33b30088f941fb6082e555f2874c98e20cb159d7b92b50eadfce793?s=96&d=mm&r=g","caption":"ulises"},"sameAs":["http:\/\/www.celttv.com.ar"]}]}},"_links":{"self":[{"href":"https:\/\/www.celttv.com.ar\/index.php\/wp-json\/wp\/v2\/posts\/66791","targetHints":{"allow":["GET"]}}],"collection":[{"href":"https:\/\/www.celttv.com.ar\/index.php\/wp-json\/wp\/v2\/posts"}],"about":[{"href":"https:\/\/www.celttv.com.ar\/index.php\/wp-json\/wp\/v2\/types\/post"}],"author":[{"embeddable":true,"href":"https:\/\/www.celttv.com.ar\/index.php\/wp-json\/wp\/v2\/users\/1"}],"replies":[{"embeddable":true,"href":"https:\/\/www.celttv.com.ar\/index.php\/wp-json\/wp\/v2\/comments?post=66791"}],"version-history":[{"count":0,"href":"https:\/\/www.celttv.com.ar\/index.php\/wp-json\/wp\/v2\/posts\/66791\/revisions"}],"wp:featuredmedia":[{"embeddable":true,"href":"https:\/\/www.celttv.com.ar\/index.php\/wp-json\/wp\/v2\/media\/66793"}],"wp:attachment":[{"href":"https:\/\/www.celttv.com.ar\/index.php\/wp-json\/wp\/v2\/media?parent=66791"}],"wp:term":[{"taxonomy":"category","embeddable":true,"href":"https:\/\/www.celttv.com.ar\/index.php\/wp-json\/wp\/v2\/categories?post=66791"},{"taxonomy":"post_tag","embeddable":true,"href":"https:\/\/www.celttv.com.ar\/index.php\/wp-json\/wp\/v2\/tags?post=66791"}],"curies":[{"name":"wp","href":"https:\/\/api.w.org\/{rel}","templated":true}]}}