{"id":66798,"date":"2022-06-09T17:31:14","date_gmt":"2022-06-09T17:31:14","guid":{"rendered":"http:\/\/www.celttv.com.ar\/?p=66798"},"modified":"2022-06-09T17:31:14","modified_gmt":"2022-06-09T17:31:14","slug":"sergio-martinez-y-el-camino-de-automoto-en-la-liga-regional-de-futbol-video","status":"publish","type":"post","link":"https:\/\/www.celttv.com.ar\/index.php\/2022\/06\/09\/sergio-martinez-y-el-camino-de-automoto-en-la-liga-regional-de-futbol-video\/","title":{"rendered":"Sergio Mart\u00ednez y el camino de Automoto en la Liga Regional de F\u00fatbol (Video)"},"content":{"rendered":"\n<p>Tras un primer semestre de a\u00f1o duro, el Club Automoto contin\u00faa trabajando -desde lo futbol\u00edstico- con los planteles superiores para encarar el segundo tramo del campeonato y as\u00ed poder alcanzar el objetivo de clasificar a la liguilla.<\/p>\n\n\n<figure class=\"wp-block-image size-large\"><img loading=\"lazy\" decoding=\"async\" width=\"1024\" height=\"659\" src=\"http:\/\/www.celttv.com.ar\/wp-content\/uploads\/2022\/06\/7a3bf3ff-c82d-42b4-9c93-8ecdc939aafe-1024x659.jpg\" alt=\"\" class=\"wp-image-66799\" srcset=\"https:\/\/www.celttv.com.ar\/wp-content\/uploads\/2022\/06\/7a3bf3ff-c82d-42b4-9c93-8ecdc939aafe-1024x659.jpg 1024w, https:\/\/www.celttv.com.ar\/wp-content\/uploads\/2022\/06\/7a3bf3ff-c82d-42b4-9c93-8ecdc939aafe-300x193.jpg 300w, https:\/\/www.celttv.com.ar\/wp-content\/uploads\/2022\/06\/7a3bf3ff-c82d-42b4-9c93-8ecdc939aafe-768x494.jpg 768w, https:\/\/www.celttv.com.ar\/wp-content\/uploads\/2022\/06\/7a3bf3ff-c82d-42b4-9c93-8ecdc939aafe-750x483.jpg 750w, https:\/\/www.celttv.com.ar\/wp-content\/uploads\/2022\/06\/7a3bf3ff-c82d-42b4-9c93-8ecdc939aafe-1140x734.jpg 1140w, https:\/\/www.celttv.com.ar\/wp-content\/uploads\/2022\/06\/7a3bf3ff-c82d-42b4-9c93-8ecdc939aafe.jpg 1235w\" sizes=\"auto, (max-width: 1024px) 100vw, 1024px\" \/><\/figure>\n\n\n<p>El DT del plantel superior azulgrana, <strong>Sergio Mart\u00ednez<\/strong>, estuvo en el programa <strong>Magazine Sport<\/strong> y analiz\u00f3 lo realizado por su equipo durante la primer parte del a\u00f1o, los imponderables que sufri\u00f3 con la salida de su anterior t\u00e9cnico Octavio Araneta, las constantes lesiones (algunas de mucha gravedad) que acompa\u00f1\u00f3 al plantel, el deb\u00fat de varios j\u00f3venes de la cantera del club y c\u00f3mo se prepara Automoto para el segundo tramo del campeonato, entre otros tantos temas.<\/p>\n\n\n<figure class=\"wp-block-embed is-type-video is-provider-youtube wp-block-embed-youtube wp-embed-aspect-16-9 wp-has-aspect-ratio\"><div class=\"wp-block-embed__wrapper\">\n<iframe loading=\"lazy\" title=\"2022 06 07 MAGAZINE SPORT: SERGIO MARTINEZ (DT. CLUB AUTOMOTO)\" width=\"500\" height=\"281\" src=\"https:\/\/www.youtube.com\/embed\/9eOjAjcm-7Y?feature=oembed\" frameborder=\"0\" allow=\"accelerometer; autoplay; clipboard-write; encrypted-media; gyroscope; picture-in-picture; web-share\" referrerpolicy=\"strict-origin-when-cross-origin\" allowfullscreen><\/iframe>\n<\/div><\/figure>\n","protected":false},"excerpt":{"rendered":"<p>Tras un primer semestre de a\u00f1o duro, el Club Automoto contin\u00faa trabajando -desde lo futbol\u00edstico- con los planteles superiores para encarar el segundo tramo del campeonato y as\u00ed poder alcanzar el objetivo de clasificar a la liguilla. El DT del plantel superior azulgrana, Sergio Mart\u00ednez, estuvo en el programa Magazine Sport y analiz\u00f3 lo realizado [&hellip;]<\/p>\n","protected":false},"author":1,"featured_media":66800,"comment_status":"closed","ping_status":"open","sticky":false,"template":"","format":"standard","meta":{"footnotes":""},"categories":[55,60,62,52,63],"tags":[],"class_list":["post-66798","post","type-post","status-publish","format-standard","has-post-thumbnail","hentry","category-celt-tv-noticias","category-deporte","category-deportes","category-destacadas","category-magazine-sport"],"yoast_head":"<!-- This site is optimized with the Yoast SEO plugin v19.7.1 - https:\/\/yoast.com\/wordpress\/plugins\/seo\/ -->\n<title>Sergio Mart\u00ednez y el camino de Automoto en la Liga Regional de F\u00fatbol (Video) - CELTTV<\/title>\n<meta name=\"description\" content=\"Sitio web de noticias de la localidad de Tornquist, provincia de Buenos Aires, Rep\u00fablica Argentina. Contenido propio originado por periodistas de CELTTV, el canal de TV local de la Cooperativa El\u00e9ctrica de Tornquist. Turismo, Pol\u00edtica, Sociedad, Deporte, Cultura y todo el contenido de inter\u00e9s general que la gente del pueblo y la regi\u00f3n debe conocer.\" \/>\n<meta name=\"robots\" content=\"index, follow, max-snippet:-1, max-image-preview:large, max-video-preview:-1\" \/>\n<link rel=\"canonical\" href=\"https:\/\/www.celttv.com.ar\/index.php\/2022\/06\/09\/sergio-martinez-y-el-camino-de-automoto-en-la-liga-regional-de-futbol-video\/\" \/>\n<meta property=\"og:locale\" content=\"es_ES\" \/>\n<meta property=\"og:type\" content=\"article\" \/>\n<meta property=\"og:title\" content=\"Sergio Mart\u00ednez y el camino de Automoto en la Liga Regional de F\u00fatbol (Video) - CELTTV\" \/>\n<meta property=\"og:description\" content=\"Sitio web de noticias de la localidad de Tornquist, provincia de Buenos Aires, Rep\u00fablica Argentina. Contenido propio originado por periodistas de CELTTV, el canal de TV local de la Cooperativa El\u00e9ctrica de Tornquist. Turismo, Pol\u00edtica, Sociedad, Deporte, Cultura y todo el contenido de inter\u00e9s general que la gente del pueblo y la regi\u00f3n debe conocer.\" \/>\n<meta property=\"og:url\" content=\"https:\/\/www.celttv.com.ar\/index.php\/2022\/06\/09\/sergio-martinez-y-el-camino-de-automoto-en-la-liga-regional-de-futbol-video\/\" \/>\n<meta property=\"og:site_name\" content=\"CELTTV\" \/>\n<meta property=\"article:publisher\" content=\"https:\/\/www.facebook.com\/celtTV\/\" \/>\n<meta property=\"article:published_time\" content=\"2022-06-09T17:31:14+00:00\" \/>\n<meta property=\"og:image\" content=\"https:\/\/www.celttv.com.ar\/wp-content\/uploads\/2022\/06\/79d8cd1f-589f-4bfd-a6f2-76d87be0ad41.jpg\" \/>\n\t<meta property=\"og:image:width\" content=\"827\" \/>\n\t<meta property=\"og:image:height\" content=\"669\" \/>\n\t<meta property=\"og:image:type\" content=\"image\/jpeg\" \/>\n<meta name=\"author\" content=\"ulises\" \/>\n<meta name=\"twitter:card\" content=\"summary_large_image\" \/>\n<meta name=\"twitter:label1\" content=\"Escrito por\" \/>\n\t<meta name=\"twitter:data1\" content=\"ulises\" \/>\n\t<meta name=\"twitter:label2\" content=\"Tiempo de lectura\" \/>\n\t<meta name=\"twitter:data2\" content=\"1 minuto\" \/>\n<script type=\"application\/ld+json\" class=\"yoast-schema-graph\">{\"@context\":\"https:\/\/schema.org\",\"@graph\":[{\"@type\":\"NewsArticle\",\"@id\":\"https:\/\/www.celttv.com.ar\/index.php\/2022\/06\/09\/sergio-martinez-y-el-camino-de-automoto-en-la-liga-regional-de-futbol-video\/#article\",\"isPartOf\":{\"@id\":\"https:\/\/www.celttv.com.ar\/index.php\/2022\/06\/09\/sergio-martinez-y-el-camino-de-automoto-en-la-liga-regional-de-futbol-video\/\"},\"author\":{\"name\":\"ulises\",\"@id\":\"https:\/\/www.celttv.com.ar\/#\/schema\/person\/6d99c072dba59953809c81446e9d0ace\"},\"headline\":\"Sergio Mart\u00ednez y el camino de Automoto en la Liga Regional de F\u00fatbol (Video)\",\"datePublished\":\"2022-06-09T17:31:14+00:00\",\"dateModified\":\"2022-06-09T17:31:14+00:00\",\"mainEntityOfPage\":{\"@id\":\"https:\/\/www.celttv.com.ar\/index.php\/2022\/06\/09\/sergio-martinez-y-el-camino-de-automoto-en-la-liga-regional-de-futbol-video\/\"},\"wordCount\":143,\"publisher\":{\"@id\":\"https:\/\/www.celttv.com.ar\/#organization\"},\"articleSection\":[\"Celt TV Noticias\",\"Deporte\",\"Deportes\",\"Destacadas\",\"Magazine Sport\"],\"inLanguage\":\"es\"},{\"@type\":\"WebPage\",\"@id\":\"https:\/\/www.celttv.com.ar\/index.php\/2022\/06\/09\/sergio-martinez-y-el-camino-de-automoto-en-la-liga-regional-de-futbol-video\/\",\"url\":\"https:\/\/www.celttv.com.ar\/index.php\/2022\/06\/09\/sergio-martinez-y-el-camino-de-automoto-en-la-liga-regional-de-futbol-video\/\",\"name\":\"Sergio Mart\u00ednez y el camino de Automoto en la Liga Regional de F\u00fatbol (Video) - CELTTV\",\"isPartOf\":{\"@id\":\"https:\/\/www.celttv.com.ar\/#website\"},\"datePublished\":\"2022-06-09T17:31:14+00:00\",\"dateModified\":\"2022-06-09T17:31:14+00:00\",\"description\":\"Sitio web de noticias de la localidad de Tornquist, provincia de Buenos Aires, Rep\u00fablica Argentina. Contenido propio originado por periodistas de CELTTV, el canal de TV local de la Cooperativa El\u00e9ctrica de Tornquist. Turismo, Pol\u00edtica, Sociedad, Deporte, Cultura y todo el contenido de inter\u00e9s general que la gente del pueblo y la regi\u00f3n debe conocer.\",\"breadcrumb\":{\"@id\":\"https:\/\/www.celttv.com.ar\/index.php\/2022\/06\/09\/sergio-martinez-y-el-camino-de-automoto-en-la-liga-regional-de-futbol-video\/#breadcrumb\"},\"inLanguage\":\"es\",\"potentialAction\":[{\"@type\":\"ReadAction\",\"target\":[\"https:\/\/www.celttv.com.ar\/index.php\/2022\/06\/09\/sergio-martinez-y-el-camino-de-automoto-en-la-liga-regional-de-futbol-video\/\"]}]},{\"@type\":\"BreadcrumbList\",\"@id\":\"https:\/\/www.celttv.com.ar\/index.php\/2022\/06\/09\/sergio-martinez-y-el-camino-de-automoto-en-la-liga-regional-de-futbol-video\/#breadcrumb\",\"itemListElement\":[{\"@type\":\"ListItem\",\"position\":1,\"name\":\"Inicio\",\"item\":\"https:\/\/www.celttv.com.ar\/\"},{\"@type\":\"ListItem\",\"position\":2,\"name\":\"Sergio Mart\u00ednez y el camino de Automoto en la Liga Regional de F\u00fatbol (Video)\"}]},{\"@type\":\"WebSite\",\"@id\":\"https:\/\/www.celttv.com.ar\/#website\",\"url\":\"https:\/\/www.celttv.com.ar\/\",\"name\":\"CELTTV\",\"description\":\"Cooperativa El\u00e9ctrica de Tornquist\",\"publisher\":{\"@id\":\"https:\/\/www.celttv.com.ar\/#organization\"},\"potentialAction\":[{\"@type\":\"SearchAction\",\"target\":{\"@type\":\"EntryPoint\",\"urlTemplate\":\"https:\/\/www.celttv.com.ar\/?s={search_term_string}\"},\"query-input\":\"required name=search_term_string\"}],\"inLanguage\":\"es\"},{\"@type\":\"Organization\",\"@id\":\"https:\/\/www.celttv.com.ar\/#organization\",\"name\":\"CELTTV\",\"url\":\"https:\/\/www.celttv.com.ar\/\",\"sameAs\":[\"https:\/\/www.youtube.com\/channel\/UCz_oIt8Hig64Ub-EmcNPIhg\",\"https:\/\/www.facebook.com\/celtTV\/\"],\"logo\":{\"@type\":\"ImageObject\",\"inLanguage\":\"es\",\"@id\":\"https:\/\/www.celttv.com.ar\/#\/schema\/logo\/image\/\",\"url\":\"http:\/\/www.celttv.com.ar\/wp-content\/uploads\/2022\/08\/logo-1.png\",\"contentUrl\":\"http:\/\/www.celttv.com.ar\/wp-content\/uploads\/2022\/08\/logo-1.png\",\"width\":461,\"height\":159,\"caption\":\"CELTTV\"},\"image\":{\"@id\":\"https:\/\/www.celttv.com.ar\/#\/schema\/logo\/image\/\"}},{\"@type\":\"Person\",\"@id\":\"https:\/\/www.celttv.com.ar\/#\/schema\/person\/6d99c072dba59953809c81446e9d0ace\",\"name\":\"ulises\",\"image\":{\"@type\":\"ImageObject\",\"inLanguage\":\"es\",\"@id\":\"https:\/\/www.celttv.com.ar\/#\/schema\/person\/image\/\",\"url\":\"https:\/\/secure.gravatar.com\/avatar\/7f2c48bdc33b30088f941fb6082e555f2874c98e20cb159d7b92b50eadfce793?s=96&d=mm&r=g\",\"contentUrl\":\"https:\/\/secure.gravatar.com\/avatar\/7f2c48bdc33b30088f941fb6082e555f2874c98e20cb159d7b92b50eadfce793?s=96&d=mm&r=g\",\"caption\":\"ulises\"},\"sameAs\":[\"http:\/\/www.celttv.com.ar\"]}]}<\/script>\n<!-- \/ Yoast SEO plugin. -->","yoast_head_json":{"title":"Sergio Mart\u00ednez y el camino de Automoto en la Liga Regional de F\u00fatbol (Video) - CELTTV","description":"Sitio web de noticias de la localidad de Tornquist, provincia de Buenos Aires, Rep\u00fablica Argentina. Contenido propio originado por periodistas de CELTTV, el canal de TV local de la Cooperativa El\u00e9ctrica de Tornquist. Turismo, Pol\u00edtica, Sociedad, Deporte, Cultura y todo el contenido de inter\u00e9s general que la gente del pueblo y la regi\u00f3n debe conocer.","robots":{"index":"index","follow":"follow","max-snippet":"max-snippet:-1","max-image-preview":"max-image-preview:large","max-video-preview":"max-video-preview:-1"},"canonical":"https:\/\/www.celttv.com.ar\/index.php\/2022\/06\/09\/sergio-martinez-y-el-camino-de-automoto-en-la-liga-regional-de-futbol-video\/","og_locale":"es_ES","og_type":"article","og_title":"Sergio Mart\u00ednez y el camino de Automoto en la Liga Regional de F\u00fatbol (Video) - CELTTV","og_description":"Sitio web de noticias de la localidad de Tornquist, provincia de Buenos Aires, Rep\u00fablica Argentina. Contenido propio originado por periodistas de CELTTV, el canal de TV local de la Cooperativa El\u00e9ctrica de Tornquist. Turismo, Pol\u00edtica, Sociedad, Deporte, Cultura y todo el contenido de inter\u00e9s general que la gente del pueblo y la regi\u00f3n debe conocer.","og_url":"https:\/\/www.celttv.com.ar\/index.php\/2022\/06\/09\/sergio-martinez-y-el-camino-de-automoto-en-la-liga-regional-de-futbol-video\/","og_site_name":"CELTTV","article_publisher":"https:\/\/www.facebook.com\/celtTV\/","article_published_time":"2022-06-09T17:31:14+00:00","og_image":[{"width":827,"height":669,"url":"https:\/\/www.celttv.com.ar\/wp-content\/uploads\/2022\/06\/79d8cd1f-589f-4bfd-a6f2-76d87be0ad41.jpg","type":"image\/jpeg"}],"author":"ulises","twitter_card":"summary_large_image","twitter_misc":{"Escrito por":"ulises","Tiempo de lectura":"1 minuto"},"schema":{"@context":"https:\/\/schema.org","@graph":[{"@type":"NewsArticle","@id":"https:\/\/www.celttv.com.ar\/index.php\/2022\/06\/09\/sergio-martinez-y-el-camino-de-automoto-en-la-liga-regional-de-futbol-video\/#article","isPartOf":{"@id":"https:\/\/www.celttv.com.ar\/index.php\/2022\/06\/09\/sergio-martinez-y-el-camino-de-automoto-en-la-liga-regional-de-futbol-video\/"},"author":{"name":"ulises","@id":"https:\/\/www.celttv.com.ar\/#\/schema\/person\/6d99c072dba59953809c81446e9d0ace"},"headline":"Sergio Mart\u00ednez y el camino de Automoto en la Liga Regional de F\u00fatbol (Video)","datePublished":"2022-06-09T17:31:14+00:00","dateModified":"2022-06-09T17:31:14+00:00","mainEntityOfPage":{"@id":"https:\/\/www.celttv.com.ar\/index.php\/2022\/06\/09\/sergio-martinez-y-el-camino-de-automoto-en-la-liga-regional-de-futbol-video\/"},"wordCount":143,"publisher":{"@id":"https:\/\/www.celttv.com.ar\/#organization"},"articleSection":["Celt TV Noticias","Deporte","Deportes","Destacadas","Magazine Sport"],"inLanguage":"es"},{"@type":"WebPage","@id":"https:\/\/www.celttv.com.ar\/index.php\/2022\/06\/09\/sergio-martinez-y-el-camino-de-automoto-en-la-liga-regional-de-futbol-video\/","url":"https:\/\/www.celttv.com.ar\/index.php\/2022\/06\/09\/sergio-martinez-y-el-camino-de-automoto-en-la-liga-regional-de-futbol-video\/","name":"Sergio Mart\u00ednez y el camino de Automoto en la Liga Regional de F\u00fatbol (Video) - CELTTV","isPartOf":{"@id":"https:\/\/www.celttv.com.ar\/#website"},"datePublished":"2022-06-09T17:31:14+00:00","dateModified":"2022-06-09T17:31:14+00:00","description":"Sitio web de noticias de la localidad de Tornquist, provincia de Buenos Aires, Rep\u00fablica Argentina. Contenido propio originado por periodistas de CELTTV, el canal de TV local de la Cooperativa El\u00e9ctrica de Tornquist. Turismo, Pol\u00edtica, Sociedad, Deporte, Cultura y todo el contenido de inter\u00e9s general que la gente del pueblo y la regi\u00f3n debe conocer.","breadcrumb":{"@id":"https:\/\/www.celttv.com.ar\/index.php\/2022\/06\/09\/sergio-martinez-y-el-camino-de-automoto-en-la-liga-regional-de-futbol-video\/#breadcrumb"},"inLanguage":"es","potentialAction":[{"@type":"ReadAction","target":["https:\/\/www.celttv.com.ar\/index.php\/2022\/06\/09\/sergio-martinez-y-el-camino-de-automoto-en-la-liga-regional-de-futbol-video\/"]}]},{"@type":"BreadcrumbList","@id":"https:\/\/www.celttv.com.ar\/index.php\/2022\/06\/09\/sergio-martinez-y-el-camino-de-automoto-en-la-liga-regional-de-futbol-video\/#breadcrumb","itemListElement":[{"@type":"ListItem","position":1,"name":"Inicio","item":"https:\/\/www.celttv.com.ar\/"},{"@type":"ListItem","position":2,"name":"Sergio Mart\u00ednez y el camino de Automoto en la Liga Regional de F\u00fatbol (Video)"}]},{"@type":"WebSite","@id":"https:\/\/www.celttv.com.ar\/#website","url":"https:\/\/www.celttv.com.ar\/","name":"CELTTV","description":"Cooperativa El\u00e9ctrica de Tornquist","publisher":{"@id":"https:\/\/www.celttv.com.ar\/#organization"},"potentialAction":[{"@type":"SearchAction","target":{"@type":"EntryPoint","urlTemplate":"https:\/\/www.celttv.com.ar\/?s={search_term_string}"},"query-input":"required name=search_term_string"}],"inLanguage":"es"},{"@type":"Organization","@id":"https:\/\/www.celttv.com.ar\/#organization","name":"CELTTV","url":"https:\/\/www.celttv.com.ar\/","sameAs":["https:\/\/www.youtube.com\/channel\/UCz_oIt8Hig64Ub-EmcNPIhg","https:\/\/www.facebook.com\/celtTV\/"],"logo":{"@type":"ImageObject","inLanguage":"es","@id":"https:\/\/www.celttv.com.ar\/#\/schema\/logo\/image\/","url":"http:\/\/www.celttv.com.ar\/wp-content\/uploads\/2022\/08\/logo-1.png","contentUrl":"http:\/\/www.celttv.com.ar\/wp-content\/uploads\/2022\/08\/logo-1.png","width":461,"height":159,"caption":"CELTTV"},"image":{"@id":"https:\/\/www.celttv.com.ar\/#\/schema\/logo\/image\/"}},{"@type":"Person","@id":"https:\/\/www.celttv.com.ar\/#\/schema\/person\/6d99c072dba59953809c81446e9d0ace","name":"ulises","image":{"@type":"ImageObject","inLanguage":"es","@id":"https:\/\/www.celttv.com.ar\/#\/schema\/person\/image\/","url":"https:\/\/secure.gravatar.com\/avatar\/7f2c48bdc33b30088f941fb6082e555f2874c98e20cb159d7b92b50eadfce793?s=96&d=mm&r=g","contentUrl":"https:\/\/secure.gravatar.com\/avatar\/7f2c48bdc33b30088f941fb6082e555f2874c98e20cb159d7b92b50eadfce793?s=96&d=mm&r=g","caption":"ulises"},"sameAs":["http:\/\/www.celttv.com.ar"]}]}},"_links":{"self":[{"href":"https:\/\/www.celttv.com.ar\/index.php\/wp-json\/wp\/v2\/posts\/66798","targetHints":{"allow":["GET"]}}],"collection":[{"href":"https:\/\/www.celttv.com.ar\/index.php\/wp-json\/wp\/v2\/posts"}],"about":[{"href":"https:\/\/www.celttv.com.ar\/index.php\/wp-json\/wp\/v2\/types\/post"}],"author":[{"embeddable":true,"href":"https:\/\/www.celttv.com.ar\/index.php\/wp-json\/wp\/v2\/users\/1"}],"replies":[{"embeddable":true,"href":"https:\/\/www.celttv.com.ar\/index.php\/wp-json\/wp\/v2\/comments?post=66798"}],"version-history":[{"count":0,"href":"https:\/\/www.celttv.com.ar\/index.php\/wp-json\/wp\/v2\/posts\/66798\/revisions"}],"wp:featuredmedia":[{"embeddable":true,"href":"https:\/\/www.celttv.com.ar\/index.php\/wp-json\/wp\/v2\/media\/66800"}],"wp:attachment":[{"href":"https:\/\/www.celttv.com.ar\/index.php\/wp-json\/wp\/v2\/media?parent=66798"}],"wp:term":[{"taxonomy":"category","embeddable":true,"href":"https:\/\/www.celttv.com.ar\/index.php\/wp-json\/wp\/v2\/categories?post=66798"},{"taxonomy":"post_tag","embeddable":true,"href":"https:\/\/www.celttv.com.ar\/index.php\/wp-json\/wp\/v2\/tags?post=66798"}],"curies":[{"name":"wp","href":"https:\/\/api.w.org\/{rel}","templated":true}]}}