{"id":6684,"date":"2012-05-23T22:58:42","date_gmt":"2012-05-23T22:58:42","guid":{"rendered":"http:\/\/www.tvcnoticias.com.ar\/?p=6684"},"modified":"2012-05-23T22:58:42","modified_gmt":"2012-05-23T22:58:42","slug":"se-realizo-un-encuentro-de-taekwondo-en-el-gimnasio-municipal-video-y-fotos","status":"publish","type":"post","link":"https:\/\/www.celttv.com.ar\/index.php\/2012\/05\/23\/se-realizo-un-encuentro-de-taekwondo-en-el-gimnasio-municipal-video-y-fotos\/","title":{"rendered":"SE REALIZO UN ENCUENTRO DE TAEKWONDO EN EL GIMNASIO MUNICIPAL (video y fotos)"},"content":{"rendered":"<p><a href=\"http:\/\/www.youtube.com\/watch?v=8DWO5_zw-ds\">httpv:\/\/www.youtube.com\/watch?v=8DWO5_zw-ds<\/a><br \/>\n<strong><span style=\"text-decoration: underline;\"><span style=\"font-size: medium;\">\u00a0<\/span><\/span><\/strong><br \/>\n<br \/>\n<strong><span style=\"text-decoration: underline;\"><span style=\"font-size: small;\">\u00a0<\/span><\/span><\/strong><br \/>\nEl domingo 20 de mayo de 2012 se llev\u00f3 a cabo el Torneo de Artes Marciales &#8220;Copa Tornquist&#8221; organizado por la filial local de la Asociaci\u00f3n de Taekwon-Do &#8220;Las Sierras P.S.T.&#8221; &#8211; APAT &#8211; ITF con el auspicio de la Direcci\u00f3n de Deportes de la Municipalidad de Tornquist y una importante cantidad de comercios locales. En esta oportunidad tuvimos el enorme privilegio de contar con la presencia del Sabunim (Instructor Mayor) VI DAN Ricardo Rieiro, una de las figuras m\u00e1s relevantes del Taekwon-Do argentino, reconocido nacional e internacionalmente, Campe\u00f3n Mundial de Taekwon-Do ITF y Director de la Asociaci\u00f3n de Practicantes Argentinos de Taekwon-Do (APAT).<\/p>\n<div>El mismo tuvo lugar en las instalaciones del Gimnasio Municipal &#8220;Eva Per\u00f3n&#8221;, dando comienzo a las 10:00 hs y culminando a las 18:00 hs. Participaron unos 70 competidores de las siguientes Escuelas: Instituto Superior de Taekwon-Do Bah\u00eda Blanca (Sabunim Gustavo Munaf\u00f3), Esc. de Taekwon-Do Siglo XXI Tres Arroyos (Sabunim H\u00e9ctor M. Cepeda), Asoc. de Taekwon-Do &#8220;Las Sierras P.S.T.&#8221; Filial Pigue (Sabunim Rub\u00e9n Bravo), Asoc. de Taekwon-Do &#8220;Las Sierras P.S.T.&#8221; Filial Saavedra (Bo Sabunim Sebasti\u00e1n Bravo) y como anfitriones del evento la Asoc. de Taekwon-Do &#8220;Las Sierras P.S.T.&#8221; Filial Tornquist.<\/div>\n<div><strong><span style=\"text-decoration: underline;\"><span style=\"font-size: medium;\">RESULTADOS DEL TORNEO<\/span><\/span><\/strong><\/div>\n<div><span style=\"font-size: medium;\"><br \/>\n<\/span><\/div>\n<div><strong><span style=\"text-decoration: underline;\"><span style=\"font-size: medium;\">FORMAS<\/span><\/span><\/strong><\/div>\n<div>\n<div>\n<div>\n<div>\n<div>\n<div>\n<div>\n<div><strong>KYU A (10\u00ba y 9\u00ba GUP) INFANTILES &#8211; MIXTOS<\/strong><\/div>\n<\/div>\n<\/div>\n<div>\n<div>1\u00ba &#8211; OSER, Ger\u00f3nimo<\/div>\n<div>2\u00ba &#8211; DONNAI, Ivo<\/div>\n<div>3\u00ba &#8211; HERRADOR, Ger\u00f3nimo<\/div>\n<\/div>\n<\/div>\n<\/div>\n<\/div>\n<\/div>\n<div><strong>KYU A INFANTILES &#8211; MIXTOS<\/strong><br \/>\n1\u00ba &#8211; TEBES, Nicol\u00e1s<br \/>\n2\u00ba &#8211; PAIKEN, Herrera<\/div>\n<div>3\u00ba &#8211; CUNEO, Francis<\/div>\n<\/div>\n<div><strong><br \/>\n<\/strong><\/div>\n<div>\n<div>\n<div>\n<div>\n<div>\n<div><strong>\u00a0<\/strong><strong>KYU A (10\u00ba y 9\u00ba GUP) CADETES <\/strong><strong>&#8211; MIXTOS<\/strong><\/div>\n<\/div>\n<\/div>\n<div>\n<div>1\u00ba &#8211; ARCE, Mauricio<\/div>\n<div>2\u00ba &#8211; CAREAGA, Gualdina<\/div>\n<div>3\u00ba &#8211; HERNANDEZ,Santiago<\/div>\n<\/div>\n<\/div>\n<\/div>\n<\/div>\n<div>\n<div>\n<div>\n<div>\n<div><strong>KYU A CADETES &#8211; MIXTOS<\/strong><\/div>\n<\/div>\n<\/div>\n<div>\n<div>1\u00ba &#8211; TOPA KLOSTER, Luc\u00eda<\/div>\n<div>2\u00ba &#8211; ACOSTA, Gino<\/div>\n<div>3\u00ba &#8211; CUNEO BRAVO, Carolina<\/div>\n<\/div>\n<\/div>\n<\/div>\n<div>\n<div>\n<div>\n<div><strong>KYU B CADETES &#8211; MASC.<\/strong><\/div>\n<\/div>\n<\/div>\n<div>\n<div>1\u00ba &#8211; BRAVO, Brandon<\/div>\n<div>2\u00ba &#8211; JAIME, Jerem\u00edas<\/div>\n<div>3\u00ba &#8211; VAZQUEZ, Juan<\/div>\n<\/div>\n<\/div>\n<div>\n<div>\n<div>\n<div>\n<div><strong>KYU A JUVENILES &#8211; MIXTOS<\/strong><\/div>\n<\/div>\n<\/div>\n<div>\n<div>1\u00ba &#8211; DORRE, Florencia\u00a0<\/div>\n<div>2\u00ba &#8211; PINCHEIRA, Lucas<\/div>\n<div>3\u00ba &#8211;\u00a0PINCHEIRA, Nicol\u00e1s<\/div>\n<\/div>\n<\/div>\n<div>\n<div>\n<div>\n<div>\n<div>\n<div>\n<div>\n<div>\n<div><strong>KYU B JUVENILES &#8211; MASC.<\/strong><\/div>\n<\/div>\n<\/div>\n<div>\n<div>1\u00ba &#8211; ALMADA, Michel<\/div>\n<div>2\u00ba &#8211; MAYOL, Juan<\/div>\n<\/div>\n<\/div>\n<\/div>\n<\/div>\n<\/div>\n<\/div>\n<\/div>\n<\/div>\n<div>\n<div>\n<div>\n<div>\n<div>\n<div>\n<div>\n<div>\n<div><strong>KYU A ADULTOS \/ SENIORS &#8211; MASC.<\/strong><\/div>\n<\/div>\n<\/div>\n<\/div>\n<\/div>\n<\/div>\n<div>\n<div>1\u00ba &#8211;\u00a0SILVERA, Juan<\/div>\n<div>2\u00ba &#8211; TOMALINO, Osvaldo<\/div>\n<div>3\u00ba &#8211;\u00a0CONTE, Juan<\/div>\n<\/div>\n<\/div>\n<\/div>\n<\/div>\n<div>\n<div>\n<div>\n<div>\n<div><strong>KYU B ADULTOS &#8211; MASC.<\/strong><\/div>\n<\/div>\n<\/div>\n<div>\n<div>1\u00ba &#8211;\u00a0FAZIO, Claudio<\/div>\n<div>2\u00ba &#8211; HOFMAN, Ronaldo<\/div>\n<div>3\u00ba &#8211; DE LA IGLESIA, Facundo<\/div>\n<\/div>\n<\/div>\n<\/div>\n<div>\n<div>\n<div>\n<div><strong>KYU B SENIORS &#8211; MASC.<\/strong><\/div>\n<\/div>\n<\/div>\n<div>\n<div>1\u00ba &#8211; JAIME, Daniel<\/div>\n<div>2\u00ba &#8211;\u00a0AMESTOY, Juan C.<\/div>\n<div>3\u00ba &#8211;\u00a0GALEANO, Federico<\/div>\n<\/div>\n<\/div>\n<div><span style=\"font-size: medium;\"><br \/>\n<\/span><\/div>\n<div><strong><span style=\"text-decoration: underline;\"><span style=\"font-size: medium;\">COMBATE<\/span><\/span><\/strong><\/div>\n<div><strong>KYU A (10\u00ba y 9\u00ba GUP) INFANTILES &#8211; MASC. &#8211; LIVIANOS<\/strong><\/p>\n<div>\n<div>1\u00ba &#8211; FERNANDEZ, Alejandro<\/div>\n<div>2\u00ba &#8211; CABALCAGARAY, Tiago<\/div>\n<div>3\u00ba &#8211; LOPEZ, Mirco<\/div>\n<\/div>\n<\/div>\n<div>\n<div><strong>KYU A (10\u00ba y 9\u00ba GUP) INFANTILES &#8211; MASC. &#8211; MEDIANOS<\/strong><\/p>\n<div>\n<div>1\u00ba &#8211; AVILA, Tob\u00edas<\/div>\n<div>2\u00ba &#8211; OSEIZ, Ger\u00f3nimo<\/div>\n<div>3\u00ba &#8211; HERRADOR, Jer\u00f3nimo<\/div>\n<\/div>\n<\/div>\n<div><strong>KYU A (10\u00ba y 9\u00ba GUP) INFANTILES &#8211; MASC. &#8211; PESADOS<\/strong><br \/>\n1\u00ba &#8211; GARCIA, Lautaro<br \/>\n2\u00ba &#8211; DONNAI, Ivo<\/div>\n<div>\n<div>\n<div>\n<div><strong>KYU A INFANTILES &#8211; FEM.<\/strong><br \/>\n1\u00ba &#8211; CUNEO, Francis<br \/>\n2\u00ba &#8211; ALMADA, Luc\u00eda<\/div>\n<\/div>\n<\/div>\n<\/div>\n<div><strong>KYU A INFANTILES &#8211; MASC. &#8211; LIVIANOS<\/strong><br \/>\n1\u00ba &#8211; TEBES, Nicol\u00e1s<br \/>\n2\u00ba &#8211; FAUSTO, Lucho<\/div>\n<div>3\u00ba &#8211; SERAN, Braian<\/div>\n<div>\n<div><strong>KYU A INFANTILES &#8211; MASC. &#8211; PESADOS<\/strong><\/div>\n<\/div>\n<\/div>\n<div>\n<div>\n<div>\n<div>\n<div>\n<div>\n<div>\n<div>\n<div>\n<div>\n<div>\n<div>\n<div>\n<div>1\u00ba &#8211; PAIKEN, Herrera<\/div>\n<div>2\u00ba &#8211; NU\u00d1EZ, Joaqu\u00edn<\/div>\n<\/div>\n<\/div>\n<div><strong>KYU A (10\u00ba y 9\u00ba GUP) CADETES &#8211; MASC. &#8211; LIVIANOS<\/strong><\/div>\n<\/div>\n<\/div>\n<\/div>\n<\/div>\n<\/div>\n<div>\n<div>1\u00ba &#8211; HERNANDEZ, Santiago<\/div>\n<div>2\u00ba &#8211; MORALES, Sebasti\u00e1n<\/div>\n<div>3\u00ba &#8211; BALMACEDA, Tamara<\/div>\n<\/div>\n<\/div>\n<\/div>\n<\/div>\n<\/div>\n<\/div>\n<\/div>\n<div>\n<div>\n<div>\n<div>\n<div>\n<div>\n<div>\n<div>\n<div>\n<div>\n<div>KYU A (10\u00ba y 9\u00ba GUP) CADETES &#8211; MIXTOS &#8211; MEDIANOS<\/div>\n<\/div>\n<\/div>\n<\/div>\n<\/div>\n<\/div>\n<div>\n<div>1\u00ba &#8211; BORDONI, Lautaro<\/div>\n<div>2\u00ba &#8211; CAREAGA, Gualdina<\/div>\n<div>3\u00ba &#8211; URRIAGA, Nahuel<\/div>\n<\/div>\n<\/div>\n<\/div>\n<\/div>\n<\/div>\n<\/div>\n<div>\n<div>\n<div>\n<div>\n<div>\n<div>\n<div>\n<div>\n<div>\n<div><strong>KYU A (10\u00ba y 9\u00ba GUP) CADETES &#8211; MASC. &#8211; PESADOS<\/strong><\/div>\n<\/div>\n<\/div>\n<\/div>\n<\/div>\n<\/div>\n<div>\n<div>1\u00ba &#8211; ARCE, Mat\u00edas<\/div>\n<div>2\u00ba &#8211; GALINDO, Juan<\/div>\n<div>3\u00ba &#8211; SOSA, Mat\u00edas<\/div>\n<\/div>\n<\/div>\n<\/div>\n<\/div>\n<\/div>\n<div>\n<div>\n<div>\n<div>\n<div>\n<div>\n<div>\n<div>\n<div><strong>KYU A CADETES &#8211; FEM.<\/strong><\/div>\n<\/div>\n<\/div>\n<\/div>\n<\/div>\n<\/div>\n<div>\n<div>1\u00ba &#8211; RODRIGUEZ, Ang\u00e9lica<\/div>\n<div>2\u00ba &#8211; TOMALINO, Jaqueline<\/div>\n<div>3\u00ba &#8211; TOPA KLOSTER, Luc\u00eda<\/div>\n<\/div>\n<\/div>\n<\/div>\n<\/div>\n<div>\n<div>\n<div>\n<div>\n<div>\n<div>\n<div>\n<div><strong>KYU A CADETES &#8211; MASC. &#8211; LIVIANOS<\/strong><\/div>\n<\/div>\n<\/div>\n<\/div>\n<\/div>\n<\/div>\n<div>\n<div>1\u00ba &#8211; FERNANDEZ, Alan<\/div>\n<div>2\u00ba &#8211; CEPEDA, Juan<\/div>\n<div>3\u00ba &#8211; MONSALVE, Jer\u00f3nimo<\/div>\n<\/div>\n<\/div>\n<\/div>\n<div>\n<div>\n<div>\n<div>\n<div>\n<div>\n<div><strong>KYU A CADETES &#8211; MASC. &#8211; PESADOS<\/strong><\/div>\n<\/div>\n<\/div>\n<\/div>\n<\/div>\n<\/div>\n<div>\n<div>1\u00ba &#8211; STEIMBACH, Tom\u00e1s<\/div>\n<div>2\u00ba &#8211; GRAF, Juan<\/div>\n<\/div>\n<\/div>\n<div>\n<div>\n<div>\n<div><strong>KYU B CADETES &#8211; MASC. &#8211; LIVIANOS<\/strong><\/div>\n<\/div>\n<\/div>\n<div>\n<div>1\u00ba &#8211; BRAVO, Brandon<\/div>\n<div>2\u00ba &#8211; JAIME, Jerem\u00edas<\/div>\n<\/div>\n<\/div>\n<div>\n<div>\n<div>\n<div>\n<div>\n<div>\n<div>\n<div><strong>KYU B CADETES &#8211; MASC. &#8211; MEDIANOS<\/strong><\/div>\n<\/div>\n<\/div>\n<div>\n<div>1\u00ba &#8211; VAZQUEZ, Juan<\/div>\n<div>2\u00ba &#8211; PEREZ, Alejo<\/div>\n<div><strong>KYU B CADETES &#8211; MASC. &#8211; PESADOS<\/strong><\/div>\n<\/div>\n<\/div>\n<\/div>\n<\/div>\n<\/div>\n<div>\n<div>1\u00ba &#8211; MAYOL, Jaimes<\/div>\n<div>2\u00ba &#8211; GONZALEZ, Tobias<\/div>\n<div>3\u00ba &#8211; MARTARELLI, Lucas<\/div>\n<\/div>\n<\/div>\n<div>\n<div>\n<div>\n<div><strong>KYU A JUVENILES &#8211; MASC.<\/strong><\/div>\n<\/div>\n<\/div>\n<div>\n<div>1\u00ba &#8211; PINCHEIRA, Nicol\u00e1s<\/div>\n<div>2\u00ba &#8211; PINCHEIRA, Lucas<\/div>\n<\/div>\n<\/div>\n<div>\n<div>\n<div>\n<div>\n<div>\n<div>\n<div>\n<div>\n<div><strong>KYU B JUVENILES &#8211; MASC.<\/strong><\/div>\n<\/div>\n<\/div>\n<div>\n<div>1\u00ba &#8211; ALMADA, Michel<\/div>\n<div>2\u00ba &#8211; MAYOL, Juan<\/div>\n<div><strong>KYU A ADULTOS &#8211; MASC.<\/strong><\/div>\n<\/div>\n<\/div>\n<\/div>\n<\/div>\n<\/div>\n<div>\n<div>1\u00ba &#8211; RUEDA, Mauro<\/div>\n<div>2\u00ba &#8211; SILVERA, Juan<\/div>\n<div>3\u00ba &#8211; CONTE, Juan<\/div>\n<\/div>\n<\/div>\n<\/div>\n<div>\n<div>\n<div>\n<div><strong>KYU B ADULTOS &#8211; MASC.<\/strong><\/div>\n<\/div>\n<\/div>\n<div>\n<div>1\u00ba &#8211; DE LA IGLESIA, Facundo<\/div>\n<div>2\u00ba &#8211; HOFMAN, Ronaldo<\/div>\n<div>3\u00ba &#8211; FAZIO, Claudio<\/div>\n<\/div>\n<\/div>\n<div>\n<div><strong>KYU A SENIORS &#8211; MASC.<\/strong><\/div>\n<div>\n<div>1\u00ba &#8211; TOMALINO, Osvaldo<\/div>\n<div>2\u00ba &#8211; DIEL, Dario<\/div>\n<div><strong>KYU B SENIORS &#8211; MASC.<\/strong><\/div>\n<\/div>\n<\/div>\n<div>\n<div>1\u00ba &#8211; AMESTOY, Juan C.<\/div>\n<div>2\u00ba &#8211; GALEANO, Federico<\/div>\n<div>3\u00ba &#8211; QUINTULICAN, Fabi\u00e1n<\/div>\n<\/div>\n<div><strong>DANES ADULTOS &#8211; MASC.<\/strong><\/div>\n<div>1\u00ba &#8211; CEPEDA, Mario\u00a0<\/div>\n<div>2\u00ba &#8211; BRAVO, Sebasti\u00e1n<\/div>\n<div>3\u00ba &#8211; ROLANDO, Sebasti\u00e1n<\/div>\n<div>Como cierre del evento, se entreg\u00f3 la &#8220;Copa Tornquist&#8221; por Escuela, obteniendo el primer puesto la Asoc. de Taekwon-Do &#8220;Las Sierras P.S.T.&#8221; Filial Pigue (Sabunim Rub\u00e9n Bravo), el segundo puesto Asoc. de Taekwon-Do &#8220;Las Sierras P.S.T.&#8221; Filial Saavedra (Bo Sabunim Sebasti\u00e1n Bravo) y el tercer puesto el Instituto Superior de Taekwon-Do Bah\u00eda Blanca (Sabunim Gustavo Munaf\u00f3). La filial local, por oficiar de anfitriones, no particip\u00f3 del score por la Copa por Escuela.<\/div>\n<div>Los integrantes de filial Tornquist aprovechamos la ocasi\u00f3n para agradecer a aquellos que con su presencia y\/o colaboraci\u00f3n hicieron posible la realizaci\u00f3n de este evento: al Sabunim Ricardo Rieiro; a las distintas Escuelas participantes &#8211; Instructores, Competidores y sus familias &#8211; ; a la Direcci\u00f3n de Deportes de la Municipalidad de Tornquist en la persona del Prof. Jorge Schmidt; a los todos los comercios auspiciantes; a las familias de los practicantes locales -y a nuestras familias- que trabajaron incansablemente antes, durante y despu\u00e9s del evento; a los medios de comunicaci\u00f3n locales que como hacen habitualmente nos ayudan a promover esta fascinante disciplina as\u00ed como a todas las entidades, comercios y particulares que de una u otra forma hicieron su valioso aporte.<\/div>\n<div>Felicitamos a todos los competidores -m\u00e1s all\u00e1 de sus logros deportivos- por mantener vivos los principios del Taekwon-Do: <strong><em>CORTESIA, INTEGRIDAD,\u00a0 PERSEVERANCIA, AUTOCONTROL <\/em><\/strong>y<strong><em> ESPIRITU INDOMITO.<\/em><\/strong><\/div>\n","protected":false},"excerpt":{"rendered":"<p>httpv:\/\/www.youtube.com\/watch?v=8DWO5_zw-ds \u00a0 \u00a0 El domingo 20 de mayo de 2012 se llev\u00f3 a cabo el Torneo de Artes Marciales &#8220;Copa Tornquist&#8221; organizado por la filial local de la Asociaci\u00f3n de Taekwon-Do &#8220;Las Sierras P.S.T.&#8221; &#8211; APAT &#8211; ITF con el auspicio de la Direcci\u00f3n de Deportes de la Municipalidad de Tornquist y una importante cantidad [&hellip;]<\/p>\n","protected":false},"author":1,"featured_media":0,"comment_status":"closed","ping_status":"open","sticky":false,"template":"","format":"standard","meta":{"footnotes":""},"categories":[60,52,64],"tags":[],"class_list":["post-6684","post","type-post","status-publish","format-standard","hentry","category-deporte","category-destacadas","category-videos-destacados"],"yoast_head":"<!-- This site is optimized with the Yoast SEO plugin v19.7.1 - https:\/\/yoast.com\/wordpress\/plugins\/seo\/ -->\n<title>SE REALIZO UN ENCUENTRO DE TAEKWONDO EN EL GIMNASIO MUNICIPAL (video y fotos) - CELTTV<\/title>\n<meta name=\"description\" content=\"Sitio web de noticias de la localidad de Tornquist, provincia de Buenos Aires, Rep\u00fablica Argentina. Contenido propio originado por periodistas de CELTTV, el canal de TV local de la Cooperativa El\u00e9ctrica de Tornquist. Turismo, Pol\u00edtica, Sociedad, Deporte, Cultura y todo el contenido de inter\u00e9s general que la gente del pueblo y la regi\u00f3n debe conocer.\" \/>\n<meta name=\"robots\" content=\"index, follow, max-snippet:-1, max-image-preview:large, max-video-preview:-1\" \/>\n<link rel=\"canonical\" href=\"https:\/\/www.celttv.com.ar\/index.php\/2012\/05\/23\/se-realizo-un-encuentro-de-taekwondo-en-el-gimnasio-municipal-video-y-fotos\/\" \/>\n<meta property=\"og:locale\" content=\"es_ES\" \/>\n<meta property=\"og:type\" content=\"article\" \/>\n<meta property=\"og:title\" content=\"SE REALIZO UN ENCUENTRO DE TAEKWONDO EN EL GIMNASIO MUNICIPAL (video y fotos) - CELTTV\" \/>\n<meta property=\"og:description\" content=\"Sitio web de noticias de la localidad de Tornquist, provincia de Buenos Aires, Rep\u00fablica Argentina. Contenido propio originado por periodistas de CELTTV, el canal de TV local de la Cooperativa El\u00e9ctrica de Tornquist. Turismo, Pol\u00edtica, Sociedad, Deporte, Cultura y todo el contenido de inter\u00e9s general que la gente del pueblo y la regi\u00f3n debe conocer.\" \/>\n<meta property=\"og:url\" content=\"https:\/\/www.celttv.com.ar\/index.php\/2012\/05\/23\/se-realizo-un-encuentro-de-taekwondo-en-el-gimnasio-municipal-video-y-fotos\/\" \/>\n<meta property=\"og:site_name\" content=\"CELTTV\" \/>\n<meta property=\"article:publisher\" content=\"https:\/\/www.facebook.com\/celtTV\/\" \/>\n<meta property=\"article:published_time\" content=\"2012-05-23T22:58:42+00:00\" \/>\n<meta name=\"author\" content=\"ulises\" \/>\n<meta name=\"twitter:card\" content=\"summary_large_image\" \/>\n<meta name=\"twitter:label1\" content=\"Escrito por\" \/>\n\t<meta name=\"twitter:data1\" content=\"ulises\" \/>\n\t<meta name=\"twitter:label2\" content=\"Tiempo de lectura\" \/>\n\t<meta name=\"twitter:data2\" content=\"5 minutos\" \/>\n<script type=\"application\/ld+json\" class=\"yoast-schema-graph\">{\"@context\":\"https:\/\/schema.org\",\"@graph\":[{\"@type\":\"NewsArticle\",\"@id\":\"https:\/\/www.celttv.com.ar\/index.php\/2012\/05\/23\/se-realizo-un-encuentro-de-taekwondo-en-el-gimnasio-municipal-video-y-fotos\/#article\",\"isPartOf\":{\"@id\":\"https:\/\/www.celttv.com.ar\/index.php\/2012\/05\/23\/se-realizo-un-encuentro-de-taekwondo-en-el-gimnasio-municipal-video-y-fotos\/\"},\"author\":{\"name\":\"ulises\",\"@id\":\"https:\/\/www.celttv.com.ar\/#\/schema\/person\/6d99c072dba59953809c81446e9d0ace\"},\"headline\":\"SE REALIZO UN ENCUENTRO DE TAEKWONDO EN EL GIMNASIO MUNICIPAL (video y fotos)\",\"datePublished\":\"2012-05-23T22:58:42+00:00\",\"dateModified\":\"2012-05-23T22:58:42+00:00\",\"mainEntityOfPage\":{\"@id\":\"https:\/\/www.celttv.com.ar\/index.php\/2012\/05\/23\/se-realizo-un-encuentro-de-taekwondo-en-el-gimnasio-municipal-video-y-fotos\/\"},\"wordCount\":962,\"publisher\":{\"@id\":\"https:\/\/www.celttv.com.ar\/#organization\"},\"articleSection\":[\"Deporte\",\"Destacadas\",\"Videos Destacados\"],\"inLanguage\":\"es\"},{\"@type\":\"WebPage\",\"@id\":\"https:\/\/www.celttv.com.ar\/index.php\/2012\/05\/23\/se-realizo-un-encuentro-de-taekwondo-en-el-gimnasio-municipal-video-y-fotos\/\",\"url\":\"https:\/\/www.celttv.com.ar\/index.php\/2012\/05\/23\/se-realizo-un-encuentro-de-taekwondo-en-el-gimnasio-municipal-video-y-fotos\/\",\"name\":\"SE REALIZO UN ENCUENTRO DE TAEKWONDO EN EL GIMNASIO MUNICIPAL (video y fotos) - CELTTV\",\"isPartOf\":{\"@id\":\"https:\/\/www.celttv.com.ar\/#website\"},\"datePublished\":\"2012-05-23T22:58:42+00:00\",\"dateModified\":\"2012-05-23T22:58:42+00:00\",\"description\":\"Sitio web de noticias de la localidad de Tornquist, provincia de Buenos Aires, Rep\u00fablica Argentina. Contenido propio originado por periodistas de CELTTV, el canal de TV local de la Cooperativa El\u00e9ctrica de Tornquist. Turismo, Pol\u00edtica, Sociedad, Deporte, Cultura y todo el contenido de inter\u00e9s general que la gente del pueblo y la regi\u00f3n debe conocer.\",\"breadcrumb\":{\"@id\":\"https:\/\/www.celttv.com.ar\/index.php\/2012\/05\/23\/se-realizo-un-encuentro-de-taekwondo-en-el-gimnasio-municipal-video-y-fotos\/#breadcrumb\"},\"inLanguage\":\"es\",\"potentialAction\":[{\"@type\":\"ReadAction\",\"target\":[\"https:\/\/www.celttv.com.ar\/index.php\/2012\/05\/23\/se-realizo-un-encuentro-de-taekwondo-en-el-gimnasio-municipal-video-y-fotos\/\"]}]},{\"@type\":\"BreadcrumbList\",\"@id\":\"https:\/\/www.celttv.com.ar\/index.php\/2012\/05\/23\/se-realizo-un-encuentro-de-taekwondo-en-el-gimnasio-municipal-video-y-fotos\/#breadcrumb\",\"itemListElement\":[{\"@type\":\"ListItem\",\"position\":1,\"name\":\"Inicio\",\"item\":\"https:\/\/www.celttv.com.ar\/\"},{\"@type\":\"ListItem\",\"position\":2,\"name\":\"SE REALIZO UN ENCUENTRO DE TAEKWONDO EN EL GIMNASIO MUNICIPAL (video y fotos)\"}]},{\"@type\":\"WebSite\",\"@id\":\"https:\/\/www.celttv.com.ar\/#website\",\"url\":\"https:\/\/www.celttv.com.ar\/\",\"name\":\"CELTTV\",\"description\":\"Cooperativa El\u00e9ctrica de Tornquist\",\"publisher\":{\"@id\":\"https:\/\/www.celttv.com.ar\/#organization\"},\"potentialAction\":[{\"@type\":\"SearchAction\",\"target\":{\"@type\":\"EntryPoint\",\"urlTemplate\":\"https:\/\/www.celttv.com.ar\/?s={search_term_string}\"},\"query-input\":\"required name=search_term_string\"}],\"inLanguage\":\"es\"},{\"@type\":\"Organization\",\"@id\":\"https:\/\/www.celttv.com.ar\/#organization\",\"name\":\"CELTTV\",\"url\":\"https:\/\/www.celttv.com.ar\/\",\"sameAs\":[\"https:\/\/www.youtube.com\/channel\/UCz_oIt8Hig64Ub-EmcNPIhg\",\"https:\/\/www.facebook.com\/celtTV\/\"],\"logo\":{\"@type\":\"ImageObject\",\"inLanguage\":\"es\",\"@id\":\"https:\/\/www.celttv.com.ar\/#\/schema\/logo\/image\/\",\"url\":\"http:\/\/www.celttv.com.ar\/wp-content\/uploads\/2022\/08\/logo-1.png\",\"contentUrl\":\"http:\/\/www.celttv.com.ar\/wp-content\/uploads\/2022\/08\/logo-1.png\",\"width\":461,\"height\":159,\"caption\":\"CELTTV\"},\"image\":{\"@id\":\"https:\/\/www.celttv.com.ar\/#\/schema\/logo\/image\/\"}},{\"@type\":\"Person\",\"@id\":\"https:\/\/www.celttv.com.ar\/#\/schema\/person\/6d99c072dba59953809c81446e9d0ace\",\"name\":\"ulises\",\"image\":{\"@type\":\"ImageObject\",\"inLanguage\":\"es\",\"@id\":\"https:\/\/www.celttv.com.ar\/#\/schema\/person\/image\/\",\"url\":\"https:\/\/secure.gravatar.com\/avatar\/7f2c48bdc33b30088f941fb6082e555f2874c98e20cb159d7b92b50eadfce793?s=96&d=mm&r=g\",\"contentUrl\":\"https:\/\/secure.gravatar.com\/avatar\/7f2c48bdc33b30088f941fb6082e555f2874c98e20cb159d7b92b50eadfce793?s=96&d=mm&r=g\",\"caption\":\"ulises\"},\"sameAs\":[\"http:\/\/www.celttv.com.ar\"]}]}<\/script>\n<!-- \/ Yoast SEO plugin. -->","yoast_head_json":{"title":"SE REALIZO UN ENCUENTRO DE TAEKWONDO EN EL GIMNASIO MUNICIPAL (video y fotos) - CELTTV","description":"Sitio web de noticias de la localidad de Tornquist, provincia de Buenos Aires, Rep\u00fablica Argentina. Contenido propio originado por periodistas de CELTTV, el canal de TV local de la Cooperativa El\u00e9ctrica de Tornquist. Turismo, Pol\u00edtica, Sociedad, Deporte, Cultura y todo el contenido de inter\u00e9s general que la gente del pueblo y la regi\u00f3n debe conocer.","robots":{"index":"index","follow":"follow","max-snippet":"max-snippet:-1","max-image-preview":"max-image-preview:large","max-video-preview":"max-video-preview:-1"},"canonical":"https:\/\/www.celttv.com.ar\/index.php\/2012\/05\/23\/se-realizo-un-encuentro-de-taekwondo-en-el-gimnasio-municipal-video-y-fotos\/","og_locale":"es_ES","og_type":"article","og_title":"SE REALIZO UN ENCUENTRO DE TAEKWONDO EN EL GIMNASIO MUNICIPAL (video y fotos) - CELTTV","og_description":"Sitio web de noticias de la localidad de Tornquist, provincia de Buenos Aires, Rep\u00fablica Argentina. Contenido propio originado por periodistas de CELTTV, el canal de TV local de la Cooperativa El\u00e9ctrica de Tornquist. Turismo, Pol\u00edtica, Sociedad, Deporte, Cultura y todo el contenido de inter\u00e9s general que la gente del pueblo y la regi\u00f3n debe conocer.","og_url":"https:\/\/www.celttv.com.ar\/index.php\/2012\/05\/23\/se-realizo-un-encuentro-de-taekwondo-en-el-gimnasio-municipal-video-y-fotos\/","og_site_name":"CELTTV","article_publisher":"https:\/\/www.facebook.com\/celtTV\/","article_published_time":"2012-05-23T22:58:42+00:00","author":"ulises","twitter_card":"summary_large_image","twitter_misc":{"Escrito por":"ulises","Tiempo de lectura":"5 minutos"},"schema":{"@context":"https:\/\/schema.org","@graph":[{"@type":"NewsArticle","@id":"https:\/\/www.celttv.com.ar\/index.php\/2012\/05\/23\/se-realizo-un-encuentro-de-taekwondo-en-el-gimnasio-municipal-video-y-fotos\/#article","isPartOf":{"@id":"https:\/\/www.celttv.com.ar\/index.php\/2012\/05\/23\/se-realizo-un-encuentro-de-taekwondo-en-el-gimnasio-municipal-video-y-fotos\/"},"author":{"name":"ulises","@id":"https:\/\/www.celttv.com.ar\/#\/schema\/person\/6d99c072dba59953809c81446e9d0ace"},"headline":"SE REALIZO UN ENCUENTRO DE TAEKWONDO EN EL GIMNASIO MUNICIPAL (video y fotos)","datePublished":"2012-05-23T22:58:42+00:00","dateModified":"2012-05-23T22:58:42+00:00","mainEntityOfPage":{"@id":"https:\/\/www.celttv.com.ar\/index.php\/2012\/05\/23\/se-realizo-un-encuentro-de-taekwondo-en-el-gimnasio-municipal-video-y-fotos\/"},"wordCount":962,"publisher":{"@id":"https:\/\/www.celttv.com.ar\/#organization"},"articleSection":["Deporte","Destacadas","Videos Destacados"],"inLanguage":"es"},{"@type":"WebPage","@id":"https:\/\/www.celttv.com.ar\/index.php\/2012\/05\/23\/se-realizo-un-encuentro-de-taekwondo-en-el-gimnasio-municipal-video-y-fotos\/","url":"https:\/\/www.celttv.com.ar\/index.php\/2012\/05\/23\/se-realizo-un-encuentro-de-taekwondo-en-el-gimnasio-municipal-video-y-fotos\/","name":"SE REALIZO UN ENCUENTRO DE TAEKWONDO EN EL GIMNASIO MUNICIPAL (video y fotos) - CELTTV","isPartOf":{"@id":"https:\/\/www.celttv.com.ar\/#website"},"datePublished":"2012-05-23T22:58:42+00:00","dateModified":"2012-05-23T22:58:42+00:00","description":"Sitio web de noticias de la localidad de Tornquist, provincia de Buenos Aires, Rep\u00fablica Argentina. Contenido propio originado por periodistas de CELTTV, el canal de TV local de la Cooperativa El\u00e9ctrica de Tornquist. Turismo, Pol\u00edtica, Sociedad, Deporte, Cultura y todo el contenido de inter\u00e9s general que la gente del pueblo y la regi\u00f3n debe conocer.","breadcrumb":{"@id":"https:\/\/www.celttv.com.ar\/index.php\/2012\/05\/23\/se-realizo-un-encuentro-de-taekwondo-en-el-gimnasio-municipal-video-y-fotos\/#breadcrumb"},"inLanguage":"es","potentialAction":[{"@type":"ReadAction","target":["https:\/\/www.celttv.com.ar\/index.php\/2012\/05\/23\/se-realizo-un-encuentro-de-taekwondo-en-el-gimnasio-municipal-video-y-fotos\/"]}]},{"@type":"BreadcrumbList","@id":"https:\/\/www.celttv.com.ar\/index.php\/2012\/05\/23\/se-realizo-un-encuentro-de-taekwondo-en-el-gimnasio-municipal-video-y-fotos\/#breadcrumb","itemListElement":[{"@type":"ListItem","position":1,"name":"Inicio","item":"https:\/\/www.celttv.com.ar\/"},{"@type":"ListItem","position":2,"name":"SE REALIZO UN ENCUENTRO DE TAEKWONDO EN EL GIMNASIO MUNICIPAL (video y fotos)"}]},{"@type":"WebSite","@id":"https:\/\/www.celttv.com.ar\/#website","url":"https:\/\/www.celttv.com.ar\/","name":"CELTTV","description":"Cooperativa El\u00e9ctrica de Tornquist","publisher":{"@id":"https:\/\/www.celttv.com.ar\/#organization"},"potentialAction":[{"@type":"SearchAction","target":{"@type":"EntryPoint","urlTemplate":"https:\/\/www.celttv.com.ar\/?s={search_term_string}"},"query-input":"required name=search_term_string"}],"inLanguage":"es"},{"@type":"Organization","@id":"https:\/\/www.celttv.com.ar\/#organization","name":"CELTTV","url":"https:\/\/www.celttv.com.ar\/","sameAs":["https:\/\/www.youtube.com\/channel\/UCz_oIt8Hig64Ub-EmcNPIhg","https:\/\/www.facebook.com\/celtTV\/"],"logo":{"@type":"ImageObject","inLanguage":"es","@id":"https:\/\/www.celttv.com.ar\/#\/schema\/logo\/image\/","url":"http:\/\/www.celttv.com.ar\/wp-content\/uploads\/2022\/08\/logo-1.png","contentUrl":"http:\/\/www.celttv.com.ar\/wp-content\/uploads\/2022\/08\/logo-1.png","width":461,"height":159,"caption":"CELTTV"},"image":{"@id":"https:\/\/www.celttv.com.ar\/#\/schema\/logo\/image\/"}},{"@type":"Person","@id":"https:\/\/www.celttv.com.ar\/#\/schema\/person\/6d99c072dba59953809c81446e9d0ace","name":"ulises","image":{"@type":"ImageObject","inLanguage":"es","@id":"https:\/\/www.celttv.com.ar\/#\/schema\/person\/image\/","url":"https:\/\/secure.gravatar.com\/avatar\/7f2c48bdc33b30088f941fb6082e555f2874c98e20cb159d7b92b50eadfce793?s=96&d=mm&r=g","contentUrl":"https:\/\/secure.gravatar.com\/avatar\/7f2c48bdc33b30088f941fb6082e555f2874c98e20cb159d7b92b50eadfce793?s=96&d=mm&r=g","caption":"ulises"},"sameAs":["http:\/\/www.celttv.com.ar"]}]}},"_links":{"self":[{"href":"https:\/\/www.celttv.com.ar\/index.php\/wp-json\/wp\/v2\/posts\/6684","targetHints":{"allow":["GET"]}}],"collection":[{"href":"https:\/\/www.celttv.com.ar\/index.php\/wp-json\/wp\/v2\/posts"}],"about":[{"href":"https:\/\/www.celttv.com.ar\/index.php\/wp-json\/wp\/v2\/types\/post"}],"author":[{"embeddable":true,"href":"https:\/\/www.celttv.com.ar\/index.php\/wp-json\/wp\/v2\/users\/1"}],"replies":[{"embeddable":true,"href":"https:\/\/www.celttv.com.ar\/index.php\/wp-json\/wp\/v2\/comments?post=6684"}],"version-history":[{"count":0,"href":"https:\/\/www.celttv.com.ar\/index.php\/wp-json\/wp\/v2\/posts\/6684\/revisions"}],"wp:attachment":[{"href":"https:\/\/www.celttv.com.ar\/index.php\/wp-json\/wp\/v2\/media?parent=6684"}],"wp:term":[{"taxonomy":"category","embeddable":true,"href":"https:\/\/www.celttv.com.ar\/index.php\/wp-json\/wp\/v2\/categories?post=6684"},{"taxonomy":"post_tag","embeddable":true,"href":"https:\/\/www.celttv.com.ar\/index.php\/wp-json\/wp\/v2\/tags?post=6684"}],"curies":[{"name":"wp","href":"https:\/\/api.w.org\/{rel}","templated":true}]}}