{"id":67163,"date":"2022-06-23T00:44:56","date_gmt":"2022-06-23T00:44:56","guid":{"rendered":"http:\/\/www.celttv.com.ar\/?p=67163"},"modified":"2022-06-23T00:44:56","modified_gmt":"2022-06-23T00:44:56","slug":"cayo-de-su-moto-y-fue-trasladado-al-hospital","status":"publish","type":"post","link":"https:\/\/www.celttv.com.ar\/index.php\/2022\/06\/23\/cayo-de-su-moto-y-fue-trasladado-al-hospital\/","title":{"rendered":"Cay\u00f3 de su moto y fue trasladado al hospital"},"content":{"rendered":"\n<h1 class=\"wp-block-heading\"><\/h1>\n\n\n<p>El hecho ocurri\u00f3 durante el atardecer de este mi\u00e9rcoles.<\/p>\n\n\n<p>En la intersecci\u00f3n de Ameghino, se produjo un accidente con un hombre que cay\u00f3 de su moto cuando transitaba por 25 de Mayo, sentido ascendente. El conductor de la moto habr\u00eda perdido el control del rodado cuando por la arteria de Ameghino circulaba un auto que fren\u00f3 en el lugar.<\/p>\n\n\n<p>En el veh\u00edculo un Peugeot 206 dominio HAI718 se movilizaba Jonatan Schulz (27) y en la &nbsp;moto Gilera Dom. 199IYW &nbsp;circulaba Julio Carrizo (50), ambos residentes en nuestro medio.<\/p>\n\n\n<p>Por precauci\u00f3n Carrizo fue trasladado al hospital , aunque no revest\u00eda gravedad.<\/p>\n\n\n<p>Info.: Marcelo Alga\u00f1araz &#8211; Noticias Tornquist<\/p>\n\n\n<figure class=\"wp-block-gallery columns-2 is-cropped wp-block-gallery-1 is-layout-flex wp-block-gallery-is-layout-flex\"><ul class=\"blocks-gallery-grid\"><li class=\"blocks-gallery-item\"><figure><img loading=\"lazy\" decoding=\"async\" width=\"1024\" height=\"461\" src=\"http:\/\/www.celttv.com.ar\/wp-content\/uploads\/2022\/06\/2236f6c07f5143a99bf788618a9dc38b.jpg_1600-1024x461.jpg\" alt=\"\" data-id=\"67164\" data-full-url=\"http:\/\/www.celttv.com.ar\/wp-content\/uploads\/2022\/06\/2236f6c07f5143a99bf788618a9dc38b.jpg_1600.jpg\" data-link=\"http:\/\/www.celttv.com.ar\/?attachment_id=67164\" class=\"wp-image-67164\" srcset=\"https:\/\/www.celttv.com.ar\/wp-content\/uploads\/2022\/06\/2236f6c07f5143a99bf788618a9dc38b.jpg_1600-1024x461.jpg 1024w, https:\/\/www.celttv.com.ar\/wp-content\/uploads\/2022\/06\/2236f6c07f5143a99bf788618a9dc38b.jpg_1600-300x135.jpg 300w, https:\/\/www.celttv.com.ar\/wp-content\/uploads\/2022\/06\/2236f6c07f5143a99bf788618a9dc38b.jpg_1600-768x346.jpg 768w, https:\/\/www.celttv.com.ar\/wp-content\/uploads\/2022\/06\/2236f6c07f5143a99bf788618a9dc38b.jpg_1600-1536x691.jpg 1536w, https:\/\/www.celttv.com.ar\/wp-content\/uploads\/2022\/06\/2236f6c07f5143a99bf788618a9dc38b.jpg_1600-750x338.jpg 750w, https:\/\/www.celttv.com.ar\/wp-content\/uploads\/2022\/06\/2236f6c07f5143a99bf788618a9dc38b.jpg_1600-1140x513.jpg 1140w, https:\/\/www.celttv.com.ar\/wp-content\/uploads\/2022\/06\/2236f6c07f5143a99bf788618a9dc38b.jpg_1600.jpg 1600w\" sizes=\"auto, (max-width: 1024px) 100vw, 1024px\" \/><\/figure><\/li><li class=\"blocks-gallery-item\"><figure><img loading=\"lazy\" decoding=\"async\" width=\"1024\" height=\"461\" src=\"http:\/\/www.celttv.com.ar\/wp-content\/uploads\/2022\/06\/f95902988fab4fc1a8f5fcbe24708aa0.jpg_1600-1024x461.jpg\" alt=\"\" data-id=\"67165\" data-full-url=\"http:\/\/www.celttv.com.ar\/wp-content\/uploads\/2022\/06\/f95902988fab4fc1a8f5fcbe24708aa0.jpg_1600.jpg\" data-link=\"http:\/\/www.celttv.com.ar\/?attachment_id=67165\" class=\"wp-image-67165\" srcset=\"https:\/\/www.celttv.com.ar\/wp-content\/uploads\/2022\/06\/f95902988fab4fc1a8f5fcbe24708aa0.jpg_1600-1024x461.jpg 1024w, https:\/\/www.celttv.com.ar\/wp-content\/uploads\/2022\/06\/f95902988fab4fc1a8f5fcbe24708aa0.jpg_1600-300x135.jpg 300w, https:\/\/www.celttv.com.ar\/wp-content\/uploads\/2022\/06\/f95902988fab4fc1a8f5fcbe24708aa0.jpg_1600-768x346.jpg 768w, https:\/\/www.celttv.com.ar\/wp-content\/uploads\/2022\/06\/f95902988fab4fc1a8f5fcbe24708aa0.jpg_1600-1536x691.jpg 1536w, https:\/\/www.celttv.com.ar\/wp-content\/uploads\/2022\/06\/f95902988fab4fc1a8f5fcbe24708aa0.jpg_1600-750x338.jpg 750w, https:\/\/www.celttv.com.ar\/wp-content\/uploads\/2022\/06\/f95902988fab4fc1a8f5fcbe24708aa0.jpg_1600-1140x513.jpg 1140w, https:\/\/www.celttv.com.ar\/wp-content\/uploads\/2022\/06\/f95902988fab4fc1a8f5fcbe24708aa0.jpg_1600.jpg 1600w\" sizes=\"auto, (max-width: 1024px) 100vw, 1024px\" \/><\/figure><\/li><\/ul><\/figure>\n\n\n<figure class=\"wp-block-gallery columns-0 is-cropped wp-block-gallery-2 is-layout-flex wp-block-gallery-is-layout-flex\"><ul class=\"blocks-gallery-grid\"><\/ul><\/figure>\n","protected":false},"excerpt":{"rendered":"<p>El hecho ocurri\u00f3 durante el atardecer de este mi\u00e9rcoles. En la intersecci\u00f3n de Ameghino, se produjo un accidente con un hombre que cay\u00f3 de su moto cuando transitaba por 25 de Mayo, sentido ascendente. El conductor de la moto habr\u00eda perdido el control del rodado cuando por la arteria de Ameghino circulaba un auto que [&hellip;]<\/p>\n","protected":false},"author":1,"featured_media":67164,"comment_status":"closed","ping_status":"open","sticky":false,"template":"","format":"standard","meta":{"footnotes":""},"categories":[51,52,61],"tags":[],"class_list":["post-67163","post","type-post","status-publish","format-standard","has-post-thumbnail","hentry","category-comunidad","category-destacadas","category-policiales"],"yoast_head":"<!-- This site is optimized with the Yoast SEO plugin v19.7.1 - https:\/\/yoast.com\/wordpress\/plugins\/seo\/ -->\n<title>Cay\u00f3 de su moto y fue trasladado al hospital - CELTTV<\/title>\n<meta name=\"description\" content=\"Sitio web de noticias de la localidad de Tornquist, provincia de Buenos Aires, Rep\u00fablica Argentina. Contenido propio originado por periodistas de CELTTV, el canal de TV local de la Cooperativa El\u00e9ctrica de Tornquist. Turismo, Pol\u00edtica, Sociedad, Deporte, Cultura y todo el contenido de inter\u00e9s general que la gente del pueblo y la regi\u00f3n debe conocer.\" \/>\n<meta name=\"robots\" content=\"index, follow, max-snippet:-1, max-image-preview:large, max-video-preview:-1\" \/>\n<link rel=\"canonical\" href=\"https:\/\/www.celttv.com.ar\/index.php\/2022\/06\/23\/cayo-de-su-moto-y-fue-trasladado-al-hospital\/\" \/>\n<meta property=\"og:locale\" content=\"es_ES\" \/>\n<meta property=\"og:type\" content=\"article\" \/>\n<meta property=\"og:title\" content=\"Cay\u00f3 de su moto y fue trasladado al hospital - CELTTV\" \/>\n<meta property=\"og:description\" content=\"Sitio web de noticias de la localidad de Tornquist, provincia de Buenos Aires, Rep\u00fablica Argentina. Contenido propio originado por periodistas de CELTTV, el canal de TV local de la Cooperativa El\u00e9ctrica de Tornquist. Turismo, Pol\u00edtica, Sociedad, Deporte, Cultura y todo el contenido de inter\u00e9s general que la gente del pueblo y la regi\u00f3n debe conocer.\" \/>\n<meta property=\"og:url\" content=\"https:\/\/www.celttv.com.ar\/index.php\/2022\/06\/23\/cayo-de-su-moto-y-fue-trasladado-al-hospital\/\" \/>\n<meta property=\"og:site_name\" content=\"CELTTV\" \/>\n<meta property=\"article:publisher\" content=\"https:\/\/www.facebook.com\/celtTV\/\" \/>\n<meta property=\"article:published_time\" content=\"2022-06-23T00:44:56+00:00\" \/>\n<meta property=\"og:image\" content=\"https:\/\/www.celttv.com.ar\/wp-content\/uploads\/2022\/06\/2236f6c07f5143a99bf788618a9dc38b.jpg_1600.jpg\" \/>\n\t<meta property=\"og:image:width\" content=\"1600\" \/>\n\t<meta property=\"og:image:height\" content=\"720\" \/>\n\t<meta property=\"og:image:type\" content=\"image\/jpeg\" \/>\n<meta name=\"author\" content=\"ulises\" \/>\n<meta name=\"twitter:card\" content=\"summary_large_image\" \/>\n<meta name=\"twitter:label1\" content=\"Escrito por\" \/>\n\t<meta name=\"twitter:data1\" content=\"ulises\" \/>\n\t<meta name=\"twitter:label2\" content=\"Tiempo de lectura\" \/>\n\t<meta name=\"twitter:data2\" content=\"1 minuto\" \/>\n<script type=\"application\/ld+json\" class=\"yoast-schema-graph\">{\"@context\":\"https:\/\/schema.org\",\"@graph\":[{\"@type\":\"NewsArticle\",\"@id\":\"https:\/\/www.celttv.com.ar\/index.php\/2022\/06\/23\/cayo-de-su-moto-y-fue-trasladado-al-hospital\/#article\",\"isPartOf\":{\"@id\":\"https:\/\/www.celttv.com.ar\/index.php\/2022\/06\/23\/cayo-de-su-moto-y-fue-trasladado-al-hospital\/\"},\"author\":{\"name\":\"ulises\",\"@id\":\"https:\/\/www.celttv.com.ar\/#\/schema\/person\/6d99c072dba59953809c81446e9d0ace\"},\"headline\":\"Cay\u00f3 de su moto y fue trasladado al hospital\",\"datePublished\":\"2022-06-23T00:44:56+00:00\",\"dateModified\":\"2022-06-23T00:44:56+00:00\",\"mainEntityOfPage\":{\"@id\":\"https:\/\/www.celttv.com.ar\/index.php\/2022\/06\/23\/cayo-de-su-moto-y-fue-trasladado-al-hospital\/\"},\"wordCount\":119,\"publisher\":{\"@id\":\"https:\/\/www.celttv.com.ar\/#organization\"},\"articleSection\":[\"Comunidad\",\"Destacadas\",\"Policiales\"],\"inLanguage\":\"es\"},{\"@type\":\"WebPage\",\"@id\":\"https:\/\/www.celttv.com.ar\/index.php\/2022\/06\/23\/cayo-de-su-moto-y-fue-trasladado-al-hospital\/\",\"url\":\"https:\/\/www.celttv.com.ar\/index.php\/2022\/06\/23\/cayo-de-su-moto-y-fue-trasladado-al-hospital\/\",\"name\":\"Cay\u00f3 de su moto y fue trasladado al hospital - CELTTV\",\"isPartOf\":{\"@id\":\"https:\/\/www.celttv.com.ar\/#website\"},\"datePublished\":\"2022-06-23T00:44:56+00:00\",\"dateModified\":\"2022-06-23T00:44:56+00:00\",\"description\":\"Sitio web de noticias de la localidad de Tornquist, provincia de Buenos Aires, Rep\u00fablica Argentina. Contenido propio originado por periodistas de CELTTV, el canal de TV local de la Cooperativa El\u00e9ctrica de Tornquist. Turismo, Pol\u00edtica, Sociedad, Deporte, Cultura y todo el contenido de inter\u00e9s general que la gente del pueblo y la regi\u00f3n debe conocer.\",\"breadcrumb\":{\"@id\":\"https:\/\/www.celttv.com.ar\/index.php\/2022\/06\/23\/cayo-de-su-moto-y-fue-trasladado-al-hospital\/#breadcrumb\"},\"inLanguage\":\"es\",\"potentialAction\":[{\"@type\":\"ReadAction\",\"target\":[\"https:\/\/www.celttv.com.ar\/index.php\/2022\/06\/23\/cayo-de-su-moto-y-fue-trasladado-al-hospital\/\"]}]},{\"@type\":\"BreadcrumbList\",\"@id\":\"https:\/\/www.celttv.com.ar\/index.php\/2022\/06\/23\/cayo-de-su-moto-y-fue-trasladado-al-hospital\/#breadcrumb\",\"itemListElement\":[{\"@type\":\"ListItem\",\"position\":1,\"name\":\"Inicio\",\"item\":\"https:\/\/www.celttv.com.ar\/\"},{\"@type\":\"ListItem\",\"position\":2,\"name\":\"Cay\u00f3 de su moto y fue trasladado al hospital\"}]},{\"@type\":\"WebSite\",\"@id\":\"https:\/\/www.celttv.com.ar\/#website\",\"url\":\"https:\/\/www.celttv.com.ar\/\",\"name\":\"CELTTV\",\"description\":\"Cooperativa El\u00e9ctrica de Tornquist\",\"publisher\":{\"@id\":\"https:\/\/www.celttv.com.ar\/#organization\"},\"potentialAction\":[{\"@type\":\"SearchAction\",\"target\":{\"@type\":\"EntryPoint\",\"urlTemplate\":\"https:\/\/www.celttv.com.ar\/?s={search_term_string}\"},\"query-input\":\"required name=search_term_string\"}],\"inLanguage\":\"es\"},{\"@type\":\"Organization\",\"@id\":\"https:\/\/www.celttv.com.ar\/#organization\",\"name\":\"CELTTV\",\"url\":\"https:\/\/www.celttv.com.ar\/\",\"sameAs\":[\"https:\/\/www.youtube.com\/channel\/UCz_oIt8Hig64Ub-EmcNPIhg\",\"https:\/\/www.facebook.com\/celtTV\/\"],\"logo\":{\"@type\":\"ImageObject\",\"inLanguage\":\"es\",\"@id\":\"https:\/\/www.celttv.com.ar\/#\/schema\/logo\/image\/\",\"url\":\"http:\/\/www.celttv.com.ar\/wp-content\/uploads\/2022\/08\/logo-1.png\",\"contentUrl\":\"http:\/\/www.celttv.com.ar\/wp-content\/uploads\/2022\/08\/logo-1.png\",\"width\":461,\"height\":159,\"caption\":\"CELTTV\"},\"image\":{\"@id\":\"https:\/\/www.celttv.com.ar\/#\/schema\/logo\/image\/\"}},{\"@type\":\"Person\",\"@id\":\"https:\/\/www.celttv.com.ar\/#\/schema\/person\/6d99c072dba59953809c81446e9d0ace\",\"name\":\"ulises\",\"image\":{\"@type\":\"ImageObject\",\"inLanguage\":\"es\",\"@id\":\"https:\/\/www.celttv.com.ar\/#\/schema\/person\/image\/\",\"url\":\"https:\/\/secure.gravatar.com\/avatar\/7f2c48bdc33b30088f941fb6082e555f2874c98e20cb159d7b92b50eadfce793?s=96&d=mm&r=g\",\"contentUrl\":\"https:\/\/secure.gravatar.com\/avatar\/7f2c48bdc33b30088f941fb6082e555f2874c98e20cb159d7b92b50eadfce793?s=96&d=mm&r=g\",\"caption\":\"ulises\"},\"sameAs\":[\"http:\/\/www.celttv.com.ar\"]}]}<\/script>\n<!-- \/ Yoast SEO plugin. -->","yoast_head_json":{"title":"Cay\u00f3 de su moto y fue trasladado al hospital - CELTTV","description":"Sitio web de noticias de la localidad de Tornquist, provincia de Buenos Aires, Rep\u00fablica Argentina. Contenido propio originado por periodistas de CELTTV, el canal de TV local de la Cooperativa El\u00e9ctrica de Tornquist. Turismo, Pol\u00edtica, Sociedad, Deporte, Cultura y todo el contenido de inter\u00e9s general que la gente del pueblo y la regi\u00f3n debe conocer.","robots":{"index":"index","follow":"follow","max-snippet":"max-snippet:-1","max-image-preview":"max-image-preview:large","max-video-preview":"max-video-preview:-1"},"canonical":"https:\/\/www.celttv.com.ar\/index.php\/2022\/06\/23\/cayo-de-su-moto-y-fue-trasladado-al-hospital\/","og_locale":"es_ES","og_type":"article","og_title":"Cay\u00f3 de su moto y fue trasladado al hospital - CELTTV","og_description":"Sitio web de noticias de la localidad de Tornquist, provincia de Buenos Aires, Rep\u00fablica Argentina. Contenido propio originado por periodistas de CELTTV, el canal de TV local de la Cooperativa El\u00e9ctrica de Tornquist. Turismo, Pol\u00edtica, Sociedad, Deporte, Cultura y todo el contenido de inter\u00e9s general que la gente del pueblo y la regi\u00f3n debe conocer.","og_url":"https:\/\/www.celttv.com.ar\/index.php\/2022\/06\/23\/cayo-de-su-moto-y-fue-trasladado-al-hospital\/","og_site_name":"CELTTV","article_publisher":"https:\/\/www.facebook.com\/celtTV\/","article_published_time":"2022-06-23T00:44:56+00:00","og_image":[{"width":1600,"height":720,"url":"https:\/\/www.celttv.com.ar\/wp-content\/uploads\/2022\/06\/2236f6c07f5143a99bf788618a9dc38b.jpg_1600.jpg","type":"image\/jpeg"}],"author":"ulises","twitter_card":"summary_large_image","twitter_misc":{"Escrito por":"ulises","Tiempo de lectura":"1 minuto"},"schema":{"@context":"https:\/\/schema.org","@graph":[{"@type":"NewsArticle","@id":"https:\/\/www.celttv.com.ar\/index.php\/2022\/06\/23\/cayo-de-su-moto-y-fue-trasladado-al-hospital\/#article","isPartOf":{"@id":"https:\/\/www.celttv.com.ar\/index.php\/2022\/06\/23\/cayo-de-su-moto-y-fue-trasladado-al-hospital\/"},"author":{"name":"ulises","@id":"https:\/\/www.celttv.com.ar\/#\/schema\/person\/6d99c072dba59953809c81446e9d0ace"},"headline":"Cay\u00f3 de su moto y fue trasladado al hospital","datePublished":"2022-06-23T00:44:56+00:00","dateModified":"2022-06-23T00:44:56+00:00","mainEntityOfPage":{"@id":"https:\/\/www.celttv.com.ar\/index.php\/2022\/06\/23\/cayo-de-su-moto-y-fue-trasladado-al-hospital\/"},"wordCount":119,"publisher":{"@id":"https:\/\/www.celttv.com.ar\/#organization"},"articleSection":["Comunidad","Destacadas","Policiales"],"inLanguage":"es"},{"@type":"WebPage","@id":"https:\/\/www.celttv.com.ar\/index.php\/2022\/06\/23\/cayo-de-su-moto-y-fue-trasladado-al-hospital\/","url":"https:\/\/www.celttv.com.ar\/index.php\/2022\/06\/23\/cayo-de-su-moto-y-fue-trasladado-al-hospital\/","name":"Cay\u00f3 de su moto y fue trasladado al hospital - CELTTV","isPartOf":{"@id":"https:\/\/www.celttv.com.ar\/#website"},"datePublished":"2022-06-23T00:44:56+00:00","dateModified":"2022-06-23T00:44:56+00:00","description":"Sitio web de noticias de la localidad de Tornquist, provincia de Buenos Aires, Rep\u00fablica Argentina. Contenido propio originado por periodistas de CELTTV, el canal de TV local de la Cooperativa El\u00e9ctrica de Tornquist. Turismo, Pol\u00edtica, Sociedad, Deporte, Cultura y todo el contenido de inter\u00e9s general que la gente del pueblo y la regi\u00f3n debe conocer.","breadcrumb":{"@id":"https:\/\/www.celttv.com.ar\/index.php\/2022\/06\/23\/cayo-de-su-moto-y-fue-trasladado-al-hospital\/#breadcrumb"},"inLanguage":"es","potentialAction":[{"@type":"ReadAction","target":["https:\/\/www.celttv.com.ar\/index.php\/2022\/06\/23\/cayo-de-su-moto-y-fue-trasladado-al-hospital\/"]}]},{"@type":"BreadcrumbList","@id":"https:\/\/www.celttv.com.ar\/index.php\/2022\/06\/23\/cayo-de-su-moto-y-fue-trasladado-al-hospital\/#breadcrumb","itemListElement":[{"@type":"ListItem","position":1,"name":"Inicio","item":"https:\/\/www.celttv.com.ar\/"},{"@type":"ListItem","position":2,"name":"Cay\u00f3 de su moto y fue trasladado al hospital"}]},{"@type":"WebSite","@id":"https:\/\/www.celttv.com.ar\/#website","url":"https:\/\/www.celttv.com.ar\/","name":"CELTTV","description":"Cooperativa El\u00e9ctrica de Tornquist","publisher":{"@id":"https:\/\/www.celttv.com.ar\/#organization"},"potentialAction":[{"@type":"SearchAction","target":{"@type":"EntryPoint","urlTemplate":"https:\/\/www.celttv.com.ar\/?s={search_term_string}"},"query-input":"required name=search_term_string"}],"inLanguage":"es"},{"@type":"Organization","@id":"https:\/\/www.celttv.com.ar\/#organization","name":"CELTTV","url":"https:\/\/www.celttv.com.ar\/","sameAs":["https:\/\/www.youtube.com\/channel\/UCz_oIt8Hig64Ub-EmcNPIhg","https:\/\/www.facebook.com\/celtTV\/"],"logo":{"@type":"ImageObject","inLanguage":"es","@id":"https:\/\/www.celttv.com.ar\/#\/schema\/logo\/image\/","url":"http:\/\/www.celttv.com.ar\/wp-content\/uploads\/2022\/08\/logo-1.png","contentUrl":"http:\/\/www.celttv.com.ar\/wp-content\/uploads\/2022\/08\/logo-1.png","width":461,"height":159,"caption":"CELTTV"},"image":{"@id":"https:\/\/www.celttv.com.ar\/#\/schema\/logo\/image\/"}},{"@type":"Person","@id":"https:\/\/www.celttv.com.ar\/#\/schema\/person\/6d99c072dba59953809c81446e9d0ace","name":"ulises","image":{"@type":"ImageObject","inLanguage":"es","@id":"https:\/\/www.celttv.com.ar\/#\/schema\/person\/image\/","url":"https:\/\/secure.gravatar.com\/avatar\/7f2c48bdc33b30088f941fb6082e555f2874c98e20cb159d7b92b50eadfce793?s=96&d=mm&r=g","contentUrl":"https:\/\/secure.gravatar.com\/avatar\/7f2c48bdc33b30088f941fb6082e555f2874c98e20cb159d7b92b50eadfce793?s=96&d=mm&r=g","caption":"ulises"},"sameAs":["http:\/\/www.celttv.com.ar"]}]}},"_links":{"self":[{"href":"https:\/\/www.celttv.com.ar\/index.php\/wp-json\/wp\/v2\/posts\/67163","targetHints":{"allow":["GET"]}}],"collection":[{"href":"https:\/\/www.celttv.com.ar\/index.php\/wp-json\/wp\/v2\/posts"}],"about":[{"href":"https:\/\/www.celttv.com.ar\/index.php\/wp-json\/wp\/v2\/types\/post"}],"author":[{"embeddable":true,"href":"https:\/\/www.celttv.com.ar\/index.php\/wp-json\/wp\/v2\/users\/1"}],"replies":[{"embeddable":true,"href":"https:\/\/www.celttv.com.ar\/index.php\/wp-json\/wp\/v2\/comments?post=67163"}],"version-history":[{"count":0,"href":"https:\/\/www.celttv.com.ar\/index.php\/wp-json\/wp\/v2\/posts\/67163\/revisions"}],"wp:featuredmedia":[{"embeddable":true,"href":"https:\/\/www.celttv.com.ar\/index.php\/wp-json\/wp\/v2\/media\/67164"}],"wp:attachment":[{"href":"https:\/\/www.celttv.com.ar\/index.php\/wp-json\/wp\/v2\/media?parent=67163"}],"wp:term":[{"taxonomy":"category","embeddable":true,"href":"https:\/\/www.celttv.com.ar\/index.php\/wp-json\/wp\/v2\/categories?post=67163"},{"taxonomy":"post_tag","embeddable":true,"href":"https:\/\/www.celttv.com.ar\/index.php\/wp-json\/wp\/v2\/tags?post=67163"}],"curies":[{"name":"wp","href":"https:\/\/api.w.org\/{rel}","templated":true}]}}