{"id":68349,"date":"2022-08-06T21:08:11","date_gmt":"2022-08-06T21:08:11","guid":{"rendered":"http:\/\/www.celttv.com.ar\/?p=68349"},"modified":"2022-08-06T21:08:11","modified_gmt":"2022-08-06T21:08:11","slug":"automoto-voley-vencio-a-espora-y-es-campeon-en-sub-17-video","status":"publish","type":"post","link":"https:\/\/www.celttv.com.ar\/index.php\/2022\/08\/06\/automoto-voley-vencio-a-espora-y-es-campeon-en-sub-17-video\/","title":{"rendered":"Automoto Voley venci\u00f3 a Espora y es campe\u00f3n en Sub-17 (Video)"},"content":{"rendered":"\n<p>En un partido muy parejo y de tr\u00e1mite cambiante durante el desarrollo del mismo, Automoto Voley venci\u00f3 a Espora de Punta Alta en dos sets (parciales de 25-21 y 25-19), en la final de la categor\u00eda Sub-17, disputada en la tarde del s\u00e1bado en el Polideportivo &#8220;Mario Gandini&#8221; de la entidad azulgaran.<\/p>\n\n\n<p>Los dos equipos demostraron con su nivel de juego por qu\u00e9 llegaron a la final del torneo Apertura de la Asociaci\u00f3n Bahiense de Voley.<\/p>\n\n\n<p>La paridad del juego fue clave para que el p\u00fablico que se acerc\u00f3 al gimnasio de Automoto, pudiera disfrutar de una gran final, donde no se sacaron grandes ventajas en el marcador.<\/p>\n\n\n<p>&#8220;Estamos contentos porque es una recompensa a lo que se viene trabajando desde hace tanto tiempo. La concentraci\u00f3n de las chicas en el juego fue clave para poder hacer la diferencia y quedarnos con el torneo apertura&#8221;, manifest\u00f3 Sof\u00eda Urriaga, integrante del cuerpo t\u00e9cnico de Automoto Voley.<\/p>\n\n\n<p>Por su parte, Federico Mutti, entrenador de Automoto Voley, destac\u00f3 el trabajo y compromiso del equipo para poder lograr el objetivo.<\/p>\n\n\n<p>&#8220;Pudimos ver momentos de gran nivel de juego y eso marca que estamos por el camino correcto. Ahora festejaremos y el lunes, vuelta al trabajo porque queremos seguir creciendo y apuntar a jugar en el escal\u00f3n m\u00e1s alto del voley bahiense&#8221;, resalt\u00f3 Mutti.<\/p>\n\n\n<p>&#8220;Sabemos que la categor\u00eda es superior y de gran nivel, pero es la manera de la que se crece. Felicitaciones a todos por el gran trabajo que realizaron&#8221;, agreg\u00f3.<\/p>\n\n\n<figure class=\"wp-block-embed is-type-video is-provider-youtube wp-block-embed-youtube wp-embed-aspect-16-9 wp-has-aspect-ratio\"><div class=\"wp-block-embed__wrapper\">\n<iframe loading=\"lazy\" title=\"MAGAZINE SPORT 2022 - AUTOMOTO VOLEY CAMPE\u00d3N EN SUB 17\" width=\"500\" height=\"281\" src=\"https:\/\/www.youtube.com\/embed\/8vMnZQkC9yQ?feature=oembed\" frameborder=\"0\" allow=\"accelerometer; autoplay; clipboard-write; encrypted-media; gyroscope; picture-in-picture; web-share\" referrerpolicy=\"strict-origin-when-cross-origin\" allowfullscreen><\/iframe>\n<\/div><\/figure>\n\n\n<figure class=\"wp-block-image size-large\"><img loading=\"lazy\" decoding=\"async\" width=\"1024\" height=\"1004\" src=\"http:\/\/www.celttv.com.ar\/wp-content\/uploads\/2022\/08\/bfc7b855-6dfd-4460-894e-2969ae0207fb-1024x1004.jpg\" alt=\"\" class=\"wp-image-68350\" srcset=\"https:\/\/www.celttv.com.ar\/wp-content\/uploads\/2022\/08\/bfc7b855-6dfd-4460-894e-2969ae0207fb-1024x1004.jpg 1024w, https:\/\/www.celttv.com.ar\/wp-content\/uploads\/2022\/08\/bfc7b855-6dfd-4460-894e-2969ae0207fb-300x294.jpg 300w, https:\/\/www.celttv.com.ar\/wp-content\/uploads\/2022\/08\/bfc7b855-6dfd-4460-894e-2969ae0207fb-768x753.jpg 768w, https:\/\/www.celttv.com.ar\/wp-content\/uploads\/2022\/08\/bfc7b855-6dfd-4460-894e-2969ae0207fb-75x75.jpg 75w, https:\/\/www.celttv.com.ar\/wp-content\/uploads\/2022\/08\/bfc7b855-6dfd-4460-894e-2969ae0207fb-750x735.jpg 750w, https:\/\/www.celttv.com.ar\/wp-content\/uploads\/2022\/08\/bfc7b855-6dfd-4460-894e-2969ae0207fb.jpg 1080w\" sizes=\"auto, (max-width: 1024px) 100vw, 1024px\" \/><\/figure>\n\n\n<p>   <\/p>\n","protected":false},"excerpt":{"rendered":"<p>En un partido muy parejo y de tr\u00e1mite cambiante durante el desarrollo del mismo, Automoto Voley venci\u00f3 a Espora de Punta Alta en dos sets (parciales de 25-21 y 25-19), en la final de la categor\u00eda Sub-17, disputada en la tarde del s\u00e1bado en el Polideportivo &#8220;Mario Gandini&#8221; de la entidad azulgaran. Los dos equipos [&hellip;]<\/p>\n","protected":false},"author":1,"featured_media":68352,"comment_status":"closed","ping_status":"open","sticky":false,"template":"","format":"standard","meta":{"footnotes":""},"categories":[55,60,62,52,63],"tags":[],"class_list":["post-68349","post","type-post","status-publish","format-standard","has-post-thumbnail","hentry","category-celt-tv-noticias","category-deporte","category-deportes","category-destacadas","category-magazine-sport"],"yoast_head":"<!-- This site is optimized with the Yoast SEO plugin v19.7.1 - https:\/\/yoast.com\/wordpress\/plugins\/seo\/ -->\n<title>Automoto Voley venci\u00f3 a Espora y es campe\u00f3n en Sub-17 (Video) - CELTTV<\/title>\n<meta name=\"description\" content=\"Sitio web de noticias de la localidad de Tornquist, provincia de Buenos Aires, Rep\u00fablica Argentina. Contenido propio originado por periodistas de CELTTV, el canal de TV local de la Cooperativa El\u00e9ctrica de Tornquist. Turismo, Pol\u00edtica, Sociedad, Deporte, Cultura y todo el contenido de inter\u00e9s general que la gente del pueblo y la regi\u00f3n debe conocer.\" \/>\n<meta name=\"robots\" content=\"index, follow, max-snippet:-1, max-image-preview:large, max-video-preview:-1\" \/>\n<link rel=\"canonical\" href=\"https:\/\/www.celttv.com.ar\/index.php\/2022\/08\/06\/automoto-voley-vencio-a-espora-y-es-campeon-en-sub-17-video\/\" \/>\n<meta property=\"og:locale\" content=\"es_ES\" \/>\n<meta property=\"og:type\" content=\"article\" \/>\n<meta property=\"og:title\" content=\"Automoto Voley venci\u00f3 a Espora y es campe\u00f3n en Sub-17 (Video) - CELTTV\" \/>\n<meta property=\"og:description\" content=\"Sitio web de noticias de la localidad de Tornquist, provincia de Buenos Aires, Rep\u00fablica Argentina. Contenido propio originado por periodistas de CELTTV, el canal de TV local de la Cooperativa El\u00e9ctrica de Tornquist. Turismo, Pol\u00edtica, Sociedad, Deporte, Cultura y todo el contenido de inter\u00e9s general que la gente del pueblo y la regi\u00f3n debe conocer.\" \/>\n<meta property=\"og:url\" content=\"https:\/\/www.celttv.com.ar\/index.php\/2022\/08\/06\/automoto-voley-vencio-a-espora-y-es-campeon-en-sub-17-video\/\" \/>\n<meta property=\"og:site_name\" content=\"CELTTV\" \/>\n<meta property=\"article:publisher\" content=\"https:\/\/www.facebook.com\/celtTV\/\" \/>\n<meta property=\"article:published_time\" content=\"2022-08-06T21:08:11+00:00\" \/>\n<meta property=\"og:image\" content=\"https:\/\/www.celttv.com.ar\/wp-content\/uploads\/2022\/08\/bfc7b855-6dfd-4460-894e-2969ae0207fb-1.jpg\" \/>\n\t<meta property=\"og:image:width\" content=\"1073\" \/>\n\t<meta property=\"og:image:height\" content=\"707\" \/>\n\t<meta property=\"og:image:type\" content=\"image\/jpeg\" \/>\n<meta name=\"author\" content=\"ulises\" \/>\n<meta name=\"twitter:card\" content=\"summary_large_image\" \/>\n<meta name=\"twitter:label1\" content=\"Escrito por\" \/>\n\t<meta name=\"twitter:data1\" content=\"ulises\" \/>\n\t<meta name=\"twitter:label2\" content=\"Tiempo de lectura\" \/>\n\t<meta name=\"twitter:data2\" content=\"1 minuto\" \/>\n<script type=\"application\/ld+json\" class=\"yoast-schema-graph\">{\"@context\":\"https:\/\/schema.org\",\"@graph\":[{\"@type\":\"NewsArticle\",\"@id\":\"https:\/\/www.celttv.com.ar\/index.php\/2022\/08\/06\/automoto-voley-vencio-a-espora-y-es-campeon-en-sub-17-video\/#article\",\"isPartOf\":{\"@id\":\"https:\/\/www.celttv.com.ar\/index.php\/2022\/08\/06\/automoto-voley-vencio-a-espora-y-es-campeon-en-sub-17-video\/\"},\"author\":{\"name\":\"ulises\",\"@id\":\"https:\/\/www.celttv.com.ar\/#\/schema\/person\/6d99c072dba59953809c81446e9d0ace\"},\"headline\":\"Automoto Voley venci\u00f3 a Espora y es campe\u00f3n en Sub-17 (Video)\",\"datePublished\":\"2022-08-06T21:08:11+00:00\",\"dateModified\":\"2022-08-06T21:08:11+00:00\",\"mainEntityOfPage\":{\"@id\":\"https:\/\/www.celttv.com.ar\/index.php\/2022\/08\/06\/automoto-voley-vencio-a-espora-y-es-campeon-en-sub-17-video\/\"},\"wordCount\":276,\"publisher\":{\"@id\":\"https:\/\/www.celttv.com.ar\/#organization\"},\"articleSection\":[\"Celt TV Noticias\",\"Deporte\",\"Deportes\",\"Destacadas\",\"Magazine Sport\"],\"inLanguage\":\"es\"},{\"@type\":\"WebPage\",\"@id\":\"https:\/\/www.celttv.com.ar\/index.php\/2022\/08\/06\/automoto-voley-vencio-a-espora-y-es-campeon-en-sub-17-video\/\",\"url\":\"https:\/\/www.celttv.com.ar\/index.php\/2022\/08\/06\/automoto-voley-vencio-a-espora-y-es-campeon-en-sub-17-video\/\",\"name\":\"Automoto Voley venci\u00f3 a Espora y es campe\u00f3n en Sub-17 (Video) - CELTTV\",\"isPartOf\":{\"@id\":\"https:\/\/www.celttv.com.ar\/#website\"},\"datePublished\":\"2022-08-06T21:08:11+00:00\",\"dateModified\":\"2022-08-06T21:08:11+00:00\",\"description\":\"Sitio web de noticias de la localidad de Tornquist, provincia de Buenos Aires, Rep\u00fablica Argentina. Contenido propio originado por periodistas de CELTTV, el canal de TV local de la Cooperativa El\u00e9ctrica de Tornquist. Turismo, Pol\u00edtica, Sociedad, Deporte, Cultura y todo el contenido de inter\u00e9s general que la gente del pueblo y la regi\u00f3n debe conocer.\",\"breadcrumb\":{\"@id\":\"https:\/\/www.celttv.com.ar\/index.php\/2022\/08\/06\/automoto-voley-vencio-a-espora-y-es-campeon-en-sub-17-video\/#breadcrumb\"},\"inLanguage\":\"es\",\"potentialAction\":[{\"@type\":\"ReadAction\",\"target\":[\"https:\/\/www.celttv.com.ar\/index.php\/2022\/08\/06\/automoto-voley-vencio-a-espora-y-es-campeon-en-sub-17-video\/\"]}]},{\"@type\":\"BreadcrumbList\",\"@id\":\"https:\/\/www.celttv.com.ar\/index.php\/2022\/08\/06\/automoto-voley-vencio-a-espora-y-es-campeon-en-sub-17-video\/#breadcrumb\",\"itemListElement\":[{\"@type\":\"ListItem\",\"position\":1,\"name\":\"Inicio\",\"item\":\"https:\/\/www.celttv.com.ar\/\"},{\"@type\":\"ListItem\",\"position\":2,\"name\":\"Automoto Voley venci\u00f3 a Espora y es campe\u00f3n en Sub-17 (Video)\"}]},{\"@type\":\"WebSite\",\"@id\":\"https:\/\/www.celttv.com.ar\/#website\",\"url\":\"https:\/\/www.celttv.com.ar\/\",\"name\":\"CELTTV\",\"description\":\"Cooperativa El\u00e9ctrica de Tornquist\",\"publisher\":{\"@id\":\"https:\/\/www.celttv.com.ar\/#organization\"},\"potentialAction\":[{\"@type\":\"SearchAction\",\"target\":{\"@type\":\"EntryPoint\",\"urlTemplate\":\"https:\/\/www.celttv.com.ar\/?s={search_term_string}\"},\"query-input\":\"required name=search_term_string\"}],\"inLanguage\":\"es\"},{\"@type\":\"Organization\",\"@id\":\"https:\/\/www.celttv.com.ar\/#organization\",\"name\":\"CELTTV\",\"url\":\"https:\/\/www.celttv.com.ar\/\",\"sameAs\":[\"https:\/\/www.youtube.com\/channel\/UCz_oIt8Hig64Ub-EmcNPIhg\",\"https:\/\/www.facebook.com\/celtTV\/\"],\"logo\":{\"@type\":\"ImageObject\",\"inLanguage\":\"es\",\"@id\":\"https:\/\/www.celttv.com.ar\/#\/schema\/logo\/image\/\",\"url\":\"http:\/\/www.celttv.com.ar\/wp-content\/uploads\/2022\/08\/logo-1.png\",\"contentUrl\":\"http:\/\/www.celttv.com.ar\/wp-content\/uploads\/2022\/08\/logo-1.png\",\"width\":461,\"height\":159,\"caption\":\"CELTTV\"},\"image\":{\"@id\":\"https:\/\/www.celttv.com.ar\/#\/schema\/logo\/image\/\"}},{\"@type\":\"Person\",\"@id\":\"https:\/\/www.celttv.com.ar\/#\/schema\/person\/6d99c072dba59953809c81446e9d0ace\",\"name\":\"ulises\",\"image\":{\"@type\":\"ImageObject\",\"inLanguage\":\"es\",\"@id\":\"https:\/\/www.celttv.com.ar\/#\/schema\/person\/image\/\",\"url\":\"https:\/\/secure.gravatar.com\/avatar\/7f2c48bdc33b30088f941fb6082e555f2874c98e20cb159d7b92b50eadfce793?s=96&d=mm&r=g\",\"contentUrl\":\"https:\/\/secure.gravatar.com\/avatar\/7f2c48bdc33b30088f941fb6082e555f2874c98e20cb159d7b92b50eadfce793?s=96&d=mm&r=g\",\"caption\":\"ulises\"},\"sameAs\":[\"http:\/\/www.celttv.com.ar\"]}]}<\/script>\n<!-- \/ Yoast SEO plugin. -->","yoast_head_json":{"title":"Automoto Voley venci\u00f3 a Espora y es campe\u00f3n en Sub-17 (Video) - CELTTV","description":"Sitio web de noticias de la localidad de Tornquist, provincia de Buenos Aires, Rep\u00fablica Argentina. Contenido propio originado por periodistas de CELTTV, el canal de TV local de la Cooperativa El\u00e9ctrica de Tornquist. Turismo, Pol\u00edtica, Sociedad, Deporte, Cultura y todo el contenido de inter\u00e9s general que la gente del pueblo y la regi\u00f3n debe conocer.","robots":{"index":"index","follow":"follow","max-snippet":"max-snippet:-1","max-image-preview":"max-image-preview:large","max-video-preview":"max-video-preview:-1"},"canonical":"https:\/\/www.celttv.com.ar\/index.php\/2022\/08\/06\/automoto-voley-vencio-a-espora-y-es-campeon-en-sub-17-video\/","og_locale":"es_ES","og_type":"article","og_title":"Automoto Voley venci\u00f3 a Espora y es campe\u00f3n en Sub-17 (Video) - CELTTV","og_description":"Sitio web de noticias de la localidad de Tornquist, provincia de Buenos Aires, Rep\u00fablica Argentina. Contenido propio originado por periodistas de CELTTV, el canal de TV local de la Cooperativa El\u00e9ctrica de Tornquist. Turismo, Pol\u00edtica, Sociedad, Deporte, Cultura y todo el contenido de inter\u00e9s general que la gente del pueblo y la regi\u00f3n debe conocer.","og_url":"https:\/\/www.celttv.com.ar\/index.php\/2022\/08\/06\/automoto-voley-vencio-a-espora-y-es-campeon-en-sub-17-video\/","og_site_name":"CELTTV","article_publisher":"https:\/\/www.facebook.com\/celtTV\/","article_published_time":"2022-08-06T21:08:11+00:00","og_image":[{"width":1073,"height":707,"url":"https:\/\/www.celttv.com.ar\/wp-content\/uploads\/2022\/08\/bfc7b855-6dfd-4460-894e-2969ae0207fb-1.jpg","type":"image\/jpeg"}],"author":"ulises","twitter_card":"summary_large_image","twitter_misc":{"Escrito por":"ulises","Tiempo de lectura":"1 minuto"},"schema":{"@context":"https:\/\/schema.org","@graph":[{"@type":"NewsArticle","@id":"https:\/\/www.celttv.com.ar\/index.php\/2022\/08\/06\/automoto-voley-vencio-a-espora-y-es-campeon-en-sub-17-video\/#article","isPartOf":{"@id":"https:\/\/www.celttv.com.ar\/index.php\/2022\/08\/06\/automoto-voley-vencio-a-espora-y-es-campeon-en-sub-17-video\/"},"author":{"name":"ulises","@id":"https:\/\/www.celttv.com.ar\/#\/schema\/person\/6d99c072dba59953809c81446e9d0ace"},"headline":"Automoto Voley venci\u00f3 a Espora y es campe\u00f3n en Sub-17 (Video)","datePublished":"2022-08-06T21:08:11+00:00","dateModified":"2022-08-06T21:08:11+00:00","mainEntityOfPage":{"@id":"https:\/\/www.celttv.com.ar\/index.php\/2022\/08\/06\/automoto-voley-vencio-a-espora-y-es-campeon-en-sub-17-video\/"},"wordCount":276,"publisher":{"@id":"https:\/\/www.celttv.com.ar\/#organization"},"articleSection":["Celt TV Noticias","Deporte","Deportes","Destacadas","Magazine Sport"],"inLanguage":"es"},{"@type":"WebPage","@id":"https:\/\/www.celttv.com.ar\/index.php\/2022\/08\/06\/automoto-voley-vencio-a-espora-y-es-campeon-en-sub-17-video\/","url":"https:\/\/www.celttv.com.ar\/index.php\/2022\/08\/06\/automoto-voley-vencio-a-espora-y-es-campeon-en-sub-17-video\/","name":"Automoto Voley venci\u00f3 a Espora y es campe\u00f3n en Sub-17 (Video) - CELTTV","isPartOf":{"@id":"https:\/\/www.celttv.com.ar\/#website"},"datePublished":"2022-08-06T21:08:11+00:00","dateModified":"2022-08-06T21:08:11+00:00","description":"Sitio web de noticias de la localidad de Tornquist, provincia de Buenos Aires, Rep\u00fablica Argentina. Contenido propio originado por periodistas de CELTTV, el canal de TV local de la Cooperativa El\u00e9ctrica de Tornquist. Turismo, Pol\u00edtica, Sociedad, Deporte, Cultura y todo el contenido de inter\u00e9s general que la gente del pueblo y la regi\u00f3n debe conocer.","breadcrumb":{"@id":"https:\/\/www.celttv.com.ar\/index.php\/2022\/08\/06\/automoto-voley-vencio-a-espora-y-es-campeon-en-sub-17-video\/#breadcrumb"},"inLanguage":"es","potentialAction":[{"@type":"ReadAction","target":["https:\/\/www.celttv.com.ar\/index.php\/2022\/08\/06\/automoto-voley-vencio-a-espora-y-es-campeon-en-sub-17-video\/"]}]},{"@type":"BreadcrumbList","@id":"https:\/\/www.celttv.com.ar\/index.php\/2022\/08\/06\/automoto-voley-vencio-a-espora-y-es-campeon-en-sub-17-video\/#breadcrumb","itemListElement":[{"@type":"ListItem","position":1,"name":"Inicio","item":"https:\/\/www.celttv.com.ar\/"},{"@type":"ListItem","position":2,"name":"Automoto Voley venci\u00f3 a Espora y es campe\u00f3n en Sub-17 (Video)"}]},{"@type":"WebSite","@id":"https:\/\/www.celttv.com.ar\/#website","url":"https:\/\/www.celttv.com.ar\/","name":"CELTTV","description":"Cooperativa El\u00e9ctrica de Tornquist","publisher":{"@id":"https:\/\/www.celttv.com.ar\/#organization"},"potentialAction":[{"@type":"SearchAction","target":{"@type":"EntryPoint","urlTemplate":"https:\/\/www.celttv.com.ar\/?s={search_term_string}"},"query-input":"required name=search_term_string"}],"inLanguage":"es"},{"@type":"Organization","@id":"https:\/\/www.celttv.com.ar\/#organization","name":"CELTTV","url":"https:\/\/www.celttv.com.ar\/","sameAs":["https:\/\/www.youtube.com\/channel\/UCz_oIt8Hig64Ub-EmcNPIhg","https:\/\/www.facebook.com\/celtTV\/"],"logo":{"@type":"ImageObject","inLanguage":"es","@id":"https:\/\/www.celttv.com.ar\/#\/schema\/logo\/image\/","url":"http:\/\/www.celttv.com.ar\/wp-content\/uploads\/2022\/08\/logo-1.png","contentUrl":"http:\/\/www.celttv.com.ar\/wp-content\/uploads\/2022\/08\/logo-1.png","width":461,"height":159,"caption":"CELTTV"},"image":{"@id":"https:\/\/www.celttv.com.ar\/#\/schema\/logo\/image\/"}},{"@type":"Person","@id":"https:\/\/www.celttv.com.ar\/#\/schema\/person\/6d99c072dba59953809c81446e9d0ace","name":"ulises","image":{"@type":"ImageObject","inLanguage":"es","@id":"https:\/\/www.celttv.com.ar\/#\/schema\/person\/image\/","url":"https:\/\/secure.gravatar.com\/avatar\/7f2c48bdc33b30088f941fb6082e555f2874c98e20cb159d7b92b50eadfce793?s=96&d=mm&r=g","contentUrl":"https:\/\/secure.gravatar.com\/avatar\/7f2c48bdc33b30088f941fb6082e555f2874c98e20cb159d7b92b50eadfce793?s=96&d=mm&r=g","caption":"ulises"},"sameAs":["http:\/\/www.celttv.com.ar"]}]}},"_links":{"self":[{"href":"https:\/\/www.celttv.com.ar\/index.php\/wp-json\/wp\/v2\/posts\/68349","targetHints":{"allow":["GET"]}}],"collection":[{"href":"https:\/\/www.celttv.com.ar\/index.php\/wp-json\/wp\/v2\/posts"}],"about":[{"href":"https:\/\/www.celttv.com.ar\/index.php\/wp-json\/wp\/v2\/types\/post"}],"author":[{"embeddable":true,"href":"https:\/\/www.celttv.com.ar\/index.php\/wp-json\/wp\/v2\/users\/1"}],"replies":[{"embeddable":true,"href":"https:\/\/www.celttv.com.ar\/index.php\/wp-json\/wp\/v2\/comments?post=68349"}],"version-history":[{"count":0,"href":"https:\/\/www.celttv.com.ar\/index.php\/wp-json\/wp\/v2\/posts\/68349\/revisions"}],"wp:featuredmedia":[{"embeddable":true,"href":"https:\/\/www.celttv.com.ar\/index.php\/wp-json\/wp\/v2\/media\/68352"}],"wp:attachment":[{"href":"https:\/\/www.celttv.com.ar\/index.php\/wp-json\/wp\/v2\/media?parent=68349"}],"wp:term":[{"taxonomy":"category","embeddable":true,"href":"https:\/\/www.celttv.com.ar\/index.php\/wp-json\/wp\/v2\/categories?post=68349"},{"taxonomy":"post_tag","embeddable":true,"href":"https:\/\/www.celttv.com.ar\/index.php\/wp-json\/wp\/v2\/tags?post=68349"}],"curies":[{"name":"wp","href":"https:\/\/api.w.org\/{rel}","templated":true}]}}