{"id":68525,"date":"2022-08-16T14:15:41","date_gmt":"2022-08-16T14:15:41","guid":{"rendered":"http:\/\/www.celttv.com.ar\/?p=68525"},"modified":"2022-08-16T14:15:41","modified_gmt":"2022-08-16T14:15:41","slug":"buenos-aires-vuela-importantes-resultados-obtuvo-abre-tus-alas-en-un-torneo-de-acrobacias-sobre-telas","status":"publish","type":"post","link":"https:\/\/www.celttv.com.ar\/index.php\/2022\/08\/16\/buenos-aires-vuela-importantes-resultados-obtuvo-abre-tus-alas-en-un-torneo-de-acrobacias-sobre-telas\/","title":{"rendered":"Buenos Aires Vuela: Importantes resultados obtuvo &#8220;Abre tus Alas&#8221; en una competencia de acrobacias sobre telas"},"content":{"rendered":"\n<p>Con importantes resultados debut\u00f3 el equipo de &#8220;Abre tus Alas&#8221; en la competencia nacional de acrobacia sobre telas &#8220;Buenos Aires Vuela&#8221;, la cual se llev\u00f3 a cabo en Mor\u00f3n.<\/p>\n\n\n<p>El s\u00e1bado 13 de agosto , cuatro alumnas de &#8220;Abre tus Alas&#8221;, Ana Sgammini, Lara Vanoli, Morena Fari\u00f1a Cleppe y M\u00eda Bonzini, participaron de la competencia donde las chicas brillaron y obtuvieron importantes resultados .<\/p>\n\n\n<figure class=\"wp-block-image size-large\"><img loading=\"lazy\" decoding=\"async\" width=\"1024\" height=\"891\" src=\"http:\/\/www.celttv.com.ar\/wp-content\/uploads\/2022\/08\/ba809f2d-fa0f-4ba2-9fd3-2fb92972d85e-1024x891.jpg\" alt=\"\" class=\"wp-image-68526\" srcset=\"https:\/\/www.celttv.com.ar\/wp-content\/uploads\/2022\/08\/ba809f2d-fa0f-4ba2-9fd3-2fb92972d85e-1024x891.jpg 1024w, https:\/\/www.celttv.com.ar\/wp-content\/uploads\/2022\/08\/ba809f2d-fa0f-4ba2-9fd3-2fb92972d85e-300x261.jpg 300w, https:\/\/www.celttv.com.ar\/wp-content\/uploads\/2022\/08\/ba809f2d-fa0f-4ba2-9fd3-2fb92972d85e-768x668.jpg 768w, https:\/\/www.celttv.com.ar\/wp-content\/uploads\/2022\/08\/ba809f2d-fa0f-4ba2-9fd3-2fb92972d85e-750x653.jpg 750w, https:\/\/www.celttv.com.ar\/wp-content\/uploads\/2022\/08\/ba809f2d-fa0f-4ba2-9fd3-2fb92972d85e.jpg 1080w\" sizes=\"auto, (max-width: 1024px) 100vw, 1024px\" \/><\/figure>\n\n\n<p>M\u00eda particip\u00f3 en la categor\u00eda juvenil A intermedio y obtuvo un segundo lugar, mientras que Morena, en juvenil B intermedio, termin\u00f3 en tercer puesto.<\/p>\n\n\n<p>Por su parte, Ana, en juvenil B intermedio, subi\u00f3 al podio en logrando el primer puesto y con un puntaje de 101 puntos , siendo el m\u00e1ximo 105. Adem\u00e1s, destacaron la coreograf\u00eda de Ana como la mejor en cuanto a t\u00e9cnica entre todas las de la misma categor\u00eda.<\/p>\n\n\n<figure class=\"wp-block-image size-large\"><img loading=\"lazy\" decoding=\"async\" width=\"768\" height=\"1024\" src=\"http:\/\/www.celttv.com.ar\/wp-content\/uploads\/2022\/08\/27cdb4df-3d98-4d39-927d-50534b7bac21-768x1024.jpg\" alt=\"\" class=\"wp-image-68527\" srcset=\"https:\/\/www.celttv.com.ar\/wp-content\/uploads\/2022\/08\/27cdb4df-3d98-4d39-927d-50534b7bac21-768x1024.jpg 768w, https:\/\/www.celttv.com.ar\/wp-content\/uploads\/2022\/08\/27cdb4df-3d98-4d39-927d-50534b7bac21-225x300.jpg 225w, https:\/\/www.celttv.com.ar\/wp-content\/uploads\/2022\/08\/27cdb4df-3d98-4d39-927d-50534b7bac21-1152x1536.jpg 1152w, https:\/\/www.celttv.com.ar\/wp-content\/uploads\/2022\/08\/27cdb4df-3d98-4d39-927d-50534b7bac21-750x1000.jpg 750w, https:\/\/www.celttv.com.ar\/wp-content\/uploads\/2022\/08\/27cdb4df-3d98-4d39-927d-50534b7bac21-1140x1520.jpg 1140w, https:\/\/www.celttv.com.ar\/wp-content\/uploads\/2022\/08\/27cdb4df-3d98-4d39-927d-50534b7bac21.jpg 1200w\" sizes=\"auto, (max-width: 768px) 100vw, 768px\" \/><\/figure>\n\n\n<p>En tanto, Lara, en juvenil B profesional ( una categor\u00eda m\u00e1s alta) accedi\u00f3  tambi\u00e9n al podio con un primer puesto y destaque t\u00e9cnico para su coreograf\u00eda.<\/p>\n\n\n<p>Finalmente, Ana y Lara, hicieron juntas un d\u00fao, tambi\u00e9n logrando un primer puesto.<\/p>\n\n\n<p>Daiana Berl\u00edn, entrenadora de &#8220;Abre tus Aalas&#8221;, mencion\u00f3 que &#8220;hab\u00eda aproximadamente 120 acr\u00f3batas , y estamos felices de los resultados obtenidos ya que es nuestra primer competencia presencial&#8221;. <\/p>\n\n\n<figure class=\"wp-block-image size-large\"><img loading=\"lazy\" decoding=\"async\" width=\"576\" height=\"1024\" src=\"http:\/\/www.celttv.com.ar\/wp-content\/uploads\/2022\/08\/760cc660-f008-4ef3-ae9b-1cad55f28eba-576x1024.jpg\" alt=\"\" class=\"wp-image-68528\" srcset=\"https:\/\/www.celttv.com.ar\/wp-content\/uploads\/2022\/08\/760cc660-f008-4ef3-ae9b-1cad55f28eba-576x1024.jpg 576w, https:\/\/www.celttv.com.ar\/wp-content\/uploads\/2022\/08\/760cc660-f008-4ef3-ae9b-1cad55f28eba-169x300.jpg 169w, https:\/\/www.celttv.com.ar\/wp-content\/uploads\/2022\/08\/760cc660-f008-4ef3-ae9b-1cad55f28eba-768x1365.jpg 768w, https:\/\/www.celttv.com.ar\/wp-content\/uploads\/2022\/08\/760cc660-f008-4ef3-ae9b-1cad55f28eba-864x1536.jpg 864w, https:\/\/www.celttv.com.ar\/wp-content\/uploads\/2022\/08\/760cc660-f008-4ef3-ae9b-1cad55f28eba-750x1333.jpg 750w, https:\/\/www.celttv.com.ar\/wp-content\/uploads\/2022\/08\/760cc660-f008-4ef3-ae9b-1cad55f28eba.jpg 900w\" sizes=\"auto, (max-width: 576px) 100vw, 576px\" \/><\/figure>\n\n\n<p>&#8220;Las chicas trabajaron mucho durante varios meses y todo ese esfuerzo vali\u00f3 la pena .Soy una profe muy orgullosa y verlas disfrutar su coreo , realmente me lleno el coraz\u00f3n&#8221;, coment\u00f3 Daiana.<\/p>\n\n\n<p>&#8220;Las familias fueron un gran pilar, nos acompa\u00f1aron y apoyaron todo el d\u00eda. Abre tus Alas dio un gran paso y vienen m\u00e1s por delante&#8221;, concluy\u00f3.<\/p>\n\n\n<figure class=\"wp-block-image size-large\"><img loading=\"lazy\" decoding=\"async\" width=\"768\" height=\"1024\" src=\"http:\/\/www.celttv.com.ar\/wp-content\/uploads\/2022\/08\/d19b831f-3139-4261-b0a9-b336439d4ee7-768x1024.jpg\" alt=\"\" class=\"wp-image-68529\" srcset=\"https:\/\/www.celttv.com.ar\/wp-content\/uploads\/2022\/08\/d19b831f-3139-4261-b0a9-b336439d4ee7-768x1024.jpg 768w, https:\/\/www.celttv.com.ar\/wp-content\/uploads\/2022\/08\/d19b831f-3139-4261-b0a9-b336439d4ee7-225x300.jpg 225w, https:\/\/www.celttv.com.ar\/wp-content\/uploads\/2022\/08\/d19b831f-3139-4261-b0a9-b336439d4ee7-1152x1536.jpg 1152w, https:\/\/www.celttv.com.ar\/wp-content\/uploads\/2022\/08\/d19b831f-3139-4261-b0a9-b336439d4ee7-750x1000.jpg 750w, https:\/\/www.celttv.com.ar\/wp-content\/uploads\/2022\/08\/d19b831f-3139-4261-b0a9-b336439d4ee7-1140x1520.jpg 1140w, https:\/\/www.celttv.com.ar\/wp-content\/uploads\/2022\/08\/d19b831f-3139-4261-b0a9-b336439d4ee7.jpg 1200w\" sizes=\"auto, (max-width: 768px) 100vw, 768px\" \/><\/figure>\n","protected":false},"excerpt":{"rendered":"<p>Con importantes resultados debut\u00f3 el equipo de &#8220;Abre tus Alas&#8221; en la competencia nacional de acrobacia sobre telas &#8220;Buenos Aires Vuela&#8221;, la cual se llev\u00f3 a cabo en Mor\u00f3n. El s\u00e1bado 13 de agosto , cuatro alumnas de &#8220;Abre tus Alas&#8221;, Ana Sgammini, Lara Vanoli, Morena Fari\u00f1a Cleppe y M\u00eda Bonzini, participaron de la competencia [&hellip;]<\/p>\n","protected":false},"author":1,"featured_media":68526,"comment_status":"closed","ping_status":"open","sticky":false,"template":"","format":"standard","meta":{"footnotes":""},"categories":[55,51,60,62,52,56,63],"tags":[],"class_list":["post-68525","post","type-post","status-publish","format-standard","has-post-thumbnail","hentry","category-celt-tv-noticias","category-comunidad","category-deporte","category-deportes","category-destacadas","category-espectaculos","category-magazine-sport"],"yoast_head":"<!-- This site is optimized with the Yoast SEO plugin v19.7.1 - https:\/\/yoast.com\/wordpress\/plugins\/seo\/ -->\n<title>Buenos Aires Vuela: Importantes resultados obtuvo &quot;Abre tus Alas&quot; en una competencia de acrobacias sobre telas - CELTTV<\/title>\n<meta name=\"description\" content=\"Sitio web de noticias de la localidad de Tornquist, provincia de Buenos Aires, Rep\u00fablica Argentina. Contenido propio originado por periodistas de CELTTV, el canal de TV local de la Cooperativa El\u00e9ctrica de Tornquist. Turismo, Pol\u00edtica, Sociedad, Deporte, Cultura y todo el contenido de inter\u00e9s general que la gente del pueblo y la regi\u00f3n debe conocer.\" \/>\n<meta name=\"robots\" content=\"index, follow, max-snippet:-1, max-image-preview:large, max-video-preview:-1\" \/>\n<link rel=\"canonical\" href=\"https:\/\/www.celttv.com.ar\/index.php\/2022\/08\/16\/buenos-aires-vuela-importantes-resultados-obtuvo-abre-tus-alas-en-un-torneo-de-acrobacias-sobre-telas\/\" \/>\n<meta property=\"og:locale\" content=\"es_ES\" \/>\n<meta property=\"og:type\" content=\"article\" \/>\n<meta property=\"og:title\" content=\"Buenos Aires Vuela: Importantes resultados obtuvo &quot;Abre tus Alas&quot; en una competencia de acrobacias sobre telas - CELTTV\" \/>\n<meta property=\"og:description\" content=\"Sitio web de noticias de la localidad de Tornquist, provincia de Buenos Aires, Rep\u00fablica Argentina. Contenido propio originado por periodistas de CELTTV, el canal de TV local de la Cooperativa El\u00e9ctrica de Tornquist. Turismo, Pol\u00edtica, Sociedad, Deporte, Cultura y todo el contenido de inter\u00e9s general que la gente del pueblo y la regi\u00f3n debe conocer.\" \/>\n<meta property=\"og:url\" content=\"https:\/\/www.celttv.com.ar\/index.php\/2022\/08\/16\/buenos-aires-vuela-importantes-resultados-obtuvo-abre-tus-alas-en-un-torneo-de-acrobacias-sobre-telas\/\" \/>\n<meta property=\"og:site_name\" content=\"CELTTV\" \/>\n<meta property=\"article:publisher\" content=\"https:\/\/www.facebook.com\/celtTV\/\" \/>\n<meta property=\"article:published_time\" content=\"2022-08-16T14:15:41+00:00\" \/>\n<meta property=\"og:image\" content=\"https:\/\/www.celttv.com.ar\/wp-content\/uploads\/2022\/08\/ba809f2d-fa0f-4ba2-9fd3-2fb92972d85e.jpg\" \/>\n\t<meta property=\"og:image:width\" content=\"1080\" \/>\n\t<meta property=\"og:image:height\" content=\"940\" \/>\n\t<meta property=\"og:image:type\" content=\"image\/jpeg\" \/>\n<meta name=\"author\" content=\"ulises\" \/>\n<meta name=\"twitter:card\" content=\"summary_large_image\" \/>\n<meta name=\"twitter:label1\" content=\"Escrito por\" \/>\n\t<meta name=\"twitter:data1\" content=\"ulises\" \/>\n\t<meta name=\"twitter:label2\" content=\"Tiempo de lectura\" \/>\n\t<meta name=\"twitter:data2\" content=\"1 minuto\" \/>\n<script type=\"application\/ld+json\" class=\"yoast-schema-graph\">{\"@context\":\"https:\/\/schema.org\",\"@graph\":[{\"@type\":\"NewsArticle\",\"@id\":\"https:\/\/www.celttv.com.ar\/index.php\/2022\/08\/16\/buenos-aires-vuela-importantes-resultados-obtuvo-abre-tus-alas-en-un-torneo-de-acrobacias-sobre-telas\/#article\",\"isPartOf\":{\"@id\":\"https:\/\/www.celttv.com.ar\/index.php\/2022\/08\/16\/buenos-aires-vuela-importantes-resultados-obtuvo-abre-tus-alas-en-un-torneo-de-acrobacias-sobre-telas\/\"},\"author\":{\"name\":\"ulises\",\"@id\":\"https:\/\/www.celttv.com.ar\/#\/schema\/person\/6d99c072dba59953809c81446e9d0ace\"},\"headline\":\"Buenos Aires Vuela: Importantes resultados obtuvo &#8220;Abre tus Alas&#8221; en una competencia de acrobacias sobre telas\",\"datePublished\":\"2022-08-16T14:15:41+00:00\",\"dateModified\":\"2022-08-16T14:15:41+00:00\",\"mainEntityOfPage\":{\"@id\":\"https:\/\/www.celttv.com.ar\/index.php\/2022\/08\/16\/buenos-aires-vuela-importantes-resultados-obtuvo-abre-tus-alas-en-un-torneo-de-acrobacias-sobre-telas\/\"},\"wordCount\":292,\"publisher\":{\"@id\":\"https:\/\/www.celttv.com.ar\/#organization\"},\"articleSection\":[\"Celt TV Noticias\",\"Comunidad\",\"Deporte\",\"Deportes\",\"Destacadas\",\"Espect\u00e1culos\",\"Magazine Sport\"],\"inLanguage\":\"es\"},{\"@type\":\"WebPage\",\"@id\":\"https:\/\/www.celttv.com.ar\/index.php\/2022\/08\/16\/buenos-aires-vuela-importantes-resultados-obtuvo-abre-tus-alas-en-un-torneo-de-acrobacias-sobre-telas\/\",\"url\":\"https:\/\/www.celttv.com.ar\/index.php\/2022\/08\/16\/buenos-aires-vuela-importantes-resultados-obtuvo-abre-tus-alas-en-un-torneo-de-acrobacias-sobre-telas\/\",\"name\":\"Buenos Aires Vuela: Importantes resultados obtuvo \\\"Abre tus Alas\\\" en una competencia de acrobacias sobre telas - CELTTV\",\"isPartOf\":{\"@id\":\"https:\/\/www.celttv.com.ar\/#website\"},\"datePublished\":\"2022-08-16T14:15:41+00:00\",\"dateModified\":\"2022-08-16T14:15:41+00:00\",\"description\":\"Sitio web de noticias de la localidad de Tornquist, provincia de Buenos Aires, Rep\u00fablica Argentina. Contenido propio originado por periodistas de CELTTV, el canal de TV local de la Cooperativa El\u00e9ctrica de Tornquist. Turismo, Pol\u00edtica, Sociedad, Deporte, Cultura y todo el contenido de inter\u00e9s general que la gente del pueblo y la regi\u00f3n debe conocer.\",\"breadcrumb\":{\"@id\":\"https:\/\/www.celttv.com.ar\/index.php\/2022\/08\/16\/buenos-aires-vuela-importantes-resultados-obtuvo-abre-tus-alas-en-un-torneo-de-acrobacias-sobre-telas\/#breadcrumb\"},\"inLanguage\":\"es\",\"potentialAction\":[{\"@type\":\"ReadAction\",\"target\":[\"https:\/\/www.celttv.com.ar\/index.php\/2022\/08\/16\/buenos-aires-vuela-importantes-resultados-obtuvo-abre-tus-alas-en-un-torneo-de-acrobacias-sobre-telas\/\"]}]},{\"@type\":\"BreadcrumbList\",\"@id\":\"https:\/\/www.celttv.com.ar\/index.php\/2022\/08\/16\/buenos-aires-vuela-importantes-resultados-obtuvo-abre-tus-alas-en-un-torneo-de-acrobacias-sobre-telas\/#breadcrumb\",\"itemListElement\":[{\"@type\":\"ListItem\",\"position\":1,\"name\":\"Inicio\",\"item\":\"https:\/\/www.celttv.com.ar\/\"},{\"@type\":\"ListItem\",\"position\":2,\"name\":\"Buenos Aires Vuela: Importantes resultados obtuvo &#8220;Abre tus Alas&#8221; en una competencia de acrobacias sobre telas\"}]},{\"@type\":\"WebSite\",\"@id\":\"https:\/\/www.celttv.com.ar\/#website\",\"url\":\"https:\/\/www.celttv.com.ar\/\",\"name\":\"CELTTV\",\"description\":\"Cooperativa El\u00e9ctrica de Tornquist\",\"publisher\":{\"@id\":\"https:\/\/www.celttv.com.ar\/#organization\"},\"potentialAction\":[{\"@type\":\"SearchAction\",\"target\":{\"@type\":\"EntryPoint\",\"urlTemplate\":\"https:\/\/www.celttv.com.ar\/?s={search_term_string}\"},\"query-input\":\"required name=search_term_string\"}],\"inLanguage\":\"es\"},{\"@type\":\"Organization\",\"@id\":\"https:\/\/www.celttv.com.ar\/#organization\",\"name\":\"CELTTV\",\"url\":\"https:\/\/www.celttv.com.ar\/\",\"sameAs\":[\"https:\/\/www.youtube.com\/channel\/UCz_oIt8Hig64Ub-EmcNPIhg\",\"https:\/\/www.facebook.com\/celtTV\/\"],\"logo\":{\"@type\":\"ImageObject\",\"inLanguage\":\"es\",\"@id\":\"https:\/\/www.celttv.com.ar\/#\/schema\/logo\/image\/\",\"url\":\"http:\/\/www.celttv.com.ar\/wp-content\/uploads\/2022\/08\/logo-1.png\",\"contentUrl\":\"http:\/\/www.celttv.com.ar\/wp-content\/uploads\/2022\/08\/logo-1.png\",\"width\":461,\"height\":159,\"caption\":\"CELTTV\"},\"image\":{\"@id\":\"https:\/\/www.celttv.com.ar\/#\/schema\/logo\/image\/\"}},{\"@type\":\"Person\",\"@id\":\"https:\/\/www.celttv.com.ar\/#\/schema\/person\/6d99c072dba59953809c81446e9d0ace\",\"name\":\"ulises\",\"image\":{\"@type\":\"ImageObject\",\"inLanguage\":\"es\",\"@id\":\"https:\/\/www.celttv.com.ar\/#\/schema\/person\/image\/\",\"url\":\"https:\/\/secure.gravatar.com\/avatar\/7f2c48bdc33b30088f941fb6082e555f2874c98e20cb159d7b92b50eadfce793?s=96&d=mm&r=g\",\"contentUrl\":\"https:\/\/secure.gravatar.com\/avatar\/7f2c48bdc33b30088f941fb6082e555f2874c98e20cb159d7b92b50eadfce793?s=96&d=mm&r=g\",\"caption\":\"ulises\"},\"sameAs\":[\"http:\/\/www.celttv.com.ar\"]}]}<\/script>\n<!-- \/ Yoast SEO plugin. -->","yoast_head_json":{"title":"Buenos Aires Vuela: Importantes resultados obtuvo \"Abre tus Alas\" en una competencia de acrobacias sobre telas - CELTTV","description":"Sitio web de noticias de la localidad de Tornquist, provincia de Buenos Aires, Rep\u00fablica Argentina. Contenido propio originado por periodistas de CELTTV, el canal de TV local de la Cooperativa El\u00e9ctrica de Tornquist. Turismo, Pol\u00edtica, Sociedad, Deporte, Cultura y todo el contenido de inter\u00e9s general que la gente del pueblo y la regi\u00f3n debe conocer.","robots":{"index":"index","follow":"follow","max-snippet":"max-snippet:-1","max-image-preview":"max-image-preview:large","max-video-preview":"max-video-preview:-1"},"canonical":"https:\/\/www.celttv.com.ar\/index.php\/2022\/08\/16\/buenos-aires-vuela-importantes-resultados-obtuvo-abre-tus-alas-en-un-torneo-de-acrobacias-sobre-telas\/","og_locale":"es_ES","og_type":"article","og_title":"Buenos Aires Vuela: Importantes resultados obtuvo \"Abre tus Alas\" en una competencia de acrobacias sobre telas - CELTTV","og_description":"Sitio web de noticias de la localidad de Tornquist, provincia de Buenos Aires, Rep\u00fablica Argentina. Contenido propio originado por periodistas de CELTTV, el canal de TV local de la Cooperativa El\u00e9ctrica de Tornquist. Turismo, Pol\u00edtica, Sociedad, Deporte, Cultura y todo el contenido de inter\u00e9s general que la gente del pueblo y la regi\u00f3n debe conocer.","og_url":"https:\/\/www.celttv.com.ar\/index.php\/2022\/08\/16\/buenos-aires-vuela-importantes-resultados-obtuvo-abre-tus-alas-en-un-torneo-de-acrobacias-sobre-telas\/","og_site_name":"CELTTV","article_publisher":"https:\/\/www.facebook.com\/celtTV\/","article_published_time":"2022-08-16T14:15:41+00:00","og_image":[{"width":1080,"height":940,"url":"https:\/\/www.celttv.com.ar\/wp-content\/uploads\/2022\/08\/ba809f2d-fa0f-4ba2-9fd3-2fb92972d85e.jpg","type":"image\/jpeg"}],"author":"ulises","twitter_card":"summary_large_image","twitter_misc":{"Escrito por":"ulises","Tiempo de lectura":"1 minuto"},"schema":{"@context":"https:\/\/schema.org","@graph":[{"@type":"NewsArticle","@id":"https:\/\/www.celttv.com.ar\/index.php\/2022\/08\/16\/buenos-aires-vuela-importantes-resultados-obtuvo-abre-tus-alas-en-un-torneo-de-acrobacias-sobre-telas\/#article","isPartOf":{"@id":"https:\/\/www.celttv.com.ar\/index.php\/2022\/08\/16\/buenos-aires-vuela-importantes-resultados-obtuvo-abre-tus-alas-en-un-torneo-de-acrobacias-sobre-telas\/"},"author":{"name":"ulises","@id":"https:\/\/www.celttv.com.ar\/#\/schema\/person\/6d99c072dba59953809c81446e9d0ace"},"headline":"Buenos Aires Vuela: Importantes resultados obtuvo &#8220;Abre tus Alas&#8221; en una competencia de acrobacias sobre telas","datePublished":"2022-08-16T14:15:41+00:00","dateModified":"2022-08-16T14:15:41+00:00","mainEntityOfPage":{"@id":"https:\/\/www.celttv.com.ar\/index.php\/2022\/08\/16\/buenos-aires-vuela-importantes-resultados-obtuvo-abre-tus-alas-en-un-torneo-de-acrobacias-sobre-telas\/"},"wordCount":292,"publisher":{"@id":"https:\/\/www.celttv.com.ar\/#organization"},"articleSection":["Celt TV Noticias","Comunidad","Deporte","Deportes","Destacadas","Espect\u00e1culos","Magazine Sport"],"inLanguage":"es"},{"@type":"WebPage","@id":"https:\/\/www.celttv.com.ar\/index.php\/2022\/08\/16\/buenos-aires-vuela-importantes-resultados-obtuvo-abre-tus-alas-en-un-torneo-de-acrobacias-sobre-telas\/","url":"https:\/\/www.celttv.com.ar\/index.php\/2022\/08\/16\/buenos-aires-vuela-importantes-resultados-obtuvo-abre-tus-alas-en-un-torneo-de-acrobacias-sobre-telas\/","name":"Buenos Aires Vuela: Importantes resultados obtuvo \"Abre tus Alas\" en una competencia de acrobacias sobre telas - CELTTV","isPartOf":{"@id":"https:\/\/www.celttv.com.ar\/#website"},"datePublished":"2022-08-16T14:15:41+00:00","dateModified":"2022-08-16T14:15:41+00:00","description":"Sitio web de noticias de la localidad de Tornquist, provincia de Buenos Aires, Rep\u00fablica Argentina. Contenido propio originado por periodistas de CELTTV, el canal de TV local de la Cooperativa El\u00e9ctrica de Tornquist. Turismo, Pol\u00edtica, Sociedad, Deporte, Cultura y todo el contenido de inter\u00e9s general que la gente del pueblo y la regi\u00f3n debe conocer.","breadcrumb":{"@id":"https:\/\/www.celttv.com.ar\/index.php\/2022\/08\/16\/buenos-aires-vuela-importantes-resultados-obtuvo-abre-tus-alas-en-un-torneo-de-acrobacias-sobre-telas\/#breadcrumb"},"inLanguage":"es","potentialAction":[{"@type":"ReadAction","target":["https:\/\/www.celttv.com.ar\/index.php\/2022\/08\/16\/buenos-aires-vuela-importantes-resultados-obtuvo-abre-tus-alas-en-un-torneo-de-acrobacias-sobre-telas\/"]}]},{"@type":"BreadcrumbList","@id":"https:\/\/www.celttv.com.ar\/index.php\/2022\/08\/16\/buenos-aires-vuela-importantes-resultados-obtuvo-abre-tus-alas-en-un-torneo-de-acrobacias-sobre-telas\/#breadcrumb","itemListElement":[{"@type":"ListItem","position":1,"name":"Inicio","item":"https:\/\/www.celttv.com.ar\/"},{"@type":"ListItem","position":2,"name":"Buenos Aires Vuela: Importantes resultados obtuvo &#8220;Abre tus Alas&#8221; en una competencia de acrobacias sobre telas"}]},{"@type":"WebSite","@id":"https:\/\/www.celttv.com.ar\/#website","url":"https:\/\/www.celttv.com.ar\/","name":"CELTTV","description":"Cooperativa El\u00e9ctrica de Tornquist","publisher":{"@id":"https:\/\/www.celttv.com.ar\/#organization"},"potentialAction":[{"@type":"SearchAction","target":{"@type":"EntryPoint","urlTemplate":"https:\/\/www.celttv.com.ar\/?s={search_term_string}"},"query-input":"required name=search_term_string"}],"inLanguage":"es"},{"@type":"Organization","@id":"https:\/\/www.celttv.com.ar\/#organization","name":"CELTTV","url":"https:\/\/www.celttv.com.ar\/","sameAs":["https:\/\/www.youtube.com\/channel\/UCz_oIt8Hig64Ub-EmcNPIhg","https:\/\/www.facebook.com\/celtTV\/"],"logo":{"@type":"ImageObject","inLanguage":"es","@id":"https:\/\/www.celttv.com.ar\/#\/schema\/logo\/image\/","url":"http:\/\/www.celttv.com.ar\/wp-content\/uploads\/2022\/08\/logo-1.png","contentUrl":"http:\/\/www.celttv.com.ar\/wp-content\/uploads\/2022\/08\/logo-1.png","width":461,"height":159,"caption":"CELTTV"},"image":{"@id":"https:\/\/www.celttv.com.ar\/#\/schema\/logo\/image\/"}},{"@type":"Person","@id":"https:\/\/www.celttv.com.ar\/#\/schema\/person\/6d99c072dba59953809c81446e9d0ace","name":"ulises","image":{"@type":"ImageObject","inLanguage":"es","@id":"https:\/\/www.celttv.com.ar\/#\/schema\/person\/image\/","url":"https:\/\/secure.gravatar.com\/avatar\/7f2c48bdc33b30088f941fb6082e555f2874c98e20cb159d7b92b50eadfce793?s=96&d=mm&r=g","contentUrl":"https:\/\/secure.gravatar.com\/avatar\/7f2c48bdc33b30088f941fb6082e555f2874c98e20cb159d7b92b50eadfce793?s=96&d=mm&r=g","caption":"ulises"},"sameAs":["http:\/\/www.celttv.com.ar"]}]}},"_links":{"self":[{"href":"https:\/\/www.celttv.com.ar\/index.php\/wp-json\/wp\/v2\/posts\/68525","targetHints":{"allow":["GET"]}}],"collection":[{"href":"https:\/\/www.celttv.com.ar\/index.php\/wp-json\/wp\/v2\/posts"}],"about":[{"href":"https:\/\/www.celttv.com.ar\/index.php\/wp-json\/wp\/v2\/types\/post"}],"author":[{"embeddable":true,"href":"https:\/\/www.celttv.com.ar\/index.php\/wp-json\/wp\/v2\/users\/1"}],"replies":[{"embeddable":true,"href":"https:\/\/www.celttv.com.ar\/index.php\/wp-json\/wp\/v2\/comments?post=68525"}],"version-history":[{"count":0,"href":"https:\/\/www.celttv.com.ar\/index.php\/wp-json\/wp\/v2\/posts\/68525\/revisions"}],"wp:featuredmedia":[{"embeddable":true,"href":"https:\/\/www.celttv.com.ar\/index.php\/wp-json\/wp\/v2\/media\/68526"}],"wp:attachment":[{"href":"https:\/\/www.celttv.com.ar\/index.php\/wp-json\/wp\/v2\/media?parent=68525"}],"wp:term":[{"taxonomy":"category","embeddable":true,"href":"https:\/\/www.celttv.com.ar\/index.php\/wp-json\/wp\/v2\/categories?post=68525"},{"taxonomy":"post_tag","embeddable":true,"href":"https:\/\/www.celttv.com.ar\/index.php\/wp-json\/wp\/v2\/tags?post=68525"}],"curies":[{"name":"wp","href":"https:\/\/api.w.org\/{rel}","templated":true}]}}