{"id":68534,"date":"2022-08-17T02:39:14","date_gmt":"2022-08-17T02:39:14","guid":{"rendered":"http:\/\/www.celttv.com.ar\/?p=68534"},"modified":"2022-08-17T02:39:14","modified_gmt":"2022-08-17T02:39:14","slug":"recuerdan-la-vigencia-de-la-ordenanza-que-establece-multas-sobre-el-uso-y-circulacion-en-caminos-rurales","status":"publish","type":"post","link":"https:\/\/www.celttv.com.ar\/index.php\/2022\/08\/17\/recuerdan-la-vigencia-de-la-ordenanza-que-establece-multas-sobre-el-uso-y-circulacion-en-caminos-rurales\/","title":{"rendered":"Recuerdan la vigencia de la ordenanza que establece multas sobre el uso y circulaci\u00f3n en caminos rurales"},"content":{"rendered":"\n<p>La Comisi\u00f3n Asesora Vial Municipal (CAVM) de Tornquist recuerda que se encuentra vigente la Ordenanza N\u00b0 110\/85, mediante la cual se establecen multas por, entre otras infracciones, acciones indebidas sobre los caminos rurales del distrito.<\/p>\n\n\n<p>La norma fija contravenciones por:<\/p>\n\n\n<p>-Desviar, estrechar, obstruir o cercar calles, caminos p\u00fablicos y veredas sin autorizaci\u00f3n municipal;<\/p>\n\n\n<p>-Sacar tierra y\/o arena de calles o caminos sin autorizaci\u00f3n y sin perjuicio de su reposici\u00f3n;<\/p>\n\n\n<p>-Transitar tractores, veh\u00edculos pesados o camionetas con doble tracci\u00f3n durante los d\u00edas de lluvia o inmediatamente despu\u00e9s, sin aguardar que los caminos se hayan oreado;<\/p>\n\n\n<p>-Transitar con veh\u00edculos 4&#215;4, realizando traves\u00edas por caminos rurales sin permiso municipal;<\/p>\n\n\n<p>-Abandono de animales en la V\u00eda P\u00fablica, como equinos, bovinos, lanares y porcinos.<\/p>\n\n\n<p>El presente recordatorio surge a ra\u00edz de que, durante los d\u00edas de precipitaciones de la semana pasada, hubo circulaci\u00f3n de veh\u00edculos pesados y maquinaria agr\u00edcola, lo que provoc\u00f3 el deterioro de los caminos, que hab\u00edan sido reparados breve tiempo antes en el marco de los trabajos que lleva adelante la CAVM.<\/p>\n\n\n<figure class=\"wp-block-image size-large\"><img loading=\"lazy\" decoding=\"async\" width=\"960\" height=\"695\" src=\"http:\/\/www.celttv.com.ar\/wp-content\/uploads\/2022\/08\/Camino-rural-Tqt.jpg\" alt=\"\" class=\"wp-image-68535\" srcset=\"https:\/\/www.celttv.com.ar\/wp-content\/uploads\/2022\/08\/Camino-rural-Tqt.jpg 960w, https:\/\/www.celttv.com.ar\/wp-content\/uploads\/2022\/08\/Camino-rural-Tqt-300x217.jpg 300w, https:\/\/www.celttv.com.ar\/wp-content\/uploads\/2022\/08\/Camino-rural-Tqt-768x556.jpg 768w, https:\/\/www.celttv.com.ar\/wp-content\/uploads\/2022\/08\/Camino-rural-Tqt-120x86.jpg 120w, https:\/\/www.celttv.com.ar\/wp-content\/uploads\/2022\/08\/Camino-rural-Tqt-750x543.jpg 750w\" sizes=\"auto, (max-width: 960px) 100vw, 960px\" \/><\/figure>\n","protected":false},"excerpt":{"rendered":"<p>La Comisi\u00f3n Asesora Vial Municipal (CAVM) de Tornquist recuerda que se encuentra vigente la Ordenanza N\u00b0 110\/85, mediante la cual se establecen multas por, entre otras infracciones, acciones indebidas sobre los caminos rurales del distrito. La norma fija contravenciones por: -Desviar, estrechar, obstruir o cercar calles, caminos p\u00fablicos y veredas sin autorizaci\u00f3n municipal; -Sacar tierra [&hellip;]<\/p>\n","protected":false},"author":1,"featured_media":68535,"comment_status":"closed","ping_status":"open","sticky":false,"template":"","format":"standard","meta":{"footnotes":""},"categories":[51,52,59,65],"tags":[],"class_list":["post-68534","post","type-post","status-publish","format-standard","has-post-thumbnail","hentry","category-comunidad","category-destacadas","category-municipales","category-produccion"],"yoast_head":"<!-- This site is optimized with the Yoast SEO plugin v19.7.1 - https:\/\/yoast.com\/wordpress\/plugins\/seo\/ -->\n<title>Recuerdan la vigencia de la ordenanza que establece multas sobre el uso y circulaci\u00f3n en caminos rurales - CELTTV<\/title>\n<meta name=\"description\" content=\"Sitio web de noticias de la localidad de Tornquist, provincia de Buenos Aires, Rep\u00fablica Argentina. Contenido propio originado por periodistas de CELTTV, el canal de TV local de la Cooperativa El\u00e9ctrica de Tornquist. Turismo, Pol\u00edtica, Sociedad, Deporte, Cultura y todo el contenido de inter\u00e9s general que la gente del pueblo y la regi\u00f3n debe conocer.\" \/>\n<meta name=\"robots\" content=\"index, follow, max-snippet:-1, max-image-preview:large, max-video-preview:-1\" \/>\n<link rel=\"canonical\" href=\"https:\/\/www.celttv.com.ar\/index.php\/2022\/08\/17\/recuerdan-la-vigencia-de-la-ordenanza-que-establece-multas-sobre-el-uso-y-circulacion-en-caminos-rurales\/\" \/>\n<meta property=\"og:locale\" content=\"es_ES\" \/>\n<meta property=\"og:type\" content=\"article\" \/>\n<meta property=\"og:title\" content=\"Recuerdan la vigencia de la ordenanza que establece multas sobre el uso y circulaci\u00f3n en caminos rurales - CELTTV\" \/>\n<meta property=\"og:description\" content=\"Sitio web de noticias de la localidad de Tornquist, provincia de Buenos Aires, Rep\u00fablica Argentina. Contenido propio originado por periodistas de CELTTV, el canal de TV local de la Cooperativa El\u00e9ctrica de Tornquist. Turismo, Pol\u00edtica, Sociedad, Deporte, Cultura y todo el contenido de inter\u00e9s general que la gente del pueblo y la regi\u00f3n debe conocer.\" \/>\n<meta property=\"og:url\" content=\"https:\/\/www.celttv.com.ar\/index.php\/2022\/08\/17\/recuerdan-la-vigencia-de-la-ordenanza-que-establece-multas-sobre-el-uso-y-circulacion-en-caminos-rurales\/\" \/>\n<meta property=\"og:site_name\" content=\"CELTTV\" \/>\n<meta property=\"article:publisher\" content=\"https:\/\/www.facebook.com\/celtTV\/\" \/>\n<meta property=\"article:published_time\" content=\"2022-08-17T02:39:14+00:00\" \/>\n<meta property=\"og:image\" content=\"https:\/\/www.celttv.com.ar\/wp-content\/uploads\/2022\/08\/Camino-rural-Tqt.jpg\" \/>\n\t<meta property=\"og:image:width\" content=\"960\" \/>\n\t<meta property=\"og:image:height\" content=\"695\" \/>\n\t<meta property=\"og:image:type\" content=\"image\/jpeg\" \/>\n<meta name=\"author\" content=\"ulises\" \/>\n<meta name=\"twitter:card\" content=\"summary_large_image\" \/>\n<meta name=\"twitter:label1\" content=\"Escrito por\" \/>\n\t<meta name=\"twitter:data1\" content=\"ulises\" \/>\n\t<meta name=\"twitter:label2\" content=\"Tiempo de lectura\" \/>\n\t<meta name=\"twitter:data2\" content=\"1 minuto\" \/>\n<script type=\"application\/ld+json\" class=\"yoast-schema-graph\">{\"@context\":\"https:\/\/schema.org\",\"@graph\":[{\"@type\":\"NewsArticle\",\"@id\":\"https:\/\/www.celttv.com.ar\/index.php\/2022\/08\/17\/recuerdan-la-vigencia-de-la-ordenanza-que-establece-multas-sobre-el-uso-y-circulacion-en-caminos-rurales\/#article\",\"isPartOf\":{\"@id\":\"https:\/\/www.celttv.com.ar\/index.php\/2022\/08\/17\/recuerdan-la-vigencia-de-la-ordenanza-que-establece-multas-sobre-el-uso-y-circulacion-en-caminos-rurales\/\"},\"author\":{\"name\":\"ulises\",\"@id\":\"https:\/\/www.celttv.com.ar\/#\/schema\/person\/6d99c072dba59953809c81446e9d0ace\"},\"headline\":\"Recuerdan la vigencia de la ordenanza que establece multas sobre el uso y circulaci\u00f3n en caminos rurales\",\"datePublished\":\"2022-08-17T02:39:14+00:00\",\"dateModified\":\"2022-08-17T02:39:14+00:00\",\"mainEntityOfPage\":{\"@id\":\"https:\/\/www.celttv.com.ar\/index.php\/2022\/08\/17\/recuerdan-la-vigencia-de-la-ordenanza-que-establece-multas-sobre-el-uso-y-circulacion-en-caminos-rurales\/\"},\"wordCount\":207,\"publisher\":{\"@id\":\"https:\/\/www.celttv.com.ar\/#organization\"},\"articleSection\":[\"Comunidad\",\"Destacadas\",\"Municipales\",\"Producci\u00f3n y Medio Ambiente\"],\"inLanguage\":\"es\"},{\"@type\":\"WebPage\",\"@id\":\"https:\/\/www.celttv.com.ar\/index.php\/2022\/08\/17\/recuerdan-la-vigencia-de-la-ordenanza-que-establece-multas-sobre-el-uso-y-circulacion-en-caminos-rurales\/\",\"url\":\"https:\/\/www.celttv.com.ar\/index.php\/2022\/08\/17\/recuerdan-la-vigencia-de-la-ordenanza-que-establece-multas-sobre-el-uso-y-circulacion-en-caminos-rurales\/\",\"name\":\"Recuerdan la vigencia de la ordenanza que establece multas sobre el uso y circulaci\u00f3n en caminos rurales - CELTTV\",\"isPartOf\":{\"@id\":\"https:\/\/www.celttv.com.ar\/#website\"},\"datePublished\":\"2022-08-17T02:39:14+00:00\",\"dateModified\":\"2022-08-17T02:39:14+00:00\",\"description\":\"Sitio web de noticias de la localidad de Tornquist, provincia de Buenos Aires, Rep\u00fablica Argentina. Contenido propio originado por periodistas de CELTTV, el canal de TV local de la Cooperativa El\u00e9ctrica de Tornquist. Turismo, Pol\u00edtica, Sociedad, Deporte, Cultura y todo el contenido de inter\u00e9s general que la gente del pueblo y la regi\u00f3n debe conocer.\",\"breadcrumb\":{\"@id\":\"https:\/\/www.celttv.com.ar\/index.php\/2022\/08\/17\/recuerdan-la-vigencia-de-la-ordenanza-que-establece-multas-sobre-el-uso-y-circulacion-en-caminos-rurales\/#breadcrumb\"},\"inLanguage\":\"es\",\"potentialAction\":[{\"@type\":\"ReadAction\",\"target\":[\"https:\/\/www.celttv.com.ar\/index.php\/2022\/08\/17\/recuerdan-la-vigencia-de-la-ordenanza-que-establece-multas-sobre-el-uso-y-circulacion-en-caminos-rurales\/\"]}]},{\"@type\":\"BreadcrumbList\",\"@id\":\"https:\/\/www.celttv.com.ar\/index.php\/2022\/08\/17\/recuerdan-la-vigencia-de-la-ordenanza-que-establece-multas-sobre-el-uso-y-circulacion-en-caminos-rurales\/#breadcrumb\",\"itemListElement\":[{\"@type\":\"ListItem\",\"position\":1,\"name\":\"Inicio\",\"item\":\"https:\/\/www.celttv.com.ar\/\"},{\"@type\":\"ListItem\",\"position\":2,\"name\":\"Recuerdan la vigencia de la ordenanza que establece multas sobre el uso y circulaci\u00f3n en caminos rurales\"}]},{\"@type\":\"WebSite\",\"@id\":\"https:\/\/www.celttv.com.ar\/#website\",\"url\":\"https:\/\/www.celttv.com.ar\/\",\"name\":\"CELTTV\",\"description\":\"Cooperativa El\u00e9ctrica de Tornquist\",\"publisher\":{\"@id\":\"https:\/\/www.celttv.com.ar\/#organization\"},\"potentialAction\":[{\"@type\":\"SearchAction\",\"target\":{\"@type\":\"EntryPoint\",\"urlTemplate\":\"https:\/\/www.celttv.com.ar\/?s={search_term_string}\"},\"query-input\":\"required name=search_term_string\"}],\"inLanguage\":\"es\"},{\"@type\":\"Organization\",\"@id\":\"https:\/\/www.celttv.com.ar\/#organization\",\"name\":\"CELTTV\",\"url\":\"https:\/\/www.celttv.com.ar\/\",\"sameAs\":[\"https:\/\/www.youtube.com\/channel\/UCz_oIt8Hig64Ub-EmcNPIhg\",\"https:\/\/www.facebook.com\/celtTV\/\"],\"logo\":{\"@type\":\"ImageObject\",\"inLanguage\":\"es\",\"@id\":\"https:\/\/www.celttv.com.ar\/#\/schema\/logo\/image\/\",\"url\":\"http:\/\/www.celttv.com.ar\/wp-content\/uploads\/2022\/08\/logo-1.png\",\"contentUrl\":\"http:\/\/www.celttv.com.ar\/wp-content\/uploads\/2022\/08\/logo-1.png\",\"width\":461,\"height\":159,\"caption\":\"CELTTV\"},\"image\":{\"@id\":\"https:\/\/www.celttv.com.ar\/#\/schema\/logo\/image\/\"}},{\"@type\":\"Person\",\"@id\":\"https:\/\/www.celttv.com.ar\/#\/schema\/person\/6d99c072dba59953809c81446e9d0ace\",\"name\":\"ulises\",\"image\":{\"@type\":\"ImageObject\",\"inLanguage\":\"es\",\"@id\":\"https:\/\/www.celttv.com.ar\/#\/schema\/person\/image\/\",\"url\":\"https:\/\/secure.gravatar.com\/avatar\/7f2c48bdc33b30088f941fb6082e555f2874c98e20cb159d7b92b50eadfce793?s=96&d=mm&r=g\",\"contentUrl\":\"https:\/\/secure.gravatar.com\/avatar\/7f2c48bdc33b30088f941fb6082e555f2874c98e20cb159d7b92b50eadfce793?s=96&d=mm&r=g\",\"caption\":\"ulises\"},\"sameAs\":[\"http:\/\/www.celttv.com.ar\"]}]}<\/script>\n<!-- \/ Yoast SEO plugin. -->","yoast_head_json":{"title":"Recuerdan la vigencia de la ordenanza que establece multas sobre el uso y circulaci\u00f3n en caminos rurales - CELTTV","description":"Sitio web de noticias de la localidad de Tornquist, provincia de Buenos Aires, Rep\u00fablica Argentina. Contenido propio originado por periodistas de CELTTV, el canal de TV local de la Cooperativa El\u00e9ctrica de Tornquist. Turismo, Pol\u00edtica, Sociedad, Deporte, Cultura y todo el contenido de inter\u00e9s general que la gente del pueblo y la regi\u00f3n debe conocer.","robots":{"index":"index","follow":"follow","max-snippet":"max-snippet:-1","max-image-preview":"max-image-preview:large","max-video-preview":"max-video-preview:-1"},"canonical":"https:\/\/www.celttv.com.ar\/index.php\/2022\/08\/17\/recuerdan-la-vigencia-de-la-ordenanza-que-establece-multas-sobre-el-uso-y-circulacion-en-caminos-rurales\/","og_locale":"es_ES","og_type":"article","og_title":"Recuerdan la vigencia de la ordenanza que establece multas sobre el uso y circulaci\u00f3n en caminos rurales - CELTTV","og_description":"Sitio web de noticias de la localidad de Tornquist, provincia de Buenos Aires, Rep\u00fablica Argentina. Contenido propio originado por periodistas de CELTTV, el canal de TV local de la Cooperativa El\u00e9ctrica de Tornquist. Turismo, Pol\u00edtica, Sociedad, Deporte, Cultura y todo el contenido de inter\u00e9s general que la gente del pueblo y la regi\u00f3n debe conocer.","og_url":"https:\/\/www.celttv.com.ar\/index.php\/2022\/08\/17\/recuerdan-la-vigencia-de-la-ordenanza-que-establece-multas-sobre-el-uso-y-circulacion-en-caminos-rurales\/","og_site_name":"CELTTV","article_publisher":"https:\/\/www.facebook.com\/celtTV\/","article_published_time":"2022-08-17T02:39:14+00:00","og_image":[{"width":960,"height":695,"url":"https:\/\/www.celttv.com.ar\/wp-content\/uploads\/2022\/08\/Camino-rural-Tqt.jpg","type":"image\/jpeg"}],"author":"ulises","twitter_card":"summary_large_image","twitter_misc":{"Escrito por":"ulises","Tiempo de lectura":"1 minuto"},"schema":{"@context":"https:\/\/schema.org","@graph":[{"@type":"NewsArticle","@id":"https:\/\/www.celttv.com.ar\/index.php\/2022\/08\/17\/recuerdan-la-vigencia-de-la-ordenanza-que-establece-multas-sobre-el-uso-y-circulacion-en-caminos-rurales\/#article","isPartOf":{"@id":"https:\/\/www.celttv.com.ar\/index.php\/2022\/08\/17\/recuerdan-la-vigencia-de-la-ordenanza-que-establece-multas-sobre-el-uso-y-circulacion-en-caminos-rurales\/"},"author":{"name":"ulises","@id":"https:\/\/www.celttv.com.ar\/#\/schema\/person\/6d99c072dba59953809c81446e9d0ace"},"headline":"Recuerdan la vigencia de la ordenanza que establece multas sobre el uso y circulaci\u00f3n en caminos rurales","datePublished":"2022-08-17T02:39:14+00:00","dateModified":"2022-08-17T02:39:14+00:00","mainEntityOfPage":{"@id":"https:\/\/www.celttv.com.ar\/index.php\/2022\/08\/17\/recuerdan-la-vigencia-de-la-ordenanza-que-establece-multas-sobre-el-uso-y-circulacion-en-caminos-rurales\/"},"wordCount":207,"publisher":{"@id":"https:\/\/www.celttv.com.ar\/#organization"},"articleSection":["Comunidad","Destacadas","Municipales","Producci\u00f3n y Medio Ambiente"],"inLanguage":"es"},{"@type":"WebPage","@id":"https:\/\/www.celttv.com.ar\/index.php\/2022\/08\/17\/recuerdan-la-vigencia-de-la-ordenanza-que-establece-multas-sobre-el-uso-y-circulacion-en-caminos-rurales\/","url":"https:\/\/www.celttv.com.ar\/index.php\/2022\/08\/17\/recuerdan-la-vigencia-de-la-ordenanza-que-establece-multas-sobre-el-uso-y-circulacion-en-caminos-rurales\/","name":"Recuerdan la vigencia de la ordenanza que establece multas sobre el uso y circulaci\u00f3n en caminos rurales - CELTTV","isPartOf":{"@id":"https:\/\/www.celttv.com.ar\/#website"},"datePublished":"2022-08-17T02:39:14+00:00","dateModified":"2022-08-17T02:39:14+00:00","description":"Sitio web de noticias de la localidad de Tornquist, provincia de Buenos Aires, Rep\u00fablica Argentina. Contenido propio originado por periodistas de CELTTV, el canal de TV local de la Cooperativa El\u00e9ctrica de Tornquist. Turismo, Pol\u00edtica, Sociedad, Deporte, Cultura y todo el contenido de inter\u00e9s general que la gente del pueblo y la regi\u00f3n debe conocer.","breadcrumb":{"@id":"https:\/\/www.celttv.com.ar\/index.php\/2022\/08\/17\/recuerdan-la-vigencia-de-la-ordenanza-que-establece-multas-sobre-el-uso-y-circulacion-en-caminos-rurales\/#breadcrumb"},"inLanguage":"es","potentialAction":[{"@type":"ReadAction","target":["https:\/\/www.celttv.com.ar\/index.php\/2022\/08\/17\/recuerdan-la-vigencia-de-la-ordenanza-que-establece-multas-sobre-el-uso-y-circulacion-en-caminos-rurales\/"]}]},{"@type":"BreadcrumbList","@id":"https:\/\/www.celttv.com.ar\/index.php\/2022\/08\/17\/recuerdan-la-vigencia-de-la-ordenanza-que-establece-multas-sobre-el-uso-y-circulacion-en-caminos-rurales\/#breadcrumb","itemListElement":[{"@type":"ListItem","position":1,"name":"Inicio","item":"https:\/\/www.celttv.com.ar\/"},{"@type":"ListItem","position":2,"name":"Recuerdan la vigencia de la ordenanza que establece multas sobre el uso y circulaci\u00f3n en caminos rurales"}]},{"@type":"WebSite","@id":"https:\/\/www.celttv.com.ar\/#website","url":"https:\/\/www.celttv.com.ar\/","name":"CELTTV","description":"Cooperativa El\u00e9ctrica de Tornquist","publisher":{"@id":"https:\/\/www.celttv.com.ar\/#organization"},"potentialAction":[{"@type":"SearchAction","target":{"@type":"EntryPoint","urlTemplate":"https:\/\/www.celttv.com.ar\/?s={search_term_string}"},"query-input":"required name=search_term_string"}],"inLanguage":"es"},{"@type":"Organization","@id":"https:\/\/www.celttv.com.ar\/#organization","name":"CELTTV","url":"https:\/\/www.celttv.com.ar\/","sameAs":["https:\/\/www.youtube.com\/channel\/UCz_oIt8Hig64Ub-EmcNPIhg","https:\/\/www.facebook.com\/celtTV\/"],"logo":{"@type":"ImageObject","inLanguage":"es","@id":"https:\/\/www.celttv.com.ar\/#\/schema\/logo\/image\/","url":"http:\/\/www.celttv.com.ar\/wp-content\/uploads\/2022\/08\/logo-1.png","contentUrl":"http:\/\/www.celttv.com.ar\/wp-content\/uploads\/2022\/08\/logo-1.png","width":461,"height":159,"caption":"CELTTV"},"image":{"@id":"https:\/\/www.celttv.com.ar\/#\/schema\/logo\/image\/"}},{"@type":"Person","@id":"https:\/\/www.celttv.com.ar\/#\/schema\/person\/6d99c072dba59953809c81446e9d0ace","name":"ulises","image":{"@type":"ImageObject","inLanguage":"es","@id":"https:\/\/www.celttv.com.ar\/#\/schema\/person\/image\/","url":"https:\/\/secure.gravatar.com\/avatar\/7f2c48bdc33b30088f941fb6082e555f2874c98e20cb159d7b92b50eadfce793?s=96&d=mm&r=g","contentUrl":"https:\/\/secure.gravatar.com\/avatar\/7f2c48bdc33b30088f941fb6082e555f2874c98e20cb159d7b92b50eadfce793?s=96&d=mm&r=g","caption":"ulises"},"sameAs":["http:\/\/www.celttv.com.ar"]}]}},"_links":{"self":[{"href":"https:\/\/www.celttv.com.ar\/index.php\/wp-json\/wp\/v2\/posts\/68534","targetHints":{"allow":["GET"]}}],"collection":[{"href":"https:\/\/www.celttv.com.ar\/index.php\/wp-json\/wp\/v2\/posts"}],"about":[{"href":"https:\/\/www.celttv.com.ar\/index.php\/wp-json\/wp\/v2\/types\/post"}],"author":[{"embeddable":true,"href":"https:\/\/www.celttv.com.ar\/index.php\/wp-json\/wp\/v2\/users\/1"}],"replies":[{"embeddable":true,"href":"https:\/\/www.celttv.com.ar\/index.php\/wp-json\/wp\/v2\/comments?post=68534"}],"version-history":[{"count":0,"href":"https:\/\/www.celttv.com.ar\/index.php\/wp-json\/wp\/v2\/posts\/68534\/revisions"}],"wp:featuredmedia":[{"embeddable":true,"href":"https:\/\/www.celttv.com.ar\/index.php\/wp-json\/wp\/v2\/media\/68535"}],"wp:attachment":[{"href":"https:\/\/www.celttv.com.ar\/index.php\/wp-json\/wp\/v2\/media?parent=68534"}],"wp:term":[{"taxonomy":"category","embeddable":true,"href":"https:\/\/www.celttv.com.ar\/index.php\/wp-json\/wp\/v2\/categories?post=68534"},{"taxonomy":"post_tag","embeddable":true,"href":"https:\/\/www.celttv.com.ar\/index.php\/wp-json\/wp\/v2\/tags?post=68534"}],"curies":[{"name":"wp","href":"https:\/\/api.w.org\/{rel}","templated":true}]}}