{"id":69002,"date":"2022-09-02T23:46:10","date_gmt":"2022-09-02T23:46:10","guid":{"rendered":"http:\/\/www.celttv.com.ar\/?p=69002"},"modified":"2022-09-02T23:46:10","modified_gmt":"2022-09-02T23:46:10","slug":"basta-de-odio-y-justicia-para-siempre-fueron-algunos-reclamos-de-vecinos-ante-lo-sucedido-con-cristina-fernandez-videos","status":"publish","type":"post","link":"https:\/\/www.celttv.com.ar\/index.php\/2022\/09\/02\/basta-de-odio-y-justicia-para-siempre-fueron-algunos-reclamos-de-vecinos-ante-lo-sucedido-con-cristina-fernandez-videos\/","title":{"rendered":"&#8220;Basta de odio&#8221; y &#8220;Justicia para siempre&#8221; fueron algunos reclamos de vecinos ante lo sucedido con Cristina Fern\u00e1ndez (Videos)"},"content":{"rendered":"<p>Tras el hecho de violencia que sufri\u00f3 la vicepresidente de la Naci\u00f3n, Cristina Fern\u00e1ndez, militantes, concejales del FDT, dirigentes pol\u00edticos y vecinos, se reunieron en la Unidad B\u00e1sica de Tornquist, para reclamar justicia y proclamar la defensa de la democracia.<br \/>\n<iframe loading=\"lazy\" title=\"2022 09 02 MOVILIZACION 1 DOMINGO BILBAO\" width=\"500\" height=\"281\" src=\"https:\/\/www.youtube.com\/embed\/TYMyemnrpQo?feature=oembed\" frameborder=\"0\" allow=\"accelerometer; autoplay; clipboard-write; encrypted-media; gyroscope; picture-in-picture; web-share\" referrerpolicy=\"strict-origin-when-cross-origin\" allowfullscreen><\/iframe><br \/>\n<iframe loading=\"lazy\" title=\"2022 09 02 MOVILIZACION 2 JOSE CORBATTA\" width=\"500\" height=\"281\" src=\"https:\/\/www.youtube.com\/embed\/DQ2_mo5kb88?feature=oembed\" frameborder=\"0\" allow=\"accelerometer; autoplay; clipboard-write; encrypted-media; gyroscope; picture-in-picture; web-share\" referrerpolicy=\"strict-origin-when-cross-origin\" allowfullscreen><\/iframe><br \/>\n<iframe loading=\"lazy\" title=\"2022 09 02 MOVILIZACION 3 GUSTAVO TRANKELS\" width=\"500\" height=\"281\" src=\"https:\/\/www.youtube.com\/embed\/0LEe7byGiWU?feature=oembed\" frameborder=\"0\" allow=\"accelerometer; autoplay; clipboard-write; encrypted-media; gyroscope; picture-in-picture; web-share\" referrerpolicy=\"strict-origin-when-cross-origin\" allowfullscreen><\/iframe><br \/>\n<img loading=\"lazy\" decoding=\"async\" class=\"alignnone size-medium wp-image-69003\" src=\"http:\/\/www.celttv.com.ar\/wp-content\/uploads\/2022\/09\/WhatsApp-Image-2022-09-02-at-19.36.20-1-780x585.jpeg\" alt=\"\" width=\"780\" height=\"585\" \/> <img loading=\"lazy\" decoding=\"async\" class=\"alignnone size-medium wp-image-69004\" src=\"http:\/\/www.celttv.com.ar\/wp-content\/uploads\/2022\/09\/WhatsApp-Image-2022-09-02-at-19.36.20-780x585.jpeg\" alt=\"\" width=\"780\" height=\"585\" \/> <img loading=\"lazy\" decoding=\"async\" class=\"alignnone size-medium wp-image-69005\" src=\"http:\/\/www.celttv.com.ar\/wp-content\/uploads\/2022\/09\/WhatsApp-Image-2022-09-02-at-19.36.21-1-780x585.jpeg\" alt=\"\" width=\"780\" height=\"585\" \/> <img loading=\"lazy\" decoding=\"async\" class=\"alignnone size-medium wp-image-69006\" src=\"http:\/\/www.celttv.com.ar\/wp-content\/uploads\/2022\/09\/WhatsApp-Image-2022-09-02-at-19.36.21-780x585.jpeg\" alt=\"\" width=\"780\" height=\"585\" \/> <img loading=\"lazy\" decoding=\"async\" class=\"alignnone size-medium wp-image-69007\" src=\"http:\/\/www.celttv.com.ar\/wp-content\/uploads\/2022\/09\/WhatsApp-Image-2022-09-02-at-19.36.22-1-780x585.jpeg\" alt=\"\" width=\"780\" height=\"585\" \/> <img loading=\"lazy\" decoding=\"async\" class=\"alignnone size-medium wp-image-69008\" src=\"http:\/\/www.celttv.com.ar\/wp-content\/uploads\/2022\/09\/WhatsApp-Image-2022-09-02-at-19.36.22-780x585.jpeg\" alt=\"\" width=\"780\" height=\"585\" \/> <img loading=\"lazy\" decoding=\"async\" class=\"alignnone size-medium wp-image-69009\" src=\"http:\/\/www.celttv.com.ar\/wp-content\/uploads\/2022\/09\/WhatsApp-Image-2022-09-02-at-19.36.23-780x585.jpeg\" alt=\"\" width=\"780\" height=\"585\" \/><\/p>\n","protected":false},"excerpt":{"rendered":"<p>Tras el hecho de violencia que sufri\u00f3 la vicepresidente de la Naci\u00f3n, Cristina Fern\u00e1ndez, militantes, concejales del FDT, dirigentes pol\u00edticos y vecinos, se reunieron en la Unidad B\u00e1sica de Tornquist, para reclamar justicia y proclamar la defensa de la democracia.<\/p>\n","protected":false},"author":1,"featured_media":69005,"comment_status":"closed","ping_status":"open","sticky":false,"template":"","format":"standard","meta":{"footnotes":""},"categories":[55,51,52],"tags":[],"class_list":["post-69002","post","type-post","status-publish","format-standard","has-post-thumbnail","hentry","category-celt-tv-noticias","category-comunidad","category-destacadas"],"yoast_head":"<!-- This site is optimized with the Yoast SEO plugin v19.7.1 - https:\/\/yoast.com\/wordpress\/plugins\/seo\/ -->\n<title>&quot;Basta de odio&quot; y &quot;Justicia para siempre&quot; fueron algunos reclamos de vecinos ante lo sucedido con Cristina Fern\u00e1ndez (Videos) - CELTTV<\/title>\n<meta name=\"description\" content=\"Sitio web de noticias de la localidad de Tornquist, provincia de Buenos Aires, Rep\u00fablica Argentina. Contenido propio originado por periodistas de CELTTV, el canal de TV local de la Cooperativa El\u00e9ctrica de Tornquist. Turismo, Pol\u00edtica, Sociedad, Deporte, Cultura y todo el contenido de inter\u00e9s general que la gente del pueblo y la regi\u00f3n debe conocer.\" \/>\n<meta name=\"robots\" content=\"index, follow, max-snippet:-1, max-image-preview:large, max-video-preview:-1\" \/>\n<link rel=\"canonical\" href=\"https:\/\/www.celttv.com.ar\/index.php\/2022\/09\/02\/basta-de-odio-y-justicia-para-siempre-fueron-algunos-reclamos-de-vecinos-ante-lo-sucedido-con-cristina-fernandez-videos\/\" \/>\n<meta property=\"og:locale\" content=\"es_ES\" \/>\n<meta property=\"og:type\" content=\"article\" \/>\n<meta property=\"og:title\" content=\"&quot;Basta de odio&quot; y &quot;Justicia para siempre&quot; fueron algunos reclamos de vecinos ante lo sucedido con Cristina Fern\u00e1ndez (Videos) - CELTTV\" \/>\n<meta property=\"og:description\" content=\"Sitio web de noticias de la localidad de Tornquist, provincia de Buenos Aires, Rep\u00fablica Argentina. Contenido propio originado por periodistas de CELTTV, el canal de TV local de la Cooperativa El\u00e9ctrica de Tornquist. Turismo, Pol\u00edtica, Sociedad, Deporte, Cultura y todo el contenido de inter\u00e9s general que la gente del pueblo y la regi\u00f3n debe conocer.\" \/>\n<meta property=\"og:url\" content=\"https:\/\/www.celttv.com.ar\/index.php\/2022\/09\/02\/basta-de-odio-y-justicia-para-siempre-fueron-algunos-reclamos-de-vecinos-ante-lo-sucedido-con-cristina-fernandez-videos\/\" \/>\n<meta property=\"og:site_name\" content=\"CELTTV\" \/>\n<meta property=\"article:publisher\" content=\"https:\/\/www.facebook.com\/celtTV\/\" \/>\n<meta property=\"article:published_time\" content=\"2022-09-02T23:46:10+00:00\" \/>\n<meta property=\"og:image\" content=\"https:\/\/www.celttv.com.ar\/wp-content\/uploads\/2022\/09\/WhatsApp-Image-2022-09-02-at-19.36.21-1.jpeg\" \/>\n\t<meta property=\"og:image:width\" content=\"1280\" \/>\n\t<meta property=\"og:image:height\" content=\"960\" \/>\n\t<meta property=\"og:image:type\" content=\"image\/jpeg\" \/>\n<meta name=\"author\" content=\"ulises\" \/>\n<meta name=\"twitter:card\" content=\"summary_large_image\" \/>\n<meta name=\"twitter:label1\" content=\"Escrito por\" \/>\n\t<meta name=\"twitter:data1\" content=\"ulises\" \/>\n<script type=\"application\/ld+json\" class=\"yoast-schema-graph\">{\"@context\":\"https:\/\/schema.org\",\"@graph\":[{\"@type\":\"NewsArticle\",\"@id\":\"https:\/\/www.celttv.com.ar\/index.php\/2022\/09\/02\/basta-de-odio-y-justicia-para-siempre-fueron-algunos-reclamos-de-vecinos-ante-lo-sucedido-con-cristina-fernandez-videos\/#article\",\"isPartOf\":{\"@id\":\"https:\/\/www.celttv.com.ar\/index.php\/2022\/09\/02\/basta-de-odio-y-justicia-para-siempre-fueron-algunos-reclamos-de-vecinos-ante-lo-sucedido-con-cristina-fernandez-videos\/\"},\"author\":{\"name\":\"ulises\",\"@id\":\"https:\/\/www.celttv.com.ar\/#\/schema\/person\/6d99c072dba59953809c81446e9d0ace\"},\"headline\":\"&#8220;Basta de odio&#8221; y &#8220;Justicia para siempre&#8221; fueron algunos reclamos de vecinos ante lo sucedido con Cristina Fern\u00e1ndez (Videos)\",\"datePublished\":\"2022-09-02T23:46:10+00:00\",\"dateModified\":\"2022-09-02T23:46:10+00:00\",\"mainEntityOfPage\":{\"@id\":\"https:\/\/www.celttv.com.ar\/index.php\/2022\/09\/02\/basta-de-odio-y-justicia-para-siempre-fueron-algunos-reclamos-de-vecinos-ante-lo-sucedido-con-cristina-fernandez-videos\/\"},\"wordCount\":79,\"publisher\":{\"@id\":\"https:\/\/www.celttv.com.ar\/#organization\"},\"articleSection\":[\"Celt TV Noticias\",\"Comunidad\",\"Destacadas\"],\"inLanguage\":\"es\"},{\"@type\":\"WebPage\",\"@id\":\"https:\/\/www.celttv.com.ar\/index.php\/2022\/09\/02\/basta-de-odio-y-justicia-para-siempre-fueron-algunos-reclamos-de-vecinos-ante-lo-sucedido-con-cristina-fernandez-videos\/\",\"url\":\"https:\/\/www.celttv.com.ar\/index.php\/2022\/09\/02\/basta-de-odio-y-justicia-para-siempre-fueron-algunos-reclamos-de-vecinos-ante-lo-sucedido-con-cristina-fernandez-videos\/\",\"name\":\"\\\"Basta de odio\\\" y \\\"Justicia para siempre\\\" fueron algunos reclamos de vecinos ante lo sucedido con Cristina Fern\u00e1ndez (Videos) - CELTTV\",\"isPartOf\":{\"@id\":\"https:\/\/www.celttv.com.ar\/#website\"},\"datePublished\":\"2022-09-02T23:46:10+00:00\",\"dateModified\":\"2022-09-02T23:46:10+00:00\",\"description\":\"Sitio web de noticias de la localidad de Tornquist, provincia de Buenos Aires, Rep\u00fablica Argentina. Contenido propio originado por periodistas de CELTTV, el canal de TV local de la Cooperativa El\u00e9ctrica de Tornquist. Turismo, Pol\u00edtica, Sociedad, Deporte, Cultura y todo el contenido de inter\u00e9s general que la gente del pueblo y la regi\u00f3n debe conocer.\",\"breadcrumb\":{\"@id\":\"https:\/\/www.celttv.com.ar\/index.php\/2022\/09\/02\/basta-de-odio-y-justicia-para-siempre-fueron-algunos-reclamos-de-vecinos-ante-lo-sucedido-con-cristina-fernandez-videos\/#breadcrumb\"},\"inLanguage\":\"es\",\"potentialAction\":[{\"@type\":\"ReadAction\",\"target\":[\"https:\/\/www.celttv.com.ar\/index.php\/2022\/09\/02\/basta-de-odio-y-justicia-para-siempre-fueron-algunos-reclamos-de-vecinos-ante-lo-sucedido-con-cristina-fernandez-videos\/\"]}]},{\"@type\":\"BreadcrumbList\",\"@id\":\"https:\/\/www.celttv.com.ar\/index.php\/2022\/09\/02\/basta-de-odio-y-justicia-para-siempre-fueron-algunos-reclamos-de-vecinos-ante-lo-sucedido-con-cristina-fernandez-videos\/#breadcrumb\",\"itemListElement\":[{\"@type\":\"ListItem\",\"position\":1,\"name\":\"Inicio\",\"item\":\"https:\/\/www.celttv.com.ar\/\"},{\"@type\":\"ListItem\",\"position\":2,\"name\":\"&#8220;Basta de odio&#8221; y &#8220;Justicia para siempre&#8221; fueron algunos reclamos de vecinos ante lo sucedido con Cristina Fern\u00e1ndez (Videos)\"}]},{\"@type\":\"WebSite\",\"@id\":\"https:\/\/www.celttv.com.ar\/#website\",\"url\":\"https:\/\/www.celttv.com.ar\/\",\"name\":\"CELTTV\",\"description\":\"Cooperativa El\u00e9ctrica de Tornquist\",\"publisher\":{\"@id\":\"https:\/\/www.celttv.com.ar\/#organization\"},\"potentialAction\":[{\"@type\":\"SearchAction\",\"target\":{\"@type\":\"EntryPoint\",\"urlTemplate\":\"https:\/\/www.celttv.com.ar\/?s={search_term_string}\"},\"query-input\":\"required name=search_term_string\"}],\"inLanguage\":\"es\"},{\"@type\":\"Organization\",\"@id\":\"https:\/\/www.celttv.com.ar\/#organization\",\"name\":\"CELTTV\",\"url\":\"https:\/\/www.celttv.com.ar\/\",\"sameAs\":[\"https:\/\/www.youtube.com\/channel\/UCz_oIt8Hig64Ub-EmcNPIhg\",\"https:\/\/www.facebook.com\/celtTV\/\"],\"logo\":{\"@type\":\"ImageObject\",\"inLanguage\":\"es\",\"@id\":\"https:\/\/www.celttv.com.ar\/#\/schema\/logo\/image\/\",\"url\":\"http:\/\/www.celttv.com.ar\/wp-content\/uploads\/2022\/08\/logo-1.png\",\"contentUrl\":\"http:\/\/www.celttv.com.ar\/wp-content\/uploads\/2022\/08\/logo-1.png\",\"width\":461,\"height\":159,\"caption\":\"CELTTV\"},\"image\":{\"@id\":\"https:\/\/www.celttv.com.ar\/#\/schema\/logo\/image\/\"}},{\"@type\":\"Person\",\"@id\":\"https:\/\/www.celttv.com.ar\/#\/schema\/person\/6d99c072dba59953809c81446e9d0ace\",\"name\":\"ulises\",\"image\":{\"@type\":\"ImageObject\",\"inLanguage\":\"es\",\"@id\":\"https:\/\/www.celttv.com.ar\/#\/schema\/person\/image\/\",\"url\":\"https:\/\/secure.gravatar.com\/avatar\/7f2c48bdc33b30088f941fb6082e555f2874c98e20cb159d7b92b50eadfce793?s=96&d=mm&r=g\",\"contentUrl\":\"https:\/\/secure.gravatar.com\/avatar\/7f2c48bdc33b30088f941fb6082e555f2874c98e20cb159d7b92b50eadfce793?s=96&d=mm&r=g\",\"caption\":\"ulises\"},\"sameAs\":[\"http:\/\/www.celttv.com.ar\"]}]}<\/script>\n<!-- \/ Yoast SEO plugin. -->","yoast_head_json":{"title":"\"Basta de odio\" y \"Justicia para siempre\" fueron algunos reclamos de vecinos ante lo sucedido con Cristina Fern\u00e1ndez (Videos) - CELTTV","description":"Sitio web de noticias de la localidad de Tornquist, provincia de Buenos Aires, Rep\u00fablica Argentina. Contenido propio originado por periodistas de CELTTV, el canal de TV local de la Cooperativa El\u00e9ctrica de Tornquist. Turismo, Pol\u00edtica, Sociedad, Deporte, Cultura y todo el contenido de inter\u00e9s general que la gente del pueblo y la regi\u00f3n debe conocer.","robots":{"index":"index","follow":"follow","max-snippet":"max-snippet:-1","max-image-preview":"max-image-preview:large","max-video-preview":"max-video-preview:-1"},"canonical":"https:\/\/www.celttv.com.ar\/index.php\/2022\/09\/02\/basta-de-odio-y-justicia-para-siempre-fueron-algunos-reclamos-de-vecinos-ante-lo-sucedido-con-cristina-fernandez-videos\/","og_locale":"es_ES","og_type":"article","og_title":"\"Basta de odio\" y \"Justicia para siempre\" fueron algunos reclamos de vecinos ante lo sucedido con Cristina Fern\u00e1ndez (Videos) - CELTTV","og_description":"Sitio web de noticias de la localidad de Tornquist, provincia de Buenos Aires, Rep\u00fablica Argentina. Contenido propio originado por periodistas de CELTTV, el canal de TV local de la Cooperativa El\u00e9ctrica de Tornquist. Turismo, Pol\u00edtica, Sociedad, Deporte, Cultura y todo el contenido de inter\u00e9s general que la gente del pueblo y la regi\u00f3n debe conocer.","og_url":"https:\/\/www.celttv.com.ar\/index.php\/2022\/09\/02\/basta-de-odio-y-justicia-para-siempre-fueron-algunos-reclamos-de-vecinos-ante-lo-sucedido-con-cristina-fernandez-videos\/","og_site_name":"CELTTV","article_publisher":"https:\/\/www.facebook.com\/celtTV\/","article_published_time":"2022-09-02T23:46:10+00:00","og_image":[{"width":1280,"height":960,"url":"https:\/\/www.celttv.com.ar\/wp-content\/uploads\/2022\/09\/WhatsApp-Image-2022-09-02-at-19.36.21-1.jpeg","type":"image\/jpeg"}],"author":"ulises","twitter_card":"summary_large_image","twitter_misc":{"Escrito por":"ulises"},"schema":{"@context":"https:\/\/schema.org","@graph":[{"@type":"NewsArticle","@id":"https:\/\/www.celttv.com.ar\/index.php\/2022\/09\/02\/basta-de-odio-y-justicia-para-siempre-fueron-algunos-reclamos-de-vecinos-ante-lo-sucedido-con-cristina-fernandez-videos\/#article","isPartOf":{"@id":"https:\/\/www.celttv.com.ar\/index.php\/2022\/09\/02\/basta-de-odio-y-justicia-para-siempre-fueron-algunos-reclamos-de-vecinos-ante-lo-sucedido-con-cristina-fernandez-videos\/"},"author":{"name":"ulises","@id":"https:\/\/www.celttv.com.ar\/#\/schema\/person\/6d99c072dba59953809c81446e9d0ace"},"headline":"&#8220;Basta de odio&#8221; y &#8220;Justicia para siempre&#8221; fueron algunos reclamos de vecinos ante lo sucedido con Cristina Fern\u00e1ndez (Videos)","datePublished":"2022-09-02T23:46:10+00:00","dateModified":"2022-09-02T23:46:10+00:00","mainEntityOfPage":{"@id":"https:\/\/www.celttv.com.ar\/index.php\/2022\/09\/02\/basta-de-odio-y-justicia-para-siempre-fueron-algunos-reclamos-de-vecinos-ante-lo-sucedido-con-cristina-fernandez-videos\/"},"wordCount":79,"publisher":{"@id":"https:\/\/www.celttv.com.ar\/#organization"},"articleSection":["Celt TV Noticias","Comunidad","Destacadas"],"inLanguage":"es"},{"@type":"WebPage","@id":"https:\/\/www.celttv.com.ar\/index.php\/2022\/09\/02\/basta-de-odio-y-justicia-para-siempre-fueron-algunos-reclamos-de-vecinos-ante-lo-sucedido-con-cristina-fernandez-videos\/","url":"https:\/\/www.celttv.com.ar\/index.php\/2022\/09\/02\/basta-de-odio-y-justicia-para-siempre-fueron-algunos-reclamos-de-vecinos-ante-lo-sucedido-con-cristina-fernandez-videos\/","name":"\"Basta de odio\" y \"Justicia para siempre\" fueron algunos reclamos de vecinos ante lo sucedido con Cristina Fern\u00e1ndez (Videos) - CELTTV","isPartOf":{"@id":"https:\/\/www.celttv.com.ar\/#website"},"datePublished":"2022-09-02T23:46:10+00:00","dateModified":"2022-09-02T23:46:10+00:00","description":"Sitio web de noticias de la localidad de Tornquist, provincia de Buenos Aires, Rep\u00fablica Argentina. Contenido propio originado por periodistas de CELTTV, el canal de TV local de la Cooperativa El\u00e9ctrica de Tornquist. Turismo, Pol\u00edtica, Sociedad, Deporte, Cultura y todo el contenido de inter\u00e9s general que la gente del pueblo y la regi\u00f3n debe conocer.","breadcrumb":{"@id":"https:\/\/www.celttv.com.ar\/index.php\/2022\/09\/02\/basta-de-odio-y-justicia-para-siempre-fueron-algunos-reclamos-de-vecinos-ante-lo-sucedido-con-cristina-fernandez-videos\/#breadcrumb"},"inLanguage":"es","potentialAction":[{"@type":"ReadAction","target":["https:\/\/www.celttv.com.ar\/index.php\/2022\/09\/02\/basta-de-odio-y-justicia-para-siempre-fueron-algunos-reclamos-de-vecinos-ante-lo-sucedido-con-cristina-fernandez-videos\/"]}]},{"@type":"BreadcrumbList","@id":"https:\/\/www.celttv.com.ar\/index.php\/2022\/09\/02\/basta-de-odio-y-justicia-para-siempre-fueron-algunos-reclamos-de-vecinos-ante-lo-sucedido-con-cristina-fernandez-videos\/#breadcrumb","itemListElement":[{"@type":"ListItem","position":1,"name":"Inicio","item":"https:\/\/www.celttv.com.ar\/"},{"@type":"ListItem","position":2,"name":"&#8220;Basta de odio&#8221; y &#8220;Justicia para siempre&#8221; fueron algunos reclamos de vecinos ante lo sucedido con Cristina Fern\u00e1ndez (Videos)"}]},{"@type":"WebSite","@id":"https:\/\/www.celttv.com.ar\/#website","url":"https:\/\/www.celttv.com.ar\/","name":"CELTTV","description":"Cooperativa El\u00e9ctrica de Tornquist","publisher":{"@id":"https:\/\/www.celttv.com.ar\/#organization"},"potentialAction":[{"@type":"SearchAction","target":{"@type":"EntryPoint","urlTemplate":"https:\/\/www.celttv.com.ar\/?s={search_term_string}"},"query-input":"required name=search_term_string"}],"inLanguage":"es"},{"@type":"Organization","@id":"https:\/\/www.celttv.com.ar\/#organization","name":"CELTTV","url":"https:\/\/www.celttv.com.ar\/","sameAs":["https:\/\/www.youtube.com\/channel\/UCz_oIt8Hig64Ub-EmcNPIhg","https:\/\/www.facebook.com\/celtTV\/"],"logo":{"@type":"ImageObject","inLanguage":"es","@id":"https:\/\/www.celttv.com.ar\/#\/schema\/logo\/image\/","url":"http:\/\/www.celttv.com.ar\/wp-content\/uploads\/2022\/08\/logo-1.png","contentUrl":"http:\/\/www.celttv.com.ar\/wp-content\/uploads\/2022\/08\/logo-1.png","width":461,"height":159,"caption":"CELTTV"},"image":{"@id":"https:\/\/www.celttv.com.ar\/#\/schema\/logo\/image\/"}},{"@type":"Person","@id":"https:\/\/www.celttv.com.ar\/#\/schema\/person\/6d99c072dba59953809c81446e9d0ace","name":"ulises","image":{"@type":"ImageObject","inLanguage":"es","@id":"https:\/\/www.celttv.com.ar\/#\/schema\/person\/image\/","url":"https:\/\/secure.gravatar.com\/avatar\/7f2c48bdc33b30088f941fb6082e555f2874c98e20cb159d7b92b50eadfce793?s=96&d=mm&r=g","contentUrl":"https:\/\/secure.gravatar.com\/avatar\/7f2c48bdc33b30088f941fb6082e555f2874c98e20cb159d7b92b50eadfce793?s=96&d=mm&r=g","caption":"ulises"},"sameAs":["http:\/\/www.celttv.com.ar"]}]}},"_links":{"self":[{"href":"https:\/\/www.celttv.com.ar\/index.php\/wp-json\/wp\/v2\/posts\/69002","targetHints":{"allow":["GET"]}}],"collection":[{"href":"https:\/\/www.celttv.com.ar\/index.php\/wp-json\/wp\/v2\/posts"}],"about":[{"href":"https:\/\/www.celttv.com.ar\/index.php\/wp-json\/wp\/v2\/types\/post"}],"author":[{"embeddable":true,"href":"https:\/\/www.celttv.com.ar\/index.php\/wp-json\/wp\/v2\/users\/1"}],"replies":[{"embeddable":true,"href":"https:\/\/www.celttv.com.ar\/index.php\/wp-json\/wp\/v2\/comments?post=69002"}],"version-history":[{"count":0,"href":"https:\/\/www.celttv.com.ar\/index.php\/wp-json\/wp\/v2\/posts\/69002\/revisions"}],"wp:featuredmedia":[{"embeddable":true,"href":"https:\/\/www.celttv.com.ar\/index.php\/wp-json\/wp\/v2\/media\/69005"}],"wp:attachment":[{"href":"https:\/\/www.celttv.com.ar\/index.php\/wp-json\/wp\/v2\/media?parent=69002"}],"wp:term":[{"taxonomy":"category","embeddable":true,"href":"https:\/\/www.celttv.com.ar\/index.php\/wp-json\/wp\/v2\/categories?post=69002"},{"taxonomy":"post_tag","embeddable":true,"href":"https:\/\/www.celttv.com.ar\/index.php\/wp-json\/wp\/v2\/tags?post=69002"}],"curies":[{"name":"wp","href":"https:\/\/api.w.org\/{rel}","templated":true}]}}