{"id":69299,"date":"2011-07-22T04:35:55","date_gmt":"2011-07-22T04:35:55","guid":{"rendered":"http:\/\/www.tvcnoticias.com.ar\/?p=160"},"modified":"2011-07-22T04:35:55","modified_gmt":"2011-07-22T04:35:55","slug":"plaza-e-tornquist-continuan-los-trabajos-de-puesta-en-valor-y-recuperacion","status":"publish","type":"post","link":"https:\/\/www.celttv.com.ar\/index.php\/2011\/07\/22\/plaza-e-tornquist-continuan-los-trabajos-de-puesta-en-valor-y-recuperacion\/","title":{"rendered":"Plaza E. Tornquist: Contin\u00faan los trabajos de puesta en valor y recuperaci\u00f3n"},"content":{"rendered":"<div><strong><span style=\"font-size: xx-small; font-family: Verdana;\">Durante el transcurso de la semana, la Secretar\u00eda de Obras P\u00fablicas de la Municipalidad de Tornquist dio a conocer el Proyecto de Recuperaci\u00f3n y Puesta en Valor de los lagos de la Plaza Ernesto Tornquist.-<\/span><\/strong><\/div>\n<p><strong><span style=\"font-size: xx-small; font-family: Verdana;\">Los lagos del mencionado Espacio P\u00fablico, cuentan con una capacidad de almacenamiento de agua aproximada de 3.600 m3. Su origen (a principios de la d\u00e9cada del `20) responde a una necesidad de refrigerar los motores de la usina el\u00e9ctrica ubicada en sus proximidades.-<\/span><\/strong><br \/>\n<strong>Posteriormente, la usina cay\u00f3 en desuso y los lagos se siguieron manteniendo como efecto decorativo y, adem\u00e1s, como lugar de cr\u00eda de algunas aves y especies acu\u00e1ticas. Todo esto cre\u00f3 un medio que produjo un proceso de eutrofizaci\u00f3n con el transcurso del tiempo, dado en gran parte por la poca oxigenaci\u00f3n del agua y la estanqueidad de la misma.-<br \/>\nA\u00fan cuando parte del agua es utilizada para el riego de la Plaza, el volumen de circulaci\u00f3n es escaso con respecto al volumen total, y el recambio no alcanza a contrarrestar el proceso biol\u00f3gico natural.-<br \/>\nMeses pasados el Municipio realiz\u00f3 importantes obras de saneamiento que involucra a ambos lagos. Se logr\u00f3 la individualizaci\u00f3n de los sistemas de aporte de agua a cada uno de ellos y se independiz\u00f3 el sistema de desag\u00fce de los mismos, incorpor\u00e1ndose asimismo un sistema de rebalse.-<br \/>\nDe esta forma, cada uno de los lagos puede llenarse o vaciarse de manera individual. No obstante a ello, y considerando la importancia de cuidar el recurso h\u00eddrico, se consider\u00f3 fundamental buscar una soluci\u00f3n preservacionista tendiente a mantener los lagos acondicionados, teniendo como premisa la preservaci\u00f3n del medio ambiente.-<br \/>\nEn este marco se consider\u00f3 oportuno convocar a un especialista (Ing. Carlos Panozzi) con alta experiencia en el tratamiento de aguas estancas (lagos, lagunas) para la elaboraci\u00f3n de un proyecto que tenga como principal objetivo la conservaci\u00f3n en buen estado del agua contenida en los lagos de la Plaza.-<br \/>\nA manera de resumen, puede mencionarse que el proyecto elaborado pretende dar circulaci\u00f3n a la totalidad del agua de los lagos en forma permanente mediante un sistema forzado de circulaci\u00f3n que genere condiciones de aireaci\u00f3n por el propio movimiento de las aguas y adem\u00e1s, por el efecto de cascada que se producir\u00e1 en la intercomunicaci\u00f3n de ambos lagos, debajo del puente obra del Arq. Ing. Francisco Salamone.-<br \/>\nPara lograrlo, se prev\u00e9 la puesta en funcionamiento de un equipo con una capacidad de bombeo de 360 m3\/h (100 lts\/seg), el cual estar\u00e1 emplazado en la c\u00e1mara de bombeo en actual ejecuci\u00f3n.-<br \/>\nA trav\u00e9s de este equipo de bombeo, se lograr\u00e1 tomar el agua de uno de los lagos (pr\u00f3ximo a la Oficina de Turismo) para, a trav\u00e9s de ca\u00f1er\u00eda de PVC de \u00d8 315 mm y de una longitud aproximada de 150 ml, ingresarla al otro lago, mediante un vertedero circular de 0,90 m de di\u00e1metro.-<br \/>\nPor otro lado, se propone realizar oxigenaciones puntuales en diversos sectores, principalmente en aquellos donde existe amplia superficie, y por ello, la circulaci\u00f3n de agua es menor. Estas aireaciones puntuales aportar\u00e1n asimismo un nuevo atractivo a nuestra Plaza, la cual constituye una de las principales postales de nuestra Comarca Tur\u00edstica.-<br \/>\nAdem\u00e1s, y en una posterior etapa de obra, se propone la readecuaci\u00f3n del sistema de riego de la plaza, continuando con la utilizaci\u00f3n del agua de los lagos, rica en nutrientes.-<br \/>\nEn relaci\u00f3n a estas obras, la Secretar\u00eda Municipal de Obras y Servicios P\u00fablicos resalt\u00f3 la importancia de contar con un proyecto previamente elaborado, toda vez que ello implicar\u00e1 concretar las mismas de manera certera y perdurables en el tiempo.-<br \/>\n&nbsp;<br \/>\n<a rel=\"attachment wp-att-166\" href=\"http:\/\/www.tvcnoticias.com.ar\/?attachment_id=166\"><img loading=\"lazy\" decoding=\"async\" class=\"aligncenter size-full wp-image-166\" title=\"DSC01392 (Small)\" src=\"http:\/\/www.tvcnoticias.com.ar\/wp-content\/uploads\/2011\/07\/DSC01392-Small.jpg\" alt=\"\" width=\"640\" height=\"480\" \/><\/a><br \/>\n<\/strong><br \/>\n<strong> <\/strong><\/p>\n","protected":false},"excerpt":{"rendered":"<p>Durante el transcurso de la semana, la Secretar\u00eda de Obras P\u00fablicas de la Municipalidad de Tornquist dio a conocer el Proyecto de Recuperaci\u00f3n y Puesta en Valor de los lagos de la Plaza Ernesto Tornquist.- Los lagos del mencionado Espacio P\u00fablico, cuentan con una capacidad de almacenamiento de agua aproximada de 3.600 m3. Su origen [&hellip;]<\/p>\n","protected":false},"author":1,"featured_media":0,"comment_status":"closed","ping_status":"open","sticky":false,"template":"","format":"standard","meta":{"footnotes":""},"categories":[51,52],"tags":[],"class_list":["post-69299","post","type-post","status-publish","format-standard","hentry","category-comunidad","category-destacadas"],"yoast_head":"<!-- This site is optimized with the Yoast SEO plugin v19.7.1 - https:\/\/yoast.com\/wordpress\/plugins\/seo\/ -->\n<title>Plaza E. Tornquist: Contin\u00faan los trabajos de puesta en valor y recuperaci\u00f3n - CELTTV<\/title>\n<meta name=\"description\" content=\"Sitio web de noticias de la localidad de Tornquist, provincia de Buenos Aires, Rep\u00fablica Argentina. Contenido propio originado por periodistas de CELTTV, el canal de TV local de la Cooperativa El\u00e9ctrica de Tornquist. Turismo, Pol\u00edtica, Sociedad, Deporte, Cultura y todo el contenido de inter\u00e9s general que la gente del pueblo y la regi\u00f3n debe conocer.\" \/>\n<meta name=\"robots\" content=\"index, follow, max-snippet:-1, max-image-preview:large, max-video-preview:-1\" \/>\n<link rel=\"canonical\" href=\"https:\/\/www.celttv.com.ar\/index.php\/2011\/07\/22\/plaza-e-tornquist-continuan-los-trabajos-de-puesta-en-valor-y-recuperacion\/\" \/>\n<meta property=\"og:locale\" content=\"es_ES\" \/>\n<meta property=\"og:type\" content=\"article\" \/>\n<meta property=\"og:title\" content=\"Plaza E. Tornquist: Contin\u00faan los trabajos de puesta en valor y recuperaci\u00f3n - CELTTV\" \/>\n<meta property=\"og:description\" content=\"Sitio web de noticias de la localidad de Tornquist, provincia de Buenos Aires, Rep\u00fablica Argentina. Contenido propio originado por periodistas de CELTTV, el canal de TV local de la Cooperativa El\u00e9ctrica de Tornquist. Turismo, Pol\u00edtica, Sociedad, Deporte, Cultura y todo el contenido de inter\u00e9s general que la gente del pueblo y la regi\u00f3n debe conocer.\" \/>\n<meta property=\"og:url\" content=\"https:\/\/www.celttv.com.ar\/index.php\/2011\/07\/22\/plaza-e-tornquist-continuan-los-trabajos-de-puesta-en-valor-y-recuperacion\/\" \/>\n<meta property=\"og:site_name\" content=\"CELTTV\" \/>\n<meta property=\"article:publisher\" content=\"https:\/\/www.facebook.com\/celtTV\/\" \/>\n<meta property=\"article:published_time\" content=\"2011-07-22T04:35:55+00:00\" \/>\n<meta property=\"og:image\" content=\"http:\/\/www.tvcnoticias.com.ar\/wp-content\/uploads\/2011\/07\/DSC01392-Small.jpg\" \/>\n<meta name=\"author\" content=\"ulises\" \/>\n<meta name=\"twitter:card\" content=\"summary_large_image\" \/>\n<meta name=\"twitter:label1\" content=\"Escrito por\" \/>\n\t<meta name=\"twitter:data1\" content=\"ulises\" \/>\n\t<meta name=\"twitter:label2\" content=\"Tiempo de lectura\" \/>\n\t<meta name=\"twitter:data2\" content=\"3 minutos\" \/>\n<script type=\"application\/ld+json\" class=\"yoast-schema-graph\">{\"@context\":\"https:\/\/schema.org\",\"@graph\":[{\"@type\":\"NewsArticle\",\"@id\":\"https:\/\/www.celttv.com.ar\/index.php\/2011\/07\/22\/plaza-e-tornquist-continuan-los-trabajos-de-puesta-en-valor-y-recuperacion\/#article\",\"isPartOf\":{\"@id\":\"https:\/\/www.celttv.com.ar\/index.php\/2011\/07\/22\/plaza-e-tornquist-continuan-los-trabajos-de-puesta-en-valor-y-recuperacion\/\"},\"author\":{\"name\":\"ulises\",\"@id\":\"https:\/\/www.celttv.com.ar\/#\/schema\/person\/6d99c072dba59953809c81446e9d0ace\"},\"headline\":\"Plaza E. Tornquist: Contin\u00faan los trabajos de puesta en valor y recuperaci\u00f3n\",\"datePublished\":\"2011-07-22T04:35:55+00:00\",\"dateModified\":\"2011-07-22T04:35:55+00:00\",\"mainEntityOfPage\":{\"@id\":\"https:\/\/www.celttv.com.ar\/index.php\/2011\/07\/22\/plaza-e-tornquist-continuan-los-trabajos-de-puesta-en-valor-y-recuperacion\/\"},\"wordCount\":657,\"publisher\":{\"@id\":\"https:\/\/www.celttv.com.ar\/#organization\"},\"articleSection\":[\"Comunidad\",\"Destacadas\"],\"inLanguage\":\"es\"},{\"@type\":\"WebPage\",\"@id\":\"https:\/\/www.celttv.com.ar\/index.php\/2011\/07\/22\/plaza-e-tornquist-continuan-los-trabajos-de-puesta-en-valor-y-recuperacion\/\",\"url\":\"https:\/\/www.celttv.com.ar\/index.php\/2011\/07\/22\/plaza-e-tornquist-continuan-los-trabajos-de-puesta-en-valor-y-recuperacion\/\",\"name\":\"Plaza E. Tornquist: Contin\u00faan los trabajos de puesta en valor y recuperaci\u00f3n - CELTTV\",\"isPartOf\":{\"@id\":\"https:\/\/www.celttv.com.ar\/#website\"},\"datePublished\":\"2011-07-22T04:35:55+00:00\",\"dateModified\":\"2011-07-22T04:35:55+00:00\",\"description\":\"Sitio web de noticias de la localidad de Tornquist, provincia de Buenos Aires, Rep\u00fablica Argentina. Contenido propio originado por periodistas de CELTTV, el canal de TV local de la Cooperativa El\u00e9ctrica de Tornquist. Turismo, Pol\u00edtica, Sociedad, Deporte, Cultura y todo el contenido de inter\u00e9s general que la gente del pueblo y la regi\u00f3n debe conocer.\",\"breadcrumb\":{\"@id\":\"https:\/\/www.celttv.com.ar\/index.php\/2011\/07\/22\/plaza-e-tornquist-continuan-los-trabajos-de-puesta-en-valor-y-recuperacion\/#breadcrumb\"},\"inLanguage\":\"es\",\"potentialAction\":[{\"@type\":\"ReadAction\",\"target\":[\"https:\/\/www.celttv.com.ar\/index.php\/2011\/07\/22\/plaza-e-tornquist-continuan-los-trabajos-de-puesta-en-valor-y-recuperacion\/\"]}]},{\"@type\":\"BreadcrumbList\",\"@id\":\"https:\/\/www.celttv.com.ar\/index.php\/2011\/07\/22\/plaza-e-tornquist-continuan-los-trabajos-de-puesta-en-valor-y-recuperacion\/#breadcrumb\",\"itemListElement\":[{\"@type\":\"ListItem\",\"position\":1,\"name\":\"Inicio\",\"item\":\"https:\/\/www.celttv.com.ar\/\"},{\"@type\":\"ListItem\",\"position\":2,\"name\":\"Plaza E. Tornquist: Contin\u00faan los trabajos de puesta en valor y recuperaci\u00f3n\"}]},{\"@type\":\"WebSite\",\"@id\":\"https:\/\/www.celttv.com.ar\/#website\",\"url\":\"https:\/\/www.celttv.com.ar\/\",\"name\":\"CELTTV\",\"description\":\"Cooperativa El\u00e9ctrica de Tornquist\",\"publisher\":{\"@id\":\"https:\/\/www.celttv.com.ar\/#organization\"},\"potentialAction\":[{\"@type\":\"SearchAction\",\"target\":{\"@type\":\"EntryPoint\",\"urlTemplate\":\"https:\/\/www.celttv.com.ar\/?s={search_term_string}\"},\"query-input\":\"required name=search_term_string\"}],\"inLanguage\":\"es\"},{\"@type\":\"Organization\",\"@id\":\"https:\/\/www.celttv.com.ar\/#organization\",\"name\":\"CELTTV\",\"url\":\"https:\/\/www.celttv.com.ar\/\",\"sameAs\":[\"https:\/\/www.youtube.com\/channel\/UCz_oIt8Hig64Ub-EmcNPIhg\",\"https:\/\/www.facebook.com\/celtTV\/\"],\"logo\":{\"@type\":\"ImageObject\",\"inLanguage\":\"es\",\"@id\":\"https:\/\/www.celttv.com.ar\/#\/schema\/logo\/image\/\",\"url\":\"http:\/\/www.celttv.com.ar\/wp-content\/uploads\/2022\/08\/logo-1.png\",\"contentUrl\":\"http:\/\/www.celttv.com.ar\/wp-content\/uploads\/2022\/08\/logo-1.png\",\"width\":461,\"height\":159,\"caption\":\"CELTTV\"},\"image\":{\"@id\":\"https:\/\/www.celttv.com.ar\/#\/schema\/logo\/image\/\"}},{\"@type\":\"Person\",\"@id\":\"https:\/\/www.celttv.com.ar\/#\/schema\/person\/6d99c072dba59953809c81446e9d0ace\",\"name\":\"ulises\",\"image\":{\"@type\":\"ImageObject\",\"inLanguage\":\"es\",\"@id\":\"https:\/\/www.celttv.com.ar\/#\/schema\/person\/image\/\",\"url\":\"https:\/\/secure.gravatar.com\/avatar\/7f2c48bdc33b30088f941fb6082e555f2874c98e20cb159d7b92b50eadfce793?s=96&d=mm&r=g\",\"contentUrl\":\"https:\/\/secure.gravatar.com\/avatar\/7f2c48bdc33b30088f941fb6082e555f2874c98e20cb159d7b92b50eadfce793?s=96&d=mm&r=g\",\"caption\":\"ulises\"},\"sameAs\":[\"http:\/\/www.celttv.com.ar\"]}]}<\/script>\n<!-- \/ Yoast SEO plugin. -->","yoast_head_json":{"title":"Plaza E. Tornquist: Contin\u00faan los trabajos de puesta en valor y recuperaci\u00f3n - CELTTV","description":"Sitio web de noticias de la localidad de Tornquist, provincia de Buenos Aires, Rep\u00fablica Argentina. Contenido propio originado por periodistas de CELTTV, el canal de TV local de la Cooperativa El\u00e9ctrica de Tornquist. Turismo, Pol\u00edtica, Sociedad, Deporte, Cultura y todo el contenido de inter\u00e9s general que la gente del pueblo y la regi\u00f3n debe conocer.","robots":{"index":"index","follow":"follow","max-snippet":"max-snippet:-1","max-image-preview":"max-image-preview:large","max-video-preview":"max-video-preview:-1"},"canonical":"https:\/\/www.celttv.com.ar\/index.php\/2011\/07\/22\/plaza-e-tornquist-continuan-los-trabajos-de-puesta-en-valor-y-recuperacion\/","og_locale":"es_ES","og_type":"article","og_title":"Plaza E. Tornquist: Contin\u00faan los trabajos de puesta en valor y recuperaci\u00f3n - CELTTV","og_description":"Sitio web de noticias de la localidad de Tornquist, provincia de Buenos Aires, Rep\u00fablica Argentina. Contenido propio originado por periodistas de CELTTV, el canal de TV local de la Cooperativa El\u00e9ctrica de Tornquist. Turismo, Pol\u00edtica, Sociedad, Deporte, Cultura y todo el contenido de inter\u00e9s general que la gente del pueblo y la regi\u00f3n debe conocer.","og_url":"https:\/\/www.celttv.com.ar\/index.php\/2011\/07\/22\/plaza-e-tornquist-continuan-los-trabajos-de-puesta-en-valor-y-recuperacion\/","og_site_name":"CELTTV","article_publisher":"https:\/\/www.facebook.com\/celtTV\/","article_published_time":"2011-07-22T04:35:55+00:00","og_image":[{"url":"http:\/\/www.tvcnoticias.com.ar\/wp-content\/uploads\/2011\/07\/DSC01392-Small.jpg"}],"author":"ulises","twitter_card":"summary_large_image","twitter_misc":{"Escrito por":"ulises","Tiempo de lectura":"3 minutos"},"schema":{"@context":"https:\/\/schema.org","@graph":[{"@type":"NewsArticle","@id":"https:\/\/www.celttv.com.ar\/index.php\/2011\/07\/22\/plaza-e-tornquist-continuan-los-trabajos-de-puesta-en-valor-y-recuperacion\/#article","isPartOf":{"@id":"https:\/\/www.celttv.com.ar\/index.php\/2011\/07\/22\/plaza-e-tornquist-continuan-los-trabajos-de-puesta-en-valor-y-recuperacion\/"},"author":{"name":"ulises","@id":"https:\/\/www.celttv.com.ar\/#\/schema\/person\/6d99c072dba59953809c81446e9d0ace"},"headline":"Plaza E. Tornquist: Contin\u00faan los trabajos de puesta en valor y recuperaci\u00f3n","datePublished":"2011-07-22T04:35:55+00:00","dateModified":"2011-07-22T04:35:55+00:00","mainEntityOfPage":{"@id":"https:\/\/www.celttv.com.ar\/index.php\/2011\/07\/22\/plaza-e-tornquist-continuan-los-trabajos-de-puesta-en-valor-y-recuperacion\/"},"wordCount":657,"publisher":{"@id":"https:\/\/www.celttv.com.ar\/#organization"},"articleSection":["Comunidad","Destacadas"],"inLanguage":"es"},{"@type":"WebPage","@id":"https:\/\/www.celttv.com.ar\/index.php\/2011\/07\/22\/plaza-e-tornquist-continuan-los-trabajos-de-puesta-en-valor-y-recuperacion\/","url":"https:\/\/www.celttv.com.ar\/index.php\/2011\/07\/22\/plaza-e-tornquist-continuan-los-trabajos-de-puesta-en-valor-y-recuperacion\/","name":"Plaza E. Tornquist: Contin\u00faan los trabajos de puesta en valor y recuperaci\u00f3n - CELTTV","isPartOf":{"@id":"https:\/\/www.celttv.com.ar\/#website"},"datePublished":"2011-07-22T04:35:55+00:00","dateModified":"2011-07-22T04:35:55+00:00","description":"Sitio web de noticias de la localidad de Tornquist, provincia de Buenos Aires, Rep\u00fablica Argentina. Contenido propio originado por periodistas de CELTTV, el canal de TV local de la Cooperativa El\u00e9ctrica de Tornquist. Turismo, Pol\u00edtica, Sociedad, Deporte, Cultura y todo el contenido de inter\u00e9s general que la gente del pueblo y la regi\u00f3n debe conocer.","breadcrumb":{"@id":"https:\/\/www.celttv.com.ar\/index.php\/2011\/07\/22\/plaza-e-tornquist-continuan-los-trabajos-de-puesta-en-valor-y-recuperacion\/#breadcrumb"},"inLanguage":"es","potentialAction":[{"@type":"ReadAction","target":["https:\/\/www.celttv.com.ar\/index.php\/2011\/07\/22\/plaza-e-tornquist-continuan-los-trabajos-de-puesta-en-valor-y-recuperacion\/"]}]},{"@type":"BreadcrumbList","@id":"https:\/\/www.celttv.com.ar\/index.php\/2011\/07\/22\/plaza-e-tornquist-continuan-los-trabajos-de-puesta-en-valor-y-recuperacion\/#breadcrumb","itemListElement":[{"@type":"ListItem","position":1,"name":"Inicio","item":"https:\/\/www.celttv.com.ar\/"},{"@type":"ListItem","position":2,"name":"Plaza E. Tornquist: Contin\u00faan los trabajos de puesta en valor y recuperaci\u00f3n"}]},{"@type":"WebSite","@id":"https:\/\/www.celttv.com.ar\/#website","url":"https:\/\/www.celttv.com.ar\/","name":"CELTTV","description":"Cooperativa El\u00e9ctrica de Tornquist","publisher":{"@id":"https:\/\/www.celttv.com.ar\/#organization"},"potentialAction":[{"@type":"SearchAction","target":{"@type":"EntryPoint","urlTemplate":"https:\/\/www.celttv.com.ar\/?s={search_term_string}"},"query-input":"required name=search_term_string"}],"inLanguage":"es"},{"@type":"Organization","@id":"https:\/\/www.celttv.com.ar\/#organization","name":"CELTTV","url":"https:\/\/www.celttv.com.ar\/","sameAs":["https:\/\/www.youtube.com\/channel\/UCz_oIt8Hig64Ub-EmcNPIhg","https:\/\/www.facebook.com\/celtTV\/"],"logo":{"@type":"ImageObject","inLanguage":"es","@id":"https:\/\/www.celttv.com.ar\/#\/schema\/logo\/image\/","url":"http:\/\/www.celttv.com.ar\/wp-content\/uploads\/2022\/08\/logo-1.png","contentUrl":"http:\/\/www.celttv.com.ar\/wp-content\/uploads\/2022\/08\/logo-1.png","width":461,"height":159,"caption":"CELTTV"},"image":{"@id":"https:\/\/www.celttv.com.ar\/#\/schema\/logo\/image\/"}},{"@type":"Person","@id":"https:\/\/www.celttv.com.ar\/#\/schema\/person\/6d99c072dba59953809c81446e9d0ace","name":"ulises","image":{"@type":"ImageObject","inLanguage":"es","@id":"https:\/\/www.celttv.com.ar\/#\/schema\/person\/image\/","url":"https:\/\/secure.gravatar.com\/avatar\/7f2c48bdc33b30088f941fb6082e555f2874c98e20cb159d7b92b50eadfce793?s=96&d=mm&r=g","contentUrl":"https:\/\/secure.gravatar.com\/avatar\/7f2c48bdc33b30088f941fb6082e555f2874c98e20cb159d7b92b50eadfce793?s=96&d=mm&r=g","caption":"ulises"},"sameAs":["http:\/\/www.celttv.com.ar"]}]}},"_links":{"self":[{"href":"https:\/\/www.celttv.com.ar\/index.php\/wp-json\/wp\/v2\/posts\/69299","targetHints":{"allow":["GET"]}}],"collection":[{"href":"https:\/\/www.celttv.com.ar\/index.php\/wp-json\/wp\/v2\/posts"}],"about":[{"href":"https:\/\/www.celttv.com.ar\/index.php\/wp-json\/wp\/v2\/types\/post"}],"author":[{"embeddable":true,"href":"https:\/\/www.celttv.com.ar\/index.php\/wp-json\/wp\/v2\/users\/1"}],"replies":[{"embeddable":true,"href":"https:\/\/www.celttv.com.ar\/index.php\/wp-json\/wp\/v2\/comments?post=69299"}],"version-history":[{"count":0,"href":"https:\/\/www.celttv.com.ar\/index.php\/wp-json\/wp\/v2\/posts\/69299\/revisions"}],"wp:attachment":[{"href":"https:\/\/www.celttv.com.ar\/index.php\/wp-json\/wp\/v2\/media?parent=69299"}],"wp:term":[{"taxonomy":"category","embeddable":true,"href":"https:\/\/www.celttv.com.ar\/index.php\/wp-json\/wp\/v2\/categories?post=69299"},{"taxonomy":"post_tag","embeddable":true,"href":"https:\/\/www.celttv.com.ar\/index.php\/wp-json\/wp\/v2\/tags?post=69299"}],"curies":[{"name":"wp","href":"https:\/\/api.w.org\/{rel}","templated":true}]}}