{"id":69516,"date":"2022-09-20T16:44:34","date_gmt":"2022-09-20T16:44:34","guid":{"rendered":"http:\/\/www.celttv.com.ar\/?p=69516"},"modified":"2022-09-20T16:44:34","modified_gmt":"2022-09-20T16:44:34","slug":"se-viene-una-campana-de-vacunacion-antirrabica-y-desparasitacion-en-sierra-de-la-ventana","status":"publish","type":"post","link":"https:\/\/www.celttv.com.ar\/index.php\/2022\/09\/20\/se-viene-una-campana-de-vacunacion-antirrabica-y-desparasitacion-en-sierra-de-la-ventana\/","title":{"rendered":"Se viene una campa\u00f1a de vacunaci\u00f3n antirr\u00e1bica y desparasitaci\u00f3n en Sierra de la Ventana"},"content":{"rendered":"<p align=\"JUSTIFY\"><a name=\"Bookmark\"><\/a> <span style=\"font-family: Arial, serif;\">Organizada junto a la agrupaci\u00f3n Por Un Animal Feliz (PUAF), la Subsecretar\u00eda de Zoonosis de Tornquist Municipio llevar\u00e1 adelante una campa\u00f1a de vacunaci\u00f3n antirr\u00e1bica con complejo mineral y desparasitaci\u00f3n obligatoria y gratuita.<\/span><\/p>\n<p align=\"JUSTIFY\"><span style=\"font-family: Arial, serif;\">Lunes 3\/10: de 10 a 14 hs, en la Oficina de Bromatolog\u00eda y Zoonosis;<\/span><\/p>\n<p align=\"JUSTIFY\"><span style=\"font-family: Arial, serif;\">Martes 4\/10: 10 a 14 hs, en el Club Atl\u00e9tico Ventana.<\/span><\/p>\n<p align=\"JUSTIFY\"><img loading=\"lazy\" decoding=\"async\" class=\"alignnone size-medium wp-image-69517\" src=\"http:\/\/www.celttv.com.ar\/wp-content\/uploads\/2022\/09\/Vacunacion-SDLV-780x780.jpeg\" alt=\"\" width=\"780\" height=\"780\" \/><\/p>\n","protected":false},"excerpt":{"rendered":"<p>Organizada junto a la agrupaci\u00f3n Por Un Animal Feliz (PUAF), la Subsecretar\u00eda de Zoonosis de Tornquist Municipio llevar\u00e1 adelante una campa\u00f1a de vacunaci\u00f3n antirr\u00e1bica con complejo mineral y desparasitaci\u00f3n obligatoria y gratuita. Lunes 3\/10: de 10 a 14 hs, en la Oficina de Bromatolog\u00eda y Zoonosis; Martes 4\/10: 10 a 14 hs, en el Club [&hellip;]<\/p>\n","protected":false},"author":1,"featured_media":69518,"comment_status":"closed","ping_status":"open","sticky":false,"template":"","format":"standard","meta":{"footnotes":""},"categories":[55,51,52],"tags":[],"class_list":["post-69516","post","type-post","status-publish","format-standard","has-post-thumbnail","hentry","category-celt-tv-noticias","category-comunidad","category-destacadas"],"yoast_head":"<!-- This site is optimized with the Yoast SEO plugin v19.7.1 - https:\/\/yoast.com\/wordpress\/plugins\/seo\/ -->\n<title>Se viene una campa\u00f1a de vacunaci\u00f3n antirr\u00e1bica y desparasitaci\u00f3n en Sierra de la Ventana - CELTTV<\/title>\n<meta name=\"description\" content=\"Sitio web de noticias de la localidad de Tornquist, provincia de Buenos Aires, Rep\u00fablica Argentina. Contenido propio originado por periodistas de CELTTV, el canal de TV local de la Cooperativa El\u00e9ctrica de Tornquist. Turismo, Pol\u00edtica, Sociedad, Deporte, Cultura y todo el contenido de inter\u00e9s general que la gente del pueblo y la regi\u00f3n debe conocer.\" \/>\n<meta name=\"robots\" content=\"index, follow, max-snippet:-1, max-image-preview:large, max-video-preview:-1\" \/>\n<link rel=\"canonical\" href=\"https:\/\/www.celttv.com.ar\/index.php\/2022\/09\/20\/se-viene-una-campana-de-vacunacion-antirrabica-y-desparasitacion-en-sierra-de-la-ventana\/\" \/>\n<meta property=\"og:locale\" content=\"es_ES\" \/>\n<meta property=\"og:type\" content=\"article\" \/>\n<meta property=\"og:title\" content=\"Se viene una campa\u00f1a de vacunaci\u00f3n antirr\u00e1bica y desparasitaci\u00f3n en Sierra de la Ventana - CELTTV\" \/>\n<meta property=\"og:description\" content=\"Sitio web de noticias de la localidad de Tornquist, provincia de Buenos Aires, Rep\u00fablica Argentina. Contenido propio originado por periodistas de CELTTV, el canal de TV local de la Cooperativa El\u00e9ctrica de Tornquist. Turismo, Pol\u00edtica, Sociedad, Deporte, Cultura y todo el contenido de inter\u00e9s general que la gente del pueblo y la regi\u00f3n debe conocer.\" \/>\n<meta property=\"og:url\" content=\"https:\/\/www.celttv.com.ar\/index.php\/2022\/09\/20\/se-viene-una-campana-de-vacunacion-antirrabica-y-desparasitacion-en-sierra-de-la-ventana\/\" \/>\n<meta property=\"og:site_name\" content=\"CELTTV\" \/>\n<meta property=\"article:publisher\" content=\"https:\/\/www.facebook.com\/celtTV\/\" \/>\n<meta property=\"article:published_time\" content=\"2022-09-20T16:44:34+00:00\" \/>\n<meta property=\"og:image\" content=\"https:\/\/www.celttv.com.ar\/wp-content\/uploads\/2022\/09\/Vacunacion-SDLV-1.jpeg\" \/>\n\t<meta property=\"og:image:width\" content=\"1073\" \/>\n\t<meta property=\"og:image:height\" content=\"633\" \/>\n\t<meta property=\"og:image:type\" content=\"image\/jpeg\" \/>\n<meta name=\"author\" content=\"ulises\" \/>\n<meta name=\"twitter:card\" content=\"summary_large_image\" \/>\n<meta name=\"twitter:label1\" content=\"Escrito por\" \/>\n\t<meta name=\"twitter:data1\" content=\"ulises\" \/>\n<script type=\"application\/ld+json\" class=\"yoast-schema-graph\">{\"@context\":\"https:\/\/schema.org\",\"@graph\":[{\"@type\":\"NewsArticle\",\"@id\":\"https:\/\/www.celttv.com.ar\/index.php\/2022\/09\/20\/se-viene-una-campana-de-vacunacion-antirrabica-y-desparasitacion-en-sierra-de-la-ventana\/#article\",\"isPartOf\":{\"@id\":\"https:\/\/www.celttv.com.ar\/index.php\/2022\/09\/20\/se-viene-una-campana-de-vacunacion-antirrabica-y-desparasitacion-en-sierra-de-la-ventana\/\"},\"author\":{\"name\":\"ulises\",\"@id\":\"https:\/\/www.celttv.com.ar\/#\/schema\/person\/6d99c072dba59953809c81446e9d0ace\"},\"headline\":\"Se viene una campa\u00f1a de vacunaci\u00f3n antirr\u00e1bica y desparasitaci\u00f3n en Sierra de la Ventana\",\"datePublished\":\"2022-09-20T16:44:34+00:00\",\"dateModified\":\"2022-09-20T16:44:34+00:00\",\"mainEntityOfPage\":{\"@id\":\"https:\/\/www.celttv.com.ar\/index.php\/2022\/09\/20\/se-viene-una-campana-de-vacunacion-antirrabica-y-desparasitacion-en-sierra-de-la-ventana\/\"},\"wordCount\":77,\"publisher\":{\"@id\":\"https:\/\/www.celttv.com.ar\/#organization\"},\"articleSection\":[\"Celt TV Noticias\",\"Comunidad\",\"Destacadas\"],\"inLanguage\":\"es\"},{\"@type\":\"WebPage\",\"@id\":\"https:\/\/www.celttv.com.ar\/index.php\/2022\/09\/20\/se-viene-una-campana-de-vacunacion-antirrabica-y-desparasitacion-en-sierra-de-la-ventana\/\",\"url\":\"https:\/\/www.celttv.com.ar\/index.php\/2022\/09\/20\/se-viene-una-campana-de-vacunacion-antirrabica-y-desparasitacion-en-sierra-de-la-ventana\/\",\"name\":\"Se viene una campa\u00f1a de vacunaci\u00f3n antirr\u00e1bica y desparasitaci\u00f3n en Sierra de la Ventana - CELTTV\",\"isPartOf\":{\"@id\":\"https:\/\/www.celttv.com.ar\/#website\"},\"datePublished\":\"2022-09-20T16:44:34+00:00\",\"dateModified\":\"2022-09-20T16:44:34+00:00\",\"description\":\"Sitio web de noticias de la localidad de Tornquist, provincia de Buenos Aires, Rep\u00fablica Argentina. Contenido propio originado por periodistas de CELTTV, el canal de TV local de la Cooperativa El\u00e9ctrica de Tornquist. Turismo, Pol\u00edtica, Sociedad, Deporte, Cultura y todo el contenido de inter\u00e9s general que la gente del pueblo y la regi\u00f3n debe conocer.\",\"breadcrumb\":{\"@id\":\"https:\/\/www.celttv.com.ar\/index.php\/2022\/09\/20\/se-viene-una-campana-de-vacunacion-antirrabica-y-desparasitacion-en-sierra-de-la-ventana\/#breadcrumb\"},\"inLanguage\":\"es\",\"potentialAction\":[{\"@type\":\"ReadAction\",\"target\":[\"https:\/\/www.celttv.com.ar\/index.php\/2022\/09\/20\/se-viene-una-campana-de-vacunacion-antirrabica-y-desparasitacion-en-sierra-de-la-ventana\/\"]}]},{\"@type\":\"BreadcrumbList\",\"@id\":\"https:\/\/www.celttv.com.ar\/index.php\/2022\/09\/20\/se-viene-una-campana-de-vacunacion-antirrabica-y-desparasitacion-en-sierra-de-la-ventana\/#breadcrumb\",\"itemListElement\":[{\"@type\":\"ListItem\",\"position\":1,\"name\":\"Inicio\",\"item\":\"https:\/\/www.celttv.com.ar\/\"},{\"@type\":\"ListItem\",\"position\":2,\"name\":\"Se viene una campa\u00f1a de vacunaci\u00f3n antirr\u00e1bica y desparasitaci\u00f3n en Sierra de la Ventana\"}]},{\"@type\":\"WebSite\",\"@id\":\"https:\/\/www.celttv.com.ar\/#website\",\"url\":\"https:\/\/www.celttv.com.ar\/\",\"name\":\"CELTTV\",\"description\":\"Cooperativa El\u00e9ctrica de Tornquist\",\"publisher\":{\"@id\":\"https:\/\/www.celttv.com.ar\/#organization\"},\"potentialAction\":[{\"@type\":\"SearchAction\",\"target\":{\"@type\":\"EntryPoint\",\"urlTemplate\":\"https:\/\/www.celttv.com.ar\/?s={search_term_string}\"},\"query-input\":\"required name=search_term_string\"}],\"inLanguage\":\"es\"},{\"@type\":\"Organization\",\"@id\":\"https:\/\/www.celttv.com.ar\/#organization\",\"name\":\"CELTTV\",\"url\":\"https:\/\/www.celttv.com.ar\/\",\"sameAs\":[\"https:\/\/www.youtube.com\/channel\/UCz_oIt8Hig64Ub-EmcNPIhg\",\"https:\/\/www.facebook.com\/celtTV\/\"],\"logo\":{\"@type\":\"ImageObject\",\"inLanguage\":\"es\",\"@id\":\"https:\/\/www.celttv.com.ar\/#\/schema\/logo\/image\/\",\"url\":\"http:\/\/www.celttv.com.ar\/wp-content\/uploads\/2022\/08\/logo-1.png\",\"contentUrl\":\"http:\/\/www.celttv.com.ar\/wp-content\/uploads\/2022\/08\/logo-1.png\",\"width\":461,\"height\":159,\"caption\":\"CELTTV\"},\"image\":{\"@id\":\"https:\/\/www.celttv.com.ar\/#\/schema\/logo\/image\/\"}},{\"@type\":\"Person\",\"@id\":\"https:\/\/www.celttv.com.ar\/#\/schema\/person\/6d99c072dba59953809c81446e9d0ace\",\"name\":\"ulises\",\"image\":{\"@type\":\"ImageObject\",\"inLanguage\":\"es\",\"@id\":\"https:\/\/www.celttv.com.ar\/#\/schema\/person\/image\/\",\"url\":\"https:\/\/secure.gravatar.com\/avatar\/7f2c48bdc33b30088f941fb6082e555f2874c98e20cb159d7b92b50eadfce793?s=96&d=mm&r=g\",\"contentUrl\":\"https:\/\/secure.gravatar.com\/avatar\/7f2c48bdc33b30088f941fb6082e555f2874c98e20cb159d7b92b50eadfce793?s=96&d=mm&r=g\",\"caption\":\"ulises\"},\"sameAs\":[\"http:\/\/www.celttv.com.ar\"]}]}<\/script>\n<!-- \/ Yoast SEO plugin. -->","yoast_head_json":{"title":"Se viene una campa\u00f1a de vacunaci\u00f3n antirr\u00e1bica y desparasitaci\u00f3n en Sierra de la Ventana - CELTTV","description":"Sitio web de noticias de la localidad de Tornquist, provincia de Buenos Aires, Rep\u00fablica Argentina. Contenido propio originado por periodistas de CELTTV, el canal de TV local de la Cooperativa El\u00e9ctrica de Tornquist. Turismo, Pol\u00edtica, Sociedad, Deporte, Cultura y todo el contenido de inter\u00e9s general que la gente del pueblo y la regi\u00f3n debe conocer.","robots":{"index":"index","follow":"follow","max-snippet":"max-snippet:-1","max-image-preview":"max-image-preview:large","max-video-preview":"max-video-preview:-1"},"canonical":"https:\/\/www.celttv.com.ar\/index.php\/2022\/09\/20\/se-viene-una-campana-de-vacunacion-antirrabica-y-desparasitacion-en-sierra-de-la-ventana\/","og_locale":"es_ES","og_type":"article","og_title":"Se viene una campa\u00f1a de vacunaci\u00f3n antirr\u00e1bica y desparasitaci\u00f3n en Sierra de la Ventana - CELTTV","og_description":"Sitio web de noticias de la localidad de Tornquist, provincia de Buenos Aires, Rep\u00fablica Argentina. Contenido propio originado por periodistas de CELTTV, el canal de TV local de la Cooperativa El\u00e9ctrica de Tornquist. Turismo, Pol\u00edtica, Sociedad, Deporte, Cultura y todo el contenido de inter\u00e9s general que la gente del pueblo y la regi\u00f3n debe conocer.","og_url":"https:\/\/www.celttv.com.ar\/index.php\/2022\/09\/20\/se-viene-una-campana-de-vacunacion-antirrabica-y-desparasitacion-en-sierra-de-la-ventana\/","og_site_name":"CELTTV","article_publisher":"https:\/\/www.facebook.com\/celtTV\/","article_published_time":"2022-09-20T16:44:34+00:00","og_image":[{"width":1073,"height":633,"url":"https:\/\/www.celttv.com.ar\/wp-content\/uploads\/2022\/09\/Vacunacion-SDLV-1.jpeg","type":"image\/jpeg"}],"author":"ulises","twitter_card":"summary_large_image","twitter_misc":{"Escrito por":"ulises"},"schema":{"@context":"https:\/\/schema.org","@graph":[{"@type":"NewsArticle","@id":"https:\/\/www.celttv.com.ar\/index.php\/2022\/09\/20\/se-viene-una-campana-de-vacunacion-antirrabica-y-desparasitacion-en-sierra-de-la-ventana\/#article","isPartOf":{"@id":"https:\/\/www.celttv.com.ar\/index.php\/2022\/09\/20\/se-viene-una-campana-de-vacunacion-antirrabica-y-desparasitacion-en-sierra-de-la-ventana\/"},"author":{"name":"ulises","@id":"https:\/\/www.celttv.com.ar\/#\/schema\/person\/6d99c072dba59953809c81446e9d0ace"},"headline":"Se viene una campa\u00f1a de vacunaci\u00f3n antirr\u00e1bica y desparasitaci\u00f3n en Sierra de la Ventana","datePublished":"2022-09-20T16:44:34+00:00","dateModified":"2022-09-20T16:44:34+00:00","mainEntityOfPage":{"@id":"https:\/\/www.celttv.com.ar\/index.php\/2022\/09\/20\/se-viene-una-campana-de-vacunacion-antirrabica-y-desparasitacion-en-sierra-de-la-ventana\/"},"wordCount":77,"publisher":{"@id":"https:\/\/www.celttv.com.ar\/#organization"},"articleSection":["Celt TV Noticias","Comunidad","Destacadas"],"inLanguage":"es"},{"@type":"WebPage","@id":"https:\/\/www.celttv.com.ar\/index.php\/2022\/09\/20\/se-viene-una-campana-de-vacunacion-antirrabica-y-desparasitacion-en-sierra-de-la-ventana\/","url":"https:\/\/www.celttv.com.ar\/index.php\/2022\/09\/20\/se-viene-una-campana-de-vacunacion-antirrabica-y-desparasitacion-en-sierra-de-la-ventana\/","name":"Se viene una campa\u00f1a de vacunaci\u00f3n antirr\u00e1bica y desparasitaci\u00f3n en Sierra de la Ventana - CELTTV","isPartOf":{"@id":"https:\/\/www.celttv.com.ar\/#website"},"datePublished":"2022-09-20T16:44:34+00:00","dateModified":"2022-09-20T16:44:34+00:00","description":"Sitio web de noticias de la localidad de Tornquist, provincia de Buenos Aires, Rep\u00fablica Argentina. Contenido propio originado por periodistas de CELTTV, el canal de TV local de la Cooperativa El\u00e9ctrica de Tornquist. Turismo, Pol\u00edtica, Sociedad, Deporte, Cultura y todo el contenido de inter\u00e9s general que la gente del pueblo y la regi\u00f3n debe conocer.","breadcrumb":{"@id":"https:\/\/www.celttv.com.ar\/index.php\/2022\/09\/20\/se-viene-una-campana-de-vacunacion-antirrabica-y-desparasitacion-en-sierra-de-la-ventana\/#breadcrumb"},"inLanguage":"es","potentialAction":[{"@type":"ReadAction","target":["https:\/\/www.celttv.com.ar\/index.php\/2022\/09\/20\/se-viene-una-campana-de-vacunacion-antirrabica-y-desparasitacion-en-sierra-de-la-ventana\/"]}]},{"@type":"BreadcrumbList","@id":"https:\/\/www.celttv.com.ar\/index.php\/2022\/09\/20\/se-viene-una-campana-de-vacunacion-antirrabica-y-desparasitacion-en-sierra-de-la-ventana\/#breadcrumb","itemListElement":[{"@type":"ListItem","position":1,"name":"Inicio","item":"https:\/\/www.celttv.com.ar\/"},{"@type":"ListItem","position":2,"name":"Se viene una campa\u00f1a de vacunaci\u00f3n antirr\u00e1bica y desparasitaci\u00f3n en Sierra de la Ventana"}]},{"@type":"WebSite","@id":"https:\/\/www.celttv.com.ar\/#website","url":"https:\/\/www.celttv.com.ar\/","name":"CELTTV","description":"Cooperativa El\u00e9ctrica de Tornquist","publisher":{"@id":"https:\/\/www.celttv.com.ar\/#organization"},"potentialAction":[{"@type":"SearchAction","target":{"@type":"EntryPoint","urlTemplate":"https:\/\/www.celttv.com.ar\/?s={search_term_string}"},"query-input":"required name=search_term_string"}],"inLanguage":"es"},{"@type":"Organization","@id":"https:\/\/www.celttv.com.ar\/#organization","name":"CELTTV","url":"https:\/\/www.celttv.com.ar\/","sameAs":["https:\/\/www.youtube.com\/channel\/UCz_oIt8Hig64Ub-EmcNPIhg","https:\/\/www.facebook.com\/celtTV\/"],"logo":{"@type":"ImageObject","inLanguage":"es","@id":"https:\/\/www.celttv.com.ar\/#\/schema\/logo\/image\/","url":"http:\/\/www.celttv.com.ar\/wp-content\/uploads\/2022\/08\/logo-1.png","contentUrl":"http:\/\/www.celttv.com.ar\/wp-content\/uploads\/2022\/08\/logo-1.png","width":461,"height":159,"caption":"CELTTV"},"image":{"@id":"https:\/\/www.celttv.com.ar\/#\/schema\/logo\/image\/"}},{"@type":"Person","@id":"https:\/\/www.celttv.com.ar\/#\/schema\/person\/6d99c072dba59953809c81446e9d0ace","name":"ulises","image":{"@type":"ImageObject","inLanguage":"es","@id":"https:\/\/www.celttv.com.ar\/#\/schema\/person\/image\/","url":"https:\/\/secure.gravatar.com\/avatar\/7f2c48bdc33b30088f941fb6082e555f2874c98e20cb159d7b92b50eadfce793?s=96&d=mm&r=g","contentUrl":"https:\/\/secure.gravatar.com\/avatar\/7f2c48bdc33b30088f941fb6082e555f2874c98e20cb159d7b92b50eadfce793?s=96&d=mm&r=g","caption":"ulises"},"sameAs":["http:\/\/www.celttv.com.ar"]}]}},"_links":{"self":[{"href":"https:\/\/www.celttv.com.ar\/index.php\/wp-json\/wp\/v2\/posts\/69516","targetHints":{"allow":["GET"]}}],"collection":[{"href":"https:\/\/www.celttv.com.ar\/index.php\/wp-json\/wp\/v2\/posts"}],"about":[{"href":"https:\/\/www.celttv.com.ar\/index.php\/wp-json\/wp\/v2\/types\/post"}],"author":[{"embeddable":true,"href":"https:\/\/www.celttv.com.ar\/index.php\/wp-json\/wp\/v2\/users\/1"}],"replies":[{"embeddable":true,"href":"https:\/\/www.celttv.com.ar\/index.php\/wp-json\/wp\/v2\/comments?post=69516"}],"version-history":[{"count":0,"href":"https:\/\/www.celttv.com.ar\/index.php\/wp-json\/wp\/v2\/posts\/69516\/revisions"}],"wp:featuredmedia":[{"embeddable":true,"href":"https:\/\/www.celttv.com.ar\/index.php\/wp-json\/wp\/v2\/media\/69518"}],"wp:attachment":[{"href":"https:\/\/www.celttv.com.ar\/index.php\/wp-json\/wp\/v2\/media?parent=69516"}],"wp:term":[{"taxonomy":"category","embeddable":true,"href":"https:\/\/www.celttv.com.ar\/index.php\/wp-json\/wp\/v2\/categories?post=69516"},{"taxonomy":"post_tag","embeddable":true,"href":"https:\/\/www.celttv.com.ar\/index.php\/wp-json\/wp\/v2\/tags?post=69516"}],"curies":[{"name":"wp","href":"https:\/\/api.w.org\/{rel}","templated":true}]}}