{"id":69522,"date":"2022-09-14T19:14:26","date_gmt":"2022-09-14T19:14:26","guid":{"rendered":"http:\/\/www.celttv.com.ar\/?p=69311"},"modified":"2022-09-14T19:14:26","modified_gmt":"2022-09-14T19:14:26","slug":"accidente-en-la-ruta-33-una-mala-maniobra-que-pudo-terminar-en-tragedia","status":"publish","type":"post","link":"https:\/\/www.celttv.com.ar\/index.php\/2022\/09\/14\/accidente-en-la-ruta-33-una-mala-maniobra-que-pudo-terminar-en-tragedia\/","title":{"rendered":"Accidente en la Ruta 33: Una mala maniobra que pudo terminar en tragedia"},"content":{"rendered":"<p>Ocurri\u00f3 esta tarde despu\u00e9s de las 13  hs. a la altura del km. 43 de la Ruta Nacional 33, en momentos que  un Ford Eco Sport dominio ETA185 realiz\u00f3 una mala maniobra, se cruz\u00f3 de carril e impacto en el lateral de un cami\u00f3n que se desplazaba sentido Tornquist Bah\u00eda Blanca. La pericia del conductor del cami\u00f3n, que se vio sorprendido porque el veh\u00edculo menor se venia encima, permiti\u00f3 evitar el choque frontal y logr\u00f3 estacionar el rodado mayor en la banquina. El cami\u00f3n estaba al mando de Luciano Mart\u00edn Zambrana (29) y transportaba arena.<\/p>\n<p>En la Eco Sport viajaban tres personas; el conductor Ricardo Ismale Ricciuto (67)(conductor), su esposa e hija que no presentaban lesiones. En tanto Ricciuto estaba l\u00facido pero por precauci\u00f3n fue trasladado al Hospital de Tornquist.<\/p>\n<p>Intervinieron personal del Cuerpo de Bomberos Voluntarios de Tornquist, Inspectores de tr\u00e1nsito, Polic\u00eda Vial y Polic\u00eda Comunal de Tornquist.<\/p>\n<p><iframe loading=\"lazy\" title=\"2022 09 14 ACCIDENTE EN EL KM 40 DE LA RUTA NACIONAL 33\" width=\"500\" height=\"281\" src=\"https:\/\/www.youtube.com\/embed\/tZfM9wfTPxY?feature=oembed\" frameborder=\"0\" allow=\"accelerometer; autoplay; clipboard-write; encrypted-media; gyroscope; picture-in-picture; web-share\" referrerpolicy=\"strict-origin-when-cross-origin\" allowfullscreen><\/iframe><\/p>\n<p><img loading=\"lazy\" decoding=\"async\" src=\"http:\/\/www.celttv.com.ar\/wp-content\/uploads\/2022\/09\/5bdacec8-3ed7-4eea-957d-055a166d5abb-1-1-780x351.jpg\" alt=\"\" width=\"780\" height=\"351\" class=\"alignnone size-medium wp-image-69316\" \/><\/p>\n<p><img loading=\"lazy\" decoding=\"async\" src=\"http:\/\/www.celttv.com.ar\/wp-content\/uploads\/2022\/09\/069c8bae-1309-4811-9e13-ee689c06c215-1-1-780x351.jpg\" alt=\"\" width=\"780\" height=\"351\" class=\"alignnone size-medium wp-image-69317\" \/><\/p>\n<p><img loading=\"lazy\" decoding=\"async\" src=\"http:\/\/www.celttv.com.ar\/wp-content\/uploads\/2022\/09\/95dd0d7a-ba3a-4765-b0e1-d6698ccdf162-1-1-780x352.jpg\" alt=\"\" width=\"780\" height=\"352\" class=\"alignnone size-medium wp-image-69318\" \/><\/p>\n<p><img loading=\"lazy\" decoding=\"async\" src=\"http:\/\/www.celttv.com.ar\/wp-content\/uploads\/2022\/09\/f6cdae04-08b5-46f0-bd1a-e0611f69efac-1-1-780x352.jpg\" alt=\"\" width=\"780\" height=\"352\" class=\"alignnone size-medium wp-image-69319\" \/><\/p>\n","protected":false},"excerpt":{"rendered":"<p>Ocurri\u00f3 esta tarde despu\u00e9s de las 13 hs. a la altura del km. 43 de la Ruta Nacional 33, en momentos que un Ford Eco Sport dominio ETA185 realiz\u00f3 una mala maniobra, se cruz\u00f3 de carril e impacto en el lateral de un cami\u00f3n que se desplazaba sentido Tornquist Bah\u00eda Blanca. La pericia del conductor [&hellip;]<\/p>\n","protected":false},"author":1,"featured_media":69391,"comment_status":"closed","ping_status":"open","sticky":false,"template":"","format":"standard","meta":{"footnotes":""},"categories":[51,52,61],"tags":[378],"class_list":["post-69522","post","type-post","status-publish","format-standard","has-post-thumbnail","hentry","category-comunidad","category-destacadas","category-policiales","tag-accidente-en-la-ruta-33-una-mala-maniobra-que-pudo-terminar-en-tragedia"],"yoast_head":"<!-- This site is optimized with the Yoast SEO plugin v19.7.1 - https:\/\/yoast.com\/wordpress\/plugins\/seo\/ -->\n<title>Accidente en la Ruta 33: Una mala maniobra que pudo terminar en tragedia - CELTTV<\/title>\n<meta name=\"description\" content=\"Sitio web de noticias de la localidad de Tornquist, provincia de Buenos Aires, Rep\u00fablica Argentina. Contenido propio originado por periodistas de CELTTV, el canal de TV local de la Cooperativa El\u00e9ctrica de Tornquist. Turismo, Pol\u00edtica, Sociedad, Deporte, Cultura y todo el contenido de inter\u00e9s general que la gente del pueblo y la regi\u00f3n debe conocer.\" \/>\n<meta name=\"robots\" content=\"index, follow, max-snippet:-1, max-image-preview:large, max-video-preview:-1\" \/>\n<link rel=\"canonical\" href=\"https:\/\/www.celttv.com.ar\/index.php\/2022\/09\/14\/accidente-en-la-ruta-33-una-mala-maniobra-que-pudo-terminar-en-tragedia\/\" \/>\n<meta property=\"og:locale\" content=\"es_ES\" \/>\n<meta property=\"og:type\" content=\"article\" \/>\n<meta property=\"og:title\" content=\"Accidente en la Ruta 33: Una mala maniobra que pudo terminar en tragedia - CELTTV\" \/>\n<meta property=\"og:description\" content=\"Sitio web de noticias de la localidad de Tornquist, provincia de Buenos Aires, Rep\u00fablica Argentina. Contenido propio originado por periodistas de CELTTV, el canal de TV local de la Cooperativa El\u00e9ctrica de Tornquist. Turismo, Pol\u00edtica, Sociedad, Deporte, Cultura y todo el contenido de inter\u00e9s general que la gente del pueblo y la regi\u00f3n debe conocer.\" \/>\n<meta property=\"og:url\" content=\"https:\/\/www.celttv.com.ar\/index.php\/2022\/09\/14\/accidente-en-la-ruta-33-una-mala-maniobra-que-pudo-terminar-en-tragedia\/\" \/>\n<meta property=\"og:site_name\" content=\"CELTTV\" \/>\n<meta property=\"article:publisher\" content=\"https:\/\/www.facebook.com\/celtTV\/\" \/>\n<meta property=\"article:published_time\" content=\"2022-09-14T19:14:26+00:00\" \/>\n<meta property=\"og:image\" content=\"https:\/\/www.celttv.com.ar\/wp-content\/uploads\/2022\/09\/5bdacec8-3ed7-4eea-957d-055a166d5abb-1-1.jpg\" \/>\n\t<meta property=\"og:image:width\" content=\"1600\" \/>\n\t<meta property=\"og:image:height\" content=\"719\" \/>\n\t<meta property=\"og:image:type\" content=\"image\/jpeg\" \/>\n<meta name=\"author\" content=\"ulises\" \/>\n<meta name=\"twitter:card\" content=\"summary_large_image\" \/>\n<meta name=\"twitter:label1\" content=\"Escrito por\" \/>\n\t<meta name=\"twitter:data1\" content=\"ulises\" \/>\n\t<meta name=\"twitter:label2\" content=\"Tiempo de lectura\" \/>\n\t<meta name=\"twitter:data2\" content=\"1 minuto\" \/>\n<script type=\"application\/ld+json\" class=\"yoast-schema-graph\">{\"@context\":\"https:\/\/schema.org\",\"@graph\":[{\"@type\":\"NewsArticle\",\"@id\":\"https:\/\/www.celttv.com.ar\/index.php\/2022\/09\/14\/accidente-en-la-ruta-33-una-mala-maniobra-que-pudo-terminar-en-tragedia\/#article\",\"isPartOf\":{\"@id\":\"https:\/\/www.celttv.com.ar\/index.php\/2022\/09\/14\/accidente-en-la-ruta-33-una-mala-maniobra-que-pudo-terminar-en-tragedia\/\"},\"author\":{\"name\":\"ulises\",\"@id\":\"https:\/\/www.celttv.com.ar\/#\/schema\/person\/6d99c072dba59953809c81446e9d0ace\"},\"headline\":\"Accidente en la Ruta 33: Una mala maniobra que pudo terminar en tragedia\",\"datePublished\":\"2022-09-14T19:14:26+00:00\",\"dateModified\":\"2022-09-14T19:14:26+00:00\",\"mainEntityOfPage\":{\"@id\":\"https:\/\/www.celttv.com.ar\/index.php\/2022\/09\/14\/accidente-en-la-ruta-33-una-mala-maniobra-que-pudo-terminar-en-tragedia\/\"},\"wordCount\":176,\"publisher\":{\"@id\":\"https:\/\/www.celttv.com.ar\/#organization\"},\"keywords\":[\"Accidente en la Ruta 33: Una mala maniobra que pudo terminar en tragedia\"],\"articleSection\":[\"Comunidad\",\"Destacadas\",\"Policiales\"],\"inLanguage\":\"es\"},{\"@type\":\"WebPage\",\"@id\":\"https:\/\/www.celttv.com.ar\/index.php\/2022\/09\/14\/accidente-en-la-ruta-33-una-mala-maniobra-que-pudo-terminar-en-tragedia\/\",\"url\":\"https:\/\/www.celttv.com.ar\/index.php\/2022\/09\/14\/accidente-en-la-ruta-33-una-mala-maniobra-que-pudo-terminar-en-tragedia\/\",\"name\":\"Accidente en la Ruta 33: Una mala maniobra que pudo terminar en tragedia - CELTTV\",\"isPartOf\":{\"@id\":\"https:\/\/www.celttv.com.ar\/#website\"},\"datePublished\":\"2022-09-14T19:14:26+00:00\",\"dateModified\":\"2022-09-14T19:14:26+00:00\",\"description\":\"Sitio web de noticias de la localidad de Tornquist, provincia de Buenos Aires, Rep\u00fablica Argentina. Contenido propio originado por periodistas de CELTTV, el canal de TV local de la Cooperativa El\u00e9ctrica de Tornquist. Turismo, Pol\u00edtica, Sociedad, Deporte, Cultura y todo el contenido de inter\u00e9s general que la gente del pueblo y la regi\u00f3n debe conocer.\",\"breadcrumb\":{\"@id\":\"https:\/\/www.celttv.com.ar\/index.php\/2022\/09\/14\/accidente-en-la-ruta-33-una-mala-maniobra-que-pudo-terminar-en-tragedia\/#breadcrumb\"},\"inLanguage\":\"es\",\"potentialAction\":[{\"@type\":\"ReadAction\",\"target\":[\"https:\/\/www.celttv.com.ar\/index.php\/2022\/09\/14\/accidente-en-la-ruta-33-una-mala-maniobra-que-pudo-terminar-en-tragedia\/\"]}]},{\"@type\":\"BreadcrumbList\",\"@id\":\"https:\/\/www.celttv.com.ar\/index.php\/2022\/09\/14\/accidente-en-la-ruta-33-una-mala-maniobra-que-pudo-terminar-en-tragedia\/#breadcrumb\",\"itemListElement\":[{\"@type\":\"ListItem\",\"position\":1,\"name\":\"Inicio\",\"item\":\"https:\/\/www.celttv.com.ar\/\"},{\"@type\":\"ListItem\",\"position\":2,\"name\":\"Accidente en la Ruta 33: Una mala maniobra que pudo terminar en tragedia\"}]},{\"@type\":\"WebSite\",\"@id\":\"https:\/\/www.celttv.com.ar\/#website\",\"url\":\"https:\/\/www.celttv.com.ar\/\",\"name\":\"CELTTV\",\"description\":\"Cooperativa El\u00e9ctrica de Tornquist\",\"publisher\":{\"@id\":\"https:\/\/www.celttv.com.ar\/#organization\"},\"potentialAction\":[{\"@type\":\"SearchAction\",\"target\":{\"@type\":\"EntryPoint\",\"urlTemplate\":\"https:\/\/www.celttv.com.ar\/?s={search_term_string}\"},\"query-input\":\"required name=search_term_string\"}],\"inLanguage\":\"es\"},{\"@type\":\"Organization\",\"@id\":\"https:\/\/www.celttv.com.ar\/#organization\",\"name\":\"CELTTV\",\"url\":\"https:\/\/www.celttv.com.ar\/\",\"sameAs\":[\"https:\/\/www.youtube.com\/channel\/UCz_oIt8Hig64Ub-EmcNPIhg\",\"https:\/\/www.facebook.com\/celtTV\/\"],\"logo\":{\"@type\":\"ImageObject\",\"inLanguage\":\"es\",\"@id\":\"https:\/\/www.celttv.com.ar\/#\/schema\/logo\/image\/\",\"url\":\"http:\/\/www.celttv.com.ar\/wp-content\/uploads\/2022\/08\/logo-1.png\",\"contentUrl\":\"http:\/\/www.celttv.com.ar\/wp-content\/uploads\/2022\/08\/logo-1.png\",\"width\":461,\"height\":159,\"caption\":\"CELTTV\"},\"image\":{\"@id\":\"https:\/\/www.celttv.com.ar\/#\/schema\/logo\/image\/\"}},{\"@type\":\"Person\",\"@id\":\"https:\/\/www.celttv.com.ar\/#\/schema\/person\/6d99c072dba59953809c81446e9d0ace\",\"name\":\"ulises\",\"image\":{\"@type\":\"ImageObject\",\"inLanguage\":\"es\",\"@id\":\"https:\/\/www.celttv.com.ar\/#\/schema\/person\/image\/\",\"url\":\"https:\/\/secure.gravatar.com\/avatar\/7f2c48bdc33b30088f941fb6082e555f2874c98e20cb159d7b92b50eadfce793?s=96&d=mm&r=g\",\"contentUrl\":\"https:\/\/secure.gravatar.com\/avatar\/7f2c48bdc33b30088f941fb6082e555f2874c98e20cb159d7b92b50eadfce793?s=96&d=mm&r=g\",\"caption\":\"ulises\"},\"sameAs\":[\"http:\/\/www.celttv.com.ar\"]}]}<\/script>\n<!-- \/ Yoast SEO plugin. -->","yoast_head_json":{"title":"Accidente en la Ruta 33: Una mala maniobra que pudo terminar en tragedia - CELTTV","description":"Sitio web de noticias de la localidad de Tornquist, provincia de Buenos Aires, Rep\u00fablica Argentina. Contenido propio originado por periodistas de CELTTV, el canal de TV local de la Cooperativa El\u00e9ctrica de Tornquist. Turismo, Pol\u00edtica, Sociedad, Deporte, Cultura y todo el contenido de inter\u00e9s general que la gente del pueblo y la regi\u00f3n debe conocer.","robots":{"index":"index","follow":"follow","max-snippet":"max-snippet:-1","max-image-preview":"max-image-preview:large","max-video-preview":"max-video-preview:-1"},"canonical":"https:\/\/www.celttv.com.ar\/index.php\/2022\/09\/14\/accidente-en-la-ruta-33-una-mala-maniobra-que-pudo-terminar-en-tragedia\/","og_locale":"es_ES","og_type":"article","og_title":"Accidente en la Ruta 33: Una mala maniobra que pudo terminar en tragedia - CELTTV","og_description":"Sitio web de noticias de la localidad de Tornquist, provincia de Buenos Aires, Rep\u00fablica Argentina. Contenido propio originado por periodistas de CELTTV, el canal de TV local de la Cooperativa El\u00e9ctrica de Tornquist. Turismo, Pol\u00edtica, Sociedad, Deporte, Cultura y todo el contenido de inter\u00e9s general que la gente del pueblo y la regi\u00f3n debe conocer.","og_url":"https:\/\/www.celttv.com.ar\/index.php\/2022\/09\/14\/accidente-en-la-ruta-33-una-mala-maniobra-que-pudo-terminar-en-tragedia\/","og_site_name":"CELTTV","article_publisher":"https:\/\/www.facebook.com\/celtTV\/","article_published_time":"2022-09-14T19:14:26+00:00","og_image":[{"width":1600,"height":719,"url":"https:\/\/www.celttv.com.ar\/wp-content\/uploads\/2022\/09\/5bdacec8-3ed7-4eea-957d-055a166d5abb-1-1.jpg","type":"image\/jpeg"}],"author":"ulises","twitter_card":"summary_large_image","twitter_misc":{"Escrito por":"ulises","Tiempo de lectura":"1 minuto"},"schema":{"@context":"https:\/\/schema.org","@graph":[{"@type":"NewsArticle","@id":"https:\/\/www.celttv.com.ar\/index.php\/2022\/09\/14\/accidente-en-la-ruta-33-una-mala-maniobra-que-pudo-terminar-en-tragedia\/#article","isPartOf":{"@id":"https:\/\/www.celttv.com.ar\/index.php\/2022\/09\/14\/accidente-en-la-ruta-33-una-mala-maniobra-que-pudo-terminar-en-tragedia\/"},"author":{"name":"ulises","@id":"https:\/\/www.celttv.com.ar\/#\/schema\/person\/6d99c072dba59953809c81446e9d0ace"},"headline":"Accidente en la Ruta 33: Una mala maniobra que pudo terminar en tragedia","datePublished":"2022-09-14T19:14:26+00:00","dateModified":"2022-09-14T19:14:26+00:00","mainEntityOfPage":{"@id":"https:\/\/www.celttv.com.ar\/index.php\/2022\/09\/14\/accidente-en-la-ruta-33-una-mala-maniobra-que-pudo-terminar-en-tragedia\/"},"wordCount":176,"publisher":{"@id":"https:\/\/www.celttv.com.ar\/#organization"},"keywords":["Accidente en la Ruta 33: Una mala maniobra que pudo terminar en tragedia"],"articleSection":["Comunidad","Destacadas","Policiales"],"inLanguage":"es"},{"@type":"WebPage","@id":"https:\/\/www.celttv.com.ar\/index.php\/2022\/09\/14\/accidente-en-la-ruta-33-una-mala-maniobra-que-pudo-terminar-en-tragedia\/","url":"https:\/\/www.celttv.com.ar\/index.php\/2022\/09\/14\/accidente-en-la-ruta-33-una-mala-maniobra-que-pudo-terminar-en-tragedia\/","name":"Accidente en la Ruta 33: Una mala maniobra que pudo terminar en tragedia - CELTTV","isPartOf":{"@id":"https:\/\/www.celttv.com.ar\/#website"},"datePublished":"2022-09-14T19:14:26+00:00","dateModified":"2022-09-14T19:14:26+00:00","description":"Sitio web de noticias de la localidad de Tornquist, provincia de Buenos Aires, Rep\u00fablica Argentina. Contenido propio originado por periodistas de CELTTV, el canal de TV local de la Cooperativa El\u00e9ctrica de Tornquist. Turismo, Pol\u00edtica, Sociedad, Deporte, Cultura y todo el contenido de inter\u00e9s general que la gente del pueblo y la regi\u00f3n debe conocer.","breadcrumb":{"@id":"https:\/\/www.celttv.com.ar\/index.php\/2022\/09\/14\/accidente-en-la-ruta-33-una-mala-maniobra-que-pudo-terminar-en-tragedia\/#breadcrumb"},"inLanguage":"es","potentialAction":[{"@type":"ReadAction","target":["https:\/\/www.celttv.com.ar\/index.php\/2022\/09\/14\/accidente-en-la-ruta-33-una-mala-maniobra-que-pudo-terminar-en-tragedia\/"]}]},{"@type":"BreadcrumbList","@id":"https:\/\/www.celttv.com.ar\/index.php\/2022\/09\/14\/accidente-en-la-ruta-33-una-mala-maniobra-que-pudo-terminar-en-tragedia\/#breadcrumb","itemListElement":[{"@type":"ListItem","position":1,"name":"Inicio","item":"https:\/\/www.celttv.com.ar\/"},{"@type":"ListItem","position":2,"name":"Accidente en la Ruta 33: Una mala maniobra que pudo terminar en tragedia"}]},{"@type":"WebSite","@id":"https:\/\/www.celttv.com.ar\/#website","url":"https:\/\/www.celttv.com.ar\/","name":"CELTTV","description":"Cooperativa El\u00e9ctrica de Tornquist","publisher":{"@id":"https:\/\/www.celttv.com.ar\/#organization"},"potentialAction":[{"@type":"SearchAction","target":{"@type":"EntryPoint","urlTemplate":"https:\/\/www.celttv.com.ar\/?s={search_term_string}"},"query-input":"required name=search_term_string"}],"inLanguage":"es"},{"@type":"Organization","@id":"https:\/\/www.celttv.com.ar\/#organization","name":"CELTTV","url":"https:\/\/www.celttv.com.ar\/","sameAs":["https:\/\/www.youtube.com\/channel\/UCz_oIt8Hig64Ub-EmcNPIhg","https:\/\/www.facebook.com\/celtTV\/"],"logo":{"@type":"ImageObject","inLanguage":"es","@id":"https:\/\/www.celttv.com.ar\/#\/schema\/logo\/image\/","url":"http:\/\/www.celttv.com.ar\/wp-content\/uploads\/2022\/08\/logo-1.png","contentUrl":"http:\/\/www.celttv.com.ar\/wp-content\/uploads\/2022\/08\/logo-1.png","width":461,"height":159,"caption":"CELTTV"},"image":{"@id":"https:\/\/www.celttv.com.ar\/#\/schema\/logo\/image\/"}},{"@type":"Person","@id":"https:\/\/www.celttv.com.ar\/#\/schema\/person\/6d99c072dba59953809c81446e9d0ace","name":"ulises","image":{"@type":"ImageObject","inLanguage":"es","@id":"https:\/\/www.celttv.com.ar\/#\/schema\/person\/image\/","url":"https:\/\/secure.gravatar.com\/avatar\/7f2c48bdc33b30088f941fb6082e555f2874c98e20cb159d7b92b50eadfce793?s=96&d=mm&r=g","contentUrl":"https:\/\/secure.gravatar.com\/avatar\/7f2c48bdc33b30088f941fb6082e555f2874c98e20cb159d7b92b50eadfce793?s=96&d=mm&r=g","caption":"ulises"},"sameAs":["http:\/\/www.celttv.com.ar"]}]}},"_links":{"self":[{"href":"https:\/\/www.celttv.com.ar\/index.php\/wp-json\/wp\/v2\/posts\/69522","targetHints":{"allow":["GET"]}}],"collection":[{"href":"https:\/\/www.celttv.com.ar\/index.php\/wp-json\/wp\/v2\/posts"}],"about":[{"href":"https:\/\/www.celttv.com.ar\/index.php\/wp-json\/wp\/v2\/types\/post"}],"author":[{"embeddable":true,"href":"https:\/\/www.celttv.com.ar\/index.php\/wp-json\/wp\/v2\/users\/1"}],"replies":[{"embeddable":true,"href":"https:\/\/www.celttv.com.ar\/index.php\/wp-json\/wp\/v2\/comments?post=69522"}],"version-history":[{"count":0,"href":"https:\/\/www.celttv.com.ar\/index.php\/wp-json\/wp\/v2\/posts\/69522\/revisions"}],"wp:featuredmedia":[{"embeddable":true,"href":"https:\/\/www.celttv.com.ar\/index.php\/wp-json\/wp\/v2\/media\/69391"}],"wp:attachment":[{"href":"https:\/\/www.celttv.com.ar\/index.php\/wp-json\/wp\/v2\/media?parent=69522"}],"wp:term":[{"taxonomy":"category","embeddable":true,"href":"https:\/\/www.celttv.com.ar\/index.php\/wp-json\/wp\/v2\/categories?post=69522"},{"taxonomy":"post_tag","embeddable":true,"href":"https:\/\/www.celttv.com.ar\/index.php\/wp-json\/wp\/v2\/tags?post=69522"}],"curies":[{"name":"wp","href":"https:\/\/api.w.org\/{rel}","templated":true}]}}