{"id":69523,"date":"2022-09-14T21:18:13","date_gmt":"2022-09-14T21:18:13","guid":{"rendered":"http:\/\/www.celttv.com.ar\/?p=69322"},"modified":"2022-09-14T21:18:13","modified_gmt":"2022-09-14T21:18:13","slug":"el-municipio-continua-con-la-plantacion-de-nuevos-arboles-en-el-distrito","status":"publish","type":"post","link":"https:\/\/www.celttv.com.ar\/index.php\/2022\/09\/14\/el-municipio-continua-con-la-plantacion-de-nuevos-arboles-en-el-distrito\/","title":{"rendered":"El municipio contin\u00faa con la plantaci\u00f3n de nuevos \u00e1rboles en el distrito"},"content":{"rendered":"<p>Dando continuidad al plan de forestaci\u00f3ndel distrito, el Departamento de Arbolado Urbano, llev\u00f3 a cabo en la localidad de Tornquist, dos jornadas de colocaci\u00f3n de nuevas plantas.<\/p>\n<p>La vegetaci\u00f3n es distribuida en diferentes frentes de la ciudad cabecera, reponiendo \u00e1rboles que fueron extra\u00eddos por su mal estado, o que fueron golpeados por los temporales que afectaron la localidad meses atr\u00e1s. Asimismo, tambi\u00e9n se colocaron especies arb\u00f3reas en un bulevar de Av. Belgrano que no contaba con vegetaci\u00f3n.<\/p>\n<p>En esta oportunidad fueron colocadas 50 nuevas plantas, entre fresnos americanos, fresnos rojos, crespones, ciruelos de jard\u00edn y arces tridentes; en arterias como J. Newbery, 12 de octubre, Av. Alem, G\u00fcemes, Lamela, Rawson, Av. Irigoyen, Av.25 de Mayo, Amarante, R. de Tornquist, Av. Libertad, Av. Sarmiento, Av. Gral. Paz, y Rodolfo Scharff.<\/p>\n<p>Es importante destacar que todas las zonas donde el municipio ha realizado plantaci\u00f3n de ejemplares (bulevares, parques y plazas), se est\u00e1n llevando a cabo tareas de regado y mantenimiento, para que crezcan de la mejor manera. En tal sentido, se solicita el compromiso y colaboraci\u00f3n de los vecinos para cuidar las nuevas plantas que han sido colocadas en veredas, reg\u00e1ndolos.<\/p>\n<p>Las tareas de forestaci\u00f3n continuar\u00e1n la semana que viene en las localidades de Villa Ventana, Vila Serrana la Gruta y Pelicura, con el objetivo de llegar a todas las ciudades del distrito con mas especies.<\/p>\n<p>&nbsp;<\/p>\n<p><img loading=\"lazy\" decoding=\"async\" class=\"alignnone size-medium wp-image-69323\" src=\"http:\/\/www.celttv.com.ar\/wp-content\/uploads\/2022\/09\/belgrano-1-585x780.jpeg\" alt=\"\" width=\"585\" height=\"780\" \/> <img loading=\"lazy\" decoding=\"async\" class=\"alignnone size-medium wp-image-69324\" src=\"http:\/\/www.celttv.com.ar\/wp-content\/uploads\/2022\/09\/belgrano1-1-585x780.jpeg\" alt=\"\" width=\"585\" height=\"780\" \/> <img loading=\"lazy\" decoding=\"async\" class=\"alignnone size-medium wp-image-69325\" src=\"http:\/\/www.celttv.com.ar\/wp-content\/uploads\/2022\/09\/belgrano2-1-585x780.jpeg\" alt=\"\" width=\"585\" height=\"780\" \/> <img loading=\"lazy\" decoding=\"async\" class=\"alignnone size-medium wp-image-69326\" src=\"http:\/\/www.celttv.com.ar\/wp-content\/uploads\/2022\/09\/belgrano3-1-585x780.jpeg\" alt=\"\" width=\"585\" height=\"780\" \/> <img loading=\"lazy\" decoding=\"async\" class=\"alignnone size-medium wp-image-69327\" src=\"http:\/\/www.celttv.com.ar\/wp-content\/uploads\/2022\/09\/belgrano4-1-585x780.jpeg\" alt=\"\" width=\"585\" height=\"780\" \/> <img loading=\"lazy\" decoding=\"async\" class=\"alignnone size-medium wp-image-69328\" src=\"http:\/\/www.celttv.com.ar\/wp-content\/uploads\/2022\/09\/tornquist-1-439x780.jpeg\" alt=\"\" width=\"439\" height=\"780\" \/> <img loading=\"lazy\" decoding=\"async\" class=\"alignnone size-medium wp-image-69329\" src=\"http:\/\/www.celttv.com.ar\/wp-content\/uploads\/2022\/09\/tornquist1-1-439x780.jpeg\" alt=\"\" width=\"439\" height=\"780\" \/> <img loading=\"lazy\" decoding=\"async\" class=\"alignnone size-medium wp-image-69330\" src=\"http:\/\/www.celttv.com.ar\/wp-content\/uploads\/2022\/09\/tornquist2-1-439x780.jpeg\" alt=\"\" width=\"439\" height=\"780\" \/> <img loading=\"lazy\" decoding=\"async\" class=\"alignnone size-medium wp-image-69331\" src=\"http:\/\/www.celttv.com.ar\/wp-content\/uploads\/2022\/09\/tornquist3-1-439x780.jpeg\" alt=\"\" width=\"439\" height=\"780\" \/><\/p>\n","protected":false},"excerpt":{"rendered":"<p>Dando continuidad al plan de forestaci\u00f3ndel distrito, el Departamento de Arbolado Urbano, llev\u00f3 a cabo en la localidad de Tornquist, dos jornadas de colocaci\u00f3n de nuevas plantas. La vegetaci\u00f3n es distribuida en diferentes frentes de la ciudad cabecera, reponiendo \u00e1rboles que fueron extra\u00eddos por su mal estado, o que fueron golpeados por los temporales que [&hellip;]<\/p>\n","protected":false},"author":5,"featured_media":69403,"comment_status":"closed","ping_status":"open","sticky":false,"template":"","format":"standard","meta":{"footnotes":""},"categories":[51,52,59],"tags":[379],"class_list":["post-69523","post","type-post","status-publish","format-standard","has-post-thumbnail","hentry","category-comunidad","category-destacadas","category-municipales","tag-el-municipio-continua-con-la-plantacion-de-nuevos-arboles-en-el-distrito"],"yoast_head":"<!-- This site is optimized with the Yoast SEO plugin v19.7.1 - https:\/\/yoast.com\/wordpress\/plugins\/seo\/ -->\n<title>El municipio contin\u00faa con la plantaci\u00f3n de nuevos \u00e1rboles en el distrito - CELTTV<\/title>\n<meta name=\"description\" content=\"Sitio web de noticias de la localidad de Tornquist, provincia de Buenos Aires, Rep\u00fablica Argentina. Contenido propio originado por periodistas de CELTTV, el canal de TV local de la Cooperativa El\u00e9ctrica de Tornquist. Turismo, Pol\u00edtica, Sociedad, Deporte, Cultura y todo el contenido de inter\u00e9s general que la gente del pueblo y la regi\u00f3n debe conocer.\" \/>\n<meta name=\"robots\" content=\"index, follow, max-snippet:-1, max-image-preview:large, max-video-preview:-1\" \/>\n<link rel=\"canonical\" href=\"https:\/\/www.celttv.com.ar\/index.php\/2022\/09\/14\/el-municipio-continua-con-la-plantacion-de-nuevos-arboles-en-el-distrito\/\" \/>\n<meta property=\"og:locale\" content=\"es_ES\" \/>\n<meta property=\"og:type\" content=\"article\" \/>\n<meta property=\"og:title\" content=\"El municipio contin\u00faa con la plantaci\u00f3n de nuevos \u00e1rboles en el distrito - CELTTV\" \/>\n<meta property=\"og:description\" content=\"Sitio web de noticias de la localidad de Tornquist, provincia de Buenos Aires, Rep\u00fablica Argentina. Contenido propio originado por periodistas de CELTTV, el canal de TV local de la Cooperativa El\u00e9ctrica de Tornquist. Turismo, Pol\u00edtica, Sociedad, Deporte, Cultura y todo el contenido de inter\u00e9s general que la gente del pueblo y la regi\u00f3n debe conocer.\" \/>\n<meta property=\"og:url\" content=\"https:\/\/www.celttv.com.ar\/index.php\/2022\/09\/14\/el-municipio-continua-con-la-plantacion-de-nuevos-arboles-en-el-distrito\/\" \/>\n<meta property=\"og:site_name\" content=\"CELTTV\" \/>\n<meta property=\"article:publisher\" content=\"https:\/\/www.facebook.com\/celtTV\/\" \/>\n<meta property=\"article:published_time\" content=\"2022-09-14T21:18:13+00:00\" \/>\n<meta property=\"og:image\" content=\"https:\/\/www.celttv.com.ar\/wp-content\/uploads\/2022\/09\/tornquist3-1.jpeg\" \/>\n\t<meta property=\"og:image:width\" content=\"899\" \/>\n\t<meta property=\"og:image:height\" content=\"1599\" \/>\n\t<meta property=\"og:image:type\" content=\"image\/jpeg\" \/>\n<meta name=\"author\" content=\"Miguel Herrada\" \/>\n<meta name=\"twitter:card\" content=\"summary_large_image\" \/>\n<meta name=\"twitter:label1\" content=\"Escrito por\" \/>\n\t<meta name=\"twitter:data1\" content=\"Miguel Herrada\" \/>\n\t<meta name=\"twitter:label2\" content=\"Tiempo de lectura\" \/>\n\t<meta name=\"twitter:data2\" content=\"1 minuto\" \/>\n<script type=\"application\/ld+json\" class=\"yoast-schema-graph\">{\"@context\":\"https:\/\/schema.org\",\"@graph\":[{\"@type\":\"NewsArticle\",\"@id\":\"https:\/\/www.celttv.com.ar\/index.php\/2022\/09\/14\/el-municipio-continua-con-la-plantacion-de-nuevos-arboles-en-el-distrito\/#article\",\"isPartOf\":{\"@id\":\"https:\/\/www.celttv.com.ar\/index.php\/2022\/09\/14\/el-municipio-continua-con-la-plantacion-de-nuevos-arboles-en-el-distrito\/\"},\"author\":{\"name\":\"Miguel Herrada\",\"@id\":\"https:\/\/www.celttv.com.ar\/#\/schema\/person\/9059dc91dc7204ef4182cdb65225f07d\"},\"headline\":\"El municipio contin\u00faa con la plantaci\u00f3n de nuevos \u00e1rboles en el distrito\",\"datePublished\":\"2022-09-14T21:18:13+00:00\",\"dateModified\":\"2022-09-14T21:18:13+00:00\",\"mainEntityOfPage\":{\"@id\":\"https:\/\/www.celttv.com.ar\/index.php\/2022\/09\/14\/el-municipio-continua-con-la-plantacion-de-nuevos-arboles-en-el-distrito\/\"},\"wordCount\":253,\"publisher\":{\"@id\":\"https:\/\/www.celttv.com.ar\/#organization\"},\"keywords\":[\"El municipio contin\u00faa con la plantaci\u00f3n de nuevos \u00e1rboles en el distrito\"],\"articleSection\":[\"Comunidad\",\"Destacadas\",\"Municipales\"],\"inLanguage\":\"es\"},{\"@type\":\"WebPage\",\"@id\":\"https:\/\/www.celttv.com.ar\/index.php\/2022\/09\/14\/el-municipio-continua-con-la-plantacion-de-nuevos-arboles-en-el-distrito\/\",\"url\":\"https:\/\/www.celttv.com.ar\/index.php\/2022\/09\/14\/el-municipio-continua-con-la-plantacion-de-nuevos-arboles-en-el-distrito\/\",\"name\":\"El municipio contin\u00faa con la plantaci\u00f3n de nuevos \u00e1rboles en el distrito - CELTTV\",\"isPartOf\":{\"@id\":\"https:\/\/www.celttv.com.ar\/#website\"},\"datePublished\":\"2022-09-14T21:18:13+00:00\",\"dateModified\":\"2022-09-14T21:18:13+00:00\",\"description\":\"Sitio web de noticias de la localidad de Tornquist, provincia de Buenos Aires, Rep\u00fablica Argentina. Contenido propio originado por periodistas de CELTTV, el canal de TV local de la Cooperativa El\u00e9ctrica de Tornquist. Turismo, Pol\u00edtica, Sociedad, Deporte, Cultura y todo el contenido de inter\u00e9s general que la gente del pueblo y la regi\u00f3n debe conocer.\",\"breadcrumb\":{\"@id\":\"https:\/\/www.celttv.com.ar\/index.php\/2022\/09\/14\/el-municipio-continua-con-la-plantacion-de-nuevos-arboles-en-el-distrito\/#breadcrumb\"},\"inLanguage\":\"es\",\"potentialAction\":[{\"@type\":\"ReadAction\",\"target\":[\"https:\/\/www.celttv.com.ar\/index.php\/2022\/09\/14\/el-municipio-continua-con-la-plantacion-de-nuevos-arboles-en-el-distrito\/\"]}]},{\"@type\":\"BreadcrumbList\",\"@id\":\"https:\/\/www.celttv.com.ar\/index.php\/2022\/09\/14\/el-municipio-continua-con-la-plantacion-de-nuevos-arboles-en-el-distrito\/#breadcrumb\",\"itemListElement\":[{\"@type\":\"ListItem\",\"position\":1,\"name\":\"Inicio\",\"item\":\"https:\/\/www.celttv.com.ar\/\"},{\"@type\":\"ListItem\",\"position\":2,\"name\":\"El municipio contin\u00faa con la plantaci\u00f3n de nuevos \u00e1rboles en el distrito\"}]},{\"@type\":\"WebSite\",\"@id\":\"https:\/\/www.celttv.com.ar\/#website\",\"url\":\"https:\/\/www.celttv.com.ar\/\",\"name\":\"CELTTV\",\"description\":\"Cooperativa El\u00e9ctrica de Tornquist\",\"publisher\":{\"@id\":\"https:\/\/www.celttv.com.ar\/#organization\"},\"potentialAction\":[{\"@type\":\"SearchAction\",\"target\":{\"@type\":\"EntryPoint\",\"urlTemplate\":\"https:\/\/www.celttv.com.ar\/?s={search_term_string}\"},\"query-input\":\"required name=search_term_string\"}],\"inLanguage\":\"es\"},{\"@type\":\"Organization\",\"@id\":\"https:\/\/www.celttv.com.ar\/#organization\",\"name\":\"CELTTV\",\"url\":\"https:\/\/www.celttv.com.ar\/\",\"sameAs\":[\"https:\/\/www.youtube.com\/channel\/UCz_oIt8Hig64Ub-EmcNPIhg\",\"https:\/\/www.facebook.com\/celtTV\/\"],\"logo\":{\"@type\":\"ImageObject\",\"inLanguage\":\"es\",\"@id\":\"https:\/\/www.celttv.com.ar\/#\/schema\/logo\/image\/\",\"url\":\"http:\/\/www.celttv.com.ar\/wp-content\/uploads\/2022\/08\/logo-1.png\",\"contentUrl\":\"http:\/\/www.celttv.com.ar\/wp-content\/uploads\/2022\/08\/logo-1.png\",\"width\":461,\"height\":159,\"caption\":\"CELTTV\"},\"image\":{\"@id\":\"https:\/\/www.celttv.com.ar\/#\/schema\/logo\/image\/\"}},{\"@type\":\"Person\",\"@id\":\"https:\/\/www.celttv.com.ar\/#\/schema\/person\/9059dc91dc7204ef4182cdb65225f07d\",\"name\":\"Miguel Herrada\",\"image\":{\"@type\":\"ImageObject\",\"inLanguage\":\"es\",\"@id\":\"https:\/\/www.celttv.com.ar\/#\/schema\/person\/image\/\",\"url\":\"https:\/\/secure.gravatar.com\/avatar\/67724d5b3c716623ffd76bec7e45841a442ac3b456e914dbba90b0fad2b8e0b1?s=96&d=mm&r=g\",\"contentUrl\":\"https:\/\/secure.gravatar.com\/avatar\/67724d5b3c716623ffd76bec7e45841a442ac3b456e914dbba90b0fad2b8e0b1?s=96&d=mm&r=g\",\"caption\":\"Miguel Herrada\"}}]}<\/script>\n<!-- \/ Yoast SEO plugin. -->","yoast_head_json":{"title":"El municipio contin\u00faa con la plantaci\u00f3n de nuevos \u00e1rboles en el distrito - CELTTV","description":"Sitio web de noticias de la localidad de Tornquist, provincia de Buenos Aires, Rep\u00fablica Argentina. Contenido propio originado por periodistas de CELTTV, el canal de TV local de la Cooperativa El\u00e9ctrica de Tornquist. Turismo, Pol\u00edtica, Sociedad, Deporte, Cultura y todo el contenido de inter\u00e9s general que la gente del pueblo y la regi\u00f3n debe conocer.","robots":{"index":"index","follow":"follow","max-snippet":"max-snippet:-1","max-image-preview":"max-image-preview:large","max-video-preview":"max-video-preview:-1"},"canonical":"https:\/\/www.celttv.com.ar\/index.php\/2022\/09\/14\/el-municipio-continua-con-la-plantacion-de-nuevos-arboles-en-el-distrito\/","og_locale":"es_ES","og_type":"article","og_title":"El municipio contin\u00faa con la plantaci\u00f3n de nuevos \u00e1rboles en el distrito - CELTTV","og_description":"Sitio web de noticias de la localidad de Tornquist, provincia de Buenos Aires, Rep\u00fablica Argentina. Contenido propio originado por periodistas de CELTTV, el canal de TV local de la Cooperativa El\u00e9ctrica de Tornquist. Turismo, Pol\u00edtica, Sociedad, Deporte, Cultura y todo el contenido de inter\u00e9s general que la gente del pueblo y la regi\u00f3n debe conocer.","og_url":"https:\/\/www.celttv.com.ar\/index.php\/2022\/09\/14\/el-municipio-continua-con-la-plantacion-de-nuevos-arboles-en-el-distrito\/","og_site_name":"CELTTV","article_publisher":"https:\/\/www.facebook.com\/celtTV\/","article_published_time":"2022-09-14T21:18:13+00:00","og_image":[{"width":899,"height":1599,"url":"https:\/\/www.celttv.com.ar\/wp-content\/uploads\/2022\/09\/tornquist3-1.jpeg","type":"image\/jpeg"}],"author":"Miguel Herrada","twitter_card":"summary_large_image","twitter_misc":{"Escrito por":"Miguel Herrada","Tiempo de lectura":"1 minuto"},"schema":{"@context":"https:\/\/schema.org","@graph":[{"@type":"NewsArticle","@id":"https:\/\/www.celttv.com.ar\/index.php\/2022\/09\/14\/el-municipio-continua-con-la-plantacion-de-nuevos-arboles-en-el-distrito\/#article","isPartOf":{"@id":"https:\/\/www.celttv.com.ar\/index.php\/2022\/09\/14\/el-municipio-continua-con-la-plantacion-de-nuevos-arboles-en-el-distrito\/"},"author":{"name":"Miguel Herrada","@id":"https:\/\/www.celttv.com.ar\/#\/schema\/person\/9059dc91dc7204ef4182cdb65225f07d"},"headline":"El municipio contin\u00faa con la plantaci\u00f3n de nuevos \u00e1rboles en el distrito","datePublished":"2022-09-14T21:18:13+00:00","dateModified":"2022-09-14T21:18:13+00:00","mainEntityOfPage":{"@id":"https:\/\/www.celttv.com.ar\/index.php\/2022\/09\/14\/el-municipio-continua-con-la-plantacion-de-nuevos-arboles-en-el-distrito\/"},"wordCount":253,"publisher":{"@id":"https:\/\/www.celttv.com.ar\/#organization"},"keywords":["El municipio contin\u00faa con la plantaci\u00f3n de nuevos \u00e1rboles en el distrito"],"articleSection":["Comunidad","Destacadas","Municipales"],"inLanguage":"es"},{"@type":"WebPage","@id":"https:\/\/www.celttv.com.ar\/index.php\/2022\/09\/14\/el-municipio-continua-con-la-plantacion-de-nuevos-arboles-en-el-distrito\/","url":"https:\/\/www.celttv.com.ar\/index.php\/2022\/09\/14\/el-municipio-continua-con-la-plantacion-de-nuevos-arboles-en-el-distrito\/","name":"El municipio contin\u00faa con la plantaci\u00f3n de nuevos \u00e1rboles en el distrito - CELTTV","isPartOf":{"@id":"https:\/\/www.celttv.com.ar\/#website"},"datePublished":"2022-09-14T21:18:13+00:00","dateModified":"2022-09-14T21:18:13+00:00","description":"Sitio web de noticias de la localidad de Tornquist, provincia de Buenos Aires, Rep\u00fablica Argentina. Contenido propio originado por periodistas de CELTTV, el canal de TV local de la Cooperativa El\u00e9ctrica de Tornquist. Turismo, Pol\u00edtica, Sociedad, Deporte, Cultura y todo el contenido de inter\u00e9s general que la gente del pueblo y la regi\u00f3n debe conocer.","breadcrumb":{"@id":"https:\/\/www.celttv.com.ar\/index.php\/2022\/09\/14\/el-municipio-continua-con-la-plantacion-de-nuevos-arboles-en-el-distrito\/#breadcrumb"},"inLanguage":"es","potentialAction":[{"@type":"ReadAction","target":["https:\/\/www.celttv.com.ar\/index.php\/2022\/09\/14\/el-municipio-continua-con-la-plantacion-de-nuevos-arboles-en-el-distrito\/"]}]},{"@type":"BreadcrumbList","@id":"https:\/\/www.celttv.com.ar\/index.php\/2022\/09\/14\/el-municipio-continua-con-la-plantacion-de-nuevos-arboles-en-el-distrito\/#breadcrumb","itemListElement":[{"@type":"ListItem","position":1,"name":"Inicio","item":"https:\/\/www.celttv.com.ar\/"},{"@type":"ListItem","position":2,"name":"El municipio contin\u00faa con la plantaci\u00f3n de nuevos \u00e1rboles en el distrito"}]},{"@type":"WebSite","@id":"https:\/\/www.celttv.com.ar\/#website","url":"https:\/\/www.celttv.com.ar\/","name":"CELTTV","description":"Cooperativa El\u00e9ctrica de Tornquist","publisher":{"@id":"https:\/\/www.celttv.com.ar\/#organization"},"potentialAction":[{"@type":"SearchAction","target":{"@type":"EntryPoint","urlTemplate":"https:\/\/www.celttv.com.ar\/?s={search_term_string}"},"query-input":"required name=search_term_string"}],"inLanguage":"es"},{"@type":"Organization","@id":"https:\/\/www.celttv.com.ar\/#organization","name":"CELTTV","url":"https:\/\/www.celttv.com.ar\/","sameAs":["https:\/\/www.youtube.com\/channel\/UCz_oIt8Hig64Ub-EmcNPIhg","https:\/\/www.facebook.com\/celtTV\/"],"logo":{"@type":"ImageObject","inLanguage":"es","@id":"https:\/\/www.celttv.com.ar\/#\/schema\/logo\/image\/","url":"http:\/\/www.celttv.com.ar\/wp-content\/uploads\/2022\/08\/logo-1.png","contentUrl":"http:\/\/www.celttv.com.ar\/wp-content\/uploads\/2022\/08\/logo-1.png","width":461,"height":159,"caption":"CELTTV"},"image":{"@id":"https:\/\/www.celttv.com.ar\/#\/schema\/logo\/image\/"}},{"@type":"Person","@id":"https:\/\/www.celttv.com.ar\/#\/schema\/person\/9059dc91dc7204ef4182cdb65225f07d","name":"Miguel Herrada","image":{"@type":"ImageObject","inLanguage":"es","@id":"https:\/\/www.celttv.com.ar\/#\/schema\/person\/image\/","url":"https:\/\/secure.gravatar.com\/avatar\/67724d5b3c716623ffd76bec7e45841a442ac3b456e914dbba90b0fad2b8e0b1?s=96&d=mm&r=g","contentUrl":"https:\/\/secure.gravatar.com\/avatar\/67724d5b3c716623ffd76bec7e45841a442ac3b456e914dbba90b0fad2b8e0b1?s=96&d=mm&r=g","caption":"Miguel Herrada"}}]}},"_links":{"self":[{"href":"https:\/\/www.celttv.com.ar\/index.php\/wp-json\/wp\/v2\/posts\/69523","targetHints":{"allow":["GET"]}}],"collection":[{"href":"https:\/\/www.celttv.com.ar\/index.php\/wp-json\/wp\/v2\/posts"}],"about":[{"href":"https:\/\/www.celttv.com.ar\/index.php\/wp-json\/wp\/v2\/types\/post"}],"author":[{"embeddable":true,"href":"https:\/\/www.celttv.com.ar\/index.php\/wp-json\/wp\/v2\/users\/5"}],"replies":[{"embeddable":true,"href":"https:\/\/www.celttv.com.ar\/index.php\/wp-json\/wp\/v2\/comments?post=69523"}],"version-history":[{"count":0,"href":"https:\/\/www.celttv.com.ar\/index.php\/wp-json\/wp\/v2\/posts\/69523\/revisions"}],"wp:featuredmedia":[{"embeddable":true,"href":"https:\/\/www.celttv.com.ar\/index.php\/wp-json\/wp\/v2\/media\/69403"}],"wp:attachment":[{"href":"https:\/\/www.celttv.com.ar\/index.php\/wp-json\/wp\/v2\/media?parent=69523"}],"wp:term":[{"taxonomy":"category","embeddable":true,"href":"https:\/\/www.celttv.com.ar\/index.php\/wp-json\/wp\/v2\/categories?post=69523"},{"taxonomy":"post_tag","embeddable":true,"href":"https:\/\/www.celttv.com.ar\/index.php\/wp-json\/wp\/v2\/tags?post=69523"}],"curies":[{"name":"wp","href":"https:\/\/api.w.org\/{rel}","templated":true}]}}