{"id":69594,"date":"2022-09-22T09:26:05","date_gmt":"2022-09-22T12:26:05","guid":{"rendered":"http:\/\/www.celttv.com.ar\/?p=69594"},"modified":"2022-09-22T10:16:15","modified_gmt":"2022-09-22T13:16:15","slug":"murio-un-camionero-tras-un-choque-frontal-en-la-ruta-33","status":"publish","type":"post","link":"https:\/\/www.celttv.com.ar\/index.php\/2022\/09\/22\/murio-un-camionero-tras-un-choque-frontal-en-la-ruta-33\/","title":{"rendered":"Muri\u00f3 un camionero tras un choque frontal en la ruta 33"},"content":{"rendered":"<p>Un camionero que protagoniz\u00f3 ayer al\u00a0 mediod\u00eda un choque frontal en la ruta 33 muri\u00f3 esta tarde en el Hospital Municipal de Pig\u00fc\u00e9.<\/p>\n<p>Se trata de Luis Eduardo Gaittan, de 49 a\u00f1os y oriundo de la localidad cordobesa de\u00a0Vicu\u00f1a Mackenna,\u00a0inform\u00f3 FM Radiante de Puan.<\/p>\n<p>El accidente ocurri\u00f3\u00a0entre dos camiones en el kil\u00f3metro 103 de la ruta 33, cerca de Saavedra.<\/p>\n<p>Un Mercedes Benz manejado por Enzo Mondaca, de 33 a\u00f1os, impact\u00f3 de frente contra un Ford conducido por Gaittan.<\/p>\n<p>El primero transportaba ma\u00edz y ven\u00eda en direcci\u00f3n a Bah\u00eda Blanca desde Pig\u00fc\u00e9, mientras que el otro iba hacia esa localidad sin carga.<\/p>\n<p>El cami\u00f3n de Mondaca, quien tambi\u00e9n fue hospitalizado en\u00a0Pig\u00fc\u00e9, qued\u00f3 sobre el asfalto y se volc\u00f3 parte del cereal, mientras que el segundo termin\u00f3 sobre la banquina.<\/p>\n<p>La ruta permaneci\u00f3 habilitada solo en una sola mano hasta aproximadamente las 17:30, cuando se liber\u00f3 el tr\u00e1nsito en su totalidad. (La Nueva., Semanario Reflejos y FM Radiante)<\/p>\n<p><img loading=\"lazy\" decoding=\"async\" class=\"alignnone size-medium wp-image-69595\" src=\"http:\/\/www.celttv.com.ar\/wp-content\/uploads\/2022\/09\/1-2-300x189.jpg\" alt=\"\" width=\"300\" height=\"189\" srcset=\"https:\/\/www.celttv.com.ar\/wp-content\/uploads\/2022\/09\/1-2-300x189.jpg 300w, https:\/\/www.celttv.com.ar\/wp-content\/uploads\/2022\/09\/1-2.jpg 667w\" sizes=\"auto, (max-width: 300px) 100vw, 300px\" \/> <img loading=\"lazy\" decoding=\"async\" class=\"alignnone size-medium wp-image-69596\" src=\"http:\/\/www.celttv.com.ar\/wp-content\/uploads\/2022\/09\/WhatsApp-Image-2022-09-21-at-21.18.26-1-300x169.jpeg\" alt=\"\" width=\"300\" height=\"169\" srcset=\"https:\/\/www.celttv.com.ar\/wp-content\/uploads\/2022\/09\/WhatsApp-Image-2022-09-21-at-21.18.26-1-300x169.jpeg 300w, https:\/\/www.celttv.com.ar\/wp-content\/uploads\/2022\/09\/WhatsApp-Image-2022-09-21-at-21.18.26-1-768x432.jpeg 768w, https:\/\/www.celttv.com.ar\/wp-content\/uploads\/2022\/09\/WhatsApp-Image-2022-09-21-at-21.18.26-1-750x422.jpeg 750w, https:\/\/www.celttv.com.ar\/wp-content\/uploads\/2022\/09\/WhatsApp-Image-2022-09-21-at-21.18.26-1.jpeg 807w\" sizes=\"auto, (max-width: 300px) 100vw, 300px\" \/> <img loading=\"lazy\" decoding=\"async\" class=\"alignnone size-medium wp-image-69597\" src=\"http:\/\/www.celttv.com.ar\/wp-content\/uploads\/2022\/09\/WhatsApp-Image-2022-09-21-at-21.18.26-300x169.jpeg\" alt=\"\" width=\"300\" height=\"169\" srcset=\"https:\/\/www.celttv.com.ar\/wp-content\/uploads\/2022\/09\/WhatsApp-Image-2022-09-21-at-21.18.26-300x169.jpeg 300w, https:\/\/www.celttv.com.ar\/wp-content\/uploads\/2022\/09\/WhatsApp-Image-2022-09-21-at-21.18.26-768x432.jpeg 768w, https:\/\/www.celttv.com.ar\/wp-content\/uploads\/2022\/09\/WhatsApp-Image-2022-09-21-at-21.18.26-750x422.jpeg 750w, https:\/\/www.celttv.com.ar\/wp-content\/uploads\/2022\/09\/WhatsApp-Image-2022-09-21-at-21.18.26.jpeg 807w\" sizes=\"auto, (max-width: 300px) 100vw, 300px\" \/><\/p>\n","protected":false},"excerpt":{"rendered":"<p>Un camionero que protagoniz\u00f3 ayer al\u00a0 mediod\u00eda un choque frontal en la ruta 33 muri\u00f3 esta tarde en el Hospital Municipal de Pig\u00fc\u00e9. Se trata de Luis Eduardo Gaittan, de 49 a\u00f1os y oriundo de la localidad cordobesa de\u00a0Vicu\u00f1a Mackenna,\u00a0inform\u00f3 FM Radiante de Puan. El accidente ocurri\u00f3\u00a0entre dos camiones en el kil\u00f3metro 103 de la [&hellip;]<\/p>\n","protected":false},"author":5,"featured_media":69597,"comment_status":"open","ping_status":"open","sticky":false,"template":"","format":"standard","meta":{"footnotes":""},"categories":[51,52,61],"tags":[],"class_list":["post-69594","post","type-post","status-publish","format-standard","has-post-thumbnail","hentry","category-comunidad","category-destacadas","category-policiales"],"yoast_head":"<!-- This site is optimized with the Yoast SEO plugin v19.7.1 - https:\/\/yoast.com\/wordpress\/plugins\/seo\/ -->\n<title>Muri\u00f3 un camionero tras un choque frontal en la ruta 33 - CELTTV<\/title>\n<meta name=\"description\" content=\"Sitio web de noticias de la localidad de Tornquist, provincia de Buenos Aires, Rep\u00fablica Argentina. Contenido propio originado por periodistas de CELTTV, el canal de TV local de la Cooperativa El\u00e9ctrica de Tornquist. Turismo, Pol\u00edtica, Sociedad, Deporte, Cultura y todo el contenido de inter\u00e9s general que la gente del pueblo y la regi\u00f3n debe conocer.\" \/>\n<meta name=\"robots\" content=\"index, follow, max-snippet:-1, max-image-preview:large, max-video-preview:-1\" \/>\n<link rel=\"canonical\" href=\"https:\/\/www.celttv.com.ar\/index.php\/2022\/09\/22\/murio-un-camionero-tras-un-choque-frontal-en-la-ruta-33\/\" \/>\n<meta property=\"og:locale\" content=\"es_ES\" \/>\n<meta property=\"og:type\" content=\"article\" \/>\n<meta property=\"og:title\" content=\"Muri\u00f3 un camionero tras un choque frontal en la ruta 33 - CELTTV\" \/>\n<meta property=\"og:description\" content=\"Sitio web de noticias de la localidad de Tornquist, provincia de Buenos Aires, Rep\u00fablica Argentina. Contenido propio originado por periodistas de CELTTV, el canal de TV local de la Cooperativa El\u00e9ctrica de Tornquist. Turismo, Pol\u00edtica, Sociedad, Deporte, Cultura y todo el contenido de inter\u00e9s general que la gente del pueblo y la regi\u00f3n debe conocer.\" \/>\n<meta property=\"og:url\" content=\"https:\/\/www.celttv.com.ar\/index.php\/2022\/09\/22\/murio-un-camionero-tras-un-choque-frontal-en-la-ruta-33\/\" \/>\n<meta property=\"og:site_name\" content=\"CELTTV\" \/>\n<meta property=\"article:publisher\" content=\"https:\/\/www.facebook.com\/celtTV\/\" \/>\n<meta property=\"article:published_time\" content=\"2022-09-22T12:26:05+00:00\" \/>\n<meta property=\"article:modified_time\" content=\"2022-09-22T13:16:15+00:00\" \/>\n<meta property=\"og:image\" content=\"https:\/\/www.celttv.com.ar\/wp-content\/uploads\/2022\/09\/WhatsApp-Image-2022-09-21-at-21.18.26.jpeg\" \/>\n\t<meta property=\"og:image:width\" content=\"807\" \/>\n\t<meta property=\"og:image:height\" content=\"454\" \/>\n\t<meta property=\"og:image:type\" content=\"image\/jpeg\" \/>\n<meta name=\"author\" content=\"Miguel Herrada\" \/>\n<meta name=\"twitter:card\" content=\"summary_large_image\" \/>\n<meta name=\"twitter:label1\" content=\"Escrito por\" \/>\n\t<meta name=\"twitter:data1\" content=\"Miguel Herrada\" \/>\n\t<meta name=\"twitter:label2\" content=\"Tiempo de lectura\" \/>\n\t<meta name=\"twitter:data2\" content=\"2 minutos\" \/>\n<script type=\"application\/ld+json\" class=\"yoast-schema-graph\">{\"@context\":\"https:\/\/schema.org\",\"@graph\":[{\"@type\":\"NewsArticle\",\"@id\":\"https:\/\/www.celttv.com.ar\/index.php\/2022\/09\/22\/murio-un-camionero-tras-un-choque-frontal-en-la-ruta-33\/#article\",\"isPartOf\":{\"@id\":\"https:\/\/www.celttv.com.ar\/index.php\/2022\/09\/22\/murio-un-camionero-tras-un-choque-frontal-en-la-ruta-33\/\"},\"author\":{\"name\":\"Miguel Herrada\",\"@id\":\"https:\/\/www.celttv.com.ar\/#\/schema\/person\/9059dc91dc7204ef4182cdb65225f07d\"},\"headline\":\"Muri\u00f3 un camionero tras un choque frontal en la ruta 33\",\"datePublished\":\"2022-09-22T12:26:05+00:00\",\"dateModified\":\"2022-09-22T13:16:15+00:00\",\"mainEntityOfPage\":{\"@id\":\"https:\/\/www.celttv.com.ar\/index.php\/2022\/09\/22\/murio-un-camionero-tras-un-choque-frontal-en-la-ruta-33\/\"},\"wordCount\":177,\"commentCount\":0,\"publisher\":{\"@id\":\"https:\/\/www.celttv.com.ar\/#organization\"},\"articleSection\":[\"Comunidad\",\"Destacadas\",\"Policiales\"],\"inLanguage\":\"es\"},{\"@type\":\"WebPage\",\"@id\":\"https:\/\/www.celttv.com.ar\/index.php\/2022\/09\/22\/murio-un-camionero-tras-un-choque-frontal-en-la-ruta-33\/\",\"url\":\"https:\/\/www.celttv.com.ar\/index.php\/2022\/09\/22\/murio-un-camionero-tras-un-choque-frontal-en-la-ruta-33\/\",\"name\":\"Muri\u00f3 un camionero tras un choque frontal en la ruta 33 - CELTTV\",\"isPartOf\":{\"@id\":\"https:\/\/www.celttv.com.ar\/#website\"},\"datePublished\":\"2022-09-22T12:26:05+00:00\",\"dateModified\":\"2022-09-22T13:16:15+00:00\",\"description\":\"Sitio web de noticias de la localidad de Tornquist, provincia de Buenos Aires, Rep\u00fablica Argentina. Contenido propio originado por periodistas de CELTTV, el canal de TV local de la Cooperativa El\u00e9ctrica de Tornquist. Turismo, Pol\u00edtica, Sociedad, Deporte, Cultura y todo el contenido de inter\u00e9s general que la gente del pueblo y la regi\u00f3n debe conocer.\",\"breadcrumb\":{\"@id\":\"https:\/\/www.celttv.com.ar\/index.php\/2022\/09\/22\/murio-un-camionero-tras-un-choque-frontal-en-la-ruta-33\/#breadcrumb\"},\"inLanguage\":\"es\",\"potentialAction\":[{\"@type\":\"ReadAction\",\"target\":[\"https:\/\/www.celttv.com.ar\/index.php\/2022\/09\/22\/murio-un-camionero-tras-un-choque-frontal-en-la-ruta-33\/\"]}]},{\"@type\":\"BreadcrumbList\",\"@id\":\"https:\/\/www.celttv.com.ar\/index.php\/2022\/09\/22\/murio-un-camionero-tras-un-choque-frontal-en-la-ruta-33\/#breadcrumb\",\"itemListElement\":[{\"@type\":\"ListItem\",\"position\":1,\"name\":\"Inicio\",\"item\":\"https:\/\/www.celttv.com.ar\/\"},{\"@type\":\"ListItem\",\"position\":2,\"name\":\"Muri\u00f3 un camionero tras un choque frontal en la ruta 33\"}]},{\"@type\":\"WebSite\",\"@id\":\"https:\/\/www.celttv.com.ar\/#website\",\"url\":\"https:\/\/www.celttv.com.ar\/\",\"name\":\"CELTTV\",\"description\":\"Cooperativa El\u00e9ctrica de Tornquist\",\"publisher\":{\"@id\":\"https:\/\/www.celttv.com.ar\/#organization\"},\"potentialAction\":[{\"@type\":\"SearchAction\",\"target\":{\"@type\":\"EntryPoint\",\"urlTemplate\":\"https:\/\/www.celttv.com.ar\/?s={search_term_string}\"},\"query-input\":\"required name=search_term_string\"}],\"inLanguage\":\"es\"},{\"@type\":\"Organization\",\"@id\":\"https:\/\/www.celttv.com.ar\/#organization\",\"name\":\"CELTTV\",\"url\":\"https:\/\/www.celttv.com.ar\/\",\"sameAs\":[\"https:\/\/www.youtube.com\/channel\/UCz_oIt8Hig64Ub-EmcNPIhg\",\"https:\/\/www.facebook.com\/celtTV\/\"],\"logo\":{\"@type\":\"ImageObject\",\"inLanguage\":\"es\",\"@id\":\"https:\/\/www.celttv.com.ar\/#\/schema\/logo\/image\/\",\"url\":\"http:\/\/www.celttv.com.ar\/wp-content\/uploads\/2022\/08\/logo-1.png\",\"contentUrl\":\"http:\/\/www.celttv.com.ar\/wp-content\/uploads\/2022\/08\/logo-1.png\",\"width\":461,\"height\":159,\"caption\":\"CELTTV\"},\"image\":{\"@id\":\"https:\/\/www.celttv.com.ar\/#\/schema\/logo\/image\/\"}},{\"@type\":\"Person\",\"@id\":\"https:\/\/www.celttv.com.ar\/#\/schema\/person\/9059dc91dc7204ef4182cdb65225f07d\",\"name\":\"Miguel Herrada\",\"image\":{\"@type\":\"ImageObject\",\"inLanguage\":\"es\",\"@id\":\"https:\/\/www.celttv.com.ar\/#\/schema\/person\/image\/\",\"url\":\"https:\/\/secure.gravatar.com\/avatar\/67724d5b3c716623ffd76bec7e45841a442ac3b456e914dbba90b0fad2b8e0b1?s=96&d=mm&r=g\",\"contentUrl\":\"https:\/\/secure.gravatar.com\/avatar\/67724d5b3c716623ffd76bec7e45841a442ac3b456e914dbba90b0fad2b8e0b1?s=96&d=mm&r=g\",\"caption\":\"Miguel Herrada\"}}]}<\/script>\n<!-- \/ Yoast SEO plugin. -->","yoast_head_json":{"title":"Muri\u00f3 un camionero tras un choque frontal en la ruta 33 - CELTTV","description":"Sitio web de noticias de la localidad de Tornquist, provincia de Buenos Aires, Rep\u00fablica Argentina. Contenido propio originado por periodistas de CELTTV, el canal de TV local de la Cooperativa El\u00e9ctrica de Tornquist. Turismo, Pol\u00edtica, Sociedad, Deporte, Cultura y todo el contenido de inter\u00e9s general que la gente del pueblo y la regi\u00f3n debe conocer.","robots":{"index":"index","follow":"follow","max-snippet":"max-snippet:-1","max-image-preview":"max-image-preview:large","max-video-preview":"max-video-preview:-1"},"canonical":"https:\/\/www.celttv.com.ar\/index.php\/2022\/09\/22\/murio-un-camionero-tras-un-choque-frontal-en-la-ruta-33\/","og_locale":"es_ES","og_type":"article","og_title":"Muri\u00f3 un camionero tras un choque frontal en la ruta 33 - CELTTV","og_description":"Sitio web de noticias de la localidad de Tornquist, provincia de Buenos Aires, Rep\u00fablica Argentina. Contenido propio originado por periodistas de CELTTV, el canal de TV local de la Cooperativa El\u00e9ctrica de Tornquist. Turismo, Pol\u00edtica, Sociedad, Deporte, Cultura y todo el contenido de inter\u00e9s general que la gente del pueblo y la regi\u00f3n debe conocer.","og_url":"https:\/\/www.celttv.com.ar\/index.php\/2022\/09\/22\/murio-un-camionero-tras-un-choque-frontal-en-la-ruta-33\/","og_site_name":"CELTTV","article_publisher":"https:\/\/www.facebook.com\/celtTV\/","article_published_time":"2022-09-22T12:26:05+00:00","article_modified_time":"2022-09-22T13:16:15+00:00","og_image":[{"width":807,"height":454,"url":"https:\/\/www.celttv.com.ar\/wp-content\/uploads\/2022\/09\/WhatsApp-Image-2022-09-21-at-21.18.26.jpeg","type":"image\/jpeg"}],"author":"Miguel Herrada","twitter_card":"summary_large_image","twitter_misc":{"Escrito por":"Miguel Herrada","Tiempo de lectura":"2 minutos"},"schema":{"@context":"https:\/\/schema.org","@graph":[{"@type":"NewsArticle","@id":"https:\/\/www.celttv.com.ar\/index.php\/2022\/09\/22\/murio-un-camionero-tras-un-choque-frontal-en-la-ruta-33\/#article","isPartOf":{"@id":"https:\/\/www.celttv.com.ar\/index.php\/2022\/09\/22\/murio-un-camionero-tras-un-choque-frontal-en-la-ruta-33\/"},"author":{"name":"Miguel Herrada","@id":"https:\/\/www.celttv.com.ar\/#\/schema\/person\/9059dc91dc7204ef4182cdb65225f07d"},"headline":"Muri\u00f3 un camionero tras un choque frontal en la ruta 33","datePublished":"2022-09-22T12:26:05+00:00","dateModified":"2022-09-22T13:16:15+00:00","mainEntityOfPage":{"@id":"https:\/\/www.celttv.com.ar\/index.php\/2022\/09\/22\/murio-un-camionero-tras-un-choque-frontal-en-la-ruta-33\/"},"wordCount":177,"commentCount":0,"publisher":{"@id":"https:\/\/www.celttv.com.ar\/#organization"},"articleSection":["Comunidad","Destacadas","Policiales"],"inLanguage":"es"},{"@type":"WebPage","@id":"https:\/\/www.celttv.com.ar\/index.php\/2022\/09\/22\/murio-un-camionero-tras-un-choque-frontal-en-la-ruta-33\/","url":"https:\/\/www.celttv.com.ar\/index.php\/2022\/09\/22\/murio-un-camionero-tras-un-choque-frontal-en-la-ruta-33\/","name":"Muri\u00f3 un camionero tras un choque frontal en la ruta 33 - CELTTV","isPartOf":{"@id":"https:\/\/www.celttv.com.ar\/#website"},"datePublished":"2022-09-22T12:26:05+00:00","dateModified":"2022-09-22T13:16:15+00:00","description":"Sitio web de noticias de la localidad de Tornquist, provincia de Buenos Aires, Rep\u00fablica Argentina. Contenido propio originado por periodistas de CELTTV, el canal de TV local de la Cooperativa El\u00e9ctrica de Tornquist. Turismo, Pol\u00edtica, Sociedad, Deporte, Cultura y todo el contenido de inter\u00e9s general que la gente del pueblo y la regi\u00f3n debe conocer.","breadcrumb":{"@id":"https:\/\/www.celttv.com.ar\/index.php\/2022\/09\/22\/murio-un-camionero-tras-un-choque-frontal-en-la-ruta-33\/#breadcrumb"},"inLanguage":"es","potentialAction":[{"@type":"ReadAction","target":["https:\/\/www.celttv.com.ar\/index.php\/2022\/09\/22\/murio-un-camionero-tras-un-choque-frontal-en-la-ruta-33\/"]}]},{"@type":"BreadcrumbList","@id":"https:\/\/www.celttv.com.ar\/index.php\/2022\/09\/22\/murio-un-camionero-tras-un-choque-frontal-en-la-ruta-33\/#breadcrumb","itemListElement":[{"@type":"ListItem","position":1,"name":"Inicio","item":"https:\/\/www.celttv.com.ar\/"},{"@type":"ListItem","position":2,"name":"Muri\u00f3 un camionero tras un choque frontal en la ruta 33"}]},{"@type":"WebSite","@id":"https:\/\/www.celttv.com.ar\/#website","url":"https:\/\/www.celttv.com.ar\/","name":"CELTTV","description":"Cooperativa El\u00e9ctrica de Tornquist","publisher":{"@id":"https:\/\/www.celttv.com.ar\/#organization"},"potentialAction":[{"@type":"SearchAction","target":{"@type":"EntryPoint","urlTemplate":"https:\/\/www.celttv.com.ar\/?s={search_term_string}"},"query-input":"required name=search_term_string"}],"inLanguage":"es"},{"@type":"Organization","@id":"https:\/\/www.celttv.com.ar\/#organization","name":"CELTTV","url":"https:\/\/www.celttv.com.ar\/","sameAs":["https:\/\/www.youtube.com\/channel\/UCz_oIt8Hig64Ub-EmcNPIhg","https:\/\/www.facebook.com\/celtTV\/"],"logo":{"@type":"ImageObject","inLanguage":"es","@id":"https:\/\/www.celttv.com.ar\/#\/schema\/logo\/image\/","url":"http:\/\/www.celttv.com.ar\/wp-content\/uploads\/2022\/08\/logo-1.png","contentUrl":"http:\/\/www.celttv.com.ar\/wp-content\/uploads\/2022\/08\/logo-1.png","width":461,"height":159,"caption":"CELTTV"},"image":{"@id":"https:\/\/www.celttv.com.ar\/#\/schema\/logo\/image\/"}},{"@type":"Person","@id":"https:\/\/www.celttv.com.ar\/#\/schema\/person\/9059dc91dc7204ef4182cdb65225f07d","name":"Miguel Herrada","image":{"@type":"ImageObject","inLanguage":"es","@id":"https:\/\/www.celttv.com.ar\/#\/schema\/person\/image\/","url":"https:\/\/secure.gravatar.com\/avatar\/67724d5b3c716623ffd76bec7e45841a442ac3b456e914dbba90b0fad2b8e0b1?s=96&d=mm&r=g","contentUrl":"https:\/\/secure.gravatar.com\/avatar\/67724d5b3c716623ffd76bec7e45841a442ac3b456e914dbba90b0fad2b8e0b1?s=96&d=mm&r=g","caption":"Miguel Herrada"}}]}},"_links":{"self":[{"href":"https:\/\/www.celttv.com.ar\/index.php\/wp-json\/wp\/v2\/posts\/69594","targetHints":{"allow":["GET"]}}],"collection":[{"href":"https:\/\/www.celttv.com.ar\/index.php\/wp-json\/wp\/v2\/posts"}],"about":[{"href":"https:\/\/www.celttv.com.ar\/index.php\/wp-json\/wp\/v2\/types\/post"}],"author":[{"embeddable":true,"href":"https:\/\/www.celttv.com.ar\/index.php\/wp-json\/wp\/v2\/users\/5"}],"replies":[{"embeddable":true,"href":"https:\/\/www.celttv.com.ar\/index.php\/wp-json\/wp\/v2\/comments?post=69594"}],"version-history":[{"count":1,"href":"https:\/\/www.celttv.com.ar\/index.php\/wp-json\/wp\/v2\/posts\/69594\/revisions"}],"predecessor-version":[{"id":69598,"href":"https:\/\/www.celttv.com.ar\/index.php\/wp-json\/wp\/v2\/posts\/69594\/revisions\/69598"}],"wp:featuredmedia":[{"embeddable":true,"href":"https:\/\/www.celttv.com.ar\/index.php\/wp-json\/wp\/v2\/media\/69597"}],"wp:attachment":[{"href":"https:\/\/www.celttv.com.ar\/index.php\/wp-json\/wp\/v2\/media?parent=69594"}],"wp:term":[{"taxonomy":"category","embeddable":true,"href":"https:\/\/www.celttv.com.ar\/index.php\/wp-json\/wp\/v2\/categories?post=69594"},{"taxonomy":"post_tag","embeddable":true,"href":"https:\/\/www.celttv.com.ar\/index.php\/wp-json\/wp\/v2\/tags?post=69594"}],"curies":[{"name":"wp","href":"https:\/\/api.w.org\/{rel}","templated":true}]}}