{"id":69609,"date":"2022-09-22T14:13:24","date_gmt":"2022-09-22T17:13:24","guid":{"rendered":"http:\/\/www.celttv.com.ar\/?p=69609"},"modified":"2022-09-22T14:13:29","modified_gmt":"2022-09-22T17:13:29","slug":"newcom-los-yara-analizaron-el-presente-y-a-donde-apuntan-con-la-disciplina-video","status":"publish","type":"post","link":"https:\/\/www.celttv.com.ar\/index.php\/2022\/09\/22\/newcom-los-yara-analizaron-el-presente-y-a-donde-apuntan-con-la-disciplina-video\/","title":{"rendered":"Newcom: &#8220;Los Yara&#8221; analizaron el presente y a d\u00f3nde apuntan con la disciplina (Video)"},"content":{"rendered":"<p>El crecimiento que ha logrado el newcom -en los \u00faltimos a\u00f1os- en Tornquist, permiti\u00f3 que los distintos equipos sumen partidos, viajes y la posibilidad de debutar en una liga regional.<\/p>\n<p>La experiencia adquirida en torneos regionales, provinciales y nacionales, potenci\u00f3 a\u00fan m\u00e1s la actividad y, a su vez, gener\u00f3 el replante\u00f3 de su entrenadora Ivana Schmidtke y la autocr\u00edtica de los jugadores para evaluar qu\u00e9 quieren y a d\u00f3nde apuntan con el newcom.<\/p>\n<p>La profesora junto a los jugadores Roberto Avila y Nelson Trinchera, estuvieron en el programa MAGAZINE SPORT y analizaron el presente y futuro de la disciplina en nuestra ciudad.<\/p>\n<p><iframe loading=\"lazy\" title=\"2022 09 21    MAGAZINE SPORT - NEWCOM \/ IVANA SCHMIDTKE - NELSON TRINCHERA Y ROBERTO AVILA\" width=\"500\" height=\"281\" src=\"https:\/\/www.youtube.com\/embed\/rDYLAT1QWqc?feature=oembed\" frameborder=\"0\" allow=\"accelerometer; autoplay; clipboard-write; encrypted-media; gyroscope; picture-in-picture; web-share\" referrerpolicy=\"strict-origin-when-cross-origin\" allowfullscreen><\/iframe><\/p>\n<p><img loading=\"lazy\" decoding=\"async\" class=\"alignnone wp-image-69610 size-large\" src=\"http:\/\/www.celttv.com.ar\/wp-content\/uploads\/2022\/09\/acf724a0-9e39-4b04-a123-f519a172a88d-1024x627.jpg\" alt=\"\" width=\"1024\" height=\"627\" srcset=\"https:\/\/www.celttv.com.ar\/wp-content\/uploads\/2022\/09\/acf724a0-9e39-4b04-a123-f519a172a88d-1024x627.jpg 1024w, https:\/\/www.celttv.com.ar\/wp-content\/uploads\/2022\/09\/acf724a0-9e39-4b04-a123-f519a172a88d-300x184.jpg 300w, https:\/\/www.celttv.com.ar\/wp-content\/uploads\/2022\/09\/acf724a0-9e39-4b04-a123-f519a172a88d-768x470.jpg 768w, https:\/\/www.celttv.com.ar\/wp-content\/uploads\/2022\/09\/acf724a0-9e39-4b04-a123-f519a172a88d-750x459.jpg 750w, https:\/\/www.celttv.com.ar\/wp-content\/uploads\/2022\/09\/acf724a0-9e39-4b04-a123-f519a172a88d-1140x698.jpg 1140w, https:\/\/www.celttv.com.ar\/wp-content\/uploads\/2022\/09\/acf724a0-9e39-4b04-a123-f519a172a88d.jpg 1280w\" sizes=\"auto, (max-width: 1024px) 100vw, 1024px\" \/><\/p>\n","protected":false},"excerpt":{"rendered":"<p>El crecimiento que ha logrado el newcom -en los \u00faltimos a\u00f1os- en Tornquist, permiti\u00f3 que los distintos equipos sumen partidos, viajes y la posibilidad de debutar en una liga regional. La experiencia adquirida en torneos regionales, provinciales y nacionales, potenci\u00f3 a\u00fan m\u00e1s la actividad y, a su vez, gener\u00f3 el replante\u00f3 de su entrenadora Ivana [&hellip;]<\/p>\n","protected":false},"author":3,"featured_media":69610,"comment_status":"open","ping_status":"open","sticky":false,"template":"","format":"standard","meta":{"footnotes":""},"categories":[63],"tags":[],"class_list":["post-69609","post","type-post","status-publish","format-standard","has-post-thumbnail","hentry","category-magazine-sport"],"yoast_head":"<!-- This site is optimized with the Yoast SEO plugin v19.7.1 - https:\/\/yoast.com\/wordpress\/plugins\/seo\/ -->\n<title>Newcom: &quot;Los Yara&quot; analizaron el presente y a d\u00f3nde apuntan con la disciplina (Video) - CELTTV<\/title>\n<meta name=\"description\" content=\"Sitio web de noticias de la localidad de Tornquist, provincia de Buenos Aires, Rep\u00fablica Argentina. Contenido propio originado por periodistas de CELTTV, el canal de TV local de la Cooperativa El\u00e9ctrica de Tornquist. Turismo, Pol\u00edtica, Sociedad, Deporte, Cultura y todo el contenido de inter\u00e9s general que la gente del pueblo y la regi\u00f3n debe conocer.\" \/>\n<meta name=\"robots\" content=\"index, follow, max-snippet:-1, max-image-preview:large, max-video-preview:-1\" \/>\n<link rel=\"canonical\" href=\"https:\/\/www.celttv.com.ar\/index.php\/2022\/09\/22\/newcom-los-yara-analizaron-el-presente-y-a-donde-apuntan-con-la-disciplina-video\/\" \/>\n<meta property=\"og:locale\" content=\"es_ES\" \/>\n<meta property=\"og:type\" content=\"article\" \/>\n<meta property=\"og:title\" content=\"Newcom: &quot;Los Yara&quot; analizaron el presente y a d\u00f3nde apuntan con la disciplina (Video) - CELTTV\" \/>\n<meta property=\"og:description\" content=\"Sitio web de noticias de la localidad de Tornquist, provincia de Buenos Aires, Rep\u00fablica Argentina. Contenido propio originado por periodistas de CELTTV, el canal de TV local de la Cooperativa El\u00e9ctrica de Tornquist. Turismo, Pol\u00edtica, Sociedad, Deporte, Cultura y todo el contenido de inter\u00e9s general que la gente del pueblo y la regi\u00f3n debe conocer.\" \/>\n<meta property=\"og:url\" content=\"https:\/\/www.celttv.com.ar\/index.php\/2022\/09\/22\/newcom-los-yara-analizaron-el-presente-y-a-donde-apuntan-con-la-disciplina-video\/\" \/>\n<meta property=\"og:site_name\" content=\"CELTTV\" \/>\n<meta property=\"article:publisher\" content=\"https:\/\/www.facebook.com\/celtTV\/\" \/>\n<meta property=\"article:published_time\" content=\"2022-09-22T17:13:24+00:00\" \/>\n<meta property=\"article:modified_time\" content=\"2022-09-22T17:13:29+00:00\" \/>\n<meta property=\"og:image\" content=\"https:\/\/www.celttv.com.ar\/wp-content\/uploads\/2022\/09\/acf724a0-9e39-4b04-a123-f519a172a88d.jpg\" \/>\n\t<meta property=\"og:image:width\" content=\"1280\" \/>\n\t<meta property=\"og:image:height\" content=\"784\" \/>\n\t<meta property=\"og:image:type\" content=\"image\/jpeg\" \/>\n<meta name=\"author\" content=\"Rodrigo Sgammini\" \/>\n<meta name=\"twitter:card\" content=\"summary_large_image\" \/>\n<meta name=\"twitter:label1\" content=\"Escrito por\" \/>\n\t<meta name=\"twitter:data1\" content=\"Rodrigo Sgammini\" \/>\n\t<meta name=\"twitter:label2\" content=\"Tiempo de lectura\" \/>\n\t<meta name=\"twitter:data2\" content=\"1 minuto\" \/>\n<script type=\"application\/ld+json\" class=\"yoast-schema-graph\">{\"@context\":\"https:\/\/schema.org\",\"@graph\":[{\"@type\":\"NewsArticle\",\"@id\":\"https:\/\/www.celttv.com.ar\/index.php\/2022\/09\/22\/newcom-los-yara-analizaron-el-presente-y-a-donde-apuntan-con-la-disciplina-video\/#article\",\"isPartOf\":{\"@id\":\"https:\/\/www.celttv.com.ar\/index.php\/2022\/09\/22\/newcom-los-yara-analizaron-el-presente-y-a-donde-apuntan-con-la-disciplina-video\/\"},\"author\":{\"name\":\"Rodrigo Sgammini\",\"@id\":\"https:\/\/www.celttv.com.ar\/#\/schema\/person\/495be51d064edd971d8457f8f64eb172\"},\"headline\":\"Newcom: &#8220;Los Yara&#8221; analizaron el presente y a d\u00f3nde apuntan con la disciplina (Video)\",\"datePublished\":\"2022-09-22T17:13:24+00:00\",\"dateModified\":\"2022-09-22T17:13:29+00:00\",\"mainEntityOfPage\":{\"@id\":\"https:\/\/www.celttv.com.ar\/index.php\/2022\/09\/22\/newcom-los-yara-analizaron-el-presente-y-a-donde-apuntan-con-la-disciplina-video\/\"},\"wordCount\":127,\"commentCount\":0,\"publisher\":{\"@id\":\"https:\/\/www.celttv.com.ar\/#organization\"},\"articleSection\":[\"Magazine Sport\"],\"inLanguage\":\"es\"},{\"@type\":\"WebPage\",\"@id\":\"https:\/\/www.celttv.com.ar\/index.php\/2022\/09\/22\/newcom-los-yara-analizaron-el-presente-y-a-donde-apuntan-con-la-disciplina-video\/\",\"url\":\"https:\/\/www.celttv.com.ar\/index.php\/2022\/09\/22\/newcom-los-yara-analizaron-el-presente-y-a-donde-apuntan-con-la-disciplina-video\/\",\"name\":\"Newcom: \\\"Los Yara\\\" analizaron el presente y a d\u00f3nde apuntan con la disciplina (Video) - CELTTV\",\"isPartOf\":{\"@id\":\"https:\/\/www.celttv.com.ar\/#website\"},\"datePublished\":\"2022-09-22T17:13:24+00:00\",\"dateModified\":\"2022-09-22T17:13:29+00:00\",\"description\":\"Sitio web de noticias de la localidad de Tornquist, provincia de Buenos Aires, Rep\u00fablica Argentina. Contenido propio originado por periodistas de CELTTV, el canal de TV local de la Cooperativa El\u00e9ctrica de Tornquist. Turismo, Pol\u00edtica, Sociedad, Deporte, Cultura y todo el contenido de inter\u00e9s general que la gente del pueblo y la regi\u00f3n debe conocer.\",\"breadcrumb\":{\"@id\":\"https:\/\/www.celttv.com.ar\/index.php\/2022\/09\/22\/newcom-los-yara-analizaron-el-presente-y-a-donde-apuntan-con-la-disciplina-video\/#breadcrumb\"},\"inLanguage\":\"es\",\"potentialAction\":[{\"@type\":\"ReadAction\",\"target\":[\"https:\/\/www.celttv.com.ar\/index.php\/2022\/09\/22\/newcom-los-yara-analizaron-el-presente-y-a-donde-apuntan-con-la-disciplina-video\/\"]}]},{\"@type\":\"BreadcrumbList\",\"@id\":\"https:\/\/www.celttv.com.ar\/index.php\/2022\/09\/22\/newcom-los-yara-analizaron-el-presente-y-a-donde-apuntan-con-la-disciplina-video\/#breadcrumb\",\"itemListElement\":[{\"@type\":\"ListItem\",\"position\":1,\"name\":\"Inicio\",\"item\":\"https:\/\/www.celttv.com.ar\/\"},{\"@type\":\"ListItem\",\"position\":2,\"name\":\"Newcom: &#8220;Los Yara&#8221; analizaron el presente y a d\u00f3nde apuntan con la disciplina (Video)\"}]},{\"@type\":\"WebSite\",\"@id\":\"https:\/\/www.celttv.com.ar\/#website\",\"url\":\"https:\/\/www.celttv.com.ar\/\",\"name\":\"CELTTV\",\"description\":\"Cooperativa El\u00e9ctrica de Tornquist\",\"publisher\":{\"@id\":\"https:\/\/www.celttv.com.ar\/#organization\"},\"potentialAction\":[{\"@type\":\"SearchAction\",\"target\":{\"@type\":\"EntryPoint\",\"urlTemplate\":\"https:\/\/www.celttv.com.ar\/?s={search_term_string}\"},\"query-input\":\"required name=search_term_string\"}],\"inLanguage\":\"es\"},{\"@type\":\"Organization\",\"@id\":\"https:\/\/www.celttv.com.ar\/#organization\",\"name\":\"CELTTV\",\"url\":\"https:\/\/www.celttv.com.ar\/\",\"sameAs\":[\"https:\/\/www.youtube.com\/channel\/UCz_oIt8Hig64Ub-EmcNPIhg\",\"https:\/\/www.facebook.com\/celtTV\/\"],\"logo\":{\"@type\":\"ImageObject\",\"inLanguage\":\"es\",\"@id\":\"https:\/\/www.celttv.com.ar\/#\/schema\/logo\/image\/\",\"url\":\"http:\/\/www.celttv.com.ar\/wp-content\/uploads\/2022\/08\/logo-1.png\",\"contentUrl\":\"http:\/\/www.celttv.com.ar\/wp-content\/uploads\/2022\/08\/logo-1.png\",\"width\":461,\"height\":159,\"caption\":\"CELTTV\"},\"image\":{\"@id\":\"https:\/\/www.celttv.com.ar\/#\/schema\/logo\/image\/\"}},{\"@type\":\"Person\",\"@id\":\"https:\/\/www.celttv.com.ar\/#\/schema\/person\/495be51d064edd971d8457f8f64eb172\",\"name\":\"Rodrigo Sgammini\",\"image\":{\"@type\":\"ImageObject\",\"inLanguage\":\"es\",\"@id\":\"https:\/\/www.celttv.com.ar\/#\/schema\/person\/image\/\",\"url\":\"https:\/\/secure.gravatar.com\/avatar\/68f7848d42735e7a9276b47cd6e606327d88f521c51ae39d88888b76902e2987?s=96&d=mm&r=g\",\"contentUrl\":\"https:\/\/secure.gravatar.com\/avatar\/68f7848d42735e7a9276b47cd6e606327d88f521c51ae39d88888b76902e2987?s=96&d=mm&r=g\",\"caption\":\"Rodrigo Sgammini\"}}]}<\/script>\n<!-- \/ Yoast SEO plugin. -->","yoast_head_json":{"title":"Newcom: \"Los Yara\" analizaron el presente y a d\u00f3nde apuntan con la disciplina (Video) - CELTTV","description":"Sitio web de noticias de la localidad de Tornquist, provincia de Buenos Aires, Rep\u00fablica Argentina. Contenido propio originado por periodistas de CELTTV, el canal de TV local de la Cooperativa El\u00e9ctrica de Tornquist. Turismo, Pol\u00edtica, Sociedad, Deporte, Cultura y todo el contenido de inter\u00e9s general que la gente del pueblo y la regi\u00f3n debe conocer.","robots":{"index":"index","follow":"follow","max-snippet":"max-snippet:-1","max-image-preview":"max-image-preview:large","max-video-preview":"max-video-preview:-1"},"canonical":"https:\/\/www.celttv.com.ar\/index.php\/2022\/09\/22\/newcom-los-yara-analizaron-el-presente-y-a-donde-apuntan-con-la-disciplina-video\/","og_locale":"es_ES","og_type":"article","og_title":"Newcom: \"Los Yara\" analizaron el presente y a d\u00f3nde apuntan con la disciplina (Video) - CELTTV","og_description":"Sitio web de noticias de la localidad de Tornquist, provincia de Buenos Aires, Rep\u00fablica Argentina. Contenido propio originado por periodistas de CELTTV, el canal de TV local de la Cooperativa El\u00e9ctrica de Tornquist. Turismo, Pol\u00edtica, Sociedad, Deporte, Cultura y todo el contenido de inter\u00e9s general que la gente del pueblo y la regi\u00f3n debe conocer.","og_url":"https:\/\/www.celttv.com.ar\/index.php\/2022\/09\/22\/newcom-los-yara-analizaron-el-presente-y-a-donde-apuntan-con-la-disciplina-video\/","og_site_name":"CELTTV","article_publisher":"https:\/\/www.facebook.com\/celtTV\/","article_published_time":"2022-09-22T17:13:24+00:00","article_modified_time":"2022-09-22T17:13:29+00:00","og_image":[{"width":1280,"height":784,"url":"https:\/\/www.celttv.com.ar\/wp-content\/uploads\/2022\/09\/acf724a0-9e39-4b04-a123-f519a172a88d.jpg","type":"image\/jpeg"}],"author":"Rodrigo Sgammini","twitter_card":"summary_large_image","twitter_misc":{"Escrito por":"Rodrigo Sgammini","Tiempo de lectura":"1 minuto"},"schema":{"@context":"https:\/\/schema.org","@graph":[{"@type":"NewsArticle","@id":"https:\/\/www.celttv.com.ar\/index.php\/2022\/09\/22\/newcom-los-yara-analizaron-el-presente-y-a-donde-apuntan-con-la-disciplina-video\/#article","isPartOf":{"@id":"https:\/\/www.celttv.com.ar\/index.php\/2022\/09\/22\/newcom-los-yara-analizaron-el-presente-y-a-donde-apuntan-con-la-disciplina-video\/"},"author":{"name":"Rodrigo Sgammini","@id":"https:\/\/www.celttv.com.ar\/#\/schema\/person\/495be51d064edd971d8457f8f64eb172"},"headline":"Newcom: &#8220;Los Yara&#8221; analizaron el presente y a d\u00f3nde apuntan con la disciplina (Video)","datePublished":"2022-09-22T17:13:24+00:00","dateModified":"2022-09-22T17:13:29+00:00","mainEntityOfPage":{"@id":"https:\/\/www.celttv.com.ar\/index.php\/2022\/09\/22\/newcom-los-yara-analizaron-el-presente-y-a-donde-apuntan-con-la-disciplina-video\/"},"wordCount":127,"commentCount":0,"publisher":{"@id":"https:\/\/www.celttv.com.ar\/#organization"},"articleSection":["Magazine Sport"],"inLanguage":"es"},{"@type":"WebPage","@id":"https:\/\/www.celttv.com.ar\/index.php\/2022\/09\/22\/newcom-los-yara-analizaron-el-presente-y-a-donde-apuntan-con-la-disciplina-video\/","url":"https:\/\/www.celttv.com.ar\/index.php\/2022\/09\/22\/newcom-los-yara-analizaron-el-presente-y-a-donde-apuntan-con-la-disciplina-video\/","name":"Newcom: \"Los Yara\" analizaron el presente y a d\u00f3nde apuntan con la disciplina (Video) - CELTTV","isPartOf":{"@id":"https:\/\/www.celttv.com.ar\/#website"},"datePublished":"2022-09-22T17:13:24+00:00","dateModified":"2022-09-22T17:13:29+00:00","description":"Sitio web de noticias de la localidad de Tornquist, provincia de Buenos Aires, Rep\u00fablica Argentina. Contenido propio originado por periodistas de CELTTV, el canal de TV local de la Cooperativa El\u00e9ctrica de Tornquist. Turismo, Pol\u00edtica, Sociedad, Deporte, Cultura y todo el contenido de inter\u00e9s general que la gente del pueblo y la regi\u00f3n debe conocer.","breadcrumb":{"@id":"https:\/\/www.celttv.com.ar\/index.php\/2022\/09\/22\/newcom-los-yara-analizaron-el-presente-y-a-donde-apuntan-con-la-disciplina-video\/#breadcrumb"},"inLanguage":"es","potentialAction":[{"@type":"ReadAction","target":["https:\/\/www.celttv.com.ar\/index.php\/2022\/09\/22\/newcom-los-yara-analizaron-el-presente-y-a-donde-apuntan-con-la-disciplina-video\/"]}]},{"@type":"BreadcrumbList","@id":"https:\/\/www.celttv.com.ar\/index.php\/2022\/09\/22\/newcom-los-yara-analizaron-el-presente-y-a-donde-apuntan-con-la-disciplina-video\/#breadcrumb","itemListElement":[{"@type":"ListItem","position":1,"name":"Inicio","item":"https:\/\/www.celttv.com.ar\/"},{"@type":"ListItem","position":2,"name":"Newcom: &#8220;Los Yara&#8221; analizaron el presente y a d\u00f3nde apuntan con la disciplina (Video)"}]},{"@type":"WebSite","@id":"https:\/\/www.celttv.com.ar\/#website","url":"https:\/\/www.celttv.com.ar\/","name":"CELTTV","description":"Cooperativa El\u00e9ctrica de Tornquist","publisher":{"@id":"https:\/\/www.celttv.com.ar\/#organization"},"potentialAction":[{"@type":"SearchAction","target":{"@type":"EntryPoint","urlTemplate":"https:\/\/www.celttv.com.ar\/?s={search_term_string}"},"query-input":"required name=search_term_string"}],"inLanguage":"es"},{"@type":"Organization","@id":"https:\/\/www.celttv.com.ar\/#organization","name":"CELTTV","url":"https:\/\/www.celttv.com.ar\/","sameAs":["https:\/\/www.youtube.com\/channel\/UCz_oIt8Hig64Ub-EmcNPIhg","https:\/\/www.facebook.com\/celtTV\/"],"logo":{"@type":"ImageObject","inLanguage":"es","@id":"https:\/\/www.celttv.com.ar\/#\/schema\/logo\/image\/","url":"http:\/\/www.celttv.com.ar\/wp-content\/uploads\/2022\/08\/logo-1.png","contentUrl":"http:\/\/www.celttv.com.ar\/wp-content\/uploads\/2022\/08\/logo-1.png","width":461,"height":159,"caption":"CELTTV"},"image":{"@id":"https:\/\/www.celttv.com.ar\/#\/schema\/logo\/image\/"}},{"@type":"Person","@id":"https:\/\/www.celttv.com.ar\/#\/schema\/person\/495be51d064edd971d8457f8f64eb172","name":"Rodrigo Sgammini","image":{"@type":"ImageObject","inLanguage":"es","@id":"https:\/\/www.celttv.com.ar\/#\/schema\/person\/image\/","url":"https:\/\/secure.gravatar.com\/avatar\/68f7848d42735e7a9276b47cd6e606327d88f521c51ae39d88888b76902e2987?s=96&d=mm&r=g","contentUrl":"https:\/\/secure.gravatar.com\/avatar\/68f7848d42735e7a9276b47cd6e606327d88f521c51ae39d88888b76902e2987?s=96&d=mm&r=g","caption":"Rodrigo Sgammini"}}]}},"_links":{"self":[{"href":"https:\/\/www.celttv.com.ar\/index.php\/wp-json\/wp\/v2\/posts\/69609","targetHints":{"allow":["GET"]}}],"collection":[{"href":"https:\/\/www.celttv.com.ar\/index.php\/wp-json\/wp\/v2\/posts"}],"about":[{"href":"https:\/\/www.celttv.com.ar\/index.php\/wp-json\/wp\/v2\/types\/post"}],"author":[{"embeddable":true,"href":"https:\/\/www.celttv.com.ar\/index.php\/wp-json\/wp\/v2\/users\/3"}],"replies":[{"embeddable":true,"href":"https:\/\/www.celttv.com.ar\/index.php\/wp-json\/wp\/v2\/comments?post=69609"}],"version-history":[{"count":1,"href":"https:\/\/www.celttv.com.ar\/index.php\/wp-json\/wp\/v2\/posts\/69609\/revisions"}],"predecessor-version":[{"id":69611,"href":"https:\/\/www.celttv.com.ar\/index.php\/wp-json\/wp\/v2\/posts\/69609\/revisions\/69611"}],"wp:featuredmedia":[{"embeddable":true,"href":"https:\/\/www.celttv.com.ar\/index.php\/wp-json\/wp\/v2\/media\/69610"}],"wp:attachment":[{"href":"https:\/\/www.celttv.com.ar\/index.php\/wp-json\/wp\/v2\/media?parent=69609"}],"wp:term":[{"taxonomy":"category","embeddable":true,"href":"https:\/\/www.celttv.com.ar\/index.php\/wp-json\/wp\/v2\/categories?post=69609"},{"taxonomy":"post_tag","embeddable":true,"href":"https:\/\/www.celttv.com.ar\/index.php\/wp-json\/wp\/v2\/tags?post=69609"}],"curies":[{"name":"wp","href":"https:\/\/api.w.org\/{rel}","templated":true}]}}