{"id":69662,"date":"2022-09-24T10:43:08","date_gmt":"2022-09-24T13:43:08","guid":{"rendered":"http:\/\/www.celttv.com.ar\/?p=69662"},"modified":"2022-09-24T10:43:36","modified_gmt":"2022-09-24T13:43:36","slug":"tornquist-ya-cuenta-con-una-oficina-de-acceso-y-derecho-a-la-salud","status":"publish","type":"post","link":"https:\/\/www.celttv.com.ar\/index.php\/2022\/09\/24\/tornquist-ya-cuenta-con-una-oficina-de-acceso-y-derecho-a-la-salud\/","title":{"rendered":"Tornquist ya cuenta con una Oficina de Acceso y Derecho a la Salud"},"content":{"rendered":"<p>Este viernes fue inaugurada en Tornquist una Oficina de Acceso y Derecho a la Salud (OADS), impulsada por el Ministerio de Salud de la Provincia de Buenos Aires, con el acompa\u00f1amiento de la Secretar\u00eda de Salud municipal.<\/p>\n<p>Se trata de un espacio creado para garantizar derechos y facilitar el acceso a la pol\u00edtica p\u00fablica en salud a las personas con discapacidad.<\/p>\n<p>En el acto estuvieron presentes el Secretario de Gobierno y Seguridad, Ezequiel Gabella, en representaci\u00f3n del intendente Sergio Bordoni; la Secretaria de Salud, Noelia Baier; el titular de Regi\u00f3n Sanitaria I, LaurianoAlimenti; la Directora Provincial de Acceso e Inclusi\u00f3n a la Salud, Lourdes Farias; y la Directora de Acceso y Promoci\u00f3n del Derecho a la Salud, Paula Tosi.<\/p>\n<p>La OADS local fue instalada en el edificio municipal ubicado frente al Hospital \u2018Dr. Alberto Castro\u2019 (Lavalle 300), y tiene como funci\u00f3n atender demandas que van desde solicitud de medicamentos, suplementos nutricionales y pr\u00f3tesis; a prestaciones espec\u00edficas como la gesti\u00f3n de Acompa\u00f1antes Terap\u00e9uticos e internaci\u00f3n domiciliaria; entre otras.<\/p>\n<p>De la jornada tambi\u00e9n participaron el Subsecretario Administrativo de Salud, Mariano Balbiano; la Directora M\u00e9dica, Cecilia Conti; y la Subdirectora de Discapacidad y Tercera Edad, Liliana Lugones.<\/p>\n<p><img loading=\"lazy\" decoding=\"async\" class=\"alignnone size-medium wp-image-69663\" src=\"http:\/\/www.celttv.com.ar\/wp-content\/uploads\/2022\/09\/Inauguracion-OADS-1-300x200.jpeg\" alt=\"\" width=\"300\" height=\"200\" srcset=\"https:\/\/www.celttv.com.ar\/wp-content\/uploads\/2022\/09\/Inauguracion-OADS-1-300x200.jpeg 300w, https:\/\/www.celttv.com.ar\/wp-content\/uploads\/2022\/09\/Inauguracion-OADS-1-1024x683.jpeg 1024w, https:\/\/www.celttv.com.ar\/wp-content\/uploads\/2022\/09\/Inauguracion-OADS-1-768x512.jpeg 768w, https:\/\/www.celttv.com.ar\/wp-content\/uploads\/2022\/09\/Inauguracion-OADS-1-1536x1024.jpeg 1536w, https:\/\/www.celttv.com.ar\/wp-content\/uploads\/2022\/09\/Inauguracion-OADS-1-750x500.jpeg 750w, https:\/\/www.celttv.com.ar\/wp-content\/uploads\/2022\/09\/Inauguracion-OADS-1-1140x760.jpeg 1140w, https:\/\/www.celttv.com.ar\/wp-content\/uploads\/2022\/09\/Inauguracion-OADS-1.jpeg 1599w\" sizes=\"auto, (max-width: 300px) 100vw, 300px\" \/> <img loading=\"lazy\" decoding=\"async\" class=\"alignnone size-medium wp-image-69664\" src=\"http:\/\/www.celttv.com.ar\/wp-content\/uploads\/2022\/09\/Inauguracion-OADS-2-300x200.jpeg\" alt=\"\" width=\"300\" height=\"200\" srcset=\"https:\/\/www.celttv.com.ar\/wp-content\/uploads\/2022\/09\/Inauguracion-OADS-2-300x200.jpeg 300w, https:\/\/www.celttv.com.ar\/wp-content\/uploads\/2022\/09\/Inauguracion-OADS-2-1024x683.jpeg 1024w, https:\/\/www.celttv.com.ar\/wp-content\/uploads\/2022\/09\/Inauguracion-OADS-2-768x512.jpeg 768w, https:\/\/www.celttv.com.ar\/wp-content\/uploads\/2022\/09\/Inauguracion-OADS-2-1536x1024.jpeg 1536w, https:\/\/www.celttv.com.ar\/wp-content\/uploads\/2022\/09\/Inauguracion-OADS-2-750x500.jpeg 750w, https:\/\/www.celttv.com.ar\/wp-content\/uploads\/2022\/09\/Inauguracion-OADS-2-1140x760.jpeg 1140w, https:\/\/www.celttv.com.ar\/wp-content\/uploads\/2022\/09\/Inauguracion-OADS-2.jpeg 1599w\" sizes=\"auto, (max-width: 300px) 100vw, 300px\" \/> <img loading=\"lazy\" decoding=\"async\" class=\"alignnone size-medium wp-image-69665\" src=\"http:\/\/www.celttv.com.ar\/wp-content\/uploads\/2022\/09\/Inauguracion-OADS-3-300x200.jpeg\" alt=\"\" width=\"300\" height=\"200\" srcset=\"https:\/\/www.celttv.com.ar\/wp-content\/uploads\/2022\/09\/Inauguracion-OADS-3-300x200.jpeg 300w, https:\/\/www.celttv.com.ar\/wp-content\/uploads\/2022\/09\/Inauguracion-OADS-3-1024x683.jpeg 1024w, https:\/\/www.celttv.com.ar\/wp-content\/uploads\/2022\/09\/Inauguracion-OADS-3-768x512.jpeg 768w, https:\/\/www.celttv.com.ar\/wp-content\/uploads\/2022\/09\/Inauguracion-OADS-3-1536x1024.jpeg 1536w, https:\/\/www.celttv.com.ar\/wp-content\/uploads\/2022\/09\/Inauguracion-OADS-3-750x500.jpeg 750w, https:\/\/www.celttv.com.ar\/wp-content\/uploads\/2022\/09\/Inauguracion-OADS-3-1140x760.jpeg 1140w, https:\/\/www.celttv.com.ar\/wp-content\/uploads\/2022\/09\/Inauguracion-OADS-3.jpeg 1599w\" sizes=\"auto, (max-width: 300px) 100vw, 300px\" \/> <img loading=\"lazy\" decoding=\"async\" class=\"alignnone size-medium wp-image-69666\" src=\"http:\/\/www.celttv.com.ar\/wp-content\/uploads\/2022\/09\/Inauguracion-OADS-4-300x200.jpeg\" alt=\"\" width=\"300\" height=\"200\" srcset=\"https:\/\/www.celttv.com.ar\/wp-content\/uploads\/2022\/09\/Inauguracion-OADS-4-300x200.jpeg 300w, https:\/\/www.celttv.com.ar\/wp-content\/uploads\/2022\/09\/Inauguracion-OADS-4-1024x683.jpeg 1024w, https:\/\/www.celttv.com.ar\/wp-content\/uploads\/2022\/09\/Inauguracion-OADS-4-768x512.jpeg 768w, https:\/\/www.celttv.com.ar\/wp-content\/uploads\/2022\/09\/Inauguracion-OADS-4-1536x1024.jpeg 1536w, https:\/\/www.celttv.com.ar\/wp-content\/uploads\/2022\/09\/Inauguracion-OADS-4-750x500.jpeg 750w, https:\/\/www.celttv.com.ar\/wp-content\/uploads\/2022\/09\/Inauguracion-OADS-4-1140x760.jpeg 1140w, https:\/\/www.celttv.com.ar\/wp-content\/uploads\/2022\/09\/Inauguracion-OADS-4.jpeg 1599w\" sizes=\"auto, (max-width: 300px) 100vw, 300px\" \/> <img loading=\"lazy\" decoding=\"async\" class=\"alignnone size-medium wp-image-69667\" src=\"http:\/\/www.celttv.com.ar\/wp-content\/uploads\/2022\/09\/Inauguracion-OADS-5-300x200.jpeg\" alt=\"\" width=\"300\" height=\"200\" srcset=\"https:\/\/www.celttv.com.ar\/wp-content\/uploads\/2022\/09\/Inauguracion-OADS-5-300x200.jpeg 300w, https:\/\/www.celttv.com.ar\/wp-content\/uploads\/2022\/09\/Inauguracion-OADS-5-1024x683.jpeg 1024w, https:\/\/www.celttv.com.ar\/wp-content\/uploads\/2022\/09\/Inauguracion-OADS-5-768x512.jpeg 768w, https:\/\/www.celttv.com.ar\/wp-content\/uploads\/2022\/09\/Inauguracion-OADS-5-1536x1024.jpeg 1536w, https:\/\/www.celttv.com.ar\/wp-content\/uploads\/2022\/09\/Inauguracion-OADS-5-750x500.jpeg 750w, https:\/\/www.celttv.com.ar\/wp-content\/uploads\/2022\/09\/Inauguracion-OADS-5-1140x760.jpeg 1140w, https:\/\/www.celttv.com.ar\/wp-content\/uploads\/2022\/09\/Inauguracion-OADS-5.jpeg 1599w\" sizes=\"auto, (max-width: 300px) 100vw, 300px\" \/> <img loading=\"lazy\" decoding=\"async\" class=\"alignnone size-medium wp-image-69668\" src=\"http:\/\/www.celttv.com.ar\/wp-content\/uploads\/2022\/09\/Inauguracion-OADS-6-300x200.jpeg\" alt=\"\" width=\"300\" height=\"200\" srcset=\"https:\/\/www.celttv.com.ar\/wp-content\/uploads\/2022\/09\/Inauguracion-OADS-6-300x200.jpeg 300w, https:\/\/www.celttv.com.ar\/wp-content\/uploads\/2022\/09\/Inauguracion-OADS-6-1024x683.jpeg 1024w, https:\/\/www.celttv.com.ar\/wp-content\/uploads\/2022\/09\/Inauguracion-OADS-6-768x512.jpeg 768w, https:\/\/www.celttv.com.ar\/wp-content\/uploads\/2022\/09\/Inauguracion-OADS-6-1536x1024.jpeg 1536w, https:\/\/www.celttv.com.ar\/wp-content\/uploads\/2022\/09\/Inauguracion-OADS-6-750x500.jpeg 750w, https:\/\/www.celttv.com.ar\/wp-content\/uploads\/2022\/09\/Inauguracion-OADS-6-1140x760.jpeg 1140w, https:\/\/www.celttv.com.ar\/wp-content\/uploads\/2022\/09\/Inauguracion-OADS-6.jpeg 1599w\" sizes=\"auto, (max-width: 300px) 100vw, 300px\" \/> <img loading=\"lazy\" decoding=\"async\" class=\"alignnone size-medium wp-image-69669\" src=\"http:\/\/www.celttv.com.ar\/wp-content\/uploads\/2022\/09\/Inauguracion-OADS-7-300x213.jpeg\" alt=\"\" width=\"300\" height=\"213\" srcset=\"https:\/\/www.celttv.com.ar\/wp-content\/uploads\/2022\/09\/Inauguracion-OADS-7-300x213.jpeg 300w, https:\/\/www.celttv.com.ar\/wp-content\/uploads\/2022\/09\/Inauguracion-OADS-7-1024x726.jpeg 1024w, https:\/\/www.celttv.com.ar\/wp-content\/uploads\/2022\/09\/Inauguracion-OADS-7-768x545.jpeg 768w, https:\/\/www.celttv.com.ar\/wp-content\/uploads\/2022\/09\/Inauguracion-OADS-7-120x86.jpeg 120w, https:\/\/www.celttv.com.ar\/wp-content\/uploads\/2022\/09\/Inauguracion-OADS-7-350x250.jpeg 350w, https:\/\/www.celttv.com.ar\/wp-content\/uploads\/2022\/09\/Inauguracion-OADS-7-750x532.jpeg 750w, https:\/\/www.celttv.com.ar\/wp-content\/uploads\/2022\/09\/Inauguracion-OADS-7-1140x809.jpeg 1140w, https:\/\/www.celttv.com.ar\/wp-content\/uploads\/2022\/09\/Inauguracion-OADS-7.jpeg 1321w\" sizes=\"auto, (max-width: 300px) 100vw, 300px\" \/> <img loading=\"lazy\" decoding=\"async\" class=\"alignnone size-medium wp-image-69670\" src=\"http:\/\/www.celttv.com.ar\/wp-content\/uploads\/2022\/09\/Inauguracion-OADS-8-300x200.jpeg\" alt=\"\" width=\"300\" height=\"200\" srcset=\"https:\/\/www.celttv.com.ar\/wp-content\/uploads\/2022\/09\/Inauguracion-OADS-8-300x200.jpeg 300w, https:\/\/www.celttv.com.ar\/wp-content\/uploads\/2022\/09\/Inauguracion-OADS-8-1024x683.jpeg 1024w, https:\/\/www.celttv.com.ar\/wp-content\/uploads\/2022\/09\/Inauguracion-OADS-8-768x512.jpeg 768w, https:\/\/www.celttv.com.ar\/wp-content\/uploads\/2022\/09\/Inauguracion-OADS-8-1536x1024.jpeg 1536w, https:\/\/www.celttv.com.ar\/wp-content\/uploads\/2022\/09\/Inauguracion-OADS-8-750x500.jpeg 750w, https:\/\/www.celttv.com.ar\/wp-content\/uploads\/2022\/09\/Inauguracion-OADS-8-1140x760.jpeg 1140w, https:\/\/www.celttv.com.ar\/wp-content\/uploads\/2022\/09\/Inauguracion-OADS-8.jpeg 1599w\" sizes=\"auto, (max-width: 300px) 100vw, 300px\" \/> <img loading=\"lazy\" decoding=\"async\" class=\"alignnone size-medium wp-image-69671\" src=\"http:\/\/www.celttv.com.ar\/wp-content\/uploads\/2022\/09\/Inauguracion-OADS-9-300x200.jpeg\" alt=\"\" width=\"300\" height=\"200\" srcset=\"https:\/\/www.celttv.com.ar\/wp-content\/uploads\/2022\/09\/Inauguracion-OADS-9-300x200.jpeg 300w, https:\/\/www.celttv.com.ar\/wp-content\/uploads\/2022\/09\/Inauguracion-OADS-9-1024x683.jpeg 1024w, https:\/\/www.celttv.com.ar\/wp-content\/uploads\/2022\/09\/Inauguracion-OADS-9-768x512.jpeg 768w, https:\/\/www.celttv.com.ar\/wp-content\/uploads\/2022\/09\/Inauguracion-OADS-9-1536x1024.jpeg 1536w, https:\/\/www.celttv.com.ar\/wp-content\/uploads\/2022\/09\/Inauguracion-OADS-9-750x500.jpeg 750w, https:\/\/www.celttv.com.ar\/wp-content\/uploads\/2022\/09\/Inauguracion-OADS-9-1140x760.jpeg 1140w, https:\/\/www.celttv.com.ar\/wp-content\/uploads\/2022\/09\/Inauguracion-OADS-9.jpeg 1599w\" sizes=\"auto, (max-width: 300px) 100vw, 300px\" \/> <img loading=\"lazy\" decoding=\"async\" class=\"alignnone size-medium wp-image-69672\" src=\"http:\/\/www.celttv.com.ar\/wp-content\/uploads\/2022\/09\/Inauguracion-OADS-10-300x200.jpeg\" alt=\"\" width=\"300\" height=\"200\" srcset=\"https:\/\/www.celttv.com.ar\/wp-content\/uploads\/2022\/09\/Inauguracion-OADS-10-300x200.jpeg 300w, https:\/\/www.celttv.com.ar\/wp-content\/uploads\/2022\/09\/Inauguracion-OADS-10-1024x683.jpeg 1024w, https:\/\/www.celttv.com.ar\/wp-content\/uploads\/2022\/09\/Inauguracion-OADS-10-768x512.jpeg 768w, https:\/\/www.celttv.com.ar\/wp-content\/uploads\/2022\/09\/Inauguracion-OADS-10-1536x1024.jpeg 1536w, https:\/\/www.celttv.com.ar\/wp-content\/uploads\/2022\/09\/Inauguracion-OADS-10-750x500.jpeg 750w, https:\/\/www.celttv.com.ar\/wp-content\/uploads\/2022\/09\/Inauguracion-OADS-10-1140x760.jpeg 1140w, https:\/\/www.celttv.com.ar\/wp-content\/uploads\/2022\/09\/Inauguracion-OADS-10.jpeg 1599w\" sizes=\"auto, (max-width: 300px) 100vw, 300px\" \/><\/p>\n","protected":false},"excerpt":{"rendered":"<p>Este viernes fue inaugurada en Tornquist una Oficina de Acceso y Derecho a la Salud (OADS), impulsada por el Ministerio de Salud de la Provincia de Buenos Aires, con el acompa\u00f1amiento de la Secretar\u00eda de Salud municipal. Se trata de un espacio creado para garantizar derechos y facilitar el acceso a la pol\u00edtica p\u00fablica en [&hellip;]<\/p>\n","protected":false},"author":5,"featured_media":69666,"comment_status":"closed","ping_status":"closed","sticky":false,"template":"","format":"standard","meta":{"footnotes":""},"categories":[51,52,59],"tags":[390],"class_list":["post-69662","post","type-post","status-publish","format-standard","has-post-thumbnail","hentry","category-comunidad","category-destacadas","category-municipales","tag-tornquist-ya-cuenta-con-una-oficina-de-acceso-y-derecho-a-la-salud"],"yoast_head":"<!-- This site is optimized with the Yoast SEO plugin v19.7.1 - https:\/\/yoast.com\/wordpress\/plugins\/seo\/ -->\n<title>Tornquist ya cuenta con una Oficina de Acceso y Derecho a la Salud - CELTTV<\/title>\n<meta name=\"description\" content=\"Sitio web de noticias de la localidad de Tornquist, provincia de Buenos Aires, Rep\u00fablica Argentina. Contenido propio originado por periodistas de CELTTV, el canal de TV local de la Cooperativa El\u00e9ctrica de Tornquist. Turismo, Pol\u00edtica, Sociedad, Deporte, Cultura y todo el contenido de inter\u00e9s general que la gente del pueblo y la regi\u00f3n debe conocer.\" \/>\n<meta name=\"robots\" content=\"index, follow, max-snippet:-1, max-image-preview:large, max-video-preview:-1\" \/>\n<link rel=\"canonical\" href=\"https:\/\/www.celttv.com.ar\/index.php\/2022\/09\/24\/tornquist-ya-cuenta-con-una-oficina-de-acceso-y-derecho-a-la-salud\/\" \/>\n<meta property=\"og:locale\" content=\"es_ES\" \/>\n<meta property=\"og:type\" content=\"article\" \/>\n<meta property=\"og:title\" content=\"Tornquist ya cuenta con una Oficina de Acceso y Derecho a la Salud - CELTTV\" \/>\n<meta property=\"og:description\" content=\"Sitio web de noticias de la localidad de Tornquist, provincia de Buenos Aires, Rep\u00fablica Argentina. Contenido propio originado por periodistas de CELTTV, el canal de TV local de la Cooperativa El\u00e9ctrica de Tornquist. Turismo, Pol\u00edtica, Sociedad, Deporte, Cultura y todo el contenido de inter\u00e9s general que la gente del pueblo y la regi\u00f3n debe conocer.\" \/>\n<meta property=\"og:url\" content=\"https:\/\/www.celttv.com.ar\/index.php\/2022\/09\/24\/tornquist-ya-cuenta-con-una-oficina-de-acceso-y-derecho-a-la-salud\/\" \/>\n<meta property=\"og:site_name\" content=\"CELTTV\" \/>\n<meta property=\"article:publisher\" content=\"https:\/\/www.facebook.com\/celtTV\/\" \/>\n<meta property=\"article:published_time\" content=\"2022-09-24T13:43:08+00:00\" \/>\n<meta property=\"article:modified_time\" content=\"2022-09-24T13:43:36+00:00\" \/>\n<meta property=\"og:image\" content=\"https:\/\/www.celttv.com.ar\/wp-content\/uploads\/2022\/09\/Inauguracion-OADS-4.jpeg\" \/>\n\t<meta property=\"og:image:width\" content=\"1599\" \/>\n\t<meta property=\"og:image:height\" content=\"1066\" \/>\n\t<meta property=\"og:image:type\" content=\"image\/jpeg\" \/>\n<meta name=\"author\" content=\"Miguel Herrada\" \/>\n<meta name=\"twitter:card\" content=\"summary_large_image\" \/>\n<meta name=\"twitter:label1\" content=\"Escrito por\" \/>\n\t<meta name=\"twitter:data1\" content=\"Miguel Herrada\" \/>\n\t<meta name=\"twitter:label2\" content=\"Tiempo de lectura\" \/>\n\t<meta name=\"twitter:data2\" content=\"1 minuto\" \/>\n<script type=\"application\/ld+json\" class=\"yoast-schema-graph\">{\"@context\":\"https:\/\/schema.org\",\"@graph\":[{\"@type\":\"NewsArticle\",\"@id\":\"https:\/\/www.celttv.com.ar\/index.php\/2022\/09\/24\/tornquist-ya-cuenta-con-una-oficina-de-acceso-y-derecho-a-la-salud\/#article\",\"isPartOf\":{\"@id\":\"https:\/\/www.celttv.com.ar\/index.php\/2022\/09\/24\/tornquist-ya-cuenta-con-una-oficina-de-acceso-y-derecho-a-la-salud\/\"},\"author\":{\"name\":\"Miguel Herrada\",\"@id\":\"https:\/\/www.celttv.com.ar\/#\/schema\/person\/9059dc91dc7204ef4182cdb65225f07d\"},\"headline\":\"Tornquist ya cuenta con una Oficina de Acceso y Derecho a la Salud\",\"datePublished\":\"2022-09-24T13:43:08+00:00\",\"dateModified\":\"2022-09-24T13:43:36+00:00\",\"mainEntityOfPage\":{\"@id\":\"https:\/\/www.celttv.com.ar\/index.php\/2022\/09\/24\/tornquist-ya-cuenta-con-una-oficina-de-acceso-y-derecho-a-la-salud\/\"},\"wordCount\":223,\"publisher\":{\"@id\":\"https:\/\/www.celttv.com.ar\/#organization\"},\"keywords\":[\"Tornquist ya cuenta con una Oficina de Acceso y Derecho a la Salud\"],\"articleSection\":[\"Comunidad\",\"Destacadas\",\"Municipales\"],\"inLanguage\":\"es\"},{\"@type\":\"WebPage\",\"@id\":\"https:\/\/www.celttv.com.ar\/index.php\/2022\/09\/24\/tornquist-ya-cuenta-con-una-oficina-de-acceso-y-derecho-a-la-salud\/\",\"url\":\"https:\/\/www.celttv.com.ar\/index.php\/2022\/09\/24\/tornquist-ya-cuenta-con-una-oficina-de-acceso-y-derecho-a-la-salud\/\",\"name\":\"Tornquist ya cuenta con una Oficina de Acceso y Derecho a la Salud - CELTTV\",\"isPartOf\":{\"@id\":\"https:\/\/www.celttv.com.ar\/#website\"},\"datePublished\":\"2022-09-24T13:43:08+00:00\",\"dateModified\":\"2022-09-24T13:43:36+00:00\",\"description\":\"Sitio web de noticias de la localidad de Tornquist, provincia de Buenos Aires, Rep\u00fablica Argentina. Contenido propio originado por periodistas de CELTTV, el canal de TV local de la Cooperativa El\u00e9ctrica de Tornquist. Turismo, Pol\u00edtica, Sociedad, Deporte, Cultura y todo el contenido de inter\u00e9s general que la gente del pueblo y la regi\u00f3n debe conocer.\",\"breadcrumb\":{\"@id\":\"https:\/\/www.celttv.com.ar\/index.php\/2022\/09\/24\/tornquist-ya-cuenta-con-una-oficina-de-acceso-y-derecho-a-la-salud\/#breadcrumb\"},\"inLanguage\":\"es\",\"potentialAction\":[{\"@type\":\"ReadAction\",\"target\":[\"https:\/\/www.celttv.com.ar\/index.php\/2022\/09\/24\/tornquist-ya-cuenta-con-una-oficina-de-acceso-y-derecho-a-la-salud\/\"]}]},{\"@type\":\"BreadcrumbList\",\"@id\":\"https:\/\/www.celttv.com.ar\/index.php\/2022\/09\/24\/tornquist-ya-cuenta-con-una-oficina-de-acceso-y-derecho-a-la-salud\/#breadcrumb\",\"itemListElement\":[{\"@type\":\"ListItem\",\"position\":1,\"name\":\"Inicio\",\"item\":\"https:\/\/www.celttv.com.ar\/\"},{\"@type\":\"ListItem\",\"position\":2,\"name\":\"Tornquist ya cuenta con una Oficina de Acceso y Derecho a la Salud\"}]},{\"@type\":\"WebSite\",\"@id\":\"https:\/\/www.celttv.com.ar\/#website\",\"url\":\"https:\/\/www.celttv.com.ar\/\",\"name\":\"CELTTV\",\"description\":\"Cooperativa El\u00e9ctrica de Tornquist\",\"publisher\":{\"@id\":\"https:\/\/www.celttv.com.ar\/#organization\"},\"potentialAction\":[{\"@type\":\"SearchAction\",\"target\":{\"@type\":\"EntryPoint\",\"urlTemplate\":\"https:\/\/www.celttv.com.ar\/?s={search_term_string}\"},\"query-input\":\"required name=search_term_string\"}],\"inLanguage\":\"es\"},{\"@type\":\"Organization\",\"@id\":\"https:\/\/www.celttv.com.ar\/#organization\",\"name\":\"CELTTV\",\"url\":\"https:\/\/www.celttv.com.ar\/\",\"sameAs\":[\"https:\/\/www.youtube.com\/channel\/UCz_oIt8Hig64Ub-EmcNPIhg\",\"https:\/\/www.facebook.com\/celtTV\/\"],\"logo\":{\"@type\":\"ImageObject\",\"inLanguage\":\"es\",\"@id\":\"https:\/\/www.celttv.com.ar\/#\/schema\/logo\/image\/\",\"url\":\"http:\/\/www.celttv.com.ar\/wp-content\/uploads\/2022\/08\/logo-1.png\",\"contentUrl\":\"http:\/\/www.celttv.com.ar\/wp-content\/uploads\/2022\/08\/logo-1.png\",\"width\":461,\"height\":159,\"caption\":\"CELTTV\"},\"image\":{\"@id\":\"https:\/\/www.celttv.com.ar\/#\/schema\/logo\/image\/\"}},{\"@type\":\"Person\",\"@id\":\"https:\/\/www.celttv.com.ar\/#\/schema\/person\/9059dc91dc7204ef4182cdb65225f07d\",\"name\":\"Miguel Herrada\",\"image\":{\"@type\":\"ImageObject\",\"inLanguage\":\"es\",\"@id\":\"https:\/\/www.celttv.com.ar\/#\/schema\/person\/image\/\",\"url\":\"https:\/\/secure.gravatar.com\/avatar\/67724d5b3c716623ffd76bec7e45841a442ac3b456e914dbba90b0fad2b8e0b1?s=96&d=mm&r=g\",\"contentUrl\":\"https:\/\/secure.gravatar.com\/avatar\/67724d5b3c716623ffd76bec7e45841a442ac3b456e914dbba90b0fad2b8e0b1?s=96&d=mm&r=g\",\"caption\":\"Miguel Herrada\"}}]}<\/script>\n<!-- \/ Yoast SEO plugin. -->","yoast_head_json":{"title":"Tornquist ya cuenta con una Oficina de Acceso y Derecho a la Salud - CELTTV","description":"Sitio web de noticias de la localidad de Tornquist, provincia de Buenos Aires, Rep\u00fablica Argentina. Contenido propio originado por periodistas de CELTTV, el canal de TV local de la Cooperativa El\u00e9ctrica de Tornquist. Turismo, Pol\u00edtica, Sociedad, Deporte, Cultura y todo el contenido de inter\u00e9s general que la gente del pueblo y la regi\u00f3n debe conocer.","robots":{"index":"index","follow":"follow","max-snippet":"max-snippet:-1","max-image-preview":"max-image-preview:large","max-video-preview":"max-video-preview:-1"},"canonical":"https:\/\/www.celttv.com.ar\/index.php\/2022\/09\/24\/tornquist-ya-cuenta-con-una-oficina-de-acceso-y-derecho-a-la-salud\/","og_locale":"es_ES","og_type":"article","og_title":"Tornquist ya cuenta con una Oficina de Acceso y Derecho a la Salud - CELTTV","og_description":"Sitio web de noticias de la localidad de Tornquist, provincia de Buenos Aires, Rep\u00fablica Argentina. Contenido propio originado por periodistas de CELTTV, el canal de TV local de la Cooperativa El\u00e9ctrica de Tornquist. Turismo, Pol\u00edtica, Sociedad, Deporte, Cultura y todo el contenido de inter\u00e9s general que la gente del pueblo y la regi\u00f3n debe conocer.","og_url":"https:\/\/www.celttv.com.ar\/index.php\/2022\/09\/24\/tornquist-ya-cuenta-con-una-oficina-de-acceso-y-derecho-a-la-salud\/","og_site_name":"CELTTV","article_publisher":"https:\/\/www.facebook.com\/celtTV\/","article_published_time":"2022-09-24T13:43:08+00:00","article_modified_time":"2022-09-24T13:43:36+00:00","og_image":[{"width":1599,"height":1066,"url":"https:\/\/www.celttv.com.ar\/wp-content\/uploads\/2022\/09\/Inauguracion-OADS-4.jpeg","type":"image\/jpeg"}],"author":"Miguel Herrada","twitter_card":"summary_large_image","twitter_misc":{"Escrito por":"Miguel Herrada","Tiempo de lectura":"1 minuto"},"schema":{"@context":"https:\/\/schema.org","@graph":[{"@type":"NewsArticle","@id":"https:\/\/www.celttv.com.ar\/index.php\/2022\/09\/24\/tornquist-ya-cuenta-con-una-oficina-de-acceso-y-derecho-a-la-salud\/#article","isPartOf":{"@id":"https:\/\/www.celttv.com.ar\/index.php\/2022\/09\/24\/tornquist-ya-cuenta-con-una-oficina-de-acceso-y-derecho-a-la-salud\/"},"author":{"name":"Miguel Herrada","@id":"https:\/\/www.celttv.com.ar\/#\/schema\/person\/9059dc91dc7204ef4182cdb65225f07d"},"headline":"Tornquist ya cuenta con una Oficina de Acceso y Derecho a la Salud","datePublished":"2022-09-24T13:43:08+00:00","dateModified":"2022-09-24T13:43:36+00:00","mainEntityOfPage":{"@id":"https:\/\/www.celttv.com.ar\/index.php\/2022\/09\/24\/tornquist-ya-cuenta-con-una-oficina-de-acceso-y-derecho-a-la-salud\/"},"wordCount":223,"publisher":{"@id":"https:\/\/www.celttv.com.ar\/#organization"},"keywords":["Tornquist ya cuenta con una Oficina de Acceso y Derecho a la Salud"],"articleSection":["Comunidad","Destacadas","Municipales"],"inLanguage":"es"},{"@type":"WebPage","@id":"https:\/\/www.celttv.com.ar\/index.php\/2022\/09\/24\/tornquist-ya-cuenta-con-una-oficina-de-acceso-y-derecho-a-la-salud\/","url":"https:\/\/www.celttv.com.ar\/index.php\/2022\/09\/24\/tornquist-ya-cuenta-con-una-oficina-de-acceso-y-derecho-a-la-salud\/","name":"Tornquist ya cuenta con una Oficina de Acceso y Derecho a la Salud - CELTTV","isPartOf":{"@id":"https:\/\/www.celttv.com.ar\/#website"},"datePublished":"2022-09-24T13:43:08+00:00","dateModified":"2022-09-24T13:43:36+00:00","description":"Sitio web de noticias de la localidad de Tornquist, provincia de Buenos Aires, Rep\u00fablica Argentina. Contenido propio originado por periodistas de CELTTV, el canal de TV local de la Cooperativa El\u00e9ctrica de Tornquist. Turismo, Pol\u00edtica, Sociedad, Deporte, Cultura y todo el contenido de inter\u00e9s general que la gente del pueblo y la regi\u00f3n debe conocer.","breadcrumb":{"@id":"https:\/\/www.celttv.com.ar\/index.php\/2022\/09\/24\/tornquist-ya-cuenta-con-una-oficina-de-acceso-y-derecho-a-la-salud\/#breadcrumb"},"inLanguage":"es","potentialAction":[{"@type":"ReadAction","target":["https:\/\/www.celttv.com.ar\/index.php\/2022\/09\/24\/tornquist-ya-cuenta-con-una-oficina-de-acceso-y-derecho-a-la-salud\/"]}]},{"@type":"BreadcrumbList","@id":"https:\/\/www.celttv.com.ar\/index.php\/2022\/09\/24\/tornquist-ya-cuenta-con-una-oficina-de-acceso-y-derecho-a-la-salud\/#breadcrumb","itemListElement":[{"@type":"ListItem","position":1,"name":"Inicio","item":"https:\/\/www.celttv.com.ar\/"},{"@type":"ListItem","position":2,"name":"Tornquist ya cuenta con una Oficina de Acceso y Derecho a la Salud"}]},{"@type":"WebSite","@id":"https:\/\/www.celttv.com.ar\/#website","url":"https:\/\/www.celttv.com.ar\/","name":"CELTTV","description":"Cooperativa El\u00e9ctrica de Tornquist","publisher":{"@id":"https:\/\/www.celttv.com.ar\/#organization"},"potentialAction":[{"@type":"SearchAction","target":{"@type":"EntryPoint","urlTemplate":"https:\/\/www.celttv.com.ar\/?s={search_term_string}"},"query-input":"required name=search_term_string"}],"inLanguage":"es"},{"@type":"Organization","@id":"https:\/\/www.celttv.com.ar\/#organization","name":"CELTTV","url":"https:\/\/www.celttv.com.ar\/","sameAs":["https:\/\/www.youtube.com\/channel\/UCz_oIt8Hig64Ub-EmcNPIhg","https:\/\/www.facebook.com\/celtTV\/"],"logo":{"@type":"ImageObject","inLanguage":"es","@id":"https:\/\/www.celttv.com.ar\/#\/schema\/logo\/image\/","url":"http:\/\/www.celttv.com.ar\/wp-content\/uploads\/2022\/08\/logo-1.png","contentUrl":"http:\/\/www.celttv.com.ar\/wp-content\/uploads\/2022\/08\/logo-1.png","width":461,"height":159,"caption":"CELTTV"},"image":{"@id":"https:\/\/www.celttv.com.ar\/#\/schema\/logo\/image\/"}},{"@type":"Person","@id":"https:\/\/www.celttv.com.ar\/#\/schema\/person\/9059dc91dc7204ef4182cdb65225f07d","name":"Miguel Herrada","image":{"@type":"ImageObject","inLanguage":"es","@id":"https:\/\/www.celttv.com.ar\/#\/schema\/person\/image\/","url":"https:\/\/secure.gravatar.com\/avatar\/67724d5b3c716623ffd76bec7e45841a442ac3b456e914dbba90b0fad2b8e0b1?s=96&d=mm&r=g","contentUrl":"https:\/\/secure.gravatar.com\/avatar\/67724d5b3c716623ffd76bec7e45841a442ac3b456e914dbba90b0fad2b8e0b1?s=96&d=mm&r=g","caption":"Miguel Herrada"}}]}},"_links":{"self":[{"href":"https:\/\/www.celttv.com.ar\/index.php\/wp-json\/wp\/v2\/posts\/69662","targetHints":{"allow":["GET"]}}],"collection":[{"href":"https:\/\/www.celttv.com.ar\/index.php\/wp-json\/wp\/v2\/posts"}],"about":[{"href":"https:\/\/www.celttv.com.ar\/index.php\/wp-json\/wp\/v2\/types\/post"}],"author":[{"embeddable":true,"href":"https:\/\/www.celttv.com.ar\/index.php\/wp-json\/wp\/v2\/users\/5"}],"replies":[{"embeddable":true,"href":"https:\/\/www.celttv.com.ar\/index.php\/wp-json\/wp\/v2\/comments?post=69662"}],"version-history":[{"count":1,"href":"https:\/\/www.celttv.com.ar\/index.php\/wp-json\/wp\/v2\/posts\/69662\/revisions"}],"predecessor-version":[{"id":69673,"href":"https:\/\/www.celttv.com.ar\/index.php\/wp-json\/wp\/v2\/posts\/69662\/revisions\/69673"}],"wp:featuredmedia":[{"embeddable":true,"href":"https:\/\/www.celttv.com.ar\/index.php\/wp-json\/wp\/v2\/media\/69666"}],"wp:attachment":[{"href":"https:\/\/www.celttv.com.ar\/index.php\/wp-json\/wp\/v2\/media?parent=69662"}],"wp:term":[{"taxonomy":"category","embeddable":true,"href":"https:\/\/www.celttv.com.ar\/index.php\/wp-json\/wp\/v2\/categories?post=69662"},{"taxonomy":"post_tag","embeddable":true,"href":"https:\/\/www.celttv.com.ar\/index.php\/wp-json\/wp\/v2\/tags?post=69662"}],"curies":[{"name":"wp","href":"https:\/\/api.w.org\/{rel}","templated":true}]}}