{"id":69685,"date":"2022-09-24T19:02:18","date_gmt":"2022-09-24T22:02:18","guid":{"rendered":"http:\/\/www.celttv.com.ar\/?p=69685"},"modified":"2022-09-24T19:02:21","modified_gmt":"2022-09-24T22:02:21","slug":"unos-300-atletas-participaron-de-un-encuentro-en-la-pista-de-tornquist-video","status":"publish","type":"post","link":"https:\/\/www.celttv.com.ar\/index.php\/2022\/09\/24\/unos-300-atletas-participaron-de-un-encuentro-en-la-pista-de-tornquist-video\/","title":{"rendered":"Unos 300 atletas participaron de un encuentro en la pista de Tornquist (Video)"},"content":{"rendered":"<p>Un importante encuentro de atletismo, organizado por la Escuela Municipal, se llev\u00f3 a cabo durante la jornada del s\u00e1bado, en la pista local.<\/p>\n<p>Alrededor de 300 atletas, de U8 a U16, pertenecientes a ciudades de la regi\u00f3n y a nuestro distrito, formaron parte de una jornada a pleno atletismo, donde el clima de camarader\u00eda y el sol (buena temperatura durante la competencia) permiti\u00f3 que todo se llevara a cabo de la mejor manera posible.<\/p>\n<p>El profesor Nicol\u00e1s Cabral, entrenador de la Escuela Municipal de Atletismo, se refiri\u00f3 al tenor del encuentro y a la agenda de competencia que les espera a los atletas del distrito durante los pr\u00f3ximos meses.<\/p>\n<p><iframe loading=\"lazy\" title=\"2022 09 24 ENCUENTRO DE ATLETISMO EN TORNQUIST   PROF  NICOL\u00c1S CABRAL   ESCUELA MUNICIPAL DE ATLETIS\" width=\"500\" height=\"281\" src=\"https:\/\/www.youtube.com\/embed\/iwBJOJTLi-Y?feature=oembed\" frameborder=\"0\" allow=\"accelerometer; autoplay; clipboard-write; encrypted-media; gyroscope; picture-in-picture; web-share\" referrerpolicy=\"strict-origin-when-cross-origin\" allowfullscreen><\/iframe><\/p>\n<p><img loading=\"lazy\" decoding=\"async\" class=\"alignnone wp-image-69686 size-full\" src=\"http:\/\/www.celttv.com.ar\/wp-content\/uploads\/2022\/09\/306603056_517032387092802_233543472423178759_n.jpg\" alt=\"\" width=\"793\" height=\"469\" srcset=\"https:\/\/www.celttv.com.ar\/wp-content\/uploads\/2022\/09\/306603056_517032387092802_233543472423178759_n.jpg 793w, https:\/\/www.celttv.com.ar\/wp-content\/uploads\/2022\/09\/306603056_517032387092802_233543472423178759_n-300x177.jpg 300w, https:\/\/www.celttv.com.ar\/wp-content\/uploads\/2022\/09\/306603056_517032387092802_233543472423178759_n-768x454.jpg 768w, https:\/\/www.celttv.com.ar\/wp-content\/uploads\/2022\/09\/306603056_517032387092802_233543472423178759_n-750x444.jpg 750w\" sizes=\"auto, (max-width: 793px) 100vw, 793px\" \/><img loading=\"lazy\" decoding=\"async\" class=\"alignnone wp-image-69687 size-full\" src=\"http:\/\/www.celttv.com.ar\/wp-content\/uploads\/2022\/09\/306337154_517032773759430_147424778107292230_n.jpg\" alt=\"\" width=\"960\" height=\"720\" srcset=\"https:\/\/www.celttv.com.ar\/wp-content\/uploads\/2022\/09\/306337154_517032773759430_147424778107292230_n.jpg 960w, https:\/\/www.celttv.com.ar\/wp-content\/uploads\/2022\/09\/306337154_517032773759430_147424778107292230_n-300x225.jpg 300w, https:\/\/www.celttv.com.ar\/wp-content\/uploads\/2022\/09\/306337154_517032773759430_147424778107292230_n-768x576.jpg 768w, https:\/\/www.celttv.com.ar\/wp-content\/uploads\/2022\/09\/306337154_517032773759430_147424778107292230_n-750x563.jpg 750w\" sizes=\"auto, (max-width: 960px) 100vw, 960px\" \/><\/p>\n<p><img loading=\"lazy\" decoding=\"async\" class=\"alignnone wp-image-69688 size-full\" src=\"http:\/\/www.celttv.com.ar\/wp-content\/uploads\/2022\/09\/307996410_517032497092791_2866804232842360543_n.jpg\" alt=\"\" width=\"960\" height=\"720\" srcset=\"https:\/\/www.celttv.com.ar\/wp-content\/uploads\/2022\/09\/307996410_517032497092791_2866804232842360543_n.jpg 960w, https:\/\/www.celttv.com.ar\/wp-content\/uploads\/2022\/09\/307996410_517032497092791_2866804232842360543_n-300x225.jpg 300w, https:\/\/www.celttv.com.ar\/wp-content\/uploads\/2022\/09\/307996410_517032497092791_2866804232842360543_n-768x576.jpg 768w, https:\/\/www.celttv.com.ar\/wp-content\/uploads\/2022\/09\/307996410_517032497092791_2866804232842360543_n-750x563.jpg 750w\" sizes=\"auto, (max-width: 960px) 100vw, 960px\" \/> <img loading=\"lazy\" decoding=\"async\" class=\"alignnone wp-image-69689 size-large\" src=\"http:\/\/www.celttv.com.ar\/wp-content\/uploads\/2022\/09\/308736798_517033810425993_9161091906836523475_n-1024x768.jpg\" alt=\"\" width=\"1024\" height=\"768\" srcset=\"https:\/\/www.celttv.com.ar\/wp-content\/uploads\/2022\/09\/308736798_517033810425993_9161091906836523475_n-1024x768.jpg 1024w, https:\/\/www.celttv.com.ar\/wp-content\/uploads\/2022\/09\/308736798_517033810425993_9161091906836523475_n-300x225.jpg 300w, https:\/\/www.celttv.com.ar\/wp-content\/uploads\/2022\/09\/308736798_517033810425993_9161091906836523475_n-768x576.jpg 768w, https:\/\/www.celttv.com.ar\/wp-content\/uploads\/2022\/09\/308736798_517033810425993_9161091906836523475_n-1536x1152.jpg 1536w, https:\/\/www.celttv.com.ar\/wp-content\/uploads\/2022\/09\/308736798_517033810425993_9161091906836523475_n-750x563.jpg 750w, https:\/\/www.celttv.com.ar\/wp-content\/uploads\/2022\/09\/308736798_517033810425993_9161091906836523475_n-1140x855.jpg 1140w, https:\/\/www.celttv.com.ar\/wp-content\/uploads\/2022\/09\/308736798_517033810425993_9161091906836523475_n.jpg 2048w\" sizes=\"auto, (max-width: 1024px) 100vw, 1024px\" \/><\/p>\n<p>&nbsp;<\/p>\n","protected":false},"excerpt":{"rendered":"<p>Un importante encuentro de atletismo, organizado por la Escuela Municipal, se llev\u00f3 a cabo durante la jornada del s\u00e1bado, en la pista local. Alrededor de 300 atletas, de U8 a U16, pertenecientes a ciudades de la regi\u00f3n y a nuestro distrito, formaron parte de una jornada a pleno atletismo, donde el clima de camarader\u00eda y [&hellip;]<\/p>\n","protected":false},"author":3,"featured_media":69686,"comment_status":"closed","ping_status":"closed","sticky":false,"template":"","format":"standard","meta":{"footnotes":""},"categories":[63],"tags":[],"class_list":["post-69685","post","type-post","status-publish","format-standard","has-post-thumbnail","hentry","category-magazine-sport"],"yoast_head":"<!-- This site is optimized with the Yoast SEO plugin v19.7.1 - https:\/\/yoast.com\/wordpress\/plugins\/seo\/ -->\n<title>Unos 300 atletas participaron de un encuentro en la pista de Tornquist (Video) - CELTTV<\/title>\n<meta name=\"description\" content=\"Sitio web de noticias de la localidad de Tornquist, provincia de Buenos Aires, Rep\u00fablica Argentina. Contenido propio originado por periodistas de CELTTV, el canal de TV local de la Cooperativa El\u00e9ctrica de Tornquist. Turismo, Pol\u00edtica, Sociedad, Deporte, Cultura y todo el contenido de inter\u00e9s general que la gente del pueblo y la regi\u00f3n debe conocer.\" \/>\n<meta name=\"robots\" content=\"index, follow, max-snippet:-1, max-image-preview:large, max-video-preview:-1\" \/>\n<link rel=\"canonical\" href=\"https:\/\/www.celttv.com.ar\/index.php\/2022\/09\/24\/unos-300-atletas-participaron-de-un-encuentro-en-la-pista-de-tornquist-video\/\" \/>\n<meta property=\"og:locale\" content=\"es_ES\" \/>\n<meta property=\"og:type\" content=\"article\" \/>\n<meta property=\"og:title\" content=\"Unos 300 atletas participaron de un encuentro en la pista de Tornquist (Video) - CELTTV\" \/>\n<meta property=\"og:description\" content=\"Sitio web de noticias de la localidad de Tornquist, provincia de Buenos Aires, Rep\u00fablica Argentina. Contenido propio originado por periodistas de CELTTV, el canal de TV local de la Cooperativa El\u00e9ctrica de Tornquist. Turismo, Pol\u00edtica, Sociedad, Deporte, Cultura y todo el contenido de inter\u00e9s general que la gente del pueblo y la regi\u00f3n debe conocer.\" \/>\n<meta property=\"og:url\" content=\"https:\/\/www.celttv.com.ar\/index.php\/2022\/09\/24\/unos-300-atletas-participaron-de-un-encuentro-en-la-pista-de-tornquist-video\/\" \/>\n<meta property=\"og:site_name\" content=\"CELTTV\" \/>\n<meta property=\"article:publisher\" content=\"https:\/\/www.facebook.com\/celtTV\/\" \/>\n<meta property=\"article:published_time\" content=\"2022-09-24T22:02:18+00:00\" \/>\n<meta property=\"article:modified_time\" content=\"2022-09-24T22:02:21+00:00\" \/>\n<meta property=\"og:image\" content=\"https:\/\/www.celttv.com.ar\/wp-content\/uploads\/2022\/09\/306603056_517032387092802_233543472423178759_n.jpg\" \/>\n\t<meta property=\"og:image:width\" content=\"793\" \/>\n\t<meta property=\"og:image:height\" content=\"469\" \/>\n\t<meta property=\"og:image:type\" content=\"image\/jpeg\" \/>\n<meta name=\"author\" content=\"Rodrigo Sgammini\" \/>\n<meta name=\"twitter:card\" content=\"summary_large_image\" \/>\n<meta name=\"twitter:label1\" content=\"Escrito por\" \/>\n\t<meta name=\"twitter:data1\" content=\"Rodrigo Sgammini\" \/>\n\t<meta name=\"twitter:label2\" content=\"Tiempo de lectura\" \/>\n\t<meta name=\"twitter:data2\" content=\"1 minuto\" \/>\n<script type=\"application\/ld+json\" class=\"yoast-schema-graph\">{\"@context\":\"https:\/\/schema.org\",\"@graph\":[{\"@type\":\"NewsArticle\",\"@id\":\"https:\/\/www.celttv.com.ar\/index.php\/2022\/09\/24\/unos-300-atletas-participaron-de-un-encuentro-en-la-pista-de-tornquist-video\/#article\",\"isPartOf\":{\"@id\":\"https:\/\/www.celttv.com.ar\/index.php\/2022\/09\/24\/unos-300-atletas-participaron-de-un-encuentro-en-la-pista-de-tornquist-video\/\"},\"author\":{\"name\":\"Rodrigo Sgammini\",\"@id\":\"https:\/\/www.celttv.com.ar\/#\/schema\/person\/495be51d064edd971d8457f8f64eb172\"},\"headline\":\"Unos 300 atletas participaron de un encuentro en la pista de Tornquist (Video)\",\"datePublished\":\"2022-09-24T22:02:18+00:00\",\"dateModified\":\"2022-09-24T22:02:21+00:00\",\"mainEntityOfPage\":{\"@id\":\"https:\/\/www.celttv.com.ar\/index.php\/2022\/09\/24\/unos-300-atletas-participaron-de-un-encuentro-en-la-pista-de-tornquist-video\/\"},\"wordCount\":130,\"publisher\":{\"@id\":\"https:\/\/www.celttv.com.ar\/#organization\"},\"articleSection\":[\"Magazine Sport\"],\"inLanguage\":\"es\"},{\"@type\":\"WebPage\",\"@id\":\"https:\/\/www.celttv.com.ar\/index.php\/2022\/09\/24\/unos-300-atletas-participaron-de-un-encuentro-en-la-pista-de-tornquist-video\/\",\"url\":\"https:\/\/www.celttv.com.ar\/index.php\/2022\/09\/24\/unos-300-atletas-participaron-de-un-encuentro-en-la-pista-de-tornquist-video\/\",\"name\":\"Unos 300 atletas participaron de un encuentro en la pista de Tornquist (Video) - CELTTV\",\"isPartOf\":{\"@id\":\"https:\/\/www.celttv.com.ar\/#website\"},\"datePublished\":\"2022-09-24T22:02:18+00:00\",\"dateModified\":\"2022-09-24T22:02:21+00:00\",\"description\":\"Sitio web de noticias de la localidad de Tornquist, provincia de Buenos Aires, Rep\u00fablica Argentina. Contenido propio originado por periodistas de CELTTV, el canal de TV local de la Cooperativa El\u00e9ctrica de Tornquist. Turismo, Pol\u00edtica, Sociedad, Deporte, Cultura y todo el contenido de inter\u00e9s general que la gente del pueblo y la regi\u00f3n debe conocer.\",\"breadcrumb\":{\"@id\":\"https:\/\/www.celttv.com.ar\/index.php\/2022\/09\/24\/unos-300-atletas-participaron-de-un-encuentro-en-la-pista-de-tornquist-video\/#breadcrumb\"},\"inLanguage\":\"es\",\"potentialAction\":[{\"@type\":\"ReadAction\",\"target\":[\"https:\/\/www.celttv.com.ar\/index.php\/2022\/09\/24\/unos-300-atletas-participaron-de-un-encuentro-en-la-pista-de-tornquist-video\/\"]}]},{\"@type\":\"BreadcrumbList\",\"@id\":\"https:\/\/www.celttv.com.ar\/index.php\/2022\/09\/24\/unos-300-atletas-participaron-de-un-encuentro-en-la-pista-de-tornquist-video\/#breadcrumb\",\"itemListElement\":[{\"@type\":\"ListItem\",\"position\":1,\"name\":\"Inicio\",\"item\":\"https:\/\/www.celttv.com.ar\/\"},{\"@type\":\"ListItem\",\"position\":2,\"name\":\"Unos 300 atletas participaron de un encuentro en la pista de Tornquist (Video)\"}]},{\"@type\":\"WebSite\",\"@id\":\"https:\/\/www.celttv.com.ar\/#website\",\"url\":\"https:\/\/www.celttv.com.ar\/\",\"name\":\"CELTTV\",\"description\":\"Cooperativa El\u00e9ctrica de Tornquist\",\"publisher\":{\"@id\":\"https:\/\/www.celttv.com.ar\/#organization\"},\"potentialAction\":[{\"@type\":\"SearchAction\",\"target\":{\"@type\":\"EntryPoint\",\"urlTemplate\":\"https:\/\/www.celttv.com.ar\/?s={search_term_string}\"},\"query-input\":\"required name=search_term_string\"}],\"inLanguage\":\"es\"},{\"@type\":\"Organization\",\"@id\":\"https:\/\/www.celttv.com.ar\/#organization\",\"name\":\"CELTTV\",\"url\":\"https:\/\/www.celttv.com.ar\/\",\"sameAs\":[\"https:\/\/www.youtube.com\/channel\/UCz_oIt8Hig64Ub-EmcNPIhg\",\"https:\/\/www.facebook.com\/celtTV\/\"],\"logo\":{\"@type\":\"ImageObject\",\"inLanguage\":\"es\",\"@id\":\"https:\/\/www.celttv.com.ar\/#\/schema\/logo\/image\/\",\"url\":\"http:\/\/www.celttv.com.ar\/wp-content\/uploads\/2022\/08\/logo-1.png\",\"contentUrl\":\"http:\/\/www.celttv.com.ar\/wp-content\/uploads\/2022\/08\/logo-1.png\",\"width\":461,\"height\":159,\"caption\":\"CELTTV\"},\"image\":{\"@id\":\"https:\/\/www.celttv.com.ar\/#\/schema\/logo\/image\/\"}},{\"@type\":\"Person\",\"@id\":\"https:\/\/www.celttv.com.ar\/#\/schema\/person\/495be51d064edd971d8457f8f64eb172\",\"name\":\"Rodrigo Sgammini\",\"image\":{\"@type\":\"ImageObject\",\"inLanguage\":\"es\",\"@id\":\"https:\/\/www.celttv.com.ar\/#\/schema\/person\/image\/\",\"url\":\"https:\/\/secure.gravatar.com\/avatar\/68f7848d42735e7a9276b47cd6e606327d88f521c51ae39d88888b76902e2987?s=96&d=mm&r=g\",\"contentUrl\":\"https:\/\/secure.gravatar.com\/avatar\/68f7848d42735e7a9276b47cd6e606327d88f521c51ae39d88888b76902e2987?s=96&d=mm&r=g\",\"caption\":\"Rodrigo Sgammini\"}}]}<\/script>\n<!-- \/ Yoast SEO plugin. -->","yoast_head_json":{"title":"Unos 300 atletas participaron de un encuentro en la pista de Tornquist (Video) - CELTTV","description":"Sitio web de noticias de la localidad de Tornquist, provincia de Buenos Aires, Rep\u00fablica Argentina. Contenido propio originado por periodistas de CELTTV, el canal de TV local de la Cooperativa El\u00e9ctrica de Tornquist. Turismo, Pol\u00edtica, Sociedad, Deporte, Cultura y todo el contenido de inter\u00e9s general que la gente del pueblo y la regi\u00f3n debe conocer.","robots":{"index":"index","follow":"follow","max-snippet":"max-snippet:-1","max-image-preview":"max-image-preview:large","max-video-preview":"max-video-preview:-1"},"canonical":"https:\/\/www.celttv.com.ar\/index.php\/2022\/09\/24\/unos-300-atletas-participaron-de-un-encuentro-en-la-pista-de-tornquist-video\/","og_locale":"es_ES","og_type":"article","og_title":"Unos 300 atletas participaron de un encuentro en la pista de Tornquist (Video) - CELTTV","og_description":"Sitio web de noticias de la localidad de Tornquist, provincia de Buenos Aires, Rep\u00fablica Argentina. Contenido propio originado por periodistas de CELTTV, el canal de TV local de la Cooperativa El\u00e9ctrica de Tornquist. Turismo, Pol\u00edtica, Sociedad, Deporte, Cultura y todo el contenido de inter\u00e9s general que la gente del pueblo y la regi\u00f3n debe conocer.","og_url":"https:\/\/www.celttv.com.ar\/index.php\/2022\/09\/24\/unos-300-atletas-participaron-de-un-encuentro-en-la-pista-de-tornquist-video\/","og_site_name":"CELTTV","article_publisher":"https:\/\/www.facebook.com\/celtTV\/","article_published_time":"2022-09-24T22:02:18+00:00","article_modified_time":"2022-09-24T22:02:21+00:00","og_image":[{"width":793,"height":469,"url":"https:\/\/www.celttv.com.ar\/wp-content\/uploads\/2022\/09\/306603056_517032387092802_233543472423178759_n.jpg","type":"image\/jpeg"}],"author":"Rodrigo Sgammini","twitter_card":"summary_large_image","twitter_misc":{"Escrito por":"Rodrigo Sgammini","Tiempo de lectura":"1 minuto"},"schema":{"@context":"https:\/\/schema.org","@graph":[{"@type":"NewsArticle","@id":"https:\/\/www.celttv.com.ar\/index.php\/2022\/09\/24\/unos-300-atletas-participaron-de-un-encuentro-en-la-pista-de-tornquist-video\/#article","isPartOf":{"@id":"https:\/\/www.celttv.com.ar\/index.php\/2022\/09\/24\/unos-300-atletas-participaron-de-un-encuentro-en-la-pista-de-tornquist-video\/"},"author":{"name":"Rodrigo Sgammini","@id":"https:\/\/www.celttv.com.ar\/#\/schema\/person\/495be51d064edd971d8457f8f64eb172"},"headline":"Unos 300 atletas participaron de un encuentro en la pista de Tornquist (Video)","datePublished":"2022-09-24T22:02:18+00:00","dateModified":"2022-09-24T22:02:21+00:00","mainEntityOfPage":{"@id":"https:\/\/www.celttv.com.ar\/index.php\/2022\/09\/24\/unos-300-atletas-participaron-de-un-encuentro-en-la-pista-de-tornquist-video\/"},"wordCount":130,"publisher":{"@id":"https:\/\/www.celttv.com.ar\/#organization"},"articleSection":["Magazine Sport"],"inLanguage":"es"},{"@type":"WebPage","@id":"https:\/\/www.celttv.com.ar\/index.php\/2022\/09\/24\/unos-300-atletas-participaron-de-un-encuentro-en-la-pista-de-tornquist-video\/","url":"https:\/\/www.celttv.com.ar\/index.php\/2022\/09\/24\/unos-300-atletas-participaron-de-un-encuentro-en-la-pista-de-tornquist-video\/","name":"Unos 300 atletas participaron de un encuentro en la pista de Tornquist (Video) - CELTTV","isPartOf":{"@id":"https:\/\/www.celttv.com.ar\/#website"},"datePublished":"2022-09-24T22:02:18+00:00","dateModified":"2022-09-24T22:02:21+00:00","description":"Sitio web de noticias de la localidad de Tornquist, provincia de Buenos Aires, Rep\u00fablica Argentina. Contenido propio originado por periodistas de CELTTV, el canal de TV local de la Cooperativa El\u00e9ctrica de Tornquist. Turismo, Pol\u00edtica, Sociedad, Deporte, Cultura y todo el contenido de inter\u00e9s general que la gente del pueblo y la regi\u00f3n debe conocer.","breadcrumb":{"@id":"https:\/\/www.celttv.com.ar\/index.php\/2022\/09\/24\/unos-300-atletas-participaron-de-un-encuentro-en-la-pista-de-tornquist-video\/#breadcrumb"},"inLanguage":"es","potentialAction":[{"@type":"ReadAction","target":["https:\/\/www.celttv.com.ar\/index.php\/2022\/09\/24\/unos-300-atletas-participaron-de-un-encuentro-en-la-pista-de-tornquist-video\/"]}]},{"@type":"BreadcrumbList","@id":"https:\/\/www.celttv.com.ar\/index.php\/2022\/09\/24\/unos-300-atletas-participaron-de-un-encuentro-en-la-pista-de-tornquist-video\/#breadcrumb","itemListElement":[{"@type":"ListItem","position":1,"name":"Inicio","item":"https:\/\/www.celttv.com.ar\/"},{"@type":"ListItem","position":2,"name":"Unos 300 atletas participaron de un encuentro en la pista de Tornquist (Video)"}]},{"@type":"WebSite","@id":"https:\/\/www.celttv.com.ar\/#website","url":"https:\/\/www.celttv.com.ar\/","name":"CELTTV","description":"Cooperativa El\u00e9ctrica de Tornquist","publisher":{"@id":"https:\/\/www.celttv.com.ar\/#organization"},"potentialAction":[{"@type":"SearchAction","target":{"@type":"EntryPoint","urlTemplate":"https:\/\/www.celttv.com.ar\/?s={search_term_string}"},"query-input":"required name=search_term_string"}],"inLanguage":"es"},{"@type":"Organization","@id":"https:\/\/www.celttv.com.ar\/#organization","name":"CELTTV","url":"https:\/\/www.celttv.com.ar\/","sameAs":["https:\/\/www.youtube.com\/channel\/UCz_oIt8Hig64Ub-EmcNPIhg","https:\/\/www.facebook.com\/celtTV\/"],"logo":{"@type":"ImageObject","inLanguage":"es","@id":"https:\/\/www.celttv.com.ar\/#\/schema\/logo\/image\/","url":"http:\/\/www.celttv.com.ar\/wp-content\/uploads\/2022\/08\/logo-1.png","contentUrl":"http:\/\/www.celttv.com.ar\/wp-content\/uploads\/2022\/08\/logo-1.png","width":461,"height":159,"caption":"CELTTV"},"image":{"@id":"https:\/\/www.celttv.com.ar\/#\/schema\/logo\/image\/"}},{"@type":"Person","@id":"https:\/\/www.celttv.com.ar\/#\/schema\/person\/495be51d064edd971d8457f8f64eb172","name":"Rodrigo Sgammini","image":{"@type":"ImageObject","inLanguage":"es","@id":"https:\/\/www.celttv.com.ar\/#\/schema\/person\/image\/","url":"https:\/\/secure.gravatar.com\/avatar\/68f7848d42735e7a9276b47cd6e606327d88f521c51ae39d88888b76902e2987?s=96&d=mm&r=g","contentUrl":"https:\/\/secure.gravatar.com\/avatar\/68f7848d42735e7a9276b47cd6e606327d88f521c51ae39d88888b76902e2987?s=96&d=mm&r=g","caption":"Rodrigo Sgammini"}}]}},"_links":{"self":[{"href":"https:\/\/www.celttv.com.ar\/index.php\/wp-json\/wp\/v2\/posts\/69685","targetHints":{"allow":["GET"]}}],"collection":[{"href":"https:\/\/www.celttv.com.ar\/index.php\/wp-json\/wp\/v2\/posts"}],"about":[{"href":"https:\/\/www.celttv.com.ar\/index.php\/wp-json\/wp\/v2\/types\/post"}],"author":[{"embeddable":true,"href":"https:\/\/www.celttv.com.ar\/index.php\/wp-json\/wp\/v2\/users\/3"}],"replies":[{"embeddable":true,"href":"https:\/\/www.celttv.com.ar\/index.php\/wp-json\/wp\/v2\/comments?post=69685"}],"version-history":[{"count":1,"href":"https:\/\/www.celttv.com.ar\/index.php\/wp-json\/wp\/v2\/posts\/69685\/revisions"}],"predecessor-version":[{"id":69690,"href":"https:\/\/www.celttv.com.ar\/index.php\/wp-json\/wp\/v2\/posts\/69685\/revisions\/69690"}],"wp:featuredmedia":[{"embeddable":true,"href":"https:\/\/www.celttv.com.ar\/index.php\/wp-json\/wp\/v2\/media\/69686"}],"wp:attachment":[{"href":"https:\/\/www.celttv.com.ar\/index.php\/wp-json\/wp\/v2\/media?parent=69685"}],"wp:term":[{"taxonomy":"category","embeddable":true,"href":"https:\/\/www.celttv.com.ar\/index.php\/wp-json\/wp\/v2\/categories?post=69685"},{"taxonomy":"post_tag","embeddable":true,"href":"https:\/\/www.celttv.com.ar\/index.php\/wp-json\/wp\/v2\/tags?post=69685"}],"curies":[{"name":"wp","href":"https:\/\/api.w.org\/{rel}","templated":true}]}}