{"id":69691,"date":"2022-09-25T18:59:16","date_gmt":"2022-09-25T21:59:16","guid":{"rendered":"http:\/\/www.celttv.com.ar\/?p=69691"},"modified":"2022-09-25T19:02:27","modified_gmt":"2022-09-25T22:02:27","slug":"dia-del-jubilado-con-musica-y-baile-mostraron-que-estan-cada-dia-mas-activos-fotos-y-videos","status":"publish","type":"post","link":"https:\/\/www.celttv.com.ar\/index.php\/2022\/09\/25\/dia-del-jubilado-con-musica-y-baile-mostraron-que-estan-cada-dia-mas-activos-fotos-y-videos\/","title":{"rendered":"&#8220;D\u00eda del Jubilado&#8221; Con m\u00fasica y baile mostraron que est\u00e1n cada d\u00eda m\u00e1s activos (fotos y videos)"},"content":{"rendered":"<p>Con varias actividades realizadas en sus instalaciones y que tuvo distintos condimentos, el Centro de Jubilados y Pensionados de Tornquist celebr\u00f3 \u00e9ste domingo\u00a0 &#8220;El D\u00eda del Jubilado&#8221;, que originalmente se festeja cada 20 de septiembre, como hace 118 a\u00f1os en la presidencia de Julio Argentino Roca.<\/p>\n<p>Grupo Consecuencia, Carlos Porsel y la Escuela Folkl\u00f3rica fueron los encargados de animar la fiesta y mantener la pista activa durante casi toda la jornada.<\/p>\n<p>Mancomunadamente trabajaron en la organizaci\u00f3n del evento la comisi\u00f3n directiva y la sub comisi\u00f3n de tejo del mencionado centro.<\/p>\n<p><a href=\"https:\/\/www.facebook.com\/celtTV\/videos\/440333624863542\">AQUI VIDEO TRANSMISION EN DIRECTO<\/a><\/p>\n<p><strong>AMPLIAREMOS CON MAS VIDEOS Y NOTAS<\/strong><\/p>\n<p>&nbsp;<\/p>\n<p><img loading=\"lazy\" decoding=\"async\" class=\"alignnone size-medium wp-image-69692\" src=\"http:\/\/www.celttv.com.ar\/wp-content\/uploads\/2022\/09\/IMG_8963-Medium-300x200.jpg\" alt=\"\" width=\"300\" height=\"200\" srcset=\"https:\/\/www.celttv.com.ar\/wp-content\/uploads\/2022\/09\/IMG_8963-Medium-300x200.jpg 300w, https:\/\/www.celttv.com.ar\/wp-content\/uploads\/2022\/09\/IMG_8963-Medium-1024x683.jpg 1024w, https:\/\/www.celttv.com.ar\/wp-content\/uploads\/2022\/09\/IMG_8963-Medium-768x512.jpg 768w, https:\/\/www.celttv.com.ar\/wp-content\/uploads\/2022\/09\/IMG_8963-Medium-750x500.jpg 750w, https:\/\/www.celttv.com.ar\/wp-content\/uploads\/2022\/09\/IMG_8963-Medium-1140x760.jpg 1140w, https:\/\/www.celttv.com.ar\/wp-content\/uploads\/2022\/09\/IMG_8963-Medium.jpg 1152w\" sizes=\"auto, (max-width: 300px) 100vw, 300px\" \/> <img loading=\"lazy\" decoding=\"async\" class=\"alignnone size-medium wp-image-69693\" src=\"http:\/\/www.celttv.com.ar\/wp-content\/uploads\/2022\/09\/IMG_8964-Medium-300x200.jpg\" alt=\"\" width=\"300\" height=\"200\" srcset=\"https:\/\/www.celttv.com.ar\/wp-content\/uploads\/2022\/09\/IMG_8964-Medium-300x200.jpg 300w, https:\/\/www.celttv.com.ar\/wp-content\/uploads\/2022\/09\/IMG_8964-Medium-1024x683.jpg 1024w, https:\/\/www.celttv.com.ar\/wp-content\/uploads\/2022\/09\/IMG_8964-Medium-768x512.jpg 768w, https:\/\/www.celttv.com.ar\/wp-content\/uploads\/2022\/09\/IMG_8964-Medium-750x500.jpg 750w, https:\/\/www.celttv.com.ar\/wp-content\/uploads\/2022\/09\/IMG_8964-Medium-1140x760.jpg 1140w, https:\/\/www.celttv.com.ar\/wp-content\/uploads\/2022\/09\/IMG_8964-Medium.jpg 1152w\" sizes=\"auto, (max-width: 300px) 100vw, 300px\" \/> <img loading=\"lazy\" decoding=\"async\" class=\"alignnone size-medium wp-image-69694\" src=\"http:\/\/www.celttv.com.ar\/wp-content\/uploads\/2022\/09\/IMG_8965-Medium-300x200.jpg\" alt=\"\" width=\"300\" height=\"200\" srcset=\"https:\/\/www.celttv.com.ar\/wp-content\/uploads\/2022\/09\/IMG_8965-Medium-300x200.jpg 300w, https:\/\/www.celttv.com.ar\/wp-content\/uploads\/2022\/09\/IMG_8965-Medium-1024x683.jpg 1024w, https:\/\/www.celttv.com.ar\/wp-content\/uploads\/2022\/09\/IMG_8965-Medium-768x512.jpg 768w, https:\/\/www.celttv.com.ar\/wp-content\/uploads\/2022\/09\/IMG_8965-Medium-750x500.jpg 750w, https:\/\/www.celttv.com.ar\/wp-content\/uploads\/2022\/09\/IMG_8965-Medium-1140x760.jpg 1140w, https:\/\/www.celttv.com.ar\/wp-content\/uploads\/2022\/09\/IMG_8965-Medium.jpg 1152w\" sizes=\"auto, (max-width: 300px) 100vw, 300px\" \/> <img loading=\"lazy\" decoding=\"async\" class=\"alignnone size-medium wp-image-69695\" src=\"http:\/\/www.celttv.com.ar\/wp-content\/uploads\/2022\/09\/IMG_8966-Medium-300x200.jpg\" alt=\"\" width=\"300\" height=\"200\" srcset=\"https:\/\/www.celttv.com.ar\/wp-content\/uploads\/2022\/09\/IMG_8966-Medium-300x200.jpg 300w, https:\/\/www.celttv.com.ar\/wp-content\/uploads\/2022\/09\/IMG_8966-Medium-1024x683.jpg 1024w, https:\/\/www.celttv.com.ar\/wp-content\/uploads\/2022\/09\/IMG_8966-Medium-768x512.jpg 768w, https:\/\/www.celttv.com.ar\/wp-content\/uploads\/2022\/09\/IMG_8966-Medium-750x500.jpg 750w, https:\/\/www.celttv.com.ar\/wp-content\/uploads\/2022\/09\/IMG_8966-Medium-1140x760.jpg 1140w, https:\/\/www.celttv.com.ar\/wp-content\/uploads\/2022\/09\/IMG_8966-Medium.jpg 1152w\" sizes=\"auto, (max-width: 300px) 100vw, 300px\" \/> <img loading=\"lazy\" decoding=\"async\" class=\"alignnone size-medium wp-image-69696\" src=\"http:\/\/www.celttv.com.ar\/wp-content\/uploads\/2022\/09\/IMG_8967-Medium-300x200.jpg\" alt=\"\" width=\"300\" height=\"200\" srcset=\"https:\/\/www.celttv.com.ar\/wp-content\/uploads\/2022\/09\/IMG_8967-Medium-300x200.jpg 300w, https:\/\/www.celttv.com.ar\/wp-content\/uploads\/2022\/09\/IMG_8967-Medium-1024x683.jpg 1024w, https:\/\/www.celttv.com.ar\/wp-content\/uploads\/2022\/09\/IMG_8967-Medium-768x512.jpg 768w, https:\/\/www.celttv.com.ar\/wp-content\/uploads\/2022\/09\/IMG_8967-Medium-750x500.jpg 750w, https:\/\/www.celttv.com.ar\/wp-content\/uploads\/2022\/09\/IMG_8967-Medium-1140x760.jpg 1140w, https:\/\/www.celttv.com.ar\/wp-content\/uploads\/2022\/09\/IMG_8967-Medium.jpg 1152w\" sizes=\"auto, (max-width: 300px) 100vw, 300px\" \/> <img loading=\"lazy\" decoding=\"async\" class=\"alignnone size-medium wp-image-69697\" src=\"http:\/\/www.celttv.com.ar\/wp-content\/uploads\/2022\/09\/IMG_8968-Medium-300x200.jpg\" alt=\"\" width=\"300\" height=\"200\" srcset=\"https:\/\/www.celttv.com.ar\/wp-content\/uploads\/2022\/09\/IMG_8968-Medium-300x200.jpg 300w, https:\/\/www.celttv.com.ar\/wp-content\/uploads\/2022\/09\/IMG_8968-Medium-1024x683.jpg 1024w, https:\/\/www.celttv.com.ar\/wp-content\/uploads\/2022\/09\/IMG_8968-Medium-768x512.jpg 768w, https:\/\/www.celttv.com.ar\/wp-content\/uploads\/2022\/09\/IMG_8968-Medium-750x500.jpg 750w, https:\/\/www.celttv.com.ar\/wp-content\/uploads\/2022\/09\/IMG_8968-Medium-1140x760.jpg 1140w, https:\/\/www.celttv.com.ar\/wp-content\/uploads\/2022\/09\/IMG_8968-Medium.jpg 1152w\" sizes=\"auto, (max-width: 300px) 100vw, 300px\" \/> <img loading=\"lazy\" decoding=\"async\" class=\"alignnone size-medium wp-image-69698\" src=\"http:\/\/www.celttv.com.ar\/wp-content\/uploads\/2022\/09\/IMG_8969-Medium-300x200.jpg\" alt=\"\" width=\"300\" height=\"200\" srcset=\"https:\/\/www.celttv.com.ar\/wp-content\/uploads\/2022\/09\/IMG_8969-Medium-300x200.jpg 300w, https:\/\/www.celttv.com.ar\/wp-content\/uploads\/2022\/09\/IMG_8969-Medium-1024x683.jpg 1024w, https:\/\/www.celttv.com.ar\/wp-content\/uploads\/2022\/09\/IMG_8969-Medium-768x512.jpg 768w, https:\/\/www.celttv.com.ar\/wp-content\/uploads\/2022\/09\/IMG_8969-Medium-750x500.jpg 750w, https:\/\/www.celttv.com.ar\/wp-content\/uploads\/2022\/09\/IMG_8969-Medium-1140x760.jpg 1140w, https:\/\/www.celttv.com.ar\/wp-content\/uploads\/2022\/09\/IMG_8969-Medium.jpg 1152w\" sizes=\"auto, (max-width: 300px) 100vw, 300px\" \/> <img loading=\"lazy\" decoding=\"async\" class=\"alignnone size-medium wp-image-69699\" src=\"http:\/\/www.celttv.com.ar\/wp-content\/uploads\/2022\/09\/IMG_8970-Medium-300x200.jpg\" alt=\"\" width=\"300\" height=\"200\" srcset=\"https:\/\/www.celttv.com.ar\/wp-content\/uploads\/2022\/09\/IMG_8970-Medium-300x200.jpg 300w, https:\/\/www.celttv.com.ar\/wp-content\/uploads\/2022\/09\/IMG_8970-Medium-1024x683.jpg 1024w, https:\/\/www.celttv.com.ar\/wp-content\/uploads\/2022\/09\/IMG_8970-Medium-768x512.jpg 768w, https:\/\/www.celttv.com.ar\/wp-content\/uploads\/2022\/09\/IMG_8970-Medium-750x500.jpg 750w, https:\/\/www.celttv.com.ar\/wp-content\/uploads\/2022\/09\/IMG_8970-Medium-1140x760.jpg 1140w, https:\/\/www.celttv.com.ar\/wp-content\/uploads\/2022\/09\/IMG_8970-Medium.jpg 1152w\" sizes=\"auto, (max-width: 300px) 100vw, 300px\" \/> <img loading=\"lazy\" decoding=\"async\" class=\"alignnone size-medium wp-image-69700\" src=\"http:\/\/www.celttv.com.ar\/wp-content\/uploads\/2022\/09\/IMG_8971-Medium-300x200.jpg\" alt=\"\" width=\"300\" height=\"200\" srcset=\"https:\/\/www.celttv.com.ar\/wp-content\/uploads\/2022\/09\/IMG_8971-Medium-300x200.jpg 300w, https:\/\/www.celttv.com.ar\/wp-content\/uploads\/2022\/09\/IMG_8971-Medium-1024x683.jpg 1024w, https:\/\/www.celttv.com.ar\/wp-content\/uploads\/2022\/09\/IMG_8971-Medium-768x512.jpg 768w, https:\/\/www.celttv.com.ar\/wp-content\/uploads\/2022\/09\/IMG_8971-Medium-750x500.jpg 750w, https:\/\/www.celttv.com.ar\/wp-content\/uploads\/2022\/09\/IMG_8971-Medium-1140x760.jpg 1140w, https:\/\/www.celttv.com.ar\/wp-content\/uploads\/2022\/09\/IMG_8971-Medium.jpg 1152w\" sizes=\"auto, (max-width: 300px) 100vw, 300px\" \/> <img loading=\"lazy\" decoding=\"async\" class=\"alignnone size-medium wp-image-69701\" src=\"http:\/\/www.celttv.com.ar\/wp-content\/uploads\/2022\/09\/IMG_8972-Medium-300x200.jpg\" alt=\"\" width=\"300\" height=\"200\" srcset=\"https:\/\/www.celttv.com.ar\/wp-content\/uploads\/2022\/09\/IMG_8972-Medium-300x200.jpg 300w, https:\/\/www.celttv.com.ar\/wp-content\/uploads\/2022\/09\/IMG_8972-Medium-1024x683.jpg 1024w, https:\/\/www.celttv.com.ar\/wp-content\/uploads\/2022\/09\/IMG_8972-Medium-768x512.jpg 768w, https:\/\/www.celttv.com.ar\/wp-content\/uploads\/2022\/09\/IMG_8972-Medium-750x500.jpg 750w, https:\/\/www.celttv.com.ar\/wp-content\/uploads\/2022\/09\/IMG_8972-Medium-1140x760.jpg 1140w, https:\/\/www.celttv.com.ar\/wp-content\/uploads\/2022\/09\/IMG_8972-Medium.jpg 1152w\" sizes=\"auto, (max-width: 300px) 100vw, 300px\" \/> <img loading=\"lazy\" decoding=\"async\" class=\"alignnone size-medium wp-image-69702\" src=\"http:\/\/www.celttv.com.ar\/wp-content\/uploads\/2022\/09\/IMG_8973-Medium-300x200.jpg\" alt=\"\" width=\"300\" height=\"200\" srcset=\"https:\/\/www.celttv.com.ar\/wp-content\/uploads\/2022\/09\/IMG_8973-Medium-300x200.jpg 300w, https:\/\/www.celttv.com.ar\/wp-content\/uploads\/2022\/09\/IMG_8973-Medium-1024x683.jpg 1024w, https:\/\/www.celttv.com.ar\/wp-content\/uploads\/2022\/09\/IMG_8973-Medium-768x512.jpg 768w, https:\/\/www.celttv.com.ar\/wp-content\/uploads\/2022\/09\/IMG_8973-Medium-750x500.jpg 750w, https:\/\/www.celttv.com.ar\/wp-content\/uploads\/2022\/09\/IMG_8973-Medium-1140x760.jpg 1140w, https:\/\/www.celttv.com.ar\/wp-content\/uploads\/2022\/09\/IMG_8973-Medium.jpg 1152w\" sizes=\"auto, (max-width: 300px) 100vw, 300px\" \/> <img loading=\"lazy\" decoding=\"async\" class=\"alignnone size-medium wp-image-69703\" src=\"http:\/\/www.celttv.com.ar\/wp-content\/uploads\/2022\/09\/IMG_8974-Medium-300x200.jpg\" alt=\"\" width=\"300\" height=\"200\" srcset=\"https:\/\/www.celttv.com.ar\/wp-content\/uploads\/2022\/09\/IMG_8974-Medium-300x200.jpg 300w, https:\/\/www.celttv.com.ar\/wp-content\/uploads\/2022\/09\/IMG_8974-Medium-1024x683.jpg 1024w, https:\/\/www.celttv.com.ar\/wp-content\/uploads\/2022\/09\/IMG_8974-Medium-768x512.jpg 768w, https:\/\/www.celttv.com.ar\/wp-content\/uploads\/2022\/09\/IMG_8974-Medium-750x500.jpg 750w, https:\/\/www.celttv.com.ar\/wp-content\/uploads\/2022\/09\/IMG_8974-Medium-1140x760.jpg 1140w, https:\/\/www.celttv.com.ar\/wp-content\/uploads\/2022\/09\/IMG_8974-Medium.jpg 1152w\" sizes=\"auto, (max-width: 300px) 100vw, 300px\" \/> <img loading=\"lazy\" decoding=\"async\" class=\"alignnone size-medium wp-image-69704\" src=\"http:\/\/www.celttv.com.ar\/wp-content\/uploads\/2022\/09\/IMG_8975-Medium-300x200.jpg\" alt=\"\" width=\"300\" height=\"200\" srcset=\"https:\/\/www.celttv.com.ar\/wp-content\/uploads\/2022\/09\/IMG_8975-Medium-300x200.jpg 300w, https:\/\/www.celttv.com.ar\/wp-content\/uploads\/2022\/09\/IMG_8975-Medium-1024x683.jpg 1024w, https:\/\/www.celttv.com.ar\/wp-content\/uploads\/2022\/09\/IMG_8975-Medium-768x512.jpg 768w, https:\/\/www.celttv.com.ar\/wp-content\/uploads\/2022\/09\/IMG_8975-Medium-750x500.jpg 750w, https:\/\/www.celttv.com.ar\/wp-content\/uploads\/2022\/09\/IMG_8975-Medium-1140x760.jpg 1140w, https:\/\/www.celttv.com.ar\/wp-content\/uploads\/2022\/09\/IMG_8975-Medium.jpg 1152w\" sizes=\"auto, (max-width: 300px) 100vw, 300px\" \/> <img loading=\"lazy\" decoding=\"async\" class=\"alignnone size-medium wp-image-69705\" src=\"http:\/\/www.celttv.com.ar\/wp-content\/uploads\/2022\/09\/IMG_8976-Medium-300x200.jpg\" alt=\"\" width=\"300\" height=\"200\" srcset=\"https:\/\/www.celttv.com.ar\/wp-content\/uploads\/2022\/09\/IMG_8976-Medium-300x200.jpg 300w, https:\/\/www.celttv.com.ar\/wp-content\/uploads\/2022\/09\/IMG_8976-Medium-1024x683.jpg 1024w, https:\/\/www.celttv.com.ar\/wp-content\/uploads\/2022\/09\/IMG_8976-Medium-768x512.jpg 768w, https:\/\/www.celttv.com.ar\/wp-content\/uploads\/2022\/09\/IMG_8976-Medium-750x500.jpg 750w, https:\/\/www.celttv.com.ar\/wp-content\/uploads\/2022\/09\/IMG_8976-Medium-1140x760.jpg 1140w, https:\/\/www.celttv.com.ar\/wp-content\/uploads\/2022\/09\/IMG_8976-Medium.jpg 1152w\" sizes=\"auto, (max-width: 300px) 100vw, 300px\" \/> <img loading=\"lazy\" decoding=\"async\" class=\"alignnone size-medium wp-image-69706\" src=\"http:\/\/www.celttv.com.ar\/wp-content\/uploads\/2022\/09\/IMG_8977-Medium-300x200.jpg\" alt=\"\" width=\"300\" height=\"200\" srcset=\"https:\/\/www.celttv.com.ar\/wp-content\/uploads\/2022\/09\/IMG_8977-Medium-300x200.jpg 300w, https:\/\/www.celttv.com.ar\/wp-content\/uploads\/2022\/09\/IMG_8977-Medium-1024x683.jpg 1024w, https:\/\/www.celttv.com.ar\/wp-content\/uploads\/2022\/09\/IMG_8977-Medium-768x512.jpg 768w, https:\/\/www.celttv.com.ar\/wp-content\/uploads\/2022\/09\/IMG_8977-Medium-750x500.jpg 750w, https:\/\/www.celttv.com.ar\/wp-content\/uploads\/2022\/09\/IMG_8977-Medium-1140x760.jpg 1140w, https:\/\/www.celttv.com.ar\/wp-content\/uploads\/2022\/09\/IMG_8977-Medium.jpg 1152w\" sizes=\"auto, (max-width: 300px) 100vw, 300px\" \/> <img loading=\"lazy\" decoding=\"async\" class=\"alignnone size-medium wp-image-69707\" src=\"http:\/\/www.celttv.com.ar\/wp-content\/uploads\/2022\/09\/IMG_8978-Medium-300x200.jpg\" alt=\"\" width=\"300\" height=\"200\" srcset=\"https:\/\/www.celttv.com.ar\/wp-content\/uploads\/2022\/09\/IMG_8978-Medium-300x200.jpg 300w, https:\/\/www.celttv.com.ar\/wp-content\/uploads\/2022\/09\/IMG_8978-Medium-1024x683.jpg 1024w, https:\/\/www.celttv.com.ar\/wp-content\/uploads\/2022\/09\/IMG_8978-Medium-768x512.jpg 768w, https:\/\/www.celttv.com.ar\/wp-content\/uploads\/2022\/09\/IMG_8978-Medium-750x500.jpg 750w, https:\/\/www.celttv.com.ar\/wp-content\/uploads\/2022\/09\/IMG_8978-Medium-1140x760.jpg 1140w, https:\/\/www.celttv.com.ar\/wp-content\/uploads\/2022\/09\/IMG_8978-Medium.jpg 1152w\" sizes=\"auto, (max-width: 300px) 100vw, 300px\" \/> <img loading=\"lazy\" decoding=\"async\" class=\"alignnone size-medium wp-image-69708\" src=\"http:\/\/www.celttv.com.ar\/wp-content\/uploads\/2022\/09\/IMG_8979-Medium-300x200.jpg\" alt=\"\" width=\"300\" height=\"200\" srcset=\"https:\/\/www.celttv.com.ar\/wp-content\/uploads\/2022\/09\/IMG_8979-Medium-300x200.jpg 300w, https:\/\/www.celttv.com.ar\/wp-content\/uploads\/2022\/09\/IMG_8979-Medium-1024x683.jpg 1024w, https:\/\/www.celttv.com.ar\/wp-content\/uploads\/2022\/09\/IMG_8979-Medium-768x512.jpg 768w, https:\/\/www.celttv.com.ar\/wp-content\/uploads\/2022\/09\/IMG_8979-Medium-750x500.jpg 750w, https:\/\/www.celttv.com.ar\/wp-content\/uploads\/2022\/09\/IMG_8979-Medium-1140x760.jpg 1140w, https:\/\/www.celttv.com.ar\/wp-content\/uploads\/2022\/09\/IMG_8979-Medium.jpg 1152w\" sizes=\"auto, (max-width: 300px) 100vw, 300px\" \/> <img loading=\"lazy\" decoding=\"async\" class=\"alignnone size-medium wp-image-69709\" src=\"http:\/\/www.celttv.com.ar\/wp-content\/uploads\/2022\/09\/IMG_8980-Medium-300x200.jpg\" alt=\"\" width=\"300\" height=\"200\" srcset=\"https:\/\/www.celttv.com.ar\/wp-content\/uploads\/2022\/09\/IMG_8980-Medium-300x200.jpg 300w, https:\/\/www.celttv.com.ar\/wp-content\/uploads\/2022\/09\/IMG_8980-Medium-1024x683.jpg 1024w, https:\/\/www.celttv.com.ar\/wp-content\/uploads\/2022\/09\/IMG_8980-Medium-768x512.jpg 768w, https:\/\/www.celttv.com.ar\/wp-content\/uploads\/2022\/09\/IMG_8980-Medium-750x500.jpg 750w, https:\/\/www.celttv.com.ar\/wp-content\/uploads\/2022\/09\/IMG_8980-Medium-1140x760.jpg 1140w, https:\/\/www.celttv.com.ar\/wp-content\/uploads\/2022\/09\/IMG_8980-Medium.jpg 1152w\" sizes=\"auto, (max-width: 300px) 100vw, 300px\" \/> <img loading=\"lazy\" decoding=\"async\" class=\"alignnone size-medium wp-image-69710\" src=\"http:\/\/www.celttv.com.ar\/wp-content\/uploads\/2022\/09\/IMG_8981-Medium-300x200.jpg\" alt=\"\" width=\"300\" height=\"200\" srcset=\"https:\/\/www.celttv.com.ar\/wp-content\/uploads\/2022\/09\/IMG_8981-Medium-300x200.jpg 300w, https:\/\/www.celttv.com.ar\/wp-content\/uploads\/2022\/09\/IMG_8981-Medium-1024x683.jpg 1024w, https:\/\/www.celttv.com.ar\/wp-content\/uploads\/2022\/09\/IMG_8981-Medium-768x512.jpg 768w, https:\/\/www.celttv.com.ar\/wp-content\/uploads\/2022\/09\/IMG_8981-Medium-750x500.jpg 750w, https:\/\/www.celttv.com.ar\/wp-content\/uploads\/2022\/09\/IMG_8981-Medium-1140x760.jpg 1140w, https:\/\/www.celttv.com.ar\/wp-content\/uploads\/2022\/09\/IMG_8981-Medium.jpg 1152w\" sizes=\"auto, (max-width: 300px) 100vw, 300px\" \/> <img loading=\"lazy\" decoding=\"async\" class=\"alignnone size-medium wp-image-69711\" src=\"http:\/\/www.celttv.com.ar\/wp-content\/uploads\/2022\/09\/IMG_8982-Medium-300x200.jpg\" alt=\"\" width=\"300\" height=\"200\" srcset=\"https:\/\/www.celttv.com.ar\/wp-content\/uploads\/2022\/09\/IMG_8982-Medium-300x200.jpg 300w, https:\/\/www.celttv.com.ar\/wp-content\/uploads\/2022\/09\/IMG_8982-Medium-1024x683.jpg 1024w, https:\/\/www.celttv.com.ar\/wp-content\/uploads\/2022\/09\/IMG_8982-Medium-768x512.jpg 768w, https:\/\/www.celttv.com.ar\/wp-content\/uploads\/2022\/09\/IMG_8982-Medium-750x500.jpg 750w, https:\/\/www.celttv.com.ar\/wp-content\/uploads\/2022\/09\/IMG_8982-Medium-1140x760.jpg 1140w, https:\/\/www.celttv.com.ar\/wp-content\/uploads\/2022\/09\/IMG_8982-Medium.jpg 1152w\" sizes=\"auto, (max-width: 300px) 100vw, 300px\" \/> <img loading=\"lazy\" decoding=\"async\" class=\"alignnone size-medium wp-image-69712\" src=\"http:\/\/www.celttv.com.ar\/wp-content\/uploads\/2022\/09\/IMG_8983-Medium-300x200.jpg\" alt=\"\" width=\"300\" height=\"200\" srcset=\"https:\/\/www.celttv.com.ar\/wp-content\/uploads\/2022\/09\/IMG_8983-Medium-300x200.jpg 300w, https:\/\/www.celttv.com.ar\/wp-content\/uploads\/2022\/09\/IMG_8983-Medium-1024x683.jpg 1024w, https:\/\/www.celttv.com.ar\/wp-content\/uploads\/2022\/09\/IMG_8983-Medium-768x512.jpg 768w, https:\/\/www.celttv.com.ar\/wp-content\/uploads\/2022\/09\/IMG_8983-Medium-750x500.jpg 750w, https:\/\/www.celttv.com.ar\/wp-content\/uploads\/2022\/09\/IMG_8983-Medium-1140x760.jpg 1140w, https:\/\/www.celttv.com.ar\/wp-content\/uploads\/2022\/09\/IMG_8983-Medium.jpg 1152w\" sizes=\"auto, (max-width: 300px) 100vw, 300px\" \/> <img loading=\"lazy\" decoding=\"async\" class=\"alignnone size-medium wp-image-69713\" src=\"http:\/\/www.celttv.com.ar\/wp-content\/uploads\/2022\/09\/IMG_8984-Medium-300x200.jpg\" alt=\"\" width=\"300\" height=\"200\" srcset=\"https:\/\/www.celttv.com.ar\/wp-content\/uploads\/2022\/09\/IMG_8984-Medium-300x200.jpg 300w, https:\/\/www.celttv.com.ar\/wp-content\/uploads\/2022\/09\/IMG_8984-Medium-1024x683.jpg 1024w, https:\/\/www.celttv.com.ar\/wp-content\/uploads\/2022\/09\/IMG_8984-Medium-768x512.jpg 768w, https:\/\/www.celttv.com.ar\/wp-content\/uploads\/2022\/09\/IMG_8984-Medium-750x500.jpg 750w, https:\/\/www.celttv.com.ar\/wp-content\/uploads\/2022\/09\/IMG_8984-Medium-1140x760.jpg 1140w, https:\/\/www.celttv.com.ar\/wp-content\/uploads\/2022\/09\/IMG_8984-Medium.jpg 1152w\" sizes=\"auto, (max-width: 300px) 100vw, 300px\" \/> <img loading=\"lazy\" decoding=\"async\" class=\"alignnone size-medium wp-image-69714\" src=\"http:\/\/www.celttv.com.ar\/wp-content\/uploads\/2022\/09\/IMG_8985-Medium-300x200.jpg\" alt=\"\" width=\"300\" height=\"200\" srcset=\"https:\/\/www.celttv.com.ar\/wp-content\/uploads\/2022\/09\/IMG_8985-Medium-300x200.jpg 300w, https:\/\/www.celttv.com.ar\/wp-content\/uploads\/2022\/09\/IMG_8985-Medium-1024x683.jpg 1024w, https:\/\/www.celttv.com.ar\/wp-content\/uploads\/2022\/09\/IMG_8985-Medium-768x512.jpg 768w, https:\/\/www.celttv.com.ar\/wp-content\/uploads\/2022\/09\/IMG_8985-Medium-750x500.jpg 750w, https:\/\/www.celttv.com.ar\/wp-content\/uploads\/2022\/09\/IMG_8985-Medium-1140x760.jpg 1140w, https:\/\/www.celttv.com.ar\/wp-content\/uploads\/2022\/09\/IMG_8985-Medium.jpg 1152w\" sizes=\"auto, (max-width: 300px) 100vw, 300px\" \/> <img loading=\"lazy\" decoding=\"async\" class=\"alignnone size-medium wp-image-69715\" src=\"http:\/\/www.celttv.com.ar\/wp-content\/uploads\/2022\/09\/IMG_8986-Medium-300x200.jpg\" alt=\"\" width=\"300\" height=\"200\" srcset=\"https:\/\/www.celttv.com.ar\/wp-content\/uploads\/2022\/09\/IMG_8986-Medium-300x200.jpg 300w, https:\/\/www.celttv.com.ar\/wp-content\/uploads\/2022\/09\/IMG_8986-Medium-1024x683.jpg 1024w, https:\/\/www.celttv.com.ar\/wp-content\/uploads\/2022\/09\/IMG_8986-Medium-768x512.jpg 768w, https:\/\/www.celttv.com.ar\/wp-content\/uploads\/2022\/09\/IMG_8986-Medium-750x500.jpg 750w, https:\/\/www.celttv.com.ar\/wp-content\/uploads\/2022\/09\/IMG_8986-Medium-1140x760.jpg 1140w, https:\/\/www.celttv.com.ar\/wp-content\/uploads\/2022\/09\/IMG_8986-Medium.jpg 1152w\" sizes=\"auto, (max-width: 300px) 100vw, 300px\" \/><\/p>\n<p>&nbsp;<\/p>\n<p>&nbsp;<\/p>\n","protected":false},"excerpt":{"rendered":"<p>Con varias actividades realizadas en sus instalaciones y que tuvo distintos condimentos, el Centro de Jubilados y Pensionados de Tornquist celebr\u00f3 \u00e9ste domingo\u00a0 &#8220;El D\u00eda del Jubilado&#8221;, que originalmente se festeja cada 20 de septiembre, como hace 118 a\u00f1os en la presidencia de Julio Argentino Roca. Grupo Consecuencia, Carlos Porsel y la Escuela Folkl\u00f3rica fueron [&hellip;]<\/p>\n","protected":false},"author":5,"featured_media":69710,"comment_status":"closed","ping_status":"closed","sticky":false,"template":"","format":"standard","meta":{"footnotes":""},"categories":[51,52,56],"tags":[391],"class_list":["post-69691","post","type-post","status-publish","format-standard","has-post-thumbnail","hentry","category-comunidad","category-destacadas","category-espectaculos","tag-dia-del-jubilado-con-musica-y-baile-mostraron-que-estan-cada-dia-mas-activos-fotos-y-videos"],"yoast_head":"<!-- This site is optimized with the Yoast SEO plugin v19.7.1 - https:\/\/yoast.com\/wordpress\/plugins\/seo\/ -->\n<title>&quot;D\u00eda del Jubilado&quot; Con m\u00fasica y baile mostraron que est\u00e1n cada d\u00eda m\u00e1s activos (fotos y videos) - CELTTV<\/title>\n<meta name=\"description\" content=\"Sitio web de noticias de la localidad de Tornquist, provincia de Buenos Aires, Rep\u00fablica Argentina. Contenido propio originado por periodistas de CELTTV, el canal de TV local de la Cooperativa El\u00e9ctrica de Tornquist. Turismo, Pol\u00edtica, Sociedad, Deporte, Cultura y todo el contenido de inter\u00e9s general que la gente del pueblo y la regi\u00f3n debe conocer.\" \/>\n<meta name=\"robots\" content=\"index, follow, max-snippet:-1, max-image-preview:large, max-video-preview:-1\" \/>\n<link rel=\"canonical\" href=\"https:\/\/www.celttv.com.ar\/index.php\/2022\/09\/25\/dia-del-jubilado-con-musica-y-baile-mostraron-que-estan-cada-dia-mas-activos-fotos-y-videos\/\" \/>\n<meta property=\"og:locale\" content=\"es_ES\" \/>\n<meta property=\"og:type\" content=\"article\" \/>\n<meta property=\"og:title\" content=\"&quot;D\u00eda del Jubilado&quot; Con m\u00fasica y baile mostraron que est\u00e1n cada d\u00eda m\u00e1s activos (fotos y videos) - CELTTV\" \/>\n<meta property=\"og:description\" content=\"Sitio web de noticias de la localidad de Tornquist, provincia de Buenos Aires, Rep\u00fablica Argentina. Contenido propio originado por periodistas de CELTTV, el canal de TV local de la Cooperativa El\u00e9ctrica de Tornquist. Turismo, Pol\u00edtica, Sociedad, Deporte, Cultura y todo el contenido de inter\u00e9s general que la gente del pueblo y la regi\u00f3n debe conocer.\" \/>\n<meta property=\"og:url\" content=\"https:\/\/www.celttv.com.ar\/index.php\/2022\/09\/25\/dia-del-jubilado-con-musica-y-baile-mostraron-que-estan-cada-dia-mas-activos-fotos-y-videos\/\" \/>\n<meta property=\"og:site_name\" content=\"CELTTV\" \/>\n<meta property=\"article:publisher\" content=\"https:\/\/www.facebook.com\/celtTV\/\" \/>\n<meta property=\"article:published_time\" content=\"2022-09-25T21:59:16+00:00\" \/>\n<meta property=\"article:modified_time\" content=\"2022-09-25T22:02:27+00:00\" \/>\n<meta property=\"og:image\" content=\"https:\/\/www.celttv.com.ar\/wp-content\/uploads\/2022\/09\/IMG_8981-Medium.jpg\" \/>\n\t<meta property=\"og:image:width\" content=\"1152\" \/>\n\t<meta property=\"og:image:height\" content=\"768\" \/>\n\t<meta property=\"og:image:type\" content=\"image\/jpeg\" \/>\n<meta name=\"author\" content=\"Miguel Herrada\" \/>\n<meta name=\"twitter:card\" content=\"summary_large_image\" \/>\n<meta name=\"twitter:label1\" content=\"Escrito por\" \/>\n\t<meta name=\"twitter:data1\" content=\"Miguel Herrada\" \/>\n\t<meta name=\"twitter:label2\" content=\"Tiempo de lectura\" \/>\n\t<meta name=\"twitter:data2\" content=\"1 minuto\" \/>\n<script type=\"application\/ld+json\" class=\"yoast-schema-graph\">{\"@context\":\"https:\/\/schema.org\",\"@graph\":[{\"@type\":\"NewsArticle\",\"@id\":\"https:\/\/www.celttv.com.ar\/index.php\/2022\/09\/25\/dia-del-jubilado-con-musica-y-baile-mostraron-que-estan-cada-dia-mas-activos-fotos-y-videos\/#article\",\"isPartOf\":{\"@id\":\"https:\/\/www.celttv.com.ar\/index.php\/2022\/09\/25\/dia-del-jubilado-con-musica-y-baile-mostraron-que-estan-cada-dia-mas-activos-fotos-y-videos\/\"},\"author\":{\"name\":\"Miguel Herrada\",\"@id\":\"https:\/\/www.celttv.com.ar\/#\/schema\/person\/9059dc91dc7204ef4182cdb65225f07d\"},\"headline\":\"&#8220;D\u00eda del Jubilado&#8221; Con m\u00fasica y baile mostraron que est\u00e1n cada d\u00eda m\u00e1s activos (fotos y videos)\",\"datePublished\":\"2022-09-25T21:59:16+00:00\",\"dateModified\":\"2022-09-25T22:02:27+00:00\",\"mainEntityOfPage\":{\"@id\":\"https:\/\/www.celttv.com.ar\/index.php\/2022\/09\/25\/dia-del-jubilado-con-musica-y-baile-mostraron-que-estan-cada-dia-mas-activos-fotos-y-videos\/\"},\"wordCount\":130,\"publisher\":{\"@id\":\"https:\/\/www.celttv.com.ar\/#organization\"},\"keywords\":[\"\\\"D\u00eda del Jubilado\\\" Con m\u00fasica y baile mostraron que est\u00e1n cada d\u00eda m\u00e1s activos (fotos y videos)\"],\"articleSection\":[\"Comunidad\",\"Destacadas\",\"Espect\u00e1culos\"],\"inLanguage\":\"es\"},{\"@type\":\"WebPage\",\"@id\":\"https:\/\/www.celttv.com.ar\/index.php\/2022\/09\/25\/dia-del-jubilado-con-musica-y-baile-mostraron-que-estan-cada-dia-mas-activos-fotos-y-videos\/\",\"url\":\"https:\/\/www.celttv.com.ar\/index.php\/2022\/09\/25\/dia-del-jubilado-con-musica-y-baile-mostraron-que-estan-cada-dia-mas-activos-fotos-y-videos\/\",\"name\":\"\\\"D\u00eda del Jubilado\\\" Con m\u00fasica y baile mostraron que est\u00e1n cada d\u00eda m\u00e1s activos (fotos y videos) - CELTTV\",\"isPartOf\":{\"@id\":\"https:\/\/www.celttv.com.ar\/#website\"},\"datePublished\":\"2022-09-25T21:59:16+00:00\",\"dateModified\":\"2022-09-25T22:02:27+00:00\",\"description\":\"Sitio web de noticias de la localidad de Tornquist, provincia de Buenos Aires, Rep\u00fablica Argentina. Contenido propio originado por periodistas de CELTTV, el canal de TV local de la Cooperativa El\u00e9ctrica de Tornquist. Turismo, Pol\u00edtica, Sociedad, Deporte, Cultura y todo el contenido de inter\u00e9s general que la gente del pueblo y la regi\u00f3n debe conocer.\",\"breadcrumb\":{\"@id\":\"https:\/\/www.celttv.com.ar\/index.php\/2022\/09\/25\/dia-del-jubilado-con-musica-y-baile-mostraron-que-estan-cada-dia-mas-activos-fotos-y-videos\/#breadcrumb\"},\"inLanguage\":\"es\",\"potentialAction\":[{\"@type\":\"ReadAction\",\"target\":[\"https:\/\/www.celttv.com.ar\/index.php\/2022\/09\/25\/dia-del-jubilado-con-musica-y-baile-mostraron-que-estan-cada-dia-mas-activos-fotos-y-videos\/\"]}]},{\"@type\":\"BreadcrumbList\",\"@id\":\"https:\/\/www.celttv.com.ar\/index.php\/2022\/09\/25\/dia-del-jubilado-con-musica-y-baile-mostraron-que-estan-cada-dia-mas-activos-fotos-y-videos\/#breadcrumb\",\"itemListElement\":[{\"@type\":\"ListItem\",\"position\":1,\"name\":\"Inicio\",\"item\":\"https:\/\/www.celttv.com.ar\/\"},{\"@type\":\"ListItem\",\"position\":2,\"name\":\"&#8220;D\u00eda del Jubilado&#8221; Con m\u00fasica y baile mostraron que est\u00e1n cada d\u00eda m\u00e1s activos (fotos y videos)\"}]},{\"@type\":\"WebSite\",\"@id\":\"https:\/\/www.celttv.com.ar\/#website\",\"url\":\"https:\/\/www.celttv.com.ar\/\",\"name\":\"CELTTV\",\"description\":\"Cooperativa El\u00e9ctrica de Tornquist\",\"publisher\":{\"@id\":\"https:\/\/www.celttv.com.ar\/#organization\"},\"potentialAction\":[{\"@type\":\"SearchAction\",\"target\":{\"@type\":\"EntryPoint\",\"urlTemplate\":\"https:\/\/www.celttv.com.ar\/?s={search_term_string}\"},\"query-input\":\"required name=search_term_string\"}],\"inLanguage\":\"es\"},{\"@type\":\"Organization\",\"@id\":\"https:\/\/www.celttv.com.ar\/#organization\",\"name\":\"CELTTV\",\"url\":\"https:\/\/www.celttv.com.ar\/\",\"sameAs\":[\"https:\/\/www.youtube.com\/channel\/UCz_oIt8Hig64Ub-EmcNPIhg\",\"https:\/\/www.facebook.com\/celtTV\/\"],\"logo\":{\"@type\":\"ImageObject\",\"inLanguage\":\"es\",\"@id\":\"https:\/\/www.celttv.com.ar\/#\/schema\/logo\/image\/\",\"url\":\"http:\/\/www.celttv.com.ar\/wp-content\/uploads\/2022\/08\/logo-1.png\",\"contentUrl\":\"http:\/\/www.celttv.com.ar\/wp-content\/uploads\/2022\/08\/logo-1.png\",\"width\":461,\"height\":159,\"caption\":\"CELTTV\"},\"image\":{\"@id\":\"https:\/\/www.celttv.com.ar\/#\/schema\/logo\/image\/\"}},{\"@type\":\"Person\",\"@id\":\"https:\/\/www.celttv.com.ar\/#\/schema\/person\/9059dc91dc7204ef4182cdb65225f07d\",\"name\":\"Miguel Herrada\",\"image\":{\"@type\":\"ImageObject\",\"inLanguage\":\"es\",\"@id\":\"https:\/\/www.celttv.com.ar\/#\/schema\/person\/image\/\",\"url\":\"https:\/\/secure.gravatar.com\/avatar\/67724d5b3c716623ffd76bec7e45841a442ac3b456e914dbba90b0fad2b8e0b1?s=96&d=mm&r=g\",\"contentUrl\":\"https:\/\/secure.gravatar.com\/avatar\/67724d5b3c716623ffd76bec7e45841a442ac3b456e914dbba90b0fad2b8e0b1?s=96&d=mm&r=g\",\"caption\":\"Miguel Herrada\"}}]}<\/script>\n<!-- \/ Yoast SEO plugin. -->","yoast_head_json":{"title":"\"D\u00eda del Jubilado\" Con m\u00fasica y baile mostraron que est\u00e1n cada d\u00eda m\u00e1s activos (fotos y videos) - CELTTV","description":"Sitio web de noticias de la localidad de Tornquist, provincia de Buenos Aires, Rep\u00fablica Argentina. Contenido propio originado por periodistas de CELTTV, el canal de TV local de la Cooperativa El\u00e9ctrica de Tornquist. Turismo, Pol\u00edtica, Sociedad, Deporte, Cultura y todo el contenido de inter\u00e9s general que la gente del pueblo y la regi\u00f3n debe conocer.","robots":{"index":"index","follow":"follow","max-snippet":"max-snippet:-1","max-image-preview":"max-image-preview:large","max-video-preview":"max-video-preview:-1"},"canonical":"https:\/\/www.celttv.com.ar\/index.php\/2022\/09\/25\/dia-del-jubilado-con-musica-y-baile-mostraron-que-estan-cada-dia-mas-activos-fotos-y-videos\/","og_locale":"es_ES","og_type":"article","og_title":"\"D\u00eda del Jubilado\" Con m\u00fasica y baile mostraron que est\u00e1n cada d\u00eda m\u00e1s activos (fotos y videos) - CELTTV","og_description":"Sitio web de noticias de la localidad de Tornquist, provincia de Buenos Aires, Rep\u00fablica Argentina. Contenido propio originado por periodistas de CELTTV, el canal de TV local de la Cooperativa El\u00e9ctrica de Tornquist. Turismo, Pol\u00edtica, Sociedad, Deporte, Cultura y todo el contenido de inter\u00e9s general que la gente del pueblo y la regi\u00f3n debe conocer.","og_url":"https:\/\/www.celttv.com.ar\/index.php\/2022\/09\/25\/dia-del-jubilado-con-musica-y-baile-mostraron-que-estan-cada-dia-mas-activos-fotos-y-videos\/","og_site_name":"CELTTV","article_publisher":"https:\/\/www.facebook.com\/celtTV\/","article_published_time":"2022-09-25T21:59:16+00:00","article_modified_time":"2022-09-25T22:02:27+00:00","og_image":[{"width":1152,"height":768,"url":"https:\/\/www.celttv.com.ar\/wp-content\/uploads\/2022\/09\/IMG_8981-Medium.jpg","type":"image\/jpeg"}],"author":"Miguel Herrada","twitter_card":"summary_large_image","twitter_misc":{"Escrito por":"Miguel Herrada","Tiempo de lectura":"1 minuto"},"schema":{"@context":"https:\/\/schema.org","@graph":[{"@type":"NewsArticle","@id":"https:\/\/www.celttv.com.ar\/index.php\/2022\/09\/25\/dia-del-jubilado-con-musica-y-baile-mostraron-que-estan-cada-dia-mas-activos-fotos-y-videos\/#article","isPartOf":{"@id":"https:\/\/www.celttv.com.ar\/index.php\/2022\/09\/25\/dia-del-jubilado-con-musica-y-baile-mostraron-que-estan-cada-dia-mas-activos-fotos-y-videos\/"},"author":{"name":"Miguel Herrada","@id":"https:\/\/www.celttv.com.ar\/#\/schema\/person\/9059dc91dc7204ef4182cdb65225f07d"},"headline":"&#8220;D\u00eda del Jubilado&#8221; Con m\u00fasica y baile mostraron que est\u00e1n cada d\u00eda m\u00e1s activos (fotos y videos)","datePublished":"2022-09-25T21:59:16+00:00","dateModified":"2022-09-25T22:02:27+00:00","mainEntityOfPage":{"@id":"https:\/\/www.celttv.com.ar\/index.php\/2022\/09\/25\/dia-del-jubilado-con-musica-y-baile-mostraron-que-estan-cada-dia-mas-activos-fotos-y-videos\/"},"wordCount":130,"publisher":{"@id":"https:\/\/www.celttv.com.ar\/#organization"},"keywords":["\"D\u00eda del Jubilado\" Con m\u00fasica y baile mostraron que est\u00e1n cada d\u00eda m\u00e1s activos (fotos y videos)"],"articleSection":["Comunidad","Destacadas","Espect\u00e1culos"],"inLanguage":"es"},{"@type":"WebPage","@id":"https:\/\/www.celttv.com.ar\/index.php\/2022\/09\/25\/dia-del-jubilado-con-musica-y-baile-mostraron-que-estan-cada-dia-mas-activos-fotos-y-videos\/","url":"https:\/\/www.celttv.com.ar\/index.php\/2022\/09\/25\/dia-del-jubilado-con-musica-y-baile-mostraron-que-estan-cada-dia-mas-activos-fotos-y-videos\/","name":"\"D\u00eda del Jubilado\" Con m\u00fasica y baile mostraron que est\u00e1n cada d\u00eda m\u00e1s activos (fotos y videos) - CELTTV","isPartOf":{"@id":"https:\/\/www.celttv.com.ar\/#website"},"datePublished":"2022-09-25T21:59:16+00:00","dateModified":"2022-09-25T22:02:27+00:00","description":"Sitio web de noticias de la localidad de Tornquist, provincia de Buenos Aires, Rep\u00fablica Argentina. Contenido propio originado por periodistas de CELTTV, el canal de TV local de la Cooperativa El\u00e9ctrica de Tornquist. Turismo, Pol\u00edtica, Sociedad, Deporte, Cultura y todo el contenido de inter\u00e9s general que la gente del pueblo y la regi\u00f3n debe conocer.","breadcrumb":{"@id":"https:\/\/www.celttv.com.ar\/index.php\/2022\/09\/25\/dia-del-jubilado-con-musica-y-baile-mostraron-que-estan-cada-dia-mas-activos-fotos-y-videos\/#breadcrumb"},"inLanguage":"es","potentialAction":[{"@type":"ReadAction","target":["https:\/\/www.celttv.com.ar\/index.php\/2022\/09\/25\/dia-del-jubilado-con-musica-y-baile-mostraron-que-estan-cada-dia-mas-activos-fotos-y-videos\/"]}]},{"@type":"BreadcrumbList","@id":"https:\/\/www.celttv.com.ar\/index.php\/2022\/09\/25\/dia-del-jubilado-con-musica-y-baile-mostraron-que-estan-cada-dia-mas-activos-fotos-y-videos\/#breadcrumb","itemListElement":[{"@type":"ListItem","position":1,"name":"Inicio","item":"https:\/\/www.celttv.com.ar\/"},{"@type":"ListItem","position":2,"name":"&#8220;D\u00eda del Jubilado&#8221; Con m\u00fasica y baile mostraron que est\u00e1n cada d\u00eda m\u00e1s activos (fotos y videos)"}]},{"@type":"WebSite","@id":"https:\/\/www.celttv.com.ar\/#website","url":"https:\/\/www.celttv.com.ar\/","name":"CELTTV","description":"Cooperativa El\u00e9ctrica de Tornquist","publisher":{"@id":"https:\/\/www.celttv.com.ar\/#organization"},"potentialAction":[{"@type":"SearchAction","target":{"@type":"EntryPoint","urlTemplate":"https:\/\/www.celttv.com.ar\/?s={search_term_string}"},"query-input":"required name=search_term_string"}],"inLanguage":"es"},{"@type":"Organization","@id":"https:\/\/www.celttv.com.ar\/#organization","name":"CELTTV","url":"https:\/\/www.celttv.com.ar\/","sameAs":["https:\/\/www.youtube.com\/channel\/UCz_oIt8Hig64Ub-EmcNPIhg","https:\/\/www.facebook.com\/celtTV\/"],"logo":{"@type":"ImageObject","inLanguage":"es","@id":"https:\/\/www.celttv.com.ar\/#\/schema\/logo\/image\/","url":"http:\/\/www.celttv.com.ar\/wp-content\/uploads\/2022\/08\/logo-1.png","contentUrl":"http:\/\/www.celttv.com.ar\/wp-content\/uploads\/2022\/08\/logo-1.png","width":461,"height":159,"caption":"CELTTV"},"image":{"@id":"https:\/\/www.celttv.com.ar\/#\/schema\/logo\/image\/"}},{"@type":"Person","@id":"https:\/\/www.celttv.com.ar\/#\/schema\/person\/9059dc91dc7204ef4182cdb65225f07d","name":"Miguel Herrada","image":{"@type":"ImageObject","inLanguage":"es","@id":"https:\/\/www.celttv.com.ar\/#\/schema\/person\/image\/","url":"https:\/\/secure.gravatar.com\/avatar\/67724d5b3c716623ffd76bec7e45841a442ac3b456e914dbba90b0fad2b8e0b1?s=96&d=mm&r=g","contentUrl":"https:\/\/secure.gravatar.com\/avatar\/67724d5b3c716623ffd76bec7e45841a442ac3b456e914dbba90b0fad2b8e0b1?s=96&d=mm&r=g","caption":"Miguel Herrada"}}]}},"_links":{"self":[{"href":"https:\/\/www.celttv.com.ar\/index.php\/wp-json\/wp\/v2\/posts\/69691","targetHints":{"allow":["GET"]}}],"collection":[{"href":"https:\/\/www.celttv.com.ar\/index.php\/wp-json\/wp\/v2\/posts"}],"about":[{"href":"https:\/\/www.celttv.com.ar\/index.php\/wp-json\/wp\/v2\/types\/post"}],"author":[{"embeddable":true,"href":"https:\/\/www.celttv.com.ar\/index.php\/wp-json\/wp\/v2\/users\/5"}],"replies":[{"embeddable":true,"href":"https:\/\/www.celttv.com.ar\/index.php\/wp-json\/wp\/v2\/comments?post=69691"}],"version-history":[{"count":4,"href":"https:\/\/www.celttv.com.ar\/index.php\/wp-json\/wp\/v2\/posts\/69691\/revisions"}],"predecessor-version":[{"id":69719,"href":"https:\/\/www.celttv.com.ar\/index.php\/wp-json\/wp\/v2\/posts\/69691\/revisions\/69719"}],"wp:featuredmedia":[{"embeddable":true,"href":"https:\/\/www.celttv.com.ar\/index.php\/wp-json\/wp\/v2\/media\/69710"}],"wp:attachment":[{"href":"https:\/\/www.celttv.com.ar\/index.php\/wp-json\/wp\/v2\/media?parent=69691"}],"wp:term":[{"taxonomy":"category","embeddable":true,"href":"https:\/\/www.celttv.com.ar\/index.php\/wp-json\/wp\/v2\/categories?post=69691"},{"taxonomy":"post_tag","embeddable":true,"href":"https:\/\/www.celttv.com.ar\/index.php\/wp-json\/wp\/v2\/tags?post=69691"}],"curies":[{"name":"wp","href":"https:\/\/api.w.org\/{rel}","templated":true}]}}