{"id":6970,"date":"2012-06-08T01:19:58","date_gmt":"2012-06-08T01:19:58","guid":{"rendered":"http:\/\/www.tvcnoticias.com.ar\/?p=6970"},"modified":"2012-06-08T01:19:58","modified_gmt":"2012-06-08T01:19:58","slug":"fabio-gonzalez-finalista-en-sonando-por-cantar-115-fotos-y-videos","status":"publish","type":"post","link":"https:\/\/www.celttv.com.ar\/index.php\/2012\/06\/08\/fabio-gonzalez-finalista-en-sonando-por-cantar-115-fotos-y-videos\/","title":{"rendered":"FABIO GONZALEZ FINALISTA EN SO\u00d1ANDO POR CANTAR (115 Fotos y videos)"},"content":{"rendered":"<p><span style=\"font-size: xx-small;\">Una de esas noches inolvidables para los tornquistenses y para tanta gente, que a lo largo y a lo ancho del pa\u00eds, conoce y admira al cantante local Fabio Gonzalez, por su calidad art\u00edstica y por sus condiciones humanas.<br \/>\nNo era su mejor d\u00eda, no estaba en las mejores condiciones su garganta, pero sent\u00eda esa seguridad interior que, seg\u00fan \u00e9l, le enviaba Dios a cada paso y su hermano desde alguna nube.<br \/>\nProb\u00f3 una y otra vez, fue necesario bajar dos tonos e igualmente segu\u00eda sin reunir lo m\u00ednimo indispensable para tan exigente escenario.<br \/>\nPor otro lado los nervios, su propia exigencia, sabedor que todo un pueblo lo estaba esperando y le hab\u00eda &#8220;jugado todas las fichas&#8221;, por lo tanto no quer\u00eda defraudar. Y as\u00ed fue que pidi\u00f3 subir igualmente, concesi\u00f3n que rara vez se da en programas de ese nivel. Mariano I\u00fadica, pronunciaba su nombre para que Fabio cantara La gota fr\u00eda , de Carlos Vives.<br \/>\nMomento de escenario, de tener enfrente a un exigente jurado munido de cuatro palancas que suelen ser lapidarias. Y lejos de acercar sus manos a las intimidantes palancas, el jurado escuchaba y sonre\u00eda, lo cual era una muy buena se\u00f1al.<br \/>\n&#8220;El momento que estoy viviendo es verdaderamente asombroso. La verdad es que el martes, me levant\u00e9 disf\u00f3nico y eso me preocup\u00f3 bastante porque no iba a poder pilotear la situaci\u00f3n&#8221; dijo Fabio, ya enTornquist y luego de ser recibido en su pueblo con una caravana que fue encabezada por un autobomba de los Bomberos Voluntarios y recorri\u00f3 las calles de la ciudad para luego llegar hasta el Gimnasio del Club Automoto.<br \/>\n&#8220;Al mediod\u00eda, los coachs nos hicieron algunas pruebas de canto y ensayamos para que todo estuviese listo para la noche. De 19 participantes quedamos 16. La verdad, pens\u00e9 que iba a quedar afuera debido a como estaba mi voz, pero Dios, una vez m\u00e1s, me dio otra chance&#8221;, Comenta el cantante .<br \/>\n&#8220;La adrenalina que se vive es incre\u00edble, pero llevaba una cierta tranquilidad porque sab\u00eda que contaba con el apoyo de mi familia que estaba en la tribuna y el cari\u00f1o de mucha gente que me quiere y que siempre me desea lo mejor&#8221;. Dijo Fabio<br \/>\n&#8220;Antes de actuar recib\u00ed unos 300 mensajes de texto y alrededor de 80 llamadas para desearme suerte y que iban a orar por m\u00ed&#8221;, puntualiz\u00f3.<br \/>\n&#8220;\u00a1Cuando dijeron que pasaba a la final no lo pod\u00eda creer! La alegr\u00eda era tan inmensa que me puse a llorar como un chico y no pod\u00eda parar. La familia y los amigos me contuvieron y, a la distancia, los llamados de la gente me pusieron m\u00e1s contento&#8221;,<br \/>\n&#8220;Hace 24 a\u00f1os est\u00e1bamos llorando la tr\u00e1gica muerte de mi hermano y hoy nos encuentra festejando este momento tan feliz en mi vida. Son los contrastes de la vida, aunque yo s\u00e9 que Dios y mi hermano me ayudaron para que todo saliera bien&#8221; Agreg\u00f3 Fabio.<br \/>\nY las repercusiones no se hicieron esperar; a trav\u00e9s de las redes sociales y de los distintos medios de comunicaci\u00f3n fueron llegando cientos y cientos de saludos, felicitando a Fabio Gonzalez por su estupendo desempe\u00f1o en So\u00f1ando por Cantar.<br \/>\nEn el mediod\u00eda del jueves Fabio Gonzalez visit\u00f3 los estudios de Tornquist Video Cable y los tel\u00e9fonos se pusieron al rojo vivo.<br \/>\nEn el noticiero del mediod\u00eda se vio, como siempre, a un Fabio al natural, sin medias tintas y derramando l\u00e1grimas en distintos pasajes de la amplia nota que la misma audiencia propon\u00eda que no terminar\u00e1 nunca.<br \/>\nSimplemente Fabio, &#8220;el Gordo&#8221;, que primero hizo compartir su propia emoci\u00f3n por lo vivido y luego busc\u00f3 en su anecdotario para hacer reir a su gente contando las cosas que no se ven de un viaje tan provechoso&#8230; Simplemente Fabio&#8230; !<br \/>\n<\/span><br \/>\n<a href=\"http:\/\/www.youtube.com\/watch?v=zB_6MzLmxKM\">httpv:\/\/www.youtube.com\/watch?v=zB_6MzLmxKM<\/a><br \/>\n<a href=\"http:\/\/www.youtube.com\/watch?v=lEm6VpX7ex0\">httpv:\/\/www.youtube.com\/watch?v=lEm6VpX7ex0<\/a><br \/>\n<\/p>\n","protected":false},"excerpt":{"rendered":"<p>Una de esas noches inolvidables para los tornquistenses y para tanta gente, que a lo largo y a lo ancho del pa\u00eds, conoce y admira al cantante local Fabio Gonzalez, por su calidad art\u00edstica y por sus condiciones humanas. No era su mejor d\u00eda, no estaba en las mejores condiciones su garganta, pero sent\u00eda esa [&hellip;]<\/p>\n","protected":false},"author":1,"featured_media":0,"comment_status":"closed","ping_status":"open","sticky":false,"template":"","format":"standard","meta":{"footnotes":""},"categories":[51,52,56,64],"tags":[],"class_list":["post-6970","post","type-post","status-publish","format-standard","hentry","category-comunidad","category-destacadas","category-espectaculos","category-videos-destacados"],"yoast_head":"<!-- This site is optimized with the Yoast SEO plugin v19.7.1 - https:\/\/yoast.com\/wordpress\/plugins\/seo\/ -->\n<title>FABIO GONZALEZ FINALISTA EN SO\u00d1ANDO POR CANTAR (115 Fotos y videos) - CELTTV<\/title>\n<meta name=\"description\" content=\"Sitio web de noticias de la localidad de Tornquist, provincia de Buenos Aires, Rep\u00fablica Argentina. Contenido propio originado por periodistas de CELTTV, el canal de TV local de la Cooperativa El\u00e9ctrica de Tornquist. Turismo, Pol\u00edtica, Sociedad, Deporte, Cultura y todo el contenido de inter\u00e9s general que la gente del pueblo y la regi\u00f3n debe conocer.\" \/>\n<meta name=\"robots\" content=\"index, follow, max-snippet:-1, max-image-preview:large, max-video-preview:-1\" \/>\n<link rel=\"canonical\" href=\"https:\/\/www.celttv.com.ar\/index.php\/2012\/06\/08\/fabio-gonzalez-finalista-en-sonando-por-cantar-115-fotos-y-videos\/\" \/>\n<meta property=\"og:locale\" content=\"es_ES\" \/>\n<meta property=\"og:type\" content=\"article\" \/>\n<meta property=\"og:title\" content=\"FABIO GONZALEZ FINALISTA EN SO\u00d1ANDO POR CANTAR (115 Fotos y videos) - CELTTV\" \/>\n<meta property=\"og:description\" content=\"Sitio web de noticias de la localidad de Tornquist, provincia de Buenos Aires, Rep\u00fablica Argentina. Contenido propio originado por periodistas de CELTTV, el canal de TV local de la Cooperativa El\u00e9ctrica de Tornquist. Turismo, Pol\u00edtica, Sociedad, Deporte, Cultura y todo el contenido de inter\u00e9s general que la gente del pueblo y la regi\u00f3n debe conocer.\" \/>\n<meta property=\"og:url\" content=\"https:\/\/www.celttv.com.ar\/index.php\/2012\/06\/08\/fabio-gonzalez-finalista-en-sonando-por-cantar-115-fotos-y-videos\/\" \/>\n<meta property=\"og:site_name\" content=\"CELTTV\" \/>\n<meta property=\"article:publisher\" content=\"https:\/\/www.facebook.com\/celtTV\/\" \/>\n<meta property=\"article:published_time\" content=\"2012-06-08T01:19:58+00:00\" \/>\n<meta name=\"author\" content=\"ulises\" \/>\n<meta name=\"twitter:card\" content=\"summary_large_image\" \/>\n<meta name=\"twitter:label1\" content=\"Escrito por\" \/>\n\t<meta name=\"twitter:data1\" content=\"ulises\" \/>\n\t<meta name=\"twitter:label2\" content=\"Tiempo de lectura\" \/>\n\t<meta name=\"twitter:data2\" content=\"3 minutos\" \/>\n<script type=\"application\/ld+json\" class=\"yoast-schema-graph\">{\"@context\":\"https:\/\/schema.org\",\"@graph\":[{\"@type\":\"NewsArticle\",\"@id\":\"https:\/\/www.celttv.com.ar\/index.php\/2012\/06\/08\/fabio-gonzalez-finalista-en-sonando-por-cantar-115-fotos-y-videos\/#article\",\"isPartOf\":{\"@id\":\"https:\/\/www.celttv.com.ar\/index.php\/2012\/06\/08\/fabio-gonzalez-finalista-en-sonando-por-cantar-115-fotos-y-videos\/\"},\"author\":{\"name\":\"ulises\",\"@id\":\"https:\/\/www.celttv.com.ar\/#\/schema\/person\/6d99c072dba59953809c81446e9d0ace\"},\"headline\":\"FABIO GONZALEZ FINALISTA EN SO\u00d1ANDO POR CANTAR (115 Fotos y videos)\",\"datePublished\":\"2012-06-08T01:19:58+00:00\",\"dateModified\":\"2012-06-08T01:19:58+00:00\",\"mainEntityOfPage\":{\"@id\":\"https:\/\/www.celttv.com.ar\/index.php\/2012\/06\/08\/fabio-gonzalez-finalista-en-sonando-por-cantar-115-fotos-y-videos\/\"},\"wordCount\":684,\"publisher\":{\"@id\":\"https:\/\/www.celttv.com.ar\/#organization\"},\"articleSection\":[\"Comunidad\",\"Destacadas\",\"Espect\u00e1culos\",\"Videos Destacados\"],\"inLanguage\":\"es\"},{\"@type\":\"WebPage\",\"@id\":\"https:\/\/www.celttv.com.ar\/index.php\/2012\/06\/08\/fabio-gonzalez-finalista-en-sonando-por-cantar-115-fotos-y-videos\/\",\"url\":\"https:\/\/www.celttv.com.ar\/index.php\/2012\/06\/08\/fabio-gonzalez-finalista-en-sonando-por-cantar-115-fotos-y-videos\/\",\"name\":\"FABIO GONZALEZ FINALISTA EN SO\u00d1ANDO POR CANTAR (115 Fotos y videos) - CELTTV\",\"isPartOf\":{\"@id\":\"https:\/\/www.celttv.com.ar\/#website\"},\"datePublished\":\"2012-06-08T01:19:58+00:00\",\"dateModified\":\"2012-06-08T01:19:58+00:00\",\"description\":\"Sitio web de noticias de la localidad de Tornquist, provincia de Buenos Aires, Rep\u00fablica Argentina. Contenido propio originado por periodistas de CELTTV, el canal de TV local de la Cooperativa El\u00e9ctrica de Tornquist. Turismo, Pol\u00edtica, Sociedad, Deporte, Cultura y todo el contenido de inter\u00e9s general que la gente del pueblo y la regi\u00f3n debe conocer.\",\"breadcrumb\":{\"@id\":\"https:\/\/www.celttv.com.ar\/index.php\/2012\/06\/08\/fabio-gonzalez-finalista-en-sonando-por-cantar-115-fotos-y-videos\/#breadcrumb\"},\"inLanguage\":\"es\",\"potentialAction\":[{\"@type\":\"ReadAction\",\"target\":[\"https:\/\/www.celttv.com.ar\/index.php\/2012\/06\/08\/fabio-gonzalez-finalista-en-sonando-por-cantar-115-fotos-y-videos\/\"]}]},{\"@type\":\"BreadcrumbList\",\"@id\":\"https:\/\/www.celttv.com.ar\/index.php\/2012\/06\/08\/fabio-gonzalez-finalista-en-sonando-por-cantar-115-fotos-y-videos\/#breadcrumb\",\"itemListElement\":[{\"@type\":\"ListItem\",\"position\":1,\"name\":\"Inicio\",\"item\":\"https:\/\/www.celttv.com.ar\/\"},{\"@type\":\"ListItem\",\"position\":2,\"name\":\"FABIO GONZALEZ FINALISTA EN SO\u00d1ANDO POR CANTAR (115 Fotos y videos)\"}]},{\"@type\":\"WebSite\",\"@id\":\"https:\/\/www.celttv.com.ar\/#website\",\"url\":\"https:\/\/www.celttv.com.ar\/\",\"name\":\"CELTTV\",\"description\":\"Cooperativa El\u00e9ctrica de Tornquist\",\"publisher\":{\"@id\":\"https:\/\/www.celttv.com.ar\/#organization\"},\"potentialAction\":[{\"@type\":\"SearchAction\",\"target\":{\"@type\":\"EntryPoint\",\"urlTemplate\":\"https:\/\/www.celttv.com.ar\/?s={search_term_string}\"},\"query-input\":\"required name=search_term_string\"}],\"inLanguage\":\"es\"},{\"@type\":\"Organization\",\"@id\":\"https:\/\/www.celttv.com.ar\/#organization\",\"name\":\"CELTTV\",\"url\":\"https:\/\/www.celttv.com.ar\/\",\"sameAs\":[\"https:\/\/www.youtube.com\/channel\/UCz_oIt8Hig64Ub-EmcNPIhg\",\"https:\/\/www.facebook.com\/celtTV\/\"],\"logo\":{\"@type\":\"ImageObject\",\"inLanguage\":\"es\",\"@id\":\"https:\/\/www.celttv.com.ar\/#\/schema\/logo\/image\/\",\"url\":\"http:\/\/www.celttv.com.ar\/wp-content\/uploads\/2022\/08\/logo-1.png\",\"contentUrl\":\"http:\/\/www.celttv.com.ar\/wp-content\/uploads\/2022\/08\/logo-1.png\",\"width\":461,\"height\":159,\"caption\":\"CELTTV\"},\"image\":{\"@id\":\"https:\/\/www.celttv.com.ar\/#\/schema\/logo\/image\/\"}},{\"@type\":\"Person\",\"@id\":\"https:\/\/www.celttv.com.ar\/#\/schema\/person\/6d99c072dba59953809c81446e9d0ace\",\"name\":\"ulises\",\"image\":{\"@type\":\"ImageObject\",\"inLanguage\":\"es\",\"@id\":\"https:\/\/www.celttv.com.ar\/#\/schema\/person\/image\/\",\"url\":\"https:\/\/secure.gravatar.com\/avatar\/7f2c48bdc33b30088f941fb6082e555f2874c98e20cb159d7b92b50eadfce793?s=96&d=mm&r=g\",\"contentUrl\":\"https:\/\/secure.gravatar.com\/avatar\/7f2c48bdc33b30088f941fb6082e555f2874c98e20cb159d7b92b50eadfce793?s=96&d=mm&r=g\",\"caption\":\"ulises\"},\"sameAs\":[\"http:\/\/www.celttv.com.ar\"]}]}<\/script>\n<!-- \/ Yoast SEO plugin. -->","yoast_head_json":{"title":"FABIO GONZALEZ FINALISTA EN SO\u00d1ANDO POR CANTAR (115 Fotos y videos) - CELTTV","description":"Sitio web de noticias de la localidad de Tornquist, provincia de Buenos Aires, Rep\u00fablica Argentina. Contenido propio originado por periodistas de CELTTV, el canal de TV local de la Cooperativa El\u00e9ctrica de Tornquist. Turismo, Pol\u00edtica, Sociedad, Deporte, Cultura y todo el contenido de inter\u00e9s general que la gente del pueblo y la regi\u00f3n debe conocer.","robots":{"index":"index","follow":"follow","max-snippet":"max-snippet:-1","max-image-preview":"max-image-preview:large","max-video-preview":"max-video-preview:-1"},"canonical":"https:\/\/www.celttv.com.ar\/index.php\/2012\/06\/08\/fabio-gonzalez-finalista-en-sonando-por-cantar-115-fotos-y-videos\/","og_locale":"es_ES","og_type":"article","og_title":"FABIO GONZALEZ FINALISTA EN SO\u00d1ANDO POR CANTAR (115 Fotos y videos) - CELTTV","og_description":"Sitio web de noticias de la localidad de Tornquist, provincia de Buenos Aires, Rep\u00fablica Argentina. Contenido propio originado por periodistas de CELTTV, el canal de TV local de la Cooperativa El\u00e9ctrica de Tornquist. Turismo, Pol\u00edtica, Sociedad, Deporte, Cultura y todo el contenido de inter\u00e9s general que la gente del pueblo y la regi\u00f3n debe conocer.","og_url":"https:\/\/www.celttv.com.ar\/index.php\/2012\/06\/08\/fabio-gonzalez-finalista-en-sonando-por-cantar-115-fotos-y-videos\/","og_site_name":"CELTTV","article_publisher":"https:\/\/www.facebook.com\/celtTV\/","article_published_time":"2012-06-08T01:19:58+00:00","author":"ulises","twitter_card":"summary_large_image","twitter_misc":{"Escrito por":"ulises","Tiempo de lectura":"3 minutos"},"schema":{"@context":"https:\/\/schema.org","@graph":[{"@type":"NewsArticle","@id":"https:\/\/www.celttv.com.ar\/index.php\/2012\/06\/08\/fabio-gonzalez-finalista-en-sonando-por-cantar-115-fotos-y-videos\/#article","isPartOf":{"@id":"https:\/\/www.celttv.com.ar\/index.php\/2012\/06\/08\/fabio-gonzalez-finalista-en-sonando-por-cantar-115-fotos-y-videos\/"},"author":{"name":"ulises","@id":"https:\/\/www.celttv.com.ar\/#\/schema\/person\/6d99c072dba59953809c81446e9d0ace"},"headline":"FABIO GONZALEZ FINALISTA EN SO\u00d1ANDO POR CANTAR (115 Fotos y videos)","datePublished":"2012-06-08T01:19:58+00:00","dateModified":"2012-06-08T01:19:58+00:00","mainEntityOfPage":{"@id":"https:\/\/www.celttv.com.ar\/index.php\/2012\/06\/08\/fabio-gonzalez-finalista-en-sonando-por-cantar-115-fotos-y-videos\/"},"wordCount":684,"publisher":{"@id":"https:\/\/www.celttv.com.ar\/#organization"},"articleSection":["Comunidad","Destacadas","Espect\u00e1culos","Videos Destacados"],"inLanguage":"es"},{"@type":"WebPage","@id":"https:\/\/www.celttv.com.ar\/index.php\/2012\/06\/08\/fabio-gonzalez-finalista-en-sonando-por-cantar-115-fotos-y-videos\/","url":"https:\/\/www.celttv.com.ar\/index.php\/2012\/06\/08\/fabio-gonzalez-finalista-en-sonando-por-cantar-115-fotos-y-videos\/","name":"FABIO GONZALEZ FINALISTA EN SO\u00d1ANDO POR CANTAR (115 Fotos y videos) - CELTTV","isPartOf":{"@id":"https:\/\/www.celttv.com.ar\/#website"},"datePublished":"2012-06-08T01:19:58+00:00","dateModified":"2012-06-08T01:19:58+00:00","description":"Sitio web de noticias de la localidad de Tornquist, provincia de Buenos Aires, Rep\u00fablica Argentina. Contenido propio originado por periodistas de CELTTV, el canal de TV local de la Cooperativa El\u00e9ctrica de Tornquist. Turismo, Pol\u00edtica, Sociedad, Deporte, Cultura y todo el contenido de inter\u00e9s general que la gente del pueblo y la regi\u00f3n debe conocer.","breadcrumb":{"@id":"https:\/\/www.celttv.com.ar\/index.php\/2012\/06\/08\/fabio-gonzalez-finalista-en-sonando-por-cantar-115-fotos-y-videos\/#breadcrumb"},"inLanguage":"es","potentialAction":[{"@type":"ReadAction","target":["https:\/\/www.celttv.com.ar\/index.php\/2012\/06\/08\/fabio-gonzalez-finalista-en-sonando-por-cantar-115-fotos-y-videos\/"]}]},{"@type":"BreadcrumbList","@id":"https:\/\/www.celttv.com.ar\/index.php\/2012\/06\/08\/fabio-gonzalez-finalista-en-sonando-por-cantar-115-fotos-y-videos\/#breadcrumb","itemListElement":[{"@type":"ListItem","position":1,"name":"Inicio","item":"https:\/\/www.celttv.com.ar\/"},{"@type":"ListItem","position":2,"name":"FABIO GONZALEZ FINALISTA EN SO\u00d1ANDO POR CANTAR (115 Fotos y videos)"}]},{"@type":"WebSite","@id":"https:\/\/www.celttv.com.ar\/#website","url":"https:\/\/www.celttv.com.ar\/","name":"CELTTV","description":"Cooperativa El\u00e9ctrica de Tornquist","publisher":{"@id":"https:\/\/www.celttv.com.ar\/#organization"},"potentialAction":[{"@type":"SearchAction","target":{"@type":"EntryPoint","urlTemplate":"https:\/\/www.celttv.com.ar\/?s={search_term_string}"},"query-input":"required name=search_term_string"}],"inLanguage":"es"},{"@type":"Organization","@id":"https:\/\/www.celttv.com.ar\/#organization","name":"CELTTV","url":"https:\/\/www.celttv.com.ar\/","sameAs":["https:\/\/www.youtube.com\/channel\/UCz_oIt8Hig64Ub-EmcNPIhg","https:\/\/www.facebook.com\/celtTV\/"],"logo":{"@type":"ImageObject","inLanguage":"es","@id":"https:\/\/www.celttv.com.ar\/#\/schema\/logo\/image\/","url":"http:\/\/www.celttv.com.ar\/wp-content\/uploads\/2022\/08\/logo-1.png","contentUrl":"http:\/\/www.celttv.com.ar\/wp-content\/uploads\/2022\/08\/logo-1.png","width":461,"height":159,"caption":"CELTTV"},"image":{"@id":"https:\/\/www.celttv.com.ar\/#\/schema\/logo\/image\/"}},{"@type":"Person","@id":"https:\/\/www.celttv.com.ar\/#\/schema\/person\/6d99c072dba59953809c81446e9d0ace","name":"ulises","image":{"@type":"ImageObject","inLanguage":"es","@id":"https:\/\/www.celttv.com.ar\/#\/schema\/person\/image\/","url":"https:\/\/secure.gravatar.com\/avatar\/7f2c48bdc33b30088f941fb6082e555f2874c98e20cb159d7b92b50eadfce793?s=96&d=mm&r=g","contentUrl":"https:\/\/secure.gravatar.com\/avatar\/7f2c48bdc33b30088f941fb6082e555f2874c98e20cb159d7b92b50eadfce793?s=96&d=mm&r=g","caption":"ulises"},"sameAs":["http:\/\/www.celttv.com.ar"]}]}},"_links":{"self":[{"href":"https:\/\/www.celttv.com.ar\/index.php\/wp-json\/wp\/v2\/posts\/6970","targetHints":{"allow":["GET"]}}],"collection":[{"href":"https:\/\/www.celttv.com.ar\/index.php\/wp-json\/wp\/v2\/posts"}],"about":[{"href":"https:\/\/www.celttv.com.ar\/index.php\/wp-json\/wp\/v2\/types\/post"}],"author":[{"embeddable":true,"href":"https:\/\/www.celttv.com.ar\/index.php\/wp-json\/wp\/v2\/users\/1"}],"replies":[{"embeddable":true,"href":"https:\/\/www.celttv.com.ar\/index.php\/wp-json\/wp\/v2\/comments?post=6970"}],"version-history":[{"count":0,"href":"https:\/\/www.celttv.com.ar\/index.php\/wp-json\/wp\/v2\/posts\/6970\/revisions"}],"wp:attachment":[{"href":"https:\/\/www.celttv.com.ar\/index.php\/wp-json\/wp\/v2\/media?parent=6970"}],"wp:term":[{"taxonomy":"category","embeddable":true,"href":"https:\/\/www.celttv.com.ar\/index.php\/wp-json\/wp\/v2\/categories?post=6970"},{"taxonomy":"post_tag","embeddable":true,"href":"https:\/\/www.celttv.com.ar\/index.php\/wp-json\/wp\/v2\/tags?post=6970"}],"curies":[{"name":"wp","href":"https:\/\/api.w.org\/{rel}","templated":true}]}}