{"id":69721,"date":"2022-09-25T22:19:23","date_gmt":"2022-09-26T01:19:23","guid":{"rendered":"http:\/\/www.celttv.com.ar\/?p=69721"},"modified":"2022-09-25T22:26:40","modified_gmt":"2022-09-26T01:26:40","slug":"automoto-empato-como-local-en-el-inicio-de-la-liguilla","status":"publish","type":"post","link":"https:\/\/www.celttv.com.ar\/index.php\/2022\/09\/25\/automoto-empato-como-local-en-el-inicio-de-la-liguilla\/","title":{"rendered":"AUTOMOTO EMPAT\u00d3 COMO LOCAL EN EL INICIO DE LA LIGUILLA"},"content":{"rendered":"<p>Automoto no pudo ante Boca Jrs e igual\u00f3 sin goles en la primer fecha de la Liguilla. Pese a contar con las situaciones m\u00e1s claras, no pudo ser eficaz ante los tres palos. El arbitraje de Aliberti no dej\u00f3 contento ni a azulgranas ni a xeneizes.<\/p>\n<p>Toda las fotos en la fan page de <a href=\"https:\/\/www.facebook.com\/media\/set\/?vanity=solofutboltornquist&amp;set=a.2024509751091538\" target=\"_blank\" rel=\"noopener\">Solo F\u00fatbol<\/a><\/p>\n<p><img loading=\"lazy\" decoding=\"async\" class=\"aligncenter wp-image-69722 size-large\" src=\"http:\/\/www.celttv.com.ar\/wp-content\/uploads\/2022\/09\/LIGUILLA-ZONA-A-1024x576.jpg\" alt=\"\" width=\"1024\" height=\"576\" srcset=\"https:\/\/www.celttv.com.ar\/wp-content\/uploads\/2022\/09\/LIGUILLA-ZONA-A-1024x576.jpg 1024w, https:\/\/www.celttv.com.ar\/wp-content\/uploads\/2022\/09\/LIGUILLA-ZONA-A-300x169.jpg 300w, https:\/\/www.celttv.com.ar\/wp-content\/uploads\/2022\/09\/LIGUILLA-ZONA-A-768x432.jpg 768w, https:\/\/www.celttv.com.ar\/wp-content\/uploads\/2022\/09\/LIGUILLA-ZONA-A-750x422.jpg 750w, https:\/\/www.celttv.com.ar\/wp-content\/uploads\/2022\/09\/LIGUILLA-ZONA-A-1140x641.jpg 1140w, https:\/\/www.celttv.com.ar\/wp-content\/uploads\/2022\/09\/LIGUILLA-ZONA-A.jpg 1280w\" sizes=\"auto, (max-width: 1024px) 100vw, 1024px\" \/><\/p>\n<p><img loading=\"lazy\" decoding=\"async\" class=\"aligncenter wp-image-69723 size-large\" src=\"http:\/\/www.celttv.com.ar\/wp-content\/uploads\/2022\/09\/LIGUILLA-ZONA-B-1024x576.jpg\" alt=\"\" width=\"1024\" height=\"576\" srcset=\"https:\/\/www.celttv.com.ar\/wp-content\/uploads\/2022\/09\/LIGUILLA-ZONA-B-1024x576.jpg 1024w, https:\/\/www.celttv.com.ar\/wp-content\/uploads\/2022\/09\/LIGUILLA-ZONA-B-300x169.jpg 300w, https:\/\/www.celttv.com.ar\/wp-content\/uploads\/2022\/09\/LIGUILLA-ZONA-B-768x432.jpg 768w, https:\/\/www.celttv.com.ar\/wp-content\/uploads\/2022\/09\/LIGUILLA-ZONA-B-750x422.jpg 750w, https:\/\/www.celttv.com.ar\/wp-content\/uploads\/2022\/09\/LIGUILLA-ZONA-B-1140x641.jpg 1140w, https:\/\/www.celttv.com.ar\/wp-content\/uploads\/2022\/09\/LIGUILLA-ZONA-B.jpg 1280w\" sizes=\"auto, (max-width: 1024px) 100vw, 1024px\" \/><\/p>\n<p><img loading=\"lazy\" decoding=\"async\" class=\"wp-image-69724 size-large aligncenter\" src=\"http:\/\/www.celttv.com.ar\/wp-content\/uploads\/2022\/09\/POSICIONES-LIGUILLA-1024x576.jpg\" alt=\"\" width=\"1024\" height=\"576\" srcset=\"https:\/\/www.celttv.com.ar\/wp-content\/uploads\/2022\/09\/POSICIONES-LIGUILLA-1024x576.jpg 1024w, https:\/\/www.celttv.com.ar\/wp-content\/uploads\/2022\/09\/POSICIONES-LIGUILLA-300x169.jpg 300w, https:\/\/www.celttv.com.ar\/wp-content\/uploads\/2022\/09\/POSICIONES-LIGUILLA-768x432.jpg 768w, https:\/\/www.celttv.com.ar\/wp-content\/uploads\/2022\/09\/POSICIONES-LIGUILLA-750x422.jpg 750w, https:\/\/www.celttv.com.ar\/wp-content\/uploads\/2022\/09\/POSICIONES-LIGUILLA-1140x641.jpg 1140w, https:\/\/www.celttv.com.ar\/wp-content\/uploads\/2022\/09\/POSICIONES-LIGUILLA.jpg 1280w\" sizes=\"auto, (max-width: 1024px) 100vw, 1024px\" \/><\/p>\n<p><img loading=\"lazy\" decoding=\"async\" class=\"wp-image-69725 size-large aligncenter\" src=\"http:\/\/www.celttv.com.ar\/wp-content\/uploads\/2022\/09\/PROX-FECHA-LIGUILLA-1024x576.jpg\" alt=\"\" width=\"1024\" height=\"576\" srcset=\"https:\/\/www.celttv.com.ar\/wp-content\/uploads\/2022\/09\/PROX-FECHA-LIGUILLA-1024x576.jpg 1024w, https:\/\/www.celttv.com.ar\/wp-content\/uploads\/2022\/09\/PROX-FECHA-LIGUILLA-300x169.jpg 300w, https:\/\/www.celttv.com.ar\/wp-content\/uploads\/2022\/09\/PROX-FECHA-LIGUILLA-768x432.jpg 768w, https:\/\/www.celttv.com.ar\/wp-content\/uploads\/2022\/09\/PROX-FECHA-LIGUILLA-750x422.jpg 750w, https:\/\/www.celttv.com.ar\/wp-content\/uploads\/2022\/09\/PROX-FECHA-LIGUILLA-1140x641.jpg 1140w, https:\/\/www.celttv.com.ar\/wp-content\/uploads\/2022\/09\/PROX-FECHA-LIGUILLA.jpg 1280w\" sizes=\"auto, (max-width: 1024px) 100vw, 1024px\" \/><\/p>\n","protected":false},"excerpt":{"rendered":"<p>Automoto no pudo ante Boca Jrs e igual\u00f3 sin goles en la primer fecha de la Liguilla. Pese a contar con las situaciones m\u00e1s claras, no pudo ser eficaz ante los tres palos. El arbitraje de Aliberti no dej\u00f3 contento ni a azulgranas ni a xeneizes. Toda las fotos en la fan page de Solo [&hellip;]<\/p>\n","protected":false},"author":6,"featured_media":69726,"comment_status":"closed","ping_status":"closed","sticky":false,"template":"","format":"standard","meta":{"footnotes":""},"categories":[60],"tags":[],"class_list":["post-69721","post","type-post","status-publish","format-standard","has-post-thumbnail","hentry","category-deporte"],"yoast_head":"<!-- This site is optimized with the Yoast SEO plugin v19.7.1 - https:\/\/yoast.com\/wordpress\/plugins\/seo\/ -->\n<title>AUTOMOTO EMPAT\u00d3 COMO LOCAL EN EL INICIO DE LA LIGUILLA - CELTTV<\/title>\n<meta name=\"description\" content=\"Sitio web de noticias de la localidad de Tornquist, provincia de Buenos Aires, Rep\u00fablica Argentina. Contenido propio originado por periodistas de CELTTV, el canal de TV local de la Cooperativa El\u00e9ctrica de Tornquist. Turismo, Pol\u00edtica, Sociedad, Deporte, Cultura y todo el contenido de inter\u00e9s general que la gente del pueblo y la regi\u00f3n debe conocer.\" \/>\n<meta name=\"robots\" content=\"index, follow, max-snippet:-1, max-image-preview:large, max-video-preview:-1\" \/>\n<link rel=\"canonical\" href=\"https:\/\/www.celttv.com.ar\/index.php\/2022\/09\/25\/automoto-empato-como-local-en-el-inicio-de-la-liguilla\/\" \/>\n<meta property=\"og:locale\" content=\"es_ES\" \/>\n<meta property=\"og:type\" content=\"article\" \/>\n<meta property=\"og:title\" content=\"AUTOMOTO EMPAT\u00d3 COMO LOCAL EN EL INICIO DE LA LIGUILLA - CELTTV\" \/>\n<meta property=\"og:description\" content=\"Sitio web de noticias de la localidad de Tornquist, provincia de Buenos Aires, Rep\u00fablica Argentina. Contenido propio originado por periodistas de CELTTV, el canal de TV local de la Cooperativa El\u00e9ctrica de Tornquist. Turismo, Pol\u00edtica, Sociedad, Deporte, Cultura y todo el contenido de inter\u00e9s general que la gente del pueblo y la regi\u00f3n debe conocer.\" \/>\n<meta property=\"og:url\" content=\"https:\/\/www.celttv.com.ar\/index.php\/2022\/09\/25\/automoto-empato-como-local-en-el-inicio-de-la-liguilla\/\" \/>\n<meta property=\"og:site_name\" content=\"CELTTV\" \/>\n<meta property=\"article:publisher\" content=\"https:\/\/www.facebook.com\/celtTV\/\" \/>\n<meta property=\"article:published_time\" content=\"2022-09-26T01:19:23+00:00\" \/>\n<meta property=\"article:modified_time\" content=\"2022-09-26T01:26:40+00:00\" \/>\n<meta property=\"og:image\" content=\"https:\/\/www.celttv.com.ar\/wp-content\/uploads\/2022\/09\/DSC_0052.jpg\" \/>\n\t<meta property=\"og:image:width\" content=\"1024\" \/>\n\t<meta property=\"og:image:height\" content=\"683\" \/>\n\t<meta property=\"og:image:type\" content=\"image\/jpeg\" \/>\n<meta name=\"author\" content=\"Gustavo\" \/>\n<meta name=\"twitter:card\" content=\"summary_large_image\" \/>\n<meta name=\"twitter:label1\" content=\"Escrito por\" \/>\n\t<meta name=\"twitter:data1\" content=\"Gustavo\" \/>\n<script type=\"application\/ld+json\" class=\"yoast-schema-graph\">{\"@context\":\"https:\/\/schema.org\",\"@graph\":[{\"@type\":\"NewsArticle\",\"@id\":\"https:\/\/www.celttv.com.ar\/index.php\/2022\/09\/25\/automoto-empato-como-local-en-el-inicio-de-la-liguilla\/#article\",\"isPartOf\":{\"@id\":\"https:\/\/www.celttv.com.ar\/index.php\/2022\/09\/25\/automoto-empato-como-local-en-el-inicio-de-la-liguilla\/\"},\"author\":{\"name\":\"Gustavo\",\"@id\":\"https:\/\/www.celttv.com.ar\/#\/schema\/person\/2fa5211ee5f57a14d73608a9c7953d47\"},\"headline\":\"AUTOMOTO EMPAT\u00d3 COMO LOCAL EN EL INICIO DE LA LIGUILLA\",\"datePublished\":\"2022-09-26T01:19:23+00:00\",\"dateModified\":\"2022-09-26T01:26:40+00:00\",\"mainEntityOfPage\":{\"@id\":\"https:\/\/www.celttv.com.ar\/index.php\/2022\/09\/25\/automoto-empato-como-local-en-el-inicio-de-la-liguilla\/\"},\"wordCount\":68,\"publisher\":{\"@id\":\"https:\/\/www.celttv.com.ar\/#organization\"},\"articleSection\":[\"Deporte\"],\"inLanguage\":\"es\"},{\"@type\":\"WebPage\",\"@id\":\"https:\/\/www.celttv.com.ar\/index.php\/2022\/09\/25\/automoto-empato-como-local-en-el-inicio-de-la-liguilla\/\",\"url\":\"https:\/\/www.celttv.com.ar\/index.php\/2022\/09\/25\/automoto-empato-como-local-en-el-inicio-de-la-liguilla\/\",\"name\":\"AUTOMOTO EMPAT\u00d3 COMO LOCAL EN EL INICIO DE LA LIGUILLA - CELTTV\",\"isPartOf\":{\"@id\":\"https:\/\/www.celttv.com.ar\/#website\"},\"datePublished\":\"2022-09-26T01:19:23+00:00\",\"dateModified\":\"2022-09-26T01:26:40+00:00\",\"description\":\"Sitio web de noticias de la localidad de Tornquist, provincia de Buenos Aires, Rep\u00fablica Argentina. Contenido propio originado por periodistas de CELTTV, el canal de TV local de la Cooperativa El\u00e9ctrica de Tornquist. Turismo, Pol\u00edtica, Sociedad, Deporte, Cultura y todo el contenido de inter\u00e9s general que la gente del pueblo y la regi\u00f3n debe conocer.\",\"breadcrumb\":{\"@id\":\"https:\/\/www.celttv.com.ar\/index.php\/2022\/09\/25\/automoto-empato-como-local-en-el-inicio-de-la-liguilla\/#breadcrumb\"},\"inLanguage\":\"es\",\"potentialAction\":[{\"@type\":\"ReadAction\",\"target\":[\"https:\/\/www.celttv.com.ar\/index.php\/2022\/09\/25\/automoto-empato-como-local-en-el-inicio-de-la-liguilla\/\"]}]},{\"@type\":\"BreadcrumbList\",\"@id\":\"https:\/\/www.celttv.com.ar\/index.php\/2022\/09\/25\/automoto-empato-como-local-en-el-inicio-de-la-liguilla\/#breadcrumb\",\"itemListElement\":[{\"@type\":\"ListItem\",\"position\":1,\"name\":\"Inicio\",\"item\":\"https:\/\/www.celttv.com.ar\/\"},{\"@type\":\"ListItem\",\"position\":2,\"name\":\"AUTOMOTO EMPAT\u00d3 COMO LOCAL EN EL INICIO DE LA LIGUILLA\"}]},{\"@type\":\"WebSite\",\"@id\":\"https:\/\/www.celttv.com.ar\/#website\",\"url\":\"https:\/\/www.celttv.com.ar\/\",\"name\":\"CELTTV\",\"description\":\"Cooperativa El\u00e9ctrica de Tornquist\",\"publisher\":{\"@id\":\"https:\/\/www.celttv.com.ar\/#organization\"},\"potentialAction\":[{\"@type\":\"SearchAction\",\"target\":{\"@type\":\"EntryPoint\",\"urlTemplate\":\"https:\/\/www.celttv.com.ar\/?s={search_term_string}\"},\"query-input\":\"required name=search_term_string\"}],\"inLanguage\":\"es\"},{\"@type\":\"Organization\",\"@id\":\"https:\/\/www.celttv.com.ar\/#organization\",\"name\":\"CELTTV\",\"url\":\"https:\/\/www.celttv.com.ar\/\",\"sameAs\":[\"https:\/\/www.youtube.com\/channel\/UCz_oIt8Hig64Ub-EmcNPIhg\",\"https:\/\/www.facebook.com\/celtTV\/\"],\"logo\":{\"@type\":\"ImageObject\",\"inLanguage\":\"es\",\"@id\":\"https:\/\/www.celttv.com.ar\/#\/schema\/logo\/image\/\",\"url\":\"http:\/\/www.celttv.com.ar\/wp-content\/uploads\/2022\/08\/logo-1.png\",\"contentUrl\":\"http:\/\/www.celttv.com.ar\/wp-content\/uploads\/2022\/08\/logo-1.png\",\"width\":461,\"height\":159,\"caption\":\"CELTTV\"},\"image\":{\"@id\":\"https:\/\/www.celttv.com.ar\/#\/schema\/logo\/image\/\"}},{\"@type\":\"Person\",\"@id\":\"https:\/\/www.celttv.com.ar\/#\/schema\/person\/2fa5211ee5f57a14d73608a9c7953d47\",\"name\":\"Gustavo\",\"image\":{\"@type\":\"ImageObject\",\"inLanguage\":\"es\",\"@id\":\"https:\/\/www.celttv.com.ar\/#\/schema\/person\/image\/\",\"url\":\"https:\/\/secure.gravatar.com\/avatar\/ce08c7f9fb0c7a8fac3ceb4037244aff8ba8fcdc212dd29d83ed27319212b01d?s=96&d=mm&r=g\",\"contentUrl\":\"https:\/\/secure.gravatar.com\/avatar\/ce08c7f9fb0c7a8fac3ceb4037244aff8ba8fcdc212dd29d83ed27319212b01d?s=96&d=mm&r=g\",\"caption\":\"Gustavo\"},\"sameAs\":[\"http:\/\/Gustavo%20Bacci\"]}]}<\/script>\n<!-- \/ Yoast SEO plugin. -->","yoast_head_json":{"title":"AUTOMOTO EMPAT\u00d3 COMO LOCAL EN EL INICIO DE LA LIGUILLA - CELTTV","description":"Sitio web de noticias de la localidad de Tornquist, provincia de Buenos Aires, Rep\u00fablica Argentina. Contenido propio originado por periodistas de CELTTV, el canal de TV local de la Cooperativa El\u00e9ctrica de Tornquist. Turismo, Pol\u00edtica, Sociedad, Deporte, Cultura y todo el contenido de inter\u00e9s general que la gente del pueblo y la regi\u00f3n debe conocer.","robots":{"index":"index","follow":"follow","max-snippet":"max-snippet:-1","max-image-preview":"max-image-preview:large","max-video-preview":"max-video-preview:-1"},"canonical":"https:\/\/www.celttv.com.ar\/index.php\/2022\/09\/25\/automoto-empato-como-local-en-el-inicio-de-la-liguilla\/","og_locale":"es_ES","og_type":"article","og_title":"AUTOMOTO EMPAT\u00d3 COMO LOCAL EN EL INICIO DE LA LIGUILLA - CELTTV","og_description":"Sitio web de noticias de la localidad de Tornquist, provincia de Buenos Aires, Rep\u00fablica Argentina. Contenido propio originado por periodistas de CELTTV, el canal de TV local de la Cooperativa El\u00e9ctrica de Tornquist. Turismo, Pol\u00edtica, Sociedad, Deporte, Cultura y todo el contenido de inter\u00e9s general que la gente del pueblo y la regi\u00f3n debe conocer.","og_url":"https:\/\/www.celttv.com.ar\/index.php\/2022\/09\/25\/automoto-empato-como-local-en-el-inicio-de-la-liguilla\/","og_site_name":"CELTTV","article_publisher":"https:\/\/www.facebook.com\/celtTV\/","article_published_time":"2022-09-26T01:19:23+00:00","article_modified_time":"2022-09-26T01:26:40+00:00","og_image":[{"width":1024,"height":683,"url":"https:\/\/www.celttv.com.ar\/wp-content\/uploads\/2022\/09\/DSC_0052.jpg","type":"image\/jpeg"}],"author":"Gustavo","twitter_card":"summary_large_image","twitter_misc":{"Escrito por":"Gustavo"},"schema":{"@context":"https:\/\/schema.org","@graph":[{"@type":"NewsArticle","@id":"https:\/\/www.celttv.com.ar\/index.php\/2022\/09\/25\/automoto-empato-como-local-en-el-inicio-de-la-liguilla\/#article","isPartOf":{"@id":"https:\/\/www.celttv.com.ar\/index.php\/2022\/09\/25\/automoto-empato-como-local-en-el-inicio-de-la-liguilla\/"},"author":{"name":"Gustavo","@id":"https:\/\/www.celttv.com.ar\/#\/schema\/person\/2fa5211ee5f57a14d73608a9c7953d47"},"headline":"AUTOMOTO EMPAT\u00d3 COMO LOCAL EN EL INICIO DE LA LIGUILLA","datePublished":"2022-09-26T01:19:23+00:00","dateModified":"2022-09-26T01:26:40+00:00","mainEntityOfPage":{"@id":"https:\/\/www.celttv.com.ar\/index.php\/2022\/09\/25\/automoto-empato-como-local-en-el-inicio-de-la-liguilla\/"},"wordCount":68,"publisher":{"@id":"https:\/\/www.celttv.com.ar\/#organization"},"articleSection":["Deporte"],"inLanguage":"es"},{"@type":"WebPage","@id":"https:\/\/www.celttv.com.ar\/index.php\/2022\/09\/25\/automoto-empato-como-local-en-el-inicio-de-la-liguilla\/","url":"https:\/\/www.celttv.com.ar\/index.php\/2022\/09\/25\/automoto-empato-como-local-en-el-inicio-de-la-liguilla\/","name":"AUTOMOTO EMPAT\u00d3 COMO LOCAL EN EL INICIO DE LA LIGUILLA - CELTTV","isPartOf":{"@id":"https:\/\/www.celttv.com.ar\/#website"},"datePublished":"2022-09-26T01:19:23+00:00","dateModified":"2022-09-26T01:26:40+00:00","description":"Sitio web de noticias de la localidad de Tornquist, provincia de Buenos Aires, Rep\u00fablica Argentina. Contenido propio originado por periodistas de CELTTV, el canal de TV local de la Cooperativa El\u00e9ctrica de Tornquist. Turismo, Pol\u00edtica, Sociedad, Deporte, Cultura y todo el contenido de inter\u00e9s general que la gente del pueblo y la regi\u00f3n debe conocer.","breadcrumb":{"@id":"https:\/\/www.celttv.com.ar\/index.php\/2022\/09\/25\/automoto-empato-como-local-en-el-inicio-de-la-liguilla\/#breadcrumb"},"inLanguage":"es","potentialAction":[{"@type":"ReadAction","target":["https:\/\/www.celttv.com.ar\/index.php\/2022\/09\/25\/automoto-empato-como-local-en-el-inicio-de-la-liguilla\/"]}]},{"@type":"BreadcrumbList","@id":"https:\/\/www.celttv.com.ar\/index.php\/2022\/09\/25\/automoto-empato-como-local-en-el-inicio-de-la-liguilla\/#breadcrumb","itemListElement":[{"@type":"ListItem","position":1,"name":"Inicio","item":"https:\/\/www.celttv.com.ar\/"},{"@type":"ListItem","position":2,"name":"AUTOMOTO EMPAT\u00d3 COMO LOCAL EN EL INICIO DE LA LIGUILLA"}]},{"@type":"WebSite","@id":"https:\/\/www.celttv.com.ar\/#website","url":"https:\/\/www.celttv.com.ar\/","name":"CELTTV","description":"Cooperativa El\u00e9ctrica de Tornquist","publisher":{"@id":"https:\/\/www.celttv.com.ar\/#organization"},"potentialAction":[{"@type":"SearchAction","target":{"@type":"EntryPoint","urlTemplate":"https:\/\/www.celttv.com.ar\/?s={search_term_string}"},"query-input":"required name=search_term_string"}],"inLanguage":"es"},{"@type":"Organization","@id":"https:\/\/www.celttv.com.ar\/#organization","name":"CELTTV","url":"https:\/\/www.celttv.com.ar\/","sameAs":["https:\/\/www.youtube.com\/channel\/UCz_oIt8Hig64Ub-EmcNPIhg","https:\/\/www.facebook.com\/celtTV\/"],"logo":{"@type":"ImageObject","inLanguage":"es","@id":"https:\/\/www.celttv.com.ar\/#\/schema\/logo\/image\/","url":"http:\/\/www.celttv.com.ar\/wp-content\/uploads\/2022\/08\/logo-1.png","contentUrl":"http:\/\/www.celttv.com.ar\/wp-content\/uploads\/2022\/08\/logo-1.png","width":461,"height":159,"caption":"CELTTV"},"image":{"@id":"https:\/\/www.celttv.com.ar\/#\/schema\/logo\/image\/"}},{"@type":"Person","@id":"https:\/\/www.celttv.com.ar\/#\/schema\/person\/2fa5211ee5f57a14d73608a9c7953d47","name":"Gustavo","image":{"@type":"ImageObject","inLanguage":"es","@id":"https:\/\/www.celttv.com.ar\/#\/schema\/person\/image\/","url":"https:\/\/secure.gravatar.com\/avatar\/ce08c7f9fb0c7a8fac3ceb4037244aff8ba8fcdc212dd29d83ed27319212b01d?s=96&d=mm&r=g","contentUrl":"https:\/\/secure.gravatar.com\/avatar\/ce08c7f9fb0c7a8fac3ceb4037244aff8ba8fcdc212dd29d83ed27319212b01d?s=96&d=mm&r=g","caption":"Gustavo"},"sameAs":["http:\/\/Gustavo%20Bacci"]}]}},"_links":{"self":[{"href":"https:\/\/www.celttv.com.ar\/index.php\/wp-json\/wp\/v2\/posts\/69721","targetHints":{"allow":["GET"]}}],"collection":[{"href":"https:\/\/www.celttv.com.ar\/index.php\/wp-json\/wp\/v2\/posts"}],"about":[{"href":"https:\/\/www.celttv.com.ar\/index.php\/wp-json\/wp\/v2\/types\/post"}],"author":[{"embeddable":true,"href":"https:\/\/www.celttv.com.ar\/index.php\/wp-json\/wp\/v2\/users\/6"}],"replies":[{"embeddable":true,"href":"https:\/\/www.celttv.com.ar\/index.php\/wp-json\/wp\/v2\/comments?post=69721"}],"version-history":[{"count":3,"href":"https:\/\/www.celttv.com.ar\/index.php\/wp-json\/wp\/v2\/posts\/69721\/revisions"}],"predecessor-version":[{"id":69729,"href":"https:\/\/www.celttv.com.ar\/index.php\/wp-json\/wp\/v2\/posts\/69721\/revisions\/69729"}],"wp:featuredmedia":[{"embeddable":true,"href":"https:\/\/www.celttv.com.ar\/index.php\/wp-json\/wp\/v2\/media\/69726"}],"wp:attachment":[{"href":"https:\/\/www.celttv.com.ar\/index.php\/wp-json\/wp\/v2\/media?parent=69721"}],"wp:term":[{"taxonomy":"category","embeddable":true,"href":"https:\/\/www.celttv.com.ar\/index.php\/wp-json\/wp\/v2\/categories?post=69721"},{"taxonomy":"post_tag","embeddable":true,"href":"https:\/\/www.celttv.com.ar\/index.php\/wp-json\/wp\/v2\/tags?post=69721"}],"curies":[{"name":"wp","href":"https:\/\/api.w.org\/{rel}","templated":true}]}}