{"id":69887,"date":"2022-09-30T13:57:19","date_gmt":"2022-09-30T16:57:19","guid":{"rendered":"http:\/\/www.celttv.com.ar\/?p=69887"},"modified":"2022-09-30T13:57:19","modified_gmt":"2022-09-30T16:57:19","slug":"se-inauguro-una-oficina-de-acceso-y-derecho-a-la-salud-en-tornquist-videos","status":"publish","type":"post","link":"https:\/\/www.celttv.com.ar\/index.php\/2022\/09\/30\/se-inauguro-una-oficina-de-acceso-y-derecho-a-la-salud-en-tornquist-videos\/","title":{"rendered":"Se inaugur\u00f3 una Oficina de Acceso y Derecho a la Salud en Tornquist (Videos)"},"content":{"rendered":"<p>Qued\u00f3 inaugurada en Tornquist una Oficina de Acceso y Derecho a la Salud (OADS), impulsada por el Ministerio de Salud de la Provincia de Buenos Aires, con el acompa\u00f1amiento de la Secretar\u00eda de Salud municipal.<\/p>\n<p>Se trata de un espacio creado para garantizar derechos y facilitar el acceso a la pol\u00edtica p\u00fablica en salud a las personas con discapacidad.<\/p>\n<p>La OADS local fue instalada en el edificio municipal ubicado frente al Hospital \u2018Dr. Alberto Castro\u2019 (Lavalle 300), y tiene como funci\u00f3n atender demandas que van desde solicitud de medicamentos, suplementos nutricionales y pr\u00f3tesis; a prestaciones espec\u00edficas como la gesti\u00f3n de Acompa\u00f1antes Terap\u00e9uticos e internaci\u00f3n domiciliaria; entre otras.<\/p>\n<p>La secretaria de Salud, Noelia Baier, y el responsable de dicha oficina, Francisco Maidana, dialogaron con CELTTV NOTICIAS y brindaron detalles del funcionamiento ddel lugar.<\/p>\n<p><iframe loading=\"lazy\" title=\"2022 09 26 INAUGURACION OFICINA DE ACCESO A LA SALUD 1 NOELIA BAIER\" width=\"500\" height=\"281\" src=\"https:\/\/www.youtube.com\/embed\/IrYlg72CNQo?feature=oembed\" frameborder=\"0\" allow=\"accelerometer; autoplay; clipboard-write; encrypted-media; gyroscope; picture-in-picture; web-share\" referrerpolicy=\"strict-origin-when-cross-origin\" allowfullscreen><\/iframe><\/p>\n<p><iframe loading=\"lazy\" title=\"2022 09 26 INAUGURACION OFICINA DE ACCESO A LA SALUD 2 FRANCISCO MAIDANA\" width=\"500\" height=\"281\" src=\"https:\/\/www.youtube.com\/embed\/5CtAdokOfZg?feature=oembed\" frameborder=\"0\" allow=\"accelerometer; autoplay; clipboard-write; encrypted-media; gyroscope; picture-in-picture; web-share\" referrerpolicy=\"strict-origin-when-cross-origin\" allowfullscreen><\/iframe><\/p>\n","protected":false},"excerpt":{"rendered":"<p>Qued\u00f3 inaugurada en Tornquist una Oficina de Acceso y Derecho a la Salud (OADS), impulsada por el Ministerio de Salud de la Provincia de Buenos Aires, con el acompa\u00f1amiento de la Secretar\u00eda de Salud municipal. Se trata de un espacio creado para garantizar derechos y facilitar el acceso a la pol\u00edtica p\u00fablica en salud a [&hellip;]<\/p>\n","protected":false},"author":3,"featured_media":69888,"comment_status":"closed","ping_status":"closed","sticky":false,"template":"","format":"standard","meta":{"footnotes":""},"categories":[54],"tags":[],"class_list":["post-69887","post","type-post","status-publish","format-standard","has-post-thumbnail","hentry","category-atencion-salud"],"yoast_head":"<!-- This site is optimized with the Yoast SEO plugin v19.7.1 - https:\/\/yoast.com\/wordpress\/plugins\/seo\/ -->\n<title>Se inaugur\u00f3 una Oficina de Acceso y Derecho a la Salud en Tornquist (Videos) - CELTTV<\/title>\n<meta name=\"description\" content=\"Sitio web de noticias de la localidad de Tornquist, provincia de Buenos Aires, Rep\u00fablica Argentina. Contenido propio originado por periodistas de CELTTV, el canal de TV local de la Cooperativa El\u00e9ctrica de Tornquist. Turismo, Pol\u00edtica, Sociedad, Deporte, Cultura y todo el contenido de inter\u00e9s general que la gente del pueblo y la regi\u00f3n debe conocer.\" \/>\n<meta name=\"robots\" content=\"index, follow, max-snippet:-1, max-image-preview:large, max-video-preview:-1\" \/>\n<link rel=\"canonical\" href=\"https:\/\/www.celttv.com.ar\/index.php\/2022\/09\/30\/se-inauguro-una-oficina-de-acceso-y-derecho-a-la-salud-en-tornquist-videos\/\" \/>\n<meta property=\"og:locale\" content=\"es_ES\" \/>\n<meta property=\"og:type\" content=\"article\" \/>\n<meta property=\"og:title\" content=\"Se inaugur\u00f3 una Oficina de Acceso y Derecho a la Salud en Tornquist (Videos) - CELTTV\" \/>\n<meta property=\"og:description\" content=\"Sitio web de noticias de la localidad de Tornquist, provincia de Buenos Aires, Rep\u00fablica Argentina. Contenido propio originado por periodistas de CELTTV, el canal de TV local de la Cooperativa El\u00e9ctrica de Tornquist. Turismo, Pol\u00edtica, Sociedad, Deporte, Cultura y todo el contenido de inter\u00e9s general que la gente del pueblo y la regi\u00f3n debe conocer.\" \/>\n<meta property=\"og:url\" content=\"https:\/\/www.celttv.com.ar\/index.php\/2022\/09\/30\/se-inauguro-una-oficina-de-acceso-y-derecho-a-la-salud-en-tornquist-videos\/\" \/>\n<meta property=\"og:site_name\" content=\"CELTTV\" \/>\n<meta property=\"article:publisher\" content=\"https:\/\/www.facebook.com\/celtTV\/\" \/>\n<meta property=\"article:published_time\" content=\"2022-09-30T16:57:19+00:00\" \/>\n<meta property=\"og:image\" content=\"https:\/\/www.celttv.com.ar\/wp-content\/uploads\/2022\/09\/ecffccd8-c0e0-4ba6-8b89-18a43507ec76.jpg\" \/>\n\t<meta property=\"og:image:width\" content=\"1280\" \/>\n\t<meta property=\"og:image:height\" content=\"720\" \/>\n\t<meta property=\"og:image:type\" content=\"image\/jpeg\" \/>\n<meta name=\"author\" content=\"Rodrigo Sgammini\" \/>\n<meta name=\"twitter:card\" content=\"summary_large_image\" \/>\n<meta name=\"twitter:label1\" content=\"Escrito por\" \/>\n\t<meta name=\"twitter:data1\" content=\"Rodrigo Sgammini\" \/>\n\t<meta name=\"twitter:label2\" content=\"Tiempo de lectura\" \/>\n\t<meta name=\"twitter:data2\" content=\"1 minuto\" \/>\n<script type=\"application\/ld+json\" class=\"yoast-schema-graph\">{\"@context\":\"https:\/\/schema.org\",\"@graph\":[{\"@type\":\"NewsArticle\",\"@id\":\"https:\/\/www.celttv.com.ar\/index.php\/2022\/09\/30\/se-inauguro-una-oficina-de-acceso-y-derecho-a-la-salud-en-tornquist-videos\/#article\",\"isPartOf\":{\"@id\":\"https:\/\/www.celttv.com.ar\/index.php\/2022\/09\/30\/se-inauguro-una-oficina-de-acceso-y-derecho-a-la-salud-en-tornquist-videos\/\"},\"author\":{\"name\":\"Rodrigo Sgammini\",\"@id\":\"https:\/\/www.celttv.com.ar\/#\/schema\/person\/495be51d064edd971d8457f8f64eb172\"},\"headline\":\"Se inaugur\u00f3 una Oficina de Acceso y Derecho a la Salud en Tornquist (Videos)\",\"datePublished\":\"2022-09-30T16:57:19+00:00\",\"dateModified\":\"2022-09-30T16:57:19+00:00\",\"mainEntityOfPage\":{\"@id\":\"https:\/\/www.celttv.com.ar\/index.php\/2022\/09\/30\/se-inauguro-una-oficina-de-acceso-y-derecho-a-la-salud-en-tornquist-videos\/\"},\"wordCount\":165,\"publisher\":{\"@id\":\"https:\/\/www.celttv.com.ar\/#organization\"},\"articleSection\":[\"Atenci\u00f3n Salud\"],\"inLanguage\":\"es\"},{\"@type\":\"WebPage\",\"@id\":\"https:\/\/www.celttv.com.ar\/index.php\/2022\/09\/30\/se-inauguro-una-oficina-de-acceso-y-derecho-a-la-salud-en-tornquist-videos\/\",\"url\":\"https:\/\/www.celttv.com.ar\/index.php\/2022\/09\/30\/se-inauguro-una-oficina-de-acceso-y-derecho-a-la-salud-en-tornquist-videos\/\",\"name\":\"Se inaugur\u00f3 una Oficina de Acceso y Derecho a la Salud en Tornquist (Videos) - CELTTV\",\"isPartOf\":{\"@id\":\"https:\/\/www.celttv.com.ar\/#website\"},\"datePublished\":\"2022-09-30T16:57:19+00:00\",\"dateModified\":\"2022-09-30T16:57:19+00:00\",\"description\":\"Sitio web de noticias de la localidad de Tornquist, provincia de Buenos Aires, Rep\u00fablica Argentina. Contenido propio originado por periodistas de CELTTV, el canal de TV local de la Cooperativa El\u00e9ctrica de Tornquist. Turismo, Pol\u00edtica, Sociedad, Deporte, Cultura y todo el contenido de inter\u00e9s general que la gente del pueblo y la regi\u00f3n debe conocer.\",\"breadcrumb\":{\"@id\":\"https:\/\/www.celttv.com.ar\/index.php\/2022\/09\/30\/se-inauguro-una-oficina-de-acceso-y-derecho-a-la-salud-en-tornquist-videos\/#breadcrumb\"},\"inLanguage\":\"es\",\"potentialAction\":[{\"@type\":\"ReadAction\",\"target\":[\"https:\/\/www.celttv.com.ar\/index.php\/2022\/09\/30\/se-inauguro-una-oficina-de-acceso-y-derecho-a-la-salud-en-tornquist-videos\/\"]}]},{\"@type\":\"BreadcrumbList\",\"@id\":\"https:\/\/www.celttv.com.ar\/index.php\/2022\/09\/30\/se-inauguro-una-oficina-de-acceso-y-derecho-a-la-salud-en-tornquist-videos\/#breadcrumb\",\"itemListElement\":[{\"@type\":\"ListItem\",\"position\":1,\"name\":\"Inicio\",\"item\":\"https:\/\/www.celttv.com.ar\/\"},{\"@type\":\"ListItem\",\"position\":2,\"name\":\"Se inaugur\u00f3 una Oficina de Acceso y Derecho a la Salud en Tornquist (Videos)\"}]},{\"@type\":\"WebSite\",\"@id\":\"https:\/\/www.celttv.com.ar\/#website\",\"url\":\"https:\/\/www.celttv.com.ar\/\",\"name\":\"CELTTV\",\"description\":\"Cooperativa El\u00e9ctrica de Tornquist\",\"publisher\":{\"@id\":\"https:\/\/www.celttv.com.ar\/#organization\"},\"potentialAction\":[{\"@type\":\"SearchAction\",\"target\":{\"@type\":\"EntryPoint\",\"urlTemplate\":\"https:\/\/www.celttv.com.ar\/?s={search_term_string}\"},\"query-input\":\"required name=search_term_string\"}],\"inLanguage\":\"es\"},{\"@type\":\"Organization\",\"@id\":\"https:\/\/www.celttv.com.ar\/#organization\",\"name\":\"CELTTV\",\"url\":\"https:\/\/www.celttv.com.ar\/\",\"sameAs\":[\"https:\/\/www.youtube.com\/channel\/UCz_oIt8Hig64Ub-EmcNPIhg\",\"https:\/\/www.facebook.com\/celtTV\/\"],\"logo\":{\"@type\":\"ImageObject\",\"inLanguage\":\"es\",\"@id\":\"https:\/\/www.celttv.com.ar\/#\/schema\/logo\/image\/\",\"url\":\"http:\/\/www.celttv.com.ar\/wp-content\/uploads\/2022\/08\/logo-1.png\",\"contentUrl\":\"http:\/\/www.celttv.com.ar\/wp-content\/uploads\/2022\/08\/logo-1.png\",\"width\":461,\"height\":159,\"caption\":\"CELTTV\"},\"image\":{\"@id\":\"https:\/\/www.celttv.com.ar\/#\/schema\/logo\/image\/\"}},{\"@type\":\"Person\",\"@id\":\"https:\/\/www.celttv.com.ar\/#\/schema\/person\/495be51d064edd971d8457f8f64eb172\",\"name\":\"Rodrigo Sgammini\",\"image\":{\"@type\":\"ImageObject\",\"inLanguage\":\"es\",\"@id\":\"https:\/\/www.celttv.com.ar\/#\/schema\/person\/image\/\",\"url\":\"https:\/\/secure.gravatar.com\/avatar\/68f7848d42735e7a9276b47cd6e606327d88f521c51ae39d88888b76902e2987?s=96&d=mm&r=g\",\"contentUrl\":\"https:\/\/secure.gravatar.com\/avatar\/68f7848d42735e7a9276b47cd6e606327d88f521c51ae39d88888b76902e2987?s=96&d=mm&r=g\",\"caption\":\"Rodrigo Sgammini\"}}]}<\/script>\n<!-- \/ Yoast SEO plugin. -->","yoast_head_json":{"title":"Se inaugur\u00f3 una Oficina de Acceso y Derecho a la Salud en Tornquist (Videos) - CELTTV","description":"Sitio web de noticias de la localidad de Tornquist, provincia de Buenos Aires, Rep\u00fablica Argentina. Contenido propio originado por periodistas de CELTTV, el canal de TV local de la Cooperativa El\u00e9ctrica de Tornquist. Turismo, Pol\u00edtica, Sociedad, Deporte, Cultura y todo el contenido de inter\u00e9s general que la gente del pueblo y la regi\u00f3n debe conocer.","robots":{"index":"index","follow":"follow","max-snippet":"max-snippet:-1","max-image-preview":"max-image-preview:large","max-video-preview":"max-video-preview:-1"},"canonical":"https:\/\/www.celttv.com.ar\/index.php\/2022\/09\/30\/se-inauguro-una-oficina-de-acceso-y-derecho-a-la-salud-en-tornquist-videos\/","og_locale":"es_ES","og_type":"article","og_title":"Se inaugur\u00f3 una Oficina de Acceso y Derecho a la Salud en Tornquist (Videos) - CELTTV","og_description":"Sitio web de noticias de la localidad de Tornquist, provincia de Buenos Aires, Rep\u00fablica Argentina. Contenido propio originado por periodistas de CELTTV, el canal de TV local de la Cooperativa El\u00e9ctrica de Tornquist. Turismo, Pol\u00edtica, Sociedad, Deporte, Cultura y todo el contenido de inter\u00e9s general que la gente del pueblo y la regi\u00f3n debe conocer.","og_url":"https:\/\/www.celttv.com.ar\/index.php\/2022\/09\/30\/se-inauguro-una-oficina-de-acceso-y-derecho-a-la-salud-en-tornquist-videos\/","og_site_name":"CELTTV","article_publisher":"https:\/\/www.facebook.com\/celtTV\/","article_published_time":"2022-09-30T16:57:19+00:00","og_image":[{"width":1280,"height":720,"url":"https:\/\/www.celttv.com.ar\/wp-content\/uploads\/2022\/09\/ecffccd8-c0e0-4ba6-8b89-18a43507ec76.jpg","type":"image\/jpeg"}],"author":"Rodrigo Sgammini","twitter_card":"summary_large_image","twitter_misc":{"Escrito por":"Rodrigo Sgammini","Tiempo de lectura":"1 minuto"},"schema":{"@context":"https:\/\/schema.org","@graph":[{"@type":"NewsArticle","@id":"https:\/\/www.celttv.com.ar\/index.php\/2022\/09\/30\/se-inauguro-una-oficina-de-acceso-y-derecho-a-la-salud-en-tornquist-videos\/#article","isPartOf":{"@id":"https:\/\/www.celttv.com.ar\/index.php\/2022\/09\/30\/se-inauguro-una-oficina-de-acceso-y-derecho-a-la-salud-en-tornquist-videos\/"},"author":{"name":"Rodrigo Sgammini","@id":"https:\/\/www.celttv.com.ar\/#\/schema\/person\/495be51d064edd971d8457f8f64eb172"},"headline":"Se inaugur\u00f3 una Oficina de Acceso y Derecho a la Salud en Tornquist (Videos)","datePublished":"2022-09-30T16:57:19+00:00","dateModified":"2022-09-30T16:57:19+00:00","mainEntityOfPage":{"@id":"https:\/\/www.celttv.com.ar\/index.php\/2022\/09\/30\/se-inauguro-una-oficina-de-acceso-y-derecho-a-la-salud-en-tornquist-videos\/"},"wordCount":165,"publisher":{"@id":"https:\/\/www.celttv.com.ar\/#organization"},"articleSection":["Atenci\u00f3n Salud"],"inLanguage":"es"},{"@type":"WebPage","@id":"https:\/\/www.celttv.com.ar\/index.php\/2022\/09\/30\/se-inauguro-una-oficina-de-acceso-y-derecho-a-la-salud-en-tornquist-videos\/","url":"https:\/\/www.celttv.com.ar\/index.php\/2022\/09\/30\/se-inauguro-una-oficina-de-acceso-y-derecho-a-la-salud-en-tornquist-videos\/","name":"Se inaugur\u00f3 una Oficina de Acceso y Derecho a la Salud en Tornquist (Videos) - CELTTV","isPartOf":{"@id":"https:\/\/www.celttv.com.ar\/#website"},"datePublished":"2022-09-30T16:57:19+00:00","dateModified":"2022-09-30T16:57:19+00:00","description":"Sitio web de noticias de la localidad de Tornquist, provincia de Buenos Aires, Rep\u00fablica Argentina. Contenido propio originado por periodistas de CELTTV, el canal de TV local de la Cooperativa El\u00e9ctrica de Tornquist. Turismo, Pol\u00edtica, Sociedad, Deporte, Cultura y todo el contenido de inter\u00e9s general que la gente del pueblo y la regi\u00f3n debe conocer.","breadcrumb":{"@id":"https:\/\/www.celttv.com.ar\/index.php\/2022\/09\/30\/se-inauguro-una-oficina-de-acceso-y-derecho-a-la-salud-en-tornquist-videos\/#breadcrumb"},"inLanguage":"es","potentialAction":[{"@type":"ReadAction","target":["https:\/\/www.celttv.com.ar\/index.php\/2022\/09\/30\/se-inauguro-una-oficina-de-acceso-y-derecho-a-la-salud-en-tornquist-videos\/"]}]},{"@type":"BreadcrumbList","@id":"https:\/\/www.celttv.com.ar\/index.php\/2022\/09\/30\/se-inauguro-una-oficina-de-acceso-y-derecho-a-la-salud-en-tornquist-videos\/#breadcrumb","itemListElement":[{"@type":"ListItem","position":1,"name":"Inicio","item":"https:\/\/www.celttv.com.ar\/"},{"@type":"ListItem","position":2,"name":"Se inaugur\u00f3 una Oficina de Acceso y Derecho a la Salud en Tornquist (Videos)"}]},{"@type":"WebSite","@id":"https:\/\/www.celttv.com.ar\/#website","url":"https:\/\/www.celttv.com.ar\/","name":"CELTTV","description":"Cooperativa El\u00e9ctrica de Tornquist","publisher":{"@id":"https:\/\/www.celttv.com.ar\/#organization"},"potentialAction":[{"@type":"SearchAction","target":{"@type":"EntryPoint","urlTemplate":"https:\/\/www.celttv.com.ar\/?s={search_term_string}"},"query-input":"required name=search_term_string"}],"inLanguage":"es"},{"@type":"Organization","@id":"https:\/\/www.celttv.com.ar\/#organization","name":"CELTTV","url":"https:\/\/www.celttv.com.ar\/","sameAs":["https:\/\/www.youtube.com\/channel\/UCz_oIt8Hig64Ub-EmcNPIhg","https:\/\/www.facebook.com\/celtTV\/"],"logo":{"@type":"ImageObject","inLanguage":"es","@id":"https:\/\/www.celttv.com.ar\/#\/schema\/logo\/image\/","url":"http:\/\/www.celttv.com.ar\/wp-content\/uploads\/2022\/08\/logo-1.png","contentUrl":"http:\/\/www.celttv.com.ar\/wp-content\/uploads\/2022\/08\/logo-1.png","width":461,"height":159,"caption":"CELTTV"},"image":{"@id":"https:\/\/www.celttv.com.ar\/#\/schema\/logo\/image\/"}},{"@type":"Person","@id":"https:\/\/www.celttv.com.ar\/#\/schema\/person\/495be51d064edd971d8457f8f64eb172","name":"Rodrigo Sgammini","image":{"@type":"ImageObject","inLanguage":"es","@id":"https:\/\/www.celttv.com.ar\/#\/schema\/person\/image\/","url":"https:\/\/secure.gravatar.com\/avatar\/68f7848d42735e7a9276b47cd6e606327d88f521c51ae39d88888b76902e2987?s=96&d=mm&r=g","contentUrl":"https:\/\/secure.gravatar.com\/avatar\/68f7848d42735e7a9276b47cd6e606327d88f521c51ae39d88888b76902e2987?s=96&d=mm&r=g","caption":"Rodrigo Sgammini"}}]}},"_links":{"self":[{"href":"https:\/\/www.celttv.com.ar\/index.php\/wp-json\/wp\/v2\/posts\/69887","targetHints":{"allow":["GET"]}}],"collection":[{"href":"https:\/\/www.celttv.com.ar\/index.php\/wp-json\/wp\/v2\/posts"}],"about":[{"href":"https:\/\/www.celttv.com.ar\/index.php\/wp-json\/wp\/v2\/types\/post"}],"author":[{"embeddable":true,"href":"https:\/\/www.celttv.com.ar\/index.php\/wp-json\/wp\/v2\/users\/3"}],"replies":[{"embeddable":true,"href":"https:\/\/www.celttv.com.ar\/index.php\/wp-json\/wp\/v2\/comments?post=69887"}],"version-history":[{"count":1,"href":"https:\/\/www.celttv.com.ar\/index.php\/wp-json\/wp\/v2\/posts\/69887\/revisions"}],"predecessor-version":[{"id":69889,"href":"https:\/\/www.celttv.com.ar\/index.php\/wp-json\/wp\/v2\/posts\/69887\/revisions\/69889"}],"wp:featuredmedia":[{"embeddable":true,"href":"https:\/\/www.celttv.com.ar\/index.php\/wp-json\/wp\/v2\/media\/69888"}],"wp:attachment":[{"href":"https:\/\/www.celttv.com.ar\/index.php\/wp-json\/wp\/v2\/media?parent=69887"}],"wp:term":[{"taxonomy":"category","embeddable":true,"href":"https:\/\/www.celttv.com.ar\/index.php\/wp-json\/wp\/v2\/categories?post=69887"},{"taxonomy":"post_tag","embeddable":true,"href":"https:\/\/www.celttv.com.ar\/index.php\/wp-json\/wp\/v2\/tags?post=69887"}],"curies":[{"name":"wp","href":"https:\/\/api.w.org\/{rel}","templated":true}]}}