{"id":70395,"date":"2022-10-14T22:59:13","date_gmt":"2022-10-15T01:59:13","guid":{"rendered":"http:\/\/www.celttv.com.ar\/?p=70395"},"modified":"2022-10-14T22:59:13","modified_gmt":"2022-10-15T01:59:13","slug":"continuan-los-preparativos-para-la-10o-cabalgata-sierras-de-tornquist","status":"publish","type":"post","link":"https:\/\/www.celttv.com.ar\/index.php\/2022\/10\/14\/continuan-los-preparativos-para-la-10o-cabalgata-sierras-de-tornquist\/","title":{"rendered":"Contin\u00faan los preparativos para la 10\u00ba cabalgata &#8220;Sierras de Tornquist&#8221;"},"content":{"rendered":"<p><iframe loading=\"lazy\" title=\"10\u00b0 CABALGATA SIERRAS DE TORNQUIST\" width=\"500\" height=\"281\" src=\"https:\/\/www.youtube.com\/embed\/b2r1Tpi763w?feature=oembed\" frameborder=\"0\" allow=\"accelerometer; autoplay; clipboard-write; encrypted-media; gyroscope; picture-in-picture; web-share\" referrerpolicy=\"strict-origin-when-cross-origin\" allowfullscreen><\/iframe><\/p>\n<p><iframe loading=\"lazy\" title=\"2022 10 13 NOTA A ALBERTO RUBIO   CABALGATA\" width=\"500\" height=\"281\" src=\"https:\/\/www.youtube.com\/embed\/JItH4h-5OGE?feature=oembed\" frameborder=\"0\" allow=\"accelerometer; autoplay; clipboard-write; encrypted-media; gyroscope; picture-in-picture; web-share\" referrerpolicy=\"strict-origin-when-cross-origin\" allowfullscreen><\/iframe><\/p>\n<p><img loading=\"lazy\" decoding=\"async\" class=\"alignnone size-medium wp-image-70396\" src=\"http:\/\/www.celttv.com.ar\/wp-content\/uploads\/2022\/10\/IMG_9017-Medium-300x200.jpg\" alt=\"\" width=\"300\" height=\"200\" srcset=\"https:\/\/www.celttv.com.ar\/wp-content\/uploads\/2022\/10\/IMG_9017-Medium-300x200.jpg 300w, https:\/\/www.celttv.com.ar\/wp-content\/uploads\/2022\/10\/IMG_9017-Medium-1024x683.jpg 1024w, https:\/\/www.celttv.com.ar\/wp-content\/uploads\/2022\/10\/IMG_9017-Medium-768x512.jpg 768w, https:\/\/www.celttv.com.ar\/wp-content\/uploads\/2022\/10\/IMG_9017-Medium-750x500.jpg 750w, https:\/\/www.celttv.com.ar\/wp-content\/uploads\/2022\/10\/IMG_9017-Medium-1140x760.jpg 1140w, https:\/\/www.celttv.com.ar\/wp-content\/uploads\/2022\/10\/IMG_9017-Medium.jpg 1152w\" sizes=\"auto, (max-width: 300px) 100vw, 300px\" \/><\/p>\n<p>Contin\u00faan los preparativos para la 10\u00ba cabalgata &#8220;Sierras de Tornquist&#8221; que organiza el Club Sportman de Tres Picos.<\/p>\n<p>Alberto Rubio y Walter Maccari, dos de los cordinadores del evento, recorrian el predio del camping Asmara en Villa serrana La Gruta, que ser\u00e1 un punto importante de concentraci\u00f3n luego del recorrido previsto por atractivos senderos con inmejorables paisajes serranos, partiendo desde el predio del Club H\u00edpico Las Sierras.<\/p>\n<p>&#8220;Tenemos mucha expectativa porque la gente se est\u00e1 comunicando desde distintos lugares, interesados en participar de este evento&#8221; coment\u00f3 &#8220;Beto&#8221; Rubio.<\/p>\n<p>Respecto al itinerario a recorrer Rubio record\u00f3 que &#8220;Partimos alrededor de las 09:00 de la ma\u00f1ana desde el Club H\u00edpico y desde ah\u00ed tomamos el camino al Calvario que nos lleva al primer campo y salimos en Loma Zorro, que es un campo que est\u00e1 frente a la estancia de Funke, donde tenemos previsto almorzar y seria la primer parte de la cabalgata&#8221;<\/p>\n<p>&#8220;Desde ah\u00ed salimos por las sierras, cruzando todo el cord\u00f3n serrano y salir a la ruta 76 y desde ah\u00ed hasta el Camping Asmara, donde est\u00e1 previsto un colectivo para trasladar a la gente que haya dejado su veh\u00edculo en el Club H\u00edpico&#8221; coment\u00f3<\/p>\n<p>Rubio coment\u00f3 que habr\u00e1 espect\u00e1culos para lo cual se ha dispuesto de una carpa que estar\u00e1 instalada en el predio. &#8220;Esto har\u00e1 que la gente se pueda reunir y disfrutar algo mas de la jornada&#8221; explic\u00f3.<\/p>\n<p>Ya se ha previsto toda la log\u00edstica para el evento que promete reunir a una importante cantidad de jinetes retomando, luego de la pandemia, una de las importantes actividades que ya est\u00e1 instalada en el calendario de nuestra comarca.<\/p>\n<p>&nbsp;<\/p>\n","protected":false},"excerpt":{"rendered":"<p>Contin\u00faan los preparativos para la 10\u00ba cabalgata &#8220;Sierras de Tornquist&#8221; que organiza el Club Sportman de Tres Picos. Alberto Rubio y Walter Maccari, dos de los cordinadores del evento, recorrian el predio del camping Asmara en Villa serrana La Gruta, que ser\u00e1 un punto importante de concentraci\u00f3n luego del recorrido previsto por atractivos senderos con [&hellip;]<\/p>\n","protected":false},"author":5,"featured_media":70397,"comment_status":"closed","ping_status":"closed","sticky":false,"template":"","format":"standard","meta":{"footnotes":""},"categories":[51,62,52,56,58,64],"tags":[428],"class_list":["post-70395","post","type-post","status-publish","format-standard","has-post-thumbnail","hentry","category-comunidad","category-deportes","category-destacadas","category-espectaculos","category-turismo","category-videos-destacados","tag-continuan-los-preparativos-para-la-10o-cabalgata-sierras-de-tornquist"],"yoast_head":"<!-- This site is optimized with the Yoast SEO plugin v19.7.1 - https:\/\/yoast.com\/wordpress\/plugins\/seo\/ -->\n<title>Contin\u00faan los preparativos para la 10\u00ba cabalgata &quot;Sierras de Tornquist&quot; - CELTTV<\/title>\n<meta name=\"description\" content=\"Sitio web de noticias de la localidad de Tornquist, provincia de Buenos Aires, Rep\u00fablica Argentina. Contenido propio originado por periodistas de CELTTV, el canal de TV local de la Cooperativa El\u00e9ctrica de Tornquist. Turismo, Pol\u00edtica, Sociedad, Deporte, Cultura y todo el contenido de inter\u00e9s general que la gente del pueblo y la regi\u00f3n debe conocer.\" \/>\n<meta name=\"robots\" content=\"index, follow, max-snippet:-1, max-image-preview:large, max-video-preview:-1\" \/>\n<link rel=\"canonical\" href=\"https:\/\/www.celttv.com.ar\/index.php\/2022\/10\/14\/continuan-los-preparativos-para-la-10o-cabalgata-sierras-de-tornquist\/\" \/>\n<meta property=\"og:locale\" content=\"es_ES\" \/>\n<meta property=\"og:type\" content=\"article\" \/>\n<meta property=\"og:title\" content=\"Contin\u00faan los preparativos para la 10\u00ba cabalgata &quot;Sierras de Tornquist&quot; - CELTTV\" \/>\n<meta property=\"og:description\" content=\"Sitio web de noticias de la localidad de Tornquist, provincia de Buenos Aires, Rep\u00fablica Argentina. Contenido propio originado por periodistas de CELTTV, el canal de TV local de la Cooperativa El\u00e9ctrica de Tornquist. Turismo, Pol\u00edtica, Sociedad, Deporte, Cultura y todo el contenido de inter\u00e9s general que la gente del pueblo y la regi\u00f3n debe conocer.\" \/>\n<meta property=\"og:url\" content=\"https:\/\/www.celttv.com.ar\/index.php\/2022\/10\/14\/continuan-los-preparativos-para-la-10o-cabalgata-sierras-de-tornquist\/\" \/>\n<meta property=\"og:site_name\" content=\"CELTTV\" \/>\n<meta property=\"article:publisher\" content=\"https:\/\/www.facebook.com\/celtTV\/\" \/>\n<meta property=\"article:published_time\" content=\"2022-10-15T01:59:13+00:00\" \/>\n<meta property=\"og:image\" content=\"https:\/\/www.celttv.com.ar\/wp-content\/uploads\/2022\/10\/cabalgata.jpg\" \/>\n\t<meta property=\"og:image:width\" content=\"661\" \/>\n\t<meta property=\"og:image:height\" content=\"342\" \/>\n\t<meta property=\"og:image:type\" content=\"image\/jpeg\" \/>\n<meta name=\"author\" content=\"Miguel Herrada\" \/>\n<meta name=\"twitter:card\" content=\"summary_large_image\" \/>\n<meta name=\"twitter:label1\" content=\"Escrito por\" \/>\n\t<meta name=\"twitter:data1\" content=\"Miguel Herrada\" \/>\n\t<meta name=\"twitter:label2\" content=\"Tiempo de lectura\" \/>\n\t<meta name=\"twitter:data2\" content=\"1 minuto\" \/>\n<script type=\"application\/ld+json\" class=\"yoast-schema-graph\">{\"@context\":\"https:\/\/schema.org\",\"@graph\":[{\"@type\":\"NewsArticle\",\"@id\":\"https:\/\/www.celttv.com.ar\/index.php\/2022\/10\/14\/continuan-los-preparativos-para-la-10o-cabalgata-sierras-de-tornquist\/#article\",\"isPartOf\":{\"@id\":\"https:\/\/www.celttv.com.ar\/index.php\/2022\/10\/14\/continuan-los-preparativos-para-la-10o-cabalgata-sierras-de-tornquist\/\"},\"author\":{\"name\":\"Miguel Herrada\",\"@id\":\"https:\/\/www.celttv.com.ar\/#\/schema\/person\/9059dc91dc7204ef4182cdb65225f07d\"},\"headline\":\"Contin\u00faan los preparativos para la 10\u00ba cabalgata &#8220;Sierras de Tornquist&#8221;\",\"datePublished\":\"2022-10-15T01:59:13+00:00\",\"dateModified\":\"2022-10-15T01:59:13+00:00\",\"mainEntityOfPage\":{\"@id\":\"https:\/\/www.celttv.com.ar\/index.php\/2022\/10\/14\/continuan-los-preparativos-para-la-10o-cabalgata-sierras-de-tornquist\/\"},\"wordCount\":301,\"publisher\":{\"@id\":\"https:\/\/www.celttv.com.ar\/#organization\"},\"keywords\":[\"Contin\u00faan los preparativos para la 10\u00ba cabalgata \\\"Sierras de Tornquist\\\"\"],\"articleSection\":[\"Comunidad\",\"Deportes\",\"Destacadas\",\"Espect\u00e1culos\",\"Turismo\",\"Videos Destacados\"],\"inLanguage\":\"es\"},{\"@type\":\"WebPage\",\"@id\":\"https:\/\/www.celttv.com.ar\/index.php\/2022\/10\/14\/continuan-los-preparativos-para-la-10o-cabalgata-sierras-de-tornquist\/\",\"url\":\"https:\/\/www.celttv.com.ar\/index.php\/2022\/10\/14\/continuan-los-preparativos-para-la-10o-cabalgata-sierras-de-tornquist\/\",\"name\":\"Contin\u00faan los preparativos para la 10\u00ba cabalgata \\\"Sierras de Tornquist\\\" - CELTTV\",\"isPartOf\":{\"@id\":\"https:\/\/www.celttv.com.ar\/#website\"},\"datePublished\":\"2022-10-15T01:59:13+00:00\",\"dateModified\":\"2022-10-15T01:59:13+00:00\",\"description\":\"Sitio web de noticias de la localidad de Tornquist, provincia de Buenos Aires, Rep\u00fablica Argentina. Contenido propio originado por periodistas de CELTTV, el canal de TV local de la Cooperativa El\u00e9ctrica de Tornquist. Turismo, Pol\u00edtica, Sociedad, Deporte, Cultura y todo el contenido de inter\u00e9s general que la gente del pueblo y la regi\u00f3n debe conocer.\",\"breadcrumb\":{\"@id\":\"https:\/\/www.celttv.com.ar\/index.php\/2022\/10\/14\/continuan-los-preparativos-para-la-10o-cabalgata-sierras-de-tornquist\/#breadcrumb\"},\"inLanguage\":\"es\",\"potentialAction\":[{\"@type\":\"ReadAction\",\"target\":[\"https:\/\/www.celttv.com.ar\/index.php\/2022\/10\/14\/continuan-los-preparativos-para-la-10o-cabalgata-sierras-de-tornquist\/\"]}]},{\"@type\":\"BreadcrumbList\",\"@id\":\"https:\/\/www.celttv.com.ar\/index.php\/2022\/10\/14\/continuan-los-preparativos-para-la-10o-cabalgata-sierras-de-tornquist\/#breadcrumb\",\"itemListElement\":[{\"@type\":\"ListItem\",\"position\":1,\"name\":\"Inicio\",\"item\":\"https:\/\/www.celttv.com.ar\/\"},{\"@type\":\"ListItem\",\"position\":2,\"name\":\"Contin\u00faan los preparativos para la 10\u00ba cabalgata &#8220;Sierras de Tornquist&#8221;\"}]},{\"@type\":\"WebSite\",\"@id\":\"https:\/\/www.celttv.com.ar\/#website\",\"url\":\"https:\/\/www.celttv.com.ar\/\",\"name\":\"CELTTV\",\"description\":\"Cooperativa El\u00e9ctrica de Tornquist\",\"publisher\":{\"@id\":\"https:\/\/www.celttv.com.ar\/#organization\"},\"potentialAction\":[{\"@type\":\"SearchAction\",\"target\":{\"@type\":\"EntryPoint\",\"urlTemplate\":\"https:\/\/www.celttv.com.ar\/?s={search_term_string}\"},\"query-input\":\"required name=search_term_string\"}],\"inLanguage\":\"es\"},{\"@type\":\"Organization\",\"@id\":\"https:\/\/www.celttv.com.ar\/#organization\",\"name\":\"CELTTV\",\"url\":\"https:\/\/www.celttv.com.ar\/\",\"sameAs\":[\"https:\/\/www.youtube.com\/channel\/UCz_oIt8Hig64Ub-EmcNPIhg\",\"https:\/\/www.facebook.com\/celtTV\/\"],\"logo\":{\"@type\":\"ImageObject\",\"inLanguage\":\"es\",\"@id\":\"https:\/\/www.celttv.com.ar\/#\/schema\/logo\/image\/\",\"url\":\"http:\/\/www.celttv.com.ar\/wp-content\/uploads\/2022\/08\/logo-1.png\",\"contentUrl\":\"http:\/\/www.celttv.com.ar\/wp-content\/uploads\/2022\/08\/logo-1.png\",\"width\":461,\"height\":159,\"caption\":\"CELTTV\"},\"image\":{\"@id\":\"https:\/\/www.celttv.com.ar\/#\/schema\/logo\/image\/\"}},{\"@type\":\"Person\",\"@id\":\"https:\/\/www.celttv.com.ar\/#\/schema\/person\/9059dc91dc7204ef4182cdb65225f07d\",\"name\":\"Miguel Herrada\",\"image\":{\"@type\":\"ImageObject\",\"inLanguage\":\"es\",\"@id\":\"https:\/\/www.celttv.com.ar\/#\/schema\/person\/image\/\",\"url\":\"https:\/\/secure.gravatar.com\/avatar\/67724d5b3c716623ffd76bec7e45841a442ac3b456e914dbba90b0fad2b8e0b1?s=96&d=mm&r=g\",\"contentUrl\":\"https:\/\/secure.gravatar.com\/avatar\/67724d5b3c716623ffd76bec7e45841a442ac3b456e914dbba90b0fad2b8e0b1?s=96&d=mm&r=g\",\"caption\":\"Miguel Herrada\"}}]}<\/script>\n<!-- \/ Yoast SEO plugin. -->","yoast_head_json":{"title":"Contin\u00faan los preparativos para la 10\u00ba cabalgata \"Sierras de Tornquist\" - CELTTV","description":"Sitio web de noticias de la localidad de Tornquist, provincia de Buenos Aires, Rep\u00fablica Argentina. Contenido propio originado por periodistas de CELTTV, el canal de TV local de la Cooperativa El\u00e9ctrica de Tornquist. Turismo, Pol\u00edtica, Sociedad, Deporte, Cultura y todo el contenido de inter\u00e9s general que la gente del pueblo y la regi\u00f3n debe conocer.","robots":{"index":"index","follow":"follow","max-snippet":"max-snippet:-1","max-image-preview":"max-image-preview:large","max-video-preview":"max-video-preview:-1"},"canonical":"https:\/\/www.celttv.com.ar\/index.php\/2022\/10\/14\/continuan-los-preparativos-para-la-10o-cabalgata-sierras-de-tornquist\/","og_locale":"es_ES","og_type":"article","og_title":"Contin\u00faan los preparativos para la 10\u00ba cabalgata \"Sierras de Tornquist\" - CELTTV","og_description":"Sitio web de noticias de la localidad de Tornquist, provincia de Buenos Aires, Rep\u00fablica Argentina. Contenido propio originado por periodistas de CELTTV, el canal de TV local de la Cooperativa El\u00e9ctrica de Tornquist. Turismo, Pol\u00edtica, Sociedad, Deporte, Cultura y todo el contenido de inter\u00e9s general que la gente del pueblo y la regi\u00f3n debe conocer.","og_url":"https:\/\/www.celttv.com.ar\/index.php\/2022\/10\/14\/continuan-los-preparativos-para-la-10o-cabalgata-sierras-de-tornquist\/","og_site_name":"CELTTV","article_publisher":"https:\/\/www.facebook.com\/celtTV\/","article_published_time":"2022-10-15T01:59:13+00:00","og_image":[{"width":661,"height":342,"url":"https:\/\/www.celttv.com.ar\/wp-content\/uploads\/2022\/10\/cabalgata.jpg","type":"image\/jpeg"}],"author":"Miguel Herrada","twitter_card":"summary_large_image","twitter_misc":{"Escrito por":"Miguel Herrada","Tiempo de lectura":"1 minuto"},"schema":{"@context":"https:\/\/schema.org","@graph":[{"@type":"NewsArticle","@id":"https:\/\/www.celttv.com.ar\/index.php\/2022\/10\/14\/continuan-los-preparativos-para-la-10o-cabalgata-sierras-de-tornquist\/#article","isPartOf":{"@id":"https:\/\/www.celttv.com.ar\/index.php\/2022\/10\/14\/continuan-los-preparativos-para-la-10o-cabalgata-sierras-de-tornquist\/"},"author":{"name":"Miguel Herrada","@id":"https:\/\/www.celttv.com.ar\/#\/schema\/person\/9059dc91dc7204ef4182cdb65225f07d"},"headline":"Contin\u00faan los preparativos para la 10\u00ba cabalgata &#8220;Sierras de Tornquist&#8221;","datePublished":"2022-10-15T01:59:13+00:00","dateModified":"2022-10-15T01:59:13+00:00","mainEntityOfPage":{"@id":"https:\/\/www.celttv.com.ar\/index.php\/2022\/10\/14\/continuan-los-preparativos-para-la-10o-cabalgata-sierras-de-tornquist\/"},"wordCount":301,"publisher":{"@id":"https:\/\/www.celttv.com.ar\/#organization"},"keywords":["Contin\u00faan los preparativos para la 10\u00ba cabalgata \"Sierras de Tornquist\""],"articleSection":["Comunidad","Deportes","Destacadas","Espect\u00e1culos","Turismo","Videos Destacados"],"inLanguage":"es"},{"@type":"WebPage","@id":"https:\/\/www.celttv.com.ar\/index.php\/2022\/10\/14\/continuan-los-preparativos-para-la-10o-cabalgata-sierras-de-tornquist\/","url":"https:\/\/www.celttv.com.ar\/index.php\/2022\/10\/14\/continuan-los-preparativos-para-la-10o-cabalgata-sierras-de-tornquist\/","name":"Contin\u00faan los preparativos para la 10\u00ba cabalgata \"Sierras de Tornquist\" - CELTTV","isPartOf":{"@id":"https:\/\/www.celttv.com.ar\/#website"},"datePublished":"2022-10-15T01:59:13+00:00","dateModified":"2022-10-15T01:59:13+00:00","description":"Sitio web de noticias de la localidad de Tornquist, provincia de Buenos Aires, Rep\u00fablica Argentina. Contenido propio originado por periodistas de CELTTV, el canal de TV local de la Cooperativa El\u00e9ctrica de Tornquist. Turismo, Pol\u00edtica, Sociedad, Deporte, Cultura y todo el contenido de inter\u00e9s general que la gente del pueblo y la regi\u00f3n debe conocer.","breadcrumb":{"@id":"https:\/\/www.celttv.com.ar\/index.php\/2022\/10\/14\/continuan-los-preparativos-para-la-10o-cabalgata-sierras-de-tornquist\/#breadcrumb"},"inLanguage":"es","potentialAction":[{"@type":"ReadAction","target":["https:\/\/www.celttv.com.ar\/index.php\/2022\/10\/14\/continuan-los-preparativos-para-la-10o-cabalgata-sierras-de-tornquist\/"]}]},{"@type":"BreadcrumbList","@id":"https:\/\/www.celttv.com.ar\/index.php\/2022\/10\/14\/continuan-los-preparativos-para-la-10o-cabalgata-sierras-de-tornquist\/#breadcrumb","itemListElement":[{"@type":"ListItem","position":1,"name":"Inicio","item":"https:\/\/www.celttv.com.ar\/"},{"@type":"ListItem","position":2,"name":"Contin\u00faan los preparativos para la 10\u00ba cabalgata &#8220;Sierras de Tornquist&#8221;"}]},{"@type":"WebSite","@id":"https:\/\/www.celttv.com.ar\/#website","url":"https:\/\/www.celttv.com.ar\/","name":"CELTTV","description":"Cooperativa El\u00e9ctrica de Tornquist","publisher":{"@id":"https:\/\/www.celttv.com.ar\/#organization"},"potentialAction":[{"@type":"SearchAction","target":{"@type":"EntryPoint","urlTemplate":"https:\/\/www.celttv.com.ar\/?s={search_term_string}"},"query-input":"required name=search_term_string"}],"inLanguage":"es"},{"@type":"Organization","@id":"https:\/\/www.celttv.com.ar\/#organization","name":"CELTTV","url":"https:\/\/www.celttv.com.ar\/","sameAs":["https:\/\/www.youtube.com\/channel\/UCz_oIt8Hig64Ub-EmcNPIhg","https:\/\/www.facebook.com\/celtTV\/"],"logo":{"@type":"ImageObject","inLanguage":"es","@id":"https:\/\/www.celttv.com.ar\/#\/schema\/logo\/image\/","url":"http:\/\/www.celttv.com.ar\/wp-content\/uploads\/2022\/08\/logo-1.png","contentUrl":"http:\/\/www.celttv.com.ar\/wp-content\/uploads\/2022\/08\/logo-1.png","width":461,"height":159,"caption":"CELTTV"},"image":{"@id":"https:\/\/www.celttv.com.ar\/#\/schema\/logo\/image\/"}},{"@type":"Person","@id":"https:\/\/www.celttv.com.ar\/#\/schema\/person\/9059dc91dc7204ef4182cdb65225f07d","name":"Miguel Herrada","image":{"@type":"ImageObject","inLanguage":"es","@id":"https:\/\/www.celttv.com.ar\/#\/schema\/person\/image\/","url":"https:\/\/secure.gravatar.com\/avatar\/67724d5b3c716623ffd76bec7e45841a442ac3b456e914dbba90b0fad2b8e0b1?s=96&d=mm&r=g","contentUrl":"https:\/\/secure.gravatar.com\/avatar\/67724d5b3c716623ffd76bec7e45841a442ac3b456e914dbba90b0fad2b8e0b1?s=96&d=mm&r=g","caption":"Miguel Herrada"}}]}},"_links":{"self":[{"href":"https:\/\/www.celttv.com.ar\/index.php\/wp-json\/wp\/v2\/posts\/70395","targetHints":{"allow":["GET"]}}],"collection":[{"href":"https:\/\/www.celttv.com.ar\/index.php\/wp-json\/wp\/v2\/posts"}],"about":[{"href":"https:\/\/www.celttv.com.ar\/index.php\/wp-json\/wp\/v2\/types\/post"}],"author":[{"embeddable":true,"href":"https:\/\/www.celttv.com.ar\/index.php\/wp-json\/wp\/v2\/users\/5"}],"replies":[{"embeddable":true,"href":"https:\/\/www.celttv.com.ar\/index.php\/wp-json\/wp\/v2\/comments?post=70395"}],"version-history":[{"count":1,"href":"https:\/\/www.celttv.com.ar\/index.php\/wp-json\/wp\/v2\/posts\/70395\/revisions"}],"predecessor-version":[{"id":70398,"href":"https:\/\/www.celttv.com.ar\/index.php\/wp-json\/wp\/v2\/posts\/70395\/revisions\/70398"}],"wp:featuredmedia":[{"embeddable":true,"href":"https:\/\/www.celttv.com.ar\/index.php\/wp-json\/wp\/v2\/media\/70397"}],"wp:attachment":[{"href":"https:\/\/www.celttv.com.ar\/index.php\/wp-json\/wp\/v2\/media?parent=70395"}],"wp:term":[{"taxonomy":"category","embeddable":true,"href":"https:\/\/www.celttv.com.ar\/index.php\/wp-json\/wp\/v2\/categories?post=70395"},{"taxonomy":"post_tag","embeddable":true,"href":"https:\/\/www.celttv.com.ar\/index.php\/wp-json\/wp\/v2\/tags?post=70395"}],"curies":[{"name":"wp","href":"https:\/\/api.w.org\/{rel}","templated":true}]}}