{"id":70399,"date":"2022-10-15T11:37:34","date_gmt":"2022-10-15T14:37:34","guid":{"rendered":"http:\/\/www.celttv.com.ar\/?p=70399"},"modified":"2022-10-15T11:37:34","modified_gmt":"2022-10-15T14:37:34","slug":"excelente-participacion-de-la-escuela-municipal-de-atletismo-tornquist-en-la-copa-nacional-de-clubes-u18","status":"publish","type":"post","link":"https:\/\/www.celttv.com.ar\/index.php\/2022\/10\/15\/excelente-participacion-de-la-escuela-municipal-de-atletismo-tornquist-en-la-copa-nacional-de-clubes-u18\/","title":{"rendered":"Excelente participaci\u00f3n de la Escuela Municipal de Atletismo Tornquist en la Copa Nacional de Clubes U18"},"content":{"rendered":"<p>El s\u00e1bado 8 y domingo 9 de octubre en la ciudad de Neuqu\u00e9n, se desarroll\u00f3 la Copa Nacional de Clubes U18 de atletismo, con la participaci\u00f3n de la Escuela Municipal de Atletismo de Tornquist.<\/p>\n<p>El certamen, que reuni\u00f3 a los mejores exponentes de las disciplinas, cont\u00f3 con la organizaci\u00f3n conjunta de la Federaci\u00f3n Atletica Neuquina y su par rionegrina; y con la participaci\u00f3n de m\u00e1s de 400 atletas de todo el pa\u00eds.<\/p>\n<p>Entre los importantes resultados obtenidos por la EMAT, se destac\u00f3 sin dudas el 1\u00b0 puesto de <strong>Tomas Trevellini<\/strong> que se consagr\u00f3 Campe\u00f3n Nacional en Salto con garrocha.<\/p>\n<p>Durante los dos d\u00edas que dur\u00f3 la competencia, los representantes de la EMAT, participaron en salto, velocidad con vallas y lanzamiento, logrando destacadas marcas personales y puestos.<\/p>\n<p>&#8211;<strong>AgostinaCozzi<\/strong> mejor\u00f3 su marca en 100 mts;<\/p>\n<p>&#8211;<strong>Gianella Arandahizo<\/strong> su debuten un torneo;<\/p>\n<p>&#8211;<strong>Brenda Videla<\/strong> mejor\u00f3 marca en martillo, bala, y tuvo su primera marca con jabalina de 500 grs;<\/p>\n<p>&#8211;<strong>Francisco Marrero<\/strong> mejor\u00f3 su marca en disco;<\/p>\n<p>&#8211;<strong>Ariel Bonifacini<\/strong> mejor\u00f3 su marca en 100 mts, largo y bala;<\/p>\n<p>&#8211;<strong>Carlos Peralta<\/strong> mejor\u00f3 su marca en 100 y 200 mts;<\/p>\n<p>&#8211;<strong>Javier Gil<\/strong> mejor\u00f3 su marca en martillo;<\/p>\n<p>&#8211;<strong>Lucas Scabuso<\/strong> mejor\u00f3 su marca en 100 mts;<\/p>\n<p>&#8211;<strong>Mauricio Esmoli<\/strong> mejor\u00f3 su marca de jabalina;<\/p>\n<p>&#8211;<strong>William Morales<\/strong> qued\u00f3 cuarto en bala y mejor\u00f3 su marca en disco;<\/p>\n<p>&#8211;<strong>Tomas Trivellini<\/strong> sali\u00f3 campe\u00f3n nacional en salto con garrocha y 5to en salto en alto, marcando unas de sus mejores marcas;<\/p>\n<p>&#8211;<strong>Nicol\u00e1s Sethman<\/strong> mejor\u00f3 sus marcas de disco, jabalina y martillo<\/p>\n<p>Con estos resultados, la EMAT, de la Subsecretar\u00eda de Deportes de Tornquist Municipio, logr\u00f3 una destacada participaci\u00f3n en la Copa Nacional.<\/p>\n<p>La Escuela Municipal de Atletismo agradece el esfuerzo y acompa\u00f1amiento de las familias y de la Subsecretaria de Deportes; que sin su colaboraci\u00f3n estas competencias no ser\u00edan posibles.<\/p>\n<p>&nbsp;<\/p>\n<p><img loading=\"lazy\" decoding=\"async\" class=\"alignnone size-medium wp-image-70400\" src=\"http:\/\/www.celttv.com.ar\/wp-content\/uploads\/2022\/10\/copa-169x300.jpeg\" alt=\"\" width=\"169\" height=\"300\" srcset=\"https:\/\/www.celttv.com.ar\/wp-content\/uploads\/2022\/10\/copa-169x300.jpeg 169w, https:\/\/www.celttv.com.ar\/wp-content\/uploads\/2022\/10\/copa-576x1024.jpeg 576w, https:\/\/www.celttv.com.ar\/wp-content\/uploads\/2022\/10\/copa-768x1365.jpeg 768w, https:\/\/www.celttv.com.ar\/wp-content\/uploads\/2022\/10\/copa-864x1536.jpeg 864w, https:\/\/www.celttv.com.ar\/wp-content\/uploads\/2022\/10\/copa-750x1333.jpeg 750w, https:\/\/www.celttv.com.ar\/wp-content\/uploads\/2022\/10\/copa.jpeg 900w\" sizes=\"auto, (max-width: 169px) 100vw, 169px\" \/> <img loading=\"lazy\" decoding=\"async\" class=\"alignnone size-medium wp-image-70401\" src=\"http:\/\/www.celttv.com.ar\/wp-content\/uploads\/2022\/10\/copa1-300x225.jpeg\" alt=\"\" width=\"300\" height=\"225\" srcset=\"https:\/\/www.celttv.com.ar\/wp-content\/uploads\/2022\/10\/copa1-300x225.jpeg 300w, https:\/\/www.celttv.com.ar\/wp-content\/uploads\/2022\/10\/copa1-1024x768.jpeg 1024w, https:\/\/www.celttv.com.ar\/wp-content\/uploads\/2022\/10\/copa1-768x576.jpeg 768w, https:\/\/www.celttv.com.ar\/wp-content\/uploads\/2022\/10\/copa1-1536x1152.jpeg 1536w, https:\/\/www.celttv.com.ar\/wp-content\/uploads\/2022\/10\/copa1-750x563.jpeg 750w, https:\/\/www.celttv.com.ar\/wp-content\/uploads\/2022\/10\/copa1-1140x855.jpeg 1140w, https:\/\/www.celttv.com.ar\/wp-content\/uploads\/2022\/10\/copa1.jpeg 1600w\" sizes=\"auto, (max-width: 300px) 100vw, 300px\" \/> <img loading=\"lazy\" decoding=\"async\" class=\"alignnone size-medium wp-image-70402\" src=\"http:\/\/www.celttv.com.ar\/wp-content\/uploads\/2022\/10\/copa2-169x300.jpeg\" alt=\"\" width=\"169\" height=\"300\" srcset=\"https:\/\/www.celttv.com.ar\/wp-content\/uploads\/2022\/10\/copa2-169x300.jpeg 169w, https:\/\/www.celttv.com.ar\/wp-content\/uploads\/2022\/10\/copa2-576x1024.jpeg 576w, https:\/\/www.celttv.com.ar\/wp-content\/uploads\/2022\/10\/copa2-768x1365.jpeg 768w, https:\/\/www.celttv.com.ar\/wp-content\/uploads\/2022\/10\/copa2-864x1536.jpeg 864w, https:\/\/www.celttv.com.ar\/wp-content\/uploads\/2022\/10\/copa2-750x1333.jpeg 750w, https:\/\/www.celttv.com.ar\/wp-content\/uploads\/2022\/10\/copa2.jpeg 900w\" sizes=\"auto, (max-width: 169px) 100vw, 169px\" \/> <img loading=\"lazy\" decoding=\"async\" class=\"alignnone size-medium wp-image-70403\" src=\"http:\/\/www.celttv.com.ar\/wp-content\/uploads\/2022\/10\/copa3-225x300.jpeg\" alt=\"\" width=\"225\" height=\"300\" srcset=\"https:\/\/www.celttv.com.ar\/wp-content\/uploads\/2022\/10\/copa3-225x300.jpeg 225w, https:\/\/www.celttv.com.ar\/wp-content\/uploads\/2022\/10\/copa3-768x1024.jpeg 768w, https:\/\/www.celttv.com.ar\/wp-content\/uploads\/2022\/10\/copa3-1152x1536.jpeg 1152w, https:\/\/www.celttv.com.ar\/wp-content\/uploads\/2022\/10\/copa3-750x1000.jpeg 750w, https:\/\/www.celttv.com.ar\/wp-content\/uploads\/2022\/10\/copa3-1140x1520.jpeg 1140w, https:\/\/www.celttv.com.ar\/wp-content\/uploads\/2022\/10\/copa3.jpeg 1200w\" sizes=\"auto, (max-width: 225px) 100vw, 225px\" \/> <img loading=\"lazy\" decoding=\"async\" class=\"alignnone size-medium wp-image-70404\" src=\"http:\/\/www.celttv.com.ar\/wp-content\/uploads\/2022\/10\/copa4-169x300.jpeg\" alt=\"\" width=\"169\" height=\"300\" srcset=\"https:\/\/www.celttv.com.ar\/wp-content\/uploads\/2022\/10\/copa4-169x300.jpeg 169w, https:\/\/www.celttv.com.ar\/wp-content\/uploads\/2022\/10\/copa4-576x1024.jpeg 576w, https:\/\/www.celttv.com.ar\/wp-content\/uploads\/2022\/10\/copa4-768x1365.jpeg 768w, https:\/\/www.celttv.com.ar\/wp-content\/uploads\/2022\/10\/copa4-864x1536.jpeg 864w, https:\/\/www.celttv.com.ar\/wp-content\/uploads\/2022\/10\/copa4-750x1333.jpeg 750w, https:\/\/www.celttv.com.ar\/wp-content\/uploads\/2022\/10\/copa4.jpeg 900w\" sizes=\"auto, (max-width: 169px) 100vw, 169px\" \/><\/p>\n","protected":false},"excerpt":{"rendered":"<p>El s\u00e1bado 8 y domingo 9 de octubre en la ciudad de Neuqu\u00e9n, se desarroll\u00f3 la Copa Nacional de Clubes U18 de atletismo, con la participaci\u00f3n de la Escuela Municipal de Atletismo de Tornquist. El certamen, que reuni\u00f3 a los mejores exponentes de las disciplinas, cont\u00f3 con la organizaci\u00f3n conjunta de la Federaci\u00f3n Atletica Neuquina [&hellip;]<\/p>\n","protected":false},"author":5,"featured_media":70401,"comment_status":"closed","ping_status":"closed","sticky":false,"template":"","format":"standard","meta":{"footnotes":""},"categories":[51,60,52,59],"tags":[429],"class_list":["post-70399","post","type-post","status-publish","format-standard","has-post-thumbnail","hentry","category-comunidad","category-deporte","category-destacadas","category-municipales","tag-excelente-participacion-de-la-escuela-municipal-de-atletismo-tornquist-en-la-copa-nacional-de-clubes-u18"],"yoast_head":"<!-- This site is optimized with the Yoast SEO plugin v19.7.1 - https:\/\/yoast.com\/wordpress\/plugins\/seo\/ -->\n<title>Excelente participaci\u00f3n de la Escuela Municipal de Atletismo Tornquist en la Copa Nacional de Clubes U18 - CELTTV<\/title>\n<meta name=\"description\" content=\"Sitio web de noticias de la localidad de Tornquist, provincia de Buenos Aires, Rep\u00fablica Argentina. Contenido propio originado por periodistas de CELTTV, el canal de TV local de la Cooperativa El\u00e9ctrica de Tornquist. Turismo, Pol\u00edtica, Sociedad, Deporte, Cultura y todo el contenido de inter\u00e9s general que la gente del pueblo y la regi\u00f3n debe conocer.\" \/>\n<meta name=\"robots\" content=\"index, follow, max-snippet:-1, max-image-preview:large, max-video-preview:-1\" \/>\n<link rel=\"canonical\" href=\"https:\/\/www.celttv.com.ar\/index.php\/2022\/10\/15\/excelente-participacion-de-la-escuela-municipal-de-atletismo-tornquist-en-la-copa-nacional-de-clubes-u18\/\" \/>\n<meta property=\"og:locale\" content=\"es_ES\" \/>\n<meta property=\"og:type\" content=\"article\" \/>\n<meta property=\"og:title\" content=\"Excelente participaci\u00f3n de la Escuela Municipal de Atletismo Tornquist en la Copa Nacional de Clubes U18 - CELTTV\" \/>\n<meta property=\"og:description\" content=\"Sitio web de noticias de la localidad de Tornquist, provincia de Buenos Aires, Rep\u00fablica Argentina. Contenido propio originado por periodistas de CELTTV, el canal de TV local de la Cooperativa El\u00e9ctrica de Tornquist. Turismo, Pol\u00edtica, Sociedad, Deporte, Cultura y todo el contenido de inter\u00e9s general que la gente del pueblo y la regi\u00f3n debe conocer.\" \/>\n<meta property=\"og:url\" content=\"https:\/\/www.celttv.com.ar\/index.php\/2022\/10\/15\/excelente-participacion-de-la-escuela-municipal-de-atletismo-tornquist-en-la-copa-nacional-de-clubes-u18\/\" \/>\n<meta property=\"og:site_name\" content=\"CELTTV\" \/>\n<meta property=\"article:publisher\" content=\"https:\/\/www.facebook.com\/celtTV\/\" \/>\n<meta property=\"article:published_time\" content=\"2022-10-15T14:37:34+00:00\" \/>\n<meta property=\"og:image\" content=\"https:\/\/www.celttv.com.ar\/wp-content\/uploads\/2022\/10\/copa1.jpeg\" \/>\n\t<meta property=\"og:image:width\" content=\"1600\" \/>\n\t<meta property=\"og:image:height\" content=\"1200\" \/>\n\t<meta property=\"og:image:type\" content=\"image\/jpeg\" \/>\n<meta name=\"author\" content=\"Miguel Herrada\" \/>\n<meta name=\"twitter:card\" content=\"summary_large_image\" \/>\n<meta name=\"twitter:label1\" content=\"Escrito por\" \/>\n\t<meta name=\"twitter:data1\" content=\"Miguel Herrada\" \/>\n\t<meta name=\"twitter:label2\" content=\"Tiempo de lectura\" \/>\n\t<meta name=\"twitter:data2\" content=\"2 minutos\" \/>\n<script type=\"application\/ld+json\" class=\"yoast-schema-graph\">{\"@context\":\"https:\/\/schema.org\",\"@graph\":[{\"@type\":\"NewsArticle\",\"@id\":\"https:\/\/www.celttv.com.ar\/index.php\/2022\/10\/15\/excelente-participacion-de-la-escuela-municipal-de-atletismo-tornquist-en-la-copa-nacional-de-clubes-u18\/#article\",\"isPartOf\":{\"@id\":\"https:\/\/www.celttv.com.ar\/index.php\/2022\/10\/15\/excelente-participacion-de-la-escuela-municipal-de-atletismo-tornquist-en-la-copa-nacional-de-clubes-u18\/\"},\"author\":{\"name\":\"Miguel Herrada\",\"@id\":\"https:\/\/www.celttv.com.ar\/#\/schema\/person\/9059dc91dc7204ef4182cdb65225f07d\"},\"headline\":\"Excelente participaci\u00f3n de la Escuela Municipal de Atletismo Tornquist en la Copa Nacional de Clubes U18\",\"datePublished\":\"2022-10-15T14:37:34+00:00\",\"dateModified\":\"2022-10-15T14:37:34+00:00\",\"mainEntityOfPage\":{\"@id\":\"https:\/\/www.celttv.com.ar\/index.php\/2022\/10\/15\/excelente-participacion-de-la-escuela-municipal-de-atletismo-tornquist-en-la-copa-nacional-de-clubes-u18\/\"},\"wordCount\":323,\"publisher\":{\"@id\":\"https:\/\/www.celttv.com.ar\/#organization\"},\"keywords\":[\"Excelente participaci\u00f3n de la Escuela Municipal de Atletismo Tornquist en la Copa Nacional de Clubes U18\"],\"articleSection\":[\"Comunidad\",\"Deporte\",\"Destacadas\",\"Municipales\"],\"inLanguage\":\"es\"},{\"@type\":\"WebPage\",\"@id\":\"https:\/\/www.celttv.com.ar\/index.php\/2022\/10\/15\/excelente-participacion-de-la-escuela-municipal-de-atletismo-tornquist-en-la-copa-nacional-de-clubes-u18\/\",\"url\":\"https:\/\/www.celttv.com.ar\/index.php\/2022\/10\/15\/excelente-participacion-de-la-escuela-municipal-de-atletismo-tornquist-en-la-copa-nacional-de-clubes-u18\/\",\"name\":\"Excelente participaci\u00f3n de la Escuela Municipal de Atletismo Tornquist en la Copa Nacional de Clubes U18 - CELTTV\",\"isPartOf\":{\"@id\":\"https:\/\/www.celttv.com.ar\/#website\"},\"datePublished\":\"2022-10-15T14:37:34+00:00\",\"dateModified\":\"2022-10-15T14:37:34+00:00\",\"description\":\"Sitio web de noticias de la localidad de Tornquist, provincia de Buenos Aires, Rep\u00fablica Argentina. Contenido propio originado por periodistas de CELTTV, el canal de TV local de la Cooperativa El\u00e9ctrica de Tornquist. Turismo, Pol\u00edtica, Sociedad, Deporte, Cultura y todo el contenido de inter\u00e9s general que la gente del pueblo y la regi\u00f3n debe conocer.\",\"breadcrumb\":{\"@id\":\"https:\/\/www.celttv.com.ar\/index.php\/2022\/10\/15\/excelente-participacion-de-la-escuela-municipal-de-atletismo-tornquist-en-la-copa-nacional-de-clubes-u18\/#breadcrumb\"},\"inLanguage\":\"es\",\"potentialAction\":[{\"@type\":\"ReadAction\",\"target\":[\"https:\/\/www.celttv.com.ar\/index.php\/2022\/10\/15\/excelente-participacion-de-la-escuela-municipal-de-atletismo-tornquist-en-la-copa-nacional-de-clubes-u18\/\"]}]},{\"@type\":\"BreadcrumbList\",\"@id\":\"https:\/\/www.celttv.com.ar\/index.php\/2022\/10\/15\/excelente-participacion-de-la-escuela-municipal-de-atletismo-tornquist-en-la-copa-nacional-de-clubes-u18\/#breadcrumb\",\"itemListElement\":[{\"@type\":\"ListItem\",\"position\":1,\"name\":\"Inicio\",\"item\":\"https:\/\/www.celttv.com.ar\/\"},{\"@type\":\"ListItem\",\"position\":2,\"name\":\"Excelente participaci\u00f3n de la Escuela Municipal de Atletismo Tornquist en la Copa Nacional de Clubes U18\"}]},{\"@type\":\"WebSite\",\"@id\":\"https:\/\/www.celttv.com.ar\/#website\",\"url\":\"https:\/\/www.celttv.com.ar\/\",\"name\":\"CELTTV\",\"description\":\"Cooperativa El\u00e9ctrica de Tornquist\",\"publisher\":{\"@id\":\"https:\/\/www.celttv.com.ar\/#organization\"},\"potentialAction\":[{\"@type\":\"SearchAction\",\"target\":{\"@type\":\"EntryPoint\",\"urlTemplate\":\"https:\/\/www.celttv.com.ar\/?s={search_term_string}\"},\"query-input\":\"required name=search_term_string\"}],\"inLanguage\":\"es\"},{\"@type\":\"Organization\",\"@id\":\"https:\/\/www.celttv.com.ar\/#organization\",\"name\":\"CELTTV\",\"url\":\"https:\/\/www.celttv.com.ar\/\",\"sameAs\":[\"https:\/\/www.youtube.com\/channel\/UCz_oIt8Hig64Ub-EmcNPIhg\",\"https:\/\/www.facebook.com\/celtTV\/\"],\"logo\":{\"@type\":\"ImageObject\",\"inLanguage\":\"es\",\"@id\":\"https:\/\/www.celttv.com.ar\/#\/schema\/logo\/image\/\",\"url\":\"http:\/\/www.celttv.com.ar\/wp-content\/uploads\/2022\/08\/logo-1.png\",\"contentUrl\":\"http:\/\/www.celttv.com.ar\/wp-content\/uploads\/2022\/08\/logo-1.png\",\"width\":461,\"height\":159,\"caption\":\"CELTTV\"},\"image\":{\"@id\":\"https:\/\/www.celttv.com.ar\/#\/schema\/logo\/image\/\"}},{\"@type\":\"Person\",\"@id\":\"https:\/\/www.celttv.com.ar\/#\/schema\/person\/9059dc91dc7204ef4182cdb65225f07d\",\"name\":\"Miguel Herrada\",\"image\":{\"@type\":\"ImageObject\",\"inLanguage\":\"es\",\"@id\":\"https:\/\/www.celttv.com.ar\/#\/schema\/person\/image\/\",\"url\":\"https:\/\/secure.gravatar.com\/avatar\/67724d5b3c716623ffd76bec7e45841a442ac3b456e914dbba90b0fad2b8e0b1?s=96&d=mm&r=g\",\"contentUrl\":\"https:\/\/secure.gravatar.com\/avatar\/67724d5b3c716623ffd76bec7e45841a442ac3b456e914dbba90b0fad2b8e0b1?s=96&d=mm&r=g\",\"caption\":\"Miguel Herrada\"}}]}<\/script>\n<!-- \/ Yoast SEO plugin. -->","yoast_head_json":{"title":"Excelente participaci\u00f3n de la Escuela Municipal de Atletismo Tornquist en la Copa Nacional de Clubes U18 - CELTTV","description":"Sitio web de noticias de la localidad de Tornquist, provincia de Buenos Aires, Rep\u00fablica Argentina. Contenido propio originado por periodistas de CELTTV, el canal de TV local de la Cooperativa El\u00e9ctrica de Tornquist. Turismo, Pol\u00edtica, Sociedad, Deporte, Cultura y todo el contenido de inter\u00e9s general que la gente del pueblo y la regi\u00f3n debe conocer.","robots":{"index":"index","follow":"follow","max-snippet":"max-snippet:-1","max-image-preview":"max-image-preview:large","max-video-preview":"max-video-preview:-1"},"canonical":"https:\/\/www.celttv.com.ar\/index.php\/2022\/10\/15\/excelente-participacion-de-la-escuela-municipal-de-atletismo-tornquist-en-la-copa-nacional-de-clubes-u18\/","og_locale":"es_ES","og_type":"article","og_title":"Excelente participaci\u00f3n de la Escuela Municipal de Atletismo Tornquist en la Copa Nacional de Clubes U18 - CELTTV","og_description":"Sitio web de noticias de la localidad de Tornquist, provincia de Buenos Aires, Rep\u00fablica Argentina. Contenido propio originado por periodistas de CELTTV, el canal de TV local de la Cooperativa El\u00e9ctrica de Tornquist. Turismo, Pol\u00edtica, Sociedad, Deporte, Cultura y todo el contenido de inter\u00e9s general que la gente del pueblo y la regi\u00f3n debe conocer.","og_url":"https:\/\/www.celttv.com.ar\/index.php\/2022\/10\/15\/excelente-participacion-de-la-escuela-municipal-de-atletismo-tornquist-en-la-copa-nacional-de-clubes-u18\/","og_site_name":"CELTTV","article_publisher":"https:\/\/www.facebook.com\/celtTV\/","article_published_time":"2022-10-15T14:37:34+00:00","og_image":[{"width":1600,"height":1200,"url":"https:\/\/www.celttv.com.ar\/wp-content\/uploads\/2022\/10\/copa1.jpeg","type":"image\/jpeg"}],"author":"Miguel Herrada","twitter_card":"summary_large_image","twitter_misc":{"Escrito por":"Miguel Herrada","Tiempo de lectura":"2 minutos"},"schema":{"@context":"https:\/\/schema.org","@graph":[{"@type":"NewsArticle","@id":"https:\/\/www.celttv.com.ar\/index.php\/2022\/10\/15\/excelente-participacion-de-la-escuela-municipal-de-atletismo-tornquist-en-la-copa-nacional-de-clubes-u18\/#article","isPartOf":{"@id":"https:\/\/www.celttv.com.ar\/index.php\/2022\/10\/15\/excelente-participacion-de-la-escuela-municipal-de-atletismo-tornquist-en-la-copa-nacional-de-clubes-u18\/"},"author":{"name":"Miguel Herrada","@id":"https:\/\/www.celttv.com.ar\/#\/schema\/person\/9059dc91dc7204ef4182cdb65225f07d"},"headline":"Excelente participaci\u00f3n de la Escuela Municipal de Atletismo Tornquist en la Copa Nacional de Clubes U18","datePublished":"2022-10-15T14:37:34+00:00","dateModified":"2022-10-15T14:37:34+00:00","mainEntityOfPage":{"@id":"https:\/\/www.celttv.com.ar\/index.php\/2022\/10\/15\/excelente-participacion-de-la-escuela-municipal-de-atletismo-tornquist-en-la-copa-nacional-de-clubes-u18\/"},"wordCount":323,"publisher":{"@id":"https:\/\/www.celttv.com.ar\/#organization"},"keywords":["Excelente participaci\u00f3n de la Escuela Municipal de Atletismo Tornquist en la Copa Nacional de Clubes U18"],"articleSection":["Comunidad","Deporte","Destacadas","Municipales"],"inLanguage":"es"},{"@type":"WebPage","@id":"https:\/\/www.celttv.com.ar\/index.php\/2022\/10\/15\/excelente-participacion-de-la-escuela-municipal-de-atletismo-tornquist-en-la-copa-nacional-de-clubes-u18\/","url":"https:\/\/www.celttv.com.ar\/index.php\/2022\/10\/15\/excelente-participacion-de-la-escuela-municipal-de-atletismo-tornquist-en-la-copa-nacional-de-clubes-u18\/","name":"Excelente participaci\u00f3n de la Escuela Municipal de Atletismo Tornquist en la Copa Nacional de Clubes U18 - CELTTV","isPartOf":{"@id":"https:\/\/www.celttv.com.ar\/#website"},"datePublished":"2022-10-15T14:37:34+00:00","dateModified":"2022-10-15T14:37:34+00:00","description":"Sitio web de noticias de la localidad de Tornquist, provincia de Buenos Aires, Rep\u00fablica Argentina. Contenido propio originado por periodistas de CELTTV, el canal de TV local de la Cooperativa El\u00e9ctrica de Tornquist. Turismo, Pol\u00edtica, Sociedad, Deporte, Cultura y todo el contenido de inter\u00e9s general que la gente del pueblo y la regi\u00f3n debe conocer.","breadcrumb":{"@id":"https:\/\/www.celttv.com.ar\/index.php\/2022\/10\/15\/excelente-participacion-de-la-escuela-municipal-de-atletismo-tornquist-en-la-copa-nacional-de-clubes-u18\/#breadcrumb"},"inLanguage":"es","potentialAction":[{"@type":"ReadAction","target":["https:\/\/www.celttv.com.ar\/index.php\/2022\/10\/15\/excelente-participacion-de-la-escuela-municipal-de-atletismo-tornquist-en-la-copa-nacional-de-clubes-u18\/"]}]},{"@type":"BreadcrumbList","@id":"https:\/\/www.celttv.com.ar\/index.php\/2022\/10\/15\/excelente-participacion-de-la-escuela-municipal-de-atletismo-tornquist-en-la-copa-nacional-de-clubes-u18\/#breadcrumb","itemListElement":[{"@type":"ListItem","position":1,"name":"Inicio","item":"https:\/\/www.celttv.com.ar\/"},{"@type":"ListItem","position":2,"name":"Excelente participaci\u00f3n de la Escuela Municipal de Atletismo Tornquist en la Copa Nacional de Clubes U18"}]},{"@type":"WebSite","@id":"https:\/\/www.celttv.com.ar\/#website","url":"https:\/\/www.celttv.com.ar\/","name":"CELTTV","description":"Cooperativa El\u00e9ctrica de Tornquist","publisher":{"@id":"https:\/\/www.celttv.com.ar\/#organization"},"potentialAction":[{"@type":"SearchAction","target":{"@type":"EntryPoint","urlTemplate":"https:\/\/www.celttv.com.ar\/?s={search_term_string}"},"query-input":"required name=search_term_string"}],"inLanguage":"es"},{"@type":"Organization","@id":"https:\/\/www.celttv.com.ar\/#organization","name":"CELTTV","url":"https:\/\/www.celttv.com.ar\/","sameAs":["https:\/\/www.youtube.com\/channel\/UCz_oIt8Hig64Ub-EmcNPIhg","https:\/\/www.facebook.com\/celtTV\/"],"logo":{"@type":"ImageObject","inLanguage":"es","@id":"https:\/\/www.celttv.com.ar\/#\/schema\/logo\/image\/","url":"http:\/\/www.celttv.com.ar\/wp-content\/uploads\/2022\/08\/logo-1.png","contentUrl":"http:\/\/www.celttv.com.ar\/wp-content\/uploads\/2022\/08\/logo-1.png","width":461,"height":159,"caption":"CELTTV"},"image":{"@id":"https:\/\/www.celttv.com.ar\/#\/schema\/logo\/image\/"}},{"@type":"Person","@id":"https:\/\/www.celttv.com.ar\/#\/schema\/person\/9059dc91dc7204ef4182cdb65225f07d","name":"Miguel Herrada","image":{"@type":"ImageObject","inLanguage":"es","@id":"https:\/\/www.celttv.com.ar\/#\/schema\/person\/image\/","url":"https:\/\/secure.gravatar.com\/avatar\/67724d5b3c716623ffd76bec7e45841a442ac3b456e914dbba90b0fad2b8e0b1?s=96&d=mm&r=g","contentUrl":"https:\/\/secure.gravatar.com\/avatar\/67724d5b3c716623ffd76bec7e45841a442ac3b456e914dbba90b0fad2b8e0b1?s=96&d=mm&r=g","caption":"Miguel Herrada"}}]}},"_links":{"self":[{"href":"https:\/\/www.celttv.com.ar\/index.php\/wp-json\/wp\/v2\/posts\/70399","targetHints":{"allow":["GET"]}}],"collection":[{"href":"https:\/\/www.celttv.com.ar\/index.php\/wp-json\/wp\/v2\/posts"}],"about":[{"href":"https:\/\/www.celttv.com.ar\/index.php\/wp-json\/wp\/v2\/types\/post"}],"author":[{"embeddable":true,"href":"https:\/\/www.celttv.com.ar\/index.php\/wp-json\/wp\/v2\/users\/5"}],"replies":[{"embeddable":true,"href":"https:\/\/www.celttv.com.ar\/index.php\/wp-json\/wp\/v2\/comments?post=70399"}],"version-history":[{"count":1,"href":"https:\/\/www.celttv.com.ar\/index.php\/wp-json\/wp\/v2\/posts\/70399\/revisions"}],"predecessor-version":[{"id":70405,"href":"https:\/\/www.celttv.com.ar\/index.php\/wp-json\/wp\/v2\/posts\/70399\/revisions\/70405"}],"wp:featuredmedia":[{"embeddable":true,"href":"https:\/\/www.celttv.com.ar\/index.php\/wp-json\/wp\/v2\/media\/70401"}],"wp:attachment":[{"href":"https:\/\/www.celttv.com.ar\/index.php\/wp-json\/wp\/v2\/media?parent=70399"}],"wp:term":[{"taxonomy":"category","embeddable":true,"href":"https:\/\/www.celttv.com.ar\/index.php\/wp-json\/wp\/v2\/categories?post=70399"},{"taxonomy":"post_tag","embeddable":true,"href":"https:\/\/www.celttv.com.ar\/index.php\/wp-json\/wp\/v2\/tags?post=70399"}],"curies":[{"name":"wp","href":"https:\/\/api.w.org\/{rel}","templated":true}]}}