{"id":70413,"date":"2022-10-15T19:30:20","date_gmt":"2022-10-15T22:30:20","guid":{"rendered":"http:\/\/www.celttv.com.ar\/?p=70413"},"modified":"2022-10-15T19:35:46","modified_gmt":"2022-10-15T22:35:46","slug":"70413","status":"publish","type":"post","link":"https:\/\/www.celttv.com.ar\/index.php\/2022\/10\/15\/70413\/","title":{"rendered":"Informe Colsecor: La Canasta B\u00e1sica Alimentaria, con incremento del 88% interanual"},"content":{"rendered":"<table border=\"0\" width=\"100%\" cellspacing=\"0\" cellpadding=\"0\">\n<tbody>\n<tr>\n<td valign=\"top\">\n<table class=\"m_6694091668507816321mcnTextContentContainer\" border=\"0\" width=\"100%\" cellspacing=\"0\" cellpadding=\"0\" align=\"left\">\n<tbody>\n<tr>\n<td class=\"m_6694091668507816321mcnTextContent\" valign=\"top\">\n<p dir=\"ltr\"><strong><u>La Canasta B\u00e1sica Alimentaria, con incremento del 88% interanual<\/u><\/strong><\/p>\n<p dir=\"ltr\">En septiembre\u00a0el salto intermensual fue del 5,4%, mientras que el acumulado desde enero lleg\u00f3 al 65,8%.<\/p>\n<p dir=\"ltr\">La\u00a0<a href=\"https:\/\/colsecor.us6.list-manage.com\/track\/click?u=255f7d8e091d38ae293f46468&amp;id=48faa69234&amp;e=075aedeb85\" target=\"_blank\" rel=\"noopener\" data-saferedirecturl=\"https:\/\/www.google.com\/url?q=https:\/\/colsecor.us6.list-manage.com\/track\/click?u%3D255f7d8e091d38ae293f46468%26id%3D48faa69234%26e%3D075aedeb85&amp;source=gmail&amp;ust=1665935402542000&amp;usg=AOvVaw2yvqqJOtp7QczegblfQUsX\">Fundaci\u00f3n COLSECOR<\/a>\u00a0<strong>present\u00f3 el informe de la Canasta B\u00e1sica Alimentaria (CBA)<\/strong>, que busca generar informaci\u00f3n y profundizar en el conocimiento de las realidades locales.<\/p>\n<p dir=\"ltr\">En base a ese trabajo del que participaron\u00a0<strong>44 localidades de siete provincias<\/strong>, se pudo determinar que en\u00a0<strong>septiembre un adulto necesit\u00f3 $17.587<\/strong>\u00a0para no cruzar la l\u00ednea de indigencia. Ese valor se estableci\u00f3 tomando el promedio de las comunidades participantes.<strong>\u00a0La CBA fue un 5,4% m\u00e1s elevada respecto a la presentada el mes anterior. En el 2022 aument\u00f3 un 65,8%, mientras que en los \u00faltimos 12 meses el costo promedio acumul\u00f3 una suba del 88,4%.\u00a0<\/strong><\/p>\n<p>Para una\u00a0<strong>familia de cuatro integrantes\u00a0<\/strong>el valor de la Canasta B\u00e1sica presentado por la Fundaci\u00f3n COLSECOR se situ\u00f3 en\u00a0<strong>$54.343<\/strong>, mientras que en el caso de un n\u00facleo familiar integrado por dos y tres personas, fue de $26.380 y $43.263 respectivamente. La cifra ascendi\u00f3 a $57.157 teniendo en cuenta hogares conformados por cinco personas.<\/p>\n<p>\u201cEl costo de CBA medida por la Fundaci\u00f3n COLSECOR en la que se relevaron 44 localidades tuvo un aumento del 5,4% en promedio en septiembre con respecto a agosto 2022 lo que llev\u00f3 el valor de la misma para un adulto equivalente a $17.587. Frutas y verduras explican casi la mitad del aumento de este mes. En particular la papa, por el salto en el precio y por su peso en la dieta de la CBA, explica por s\u00ed sola un 20% del aumento. Este producto lleva acumulado un 160% de aumento en lo que va del a\u00f1o y comparte el podio de los alimentos que m\u00e1s aumentaron en el a\u00f1o con la cebolla y el az\u00facar. La carne vacuna aument\u00f3 por debajo del promedio por cuarto mes consecutivo, y acumula como bloque alimenticio un 42% en lo que va del a\u00f1o\u201d indic\u00f3\u00a0<strong>Alberto Calvo<\/strong>, del \u00e1rea de relaciones institucionales de la Fundaci\u00f3n COLSECOR.<\/p>\n<p>Por su parte la soci\u00f3loga\u00a0<strong>Natalia Calcagno<\/strong>, coordinadora del estudio, sostuvo que\u00a0\u201ceste mes se profundiza un comportamiento que observamos en la serie hist\u00f3rica y que tiene que ver con el aumento de la dispersi\u00f3n de los precios entre localidades, aunque sean muy cercanas geogr\u00e1ficamente o similares en su tama\u00f1o. Esto se explica en parte por el propio proceso inflacionario donde la actualizaci\u00f3n no es pareja y adem\u00e1s se observa ciertas estacionalidades de productos particulares\u201d.<\/p>\n<p dir=\"ltr\">Para llegar a la valorizaci\u00f3n que mensualmente presenta la Fundaci\u00f3n, se relevan los componentes de la CBA establecida por el INDEC. Los precios se registran la primera semana de cada mes en el comercio m\u00e1s concurrido de la localidad y corresponden a los productos de mayor consumo, por lo que influyen los h\u00e1bitos de cada lugar.<\/p>\n<\/td>\n<\/tr>\n<\/tbody>\n<\/table>\n<\/td>\n<\/tr>\n<\/tbody>\n<\/table>\n<table border=\"0\" width=\"100%\" cellspacing=\"0\" cellpadding=\"0\">\n<tbody>\n<tr>\n<td align=\"center\" valign=\"top\">\n<table border=\"0\" width=\"100%\" cellspacing=\"0\" cellpadding=\"0\">\n<tbody>\n<tr>\n<td align=\"center\" valign=\"middle\"><a class=\"m_6694091668507816321mcnButton\" title=\"Canasta B\u00e1sica Alimentaria | Noviembre | Click ac\u00e1\" href=\"https:\/\/colsecor.us6.list-manage.com\/track\/click?u=255f7d8e091d38ae293f46468&amp;id=20a153b5af&amp;e=075aedeb85\" target=\"_blank\" rel=\"noopener\" data-saferedirecturl=\"https:\/\/www.google.com\/url?q=https:\/\/colsecor.us6.list-manage.com\/track\/click?u%3D255f7d8e091d38ae293f46468%26id%3D20a153b5af%26e%3D075aedeb85&amp;source=gmail&amp;ust=1665935402542000&amp;usg=AOvVaw2Zd73L2diCHJeBExc8OUVh\">Canasta B\u00e1sica Alimentaria | SEPTIEMBRE | Click ac\u00e1<\/a><\/td>\n<\/tr>\n<\/tbody>\n<\/table>\n<\/td>\n<\/tr>\n<\/tbody>\n<\/table>\n<table border=\"0\" width=\"100%\" cellspacing=\"0\" cellpadding=\"0\">\n<tbody>\n<tr>\n<td valign=\"top\">\n<table class=\"m_6694091668507816321mcnTextContentContainer\" border=\"0\" width=\"100%\" cellspacing=\"0\" cellpadding=\"0\" align=\"left\">\n<tbody>\n<tr>\n<td class=\"m_6694091668507816321mcnTextContent\" valign=\"top\">\n<p dir=\"ltr\"><u><strong>Comparativa con otras mediciones<\/strong><\/u><\/p>\n<p dir=\"ltr\">El informe presentado por la Fundaci\u00f3n COLSECOR incluye la\u00a0<strong>comparativa hist\u00f3rica con los datos de otras mediciones de la Canasta B\u00e1sica Alimentaria. Esta se efect\u00faa sobre el mes anterior.<\/strong><\/p>\n<p dir=\"ltr\">As\u00ed, se observa que\u00a0<strong>en agosto<\/strong>\u00a0la Canasta B\u00e1sica presentada por la Ciudad Aut\u00f3noma de Buenos Aires fue de $22.978 para un adulto equivalente y la presentada en GBA fue de $17.149, mientras que la Canasta B\u00e1sica de Fundaci\u00f3n COLSECOR fue de $16.678, la de Tucum\u00e1n fue de $15.968 y la de Mendoza de $14.515.<\/p>\n<p dir=\"ltr\"><u><strong>Informaci\u00f3n desde y para la localidad<\/strong><\/u><\/p>\n<p dir=\"ltr\"><strong>El proyecto que impulsa la Fundaci\u00f3n COLSECOR<\/strong>\u00a0con la medici\u00f3n de la Canasta B\u00e1sica Alimentaria busca generar informaci\u00f3n y profundizar el conocimiento sobre peque\u00f1as y medianas localidades de nuestro pa\u00eds. Se trata de un desaf\u00edo propuesto junto a las cooperativas de servicios p\u00fablicos, que a trav\u00e9s de sus referentes llevan adelante el trabajo de campo.<\/p>\n<p>Por medio de esta iniciativa, cada localidad genera los registros desde su propio territorio, lo que le permite conocer el nivel de ingresos que necesita un habitante para cubrir las necesidades b\u00e1sicas. Ese valor es el que determina la l\u00ednea de indigencia.<\/p>\n<p dir=\"ltr\"><strong>Para medir la Canasta B\u00e1sica Alimentaria<\/strong>\u00a0se registraron los precios del conjunto de alimentos que establece el INDEC. La medida de referencia utilizada por el instituto se define por los requerimientos cal\u00f3ricos mensuales de un adulto equivalente, hombre de 30 a 60 a\u00f1os de actividad moderada.<\/p>\n<\/td>\n<\/tr>\n<\/tbody>\n<\/table>\n<\/td>\n<\/tr>\n<\/tbody>\n<\/table>\n<table border=\"0\" width=\"100%\" cellspacing=\"0\" cellpadding=\"0\">\n<tbody>\n<tr>\n<td align=\"center\" valign=\"top\">\n<table border=\"0\" width=\"100%\" cellspacing=\"0\" cellpadding=\"0\">\n<tbody>\n<tr>\n<td align=\"center\" valign=\"middle\"><a class=\"m_6694091668507816321mcnButton\" title=\"Canasta B\u00e1sica- Informe interactivo- Click ac\u00e1\" href=\"https:\/\/colsecor.us6.list-manage.com\/track\/click?u=255f7d8e091d38ae293f46468&amp;id=347de77974&amp;e=075aedeb85\" target=\"_blank\" rel=\"noopener\" data-saferedirecturl=\"https:\/\/www.google.com\/url?q=https:\/\/colsecor.us6.list-manage.com\/track\/click?u%3D255f7d8e091d38ae293f46468%26id%3D347de77974%26e%3D075aedeb85&amp;source=gmail&amp;ust=1665935402542000&amp;usg=AOvVaw1LviD9KBw7ReDBQSSSQWcJ\">Canasta B\u00e1sica- Informe interactivo- Click ac\u00e1<\/a><\/td>\n<\/tr>\n<\/tbody>\n<\/table>\n<\/td>\n<\/tr>\n<\/tbody>\n<\/table>\n<table border=\"0\" width=\"100%\" cellspacing=\"0\" cellpadding=\"0\">\n<tbody>\n<tr>\n<td valign=\"top\">\n<table class=\"m_6694091668507816321mcnTextContentContainer\" border=\"0\" width=\"100%\" cellspacing=\"0\" cellpadding=\"0\" align=\"left\">\n<tbody>\n<tr>\n<td class=\"m_6694091668507816321mcnTextContent\" valign=\"top\"><u><strong>Fundaci\u00f3n COLSECOR<\/strong><\/u><\/p>\n<p>&nbsp;<\/p>\n<p><strong>La Fundaci\u00f3n COLSECOR naci\u00f3 en el 2018<\/strong>, con el fin de promover la Econom\u00eda Social y el desarrollo de las localidades donde las cooperativas se encuentran insertas.\u00a0<strong>Su presidente honorario es Jos\u00e9 \u201cPepe\u201d Mujica.<\/strong><\/p>\n<h1><\/h1>\n<\/td>\n<\/tr>\n<\/tbody>\n<\/table>\n<\/td>\n<\/tr>\n<\/tbody>\n<\/table>\n","protected":false},"excerpt":{"rendered":"<p>La Canasta B\u00e1sica Alimentaria, con incremento del 88% interanual En septiembre\u00a0el salto intermensual fue del 5,4%, mientras que el acumulado desde enero lleg\u00f3 al 65,8%. La\u00a0Fundaci\u00f3n COLSECOR\u00a0present\u00f3 el informe de la Canasta B\u00e1sica Alimentaria (CBA), que busca generar informaci\u00f3n y profundizar en el conocimiento de las realidades locales. En base a ese trabajo del que [&hellip;]<\/p>\n","protected":false},"author":5,"featured_media":70416,"comment_status":"closed","ping_status":"closed","sticky":false,"template":"","format":"standard","meta":{"footnotes":""},"categories":[51,52,66,1],"tags":[432,431],"class_list":["post-70413","post","type-post","status-publish","format-standard","has-post-thumbnail","hentry","category-comunidad","category-destacadas","category-informacion-cooperativa","category-sin-categoria","tag-con-incremento-del-88-interanual","tag-informe-colsecor-la-canasta-basica-alimentaria"],"yoast_head":"<!-- This site is optimized with the Yoast SEO plugin v19.7.1 - https:\/\/yoast.com\/wordpress\/plugins\/seo\/ -->\n<title>Informe Colsecor: La Canasta B\u00e1sica Alimentaria, con incremento del 88% interanual - CELTTV<\/title>\n<meta name=\"description\" content=\"Sitio web de noticias de la localidad de Tornquist, provincia de Buenos Aires, Rep\u00fablica Argentina. Contenido propio originado por periodistas de CELTTV, el canal de TV local de la Cooperativa El\u00e9ctrica de Tornquist. Turismo, Pol\u00edtica, Sociedad, Deporte, Cultura y todo el contenido de inter\u00e9s general que la gente del pueblo y la regi\u00f3n debe conocer.\" \/>\n<meta name=\"robots\" content=\"index, follow, max-snippet:-1, max-image-preview:large, max-video-preview:-1\" \/>\n<link rel=\"canonical\" href=\"https:\/\/www.celttv.com.ar\/index.php\/2022\/10\/15\/70413\/\" \/>\n<meta property=\"og:locale\" content=\"es_ES\" \/>\n<meta property=\"og:type\" content=\"article\" \/>\n<meta property=\"og:title\" content=\"Informe Colsecor: La Canasta B\u00e1sica Alimentaria, con incremento del 88% interanual - CELTTV\" \/>\n<meta property=\"og:description\" content=\"Sitio web de noticias de la localidad de Tornquist, provincia de Buenos Aires, Rep\u00fablica Argentina. Contenido propio originado por periodistas de CELTTV, el canal de TV local de la Cooperativa El\u00e9ctrica de Tornquist. Turismo, Pol\u00edtica, Sociedad, Deporte, Cultura y todo el contenido de inter\u00e9s general que la gente del pueblo y la regi\u00f3n debe conocer.\" \/>\n<meta property=\"og:url\" content=\"https:\/\/www.celttv.com.ar\/index.php\/2022\/10\/15\/70413\/\" \/>\n<meta property=\"og:site_name\" content=\"CELTTV\" \/>\n<meta property=\"article:publisher\" content=\"https:\/\/www.facebook.com\/celtTV\/\" \/>\n<meta property=\"article:published_time\" content=\"2022-10-15T22:30:20+00:00\" \/>\n<meta property=\"article:modified_time\" content=\"2022-10-15T22:35:46+00:00\" \/>\n<meta property=\"og:image\" content=\"https:\/\/www.celttv.com.ar\/wp-content\/uploads\/2022\/10\/CANASTA.jpg\" \/>\n\t<meta property=\"og:image:width\" content=\"275\" \/>\n\t<meta property=\"og:image:height\" content=\"183\" \/>\n\t<meta property=\"og:image:type\" content=\"image\/jpeg\" \/>\n<meta name=\"author\" content=\"Miguel Herrada\" \/>\n<meta name=\"twitter:card\" content=\"summary_large_image\" \/>\n<meta name=\"twitter:label1\" content=\"Escrito por\" \/>\n\t<meta name=\"twitter:data1\" content=\"Miguel Herrada\" \/>\n\t<meta name=\"twitter:label2\" content=\"Tiempo de lectura\" \/>\n\t<meta name=\"twitter:data2\" content=\"4 minutos\" \/>\n<script type=\"application\/ld+json\" class=\"yoast-schema-graph\">{\"@context\":\"https:\/\/schema.org\",\"@graph\":[{\"@type\":\"NewsArticle\",\"@id\":\"https:\/\/www.celttv.com.ar\/index.php\/2022\/10\/15\/70413\/#article\",\"isPartOf\":{\"@id\":\"https:\/\/www.celttv.com.ar\/index.php\/2022\/10\/15\/70413\/\"},\"author\":{\"name\":\"Miguel Herrada\",\"@id\":\"https:\/\/www.celttv.com.ar\/#\/schema\/person\/9059dc91dc7204ef4182cdb65225f07d\"},\"headline\":\"Informe Colsecor: La Canasta B\u00e1sica Alimentaria, con incremento del 88% interanual\",\"datePublished\":\"2022-10-15T22:30:20+00:00\",\"dateModified\":\"2022-10-15T22:35:46+00:00\",\"mainEntityOfPage\":{\"@id\":\"https:\/\/www.celttv.com.ar\/index.php\/2022\/10\/15\/70413\/\"},\"wordCount\":791,\"publisher\":{\"@id\":\"https:\/\/www.celttv.com.ar\/#organization\"},\"keywords\":[\"con incremento del 88% interanual\",\"Informe Colsecor: La Canasta B\u00e1sica Alimentaria\"],\"articleSection\":[\"Comunidad\",\"Destacadas\",\"Informaci\u00f3n Cooperativa\"],\"inLanguage\":\"es\"},{\"@type\":\"WebPage\",\"@id\":\"https:\/\/www.celttv.com.ar\/index.php\/2022\/10\/15\/70413\/\",\"url\":\"https:\/\/www.celttv.com.ar\/index.php\/2022\/10\/15\/70413\/\",\"name\":\"Informe Colsecor: La Canasta B\u00e1sica Alimentaria, con incremento del 88% interanual - CELTTV\",\"isPartOf\":{\"@id\":\"https:\/\/www.celttv.com.ar\/#website\"},\"datePublished\":\"2022-10-15T22:30:20+00:00\",\"dateModified\":\"2022-10-15T22:35:46+00:00\",\"description\":\"Sitio web de noticias de la localidad de Tornquist, provincia de Buenos Aires, Rep\u00fablica Argentina. Contenido propio originado por periodistas de CELTTV, el canal de TV local de la Cooperativa El\u00e9ctrica de Tornquist. Turismo, Pol\u00edtica, Sociedad, Deporte, Cultura y todo el contenido de inter\u00e9s general que la gente del pueblo y la regi\u00f3n debe conocer.\",\"breadcrumb\":{\"@id\":\"https:\/\/www.celttv.com.ar\/index.php\/2022\/10\/15\/70413\/#breadcrumb\"},\"inLanguage\":\"es\",\"potentialAction\":[{\"@type\":\"ReadAction\",\"target\":[\"https:\/\/www.celttv.com.ar\/index.php\/2022\/10\/15\/70413\/\"]}]},{\"@type\":\"BreadcrumbList\",\"@id\":\"https:\/\/www.celttv.com.ar\/index.php\/2022\/10\/15\/70413\/#breadcrumb\",\"itemListElement\":[{\"@type\":\"ListItem\",\"position\":1,\"name\":\"Inicio\",\"item\":\"https:\/\/www.celttv.com.ar\/\"},{\"@type\":\"ListItem\",\"position\":2,\"name\":\"Informe Colsecor: La Canasta B\u00e1sica Alimentaria, con incremento del 88% interanual\"}]},{\"@type\":\"WebSite\",\"@id\":\"https:\/\/www.celttv.com.ar\/#website\",\"url\":\"https:\/\/www.celttv.com.ar\/\",\"name\":\"CELTTV\",\"description\":\"Cooperativa El\u00e9ctrica de Tornquist\",\"publisher\":{\"@id\":\"https:\/\/www.celttv.com.ar\/#organization\"},\"potentialAction\":[{\"@type\":\"SearchAction\",\"target\":{\"@type\":\"EntryPoint\",\"urlTemplate\":\"https:\/\/www.celttv.com.ar\/?s={search_term_string}\"},\"query-input\":\"required name=search_term_string\"}],\"inLanguage\":\"es\"},{\"@type\":\"Organization\",\"@id\":\"https:\/\/www.celttv.com.ar\/#organization\",\"name\":\"CELTTV\",\"url\":\"https:\/\/www.celttv.com.ar\/\",\"sameAs\":[\"https:\/\/www.youtube.com\/channel\/UCz_oIt8Hig64Ub-EmcNPIhg\",\"https:\/\/www.facebook.com\/celtTV\/\"],\"logo\":{\"@type\":\"ImageObject\",\"inLanguage\":\"es\",\"@id\":\"https:\/\/www.celttv.com.ar\/#\/schema\/logo\/image\/\",\"url\":\"http:\/\/www.celttv.com.ar\/wp-content\/uploads\/2022\/08\/logo-1.png\",\"contentUrl\":\"http:\/\/www.celttv.com.ar\/wp-content\/uploads\/2022\/08\/logo-1.png\",\"width\":461,\"height\":159,\"caption\":\"CELTTV\"},\"image\":{\"@id\":\"https:\/\/www.celttv.com.ar\/#\/schema\/logo\/image\/\"}},{\"@type\":\"Person\",\"@id\":\"https:\/\/www.celttv.com.ar\/#\/schema\/person\/9059dc91dc7204ef4182cdb65225f07d\",\"name\":\"Miguel Herrada\",\"image\":{\"@type\":\"ImageObject\",\"inLanguage\":\"es\",\"@id\":\"https:\/\/www.celttv.com.ar\/#\/schema\/person\/image\/\",\"url\":\"https:\/\/secure.gravatar.com\/avatar\/67724d5b3c716623ffd76bec7e45841a442ac3b456e914dbba90b0fad2b8e0b1?s=96&d=mm&r=g\",\"contentUrl\":\"https:\/\/secure.gravatar.com\/avatar\/67724d5b3c716623ffd76bec7e45841a442ac3b456e914dbba90b0fad2b8e0b1?s=96&d=mm&r=g\",\"caption\":\"Miguel Herrada\"}}]}<\/script>\n<!-- \/ Yoast SEO plugin. -->","yoast_head_json":{"title":"Informe Colsecor: La Canasta B\u00e1sica Alimentaria, con incremento del 88% interanual - CELTTV","description":"Sitio web de noticias de la localidad de Tornquist, provincia de Buenos Aires, Rep\u00fablica Argentina. Contenido propio originado por periodistas de CELTTV, el canal de TV local de la Cooperativa El\u00e9ctrica de Tornquist. Turismo, Pol\u00edtica, Sociedad, Deporte, Cultura y todo el contenido de inter\u00e9s general que la gente del pueblo y la regi\u00f3n debe conocer.","robots":{"index":"index","follow":"follow","max-snippet":"max-snippet:-1","max-image-preview":"max-image-preview:large","max-video-preview":"max-video-preview:-1"},"canonical":"https:\/\/www.celttv.com.ar\/index.php\/2022\/10\/15\/70413\/","og_locale":"es_ES","og_type":"article","og_title":"Informe Colsecor: La Canasta B\u00e1sica Alimentaria, con incremento del 88% interanual - CELTTV","og_description":"Sitio web de noticias de la localidad de Tornquist, provincia de Buenos Aires, Rep\u00fablica Argentina. Contenido propio originado por periodistas de CELTTV, el canal de TV local de la Cooperativa El\u00e9ctrica de Tornquist. Turismo, Pol\u00edtica, Sociedad, Deporte, Cultura y todo el contenido de inter\u00e9s general que la gente del pueblo y la regi\u00f3n debe conocer.","og_url":"https:\/\/www.celttv.com.ar\/index.php\/2022\/10\/15\/70413\/","og_site_name":"CELTTV","article_publisher":"https:\/\/www.facebook.com\/celtTV\/","article_published_time":"2022-10-15T22:30:20+00:00","article_modified_time":"2022-10-15T22:35:46+00:00","og_image":[{"width":275,"height":183,"url":"https:\/\/www.celttv.com.ar\/wp-content\/uploads\/2022\/10\/CANASTA.jpg","type":"image\/jpeg"}],"author":"Miguel Herrada","twitter_card":"summary_large_image","twitter_misc":{"Escrito por":"Miguel Herrada","Tiempo de lectura":"4 minutos"},"schema":{"@context":"https:\/\/schema.org","@graph":[{"@type":"NewsArticle","@id":"https:\/\/www.celttv.com.ar\/index.php\/2022\/10\/15\/70413\/#article","isPartOf":{"@id":"https:\/\/www.celttv.com.ar\/index.php\/2022\/10\/15\/70413\/"},"author":{"name":"Miguel Herrada","@id":"https:\/\/www.celttv.com.ar\/#\/schema\/person\/9059dc91dc7204ef4182cdb65225f07d"},"headline":"Informe Colsecor: La Canasta B\u00e1sica Alimentaria, con incremento del 88% interanual","datePublished":"2022-10-15T22:30:20+00:00","dateModified":"2022-10-15T22:35:46+00:00","mainEntityOfPage":{"@id":"https:\/\/www.celttv.com.ar\/index.php\/2022\/10\/15\/70413\/"},"wordCount":791,"publisher":{"@id":"https:\/\/www.celttv.com.ar\/#organization"},"keywords":["con incremento del 88% interanual","Informe Colsecor: La Canasta B\u00e1sica Alimentaria"],"articleSection":["Comunidad","Destacadas","Informaci\u00f3n Cooperativa"],"inLanguage":"es"},{"@type":"WebPage","@id":"https:\/\/www.celttv.com.ar\/index.php\/2022\/10\/15\/70413\/","url":"https:\/\/www.celttv.com.ar\/index.php\/2022\/10\/15\/70413\/","name":"Informe Colsecor: La Canasta B\u00e1sica Alimentaria, con incremento del 88% interanual - CELTTV","isPartOf":{"@id":"https:\/\/www.celttv.com.ar\/#website"},"datePublished":"2022-10-15T22:30:20+00:00","dateModified":"2022-10-15T22:35:46+00:00","description":"Sitio web de noticias de la localidad de Tornquist, provincia de Buenos Aires, Rep\u00fablica Argentina. Contenido propio originado por periodistas de CELTTV, el canal de TV local de la Cooperativa El\u00e9ctrica de Tornquist. Turismo, Pol\u00edtica, Sociedad, Deporte, Cultura y todo el contenido de inter\u00e9s general que la gente del pueblo y la regi\u00f3n debe conocer.","breadcrumb":{"@id":"https:\/\/www.celttv.com.ar\/index.php\/2022\/10\/15\/70413\/#breadcrumb"},"inLanguage":"es","potentialAction":[{"@type":"ReadAction","target":["https:\/\/www.celttv.com.ar\/index.php\/2022\/10\/15\/70413\/"]}]},{"@type":"BreadcrumbList","@id":"https:\/\/www.celttv.com.ar\/index.php\/2022\/10\/15\/70413\/#breadcrumb","itemListElement":[{"@type":"ListItem","position":1,"name":"Inicio","item":"https:\/\/www.celttv.com.ar\/"},{"@type":"ListItem","position":2,"name":"Informe Colsecor: La Canasta B\u00e1sica Alimentaria, con incremento del 88% interanual"}]},{"@type":"WebSite","@id":"https:\/\/www.celttv.com.ar\/#website","url":"https:\/\/www.celttv.com.ar\/","name":"CELTTV","description":"Cooperativa El\u00e9ctrica de Tornquist","publisher":{"@id":"https:\/\/www.celttv.com.ar\/#organization"},"potentialAction":[{"@type":"SearchAction","target":{"@type":"EntryPoint","urlTemplate":"https:\/\/www.celttv.com.ar\/?s={search_term_string}"},"query-input":"required name=search_term_string"}],"inLanguage":"es"},{"@type":"Organization","@id":"https:\/\/www.celttv.com.ar\/#organization","name":"CELTTV","url":"https:\/\/www.celttv.com.ar\/","sameAs":["https:\/\/www.youtube.com\/channel\/UCz_oIt8Hig64Ub-EmcNPIhg","https:\/\/www.facebook.com\/celtTV\/"],"logo":{"@type":"ImageObject","inLanguage":"es","@id":"https:\/\/www.celttv.com.ar\/#\/schema\/logo\/image\/","url":"http:\/\/www.celttv.com.ar\/wp-content\/uploads\/2022\/08\/logo-1.png","contentUrl":"http:\/\/www.celttv.com.ar\/wp-content\/uploads\/2022\/08\/logo-1.png","width":461,"height":159,"caption":"CELTTV"},"image":{"@id":"https:\/\/www.celttv.com.ar\/#\/schema\/logo\/image\/"}},{"@type":"Person","@id":"https:\/\/www.celttv.com.ar\/#\/schema\/person\/9059dc91dc7204ef4182cdb65225f07d","name":"Miguel Herrada","image":{"@type":"ImageObject","inLanguage":"es","@id":"https:\/\/www.celttv.com.ar\/#\/schema\/person\/image\/","url":"https:\/\/secure.gravatar.com\/avatar\/67724d5b3c716623ffd76bec7e45841a442ac3b456e914dbba90b0fad2b8e0b1?s=96&d=mm&r=g","contentUrl":"https:\/\/secure.gravatar.com\/avatar\/67724d5b3c716623ffd76bec7e45841a442ac3b456e914dbba90b0fad2b8e0b1?s=96&d=mm&r=g","caption":"Miguel Herrada"}}]}},"_links":{"self":[{"href":"https:\/\/www.celttv.com.ar\/index.php\/wp-json\/wp\/v2\/posts\/70413","targetHints":{"allow":["GET"]}}],"collection":[{"href":"https:\/\/www.celttv.com.ar\/index.php\/wp-json\/wp\/v2\/posts"}],"about":[{"href":"https:\/\/www.celttv.com.ar\/index.php\/wp-json\/wp\/v2\/types\/post"}],"author":[{"embeddable":true,"href":"https:\/\/www.celttv.com.ar\/index.php\/wp-json\/wp\/v2\/users\/5"}],"replies":[{"embeddable":true,"href":"https:\/\/www.celttv.com.ar\/index.php\/wp-json\/wp\/v2\/comments?post=70413"}],"version-history":[{"count":4,"href":"https:\/\/www.celttv.com.ar\/index.php\/wp-json\/wp\/v2\/posts\/70413\/revisions"}],"predecessor-version":[{"id":70418,"href":"https:\/\/www.celttv.com.ar\/index.php\/wp-json\/wp\/v2\/posts\/70413\/revisions\/70418"}],"wp:featuredmedia":[{"embeddable":true,"href":"https:\/\/www.celttv.com.ar\/index.php\/wp-json\/wp\/v2\/media\/70416"}],"wp:attachment":[{"href":"https:\/\/www.celttv.com.ar\/index.php\/wp-json\/wp\/v2\/media?parent=70413"}],"wp:term":[{"taxonomy":"category","embeddable":true,"href":"https:\/\/www.celttv.com.ar\/index.php\/wp-json\/wp\/v2\/categories?post=70413"},{"taxonomy":"post_tag","embeddable":true,"href":"https:\/\/www.celttv.com.ar\/index.php\/wp-json\/wp\/v2\/tags?post=70413"}],"curies":[{"name":"wp","href":"https:\/\/api.w.org\/{rel}","templated":true}]}}