{"id":70582,"date":"2022-10-21T13:38:03","date_gmt":"2022-10-21T16:38:03","guid":{"rendered":"http:\/\/www.celttv.com.ar\/?p=70582"},"modified":"2022-10-21T13:38:03","modified_gmt":"2022-10-21T16:38:03","slug":"gimnasia-artistica-tornquist-participo-en-la-copa-federico-molinari-2022","status":"publish","type":"post","link":"https:\/\/www.celttv.com.ar\/index.php\/2022\/10\/21\/gimnasia-artistica-tornquist-participo-en-la-copa-federico-molinari-2022\/","title":{"rendered":"Gimnasia Art\u00edstica: Tornquist particip\u00f3 en la Copa Federico Molinari 2022"},"content":{"rendered":"<p align=\"JUSTIFY\"><span style=\"font-family: Arial, serif;\">El Centro Gimn\u00e1stico Tornquist (CGM), de la Subsecretar\u00eda de Deportes municipal, y el CEF N\u00b0 9 participaron de la Copa Federico Molinari 2022, desarrollada el \u00faltimo fin de semana en la Ciudad de Buenos Aires.<\/span><\/p>\n<p align=\"JUSTIFY\"><span style=\"font-family: Arial, serif;\">El certamen tuvo lugar en el Parque Roca, en el gimnasio donde se desarrollaron los Juegos Ol\u00edmpicos de la Juventud 2018, y cont\u00f3 con la presencia de alrededor de 2500 gimnastas, pertenecientes a 65 instituciones de 10 provincias.<\/span><\/p>\n<p align=\"JUSTIFY\"><span style=\"font-family: Arial, serif;\">Adem\u00e1s de la competencia, donde las representantes tornquistenses obtuvieron may\u00fasculos resultados, con varios primeros y segundos puestos, las gimnastas disfrutaron de la \u2018Gala de las Estrellas\u2019, que se llev\u00f3 a cabo como cierre del torneo y fue protagonizada por integrantes de la Selecci\u00f3n Argentina Femenina y Masculina, entre ellos, la ol\u00edmpica Abigail Magistrati, la campeona sudamericana Brisa Carraro y Juli\u00e1n Jato.<\/span><\/p>\n<p align=\"JUSTIFY\"><span style=\"font-family: Arial, serif;\">La premiaci\u00f3n fue por aparatos y se obtuvieron los siguientes resultados:<\/span><\/p>\n<p align=\"JUSTIFY\"><span style=\"font-family: Arial, serif;\"><b>E1 MAYOR<\/b><\/span><\/p>\n<p align=\"JUSTIFY\"><span style=\"font-family: Arial, serif;\">Suelo:<\/span><\/p>\n<p align=\"JUSTIFY\"><span style=\"font-family: Arial, serif;\">1\u00b0 Giovana Marcolini<\/span><\/p>\n<p align=\"JUSTIFY\"><span style=\"font-family: Arial, serif;\">5\u00b0 Briana Torsani<\/span><\/p>\n<p align=\"JUSTIFY\"><span style=\"font-family: Arial, serif;\">Paralela<\/span><\/p>\n<p align=\"JUSTIFY\"><span style=\"font-family: Arial, serif;\">2\u00b0 Giovana Marcolini<\/span><\/p>\n<p align=\"JUSTIFY\"><span style=\"font-family: Arial, serif;\">4\u00b0 Briana Torsani<\/span><\/p>\n<p align=\"JUSTIFY\"><span style=\"font-family: Arial, serif;\">Viga<\/span><\/p>\n<p align=\"JUSTIFY\"><span style=\"font-family: Arial, serif;\">3\u00b0 Briana Torsani<\/span><\/p>\n<p align=\"JUSTIFY\"><span style=\"font-family: Arial, serif;\">7\u00b0 Giovana Marcolini<\/span><\/p>\n<p align=\"JUSTIFY\"><span style=\"font-family: Arial, serif;\">Salto:<\/span><\/p>\n<p align=\"JUSTIFY\"><span style=\"font-family: Arial, serif;\">5\u00b0 Briana Torsani<\/span><\/p>\n<p align=\"JUSTIFY\"><span style=\"font-family: Arial, serif;\">7\u00b0 Giovana Marcolini<\/span><\/p>\n<p align=\"JUSTIFY\"><span style=\"font-family: Arial, serif;\">E1 JUVENIL<\/span><\/p>\n<p align=\"JUSTIFY\"><span style=\"font-family: Arial, serif;\">SUELO<\/span><\/p>\n<p align=\"JUSTIFY\"><span style=\"font-family: Arial, serif;\">8\u00b0 Roc\u00edo Grischinsky<\/span><\/p>\n<p align=\"JUSTIFY\"><span style=\"font-family: Arial, serif;\">PARALELA<\/span><\/p>\n<p align=\"JUSTIFY\"><span style=\"font-family: Arial, serif;\">5\u00b0 Roc\u00edo Grischinsky<\/span><\/p>\n<p align=\"JUSTIFY\"><span style=\"font-family: Arial, serif;\">Viga<\/span><\/p>\n<p align=\"JUSTIFY\"><span style=\"font-family: Arial, serif;\">4\u00b0 Roc\u00edo Grischinsky<\/span><\/p>\n<p align=\"JUSTIFY\"><span style=\"font-family: Arial, serif;\">Salto<\/span><\/p>\n<p align=\"JUSTIFY\"><span style=\"font-family: Arial, serif;\">4\u00b0 Roc\u00edo Grischinsky<\/span><\/p>\n<p align=\"JUSTIFY\"><span style=\"font-family: Arial, serif;\"><b>NIVEL E2<\/b><\/span><\/p>\n<p align=\"JUSTIFY\"><span style=\"font-family: Arial, serif;\">MAYOR<\/span><\/p>\n<p align=\"JUSTIFY\"><span style=\"font-family: Arial, serif;\">Paralela<\/span><\/p>\n<p align=\"JUSTIFY\"><span style=\"font-family: Arial, serif;\">2\u00b0 Luc\u00eda Del Po<\/span><\/p>\n<p align=\"JUSTIFY\"><span style=\"font-family: Arial, serif;\">Suelo:<\/span><\/p>\n<p align=\"JUSTIFY\"><span style=\"font-family: Arial, serif;\">2\u00b0 Luc\u00eda Del Po<\/span><\/p>\n<p align=\"JUSTIFY\"><span style=\"font-family: Arial, serif;\">Viga:<\/span><\/p>\n<p align=\"JUSTIFY\"><span style=\"font-family: Arial, serif;\">1\u00b0 Luc\u00eda del Po<\/span><\/p>\n<p align=\"JUSTIFY\"><span style=\"font-family: Arial, serif;\">SALTO<\/span><\/p>\n<p align=\"JUSTIFY\"><span style=\"font-family: Arial, serif;\">1\u00b0 Luc\u00eda Del Po<\/span><\/p>\n<p align=\"JUSTIFY\"><span style=\"font-family: Arial, serif;\"><b>NIVEL E2 JUVENIL<\/b><\/span><\/p>\n<p align=\"JUSTIFY\"><span style=\"font-family: Arial, serif;\">Paralela<\/span><\/p>\n<p align=\"JUSTIFY\"><span style=\"font-family: Arial, serif;\">11\u00b0 Emma Graff<\/span><\/p>\n<p align=\"JUSTIFY\"><span style=\"font-family: Arial, serif;\">SALTO<\/span><\/p>\n<p align=\"JUSTIFY\"><span style=\"font-family: Arial, serif;\">20\u00b0 Emma Graff<\/span><\/p>\n<p align=\"JUSTIFY\"><span style=\"font-family: Arial, serif;\">Suelo<\/span><\/p>\n<p align=\"JUSTIFY\"><span style=\"font-family: Arial, serif;\">11\u00b0 Emma Graff<\/span><\/p>\n<p align=\"JUSTIFY\"><span style=\"font-family: Arial, serif;\">Viga<\/span><\/p>\n<p align=\"JUSTIFY\"><span style=\"font-family: Arial, serif;\">5\u00b0 Emma Graff<\/span><\/p>\n<p align=\"JUSTIFY\"><span style=\"font-family: Arial, serif;\"><b>NIVEL E2 PreInfantil<\/b><\/span><\/p>\n<p align=\"JUSTIFY\"><span style=\"font-family: Arial, serif;\">Paralela<\/span><\/p>\n<p align=\"JUSTIFY\"><span style=\"font-family: Arial, serif;\">1\u00b0 Sarah Graff<\/span><\/p>\n<p align=\"JUSTIFY\"><span style=\"font-family: Arial, serif;\">4\u00b0 Zoe Leiva<\/span><\/p>\n<p align=\"JUSTIFY\"><span style=\"font-family: Arial, serif;\">6\u00b0 Nixie Schwab y Maitena Abalos<\/span><\/p>\n<p align=\"JUSTIFY\"><span style=\"font-family: Arial, serif;\">Viga<\/span><\/p>\n<p align=\"JUSTIFY\"><span style=\"font-family: Arial, serif;\">1\u00b0 Sarah Graff<\/span><\/p>\n<p align=\"JUSTIFY\"><span style=\"font-family: Arial, serif;\">4\u00b0 Zoe Leiva<\/span><\/p>\n<p align=\"JUSTIFY\"><span style=\"font-family: Arial, serif;\">8\u00b0 Nixie Schwab<\/span><\/p>\n<p align=\"JUSTIFY\"><span style=\"font-family: Arial, serif;\">SALTO<\/span><\/p>\n<p align=\"JUSTIFY\"><span style=\"font-family: Arial, serif;\">4\u00b0 Zoe Leiva, Nixie Schwab y Sarah Graff<\/span><\/p>\n<p align=\"JUSTIFY\"><span style=\"font-family: Arial, serif;\">6\u00b0 Maitena Abalos<\/span><\/p>\n<p align=\"JUSTIFY\"><span style=\"font-family: Arial, serif;\">Suelo<\/span><\/p>\n<p align=\"JUSTIFY\"><span style=\"font-family: Arial, serif;\">5\u00b0 Zoe Leiva<\/span><\/p>\n<p align=\"JUSTIFY\"><span style=\"font-family: Arial, serif;\">11\u00b0 Nixie Schwab<\/span><\/p>\n<p align=\"JUSTIFY\"><img loading=\"lazy\" decoding=\"async\" class=\"alignnone wp-image-70583 size-large\" src=\"http:\/\/www.celttv.com.ar\/wp-content\/uploads\/2022\/10\/Torneo-de-gimnasia-1-1024x693.jpg\" alt=\"\" width=\"1024\" height=\"693\" srcset=\"https:\/\/www.celttv.com.ar\/wp-content\/uploads\/2022\/10\/Torneo-de-gimnasia-1-1024x693.jpg 1024w, https:\/\/www.celttv.com.ar\/wp-content\/uploads\/2022\/10\/Torneo-de-gimnasia-1-300x203.jpg 300w, https:\/\/www.celttv.com.ar\/wp-content\/uploads\/2022\/10\/Torneo-de-gimnasia-1-768x520.jpg 768w, https:\/\/www.celttv.com.ar\/wp-content\/uploads\/2022\/10\/Torneo-de-gimnasia-1-750x507.jpg 750w, https:\/\/www.celttv.com.ar\/wp-content\/uploads\/2022\/10\/Torneo-de-gimnasia-1.jpg 1036w\" sizes=\"auto, (max-width: 1024px) 100vw, 1024px\" \/> <img loading=\"lazy\" decoding=\"async\" class=\"alignnone wp-image-70584 size-large\" src=\"http:\/\/www.celttv.com.ar\/wp-content\/uploads\/2022\/10\/Torneo-de-gimnasia-2-1024x866.jpg\" alt=\"\" width=\"1024\" height=\"866\" srcset=\"https:\/\/www.celttv.com.ar\/wp-content\/uploads\/2022\/10\/Torneo-de-gimnasia-2-1024x866.jpg 1024w, https:\/\/www.celttv.com.ar\/wp-content\/uploads\/2022\/10\/Torneo-de-gimnasia-2-300x254.jpg 300w, https:\/\/www.celttv.com.ar\/wp-content\/uploads\/2022\/10\/Torneo-de-gimnasia-2-768x649.jpg 768w, https:\/\/www.celttv.com.ar\/wp-content\/uploads\/2022\/10\/Torneo-de-gimnasia-2-750x634.jpg 750w, https:\/\/www.celttv.com.ar\/wp-content\/uploads\/2022\/10\/Torneo-de-gimnasia-2.jpg 1080w\" sizes=\"auto, (max-width: 1024px) 100vw, 1024px\" \/> <img loading=\"lazy\" decoding=\"async\" class=\"alignnone wp-image-70585 size-full\" src=\"http:\/\/www.celttv.com.ar\/wp-content\/uploads\/2022\/10\/Torneo-de-gimnasia-3.jpg\" alt=\"\" width=\"923\" height=\"578\" srcset=\"https:\/\/www.celttv.com.ar\/wp-content\/uploads\/2022\/10\/Torneo-de-gimnasia-3.jpg 923w, https:\/\/www.celttv.com.ar\/wp-content\/uploads\/2022\/10\/Torneo-de-gimnasia-3-300x188.jpg 300w, https:\/\/www.celttv.com.ar\/wp-content\/uploads\/2022\/10\/Torneo-de-gimnasia-3-768x481.jpg 768w, https:\/\/www.celttv.com.ar\/wp-content\/uploads\/2022\/10\/Torneo-de-gimnasia-3-750x470.jpg 750w\" sizes=\"auto, (max-width: 923px) 100vw, 923px\" \/> <img loading=\"lazy\" decoding=\"async\" class=\"alignnone wp-image-70586 size-full\" src=\"http:\/\/www.celttv.com.ar\/wp-content\/uploads\/2022\/10\/Torneo-de-gimnasia-4.jpg\" alt=\"\" width=\"996\" height=\"607\" srcset=\"https:\/\/www.celttv.com.ar\/wp-content\/uploads\/2022\/10\/Torneo-de-gimnasia-4.jpg 996w, https:\/\/www.celttv.com.ar\/wp-content\/uploads\/2022\/10\/Torneo-de-gimnasia-4-300x183.jpg 300w, https:\/\/www.celttv.com.ar\/wp-content\/uploads\/2022\/10\/Torneo-de-gimnasia-4-768x468.jpg 768w, https:\/\/www.celttv.com.ar\/wp-content\/uploads\/2022\/10\/Torneo-de-gimnasia-4-750x457.jpg 750w\" sizes=\"auto, (max-width: 996px) 100vw, 996px\" \/> <img loading=\"lazy\" decoding=\"async\" class=\"alignnone wp-image-70587 size-large\" src=\"http:\/\/www.celttv.com.ar\/wp-content\/uploads\/2022\/10\/Torneo-de-gimnasia-6-1024x1024.jpg\" alt=\"\" width=\"1024\" height=\"1024\" srcset=\"https:\/\/www.celttv.com.ar\/wp-content\/uploads\/2022\/10\/Torneo-de-gimnasia-6-1024x1024.jpg 1024w, https:\/\/www.celttv.com.ar\/wp-content\/uploads\/2022\/10\/Torneo-de-gimnasia-6-300x300.jpg 300w, https:\/\/www.celttv.com.ar\/wp-content\/uploads\/2022\/10\/Torneo-de-gimnasia-6-150x150.jpg 150w, https:\/\/www.celttv.com.ar\/wp-content\/uploads\/2022\/10\/Torneo-de-gimnasia-6-768x768.jpg 768w, https:\/\/www.celttv.com.ar\/wp-content\/uploads\/2022\/10\/Torneo-de-gimnasia-6-75x75.jpg 75w, https:\/\/www.celttv.com.ar\/wp-content\/uploads\/2022\/10\/Torneo-de-gimnasia-6-750x750.jpg 750w, https:\/\/www.celttv.com.ar\/wp-content\/uploads\/2022\/10\/Torneo-de-gimnasia-6.jpg 1080w\" sizes=\"auto, (max-width: 1024px) 100vw, 1024px\" \/> <img loading=\"lazy\" decoding=\"async\" class=\"alignnone wp-image-70588 size-large\" src=\"http:\/\/www.celttv.com.ar\/wp-content\/uploads\/2022\/10\/Torneo-de-gimnasia-7-1024x711.jpg\" alt=\"\" width=\"1024\" height=\"711\" srcset=\"https:\/\/www.celttv.com.ar\/wp-content\/uploads\/2022\/10\/Torneo-de-gimnasia-7-1024x711.jpg 1024w, https:\/\/www.celttv.com.ar\/wp-content\/uploads\/2022\/10\/Torneo-de-gimnasia-7-300x208.jpg 300w, https:\/\/www.celttv.com.ar\/wp-content\/uploads\/2022\/10\/Torneo-de-gimnasia-7-768x533.jpg 768w, https:\/\/www.celttv.com.ar\/wp-content\/uploads\/2022\/10\/Torneo-de-gimnasia-7-750x520.jpg 750w, https:\/\/www.celttv.com.ar\/wp-content\/uploads\/2022\/10\/Torneo-de-gimnasia-7.jpg 1049w\" sizes=\"auto, (max-width: 1024px) 100vw, 1024px\" \/><\/p>\n","protected":false},"excerpt":{"rendered":"<p>El Centro Gimn\u00e1stico Tornquist (CGM), de la Subsecretar\u00eda de Deportes municipal, y el CEF N\u00b0 9 participaron de la Copa Federico Molinari 2022, desarrollada el \u00faltimo fin de semana en la Ciudad de Buenos Aires. El certamen tuvo lugar en el Parque Roca, en el gimnasio donde se desarrollaron los Juegos Ol\u00edmpicos de la Juventud [&hellip;]<\/p>\n","protected":false},"author":3,"featured_media":70588,"comment_status":"closed","ping_status":"closed","sticky":false,"template":"","format":"standard","meta":{"footnotes":""},"categories":[63],"tags":[],"class_list":["post-70582","post","type-post","status-publish","format-standard","has-post-thumbnail","hentry","category-magazine-sport"],"yoast_head":"<!-- This site is optimized with the Yoast SEO plugin v19.7.1 - https:\/\/yoast.com\/wordpress\/plugins\/seo\/ -->\n<title>Gimnasia Art\u00edstica: Tornquist particip\u00f3 en la Copa Federico Molinari 2022 - CELTTV<\/title>\n<meta name=\"description\" content=\"Sitio web de noticias de la localidad de Tornquist, provincia de Buenos Aires, Rep\u00fablica Argentina. Contenido propio originado por periodistas de CELTTV, el canal de TV local de la Cooperativa El\u00e9ctrica de Tornquist. Turismo, Pol\u00edtica, Sociedad, Deporte, Cultura y todo el contenido de inter\u00e9s general que la gente del pueblo y la regi\u00f3n debe conocer.\" \/>\n<meta name=\"robots\" content=\"index, follow, max-snippet:-1, max-image-preview:large, max-video-preview:-1\" \/>\n<link rel=\"canonical\" href=\"https:\/\/www.celttv.com.ar\/index.php\/2022\/10\/21\/gimnasia-artistica-tornquist-participo-en-la-copa-federico-molinari-2022\/\" \/>\n<meta property=\"og:locale\" content=\"es_ES\" \/>\n<meta property=\"og:type\" content=\"article\" \/>\n<meta property=\"og:title\" content=\"Gimnasia Art\u00edstica: Tornquist particip\u00f3 en la Copa Federico Molinari 2022 - CELTTV\" \/>\n<meta property=\"og:description\" content=\"Sitio web de noticias de la localidad de Tornquist, provincia de Buenos Aires, Rep\u00fablica Argentina. Contenido propio originado por periodistas de CELTTV, el canal de TV local de la Cooperativa El\u00e9ctrica de Tornquist. Turismo, Pol\u00edtica, Sociedad, Deporte, Cultura y todo el contenido de inter\u00e9s general que la gente del pueblo y la regi\u00f3n debe conocer.\" \/>\n<meta property=\"og:url\" content=\"https:\/\/www.celttv.com.ar\/index.php\/2022\/10\/21\/gimnasia-artistica-tornquist-participo-en-la-copa-federico-molinari-2022\/\" \/>\n<meta property=\"og:site_name\" content=\"CELTTV\" \/>\n<meta property=\"article:publisher\" content=\"https:\/\/www.facebook.com\/celtTV\/\" \/>\n<meta property=\"article:published_time\" content=\"2022-10-21T16:38:03+00:00\" \/>\n<meta property=\"og:image\" content=\"https:\/\/www.celttv.com.ar\/wp-content\/uploads\/2022\/10\/Torneo-de-gimnasia-7.jpg\" \/>\n\t<meta property=\"og:image:width\" content=\"1049\" \/>\n\t<meta property=\"og:image:height\" content=\"728\" \/>\n\t<meta property=\"og:image:type\" content=\"image\/jpeg\" \/>\n<meta name=\"author\" content=\"Rodrigo Sgammini\" \/>\n<meta name=\"twitter:card\" content=\"summary_large_image\" \/>\n<meta name=\"twitter:label1\" content=\"Escrito por\" \/>\n\t<meta name=\"twitter:data1\" content=\"Rodrigo Sgammini\" \/>\n\t<meta name=\"twitter:label2\" content=\"Tiempo de lectura\" \/>\n\t<meta name=\"twitter:data2\" content=\"1 minuto\" \/>\n<script type=\"application\/ld+json\" class=\"yoast-schema-graph\">{\"@context\":\"https:\/\/schema.org\",\"@graph\":[{\"@type\":\"NewsArticle\",\"@id\":\"https:\/\/www.celttv.com.ar\/index.php\/2022\/10\/21\/gimnasia-artistica-tornquist-participo-en-la-copa-federico-molinari-2022\/#article\",\"isPartOf\":{\"@id\":\"https:\/\/www.celttv.com.ar\/index.php\/2022\/10\/21\/gimnasia-artistica-tornquist-participo-en-la-copa-federico-molinari-2022\/\"},\"author\":{\"name\":\"Rodrigo Sgammini\",\"@id\":\"https:\/\/www.celttv.com.ar\/#\/schema\/person\/495be51d064edd971d8457f8f64eb172\"},\"headline\":\"Gimnasia Art\u00edstica: Tornquist particip\u00f3 en la Copa Federico Molinari 2022\",\"datePublished\":\"2022-10-21T16:38:03+00:00\",\"dateModified\":\"2022-10-21T16:38:03+00:00\",\"mainEntityOfPage\":{\"@id\":\"https:\/\/www.celttv.com.ar\/index.php\/2022\/10\/21\/gimnasia-artistica-tornquist-participo-en-la-copa-federico-molinari-2022\/\"},\"wordCount\":271,\"publisher\":{\"@id\":\"https:\/\/www.celttv.com.ar\/#organization\"},\"articleSection\":[\"Magazine Sport\"],\"inLanguage\":\"es\"},{\"@type\":\"WebPage\",\"@id\":\"https:\/\/www.celttv.com.ar\/index.php\/2022\/10\/21\/gimnasia-artistica-tornquist-participo-en-la-copa-federico-molinari-2022\/\",\"url\":\"https:\/\/www.celttv.com.ar\/index.php\/2022\/10\/21\/gimnasia-artistica-tornquist-participo-en-la-copa-federico-molinari-2022\/\",\"name\":\"Gimnasia Art\u00edstica: Tornquist particip\u00f3 en la Copa Federico Molinari 2022 - CELTTV\",\"isPartOf\":{\"@id\":\"https:\/\/www.celttv.com.ar\/#website\"},\"datePublished\":\"2022-10-21T16:38:03+00:00\",\"dateModified\":\"2022-10-21T16:38:03+00:00\",\"description\":\"Sitio web de noticias de la localidad de Tornquist, provincia de Buenos Aires, Rep\u00fablica Argentina. Contenido propio originado por periodistas de CELTTV, el canal de TV local de la Cooperativa El\u00e9ctrica de Tornquist. Turismo, Pol\u00edtica, Sociedad, Deporte, Cultura y todo el contenido de inter\u00e9s general que la gente del pueblo y la regi\u00f3n debe conocer.\",\"breadcrumb\":{\"@id\":\"https:\/\/www.celttv.com.ar\/index.php\/2022\/10\/21\/gimnasia-artistica-tornquist-participo-en-la-copa-federico-molinari-2022\/#breadcrumb\"},\"inLanguage\":\"es\",\"potentialAction\":[{\"@type\":\"ReadAction\",\"target\":[\"https:\/\/www.celttv.com.ar\/index.php\/2022\/10\/21\/gimnasia-artistica-tornquist-participo-en-la-copa-federico-molinari-2022\/\"]}]},{\"@type\":\"BreadcrumbList\",\"@id\":\"https:\/\/www.celttv.com.ar\/index.php\/2022\/10\/21\/gimnasia-artistica-tornquist-participo-en-la-copa-federico-molinari-2022\/#breadcrumb\",\"itemListElement\":[{\"@type\":\"ListItem\",\"position\":1,\"name\":\"Inicio\",\"item\":\"https:\/\/www.celttv.com.ar\/\"},{\"@type\":\"ListItem\",\"position\":2,\"name\":\"Gimnasia Art\u00edstica: Tornquist particip\u00f3 en la Copa Federico Molinari 2022\"}]},{\"@type\":\"WebSite\",\"@id\":\"https:\/\/www.celttv.com.ar\/#website\",\"url\":\"https:\/\/www.celttv.com.ar\/\",\"name\":\"CELTTV\",\"description\":\"Cooperativa El\u00e9ctrica de Tornquist\",\"publisher\":{\"@id\":\"https:\/\/www.celttv.com.ar\/#organization\"},\"potentialAction\":[{\"@type\":\"SearchAction\",\"target\":{\"@type\":\"EntryPoint\",\"urlTemplate\":\"https:\/\/www.celttv.com.ar\/?s={search_term_string}\"},\"query-input\":\"required name=search_term_string\"}],\"inLanguage\":\"es\"},{\"@type\":\"Organization\",\"@id\":\"https:\/\/www.celttv.com.ar\/#organization\",\"name\":\"CELTTV\",\"url\":\"https:\/\/www.celttv.com.ar\/\",\"sameAs\":[\"https:\/\/www.youtube.com\/channel\/UCz_oIt8Hig64Ub-EmcNPIhg\",\"https:\/\/www.facebook.com\/celtTV\/\"],\"logo\":{\"@type\":\"ImageObject\",\"inLanguage\":\"es\",\"@id\":\"https:\/\/www.celttv.com.ar\/#\/schema\/logo\/image\/\",\"url\":\"http:\/\/www.celttv.com.ar\/wp-content\/uploads\/2022\/08\/logo-1.png\",\"contentUrl\":\"http:\/\/www.celttv.com.ar\/wp-content\/uploads\/2022\/08\/logo-1.png\",\"width\":461,\"height\":159,\"caption\":\"CELTTV\"},\"image\":{\"@id\":\"https:\/\/www.celttv.com.ar\/#\/schema\/logo\/image\/\"}},{\"@type\":\"Person\",\"@id\":\"https:\/\/www.celttv.com.ar\/#\/schema\/person\/495be51d064edd971d8457f8f64eb172\",\"name\":\"Rodrigo Sgammini\",\"image\":{\"@type\":\"ImageObject\",\"inLanguage\":\"es\",\"@id\":\"https:\/\/www.celttv.com.ar\/#\/schema\/person\/image\/\",\"url\":\"https:\/\/secure.gravatar.com\/avatar\/68f7848d42735e7a9276b47cd6e606327d88f521c51ae39d88888b76902e2987?s=96&d=mm&r=g\",\"contentUrl\":\"https:\/\/secure.gravatar.com\/avatar\/68f7848d42735e7a9276b47cd6e606327d88f521c51ae39d88888b76902e2987?s=96&d=mm&r=g\",\"caption\":\"Rodrigo Sgammini\"}}]}<\/script>\n<!-- \/ Yoast SEO plugin. -->","yoast_head_json":{"title":"Gimnasia Art\u00edstica: Tornquist particip\u00f3 en la Copa Federico Molinari 2022 - CELTTV","description":"Sitio web de noticias de la localidad de Tornquist, provincia de Buenos Aires, Rep\u00fablica Argentina. Contenido propio originado por periodistas de CELTTV, el canal de TV local de la Cooperativa El\u00e9ctrica de Tornquist. Turismo, Pol\u00edtica, Sociedad, Deporte, Cultura y todo el contenido de inter\u00e9s general que la gente del pueblo y la regi\u00f3n debe conocer.","robots":{"index":"index","follow":"follow","max-snippet":"max-snippet:-1","max-image-preview":"max-image-preview:large","max-video-preview":"max-video-preview:-1"},"canonical":"https:\/\/www.celttv.com.ar\/index.php\/2022\/10\/21\/gimnasia-artistica-tornquist-participo-en-la-copa-federico-molinari-2022\/","og_locale":"es_ES","og_type":"article","og_title":"Gimnasia Art\u00edstica: Tornquist particip\u00f3 en la Copa Federico Molinari 2022 - CELTTV","og_description":"Sitio web de noticias de la localidad de Tornquist, provincia de Buenos Aires, Rep\u00fablica Argentina. Contenido propio originado por periodistas de CELTTV, el canal de TV local de la Cooperativa El\u00e9ctrica de Tornquist. Turismo, Pol\u00edtica, Sociedad, Deporte, Cultura y todo el contenido de inter\u00e9s general que la gente del pueblo y la regi\u00f3n debe conocer.","og_url":"https:\/\/www.celttv.com.ar\/index.php\/2022\/10\/21\/gimnasia-artistica-tornquist-participo-en-la-copa-federico-molinari-2022\/","og_site_name":"CELTTV","article_publisher":"https:\/\/www.facebook.com\/celtTV\/","article_published_time":"2022-10-21T16:38:03+00:00","og_image":[{"width":1049,"height":728,"url":"https:\/\/www.celttv.com.ar\/wp-content\/uploads\/2022\/10\/Torneo-de-gimnasia-7.jpg","type":"image\/jpeg"}],"author":"Rodrigo Sgammini","twitter_card":"summary_large_image","twitter_misc":{"Escrito por":"Rodrigo Sgammini","Tiempo de lectura":"1 minuto"},"schema":{"@context":"https:\/\/schema.org","@graph":[{"@type":"NewsArticle","@id":"https:\/\/www.celttv.com.ar\/index.php\/2022\/10\/21\/gimnasia-artistica-tornquist-participo-en-la-copa-federico-molinari-2022\/#article","isPartOf":{"@id":"https:\/\/www.celttv.com.ar\/index.php\/2022\/10\/21\/gimnasia-artistica-tornquist-participo-en-la-copa-federico-molinari-2022\/"},"author":{"name":"Rodrigo Sgammini","@id":"https:\/\/www.celttv.com.ar\/#\/schema\/person\/495be51d064edd971d8457f8f64eb172"},"headline":"Gimnasia Art\u00edstica: Tornquist particip\u00f3 en la Copa Federico Molinari 2022","datePublished":"2022-10-21T16:38:03+00:00","dateModified":"2022-10-21T16:38:03+00:00","mainEntityOfPage":{"@id":"https:\/\/www.celttv.com.ar\/index.php\/2022\/10\/21\/gimnasia-artistica-tornquist-participo-en-la-copa-federico-molinari-2022\/"},"wordCount":271,"publisher":{"@id":"https:\/\/www.celttv.com.ar\/#organization"},"articleSection":["Magazine Sport"],"inLanguage":"es"},{"@type":"WebPage","@id":"https:\/\/www.celttv.com.ar\/index.php\/2022\/10\/21\/gimnasia-artistica-tornquist-participo-en-la-copa-federico-molinari-2022\/","url":"https:\/\/www.celttv.com.ar\/index.php\/2022\/10\/21\/gimnasia-artistica-tornquist-participo-en-la-copa-federico-molinari-2022\/","name":"Gimnasia Art\u00edstica: Tornquist particip\u00f3 en la Copa Federico Molinari 2022 - CELTTV","isPartOf":{"@id":"https:\/\/www.celttv.com.ar\/#website"},"datePublished":"2022-10-21T16:38:03+00:00","dateModified":"2022-10-21T16:38:03+00:00","description":"Sitio web de noticias de la localidad de Tornquist, provincia de Buenos Aires, Rep\u00fablica Argentina. Contenido propio originado por periodistas de CELTTV, el canal de TV local de la Cooperativa El\u00e9ctrica de Tornquist. Turismo, Pol\u00edtica, Sociedad, Deporte, Cultura y todo el contenido de inter\u00e9s general que la gente del pueblo y la regi\u00f3n debe conocer.","breadcrumb":{"@id":"https:\/\/www.celttv.com.ar\/index.php\/2022\/10\/21\/gimnasia-artistica-tornquist-participo-en-la-copa-federico-molinari-2022\/#breadcrumb"},"inLanguage":"es","potentialAction":[{"@type":"ReadAction","target":["https:\/\/www.celttv.com.ar\/index.php\/2022\/10\/21\/gimnasia-artistica-tornquist-participo-en-la-copa-federico-molinari-2022\/"]}]},{"@type":"BreadcrumbList","@id":"https:\/\/www.celttv.com.ar\/index.php\/2022\/10\/21\/gimnasia-artistica-tornquist-participo-en-la-copa-federico-molinari-2022\/#breadcrumb","itemListElement":[{"@type":"ListItem","position":1,"name":"Inicio","item":"https:\/\/www.celttv.com.ar\/"},{"@type":"ListItem","position":2,"name":"Gimnasia Art\u00edstica: Tornquist particip\u00f3 en la Copa Federico Molinari 2022"}]},{"@type":"WebSite","@id":"https:\/\/www.celttv.com.ar\/#website","url":"https:\/\/www.celttv.com.ar\/","name":"CELTTV","description":"Cooperativa El\u00e9ctrica de Tornquist","publisher":{"@id":"https:\/\/www.celttv.com.ar\/#organization"},"potentialAction":[{"@type":"SearchAction","target":{"@type":"EntryPoint","urlTemplate":"https:\/\/www.celttv.com.ar\/?s={search_term_string}"},"query-input":"required name=search_term_string"}],"inLanguage":"es"},{"@type":"Organization","@id":"https:\/\/www.celttv.com.ar\/#organization","name":"CELTTV","url":"https:\/\/www.celttv.com.ar\/","sameAs":["https:\/\/www.youtube.com\/channel\/UCz_oIt8Hig64Ub-EmcNPIhg","https:\/\/www.facebook.com\/celtTV\/"],"logo":{"@type":"ImageObject","inLanguage":"es","@id":"https:\/\/www.celttv.com.ar\/#\/schema\/logo\/image\/","url":"http:\/\/www.celttv.com.ar\/wp-content\/uploads\/2022\/08\/logo-1.png","contentUrl":"http:\/\/www.celttv.com.ar\/wp-content\/uploads\/2022\/08\/logo-1.png","width":461,"height":159,"caption":"CELTTV"},"image":{"@id":"https:\/\/www.celttv.com.ar\/#\/schema\/logo\/image\/"}},{"@type":"Person","@id":"https:\/\/www.celttv.com.ar\/#\/schema\/person\/495be51d064edd971d8457f8f64eb172","name":"Rodrigo Sgammini","image":{"@type":"ImageObject","inLanguage":"es","@id":"https:\/\/www.celttv.com.ar\/#\/schema\/person\/image\/","url":"https:\/\/secure.gravatar.com\/avatar\/68f7848d42735e7a9276b47cd6e606327d88f521c51ae39d88888b76902e2987?s=96&d=mm&r=g","contentUrl":"https:\/\/secure.gravatar.com\/avatar\/68f7848d42735e7a9276b47cd6e606327d88f521c51ae39d88888b76902e2987?s=96&d=mm&r=g","caption":"Rodrigo Sgammini"}}]}},"_links":{"self":[{"href":"https:\/\/www.celttv.com.ar\/index.php\/wp-json\/wp\/v2\/posts\/70582","targetHints":{"allow":["GET"]}}],"collection":[{"href":"https:\/\/www.celttv.com.ar\/index.php\/wp-json\/wp\/v2\/posts"}],"about":[{"href":"https:\/\/www.celttv.com.ar\/index.php\/wp-json\/wp\/v2\/types\/post"}],"author":[{"embeddable":true,"href":"https:\/\/www.celttv.com.ar\/index.php\/wp-json\/wp\/v2\/users\/3"}],"replies":[{"embeddable":true,"href":"https:\/\/www.celttv.com.ar\/index.php\/wp-json\/wp\/v2\/comments?post=70582"}],"version-history":[{"count":1,"href":"https:\/\/www.celttv.com.ar\/index.php\/wp-json\/wp\/v2\/posts\/70582\/revisions"}],"predecessor-version":[{"id":70589,"href":"https:\/\/www.celttv.com.ar\/index.php\/wp-json\/wp\/v2\/posts\/70582\/revisions\/70589"}],"wp:featuredmedia":[{"embeddable":true,"href":"https:\/\/www.celttv.com.ar\/index.php\/wp-json\/wp\/v2\/media\/70588"}],"wp:attachment":[{"href":"https:\/\/www.celttv.com.ar\/index.php\/wp-json\/wp\/v2\/media?parent=70582"}],"wp:term":[{"taxonomy":"category","embeddable":true,"href":"https:\/\/www.celttv.com.ar\/index.php\/wp-json\/wp\/v2\/categories?post=70582"},{"taxonomy":"post_tag","embeddable":true,"href":"https:\/\/www.celttv.com.ar\/index.php\/wp-json\/wp\/v2\/tags?post=70582"}],"curies":[{"name":"wp","href":"https:\/\/api.w.org\/{rel}","templated":true}]}}