{"id":70746,"date":"2022-10-25T18:58:40","date_gmt":"2022-10-25T21:58:40","guid":{"rendered":"http:\/\/www.celttv.com.ar\/?p=70746"},"modified":"2022-10-25T18:58:40","modified_gmt":"2022-10-25T21:58:40","slug":"quedo-formalizado-el-espacio-de-formacion-permanente-de-la-secretaria-de-salud","status":"publish","type":"post","link":"https:\/\/www.celttv.com.ar\/index.php\/2022\/10\/25\/quedo-formalizado-el-espacio-de-formacion-permanente-de-la-secretaria-de-salud\/","title":{"rendered":"Qued\u00f3 formalizado el Espacio de Formaci\u00f3n Permanente de la Secretar\u00eda de Salud"},"content":{"rendered":"<p>Este martes fue formalizado el Espacio de Formaci\u00f3n Permanente (EFP) de la Secretar\u00eda de Salud de Tornquist Municipio, destinado a la capacitaci\u00f3n de todo el personal del \u00e1rea.<\/p>\n<p>El flamante lugar, ubicado en el nuevo sector de la Secretar\u00eda de Salud frente al Hospital Municipal \u2018Dr. Alberto Castro\u2019, fue generado para que las jornadas y cursos que se ven\u00edan dictando hasta ahora in situ (en el lugar de trabajo), tengan su sala espec\u00edfica, remodelada y equipada para tal fin.<\/p>\n<p>La inauguraci\u00f3n oficial del espacio se dio con la \u2018Jornada de Gases Medicinales, caracter\u00edsticas y aspectos de seguridad\u2019, a cargo del Ing. Carlos Tolcachir, con una duraci\u00f3n de 3 horas y la presencia de unas 30 personas.<\/p>\n<p>El EFP fue creado ante la necesidad de capacitar al personal frente al crecimiento exponencial que tuvo en los \u00faltimos dos a\u00f1os el \u00e1rea de salud, con la ampliaci\u00f3n de las diferentes dependencias y la incorporaci\u00f3n de nuevos servicios y especialidades.<\/p>\n<p>De las diferentes jornadas, participan tanto mucamas como agentes de mantenimiento, enfermeras y enfermeros, administrativos, camilleros, m\u00e9dicos y todos los profesionales que se desempe\u00f1an en los centros de salud.<\/p>\n<p><iframe loading=\"lazy\" title=\"2022 10 25 ESPACIO DE FORMACION PERMANENTE 1 NOELIA BAIER\" width=\"500\" height=\"281\" src=\"https:\/\/www.youtube.com\/embed\/MRvwD1QZ5Zc?feature=oembed\" frameborder=\"0\" allow=\"accelerometer; autoplay; clipboard-write; encrypted-media; gyroscope; picture-in-picture; web-share\" referrerpolicy=\"strict-origin-when-cross-origin\" allowfullscreen><\/iframe><\/p>\n<p>https:\/\/youtu.be\/L_7vebfPrrA<\/p>\n<p><iframe loading=\"lazy\" title=\"2022 10 25 ESPACIO DE FORMACION PERMANENTE 3 MARIANO BALBIANO\" width=\"500\" height=\"281\" src=\"https:\/\/www.youtube.com\/embed\/QJzfoYcVrRo?feature=oembed\" frameborder=\"0\" allow=\"accelerometer; autoplay; clipboard-write; encrypted-media; gyroscope; picture-in-picture; web-share\" referrerpolicy=\"strict-origin-when-cross-origin\" allowfullscreen><\/iframe><\/p>\n<p><img loading=\"lazy\" decoding=\"async\" class=\"alignnone size-medium wp-image-70747\" src=\"http:\/\/www.celttv.com.ar\/wp-content\/uploads\/2022\/10\/EFP-1-300x200.jpg\" alt=\"\" width=\"300\" height=\"200\" srcset=\"https:\/\/www.celttv.com.ar\/wp-content\/uploads\/2022\/10\/EFP-1-300x200.jpg 300w, https:\/\/www.celttv.com.ar\/wp-content\/uploads\/2022\/10\/EFP-1-1024x683.jpg 1024w, https:\/\/www.celttv.com.ar\/wp-content\/uploads\/2022\/10\/EFP-1-768x512.jpg 768w, https:\/\/www.celttv.com.ar\/wp-content\/uploads\/2022\/10\/EFP-1-1536x1024.jpg 1536w, https:\/\/www.celttv.com.ar\/wp-content\/uploads\/2022\/10\/EFP-1-750x500.jpg 750w, https:\/\/www.celttv.com.ar\/wp-content\/uploads\/2022\/10\/EFP-1-1140x760.jpg 1140w, https:\/\/www.celttv.com.ar\/wp-content\/uploads\/2022\/10\/EFP-1.jpg 1800w\" sizes=\"auto, (max-width: 300px) 100vw, 300px\" \/> <img loading=\"lazy\" decoding=\"async\" class=\"alignnone size-medium wp-image-70748\" src=\"http:\/\/www.celttv.com.ar\/wp-content\/uploads\/2022\/10\/EFP-2-300x200.jpg\" alt=\"\" width=\"300\" height=\"200\" srcset=\"https:\/\/www.celttv.com.ar\/wp-content\/uploads\/2022\/10\/EFP-2-300x200.jpg 300w, https:\/\/www.celttv.com.ar\/wp-content\/uploads\/2022\/10\/EFP-2-1024x683.jpg 1024w, https:\/\/www.celttv.com.ar\/wp-content\/uploads\/2022\/10\/EFP-2-768x512.jpg 768w, https:\/\/www.celttv.com.ar\/wp-content\/uploads\/2022\/10\/EFP-2-1536x1024.jpg 1536w, https:\/\/www.celttv.com.ar\/wp-content\/uploads\/2022\/10\/EFP-2-750x500.jpg 750w, https:\/\/www.celttv.com.ar\/wp-content\/uploads\/2022\/10\/EFP-2-1140x760.jpg 1140w, https:\/\/www.celttv.com.ar\/wp-content\/uploads\/2022\/10\/EFP-2.jpg 1800w\" sizes=\"auto, (max-width: 300px) 100vw, 300px\" \/> <img loading=\"lazy\" decoding=\"async\" class=\"alignnone size-medium wp-image-70749\" src=\"http:\/\/www.celttv.com.ar\/wp-content\/uploads\/2022\/10\/EFP-3-300x200.jpg\" alt=\"\" width=\"300\" height=\"200\" srcset=\"https:\/\/www.celttv.com.ar\/wp-content\/uploads\/2022\/10\/EFP-3-300x200.jpg 300w, https:\/\/www.celttv.com.ar\/wp-content\/uploads\/2022\/10\/EFP-3-1024x683.jpg 1024w, https:\/\/www.celttv.com.ar\/wp-content\/uploads\/2022\/10\/EFP-3-768x512.jpg 768w, https:\/\/www.celttv.com.ar\/wp-content\/uploads\/2022\/10\/EFP-3-1536x1024.jpg 1536w, https:\/\/www.celttv.com.ar\/wp-content\/uploads\/2022\/10\/EFP-3-750x500.jpg 750w, https:\/\/www.celttv.com.ar\/wp-content\/uploads\/2022\/10\/EFP-3-1140x760.jpg 1140w, https:\/\/www.celttv.com.ar\/wp-content\/uploads\/2022\/10\/EFP-3.jpg 1800w\" sizes=\"auto, (max-width: 300px) 100vw, 300px\" \/> <img loading=\"lazy\" decoding=\"async\" class=\"alignnone size-medium wp-image-70750\" src=\"http:\/\/www.celttv.com.ar\/wp-content\/uploads\/2022\/10\/EFP-4-300x200.jpg\" alt=\"\" width=\"300\" height=\"200\" srcset=\"https:\/\/www.celttv.com.ar\/wp-content\/uploads\/2022\/10\/EFP-4-300x200.jpg 300w, https:\/\/www.celttv.com.ar\/wp-content\/uploads\/2022\/10\/EFP-4-1024x683.jpg 1024w, https:\/\/www.celttv.com.ar\/wp-content\/uploads\/2022\/10\/EFP-4-768x512.jpg 768w, https:\/\/www.celttv.com.ar\/wp-content\/uploads\/2022\/10\/EFP-4-1536x1024.jpg 1536w, https:\/\/www.celttv.com.ar\/wp-content\/uploads\/2022\/10\/EFP-4-750x500.jpg 750w, https:\/\/www.celttv.com.ar\/wp-content\/uploads\/2022\/10\/EFP-4-1140x760.jpg 1140w, https:\/\/www.celttv.com.ar\/wp-content\/uploads\/2022\/10\/EFP-4.jpg 1800w\" sizes=\"auto, (max-width: 300px) 100vw, 300px\" \/> <img loading=\"lazy\" decoding=\"async\" class=\"alignnone size-medium wp-image-70751\" src=\"http:\/\/www.celttv.com.ar\/wp-content\/uploads\/2022\/10\/EFP-5-300x200.jpg\" alt=\"\" width=\"300\" height=\"200\" srcset=\"https:\/\/www.celttv.com.ar\/wp-content\/uploads\/2022\/10\/EFP-5-300x200.jpg 300w, https:\/\/www.celttv.com.ar\/wp-content\/uploads\/2022\/10\/EFP-5-1024x683.jpg 1024w, https:\/\/www.celttv.com.ar\/wp-content\/uploads\/2022\/10\/EFP-5-768x512.jpg 768w, https:\/\/www.celttv.com.ar\/wp-content\/uploads\/2022\/10\/EFP-5-1536x1024.jpg 1536w, https:\/\/www.celttv.com.ar\/wp-content\/uploads\/2022\/10\/EFP-5-750x500.jpg 750w, https:\/\/www.celttv.com.ar\/wp-content\/uploads\/2022\/10\/EFP-5-1140x760.jpg 1140w, https:\/\/www.celttv.com.ar\/wp-content\/uploads\/2022\/10\/EFP-5.jpg 1800w\" sizes=\"auto, (max-width: 300px) 100vw, 300px\" \/> <img loading=\"lazy\" decoding=\"async\" class=\"alignnone size-medium wp-image-70752\" src=\"http:\/\/www.celttv.com.ar\/wp-content\/uploads\/2022\/10\/EFP-6-300x200.jpg\" alt=\"\" width=\"300\" height=\"200\" srcset=\"https:\/\/www.celttv.com.ar\/wp-content\/uploads\/2022\/10\/EFP-6-300x200.jpg 300w, https:\/\/www.celttv.com.ar\/wp-content\/uploads\/2022\/10\/EFP-6-1024x683.jpg 1024w, https:\/\/www.celttv.com.ar\/wp-content\/uploads\/2022\/10\/EFP-6-768x512.jpg 768w, https:\/\/www.celttv.com.ar\/wp-content\/uploads\/2022\/10\/EFP-6-1536x1024.jpg 1536w, https:\/\/www.celttv.com.ar\/wp-content\/uploads\/2022\/10\/EFP-6-750x500.jpg 750w, https:\/\/www.celttv.com.ar\/wp-content\/uploads\/2022\/10\/EFP-6-1140x760.jpg 1140w, https:\/\/www.celttv.com.ar\/wp-content\/uploads\/2022\/10\/EFP-6.jpg 1800w\" sizes=\"auto, (max-width: 300px) 100vw, 300px\" \/> <img loading=\"lazy\" decoding=\"async\" class=\"alignnone size-medium wp-image-70753\" src=\"http:\/\/www.celttv.com.ar\/wp-content\/uploads\/2022\/10\/EFP-7-300x200.jpg\" alt=\"\" width=\"300\" height=\"200\" srcset=\"https:\/\/www.celttv.com.ar\/wp-content\/uploads\/2022\/10\/EFP-7-300x200.jpg 300w, https:\/\/www.celttv.com.ar\/wp-content\/uploads\/2022\/10\/EFP-7-1024x683.jpg 1024w, https:\/\/www.celttv.com.ar\/wp-content\/uploads\/2022\/10\/EFP-7-768x512.jpg 768w, https:\/\/www.celttv.com.ar\/wp-content\/uploads\/2022\/10\/EFP-7-1536x1024.jpg 1536w, https:\/\/www.celttv.com.ar\/wp-content\/uploads\/2022\/10\/EFP-7-750x500.jpg 750w, https:\/\/www.celttv.com.ar\/wp-content\/uploads\/2022\/10\/EFP-7-1140x760.jpg 1140w, https:\/\/www.celttv.com.ar\/wp-content\/uploads\/2022\/10\/EFP-7.jpg 1800w\" sizes=\"auto, (max-width: 300px) 100vw, 300px\" \/><\/p>\n","protected":false},"excerpt":{"rendered":"<p>Este martes fue formalizado el Espacio de Formaci\u00f3n Permanente (EFP) de la Secretar\u00eda de Salud de Tornquist Municipio, destinado a la capacitaci\u00f3n de todo el personal del \u00e1rea. El flamante lugar, ubicado en el nuevo sector de la Secretar\u00eda de Salud frente al Hospital Municipal \u2018Dr. Alberto Castro\u2019, fue generado para que las jornadas y [&hellip;]<\/p>\n","protected":false},"author":5,"featured_media":70751,"comment_status":"closed","ping_status":"closed","sticky":false,"template":"","format":"standard","meta":{"footnotes":""},"categories":[51,52,59],"tags":[451],"class_list":["post-70746","post","type-post","status-publish","format-standard","has-post-thumbnail","hentry","category-comunidad","category-destacadas","category-municipales","tag-quedo-formalizado-el-espacio-de-formacion-permanente-de-la-secretaria-de-salud"],"yoast_head":"<!-- This site is optimized with the Yoast SEO plugin v19.7.1 - https:\/\/yoast.com\/wordpress\/plugins\/seo\/ -->\n<title>Qued\u00f3 formalizado el Espacio de Formaci\u00f3n Permanente de la Secretar\u00eda de Salud - CELTTV<\/title>\n<meta name=\"description\" content=\"Sitio web de noticias de la localidad de Tornquist, provincia de Buenos Aires, Rep\u00fablica Argentina. Contenido propio originado por periodistas de CELTTV, el canal de TV local de la Cooperativa El\u00e9ctrica de Tornquist. Turismo, Pol\u00edtica, Sociedad, Deporte, Cultura y todo el contenido de inter\u00e9s general que la gente del pueblo y la regi\u00f3n debe conocer.\" \/>\n<meta name=\"robots\" content=\"index, follow, max-snippet:-1, max-image-preview:large, max-video-preview:-1\" \/>\n<link rel=\"canonical\" href=\"https:\/\/www.celttv.com.ar\/index.php\/2022\/10\/25\/quedo-formalizado-el-espacio-de-formacion-permanente-de-la-secretaria-de-salud\/\" \/>\n<meta property=\"og:locale\" content=\"es_ES\" \/>\n<meta property=\"og:type\" content=\"article\" \/>\n<meta property=\"og:title\" content=\"Qued\u00f3 formalizado el Espacio de Formaci\u00f3n Permanente de la Secretar\u00eda de Salud - CELTTV\" \/>\n<meta property=\"og:description\" content=\"Sitio web de noticias de la localidad de Tornquist, provincia de Buenos Aires, Rep\u00fablica Argentina. Contenido propio originado por periodistas de CELTTV, el canal de TV local de la Cooperativa El\u00e9ctrica de Tornquist. Turismo, Pol\u00edtica, Sociedad, Deporte, Cultura y todo el contenido de inter\u00e9s general que la gente del pueblo y la regi\u00f3n debe conocer.\" \/>\n<meta property=\"og:url\" content=\"https:\/\/www.celttv.com.ar\/index.php\/2022\/10\/25\/quedo-formalizado-el-espacio-de-formacion-permanente-de-la-secretaria-de-salud\/\" \/>\n<meta property=\"og:site_name\" content=\"CELTTV\" \/>\n<meta property=\"article:publisher\" content=\"https:\/\/www.facebook.com\/celtTV\/\" \/>\n<meta property=\"article:published_time\" content=\"2022-10-25T21:58:40+00:00\" \/>\n<meta property=\"og:image\" content=\"https:\/\/www.celttv.com.ar\/wp-content\/uploads\/2022\/10\/EFP-5.jpg\" \/>\n\t<meta property=\"og:image:width\" content=\"1800\" \/>\n\t<meta property=\"og:image:height\" content=\"1200\" \/>\n\t<meta property=\"og:image:type\" content=\"image\/jpeg\" \/>\n<meta name=\"author\" content=\"Miguel Herrada\" \/>\n<meta name=\"twitter:card\" content=\"summary_large_image\" \/>\n<meta name=\"twitter:label1\" content=\"Escrito por\" \/>\n\t<meta name=\"twitter:data1\" content=\"Miguel Herrada\" \/>\n\t<meta name=\"twitter:label2\" content=\"Tiempo de lectura\" \/>\n\t<meta name=\"twitter:data2\" content=\"1 minuto\" \/>\n<script type=\"application\/ld+json\" class=\"yoast-schema-graph\">{\"@context\":\"https:\/\/schema.org\",\"@graph\":[{\"@type\":\"NewsArticle\",\"@id\":\"https:\/\/www.celttv.com.ar\/index.php\/2022\/10\/25\/quedo-formalizado-el-espacio-de-formacion-permanente-de-la-secretaria-de-salud\/#article\",\"isPartOf\":{\"@id\":\"https:\/\/www.celttv.com.ar\/index.php\/2022\/10\/25\/quedo-formalizado-el-espacio-de-formacion-permanente-de-la-secretaria-de-salud\/\"},\"author\":{\"name\":\"Miguel Herrada\",\"@id\":\"https:\/\/www.celttv.com.ar\/#\/schema\/person\/9059dc91dc7204ef4182cdb65225f07d\"},\"headline\":\"Qued\u00f3 formalizado el Espacio de Formaci\u00f3n Permanente de la Secretar\u00eda de Salud\",\"datePublished\":\"2022-10-25T21:58:40+00:00\",\"dateModified\":\"2022-10-25T21:58:40+00:00\",\"mainEntityOfPage\":{\"@id\":\"https:\/\/www.celttv.com.ar\/index.php\/2022\/10\/25\/quedo-formalizado-el-espacio-de-formacion-permanente-de-la-secretaria-de-salud\/\"},\"wordCount\":227,\"publisher\":{\"@id\":\"https:\/\/www.celttv.com.ar\/#organization\"},\"keywords\":[\"Qued\u00f3 formalizado el Espacio de Formaci\u00f3n Permanente de la Secretar\u00eda de Salud\"],\"articleSection\":[\"Comunidad\",\"Destacadas\",\"Municipales\"],\"inLanguage\":\"es\"},{\"@type\":\"WebPage\",\"@id\":\"https:\/\/www.celttv.com.ar\/index.php\/2022\/10\/25\/quedo-formalizado-el-espacio-de-formacion-permanente-de-la-secretaria-de-salud\/\",\"url\":\"https:\/\/www.celttv.com.ar\/index.php\/2022\/10\/25\/quedo-formalizado-el-espacio-de-formacion-permanente-de-la-secretaria-de-salud\/\",\"name\":\"Qued\u00f3 formalizado el Espacio de Formaci\u00f3n Permanente de la Secretar\u00eda de Salud - CELTTV\",\"isPartOf\":{\"@id\":\"https:\/\/www.celttv.com.ar\/#website\"},\"datePublished\":\"2022-10-25T21:58:40+00:00\",\"dateModified\":\"2022-10-25T21:58:40+00:00\",\"description\":\"Sitio web de noticias de la localidad de Tornquist, provincia de Buenos Aires, Rep\u00fablica Argentina. Contenido propio originado por periodistas de CELTTV, el canal de TV local de la Cooperativa El\u00e9ctrica de Tornquist. Turismo, Pol\u00edtica, Sociedad, Deporte, Cultura y todo el contenido de inter\u00e9s general que la gente del pueblo y la regi\u00f3n debe conocer.\",\"breadcrumb\":{\"@id\":\"https:\/\/www.celttv.com.ar\/index.php\/2022\/10\/25\/quedo-formalizado-el-espacio-de-formacion-permanente-de-la-secretaria-de-salud\/#breadcrumb\"},\"inLanguage\":\"es\",\"potentialAction\":[{\"@type\":\"ReadAction\",\"target\":[\"https:\/\/www.celttv.com.ar\/index.php\/2022\/10\/25\/quedo-formalizado-el-espacio-de-formacion-permanente-de-la-secretaria-de-salud\/\"]}]},{\"@type\":\"BreadcrumbList\",\"@id\":\"https:\/\/www.celttv.com.ar\/index.php\/2022\/10\/25\/quedo-formalizado-el-espacio-de-formacion-permanente-de-la-secretaria-de-salud\/#breadcrumb\",\"itemListElement\":[{\"@type\":\"ListItem\",\"position\":1,\"name\":\"Inicio\",\"item\":\"https:\/\/www.celttv.com.ar\/\"},{\"@type\":\"ListItem\",\"position\":2,\"name\":\"Qued\u00f3 formalizado el Espacio de Formaci\u00f3n Permanente de la Secretar\u00eda de Salud\"}]},{\"@type\":\"WebSite\",\"@id\":\"https:\/\/www.celttv.com.ar\/#website\",\"url\":\"https:\/\/www.celttv.com.ar\/\",\"name\":\"CELTTV\",\"description\":\"Cooperativa El\u00e9ctrica de Tornquist\",\"publisher\":{\"@id\":\"https:\/\/www.celttv.com.ar\/#organization\"},\"potentialAction\":[{\"@type\":\"SearchAction\",\"target\":{\"@type\":\"EntryPoint\",\"urlTemplate\":\"https:\/\/www.celttv.com.ar\/?s={search_term_string}\"},\"query-input\":\"required name=search_term_string\"}],\"inLanguage\":\"es\"},{\"@type\":\"Organization\",\"@id\":\"https:\/\/www.celttv.com.ar\/#organization\",\"name\":\"CELTTV\",\"url\":\"https:\/\/www.celttv.com.ar\/\",\"sameAs\":[\"https:\/\/www.youtube.com\/channel\/UCz_oIt8Hig64Ub-EmcNPIhg\",\"https:\/\/www.facebook.com\/celtTV\/\"],\"logo\":{\"@type\":\"ImageObject\",\"inLanguage\":\"es\",\"@id\":\"https:\/\/www.celttv.com.ar\/#\/schema\/logo\/image\/\",\"url\":\"http:\/\/www.celttv.com.ar\/wp-content\/uploads\/2022\/08\/logo-1.png\",\"contentUrl\":\"http:\/\/www.celttv.com.ar\/wp-content\/uploads\/2022\/08\/logo-1.png\",\"width\":461,\"height\":159,\"caption\":\"CELTTV\"},\"image\":{\"@id\":\"https:\/\/www.celttv.com.ar\/#\/schema\/logo\/image\/\"}},{\"@type\":\"Person\",\"@id\":\"https:\/\/www.celttv.com.ar\/#\/schema\/person\/9059dc91dc7204ef4182cdb65225f07d\",\"name\":\"Miguel Herrada\",\"image\":{\"@type\":\"ImageObject\",\"inLanguage\":\"es\",\"@id\":\"https:\/\/www.celttv.com.ar\/#\/schema\/person\/image\/\",\"url\":\"https:\/\/secure.gravatar.com\/avatar\/67724d5b3c716623ffd76bec7e45841a442ac3b456e914dbba90b0fad2b8e0b1?s=96&d=mm&r=g\",\"contentUrl\":\"https:\/\/secure.gravatar.com\/avatar\/67724d5b3c716623ffd76bec7e45841a442ac3b456e914dbba90b0fad2b8e0b1?s=96&d=mm&r=g\",\"caption\":\"Miguel Herrada\"}}]}<\/script>\n<!-- \/ Yoast SEO plugin. -->","yoast_head_json":{"title":"Qued\u00f3 formalizado el Espacio de Formaci\u00f3n Permanente de la Secretar\u00eda de Salud - CELTTV","description":"Sitio web de noticias de la localidad de Tornquist, provincia de Buenos Aires, Rep\u00fablica Argentina. Contenido propio originado por periodistas de CELTTV, el canal de TV local de la Cooperativa El\u00e9ctrica de Tornquist. Turismo, Pol\u00edtica, Sociedad, Deporte, Cultura y todo el contenido de inter\u00e9s general que la gente del pueblo y la regi\u00f3n debe conocer.","robots":{"index":"index","follow":"follow","max-snippet":"max-snippet:-1","max-image-preview":"max-image-preview:large","max-video-preview":"max-video-preview:-1"},"canonical":"https:\/\/www.celttv.com.ar\/index.php\/2022\/10\/25\/quedo-formalizado-el-espacio-de-formacion-permanente-de-la-secretaria-de-salud\/","og_locale":"es_ES","og_type":"article","og_title":"Qued\u00f3 formalizado el Espacio de Formaci\u00f3n Permanente de la Secretar\u00eda de Salud - CELTTV","og_description":"Sitio web de noticias de la localidad de Tornquist, provincia de Buenos Aires, Rep\u00fablica Argentina. Contenido propio originado por periodistas de CELTTV, el canal de TV local de la Cooperativa El\u00e9ctrica de Tornquist. Turismo, Pol\u00edtica, Sociedad, Deporte, Cultura y todo el contenido de inter\u00e9s general que la gente del pueblo y la regi\u00f3n debe conocer.","og_url":"https:\/\/www.celttv.com.ar\/index.php\/2022\/10\/25\/quedo-formalizado-el-espacio-de-formacion-permanente-de-la-secretaria-de-salud\/","og_site_name":"CELTTV","article_publisher":"https:\/\/www.facebook.com\/celtTV\/","article_published_time":"2022-10-25T21:58:40+00:00","og_image":[{"width":1800,"height":1200,"url":"https:\/\/www.celttv.com.ar\/wp-content\/uploads\/2022\/10\/EFP-5.jpg","type":"image\/jpeg"}],"author":"Miguel Herrada","twitter_card":"summary_large_image","twitter_misc":{"Escrito por":"Miguel Herrada","Tiempo de lectura":"1 minuto"},"schema":{"@context":"https:\/\/schema.org","@graph":[{"@type":"NewsArticle","@id":"https:\/\/www.celttv.com.ar\/index.php\/2022\/10\/25\/quedo-formalizado-el-espacio-de-formacion-permanente-de-la-secretaria-de-salud\/#article","isPartOf":{"@id":"https:\/\/www.celttv.com.ar\/index.php\/2022\/10\/25\/quedo-formalizado-el-espacio-de-formacion-permanente-de-la-secretaria-de-salud\/"},"author":{"name":"Miguel Herrada","@id":"https:\/\/www.celttv.com.ar\/#\/schema\/person\/9059dc91dc7204ef4182cdb65225f07d"},"headline":"Qued\u00f3 formalizado el Espacio de Formaci\u00f3n Permanente de la Secretar\u00eda de Salud","datePublished":"2022-10-25T21:58:40+00:00","dateModified":"2022-10-25T21:58:40+00:00","mainEntityOfPage":{"@id":"https:\/\/www.celttv.com.ar\/index.php\/2022\/10\/25\/quedo-formalizado-el-espacio-de-formacion-permanente-de-la-secretaria-de-salud\/"},"wordCount":227,"publisher":{"@id":"https:\/\/www.celttv.com.ar\/#organization"},"keywords":["Qued\u00f3 formalizado el Espacio de Formaci\u00f3n Permanente de la Secretar\u00eda de Salud"],"articleSection":["Comunidad","Destacadas","Municipales"],"inLanguage":"es"},{"@type":"WebPage","@id":"https:\/\/www.celttv.com.ar\/index.php\/2022\/10\/25\/quedo-formalizado-el-espacio-de-formacion-permanente-de-la-secretaria-de-salud\/","url":"https:\/\/www.celttv.com.ar\/index.php\/2022\/10\/25\/quedo-formalizado-el-espacio-de-formacion-permanente-de-la-secretaria-de-salud\/","name":"Qued\u00f3 formalizado el Espacio de Formaci\u00f3n Permanente de la Secretar\u00eda de Salud - CELTTV","isPartOf":{"@id":"https:\/\/www.celttv.com.ar\/#website"},"datePublished":"2022-10-25T21:58:40+00:00","dateModified":"2022-10-25T21:58:40+00:00","description":"Sitio web de noticias de la localidad de Tornquist, provincia de Buenos Aires, Rep\u00fablica Argentina. Contenido propio originado por periodistas de CELTTV, el canal de TV local de la Cooperativa El\u00e9ctrica de Tornquist. Turismo, Pol\u00edtica, Sociedad, Deporte, Cultura y todo el contenido de inter\u00e9s general que la gente del pueblo y la regi\u00f3n debe conocer.","breadcrumb":{"@id":"https:\/\/www.celttv.com.ar\/index.php\/2022\/10\/25\/quedo-formalizado-el-espacio-de-formacion-permanente-de-la-secretaria-de-salud\/#breadcrumb"},"inLanguage":"es","potentialAction":[{"@type":"ReadAction","target":["https:\/\/www.celttv.com.ar\/index.php\/2022\/10\/25\/quedo-formalizado-el-espacio-de-formacion-permanente-de-la-secretaria-de-salud\/"]}]},{"@type":"BreadcrumbList","@id":"https:\/\/www.celttv.com.ar\/index.php\/2022\/10\/25\/quedo-formalizado-el-espacio-de-formacion-permanente-de-la-secretaria-de-salud\/#breadcrumb","itemListElement":[{"@type":"ListItem","position":1,"name":"Inicio","item":"https:\/\/www.celttv.com.ar\/"},{"@type":"ListItem","position":2,"name":"Qued\u00f3 formalizado el Espacio de Formaci\u00f3n Permanente de la Secretar\u00eda de Salud"}]},{"@type":"WebSite","@id":"https:\/\/www.celttv.com.ar\/#website","url":"https:\/\/www.celttv.com.ar\/","name":"CELTTV","description":"Cooperativa El\u00e9ctrica de Tornquist","publisher":{"@id":"https:\/\/www.celttv.com.ar\/#organization"},"potentialAction":[{"@type":"SearchAction","target":{"@type":"EntryPoint","urlTemplate":"https:\/\/www.celttv.com.ar\/?s={search_term_string}"},"query-input":"required name=search_term_string"}],"inLanguage":"es"},{"@type":"Organization","@id":"https:\/\/www.celttv.com.ar\/#organization","name":"CELTTV","url":"https:\/\/www.celttv.com.ar\/","sameAs":["https:\/\/www.youtube.com\/channel\/UCz_oIt8Hig64Ub-EmcNPIhg","https:\/\/www.facebook.com\/celtTV\/"],"logo":{"@type":"ImageObject","inLanguage":"es","@id":"https:\/\/www.celttv.com.ar\/#\/schema\/logo\/image\/","url":"http:\/\/www.celttv.com.ar\/wp-content\/uploads\/2022\/08\/logo-1.png","contentUrl":"http:\/\/www.celttv.com.ar\/wp-content\/uploads\/2022\/08\/logo-1.png","width":461,"height":159,"caption":"CELTTV"},"image":{"@id":"https:\/\/www.celttv.com.ar\/#\/schema\/logo\/image\/"}},{"@type":"Person","@id":"https:\/\/www.celttv.com.ar\/#\/schema\/person\/9059dc91dc7204ef4182cdb65225f07d","name":"Miguel Herrada","image":{"@type":"ImageObject","inLanguage":"es","@id":"https:\/\/www.celttv.com.ar\/#\/schema\/person\/image\/","url":"https:\/\/secure.gravatar.com\/avatar\/67724d5b3c716623ffd76bec7e45841a442ac3b456e914dbba90b0fad2b8e0b1?s=96&d=mm&r=g","contentUrl":"https:\/\/secure.gravatar.com\/avatar\/67724d5b3c716623ffd76bec7e45841a442ac3b456e914dbba90b0fad2b8e0b1?s=96&d=mm&r=g","caption":"Miguel Herrada"}}]}},"_links":{"self":[{"href":"https:\/\/www.celttv.com.ar\/index.php\/wp-json\/wp\/v2\/posts\/70746","targetHints":{"allow":["GET"]}}],"collection":[{"href":"https:\/\/www.celttv.com.ar\/index.php\/wp-json\/wp\/v2\/posts"}],"about":[{"href":"https:\/\/www.celttv.com.ar\/index.php\/wp-json\/wp\/v2\/types\/post"}],"author":[{"embeddable":true,"href":"https:\/\/www.celttv.com.ar\/index.php\/wp-json\/wp\/v2\/users\/5"}],"replies":[{"embeddable":true,"href":"https:\/\/www.celttv.com.ar\/index.php\/wp-json\/wp\/v2\/comments?post=70746"}],"version-history":[{"count":1,"href":"https:\/\/www.celttv.com.ar\/index.php\/wp-json\/wp\/v2\/posts\/70746\/revisions"}],"predecessor-version":[{"id":70754,"href":"https:\/\/www.celttv.com.ar\/index.php\/wp-json\/wp\/v2\/posts\/70746\/revisions\/70754"}],"wp:featuredmedia":[{"embeddable":true,"href":"https:\/\/www.celttv.com.ar\/index.php\/wp-json\/wp\/v2\/media\/70751"}],"wp:attachment":[{"href":"https:\/\/www.celttv.com.ar\/index.php\/wp-json\/wp\/v2\/media?parent=70746"}],"wp:term":[{"taxonomy":"category","embeddable":true,"href":"https:\/\/www.celttv.com.ar\/index.php\/wp-json\/wp\/v2\/categories?post=70746"},{"taxonomy":"post_tag","embeddable":true,"href":"https:\/\/www.celttv.com.ar\/index.php\/wp-json\/wp\/v2\/tags?post=70746"}],"curies":[{"name":"wp","href":"https:\/\/api.w.org\/{rel}","templated":true}]}}