{"id":70764,"date":"2022-10-26T11:01:32","date_gmt":"2022-10-26T14:01:32","guid":{"rendered":"http:\/\/www.celttv.com.ar\/?p=70764"},"modified":"2022-10-26T11:49:42","modified_gmt":"2022-10-26T14:49:42","slug":"este-jueves-vacunaran-contra-sarampion-rubeola-paperas-y-polio-en-la-plaza-ernesto-tornquist","status":"publish","type":"post","link":"https:\/\/www.celttv.com.ar\/index.php\/2022\/10\/26\/este-jueves-vacunaran-contra-sarampion-rubeola-paperas-y-polio-en-la-plaza-ernesto-tornquist\/","title":{"rendered":"Este jueves vacunar\u00e1n contra sarampi\u00f3n, rubeola, paperas y polio en la plaza Ernesto Tornquist (Video)"},"content":{"rendered":"<p align=\"JUSTIFY\"><span style=\"font-family: Arial, serif;\">Con la iniciativa de la Secretar\u00eda de Salud, la campa\u00f1a de refuerzo de vacunaci\u00f3n contra el sarampi\u00f3n, rubeola, paperas y polio, llegar\u00e1 este jueves 27 a la plaza \u2018Ernesto Tornquist\u2019.<\/span><\/p>\n<p align=\"JUSTIFY\"><span style=\"font-family: Arial, serif;\">La jornada tendr\u00e1 lugar a partir de las 16.30 hs en el sector de los juegos y tienen como fin llegar con la cobertura a m\u00e1s ni\u00f1os y ni\u00f1as de 13 meses a 4 a\u00f1os inclusive, la poblaci\u00f3n a la que est\u00e1 destinada la campa\u00f1a.<\/span><\/p>\n<p align=\"JUSTIFY\"><span style=\"font-family: Arial, serif;\">El refuerzo tiene por objetivo aplicar dosis adicionales de las vacunas triple viral e inactivada antipoliomiel\u00edtica, para sostener, eliminar y controlar la enfermedad en todo el territorio argentino. <\/span><\/p>\n<p align=\"JUSTIFY\"><span style=\"font-family: Arial, serif;\">La finalidad es alcanzar el 95% o m\u00e1s de la poblaci\u00f3n objetivo, garantizando el acceso gratuito y de forma obligatoria, independientemente del esquema de vacunaci\u00f3n que cuenten los ni\u00f1os. <\/span><\/p>\n<p align=\"JUSTIFY\"><span style=\"font-family: Arial, serif;\">Cabe recordar que la vacunaci\u00f3n tambi\u00e9n se realiza en los siguientes lugares y horarios:<\/span><\/p>\n<p align=\"JUSTIFY\"><span style=\"font-family: Arial, serif;\">-Sierra de la Ventana: de lunes a viernes de 9 a 13;<\/span><\/p>\n<p align=\"JUSTIFY\"><span style=\"font-family: Arial, serif;\">-Tornquist: Sala Norte: de lunes a viernes de 7 a 13; <\/span><\/p>\n<p align=\"JUSTIFY\"><span style=\"font-family: Arial, serif;\">-Saldungaray: jueves de 16 a 18;<\/span><\/p>\n<p align=\"JUSTIFY\"><span style=\"font-family: Arial, serif;\">-Chasic\u00f3: consultar en la sala;<\/span><\/p>\n<p align=\"JUSTIFY\"><span style=\"font-family: Arial, serif;\">-Villa Ventana: de lunes a viernes de 6 a 18hs.<\/span><\/p>\n<p><iframe loading=\"lazy\" title=\"2022 10 25 CAMPA\u00d1A DE VACUNACION   LUCIA OVIEDO\" width=\"500\" height=\"281\" src=\"https:\/\/www.youtube.com\/embed\/X_RmT5-Zwrw?feature=oembed\" frameborder=\"0\" allow=\"accelerometer; autoplay; clipboard-write; encrypted-media; gyroscope; picture-in-picture; web-share\" referrerpolicy=\"strict-origin-when-cross-origin\" allowfullscreen><\/iframe><\/p>\n<p align=\"JUSTIFY\"><img loading=\"lazy\" decoding=\"async\" class=\"alignnone wp-image-70765 size-large\" src=\"http:\/\/www.celttv.com.ar\/wp-content\/uploads\/2022\/10\/Vacunacion-27-10-819x1024.jpeg\" alt=\"\" width=\"819\" height=\"1024\" srcset=\"https:\/\/www.celttv.com.ar\/wp-content\/uploads\/2022\/10\/Vacunacion-27-10-819x1024.jpeg 819w, https:\/\/www.celttv.com.ar\/wp-content\/uploads\/2022\/10\/Vacunacion-27-10-240x300.jpeg 240w, https:\/\/www.celttv.com.ar\/wp-content\/uploads\/2022\/10\/Vacunacion-27-10-768x960.jpeg 768w, https:\/\/www.celttv.com.ar\/wp-content\/uploads\/2022\/10\/Vacunacion-27-10-750x938.jpeg 750w, https:\/\/www.celttv.com.ar\/wp-content\/uploads\/2022\/10\/Vacunacion-27-10.jpeg 1024w\" sizes=\"auto, (max-width: 819px) 100vw, 819px\" \/><\/p>\n","protected":false},"excerpt":{"rendered":"<p>Con la iniciativa de la Secretar\u00eda de Salud, la campa\u00f1a de refuerzo de vacunaci\u00f3n contra el sarampi\u00f3n, rubeola, paperas y polio, llegar\u00e1 este jueves 27 a la plaza \u2018Ernesto Tornquist\u2019. La jornada tendr\u00e1 lugar a partir de las 16.30 hs en el sector de los juegos y tienen como fin llegar con la cobertura a [&hellip;]<\/p>\n","protected":false},"author":3,"featured_media":70766,"comment_status":"closed","ping_status":"closed","sticky":false,"template":"","format":"standard","meta":{"footnotes":""},"categories":[54],"tags":[],"class_list":["post-70764","post","type-post","status-publish","format-standard","has-post-thumbnail","hentry","category-atencion-salud"],"yoast_head":"<!-- This site is optimized with the Yoast SEO plugin v19.7.1 - https:\/\/yoast.com\/wordpress\/plugins\/seo\/ -->\n<title>Este jueves vacunar\u00e1n contra sarampi\u00f3n, rubeola, paperas y polio en la plaza Ernesto Tornquist (Video) - CELTTV<\/title>\n<meta name=\"description\" content=\"Sitio web de noticias de la localidad de Tornquist, provincia de Buenos Aires, Rep\u00fablica Argentina. Contenido propio originado por periodistas de CELTTV, el canal de TV local de la Cooperativa El\u00e9ctrica de Tornquist. Turismo, Pol\u00edtica, Sociedad, Deporte, Cultura y todo el contenido de inter\u00e9s general que la gente del pueblo y la regi\u00f3n debe conocer.\" \/>\n<meta name=\"robots\" content=\"index, follow, max-snippet:-1, max-image-preview:large, max-video-preview:-1\" \/>\n<link rel=\"canonical\" href=\"https:\/\/www.celttv.com.ar\/index.php\/2022\/10\/26\/este-jueves-vacunaran-contra-sarampion-rubeola-paperas-y-polio-en-la-plaza-ernesto-tornquist\/\" \/>\n<meta property=\"og:locale\" content=\"es_ES\" \/>\n<meta property=\"og:type\" content=\"article\" \/>\n<meta property=\"og:title\" content=\"Este jueves vacunar\u00e1n contra sarampi\u00f3n, rubeola, paperas y polio en la plaza Ernesto Tornquist (Video) - CELTTV\" \/>\n<meta property=\"og:description\" content=\"Sitio web de noticias de la localidad de Tornquist, provincia de Buenos Aires, Rep\u00fablica Argentina. Contenido propio originado por periodistas de CELTTV, el canal de TV local de la Cooperativa El\u00e9ctrica de Tornquist. Turismo, Pol\u00edtica, Sociedad, Deporte, Cultura y todo el contenido de inter\u00e9s general que la gente del pueblo y la regi\u00f3n debe conocer.\" \/>\n<meta property=\"og:url\" content=\"https:\/\/www.celttv.com.ar\/index.php\/2022\/10\/26\/este-jueves-vacunaran-contra-sarampion-rubeola-paperas-y-polio-en-la-plaza-ernesto-tornquist\/\" \/>\n<meta property=\"og:site_name\" content=\"CELTTV\" \/>\n<meta property=\"article:publisher\" content=\"https:\/\/www.facebook.com\/celtTV\/\" \/>\n<meta property=\"article:published_time\" content=\"2022-10-26T14:01:32+00:00\" \/>\n<meta property=\"article:modified_time\" content=\"2022-10-26T14:49:42+00:00\" \/>\n<meta property=\"og:image\" content=\"https:\/\/www.celttv.com.ar\/wp-content\/uploads\/2022\/10\/Vacunacion-27-10-1.jpeg\" \/>\n\t<meta property=\"og:image:width\" content=\"1019\" \/>\n\t<meta property=\"og:image:height\" content=\"637\" \/>\n\t<meta property=\"og:image:type\" content=\"image\/jpeg\" \/>\n<meta name=\"author\" content=\"Rodrigo Sgammini\" \/>\n<meta name=\"twitter:card\" content=\"summary_large_image\" \/>\n<meta name=\"twitter:label1\" content=\"Escrito por\" \/>\n\t<meta name=\"twitter:data1\" content=\"Rodrigo Sgammini\" \/>\n\t<meta name=\"twitter:label2\" content=\"Tiempo de lectura\" \/>\n\t<meta name=\"twitter:data2\" content=\"1 minuto\" \/>\n<script type=\"application\/ld+json\" class=\"yoast-schema-graph\">{\"@context\":\"https:\/\/schema.org\",\"@graph\":[{\"@type\":\"NewsArticle\",\"@id\":\"https:\/\/www.celttv.com.ar\/index.php\/2022\/10\/26\/este-jueves-vacunaran-contra-sarampion-rubeola-paperas-y-polio-en-la-plaza-ernesto-tornquist\/#article\",\"isPartOf\":{\"@id\":\"https:\/\/www.celttv.com.ar\/index.php\/2022\/10\/26\/este-jueves-vacunaran-contra-sarampion-rubeola-paperas-y-polio-en-la-plaza-ernesto-tornquist\/\"},\"author\":{\"name\":\"Rodrigo Sgammini\",\"@id\":\"https:\/\/www.celttv.com.ar\/#\/schema\/person\/495be51d064edd971d8457f8f64eb172\"},\"headline\":\"Este jueves vacunar\u00e1n contra sarampi\u00f3n, rubeola, paperas y polio en la plaza Ernesto Tornquist (Video)\",\"datePublished\":\"2022-10-26T14:01:32+00:00\",\"dateModified\":\"2022-10-26T14:49:42+00:00\",\"mainEntityOfPage\":{\"@id\":\"https:\/\/www.celttv.com.ar\/index.php\/2022\/10\/26\/este-jueves-vacunaran-contra-sarampion-rubeola-paperas-y-polio-en-la-plaza-ernesto-tornquist\/\"},\"wordCount\":218,\"publisher\":{\"@id\":\"https:\/\/www.celttv.com.ar\/#organization\"},\"articleSection\":[\"Atenci\u00f3n Salud\"],\"inLanguage\":\"es\"},{\"@type\":\"WebPage\",\"@id\":\"https:\/\/www.celttv.com.ar\/index.php\/2022\/10\/26\/este-jueves-vacunaran-contra-sarampion-rubeola-paperas-y-polio-en-la-plaza-ernesto-tornquist\/\",\"url\":\"https:\/\/www.celttv.com.ar\/index.php\/2022\/10\/26\/este-jueves-vacunaran-contra-sarampion-rubeola-paperas-y-polio-en-la-plaza-ernesto-tornquist\/\",\"name\":\"Este jueves vacunar\u00e1n contra sarampi\u00f3n, rubeola, paperas y polio en la plaza Ernesto Tornquist (Video) - CELTTV\",\"isPartOf\":{\"@id\":\"https:\/\/www.celttv.com.ar\/#website\"},\"datePublished\":\"2022-10-26T14:01:32+00:00\",\"dateModified\":\"2022-10-26T14:49:42+00:00\",\"description\":\"Sitio web de noticias de la localidad de Tornquist, provincia de Buenos Aires, Rep\u00fablica Argentina. Contenido propio originado por periodistas de CELTTV, el canal de TV local de la Cooperativa El\u00e9ctrica de Tornquist. Turismo, Pol\u00edtica, Sociedad, Deporte, Cultura y todo el contenido de inter\u00e9s general que la gente del pueblo y la regi\u00f3n debe conocer.\",\"breadcrumb\":{\"@id\":\"https:\/\/www.celttv.com.ar\/index.php\/2022\/10\/26\/este-jueves-vacunaran-contra-sarampion-rubeola-paperas-y-polio-en-la-plaza-ernesto-tornquist\/#breadcrumb\"},\"inLanguage\":\"es\",\"potentialAction\":[{\"@type\":\"ReadAction\",\"target\":[\"https:\/\/www.celttv.com.ar\/index.php\/2022\/10\/26\/este-jueves-vacunaran-contra-sarampion-rubeola-paperas-y-polio-en-la-plaza-ernesto-tornquist\/\"]}]},{\"@type\":\"BreadcrumbList\",\"@id\":\"https:\/\/www.celttv.com.ar\/index.php\/2022\/10\/26\/este-jueves-vacunaran-contra-sarampion-rubeola-paperas-y-polio-en-la-plaza-ernesto-tornquist\/#breadcrumb\",\"itemListElement\":[{\"@type\":\"ListItem\",\"position\":1,\"name\":\"Inicio\",\"item\":\"https:\/\/www.celttv.com.ar\/\"},{\"@type\":\"ListItem\",\"position\":2,\"name\":\"Este jueves vacunar\u00e1n contra sarampi\u00f3n, rubeola, paperas y polio en la plaza Ernesto Tornquist (Video)\"}]},{\"@type\":\"WebSite\",\"@id\":\"https:\/\/www.celttv.com.ar\/#website\",\"url\":\"https:\/\/www.celttv.com.ar\/\",\"name\":\"CELTTV\",\"description\":\"Cooperativa El\u00e9ctrica de Tornquist\",\"publisher\":{\"@id\":\"https:\/\/www.celttv.com.ar\/#organization\"},\"potentialAction\":[{\"@type\":\"SearchAction\",\"target\":{\"@type\":\"EntryPoint\",\"urlTemplate\":\"https:\/\/www.celttv.com.ar\/?s={search_term_string}\"},\"query-input\":\"required name=search_term_string\"}],\"inLanguage\":\"es\"},{\"@type\":\"Organization\",\"@id\":\"https:\/\/www.celttv.com.ar\/#organization\",\"name\":\"CELTTV\",\"url\":\"https:\/\/www.celttv.com.ar\/\",\"sameAs\":[\"https:\/\/www.youtube.com\/channel\/UCz_oIt8Hig64Ub-EmcNPIhg\",\"https:\/\/www.facebook.com\/celtTV\/\"],\"logo\":{\"@type\":\"ImageObject\",\"inLanguage\":\"es\",\"@id\":\"https:\/\/www.celttv.com.ar\/#\/schema\/logo\/image\/\",\"url\":\"http:\/\/www.celttv.com.ar\/wp-content\/uploads\/2022\/08\/logo-1.png\",\"contentUrl\":\"http:\/\/www.celttv.com.ar\/wp-content\/uploads\/2022\/08\/logo-1.png\",\"width\":461,\"height\":159,\"caption\":\"CELTTV\"},\"image\":{\"@id\":\"https:\/\/www.celttv.com.ar\/#\/schema\/logo\/image\/\"}},{\"@type\":\"Person\",\"@id\":\"https:\/\/www.celttv.com.ar\/#\/schema\/person\/495be51d064edd971d8457f8f64eb172\",\"name\":\"Rodrigo Sgammini\",\"image\":{\"@type\":\"ImageObject\",\"inLanguage\":\"es\",\"@id\":\"https:\/\/www.celttv.com.ar\/#\/schema\/person\/image\/\",\"url\":\"https:\/\/secure.gravatar.com\/avatar\/68f7848d42735e7a9276b47cd6e606327d88f521c51ae39d88888b76902e2987?s=96&d=mm&r=g\",\"contentUrl\":\"https:\/\/secure.gravatar.com\/avatar\/68f7848d42735e7a9276b47cd6e606327d88f521c51ae39d88888b76902e2987?s=96&d=mm&r=g\",\"caption\":\"Rodrigo Sgammini\"}}]}<\/script>\n<!-- \/ Yoast SEO plugin. -->","yoast_head_json":{"title":"Este jueves vacunar\u00e1n contra sarampi\u00f3n, rubeola, paperas y polio en la plaza Ernesto Tornquist (Video) - CELTTV","description":"Sitio web de noticias de la localidad de Tornquist, provincia de Buenos Aires, Rep\u00fablica Argentina. Contenido propio originado por periodistas de CELTTV, el canal de TV local de la Cooperativa El\u00e9ctrica de Tornquist. Turismo, Pol\u00edtica, Sociedad, Deporte, Cultura y todo el contenido de inter\u00e9s general que la gente del pueblo y la regi\u00f3n debe conocer.","robots":{"index":"index","follow":"follow","max-snippet":"max-snippet:-1","max-image-preview":"max-image-preview:large","max-video-preview":"max-video-preview:-1"},"canonical":"https:\/\/www.celttv.com.ar\/index.php\/2022\/10\/26\/este-jueves-vacunaran-contra-sarampion-rubeola-paperas-y-polio-en-la-plaza-ernesto-tornquist\/","og_locale":"es_ES","og_type":"article","og_title":"Este jueves vacunar\u00e1n contra sarampi\u00f3n, rubeola, paperas y polio en la plaza Ernesto Tornquist (Video) - CELTTV","og_description":"Sitio web de noticias de la localidad de Tornquist, provincia de Buenos Aires, Rep\u00fablica Argentina. Contenido propio originado por periodistas de CELTTV, el canal de TV local de la Cooperativa El\u00e9ctrica de Tornquist. Turismo, Pol\u00edtica, Sociedad, Deporte, Cultura y todo el contenido de inter\u00e9s general que la gente del pueblo y la regi\u00f3n debe conocer.","og_url":"https:\/\/www.celttv.com.ar\/index.php\/2022\/10\/26\/este-jueves-vacunaran-contra-sarampion-rubeola-paperas-y-polio-en-la-plaza-ernesto-tornquist\/","og_site_name":"CELTTV","article_publisher":"https:\/\/www.facebook.com\/celtTV\/","article_published_time":"2022-10-26T14:01:32+00:00","article_modified_time":"2022-10-26T14:49:42+00:00","og_image":[{"width":1019,"height":637,"url":"https:\/\/www.celttv.com.ar\/wp-content\/uploads\/2022\/10\/Vacunacion-27-10-1.jpeg","type":"image\/jpeg"}],"author":"Rodrigo Sgammini","twitter_card":"summary_large_image","twitter_misc":{"Escrito por":"Rodrigo Sgammini","Tiempo de lectura":"1 minuto"},"schema":{"@context":"https:\/\/schema.org","@graph":[{"@type":"NewsArticle","@id":"https:\/\/www.celttv.com.ar\/index.php\/2022\/10\/26\/este-jueves-vacunaran-contra-sarampion-rubeola-paperas-y-polio-en-la-plaza-ernesto-tornquist\/#article","isPartOf":{"@id":"https:\/\/www.celttv.com.ar\/index.php\/2022\/10\/26\/este-jueves-vacunaran-contra-sarampion-rubeola-paperas-y-polio-en-la-plaza-ernesto-tornquist\/"},"author":{"name":"Rodrigo Sgammini","@id":"https:\/\/www.celttv.com.ar\/#\/schema\/person\/495be51d064edd971d8457f8f64eb172"},"headline":"Este jueves vacunar\u00e1n contra sarampi\u00f3n, rubeola, paperas y polio en la plaza Ernesto Tornquist (Video)","datePublished":"2022-10-26T14:01:32+00:00","dateModified":"2022-10-26T14:49:42+00:00","mainEntityOfPage":{"@id":"https:\/\/www.celttv.com.ar\/index.php\/2022\/10\/26\/este-jueves-vacunaran-contra-sarampion-rubeola-paperas-y-polio-en-la-plaza-ernesto-tornquist\/"},"wordCount":218,"publisher":{"@id":"https:\/\/www.celttv.com.ar\/#organization"},"articleSection":["Atenci\u00f3n Salud"],"inLanguage":"es"},{"@type":"WebPage","@id":"https:\/\/www.celttv.com.ar\/index.php\/2022\/10\/26\/este-jueves-vacunaran-contra-sarampion-rubeola-paperas-y-polio-en-la-plaza-ernesto-tornquist\/","url":"https:\/\/www.celttv.com.ar\/index.php\/2022\/10\/26\/este-jueves-vacunaran-contra-sarampion-rubeola-paperas-y-polio-en-la-plaza-ernesto-tornquist\/","name":"Este jueves vacunar\u00e1n contra sarampi\u00f3n, rubeola, paperas y polio en la plaza Ernesto Tornquist (Video) - CELTTV","isPartOf":{"@id":"https:\/\/www.celttv.com.ar\/#website"},"datePublished":"2022-10-26T14:01:32+00:00","dateModified":"2022-10-26T14:49:42+00:00","description":"Sitio web de noticias de la localidad de Tornquist, provincia de Buenos Aires, Rep\u00fablica Argentina. Contenido propio originado por periodistas de CELTTV, el canal de TV local de la Cooperativa El\u00e9ctrica de Tornquist. Turismo, Pol\u00edtica, Sociedad, Deporte, Cultura y todo el contenido de inter\u00e9s general que la gente del pueblo y la regi\u00f3n debe conocer.","breadcrumb":{"@id":"https:\/\/www.celttv.com.ar\/index.php\/2022\/10\/26\/este-jueves-vacunaran-contra-sarampion-rubeola-paperas-y-polio-en-la-plaza-ernesto-tornquist\/#breadcrumb"},"inLanguage":"es","potentialAction":[{"@type":"ReadAction","target":["https:\/\/www.celttv.com.ar\/index.php\/2022\/10\/26\/este-jueves-vacunaran-contra-sarampion-rubeola-paperas-y-polio-en-la-plaza-ernesto-tornquist\/"]}]},{"@type":"BreadcrumbList","@id":"https:\/\/www.celttv.com.ar\/index.php\/2022\/10\/26\/este-jueves-vacunaran-contra-sarampion-rubeola-paperas-y-polio-en-la-plaza-ernesto-tornquist\/#breadcrumb","itemListElement":[{"@type":"ListItem","position":1,"name":"Inicio","item":"https:\/\/www.celttv.com.ar\/"},{"@type":"ListItem","position":2,"name":"Este jueves vacunar\u00e1n contra sarampi\u00f3n, rubeola, paperas y polio en la plaza Ernesto Tornquist (Video)"}]},{"@type":"WebSite","@id":"https:\/\/www.celttv.com.ar\/#website","url":"https:\/\/www.celttv.com.ar\/","name":"CELTTV","description":"Cooperativa El\u00e9ctrica de Tornquist","publisher":{"@id":"https:\/\/www.celttv.com.ar\/#organization"},"potentialAction":[{"@type":"SearchAction","target":{"@type":"EntryPoint","urlTemplate":"https:\/\/www.celttv.com.ar\/?s={search_term_string}"},"query-input":"required name=search_term_string"}],"inLanguage":"es"},{"@type":"Organization","@id":"https:\/\/www.celttv.com.ar\/#organization","name":"CELTTV","url":"https:\/\/www.celttv.com.ar\/","sameAs":["https:\/\/www.youtube.com\/channel\/UCz_oIt8Hig64Ub-EmcNPIhg","https:\/\/www.facebook.com\/celtTV\/"],"logo":{"@type":"ImageObject","inLanguage":"es","@id":"https:\/\/www.celttv.com.ar\/#\/schema\/logo\/image\/","url":"http:\/\/www.celttv.com.ar\/wp-content\/uploads\/2022\/08\/logo-1.png","contentUrl":"http:\/\/www.celttv.com.ar\/wp-content\/uploads\/2022\/08\/logo-1.png","width":461,"height":159,"caption":"CELTTV"},"image":{"@id":"https:\/\/www.celttv.com.ar\/#\/schema\/logo\/image\/"}},{"@type":"Person","@id":"https:\/\/www.celttv.com.ar\/#\/schema\/person\/495be51d064edd971d8457f8f64eb172","name":"Rodrigo Sgammini","image":{"@type":"ImageObject","inLanguage":"es","@id":"https:\/\/www.celttv.com.ar\/#\/schema\/person\/image\/","url":"https:\/\/secure.gravatar.com\/avatar\/68f7848d42735e7a9276b47cd6e606327d88f521c51ae39d88888b76902e2987?s=96&d=mm&r=g","contentUrl":"https:\/\/secure.gravatar.com\/avatar\/68f7848d42735e7a9276b47cd6e606327d88f521c51ae39d88888b76902e2987?s=96&d=mm&r=g","caption":"Rodrigo Sgammini"}}]}},"_links":{"self":[{"href":"https:\/\/www.celttv.com.ar\/index.php\/wp-json\/wp\/v2\/posts\/70764","targetHints":{"allow":["GET"]}}],"collection":[{"href":"https:\/\/www.celttv.com.ar\/index.php\/wp-json\/wp\/v2\/posts"}],"about":[{"href":"https:\/\/www.celttv.com.ar\/index.php\/wp-json\/wp\/v2\/types\/post"}],"author":[{"embeddable":true,"href":"https:\/\/www.celttv.com.ar\/index.php\/wp-json\/wp\/v2\/users\/3"}],"replies":[{"embeddable":true,"href":"https:\/\/www.celttv.com.ar\/index.php\/wp-json\/wp\/v2\/comments?post=70764"}],"version-history":[{"count":3,"href":"https:\/\/www.celttv.com.ar\/index.php\/wp-json\/wp\/v2\/posts\/70764\/revisions"}],"predecessor-version":[{"id":70770,"href":"https:\/\/www.celttv.com.ar\/index.php\/wp-json\/wp\/v2\/posts\/70764\/revisions\/70770"}],"wp:featuredmedia":[{"embeddable":true,"href":"https:\/\/www.celttv.com.ar\/index.php\/wp-json\/wp\/v2\/media\/70766"}],"wp:attachment":[{"href":"https:\/\/www.celttv.com.ar\/index.php\/wp-json\/wp\/v2\/media?parent=70764"}],"wp:term":[{"taxonomy":"category","embeddable":true,"href":"https:\/\/www.celttv.com.ar\/index.php\/wp-json\/wp\/v2\/categories?post=70764"},{"taxonomy":"post_tag","embeddable":true,"href":"https:\/\/www.celttv.com.ar\/index.php\/wp-json\/wp\/v2\/tags?post=70764"}],"curies":[{"name":"wp","href":"https:\/\/api.w.org\/{rel}","templated":true}]}}