{"id":70776,"date":"2022-10-26T12:10:49","date_gmt":"2022-10-26T15:10:49","guid":{"rendered":"http:\/\/www.celttv.com.ar\/?p=70776"},"modified":"2022-10-26T12:10:49","modified_gmt":"2022-10-26T15:10:49","slug":"gian-dupuy-conto-su-experiencia-en-el-debut-a-bordo-de-su-cuatriciclo-en-la-competencia-de-monte-hermoso-video","status":"publish","type":"post","link":"https:\/\/www.celttv.com.ar\/index.php\/2022\/10\/26\/gian-dupuy-conto-su-experiencia-en-el-debut-a-bordo-de-su-cuatriciclo-en-la-competencia-de-monte-hermoso-video\/","title":{"rendered":"Gian Dupuy cont\u00f3 su experiencia en el debut a bordo de su cuatriciclo en la competencia de Monte Hermoso (Video)"},"content":{"rendered":"<p>Uno de los pilotos de Tornquist que hizo su debut en cuatriciclos fue <strong>Gian Dupuy<\/strong>, el cual particip\u00f3 del\u00a010\u00b0 Enduro de Monte Hermoso.<\/p>\n<p>En dicha competencia, luego de las tandas de entrenamientos de cuatriciclos, Gian se ubic\u00f3 en el puesto 128 de la general y 41\u00ba en categor\u00eda Q Promocional.<\/p>\n<p>El tornquistense estuvo en el programa <strong>MAGAZINE SPORT<\/strong> y cont\u00f3 c\u00f3mo fue su experiencia en la carrera, la cual reuni\u00f3 unos 300 participantes.<\/p>\n<p><iframe loading=\"lazy\" title=\"2022 10 25 MAGAZINE SPORT - GIAN DUPUY\" width=\"500\" height=\"281\" src=\"https:\/\/www.youtube.com\/embed\/sBrkImJmeU8?feature=oembed\" frameborder=\"0\" allow=\"accelerometer; autoplay; clipboard-write; encrypted-media; gyroscope; picture-in-picture; web-share\" referrerpolicy=\"strict-origin-when-cross-origin\" allowfullscreen><\/iframe><\/p>\n","protected":false},"excerpt":{"rendered":"<p>Uno de los pilotos de Tornquist que hizo su debut en cuatriciclos fue Gian Dupuy, el cual particip\u00f3 del\u00a010\u00b0 Enduro de Monte Hermoso. En dicha competencia, luego de las tandas de entrenamientos de cuatriciclos, Gian se ubic\u00f3 en el puesto 128 de la general y 41\u00ba en categor\u00eda Q Promocional. El tornquistense estuvo en el [&hellip;]<\/p>\n","protected":false},"author":3,"featured_media":70777,"comment_status":"closed","ping_status":"closed","sticky":false,"template":"","format":"standard","meta":{"footnotes":""},"categories":[63],"tags":[],"class_list":["post-70776","post","type-post","status-publish","format-standard","has-post-thumbnail","hentry","category-magazine-sport"],"yoast_head":"<!-- This site is optimized with the Yoast SEO plugin v19.7.1 - https:\/\/yoast.com\/wordpress\/plugins\/seo\/ -->\n<title>Gian Dupuy cont\u00f3 su experiencia en el debut a bordo de su cuatriciclo en la competencia de Monte Hermoso (Video) - CELTTV<\/title>\n<meta name=\"description\" content=\"Sitio web de noticias de la localidad de Tornquist, provincia de Buenos Aires, Rep\u00fablica Argentina. Contenido propio originado por periodistas de CELTTV, el canal de TV local de la Cooperativa El\u00e9ctrica de Tornquist. Turismo, Pol\u00edtica, Sociedad, Deporte, Cultura y todo el contenido de inter\u00e9s general que la gente del pueblo y la regi\u00f3n debe conocer.\" \/>\n<meta name=\"robots\" content=\"index, follow, max-snippet:-1, max-image-preview:large, max-video-preview:-1\" \/>\n<link rel=\"canonical\" href=\"https:\/\/www.celttv.com.ar\/index.php\/2022\/10\/26\/gian-dupuy-conto-su-experiencia-en-el-debut-a-bordo-de-su-cuatriciclo-en-la-competencia-de-monte-hermoso-video\/\" \/>\n<meta property=\"og:locale\" content=\"es_ES\" \/>\n<meta property=\"og:type\" content=\"article\" \/>\n<meta property=\"og:title\" content=\"Gian Dupuy cont\u00f3 su experiencia en el debut a bordo de su cuatriciclo en la competencia de Monte Hermoso (Video) - CELTTV\" \/>\n<meta property=\"og:description\" content=\"Sitio web de noticias de la localidad de Tornquist, provincia de Buenos Aires, Rep\u00fablica Argentina. Contenido propio originado por periodistas de CELTTV, el canal de TV local de la Cooperativa El\u00e9ctrica de Tornquist. Turismo, Pol\u00edtica, Sociedad, Deporte, Cultura y todo el contenido de inter\u00e9s general que la gente del pueblo y la regi\u00f3n debe conocer.\" \/>\n<meta property=\"og:url\" content=\"https:\/\/www.celttv.com.ar\/index.php\/2022\/10\/26\/gian-dupuy-conto-su-experiencia-en-el-debut-a-bordo-de-su-cuatriciclo-en-la-competencia-de-monte-hermoso-video\/\" \/>\n<meta property=\"og:site_name\" content=\"CELTTV\" \/>\n<meta property=\"article:publisher\" content=\"https:\/\/www.facebook.com\/celtTV\/\" \/>\n<meta property=\"article:published_time\" content=\"2022-10-26T15:10:49+00:00\" \/>\n<meta property=\"og:image\" content=\"https:\/\/www.celttv.com.ar\/wp-content\/uploads\/2022\/10\/c1c64166-0811-48dd-ab4a-dfe801dea644.jpg\" \/>\n\t<meta property=\"og:image:width\" content=\"1280\" \/>\n\t<meta property=\"og:image:height\" content=\"881\" \/>\n\t<meta property=\"og:image:type\" content=\"image\/jpeg\" \/>\n<meta name=\"author\" content=\"Rodrigo Sgammini\" \/>\n<meta name=\"twitter:card\" content=\"summary_large_image\" \/>\n<meta name=\"twitter:label1\" content=\"Escrito por\" \/>\n\t<meta name=\"twitter:data1\" content=\"Rodrigo Sgammini\" \/>\n<script type=\"application\/ld+json\" class=\"yoast-schema-graph\">{\"@context\":\"https:\/\/schema.org\",\"@graph\":[{\"@type\":\"NewsArticle\",\"@id\":\"https:\/\/www.celttv.com.ar\/index.php\/2022\/10\/26\/gian-dupuy-conto-su-experiencia-en-el-debut-a-bordo-de-su-cuatriciclo-en-la-competencia-de-monte-hermoso-video\/#article\",\"isPartOf\":{\"@id\":\"https:\/\/www.celttv.com.ar\/index.php\/2022\/10\/26\/gian-dupuy-conto-su-experiencia-en-el-debut-a-bordo-de-su-cuatriciclo-en-la-competencia-de-monte-hermoso-video\/\"},\"author\":{\"name\":\"Rodrigo Sgammini\",\"@id\":\"https:\/\/www.celttv.com.ar\/#\/schema\/person\/495be51d064edd971d8457f8f64eb172\"},\"headline\":\"Gian Dupuy cont\u00f3 su experiencia en el debut a bordo de su cuatriciclo en la competencia de Monte Hermoso (Video)\",\"datePublished\":\"2022-10-26T15:10:49+00:00\",\"dateModified\":\"2022-10-26T15:10:49+00:00\",\"mainEntityOfPage\":{\"@id\":\"https:\/\/www.celttv.com.ar\/index.php\/2022\/10\/26\/gian-dupuy-conto-su-experiencia-en-el-debut-a-bordo-de-su-cuatriciclo-en-la-competencia-de-monte-hermoso-video\/\"},\"wordCount\":96,\"publisher\":{\"@id\":\"https:\/\/www.celttv.com.ar\/#organization\"},\"articleSection\":[\"Magazine Sport\"],\"inLanguage\":\"es\"},{\"@type\":\"WebPage\",\"@id\":\"https:\/\/www.celttv.com.ar\/index.php\/2022\/10\/26\/gian-dupuy-conto-su-experiencia-en-el-debut-a-bordo-de-su-cuatriciclo-en-la-competencia-de-monte-hermoso-video\/\",\"url\":\"https:\/\/www.celttv.com.ar\/index.php\/2022\/10\/26\/gian-dupuy-conto-su-experiencia-en-el-debut-a-bordo-de-su-cuatriciclo-en-la-competencia-de-monte-hermoso-video\/\",\"name\":\"Gian Dupuy cont\u00f3 su experiencia en el debut a bordo de su cuatriciclo en la competencia de Monte Hermoso (Video) - CELTTV\",\"isPartOf\":{\"@id\":\"https:\/\/www.celttv.com.ar\/#website\"},\"datePublished\":\"2022-10-26T15:10:49+00:00\",\"dateModified\":\"2022-10-26T15:10:49+00:00\",\"description\":\"Sitio web de noticias de la localidad de Tornquist, provincia de Buenos Aires, Rep\u00fablica Argentina. Contenido propio originado por periodistas de CELTTV, el canal de TV local de la Cooperativa El\u00e9ctrica de Tornquist. Turismo, Pol\u00edtica, Sociedad, Deporte, Cultura y todo el contenido de inter\u00e9s general que la gente del pueblo y la regi\u00f3n debe conocer.\",\"breadcrumb\":{\"@id\":\"https:\/\/www.celttv.com.ar\/index.php\/2022\/10\/26\/gian-dupuy-conto-su-experiencia-en-el-debut-a-bordo-de-su-cuatriciclo-en-la-competencia-de-monte-hermoso-video\/#breadcrumb\"},\"inLanguage\":\"es\",\"potentialAction\":[{\"@type\":\"ReadAction\",\"target\":[\"https:\/\/www.celttv.com.ar\/index.php\/2022\/10\/26\/gian-dupuy-conto-su-experiencia-en-el-debut-a-bordo-de-su-cuatriciclo-en-la-competencia-de-monte-hermoso-video\/\"]}]},{\"@type\":\"BreadcrumbList\",\"@id\":\"https:\/\/www.celttv.com.ar\/index.php\/2022\/10\/26\/gian-dupuy-conto-su-experiencia-en-el-debut-a-bordo-de-su-cuatriciclo-en-la-competencia-de-monte-hermoso-video\/#breadcrumb\",\"itemListElement\":[{\"@type\":\"ListItem\",\"position\":1,\"name\":\"Inicio\",\"item\":\"https:\/\/www.celttv.com.ar\/\"},{\"@type\":\"ListItem\",\"position\":2,\"name\":\"Gian Dupuy cont\u00f3 su experiencia en el debut a bordo de su cuatriciclo en la competencia de Monte Hermoso (Video)\"}]},{\"@type\":\"WebSite\",\"@id\":\"https:\/\/www.celttv.com.ar\/#website\",\"url\":\"https:\/\/www.celttv.com.ar\/\",\"name\":\"CELTTV\",\"description\":\"Cooperativa El\u00e9ctrica de Tornquist\",\"publisher\":{\"@id\":\"https:\/\/www.celttv.com.ar\/#organization\"},\"potentialAction\":[{\"@type\":\"SearchAction\",\"target\":{\"@type\":\"EntryPoint\",\"urlTemplate\":\"https:\/\/www.celttv.com.ar\/?s={search_term_string}\"},\"query-input\":\"required name=search_term_string\"}],\"inLanguage\":\"es\"},{\"@type\":\"Organization\",\"@id\":\"https:\/\/www.celttv.com.ar\/#organization\",\"name\":\"CELTTV\",\"url\":\"https:\/\/www.celttv.com.ar\/\",\"sameAs\":[\"https:\/\/www.youtube.com\/channel\/UCz_oIt8Hig64Ub-EmcNPIhg\",\"https:\/\/www.facebook.com\/celtTV\/\"],\"logo\":{\"@type\":\"ImageObject\",\"inLanguage\":\"es\",\"@id\":\"https:\/\/www.celttv.com.ar\/#\/schema\/logo\/image\/\",\"url\":\"http:\/\/www.celttv.com.ar\/wp-content\/uploads\/2022\/08\/logo-1.png\",\"contentUrl\":\"http:\/\/www.celttv.com.ar\/wp-content\/uploads\/2022\/08\/logo-1.png\",\"width\":461,\"height\":159,\"caption\":\"CELTTV\"},\"image\":{\"@id\":\"https:\/\/www.celttv.com.ar\/#\/schema\/logo\/image\/\"}},{\"@type\":\"Person\",\"@id\":\"https:\/\/www.celttv.com.ar\/#\/schema\/person\/495be51d064edd971d8457f8f64eb172\",\"name\":\"Rodrigo Sgammini\",\"image\":{\"@type\":\"ImageObject\",\"inLanguage\":\"es\",\"@id\":\"https:\/\/www.celttv.com.ar\/#\/schema\/person\/image\/\",\"url\":\"https:\/\/secure.gravatar.com\/avatar\/68f7848d42735e7a9276b47cd6e606327d88f521c51ae39d88888b76902e2987?s=96&d=mm&r=g\",\"contentUrl\":\"https:\/\/secure.gravatar.com\/avatar\/68f7848d42735e7a9276b47cd6e606327d88f521c51ae39d88888b76902e2987?s=96&d=mm&r=g\",\"caption\":\"Rodrigo Sgammini\"}}]}<\/script>\n<!-- \/ Yoast SEO plugin. -->","yoast_head_json":{"title":"Gian Dupuy cont\u00f3 su experiencia en el debut a bordo de su cuatriciclo en la competencia de Monte Hermoso (Video) - CELTTV","description":"Sitio web de noticias de la localidad de Tornquist, provincia de Buenos Aires, Rep\u00fablica Argentina. Contenido propio originado por periodistas de CELTTV, el canal de TV local de la Cooperativa El\u00e9ctrica de Tornquist. Turismo, Pol\u00edtica, Sociedad, Deporte, Cultura y todo el contenido de inter\u00e9s general que la gente del pueblo y la regi\u00f3n debe conocer.","robots":{"index":"index","follow":"follow","max-snippet":"max-snippet:-1","max-image-preview":"max-image-preview:large","max-video-preview":"max-video-preview:-1"},"canonical":"https:\/\/www.celttv.com.ar\/index.php\/2022\/10\/26\/gian-dupuy-conto-su-experiencia-en-el-debut-a-bordo-de-su-cuatriciclo-en-la-competencia-de-monte-hermoso-video\/","og_locale":"es_ES","og_type":"article","og_title":"Gian Dupuy cont\u00f3 su experiencia en el debut a bordo de su cuatriciclo en la competencia de Monte Hermoso (Video) - CELTTV","og_description":"Sitio web de noticias de la localidad de Tornquist, provincia de Buenos Aires, Rep\u00fablica Argentina. Contenido propio originado por periodistas de CELTTV, el canal de TV local de la Cooperativa El\u00e9ctrica de Tornquist. Turismo, Pol\u00edtica, Sociedad, Deporte, Cultura y todo el contenido de inter\u00e9s general que la gente del pueblo y la regi\u00f3n debe conocer.","og_url":"https:\/\/www.celttv.com.ar\/index.php\/2022\/10\/26\/gian-dupuy-conto-su-experiencia-en-el-debut-a-bordo-de-su-cuatriciclo-en-la-competencia-de-monte-hermoso-video\/","og_site_name":"CELTTV","article_publisher":"https:\/\/www.facebook.com\/celtTV\/","article_published_time":"2022-10-26T15:10:49+00:00","og_image":[{"width":1280,"height":881,"url":"https:\/\/www.celttv.com.ar\/wp-content\/uploads\/2022\/10\/c1c64166-0811-48dd-ab4a-dfe801dea644.jpg","type":"image\/jpeg"}],"author":"Rodrigo Sgammini","twitter_card":"summary_large_image","twitter_misc":{"Escrito por":"Rodrigo Sgammini"},"schema":{"@context":"https:\/\/schema.org","@graph":[{"@type":"NewsArticle","@id":"https:\/\/www.celttv.com.ar\/index.php\/2022\/10\/26\/gian-dupuy-conto-su-experiencia-en-el-debut-a-bordo-de-su-cuatriciclo-en-la-competencia-de-monte-hermoso-video\/#article","isPartOf":{"@id":"https:\/\/www.celttv.com.ar\/index.php\/2022\/10\/26\/gian-dupuy-conto-su-experiencia-en-el-debut-a-bordo-de-su-cuatriciclo-en-la-competencia-de-monte-hermoso-video\/"},"author":{"name":"Rodrigo Sgammini","@id":"https:\/\/www.celttv.com.ar\/#\/schema\/person\/495be51d064edd971d8457f8f64eb172"},"headline":"Gian Dupuy cont\u00f3 su experiencia en el debut a bordo de su cuatriciclo en la competencia de Monte Hermoso (Video)","datePublished":"2022-10-26T15:10:49+00:00","dateModified":"2022-10-26T15:10:49+00:00","mainEntityOfPage":{"@id":"https:\/\/www.celttv.com.ar\/index.php\/2022\/10\/26\/gian-dupuy-conto-su-experiencia-en-el-debut-a-bordo-de-su-cuatriciclo-en-la-competencia-de-monte-hermoso-video\/"},"wordCount":96,"publisher":{"@id":"https:\/\/www.celttv.com.ar\/#organization"},"articleSection":["Magazine Sport"],"inLanguage":"es"},{"@type":"WebPage","@id":"https:\/\/www.celttv.com.ar\/index.php\/2022\/10\/26\/gian-dupuy-conto-su-experiencia-en-el-debut-a-bordo-de-su-cuatriciclo-en-la-competencia-de-monte-hermoso-video\/","url":"https:\/\/www.celttv.com.ar\/index.php\/2022\/10\/26\/gian-dupuy-conto-su-experiencia-en-el-debut-a-bordo-de-su-cuatriciclo-en-la-competencia-de-monte-hermoso-video\/","name":"Gian Dupuy cont\u00f3 su experiencia en el debut a bordo de su cuatriciclo en la competencia de Monte Hermoso (Video) - CELTTV","isPartOf":{"@id":"https:\/\/www.celttv.com.ar\/#website"},"datePublished":"2022-10-26T15:10:49+00:00","dateModified":"2022-10-26T15:10:49+00:00","description":"Sitio web de noticias de la localidad de Tornquist, provincia de Buenos Aires, Rep\u00fablica Argentina. Contenido propio originado por periodistas de CELTTV, el canal de TV local de la Cooperativa El\u00e9ctrica de Tornquist. Turismo, Pol\u00edtica, Sociedad, Deporte, Cultura y todo el contenido de inter\u00e9s general que la gente del pueblo y la regi\u00f3n debe conocer.","breadcrumb":{"@id":"https:\/\/www.celttv.com.ar\/index.php\/2022\/10\/26\/gian-dupuy-conto-su-experiencia-en-el-debut-a-bordo-de-su-cuatriciclo-en-la-competencia-de-monte-hermoso-video\/#breadcrumb"},"inLanguage":"es","potentialAction":[{"@type":"ReadAction","target":["https:\/\/www.celttv.com.ar\/index.php\/2022\/10\/26\/gian-dupuy-conto-su-experiencia-en-el-debut-a-bordo-de-su-cuatriciclo-en-la-competencia-de-monte-hermoso-video\/"]}]},{"@type":"BreadcrumbList","@id":"https:\/\/www.celttv.com.ar\/index.php\/2022\/10\/26\/gian-dupuy-conto-su-experiencia-en-el-debut-a-bordo-de-su-cuatriciclo-en-la-competencia-de-monte-hermoso-video\/#breadcrumb","itemListElement":[{"@type":"ListItem","position":1,"name":"Inicio","item":"https:\/\/www.celttv.com.ar\/"},{"@type":"ListItem","position":2,"name":"Gian Dupuy cont\u00f3 su experiencia en el debut a bordo de su cuatriciclo en la competencia de Monte Hermoso (Video)"}]},{"@type":"WebSite","@id":"https:\/\/www.celttv.com.ar\/#website","url":"https:\/\/www.celttv.com.ar\/","name":"CELTTV","description":"Cooperativa El\u00e9ctrica de Tornquist","publisher":{"@id":"https:\/\/www.celttv.com.ar\/#organization"},"potentialAction":[{"@type":"SearchAction","target":{"@type":"EntryPoint","urlTemplate":"https:\/\/www.celttv.com.ar\/?s={search_term_string}"},"query-input":"required name=search_term_string"}],"inLanguage":"es"},{"@type":"Organization","@id":"https:\/\/www.celttv.com.ar\/#organization","name":"CELTTV","url":"https:\/\/www.celttv.com.ar\/","sameAs":["https:\/\/www.youtube.com\/channel\/UCz_oIt8Hig64Ub-EmcNPIhg","https:\/\/www.facebook.com\/celtTV\/"],"logo":{"@type":"ImageObject","inLanguage":"es","@id":"https:\/\/www.celttv.com.ar\/#\/schema\/logo\/image\/","url":"http:\/\/www.celttv.com.ar\/wp-content\/uploads\/2022\/08\/logo-1.png","contentUrl":"http:\/\/www.celttv.com.ar\/wp-content\/uploads\/2022\/08\/logo-1.png","width":461,"height":159,"caption":"CELTTV"},"image":{"@id":"https:\/\/www.celttv.com.ar\/#\/schema\/logo\/image\/"}},{"@type":"Person","@id":"https:\/\/www.celttv.com.ar\/#\/schema\/person\/495be51d064edd971d8457f8f64eb172","name":"Rodrigo Sgammini","image":{"@type":"ImageObject","inLanguage":"es","@id":"https:\/\/www.celttv.com.ar\/#\/schema\/person\/image\/","url":"https:\/\/secure.gravatar.com\/avatar\/68f7848d42735e7a9276b47cd6e606327d88f521c51ae39d88888b76902e2987?s=96&d=mm&r=g","contentUrl":"https:\/\/secure.gravatar.com\/avatar\/68f7848d42735e7a9276b47cd6e606327d88f521c51ae39d88888b76902e2987?s=96&d=mm&r=g","caption":"Rodrigo Sgammini"}}]}},"_links":{"self":[{"href":"https:\/\/www.celttv.com.ar\/index.php\/wp-json\/wp\/v2\/posts\/70776","targetHints":{"allow":["GET"]}}],"collection":[{"href":"https:\/\/www.celttv.com.ar\/index.php\/wp-json\/wp\/v2\/posts"}],"about":[{"href":"https:\/\/www.celttv.com.ar\/index.php\/wp-json\/wp\/v2\/types\/post"}],"author":[{"embeddable":true,"href":"https:\/\/www.celttv.com.ar\/index.php\/wp-json\/wp\/v2\/users\/3"}],"replies":[{"embeddable":true,"href":"https:\/\/www.celttv.com.ar\/index.php\/wp-json\/wp\/v2\/comments?post=70776"}],"version-history":[{"count":1,"href":"https:\/\/www.celttv.com.ar\/index.php\/wp-json\/wp\/v2\/posts\/70776\/revisions"}],"predecessor-version":[{"id":70778,"href":"https:\/\/www.celttv.com.ar\/index.php\/wp-json\/wp\/v2\/posts\/70776\/revisions\/70778"}],"wp:featuredmedia":[{"embeddable":true,"href":"https:\/\/www.celttv.com.ar\/index.php\/wp-json\/wp\/v2\/media\/70777"}],"wp:attachment":[{"href":"https:\/\/www.celttv.com.ar\/index.php\/wp-json\/wp\/v2\/media?parent=70776"}],"wp:term":[{"taxonomy":"category","embeddable":true,"href":"https:\/\/www.celttv.com.ar\/index.php\/wp-json\/wp\/v2\/categories?post=70776"},{"taxonomy":"post_tag","embeddable":true,"href":"https:\/\/www.celttv.com.ar\/index.php\/wp-json\/wp\/v2\/tags?post=70776"}],"curies":[{"name":"wp","href":"https:\/\/api.w.org\/{rel}","templated":true}]}}