{"id":71149,"date":"2022-11-07T12:21:38","date_gmt":"2022-11-07T15:21:38","guid":{"rendered":"http:\/\/www.celttv.com.ar\/?p=71149"},"modified":"2022-11-07T12:22:25","modified_gmt":"2022-11-07T15:22:25","slug":"tomas-trivellini-campeon-nacional-de-octatlon-en-competencia-realizada-en-cordoba","status":"publish","type":"post","link":"https:\/\/www.celttv.com.ar\/index.php\/2022\/11\/07\/tomas-trivellini-campeon-nacional-de-octatlon-en-competencia-realizada-en-cordoba\/","title":{"rendered":"Tom\u00e1s Trivellini campe\u00f3n nacional de Octatl\u00f3n en competencia realizada en C\u00f3rdoba"},"content":{"rendered":"<p>Este s\u00e1bado 5 y domingo 6 de noviembre se desarroll\u00f3 en la ciudad de C\u00f3rdoba el Campeonato Nacional de Atletismo de la categoria U16, en el cual particip\u00f3 Tom\u00e1s Trivellini, logrando la clasificacion en la disciplina Octatl\u00f3n, tras realizar las marcas m\u00ednimas en 3 oportunidades (marzo, junio y septiembre) y salir 4 veces Campe\u00f3n Provincial en lo que va del a\u00f1o 2022.<\/p>\n<p>Durante la jornada del s\u00e1bado, Tomi particip\u00f3 en 80 mts llanos, salto en largo, lanzamiento de bala y salto en alto, en las cuales mejor\u00f3 sus propios registros personales, cerrando un primer d\u00eda excepcional, ubicandolo en la segunda colocaci\u00f3n nacional, detr\u00e1s del representante entreriano.<\/p>\n<p>En la jornada de domingo, las pruebas a realizar eran 110 mts con vallas, salto con garrocha, lanzamiento de jabalina y 600 mts llanos, de las cuales mejor\u00f3 su registro en 3 de ellas, permitiendole alzarse con la presea dorada superando a su pares oriundos de Entre Rios (2\u00b0) y Buenos Aires (3\u00b0), sumando as\u00ed una medalla m\u00e1s a su vitrina, a las memorias de la Escuela Municipal de Atletismo y a la maravillosa performance que realiz\u00f3 la Provincia de Buenos Aires en este campeonato.<\/p>\n<p>Tomi fue acompa\u00f1ado por los profesores Enrique Cabral y Nicol\u00e1s Cabral, y cont\u00f3 con el apoyo del Municipio de Tornquist para solventar gastos economicos.<\/p>\n<p>Desde la escuelita, felicitamos a Tomi y a los profes por el logro obtenido, y agradecemos la predisposici\u00f3n de la subsecretaria de deportes del distrito para que la participaci\u00f3n en estos torneos importantes, le brinden a los atletas la experiencia necesaria para desarrollar todo su potencial.<\/p>\n<p><img loading=\"lazy\" decoding=\"async\" class=\"alignnone wp-image-71151 size-large\" src=\"http:\/\/www.celttv.com.ar\/wp-content\/uploads\/2022\/11\/008f2f09-9efc-49ae-a9c7-3be9af91bad6-768x1024.jpg\" alt=\"\" width=\"768\" height=\"1024\" srcset=\"https:\/\/www.celttv.com.ar\/wp-content\/uploads\/2022\/11\/008f2f09-9efc-49ae-a9c7-3be9af91bad6-768x1024.jpg 768w, https:\/\/www.celttv.com.ar\/wp-content\/uploads\/2022\/11\/008f2f09-9efc-49ae-a9c7-3be9af91bad6-225x300.jpg 225w, https:\/\/www.celttv.com.ar\/wp-content\/uploads\/2022\/11\/008f2f09-9efc-49ae-a9c7-3be9af91bad6-1152x1536.jpg 1152w, https:\/\/www.celttv.com.ar\/wp-content\/uploads\/2022\/11\/008f2f09-9efc-49ae-a9c7-3be9af91bad6-750x1000.jpg 750w, https:\/\/www.celttv.com.ar\/wp-content\/uploads\/2022\/11\/008f2f09-9efc-49ae-a9c7-3be9af91bad6-1140x1520.jpg 1140w, https:\/\/www.celttv.com.ar\/wp-content\/uploads\/2022\/11\/008f2f09-9efc-49ae-a9c7-3be9af91bad6.jpg 1200w\" sizes=\"auto, (max-width: 768px) 100vw, 768px\" \/> <img loading=\"lazy\" decoding=\"async\" class=\"alignnone wp-image-71152 size-large\" src=\"http:\/\/www.celttv.com.ar\/wp-content\/uploads\/2022\/11\/8a429ab7-5057-4635-b388-c4ae97717f9e-1024x768.jpg\" alt=\"\" width=\"1024\" height=\"768\" srcset=\"https:\/\/www.celttv.com.ar\/wp-content\/uploads\/2022\/11\/8a429ab7-5057-4635-b388-c4ae97717f9e-1024x768.jpg 1024w, https:\/\/www.celttv.com.ar\/wp-content\/uploads\/2022\/11\/8a429ab7-5057-4635-b388-c4ae97717f9e-300x225.jpg 300w, https:\/\/www.celttv.com.ar\/wp-content\/uploads\/2022\/11\/8a429ab7-5057-4635-b388-c4ae97717f9e-768x576.jpg 768w, https:\/\/www.celttv.com.ar\/wp-content\/uploads\/2022\/11\/8a429ab7-5057-4635-b388-c4ae97717f9e-750x563.jpg 750w, https:\/\/www.celttv.com.ar\/wp-content\/uploads\/2022\/11\/8a429ab7-5057-4635-b388-c4ae97717f9e-1140x855.jpg 1140w, https:\/\/www.celttv.com.ar\/wp-content\/uploads\/2022\/11\/8a429ab7-5057-4635-b388-c4ae97717f9e.jpg 1280w\" sizes=\"auto, (max-width: 1024px) 100vw, 1024px\" \/> <img loading=\"lazy\" decoding=\"async\" class=\"alignnone wp-image-71153 size-large\" src=\"http:\/\/www.celttv.com.ar\/wp-content\/uploads\/2022\/11\/c4bdf822-893f-489f-b584-69a059768d96-768x1024.jpg\" alt=\"\" width=\"768\" height=\"1024\" srcset=\"https:\/\/www.celttv.com.ar\/wp-content\/uploads\/2022\/11\/c4bdf822-893f-489f-b584-69a059768d96-768x1024.jpg 768w, https:\/\/www.celttv.com.ar\/wp-content\/uploads\/2022\/11\/c4bdf822-893f-489f-b584-69a059768d96-225x300.jpg 225w, https:\/\/www.celttv.com.ar\/wp-content\/uploads\/2022\/11\/c4bdf822-893f-489f-b584-69a059768d96-750x1000.jpg 750w, https:\/\/www.celttv.com.ar\/wp-content\/uploads\/2022\/11\/c4bdf822-893f-489f-b584-69a059768d96.jpg 960w\" sizes=\"auto, (max-width: 768px) 100vw, 768px\" \/> <img loading=\"lazy\" decoding=\"async\" class=\"alignnone wp-image-71154 size-large\" src=\"http:\/\/www.celttv.com.ar\/wp-content\/uploads\/2022\/11\/ece5cda9-53cc-4ec2-a6ed-33993c7522f5-768x1024.jpg\" alt=\"\" width=\"768\" height=\"1024\" srcset=\"https:\/\/www.celttv.com.ar\/wp-content\/uploads\/2022\/11\/ece5cda9-53cc-4ec2-a6ed-33993c7522f5-768x1024.jpg 768w, https:\/\/www.celttv.com.ar\/wp-content\/uploads\/2022\/11\/ece5cda9-53cc-4ec2-a6ed-33993c7522f5-225x300.jpg 225w, https:\/\/www.celttv.com.ar\/wp-content\/uploads\/2022\/11\/ece5cda9-53cc-4ec2-a6ed-33993c7522f5-750x1000.jpg 750w, https:\/\/www.celttv.com.ar\/wp-content\/uploads\/2022\/11\/ece5cda9-53cc-4ec2-a6ed-33993c7522f5.jpg 960w\" sizes=\"auto, (max-width: 768px) 100vw, 768px\" \/><\/p>\n","protected":false},"excerpt":{"rendered":"<p>Este s\u00e1bado 5 y domingo 6 de noviembre se desarroll\u00f3 en la ciudad de C\u00f3rdoba el Campeonato Nacional de Atletismo de la categoria U16, en el cual particip\u00f3 Tom\u00e1s Trivellini, logrando la clasificacion en la disciplina Octatl\u00f3n, tras realizar las marcas m\u00ednimas en 3 oportunidades (marzo, junio y septiembre) y salir 4 veces Campe\u00f3n Provincial [&hellip;]<\/p>\n","protected":false},"author":3,"featured_media":71156,"comment_status":"closed","ping_status":"closed","sticky":false,"template":"","format":"standard","meta":{"footnotes":""},"categories":[63],"tags":[],"class_list":["post-71149","post","type-post","status-publish","format-standard","has-post-thumbnail","hentry","category-magazine-sport"],"yoast_head":"<!-- This site is optimized with the Yoast SEO plugin v19.7.1 - https:\/\/yoast.com\/wordpress\/plugins\/seo\/ -->\n<title>Tom\u00e1s Trivellini campe\u00f3n nacional de Octatl\u00f3n en competencia realizada en C\u00f3rdoba - CELTTV<\/title>\n<meta name=\"description\" content=\"Sitio web de noticias de la localidad de Tornquist, provincia de Buenos Aires, Rep\u00fablica Argentina. Contenido propio originado por periodistas de CELTTV, el canal de TV local de la Cooperativa El\u00e9ctrica de Tornquist. Turismo, Pol\u00edtica, Sociedad, Deporte, Cultura y todo el contenido de inter\u00e9s general que la gente del pueblo y la regi\u00f3n debe conocer.\" \/>\n<meta name=\"robots\" content=\"index, follow, max-snippet:-1, max-image-preview:large, max-video-preview:-1\" \/>\n<link rel=\"canonical\" href=\"https:\/\/www.celttv.com.ar\/index.php\/2022\/11\/07\/tomas-trivellini-campeon-nacional-de-octatlon-en-competencia-realizada-en-cordoba\/\" \/>\n<meta property=\"og:locale\" content=\"es_ES\" \/>\n<meta property=\"og:type\" content=\"article\" \/>\n<meta property=\"og:title\" content=\"Tom\u00e1s Trivellini campe\u00f3n nacional de Octatl\u00f3n en competencia realizada en C\u00f3rdoba - CELTTV\" \/>\n<meta property=\"og:description\" content=\"Sitio web de noticias de la localidad de Tornquist, provincia de Buenos Aires, Rep\u00fablica Argentina. Contenido propio originado por periodistas de CELTTV, el canal de TV local de la Cooperativa El\u00e9ctrica de Tornquist. Turismo, Pol\u00edtica, Sociedad, Deporte, Cultura y todo el contenido de inter\u00e9s general que la gente del pueblo y la regi\u00f3n debe conocer.\" \/>\n<meta property=\"og:url\" content=\"https:\/\/www.celttv.com.ar\/index.php\/2022\/11\/07\/tomas-trivellini-campeon-nacional-de-octatlon-en-competencia-realizada-en-cordoba\/\" \/>\n<meta property=\"og:site_name\" content=\"CELTTV\" \/>\n<meta property=\"article:publisher\" content=\"https:\/\/www.facebook.com\/celtTV\/\" \/>\n<meta property=\"article:published_time\" content=\"2022-11-07T15:21:38+00:00\" \/>\n<meta property=\"article:modified_time\" content=\"2022-11-07T15:22:25+00:00\" \/>\n<meta property=\"og:image\" content=\"https:\/\/www.celttv.com.ar\/wp-content\/uploads\/2022\/11\/008f2f09-9efc-49ae-a9c7-3be9af91bad6-1.jpg\" \/>\n\t<meta property=\"og:image:width\" content=\"1197\" \/>\n\t<meta property=\"og:image:height\" content=\"981\" \/>\n\t<meta property=\"og:image:type\" content=\"image\/jpeg\" \/>\n<meta name=\"author\" content=\"Rodrigo Sgammini\" \/>\n<meta name=\"twitter:card\" content=\"summary_large_image\" \/>\n<meta name=\"twitter:label1\" content=\"Escrito por\" \/>\n\t<meta name=\"twitter:data1\" content=\"Rodrigo Sgammini\" \/>\n\t<meta name=\"twitter:label2\" content=\"Tiempo de lectura\" \/>\n\t<meta name=\"twitter:data2\" content=\"1 minuto\" \/>\n<script type=\"application\/ld+json\" class=\"yoast-schema-graph\">{\"@context\":\"https:\/\/schema.org\",\"@graph\":[{\"@type\":\"NewsArticle\",\"@id\":\"https:\/\/www.celttv.com.ar\/index.php\/2022\/11\/07\/tomas-trivellini-campeon-nacional-de-octatlon-en-competencia-realizada-en-cordoba\/#article\",\"isPartOf\":{\"@id\":\"https:\/\/www.celttv.com.ar\/index.php\/2022\/11\/07\/tomas-trivellini-campeon-nacional-de-octatlon-en-competencia-realizada-en-cordoba\/\"},\"author\":{\"name\":\"Rodrigo Sgammini\",\"@id\":\"https:\/\/www.celttv.com.ar\/#\/schema\/person\/495be51d064edd971d8457f8f64eb172\"},\"headline\":\"Tom\u00e1s Trivellini campe\u00f3n nacional de Octatl\u00f3n en competencia realizada en C\u00f3rdoba\",\"datePublished\":\"2022-11-07T15:21:38+00:00\",\"dateModified\":\"2022-11-07T15:22:25+00:00\",\"mainEntityOfPage\":{\"@id\":\"https:\/\/www.celttv.com.ar\/index.php\/2022\/11\/07\/tomas-trivellini-campeon-nacional-de-octatlon-en-competencia-realizada-en-cordoba\/\"},\"wordCount\":281,\"publisher\":{\"@id\":\"https:\/\/www.celttv.com.ar\/#organization\"},\"articleSection\":[\"Magazine Sport\"],\"inLanguage\":\"es\"},{\"@type\":\"WebPage\",\"@id\":\"https:\/\/www.celttv.com.ar\/index.php\/2022\/11\/07\/tomas-trivellini-campeon-nacional-de-octatlon-en-competencia-realizada-en-cordoba\/\",\"url\":\"https:\/\/www.celttv.com.ar\/index.php\/2022\/11\/07\/tomas-trivellini-campeon-nacional-de-octatlon-en-competencia-realizada-en-cordoba\/\",\"name\":\"Tom\u00e1s Trivellini campe\u00f3n nacional de Octatl\u00f3n en competencia realizada en C\u00f3rdoba - CELTTV\",\"isPartOf\":{\"@id\":\"https:\/\/www.celttv.com.ar\/#website\"},\"datePublished\":\"2022-11-07T15:21:38+00:00\",\"dateModified\":\"2022-11-07T15:22:25+00:00\",\"description\":\"Sitio web de noticias de la localidad de Tornquist, provincia de Buenos Aires, Rep\u00fablica Argentina. Contenido propio originado por periodistas de CELTTV, el canal de TV local de la Cooperativa El\u00e9ctrica de Tornquist. Turismo, Pol\u00edtica, Sociedad, Deporte, Cultura y todo el contenido de inter\u00e9s general que la gente del pueblo y la regi\u00f3n debe conocer.\",\"breadcrumb\":{\"@id\":\"https:\/\/www.celttv.com.ar\/index.php\/2022\/11\/07\/tomas-trivellini-campeon-nacional-de-octatlon-en-competencia-realizada-en-cordoba\/#breadcrumb\"},\"inLanguage\":\"es\",\"potentialAction\":[{\"@type\":\"ReadAction\",\"target\":[\"https:\/\/www.celttv.com.ar\/index.php\/2022\/11\/07\/tomas-trivellini-campeon-nacional-de-octatlon-en-competencia-realizada-en-cordoba\/\"]}]},{\"@type\":\"BreadcrumbList\",\"@id\":\"https:\/\/www.celttv.com.ar\/index.php\/2022\/11\/07\/tomas-trivellini-campeon-nacional-de-octatlon-en-competencia-realizada-en-cordoba\/#breadcrumb\",\"itemListElement\":[{\"@type\":\"ListItem\",\"position\":1,\"name\":\"Inicio\",\"item\":\"https:\/\/www.celttv.com.ar\/\"},{\"@type\":\"ListItem\",\"position\":2,\"name\":\"Tom\u00e1s Trivellini campe\u00f3n nacional de Octatl\u00f3n en competencia realizada en C\u00f3rdoba\"}]},{\"@type\":\"WebSite\",\"@id\":\"https:\/\/www.celttv.com.ar\/#website\",\"url\":\"https:\/\/www.celttv.com.ar\/\",\"name\":\"CELTTV\",\"description\":\"Cooperativa El\u00e9ctrica de Tornquist\",\"publisher\":{\"@id\":\"https:\/\/www.celttv.com.ar\/#organization\"},\"potentialAction\":[{\"@type\":\"SearchAction\",\"target\":{\"@type\":\"EntryPoint\",\"urlTemplate\":\"https:\/\/www.celttv.com.ar\/?s={search_term_string}\"},\"query-input\":\"required name=search_term_string\"}],\"inLanguage\":\"es\"},{\"@type\":\"Organization\",\"@id\":\"https:\/\/www.celttv.com.ar\/#organization\",\"name\":\"CELTTV\",\"url\":\"https:\/\/www.celttv.com.ar\/\",\"sameAs\":[\"https:\/\/www.youtube.com\/channel\/UCz_oIt8Hig64Ub-EmcNPIhg\",\"https:\/\/www.facebook.com\/celtTV\/\"],\"logo\":{\"@type\":\"ImageObject\",\"inLanguage\":\"es\",\"@id\":\"https:\/\/www.celttv.com.ar\/#\/schema\/logo\/image\/\",\"url\":\"http:\/\/www.celttv.com.ar\/wp-content\/uploads\/2022\/08\/logo-1.png\",\"contentUrl\":\"http:\/\/www.celttv.com.ar\/wp-content\/uploads\/2022\/08\/logo-1.png\",\"width\":461,\"height\":159,\"caption\":\"CELTTV\"},\"image\":{\"@id\":\"https:\/\/www.celttv.com.ar\/#\/schema\/logo\/image\/\"}},{\"@type\":\"Person\",\"@id\":\"https:\/\/www.celttv.com.ar\/#\/schema\/person\/495be51d064edd971d8457f8f64eb172\",\"name\":\"Rodrigo Sgammini\",\"image\":{\"@type\":\"ImageObject\",\"inLanguage\":\"es\",\"@id\":\"https:\/\/www.celttv.com.ar\/#\/schema\/person\/image\/\",\"url\":\"https:\/\/secure.gravatar.com\/avatar\/68f7848d42735e7a9276b47cd6e606327d88f521c51ae39d88888b76902e2987?s=96&d=mm&r=g\",\"contentUrl\":\"https:\/\/secure.gravatar.com\/avatar\/68f7848d42735e7a9276b47cd6e606327d88f521c51ae39d88888b76902e2987?s=96&d=mm&r=g\",\"caption\":\"Rodrigo Sgammini\"}}]}<\/script>\n<!-- \/ Yoast SEO plugin. -->","yoast_head_json":{"title":"Tom\u00e1s Trivellini campe\u00f3n nacional de Octatl\u00f3n en competencia realizada en C\u00f3rdoba - CELTTV","description":"Sitio web de noticias de la localidad de Tornquist, provincia de Buenos Aires, Rep\u00fablica Argentina. Contenido propio originado por periodistas de CELTTV, el canal de TV local de la Cooperativa El\u00e9ctrica de Tornquist. Turismo, Pol\u00edtica, Sociedad, Deporte, Cultura y todo el contenido de inter\u00e9s general que la gente del pueblo y la regi\u00f3n debe conocer.","robots":{"index":"index","follow":"follow","max-snippet":"max-snippet:-1","max-image-preview":"max-image-preview:large","max-video-preview":"max-video-preview:-1"},"canonical":"https:\/\/www.celttv.com.ar\/index.php\/2022\/11\/07\/tomas-trivellini-campeon-nacional-de-octatlon-en-competencia-realizada-en-cordoba\/","og_locale":"es_ES","og_type":"article","og_title":"Tom\u00e1s Trivellini campe\u00f3n nacional de Octatl\u00f3n en competencia realizada en C\u00f3rdoba - CELTTV","og_description":"Sitio web de noticias de la localidad de Tornquist, provincia de Buenos Aires, Rep\u00fablica Argentina. Contenido propio originado por periodistas de CELTTV, el canal de TV local de la Cooperativa El\u00e9ctrica de Tornquist. Turismo, Pol\u00edtica, Sociedad, Deporte, Cultura y todo el contenido de inter\u00e9s general que la gente del pueblo y la regi\u00f3n debe conocer.","og_url":"https:\/\/www.celttv.com.ar\/index.php\/2022\/11\/07\/tomas-trivellini-campeon-nacional-de-octatlon-en-competencia-realizada-en-cordoba\/","og_site_name":"CELTTV","article_publisher":"https:\/\/www.facebook.com\/celtTV\/","article_published_time":"2022-11-07T15:21:38+00:00","article_modified_time":"2022-11-07T15:22:25+00:00","og_image":[{"width":1197,"height":981,"url":"https:\/\/www.celttv.com.ar\/wp-content\/uploads\/2022\/11\/008f2f09-9efc-49ae-a9c7-3be9af91bad6-1.jpg","type":"image\/jpeg"}],"author":"Rodrigo Sgammini","twitter_card":"summary_large_image","twitter_misc":{"Escrito por":"Rodrigo Sgammini","Tiempo de lectura":"1 minuto"},"schema":{"@context":"https:\/\/schema.org","@graph":[{"@type":"NewsArticle","@id":"https:\/\/www.celttv.com.ar\/index.php\/2022\/11\/07\/tomas-trivellini-campeon-nacional-de-octatlon-en-competencia-realizada-en-cordoba\/#article","isPartOf":{"@id":"https:\/\/www.celttv.com.ar\/index.php\/2022\/11\/07\/tomas-trivellini-campeon-nacional-de-octatlon-en-competencia-realizada-en-cordoba\/"},"author":{"name":"Rodrigo Sgammini","@id":"https:\/\/www.celttv.com.ar\/#\/schema\/person\/495be51d064edd971d8457f8f64eb172"},"headline":"Tom\u00e1s Trivellini campe\u00f3n nacional de Octatl\u00f3n en competencia realizada en C\u00f3rdoba","datePublished":"2022-11-07T15:21:38+00:00","dateModified":"2022-11-07T15:22:25+00:00","mainEntityOfPage":{"@id":"https:\/\/www.celttv.com.ar\/index.php\/2022\/11\/07\/tomas-trivellini-campeon-nacional-de-octatlon-en-competencia-realizada-en-cordoba\/"},"wordCount":281,"publisher":{"@id":"https:\/\/www.celttv.com.ar\/#organization"},"articleSection":["Magazine Sport"],"inLanguage":"es"},{"@type":"WebPage","@id":"https:\/\/www.celttv.com.ar\/index.php\/2022\/11\/07\/tomas-trivellini-campeon-nacional-de-octatlon-en-competencia-realizada-en-cordoba\/","url":"https:\/\/www.celttv.com.ar\/index.php\/2022\/11\/07\/tomas-trivellini-campeon-nacional-de-octatlon-en-competencia-realizada-en-cordoba\/","name":"Tom\u00e1s Trivellini campe\u00f3n nacional de Octatl\u00f3n en competencia realizada en C\u00f3rdoba - CELTTV","isPartOf":{"@id":"https:\/\/www.celttv.com.ar\/#website"},"datePublished":"2022-11-07T15:21:38+00:00","dateModified":"2022-11-07T15:22:25+00:00","description":"Sitio web de noticias de la localidad de Tornquist, provincia de Buenos Aires, Rep\u00fablica Argentina. Contenido propio originado por periodistas de CELTTV, el canal de TV local de la Cooperativa El\u00e9ctrica de Tornquist. Turismo, Pol\u00edtica, Sociedad, Deporte, Cultura y todo el contenido de inter\u00e9s general que la gente del pueblo y la regi\u00f3n debe conocer.","breadcrumb":{"@id":"https:\/\/www.celttv.com.ar\/index.php\/2022\/11\/07\/tomas-trivellini-campeon-nacional-de-octatlon-en-competencia-realizada-en-cordoba\/#breadcrumb"},"inLanguage":"es","potentialAction":[{"@type":"ReadAction","target":["https:\/\/www.celttv.com.ar\/index.php\/2022\/11\/07\/tomas-trivellini-campeon-nacional-de-octatlon-en-competencia-realizada-en-cordoba\/"]}]},{"@type":"BreadcrumbList","@id":"https:\/\/www.celttv.com.ar\/index.php\/2022\/11\/07\/tomas-trivellini-campeon-nacional-de-octatlon-en-competencia-realizada-en-cordoba\/#breadcrumb","itemListElement":[{"@type":"ListItem","position":1,"name":"Inicio","item":"https:\/\/www.celttv.com.ar\/"},{"@type":"ListItem","position":2,"name":"Tom\u00e1s Trivellini campe\u00f3n nacional de Octatl\u00f3n en competencia realizada en C\u00f3rdoba"}]},{"@type":"WebSite","@id":"https:\/\/www.celttv.com.ar\/#website","url":"https:\/\/www.celttv.com.ar\/","name":"CELTTV","description":"Cooperativa El\u00e9ctrica de Tornquist","publisher":{"@id":"https:\/\/www.celttv.com.ar\/#organization"},"potentialAction":[{"@type":"SearchAction","target":{"@type":"EntryPoint","urlTemplate":"https:\/\/www.celttv.com.ar\/?s={search_term_string}"},"query-input":"required name=search_term_string"}],"inLanguage":"es"},{"@type":"Organization","@id":"https:\/\/www.celttv.com.ar\/#organization","name":"CELTTV","url":"https:\/\/www.celttv.com.ar\/","sameAs":["https:\/\/www.youtube.com\/channel\/UCz_oIt8Hig64Ub-EmcNPIhg","https:\/\/www.facebook.com\/celtTV\/"],"logo":{"@type":"ImageObject","inLanguage":"es","@id":"https:\/\/www.celttv.com.ar\/#\/schema\/logo\/image\/","url":"http:\/\/www.celttv.com.ar\/wp-content\/uploads\/2022\/08\/logo-1.png","contentUrl":"http:\/\/www.celttv.com.ar\/wp-content\/uploads\/2022\/08\/logo-1.png","width":461,"height":159,"caption":"CELTTV"},"image":{"@id":"https:\/\/www.celttv.com.ar\/#\/schema\/logo\/image\/"}},{"@type":"Person","@id":"https:\/\/www.celttv.com.ar\/#\/schema\/person\/495be51d064edd971d8457f8f64eb172","name":"Rodrigo Sgammini","image":{"@type":"ImageObject","inLanguage":"es","@id":"https:\/\/www.celttv.com.ar\/#\/schema\/person\/image\/","url":"https:\/\/secure.gravatar.com\/avatar\/68f7848d42735e7a9276b47cd6e606327d88f521c51ae39d88888b76902e2987?s=96&d=mm&r=g","contentUrl":"https:\/\/secure.gravatar.com\/avatar\/68f7848d42735e7a9276b47cd6e606327d88f521c51ae39d88888b76902e2987?s=96&d=mm&r=g","caption":"Rodrigo Sgammini"}}]}},"_links":{"self":[{"href":"https:\/\/www.celttv.com.ar\/index.php\/wp-json\/wp\/v2\/posts\/71149","targetHints":{"allow":["GET"]}}],"collection":[{"href":"https:\/\/www.celttv.com.ar\/index.php\/wp-json\/wp\/v2\/posts"}],"about":[{"href":"https:\/\/www.celttv.com.ar\/index.php\/wp-json\/wp\/v2\/types\/post"}],"author":[{"embeddable":true,"href":"https:\/\/www.celttv.com.ar\/index.php\/wp-json\/wp\/v2\/users\/3"}],"replies":[{"embeddable":true,"href":"https:\/\/www.celttv.com.ar\/index.php\/wp-json\/wp\/v2\/comments?post=71149"}],"version-history":[{"count":1,"href":"https:\/\/www.celttv.com.ar\/index.php\/wp-json\/wp\/v2\/posts\/71149\/revisions"}],"predecessor-version":[{"id":71155,"href":"https:\/\/www.celttv.com.ar\/index.php\/wp-json\/wp\/v2\/posts\/71149\/revisions\/71155"}],"wp:featuredmedia":[{"embeddable":true,"href":"https:\/\/www.celttv.com.ar\/index.php\/wp-json\/wp\/v2\/media\/71156"}],"wp:attachment":[{"href":"https:\/\/www.celttv.com.ar\/index.php\/wp-json\/wp\/v2\/media?parent=71149"}],"wp:term":[{"taxonomy":"category","embeddable":true,"href":"https:\/\/www.celttv.com.ar\/index.php\/wp-json\/wp\/v2\/categories?post=71149"},{"taxonomy":"post_tag","embeddable":true,"href":"https:\/\/www.celttv.com.ar\/index.php\/wp-json\/wp\/v2\/tags?post=71149"}],"curies":[{"name":"wp","href":"https:\/\/api.w.org\/{rel}","templated":true}]}}